{"id":12673,"date":"2021-09-16T20:38:46","date_gmt":"2021-09-16T16:38:46","guid":{"rendered":"https:\/\/ictimai.az\/?p=12673"},"modified":"2021-09-18T00:14:50","modified_gmt":"2021-09-17T20:14:50","slug":"musteqilliyinin-30-ilinde-azerbaycan-turkiye-elaqeleri-ve-beynelxalq-munasibetler-movzusunda-beynelxalq-simpozium-davam-ed","status":"publish","type":"post","link":"https:\/\/ictimai.az\/?p=12673","title":{"rendered":"\u201cM\u00fcst\u0259qilliyinin 30 ilind\u0259 Az\u0259rbaycan-T\u00fcrkiy\u0259 \u0259laq\u0259l\u0259ri v\u0259 beyn\u0259lxalq m\u00fcnasib\u0259tl\u0259r\u201d m\u00f6vzusunda beyn\u0259lxalq simpozium davam edir"},"content":{"rendered":"<p>AMEA-n\u0131n Tarix \u0130nstitutu, T\u00fcrkiy\u0259nin Atat\u00fcrk K\u00fclt\u00fcr, Dil v\u0259 Tarix Y\u00fcks\u0259k Qurumu v\u0259 Atat\u00fcrk Ara\u015fd\u0131rma M\u0259rk\u0259zinin A\u011fdam \u0130cra Hakimiyy\u0259ti il\u0259 birg\u0259 t\u0259\u015fkilat\u00e7\u0131l\u0131\u011f\u0131 il\u0259 Az\u0259rbaycan\u0131n Erm\u0259nistan \u00fcz\u0259rind\u0259 z\u0259f\u0259ri v\u0259 d\u00f6vl\u0259t m\u00fcst\u0259qilliyinin b\u0259rpas\u0131 il\u0259 \u0259laq\u0259dar olaraq \u201cM\u00fcst\u0259qilliyinin 30 ilind\u0259 Az\u0259rbaycan-T\u00fcrkiy\u0259 \u0259laq\u0259l\u0259ri v\u0259 beyn\u0259lxalq m\u00fcnasib\u0259tl\u0259r\u201d m\u00f6vzusunda beyn\u0259lxalq simpozium davam edir.<br \/>\nTarix \u0130nstitutunun ictimaiyy\u0259tl\u0259 \u0259laq\u0259l\u0259r \u015f\u00f6b\u0259sind\u0259n AZ\u018fRTAC-a bildirilib ki, simpoziumun ikinci g\u00fcn\u00fc A\u011fdamda Heyd\u0259r \u018fliyev M\u0259rk\u0259zind\u0259 ke\u00e7irilib.<br \/>\nT\u0259dbird\u0259n \u0259vv\u0259l simpozium i\u015ftirak\u00e7\u0131lar\u0131 A\u011fdamda \u00fcmummilli lider Heyd\u0259r \u018fliyevin abid\u0259sini ziyar\u0259t ed\u0259r\u0259k, \u00f6n\u00fcn\u0259 g\u00fcl d\u0259st\u0259si qoyublar, xatir\u0259sini ehtiramla yad edibl\u0259r.<br \/>\nSimpoziumun birinci panelind\u0259 i\u015ftirak\u00e7\u0131lar M\u00fcz\u0259ff\u0259r Ali Ba\u015f Komandan, Prezident \u0130lham \u018fliyevin r\u0259hb\u0259rliyi il\u0259 44 g\u00fcn davam ed\u0259n v\u0259 Az\u0259rbaycan\u0131n q\u0259l\u0259b\u0259si il\u0259 ba\u015fa \u00e7atan V\u0259t\u0259n m\u00fcharib\u0259sind\u0259n b\u0259hs edilib. T\u0259dbir zaman\u0131 Az\u0259rbaycan-T\u00fcrkiy\u0259 qarda\u015fl\u0131\u011f\u0131ndan da s\u00f6z a\u00e7\u0131l\u0131b. Bildirilib ki, \u0259z\u0259ld\u0259n oldu\u011fu kimi, Az\u0259rbaycan 44 g\u00fcnl\u00fck \u0130kinci Qaraba\u011f m\u00fcharib\u0259si zaman\u0131 da qarda\u015f \u00f6lk\u0259nin d\u0259st\u0259yini hiss edib. Bundan ba\u015fqa, Az\u0259rbaycan v\u0259 T\u00fcrkiy\u0259 prezidentl\u0259rinin birg\u0259 imzalad\u0131\u011f\u0131 \u015eu\u015fa B\u0259yannam\u0259sinin vacibliyind\u0259n d\u0259 s\u00f6z a\u00e7\u0131l\u0131b. Bildirilib ki, Az\u0259rbaycan-T\u00fcrkiy\u0259 qarda\u015fl\u0131\u011f\u0131 \u0259b\u0259didir, d\u00f6nm\u0259zdir.<br \/>\nSimpoziumun ikinci v\u0259 \u00fc\u00e7\u00fcnc\u00fc panelind\u0259 Az\u0259rbaycan v\u0259 T\u00fcrkiy\u0259 tarix\u00e7il\u0259ri \u00e7\u0131x\u0131\u015f edibl\u0259r. T\u0259dbirin sonunda A\u011fdam Musiqi Kollecinin t\u0259l\u0259b\u0259l\u0259rinin i\u015ftirak\u0131 il\u0259 konsert proqram\u0131 t\u0259\u015fkil olunub.<br \/>\nQeyd ed\u0259k ki, simpoziumda Atat\u00fcrk K\u00fclt\u00fcr, Dil v\u0259 Tarix Y\u00fcks\u0259k Qurumu v\u0259 Atat\u00fcrk Ara\u015fd\u0131rma M\u0259rk\u0259zinin r\u0259hb\u0259rl\u0259ri d\u0259 daxil olmaqla T\u00fcrkiy\u0259 v\u0259 Az\u0259rbaycandan 30-dan \u00e7ox tarix\u00e7i-alim i\u015ftirak edir.<\/p>\n","protected":false},"excerpt":{"rendered":"<p>AMEA-n\u0131n Tarix \u0130nstitutu, T\u00fcrkiy\u0259nin Atat\u00fcrk K\u00fclt\u00fcr, Dil v\u0259 Tarix Y\u00fcks\u0259k Qurumu v\u0259 Atat\u00fcrk Ara\u015fd\u0131rma M\u0259rk\u0259zinin A\u011fdam \u0130cra Hakimiyy\u0259ti il\u0259 birg\u0259 t\u0259\u015fkilat\u00e7\u0131l\u0131\u011f\u0131 il\u0259 Az\u0259rbaycan\u0131n Erm\u0259nistan \u00fcz\u0259rind\u0259 z\u0259f\u0259ri v\u0259 d\u00f6vl\u0259t m\u00fcst\u0259qilliyinin b\u0259rpas\u0131 il\u0259 \u0259laq\u0259dar olaraq \u201cM\u00fcst\u0259qilliyinin 30 ilind\u0259 Az\u0259rbaycan-T\u00fcrkiy\u0259 \u0259laq\u0259l\u0259ri v\u0259 beyn\u0259lxalq m\u00fcnasib\u0259tl\u0259r\u201d m\u00f6vzusunda beyn\u0259lxalq simpozium davam edir. Tarix \u0130nstitutunun ictimaiyy\u0259tl\u0259 \u0259laq\u0259l\u0259r \u015f\u00f6b\u0259sind\u0259n AZ\u018fRTAC-a bildirilib ki, simpoziumun [&hellip;]<\/p>\n","protected":false},"author":2,"featured_media":12674,"comment_status":"closed","ping_status":"closed","sticky":false,"template":"","format":"standard","meta":{"footnotes":""},"categories":[54],"tags":[],"class_list":["post-12673","post","type-post","status-publish","format-standard","has-post-thumbnail","hentry","category-education"],"yoast_head":"<!-- This site is optimized with the Yoast SEO plugin v28.2 - https:\/\/yoast.com\/product\/yoast-seo-wordpress\/ -->\n<title>\u201cM\u00fcst\u0259qilliyinin 30 ilind\u0259 Az\u0259rbaycan-T\u00fcrkiy\u0259 \u0259laq\u0259l\u0259ri v\u0259 beyn\u0259lxalq m\u00fcnasib\u0259tl\u0259r\u201d m\u00f6vzusunda beyn\u0259lxalq simpozium davam edir - \u0130CT\u0130MA\u0130.AZ<\/title>\n<meta name=\"robots\" content=\"index, follow, max-snippet:-1, max-image-preview:large, max-video-preview:-1\" \/>\n<link rel=\"canonical\" href=\"https:\/\/ictimai.az\/?p=12673\" \/>\n<meta property=\"og:locale\" content=\"az_AZ\" \/>\n<meta property=\"og:type\" content=\"article\" \/>\n<meta property=\"og:title\" content=\"\u201cM\u00fcst\u0259qilliyinin 30 ilind\u0259 Az\u0259rbaycan-T\u00fcrkiy\u0259 \u0259laq\u0259l\u0259ri v\u0259 beyn\u0259lxalq m\u00fcnasib\u0259tl\u0259r\u201d m\u00f6vzusunda beyn\u0259lxalq simpozium davam edir - \u0130CT\u0130MA\u0130.AZ\" \/>\n<meta property=\"og:description\" content=\"AMEA-n\u0131n Tarix \u0130nstitutu, T\u00fcrkiy\u0259nin Atat\u00fcrk K\u00fclt\u00fcr, Dil v\u0259 Tarix Y\u00fcks\u0259k Qurumu v\u0259 Atat\u00fcrk Ara\u015fd\u0131rma M\u0259rk\u0259zinin A\u011fdam \u0130cra Hakimiyy\u0259ti il\u0259 birg\u0259 t\u0259\u015fkilat\u00e7\u0131l\u0131\u011f\u0131 il\u0259 Az\u0259rbaycan\u0131n Erm\u0259nistan \u00fcz\u0259rind\u0259 z\u0259f\u0259ri v\u0259 d\u00f6vl\u0259t m\u00fcst\u0259qilliyinin b\u0259rpas\u0131 il\u0259 \u0259laq\u0259dar olaraq \u201cM\u00fcst\u0259qilliyinin 30 ilind\u0259 Az\u0259rbaycan-T\u00fcrkiy\u0259 \u0259laq\u0259l\u0259ri v\u0259 beyn\u0259lxalq m\u00fcnasib\u0259tl\u0259r\u201d m\u00f6vzusunda beyn\u0259lxalq simpozium davam edir. Tarix \u0130nstitutunun ictimaiyy\u0259tl\u0259 \u0259laq\u0259l\u0259r \u015f\u00f6b\u0259sind\u0259n AZ\u018fRTAC-a bildirilib ki, simpoziumun [&hellip;]\" \/>\n<meta property=\"og:url\" content=\"https:\/\/ictimai.az\/?p=12673\" \/>\n<meta property=\"og:site_name\" content=\"\u0130CT\u0130MA\u0130.AZ\" \/>\n<meta property=\"article:published_time\" content=\"2021-09-16T16:38:46+00:00\" \/>\n<meta property=\"article:modified_time\" content=\"2021-09-17T20:14:50+00:00\" \/>\n<meta property=\"og:image\" content=\"https:\/\/ictimai.az\/core\/uploads\/2021\/09\/ictimai_40eefa2de53c47bb97fe27f975b7a3af_zgw156e70obiy8ml2sp4.jpg\" \/>\n\t<meta property=\"og:image:width\" content=\"367\" \/>\n\t<meta property=\"og:image:height\" content=\"250\" \/>\n\t<meta property=\"og:image:type\" content=\"image\/jpeg\" \/>\n<meta name=\"author\" content=\"R\u0259\u015fad Bayramov\" \/>\n<meta name=\"twitter:card\" content=\"summary_large_image\" \/>\n<meta name=\"twitter:label1\" content=\"Written by\" \/>\n\t<meta name=\"twitter:data1\" content=\"R\u0259\u015fad Bayramov\" \/>\n\t<meta name=\"twitter:label2\" content=\"Est. reading time\" \/>\n\t<meta name=\"twitter:data2\" content=\"2 minutes\" \/>\n<script type=\"application\/ld+json\" class=\"yoast-schema-graph\">{\"@context\":\"https:\\\/\\\/schema.org\",\"@graph\":[{\"@type\":\"Article\",\"@id\":\"https:\\\/\\\/ictimai.az\\\/?p=12673#article\",\"isPartOf\":{\"@id\":\"https:\\\/\\\/ictimai.az\\\/?p=12673\"},\"author\":{\"name\":\"R\u0259\u015fad Bayramov\",\"@id\":\"https:\\\/\\\/ictimai.az\\\/#\\\/schema\\\/person\\\/1da94bf2c7ab5d83ad349237bec1e6af\"},\"headline\":\"\u201cM\u00fcst\u0259qilliyinin 30 ilind\u0259 Az\u0259rbaycan-T\u00fcrkiy\u0259 \u0259laq\u0259l\u0259ri v\u0259 beyn\u0259lxalq m\u00fcnasib\u0259tl\u0259r\u201d m\u00f6vzusunda beyn\u0259lxalq simpozium davam edir\",\"datePublished\":\"2021-09-16T16:38:46+00:00\",\"dateModified\":\"2021-09-17T20:14:50+00:00\",\"mainEntityOfPage\":{\"@id\":\"https:\\\/\\\/ictimai.az\\\/?p=12673\"},\"wordCount\":383,\"publisher\":{\"@id\":\"https:\\\/\\\/ictimai.az\\\/#organization\"},\"image\":{\"@id\":\"https:\\\/\\\/ictimai.az\\\/?p=12673#primaryimage\"},\"thumbnailUrl\":\"https:\\\/\\\/ictimai.az\\\/core\\\/uploads\\\/2021\\\/09\\\/ictimai_40eefa2de53c47bb97fe27f975b7a3af_zgw156e70obiy8ml2sp4.jpg\",\"articleSection\":[\"T\u0259hsil\"],\"inLanguage\":\"az\"},{\"@type\":\"WebPage\",\"@id\":\"https:\\\/\\\/ictimai.az\\\/?p=12673\",\"url\":\"https:\\\/\\\/ictimai.az\\\/?p=12673\",\"name\":\"\u201cM\u00fcst\u0259qilliyinin 30 ilind\u0259 Az\u0259rbaycan-T\u00fcrkiy\u0259 \u0259laq\u0259l\u0259ri v\u0259 beyn\u0259lxalq m\u00fcnasib\u0259tl\u0259r\u201d m\u00f6vzusunda beyn\u0259lxalq simpozium davam edir - \u0130CT\u0130MA\u0130.AZ\",\"isPartOf\":{\"@id\":\"https:\\\/\\\/ictimai.az\\\/#website\"},\"primaryImageOfPage\":{\"@id\":\"https:\\\/\\\/ictimai.az\\\/?p=12673#primaryimage\"},\"image\":{\"@id\":\"https:\\\/\\\/ictimai.az\\\/?p=12673#primaryimage\"},\"thumbnailUrl\":\"https:\\\/\\\/ictimai.az\\\/core\\\/uploads\\\/2021\\\/09\\\/ictimai_40eefa2de53c47bb97fe27f975b7a3af_zgw156e70obiy8ml2sp4.jpg\",\"datePublished\":\"2021-09-16T16:38:46+00:00\",\"dateModified\":\"2021-09-17T20:14:50+00:00\",\"breadcrumb\":{\"@id\":\"https:\\\/\\\/ictimai.az\\\/?p=12673#breadcrumb\"},\"inLanguage\":\"az\",\"potentialAction\":[{\"@type\":\"ReadAction\",\"target\":[\"https:\\\/\\\/ictimai.az\\\/?p=12673\"]}]},{\"@type\":\"ImageObject\",\"inLanguage\":\"az\",\"@id\":\"https:\\\/\\\/ictimai.az\\\/?p=12673#primaryimage\",\"url\":\"https:\\\/\\\/ictimai.az\\\/core\\\/uploads\\\/2021\\\/09\\\/ictimai_40eefa2de53c47bb97fe27f975b7a3af_zgw156e70obiy8ml2sp4.jpg\",\"contentUrl\":\"https:\\\/\\\/ictimai.az\\\/core\\\/uploads\\\/2021\\\/09\\\/ictimai_40eefa2de53c47bb97fe27f975b7a3af_zgw156e70obiy8ml2sp4.jpg\",\"width\":367,\"height\":250},{\"@type\":\"BreadcrumbList\",\"@id\":\"https:\\\/\\\/ictimai.az\\\/?p=12673#breadcrumb\",\"itemListElement\":[{\"@type\":\"ListItem\",\"position\":1,\"name\":\"Home\",\"item\":\"https:\\\/\\\/ictimai.az\\\/\"},{\"@type\":\"ListItem\",\"position\":2,\"name\":\"\u201cM\u00fcst\u0259qilliyinin 30 ilind\u0259 Az\u0259rbaycan-T\u00fcrkiy\u0259 \u0259laq\u0259l\u0259ri v\u0259 beyn\u0259lxalq m\u00fcnasib\u0259tl\u0259r\u201d m\u00f6vzusunda beyn\u0259lxalq simpozium davam edir\"}]},{\"@type\":\"WebSite\",\"@id\":\"https:\\\/\\\/ictimai.az\\\/#website\",\"url\":\"https:\\\/\\\/ictimai.az\\\/\",\"name\":\"\u0130CT\u0130MA\u0130.AZ\",\"description\":\"\",\"publisher\":{\"@id\":\"https:\\\/\\\/ictimai.az\\\/#organization\"},\"potentialAction\":[{\"@type\":\"SearchAction\",\"target\":{\"@type\":\"EntryPoint\",\"urlTemplate\":\"https:\\\/\\\/ictimai.az\\\/?s={search_term_string}\"},\"query-input\":{\"@type\":\"PropertyValueSpecification\",\"valueRequired\":true,\"valueName\":\"search_term_string\"}}],\"inLanguage\":\"az\"},{\"@type\":\"Organization\",\"@id\":\"https:\\\/\\\/ictimai.az\\\/#organization\",\"name\":\"\u0130CT\u0130MA\u0130.AZ\",\"url\":\"https:\\\/\\\/ictimai.az\\\/\",\"logo\":{\"@type\":\"ImageObject\",\"inLanguage\":\"az\",\"@id\":\"https:\\\/\\\/ictimai.az\\\/#\\\/schema\\\/logo\\\/image\\\/\",\"url\":\"https:\\\/\\\/ictimai.az\\\/core\\\/uploads\\\/2026\\\/06\\\/cropped-ictimai_0380d81099c6fe3baae753faceb5481f_p41rg2mzq0uyvextfh3k-768x768-1-3.png\",\"contentUrl\":\"https:\\\/\\\/ictimai.az\\\/core\\\/uploads\\\/2026\\\/06\\\/cropped-ictimai_0380d81099c6fe3baae753faceb5481f_p41rg2mzq0uyvextfh3k-768x768-1-3.png\",\"width\":768,\"height\":768,\"caption\":\"\u0130CT\u0130MA\u0130.AZ\"},\"image\":{\"@id\":\"https:\\\/\\\/ictimai.az\\\/#\\\/schema\\\/logo\\\/image\\\/\"}},{\"@type\":\"Person\",\"@id\":\"https:\\\/\\\/ictimai.az\\\/#\\\/schema\\\/person\\\/1da94bf2c7ab5d83ad349237bec1e6af\",\"name\":\"R\u0259\u015fad Bayramov\",\"image\":{\"@type\":\"ImageObject\",\"inLanguage\":\"az\",\"@id\":\"https:\\\/\\\/secure.gravatar.com\\\/avatar\\\/83c075605ba0a4d35d59726aaad89cfa8008d1f01603342c56f1dd79784491bc?s=96&d=mm&r=g\",\"url\":\"https:\\\/\\\/secure.gravatar.com\\\/avatar\\\/83c075605ba0a4d35d59726aaad89cfa8008d1f01603342c56f1dd79784491bc?s=96&d=mm&r=g\",\"contentUrl\":\"https:\\\/\\\/secure.gravatar.com\\\/avatar\\\/83c075605ba0a4d35d59726aaad89cfa8008d1f01603342c56f1dd79784491bc?s=96&d=mm&r=g\",\"caption\":\"R\u0259\u015fad Bayramov\"},\"sameAs\":[\"https:\\\/\\\/ictimai.az\\\/\"],\"url\":\"https:\\\/\\\/ictimai.az\\\/?author=2\"}]}<\/script>\n<!-- \/ Yoast SEO plugin. -->","yoast_head_json":{"title":"\u201cM\u00fcst\u0259qilliyinin 30 ilind\u0259 Az\u0259rbaycan-T\u00fcrkiy\u0259 \u0259laq\u0259l\u0259ri v\u0259 beyn\u0259lxalq m\u00fcnasib\u0259tl\u0259r\u201d m\u00f6vzusunda beyn\u0259lxalq simpozium davam edir - \u0130CT\u0130MA\u0130.AZ","robots":{"index":"index","follow":"follow","max-snippet":"max-snippet:-1","max-image-preview":"max-image-preview:large","max-video-preview":"max-video-preview:-1"},"canonical":"https:\/\/ictimai.az\/?p=12673","og_locale":"az_AZ","og_type":"article","og_title":"\u201cM\u00fcst\u0259qilliyinin 30 ilind\u0259 Az\u0259rbaycan-T\u00fcrkiy\u0259 \u0259laq\u0259l\u0259ri v\u0259 beyn\u0259lxalq m\u00fcnasib\u0259tl\u0259r\u201d m\u00f6vzusunda beyn\u0259lxalq simpozium davam edir - \u0130CT\u0130MA\u0130.AZ","og_description":"AMEA-n\u0131n Tarix \u0130nstitutu, T\u00fcrkiy\u0259nin Atat\u00fcrk K\u00fclt\u00fcr, Dil v\u0259 Tarix Y\u00fcks\u0259k Qurumu v\u0259 Atat\u00fcrk Ara\u015fd\u0131rma M\u0259rk\u0259zinin A\u011fdam \u0130cra Hakimiyy\u0259ti il\u0259 birg\u0259 t\u0259\u015fkilat\u00e7\u0131l\u0131\u011f\u0131 il\u0259 Az\u0259rbaycan\u0131n Erm\u0259nistan \u00fcz\u0259rind\u0259 z\u0259f\u0259ri v\u0259 d\u00f6vl\u0259t m\u00fcst\u0259qilliyinin b\u0259rpas\u0131 il\u0259 \u0259laq\u0259dar olaraq \u201cM\u00fcst\u0259qilliyinin 30 ilind\u0259 Az\u0259rbaycan-T\u00fcrkiy\u0259 \u0259laq\u0259l\u0259ri v\u0259 beyn\u0259lxalq m\u00fcnasib\u0259tl\u0259r\u201d m\u00f6vzusunda beyn\u0259lxalq simpozium davam edir. Tarix \u0130nstitutunun ictimaiyy\u0259tl\u0259 \u0259laq\u0259l\u0259r \u015f\u00f6b\u0259sind\u0259n AZ\u018fRTAC-a bildirilib ki, simpoziumun [&hellip;]","og_url":"https:\/\/ictimai.az\/?p=12673","og_site_name":"\u0130CT\u0130MA\u0130.AZ","article_published_time":"2021-09-16T16:38:46+00:00","article_modified_time":"2021-09-17T20:14:50+00:00","og_image":[{"width":367,"height":250,"url":"https:\/\/ictimai.az\/core\/uploads\/2021\/09\/ictimai_40eefa2de53c47bb97fe27f975b7a3af_zgw156e70obiy8ml2sp4.jpg","type":"image\/jpeg"}],"author":"R\u0259\u015fad Bayramov","twitter_card":"summary_large_image","twitter_misc":{"Written by":"R\u0259\u015fad Bayramov","Est. reading time":"2 minutes"},"schema":{"@context":"https:\/\/schema.org","@graph":[{"@type":"Article","@id":"https:\/\/ictimai.az\/?p=12673#article","isPartOf":{"@id":"https:\/\/ictimai.az\/?p=12673"},"author":{"name":"R\u0259\u015fad Bayramov","@id":"https:\/\/ictimai.az\/#\/schema\/person\/1da94bf2c7ab5d83ad349237bec1e6af"},"headline":"\u201cM\u00fcst\u0259qilliyinin 30 ilind\u0259 Az\u0259rbaycan-T\u00fcrkiy\u0259 \u0259laq\u0259l\u0259ri v\u0259 beyn\u0259lxalq m\u00fcnasib\u0259tl\u0259r\u201d m\u00f6vzusunda beyn\u0259lxalq simpozium davam edir","datePublished":"2021-09-16T16:38:46+00:00","dateModified":"2021-09-17T20:14:50+00:00","mainEntityOfPage":{"@id":"https:\/\/ictimai.az\/?p=12673"},"wordCount":383,"publisher":{"@id":"https:\/\/ictimai.az\/#organization"},"image":{"@id":"https:\/\/ictimai.az\/?p=12673#primaryimage"},"thumbnailUrl":"https:\/\/ictimai.az\/core\/uploads\/2021\/09\/ictimai_40eefa2de53c47bb97fe27f975b7a3af_zgw156e70obiy8ml2sp4.jpg","articleSection":["T\u0259hsil"],"inLanguage":"az"},{"@type":"WebPage","@id":"https:\/\/ictimai.az\/?p=12673","url":"https:\/\/ictimai.az\/?p=12673","name":"\u201cM\u00fcst\u0259qilliyinin 30 ilind\u0259 Az\u0259rbaycan-T\u00fcrkiy\u0259 \u0259laq\u0259l\u0259ri v\u0259 beyn\u0259lxalq m\u00fcnasib\u0259tl\u0259r\u201d m\u00f6vzusunda beyn\u0259lxalq simpozium davam edir - \u0130CT\u0130MA\u0130.AZ","isPartOf":{"@id":"https:\/\/ictimai.az\/#website"},"primaryImageOfPage":{"@id":"https:\/\/ictimai.az\/?p=12673#primaryimage"},"image":{"@id":"https:\/\/ictimai.az\/?p=12673#primaryimage"},"thumbnailUrl":"https:\/\/ictimai.az\/core\/uploads\/2021\/09\/ictimai_40eefa2de53c47bb97fe27f975b7a3af_zgw156e70obiy8ml2sp4.jpg","datePublished":"2021-09-16T16:38:46+00:00","dateModified":"2021-09-17T20:14:50+00:00","breadcrumb":{"@id":"https:\/\/ictimai.az\/?p=12673#breadcrumb"},"inLanguage":"az","potentialAction":[{"@type":"ReadAction","target":["https:\/\/ictimai.az\/?p=12673"]}]},{"@type":"ImageObject","inLanguage":"az","@id":"https:\/\/ictimai.az\/?p=12673#primaryimage","url":"https:\/\/ictimai.az\/core\/uploads\/2021\/09\/ictimai_40eefa2de53c47bb97fe27f975b7a3af_zgw156e70obiy8ml2sp4.jpg","contentUrl":"https:\/\/ictimai.az\/core\/uploads\/2021\/09\/ictimai_40eefa2de53c47bb97fe27f975b7a3af_zgw156e70obiy8ml2sp4.jpg","width":367,"height":250},{"@type":"BreadcrumbList","@id":"https:\/\/ictimai.az\/?p=12673#breadcrumb","itemListElement":[{"@type":"ListItem","position":1,"name":"Home","item":"https:\/\/ictimai.az\/"},{"@type":"ListItem","position":2,"name":"\u201cM\u00fcst\u0259qilliyinin 30 ilind\u0259 Az\u0259rbaycan-T\u00fcrkiy\u0259 \u0259laq\u0259l\u0259ri v\u0259 beyn\u0259lxalq m\u00fcnasib\u0259tl\u0259r\u201d m\u00f6vzusunda beyn\u0259lxalq simpozium davam edir"}]},{"@type":"WebSite","@id":"https:\/\/ictimai.az\/#website","url":"https:\/\/ictimai.az\/","name":"\u0130CT\u0130MA\u0130.AZ","description":"","publisher":{"@id":"https:\/\/ictimai.az\/#organization"},"potentialAction":[{"@type":"SearchAction","target":{"@type":"EntryPoint","urlTemplate":"https:\/\/ictimai.az\/?s={search_term_string}"},"query-input":{"@type":"PropertyValueSpecification","valueRequired":true,"valueName":"search_term_string"}}],"inLanguage":"az"},{"@type":"Organization","@id":"https:\/\/ictimai.az\/#organization","name":"\u0130CT\u0130MA\u0130.AZ","url":"https:\/\/ictimai.az\/","logo":{"@type":"ImageObject","inLanguage":"az","@id":"https:\/\/ictimai.az\/#\/schema\/logo\/image\/","url":"https:\/\/ictimai.az\/core\/uploads\/2026\/06\/cropped-ictimai_0380d81099c6fe3baae753faceb5481f_p41rg2mzq0uyvextfh3k-768x768-1-3.png","contentUrl":"https:\/\/ictimai.az\/core\/uploads\/2026\/06\/cropped-ictimai_0380d81099c6fe3baae753faceb5481f_p41rg2mzq0uyvextfh3k-768x768-1-3.png","width":768,"height":768,"caption":"\u0130CT\u0130MA\u0130.AZ"},"image":{"@id":"https:\/\/ictimai.az\/#\/schema\/logo\/image\/"}},{"@type":"Person","@id":"https:\/\/ictimai.az\/#\/schema\/person\/1da94bf2c7ab5d83ad349237bec1e6af","name":"R\u0259\u015fad Bayramov","image":{"@type":"ImageObject","inLanguage":"az","@id":"https:\/\/secure.gravatar.com\/avatar\/83c075605ba0a4d35d59726aaad89cfa8008d1f01603342c56f1dd79784491bc?s=96&d=mm&r=g","url":"https:\/\/secure.gravatar.com\/avatar\/83c075605ba0a4d35d59726aaad89cfa8008d1f01603342c56f1dd79784491bc?s=96&d=mm&r=g","contentUrl":"https:\/\/secure.gravatar.com\/avatar\/83c075605ba0a4d35d59726aaad89cfa8008d1f01603342c56f1dd79784491bc?s=96&d=mm&r=g","caption":"R\u0259\u015fad Bayramov"},"sameAs":["https:\/\/ictimai.az\/"],"url":"https:\/\/ictimai.az\/?author=2"}]}},"_links":{"self":[{"href":"https:\/\/ictimai.az\/index.php?rest_route=\/wp\/v2\/posts\/12673","targetHints":{"allow":["GET"]}}],"collection":[{"href":"https:\/\/ictimai.az\/index.php?rest_route=\/wp\/v2\/posts"}],"about":[{"href":"https:\/\/ictimai.az\/index.php?rest_route=\/wp\/v2\/types\/post"}],"author":[{"embeddable":true,"href":"https:\/\/ictimai.az\/index.php?rest_route=\/wp\/v2\/users\/2"}],"replies":[{"embeddable":true,"href":"https:\/\/ictimai.az\/index.php?rest_route=%2Fwp%2Fv2%2Fcomments&post=12673"}],"version-history":[{"count":0,"href":"https:\/\/ictimai.az\/index.php?rest_route=\/wp\/v2\/posts\/12673\/revisions"}],"wp:featuredmedia":[{"embeddable":true,"href":"https:\/\/ictimai.az\/index.php?rest_route=\/wp\/v2\/media\/12674"}],"wp:attachment":[{"href":"https:\/\/ictimai.az\/index.php?rest_route=%2Fwp%2Fv2%2Fmedia&parent=12673"}],"wp:term":[{"taxonomy":"category","embeddable":true,"href":"https:\/\/ictimai.az\/index.php?rest_route=%2Fwp%2Fv2%2Fcategories&post=12673"},{"taxonomy":"post_tag","embeddable":true,"href":"https:\/\/ictimai.az\/index.php?rest_route=%2Fwp%2Fv2%2Ftags&post=12673"}],"curies":[{"name":"wp","href":"https:\/\/api.w.org\/{rel}","templated":true}]}}