{"id":1283,"date":"2020-03-01T17:57:13","date_gmt":"2020-03-01T13:57:13","guid":{"rendered":"https:\/\/ictimai.az\/?p=1283"},"modified":"2020-03-01T19:03:44","modified_gmt":"2020-03-01T15:03:44","slug":"nazirler-kabineti-koronavirusla-bagli-melumat-yaydi","status":"publish","type":"post","link":"https:\/\/ictimai.az\/?p=1283","title":{"rendered":"Nazirl\u0259r Kabineti koronavirusla ba\u011fl\u0131 m\u0259lumat yayd\u0131"},"content":{"rendered":"<p><strong>Koronavirus (COV\u0130D-19) infeksiyas\u0131n\u0131n Az\u0259rbaycan \u0259razisind\u0259 yarada bil\u0259c\u0259yi t\u0259hl\u00fck\u0259nin qar\u015f\u0131s\u0131n\u0131n al\u0131nmas\u0131 m\u0259qs\u0259dil\u0259 t\u0259xir\u0259sal\u0131nmaz t\u0259dbirl\u0259r davam etdirilir.<\/strong><\/p>\n<p>Az\u0259rbaycan Respublikas\u0131 Nazirl\u0259r Kabinetinin yan\u0131nda operativ q\u0259rargahdan Oxu.Az-a bildirilib ki, \u00f6lk\u0259d\u0259 koronavirusa yoluxma hallar\u0131n\u0131n m\u00fc\u0259yy\u0259nl\u0259\u015fdirilm\u0259si il\u0259 \u0259laq\u0259dar m\u00fcvafiq x\u0259st\u0259xanalar ayr\u0131l\u0131b v\u0259 karantin zonalar\u0131 yarad\u0131l\u0131b. \u0130ran \u0130slam Respublikas\u0131 il\u0259 s\u0259rh\u0259dd\u0259 profilaktik t\u0259dbirl\u0259rin h\u0259yata ke\u00e7irilm\u0259si m\u0259qs\u0259dil\u0259 s\u0259yyar \u00e7ad\u0131rlar qurulub.<\/p>\n<p>\u018fhalinin sa\u011flaml\u0131\u011f\u0131n\u0131n v\u0259 t\u0259hl\u00fck\u0259sizliyinin t\u0259min edilm\u0259si m\u0259qs\u0259dil\u0259 29 fevral saat 16.00-dan etibar\u0259n \u0130ranla s\u0259rh\u0259din m\u0259hdudla\u015fd\u0131r\u0131c\u0131 rejim \u0259sas\u0131nda m\u00fcv\u0259qq\u0259ti ba\u011flanmas\u0131 bar\u0259d\u0259 q\u0259rar q\u0259bul olunub. Koronavirusun a\u015fkar olundu\u011fu \u00f6lk\u0259l\u0259rd\u0259n g\u0259l\u0259n \u015f\u0259xsl\u0259rin m\u00fcayin\u0259si il\u0259 ba\u011fl\u0131 z\u0259ruri t\u0259dbirl\u0259r h\u0259yata ke\u00e7irilir.<\/p>\n<p>\u0130xtisasla\u015fm\u0131\u015f x\u0259st\u0259xanalar v\u0259 laboratoriyalar x\u0259st\u0259liyin m\u00fcayin\u0259si v\u0259 m\u00fcalic\u0259si \u00fc\u00e7\u00fcn m\u00fcvafiq avadanl\u0131qlarla v\u0259 d\u0259rman preparatlar\u0131 il\u0259 t\u0259min edilir. Pe\u015f\u0259kar h\u0259kiml\u0259r b\u00f6lg\u0259l\u0259rd\u0259 bu m\u0259qs\u0259dl\u0259 ayr\u0131lm\u0131\u015f x\u0259st\u0259xanalara ezam olunublar. \u0130nfeksiyaya yoluxmu\u015f \u015f\u0259xsl\u0259rin m\u00fcalic\u0259si, onlar\u0131n m\u00fcmk\u00fcn kontaktlar\u0131n\u0131n m\u00fc\u0259yy\u0259nl\u0259\u015fdirilm\u0259si istiqam\u0259tind\u0259 z\u0259ruri t\u0259dbirl\u0259r davam etdirilir.<\/p>\n<p>Koronavirusun yay\u0131lmas\u0131n\u0131n qar\u015f\u0131s\u0131n\u0131n al\u0131nmas\u0131 v\u0259 m\u00fcvafiq profilaktik t\u0259dbirl\u0259rin effektivliyinin y\u00fcks\u0259ldilm\u0259si m\u0259qs\u0259dil\u0259 \u00dcmumd\u00fcnya S\u0259hiyy\u0259 T\u0259\u015fkilat\u0131 (\u00dcST) il\u0259 birg\u0259 intensiv i\u015f apar\u0131l\u0131r, veril\u0259n b\u00fct\u00fcn t\u00f6vsiy\u0259l\u0259rin yerin\u0259 yetirilm\u0259si \u00fc\u00e7\u00fcn ciddi s\u0259yl\u0259r g\u00f6st\u0259rilir.<\/p>\n<p>Bundan ba\u015fqa, \u00c7in, Almaniya v\u0259 dig\u0259r \u00f6lk\u0259l\u0259rl\u0259 apar\u0131lan dan\u0131\u015f\u0131qlar n\u0259tic\u0259sind\u0259 laz\u0131mi avadanl\u0131qlar\u0131n, preparatlar\u0131n\u0131n, m\u00fct\u0259x\u0259ssisl\u0259rin Az\u0259rbaycana g\u0259tirilm\u0259si \u00fc\u00e7\u00fcn m\u00fcvafiq raz\u0131la\u015fma \u0259ld\u0259 olunub. Koronavirusun Az\u0259rbaycanda yay\u0131lmamas\u0131 \u00fc\u00e7\u00fcn b\u00fct\u00fcn laz\u0131mi t\u0259dbirl\u0259r h\u0259yata ke\u00e7irilir, sanitar-epodemoloji v\u0259ziyy\u0259t ciddi n\u0259zar\u0259t alt\u0131nda saxlan\u0131l\u0131r.<\/p>\n<p><strong>\u0130ctimai.az<\/strong><\/p>\n","protected":false},"excerpt":{"rendered":"<p>Koronavirus (COV\u0130D-19) infeksiyas\u0131n\u0131n Az\u0259rbaycan \u0259razisind\u0259 yarada bil\u0259c\u0259yi t\u0259hl\u00fck\u0259nin qar\u015f\u0131s\u0131n\u0131n al\u0131nmas\u0131 m\u0259qs\u0259dil\u0259 t\u0259xir\u0259sal\u0131nmaz t\u0259dbirl\u0259r davam etdirilir. Az\u0259rbaycan Respublikas\u0131 Nazirl\u0259r Kabinetinin yan\u0131nda operativ q\u0259rargahdan Oxu.Az-a bildirilib ki, \u00f6lk\u0259d\u0259 koronavirusa yoluxma hallar\u0131n\u0131n m\u00fc\u0259yy\u0259nl\u0259\u015fdirilm\u0259si il\u0259 \u0259laq\u0259dar m\u00fcvafiq x\u0259st\u0259xanalar ayr\u0131l\u0131b v\u0259 karantin zonalar\u0131 yarad\u0131l\u0131b. \u0130ran \u0130slam Respublikas\u0131 il\u0259 s\u0259rh\u0259dd\u0259 profilaktik t\u0259dbirl\u0259rin h\u0259yata ke\u00e7irilm\u0259si m\u0259qs\u0259dil\u0259 s\u0259yyar \u00e7ad\u0131rlar qurulub. \u018fhalinin sa\u011flaml\u0131\u011f\u0131n\u0131n v\u0259 [&hellip;]<\/p>\n","protected":false},"author":2,"featured_media":0,"comment_status":"closed","ping_status":"closed","sticky":false,"template":"","format":"standard","meta":{"footnotes":""},"categories":[1],"tags":[],"class_list":["post-1283","post","type-post","status-publish","format-standard","hentry","category-society"],"yoast_head":"<!-- This site is optimized with the Yoast SEO plugin v28.2 - https:\/\/yoast.com\/product\/yoast-seo-wordpress\/ -->\n<title>Nazirl\u0259r Kabineti koronavirusla ba\u011fl\u0131 m\u0259lumat yayd\u0131 - \u0130CT\u0130MA\u0130.AZ<\/title>\n<meta name=\"robots\" content=\"index, follow, max-snippet:-1, max-image-preview:large, max-video-preview:-1\" \/>\n<link rel=\"canonical\" href=\"https:\/\/ictimai.az\/?p=1283\" \/>\n<meta property=\"og:locale\" content=\"az_AZ\" \/>\n<meta property=\"og:type\" content=\"article\" \/>\n<meta property=\"og:title\" content=\"Nazirl\u0259r Kabineti koronavirusla ba\u011fl\u0131 m\u0259lumat yayd\u0131 - \u0130CT\u0130MA\u0130.AZ\" \/>\n<meta property=\"og:description\" content=\"Koronavirus (COV\u0130D-19) infeksiyas\u0131n\u0131n Az\u0259rbaycan \u0259razisind\u0259 yarada bil\u0259c\u0259yi t\u0259hl\u00fck\u0259nin qar\u015f\u0131s\u0131n\u0131n al\u0131nmas\u0131 m\u0259qs\u0259dil\u0259 t\u0259xir\u0259sal\u0131nmaz t\u0259dbirl\u0259r davam etdirilir. Az\u0259rbaycan Respublikas\u0131 Nazirl\u0259r Kabinetinin yan\u0131nda operativ q\u0259rargahdan Oxu.Az-a bildirilib ki, \u00f6lk\u0259d\u0259 koronavirusa yoluxma hallar\u0131n\u0131n m\u00fc\u0259yy\u0259nl\u0259\u015fdirilm\u0259si il\u0259 \u0259laq\u0259dar m\u00fcvafiq x\u0259st\u0259xanalar ayr\u0131l\u0131b v\u0259 karantin zonalar\u0131 yarad\u0131l\u0131b. \u0130ran \u0130slam Respublikas\u0131 il\u0259 s\u0259rh\u0259dd\u0259 profilaktik t\u0259dbirl\u0259rin h\u0259yata ke\u00e7irilm\u0259si m\u0259qs\u0259dil\u0259 s\u0259yyar \u00e7ad\u0131rlar qurulub. \u018fhalinin sa\u011flaml\u0131\u011f\u0131n\u0131n v\u0259 [&hellip;]\" \/>\n<meta property=\"og:url\" content=\"https:\/\/ictimai.az\/?p=1283\" \/>\n<meta property=\"og:site_name\" content=\"\u0130CT\u0130MA\u0130.AZ\" \/>\n<meta property=\"article:published_time\" content=\"2020-03-01T13:57:13+00:00\" \/>\n<meta property=\"article:modified_time\" content=\"2020-03-01T15:03:44+00:00\" \/>\n<meta name=\"author\" content=\"R\u0259\u015fad Bayramov\" \/>\n<meta name=\"twitter:card\" content=\"summary_large_image\" \/>\n<meta name=\"twitter:label1\" content=\"Written by\" \/>\n\t<meta name=\"twitter:data1\" content=\"R\u0259\u015fad Bayramov\" \/>\n\t<meta name=\"twitter:label2\" content=\"Est. reading time\" \/>\n\t<meta name=\"twitter:data2\" content=\"2 minutes\" \/>\n<script type=\"application\/ld+json\" class=\"yoast-schema-graph\">{\"@context\":\"https:\\\/\\\/schema.org\",\"@graph\":[{\"@type\":\"Article\",\"@id\":\"https:\\\/\\\/ictimai.az\\\/?p=1283#article\",\"isPartOf\":{\"@id\":\"https:\\\/\\\/ictimai.az\\\/?p=1283\"},\"author\":{\"name\":\"R\u0259\u015fad Bayramov\",\"@id\":\"https:\\\/\\\/ictimai.az\\\/#\\\/schema\\\/person\\\/1da94bf2c7ab5d83ad349237bec1e6af\"},\"headline\":\"Nazirl\u0259r Kabineti koronavirusla ba\u011fl\u0131 m\u0259lumat yayd\u0131\",\"datePublished\":\"2020-03-01T13:57:13+00:00\",\"dateModified\":\"2020-03-01T15:03:44+00:00\",\"mainEntityOfPage\":{\"@id\":\"https:\\\/\\\/ictimai.az\\\/?p=1283\"},\"wordCount\":404,\"publisher\":{\"@id\":\"https:\\\/\\\/ictimai.az\\\/#organization\"},\"articleSection\":[\"Sosial\"],\"inLanguage\":\"az\"},{\"@type\":\"WebPage\",\"@id\":\"https:\\\/\\\/ictimai.az\\\/?p=1283\",\"url\":\"https:\\\/\\\/ictimai.az\\\/?p=1283\",\"name\":\"Nazirl\u0259r Kabineti koronavirusla ba\u011fl\u0131 m\u0259lumat yayd\u0131 - \u0130CT\u0130MA\u0130.AZ\",\"isPartOf\":{\"@id\":\"https:\\\/\\\/ictimai.az\\\/#website\"},\"datePublished\":\"2020-03-01T13:57:13+00:00\",\"dateModified\":\"2020-03-01T15:03:44+00:00\",\"breadcrumb\":{\"@id\":\"https:\\\/\\\/ictimai.az\\\/?p=1283#breadcrumb\"},\"inLanguage\":\"az\",\"potentialAction\":[{\"@type\":\"ReadAction\",\"target\":[\"https:\\\/\\\/ictimai.az\\\/?p=1283\"]}]},{\"@type\":\"BreadcrumbList\",\"@id\":\"https:\\\/\\\/ictimai.az\\\/?p=1283#breadcrumb\",\"itemListElement\":[{\"@type\":\"ListItem\",\"position\":1,\"name\":\"Home\",\"item\":\"https:\\\/\\\/ictimai.az\\\/\"},{\"@type\":\"ListItem\",\"position\":2,\"name\":\"Nazirl\u0259r Kabineti koronavirusla ba\u011fl\u0131 m\u0259lumat yayd\u0131\"}]},{\"@type\":\"WebSite\",\"@id\":\"https:\\\/\\\/ictimai.az\\\/#website\",\"url\":\"https:\\\/\\\/ictimai.az\\\/\",\"name\":\"\u0130CT\u0130MA\u0130.AZ\",\"description\":\"\",\"publisher\":{\"@id\":\"https:\\\/\\\/ictimai.az\\\/#organization\"},\"potentialAction\":[{\"@type\":\"SearchAction\",\"target\":{\"@type\":\"EntryPoint\",\"urlTemplate\":\"https:\\\/\\\/ictimai.az\\\/?s={search_term_string}\"},\"query-input\":{\"@type\":\"PropertyValueSpecification\",\"valueRequired\":true,\"valueName\":\"search_term_string\"}}],\"inLanguage\":\"az\"},{\"@type\":\"Organization\",\"@id\":\"https:\\\/\\\/ictimai.az\\\/#organization\",\"name\":\"\u0130CT\u0130MA\u0130.AZ\",\"url\":\"https:\\\/\\\/ictimai.az\\\/\",\"logo\":{\"@type\":\"ImageObject\",\"inLanguage\":\"az\",\"@id\":\"https:\\\/\\\/ictimai.az\\\/#\\\/schema\\\/logo\\\/image\\\/\",\"url\":\"https:\\\/\\\/ictimai.az\\\/core\\\/uploads\\\/2026\\\/06\\\/cropped-ictimai_0380d81099c6fe3baae753faceb5481f_p41rg2mzq0uyvextfh3k-768x768-1-3.png\",\"contentUrl\":\"https:\\\/\\\/ictimai.az\\\/core\\\/uploads\\\/2026\\\/06\\\/cropped-ictimai_0380d81099c6fe3baae753faceb5481f_p41rg2mzq0uyvextfh3k-768x768-1-3.png\",\"width\":768,\"height\":768,\"caption\":\"\u0130CT\u0130MA\u0130.AZ\"},\"image\":{\"@id\":\"https:\\\/\\\/ictimai.az\\\/#\\\/schema\\\/logo\\\/image\\\/\"}},{\"@type\":\"Person\",\"@id\":\"https:\\\/\\\/ictimai.az\\\/#\\\/schema\\\/person\\\/1da94bf2c7ab5d83ad349237bec1e6af\",\"name\":\"R\u0259\u015fad Bayramov\",\"image\":{\"@type\":\"ImageObject\",\"inLanguage\":\"az\",\"@id\":\"https:\\\/\\\/secure.gravatar.com\\\/avatar\\\/83c075605ba0a4d35d59726aaad89cfa8008d1f01603342c56f1dd79784491bc?s=96&d=mm&r=g\",\"url\":\"https:\\\/\\\/secure.gravatar.com\\\/avatar\\\/83c075605ba0a4d35d59726aaad89cfa8008d1f01603342c56f1dd79784491bc?s=96&d=mm&r=g\",\"contentUrl\":\"https:\\\/\\\/secure.gravatar.com\\\/avatar\\\/83c075605ba0a4d35d59726aaad89cfa8008d1f01603342c56f1dd79784491bc?s=96&d=mm&r=g\",\"caption\":\"R\u0259\u015fad Bayramov\"},\"sameAs\":[\"https:\\\/\\\/ictimai.az\\\/\"],\"url\":\"https:\\\/\\\/ictimai.az\\\/?author=2\"}]}<\/script>\n<!-- \/ Yoast SEO plugin. -->","yoast_head_json":{"title":"Nazirl\u0259r Kabineti koronavirusla ba\u011fl\u0131 m\u0259lumat yayd\u0131 - \u0130CT\u0130MA\u0130.AZ","robots":{"index":"index","follow":"follow","max-snippet":"max-snippet:-1","max-image-preview":"max-image-preview:large","max-video-preview":"max-video-preview:-1"},"canonical":"https:\/\/ictimai.az\/?p=1283","og_locale":"az_AZ","og_type":"article","og_title":"Nazirl\u0259r Kabineti koronavirusla ba\u011fl\u0131 m\u0259lumat yayd\u0131 - \u0130CT\u0130MA\u0130.AZ","og_description":"Koronavirus (COV\u0130D-19) infeksiyas\u0131n\u0131n Az\u0259rbaycan \u0259razisind\u0259 yarada bil\u0259c\u0259yi t\u0259hl\u00fck\u0259nin qar\u015f\u0131s\u0131n\u0131n al\u0131nmas\u0131 m\u0259qs\u0259dil\u0259 t\u0259xir\u0259sal\u0131nmaz t\u0259dbirl\u0259r davam etdirilir. Az\u0259rbaycan Respublikas\u0131 Nazirl\u0259r Kabinetinin yan\u0131nda operativ q\u0259rargahdan Oxu.Az-a bildirilib ki, \u00f6lk\u0259d\u0259 koronavirusa yoluxma hallar\u0131n\u0131n m\u00fc\u0259yy\u0259nl\u0259\u015fdirilm\u0259si il\u0259 \u0259laq\u0259dar m\u00fcvafiq x\u0259st\u0259xanalar ayr\u0131l\u0131b v\u0259 karantin zonalar\u0131 yarad\u0131l\u0131b. \u0130ran \u0130slam Respublikas\u0131 il\u0259 s\u0259rh\u0259dd\u0259 profilaktik t\u0259dbirl\u0259rin h\u0259yata ke\u00e7irilm\u0259si m\u0259qs\u0259dil\u0259 s\u0259yyar \u00e7ad\u0131rlar qurulub. \u018fhalinin sa\u011flaml\u0131\u011f\u0131n\u0131n v\u0259 [&hellip;]","og_url":"https:\/\/ictimai.az\/?p=1283","og_site_name":"\u0130CT\u0130MA\u0130.AZ","article_published_time":"2020-03-01T13:57:13+00:00","article_modified_time":"2020-03-01T15:03:44+00:00","author":"R\u0259\u015fad Bayramov","twitter_card":"summary_large_image","twitter_misc":{"Written by":"R\u0259\u015fad Bayramov","Est. reading time":"2 minutes"},"schema":{"@context":"https:\/\/schema.org","@graph":[{"@type":"Article","@id":"https:\/\/ictimai.az\/?p=1283#article","isPartOf":{"@id":"https:\/\/ictimai.az\/?p=1283"},"author":{"name":"R\u0259\u015fad Bayramov","@id":"https:\/\/ictimai.az\/#\/schema\/person\/1da94bf2c7ab5d83ad349237bec1e6af"},"headline":"Nazirl\u0259r Kabineti koronavirusla ba\u011fl\u0131 m\u0259lumat yayd\u0131","datePublished":"2020-03-01T13:57:13+00:00","dateModified":"2020-03-01T15:03:44+00:00","mainEntityOfPage":{"@id":"https:\/\/ictimai.az\/?p=1283"},"wordCount":404,"publisher":{"@id":"https:\/\/ictimai.az\/#organization"},"articleSection":["Sosial"],"inLanguage":"az"},{"@type":"WebPage","@id":"https:\/\/ictimai.az\/?p=1283","url":"https:\/\/ictimai.az\/?p=1283","name":"Nazirl\u0259r Kabineti koronavirusla ba\u011fl\u0131 m\u0259lumat yayd\u0131 - \u0130CT\u0130MA\u0130.AZ","isPartOf":{"@id":"https:\/\/ictimai.az\/#website"},"datePublished":"2020-03-01T13:57:13+00:00","dateModified":"2020-03-01T15:03:44+00:00","breadcrumb":{"@id":"https:\/\/ictimai.az\/?p=1283#breadcrumb"},"inLanguage":"az","potentialAction":[{"@type":"ReadAction","target":["https:\/\/ictimai.az\/?p=1283"]}]},{"@type":"BreadcrumbList","@id":"https:\/\/ictimai.az\/?p=1283#breadcrumb","itemListElement":[{"@type":"ListItem","position":1,"name":"Home","item":"https:\/\/ictimai.az\/"},{"@type":"ListItem","position":2,"name":"Nazirl\u0259r Kabineti koronavirusla ba\u011fl\u0131 m\u0259lumat yayd\u0131"}]},{"@type":"WebSite","@id":"https:\/\/ictimai.az\/#website","url":"https:\/\/ictimai.az\/","name":"\u0130CT\u0130MA\u0130.AZ","description":"","publisher":{"@id":"https:\/\/ictimai.az\/#organization"},"potentialAction":[{"@type":"SearchAction","target":{"@type":"EntryPoint","urlTemplate":"https:\/\/ictimai.az\/?s={search_term_string}"},"query-input":{"@type":"PropertyValueSpecification","valueRequired":true,"valueName":"search_term_string"}}],"inLanguage":"az"},{"@type":"Organization","@id":"https:\/\/ictimai.az\/#organization","name":"\u0130CT\u0130MA\u0130.AZ","url":"https:\/\/ictimai.az\/","logo":{"@type":"ImageObject","inLanguage":"az","@id":"https:\/\/ictimai.az\/#\/schema\/logo\/image\/","url":"https:\/\/ictimai.az\/core\/uploads\/2026\/06\/cropped-ictimai_0380d81099c6fe3baae753faceb5481f_p41rg2mzq0uyvextfh3k-768x768-1-3.png","contentUrl":"https:\/\/ictimai.az\/core\/uploads\/2026\/06\/cropped-ictimai_0380d81099c6fe3baae753faceb5481f_p41rg2mzq0uyvextfh3k-768x768-1-3.png","width":768,"height":768,"caption":"\u0130CT\u0130MA\u0130.AZ"},"image":{"@id":"https:\/\/ictimai.az\/#\/schema\/logo\/image\/"}},{"@type":"Person","@id":"https:\/\/ictimai.az\/#\/schema\/person\/1da94bf2c7ab5d83ad349237bec1e6af","name":"R\u0259\u015fad Bayramov","image":{"@type":"ImageObject","inLanguage":"az","@id":"https:\/\/secure.gravatar.com\/avatar\/83c075605ba0a4d35d59726aaad89cfa8008d1f01603342c56f1dd79784491bc?s=96&d=mm&r=g","url":"https:\/\/secure.gravatar.com\/avatar\/83c075605ba0a4d35d59726aaad89cfa8008d1f01603342c56f1dd79784491bc?s=96&d=mm&r=g","contentUrl":"https:\/\/secure.gravatar.com\/avatar\/83c075605ba0a4d35d59726aaad89cfa8008d1f01603342c56f1dd79784491bc?s=96&d=mm&r=g","caption":"R\u0259\u015fad Bayramov"},"sameAs":["https:\/\/ictimai.az\/"],"url":"https:\/\/ictimai.az\/?author=2"}]}},"_links":{"self":[{"href":"https:\/\/ictimai.az\/index.php?rest_route=\/wp\/v2\/posts\/1283","targetHints":{"allow":["GET"]}}],"collection":[{"href":"https:\/\/ictimai.az\/index.php?rest_route=\/wp\/v2\/posts"}],"about":[{"href":"https:\/\/ictimai.az\/index.php?rest_route=\/wp\/v2\/types\/post"}],"author":[{"embeddable":true,"href":"https:\/\/ictimai.az\/index.php?rest_route=\/wp\/v2\/users\/2"}],"replies":[{"embeddable":true,"href":"https:\/\/ictimai.az\/index.php?rest_route=%2Fwp%2Fv2%2Fcomments&post=1283"}],"version-history":[{"count":0,"href":"https:\/\/ictimai.az\/index.php?rest_route=\/wp\/v2\/posts\/1283\/revisions"}],"wp:attachment":[{"href":"https:\/\/ictimai.az\/index.php?rest_route=%2Fwp%2Fv2%2Fmedia&parent=1283"}],"wp:term":[{"taxonomy":"category","embeddable":true,"href":"https:\/\/ictimai.az\/index.php?rest_route=%2Fwp%2Fv2%2Fcategories&post=1283"},{"taxonomy":"post_tag","embeddable":true,"href":"https:\/\/ictimai.az\/index.php?rest_route=%2Fwp%2Fv2%2Ftags&post=1283"}],"curies":[{"name":"wp","href":"https:\/\/api.w.org\/{rel}","templated":true}]}}