{"id":1298,"date":"2020-03-03T00:20:53","date_gmt":"2020-03-02T20:20:53","guid":{"rendered":"https:\/\/ictimai.az\/?p=1298"},"modified":"2020-03-03T10:51:28","modified_gmt":"2020-03-03T06:51:28","slug":"genc-yazarlarin-poeziya-gecesi-kecirilecek","status":"publish","type":"post","link":"https:\/\/ictimai.az\/?p=1298","title":{"rendered":"G\u0259nc yazarlar\u0131n poeziya gec\u0259si ke\u00e7iril\u0259c\u0259k"},"content":{"rendered":"<p>Bu bar\u0259d\u0259 \u015fair\u0259 Nigar Abbasova m\u0259lumat verib. O bildirib ki, poeziya gec\u0259si bu sah\u0259d\u0259 yeni ba\u015flam\u0131\u015f iki g\u0259ncin birlikd\u0259 ke\u00e7irdiyi \u015feir gec\u0259sidir.Qeyd edim ki,tan\u0131nm\u0131\u015f \u015fairl\u0259rin v\u0259 \u00f6z q\u0259l\u0259mimizd\u0259n olan \u015feirl\u0259rin musiqi il\u0259 s\u0259sl\u0259nm\u0259si olacaq.<\/p>\n<p>Poeziya gec\u0259si Mart ay\u0131n\u0131n 17-si tarixind\u0259 X\u0259z\u0259r Universitetind\u0259 ba\u015f tutacaq giri\u015f s\u0259rb\u0259stdir.<\/p>\n<p><strong>\u0130ctimai.az\u00a0<\/strong><\/p>\n<p><iframe loading=\"lazy\" title=\"G\u0259nc yazarlar\u0131n poeziya gec\u0259si ke\u00e7iril\u0259c\u0259k\" width=\"640\" height=\"480\" src=\"https:\/\/www.youtube.com\/embed\/ui01BKPJT4Y?feature=oembed\" frameborder=\"0\" allow=\"accelerometer; autoplay; clipboard-write; encrypted-media; gyroscope; picture-in-picture; web-share\" referrerpolicy=\"strict-origin-when-cross-origin\" allowfullscreen><\/iframe><\/p>\n","protected":false},"excerpt":{"rendered":"<p>Bu bar\u0259d\u0259 \u015fair\u0259 Nigar Abbasova m\u0259lumat verib. O bildirib ki, poeziya gec\u0259si bu sah\u0259d\u0259 yeni ba\u015flam\u0131\u015f iki g\u0259ncin birlikd\u0259 ke\u00e7irdiyi \u015feir gec\u0259sidir.Qeyd edim ki,tan\u0131nm\u0131\u015f \u015fairl\u0259rin v\u0259 \u00f6z q\u0259l\u0259mimizd\u0259n olan \u015feirl\u0259rin musiqi il\u0259 s\u0259sl\u0259nm\u0259si olacaq. Poeziya gec\u0259si Mart ay\u0131n\u0131n 17-si tarixind\u0259 X\u0259z\u0259r Universitetind\u0259 ba\u015f tutacaq giri\u015f s\u0259rb\u0259stdir. \u0130ctimai.az\u00a0<\/p>\n","protected":false},"author":2,"featured_media":0,"comment_status":"closed","ping_status":"closed","sticky":false,"template":"","format":"standard","meta":{"footnotes":""},"categories":[50],"tags":[],"class_list":["post-1298","post","type-post","status-publish","format-standard","hentry","category-youth"],"yoast_head":"<!-- This site is optimized with the Yoast SEO plugin v28.2 - https:\/\/yoast.com\/product\/yoast-seo-wordpress\/ -->\n<title>G\u0259nc yazarlar\u0131n poeziya gec\u0259si ke\u00e7iril\u0259c\u0259k - \u0130CT\u0130MA\u0130.AZ<\/title>\n<meta name=\"robots\" content=\"index, follow, max-snippet:-1, max-image-preview:large, max-video-preview:-1\" \/>\n<link rel=\"canonical\" href=\"https:\/\/ictimai.az\/?p=1298\" \/>\n<meta property=\"og:locale\" content=\"az_AZ\" \/>\n<meta property=\"og:type\" content=\"article\" \/>\n<meta property=\"og:title\" content=\"G\u0259nc yazarlar\u0131n poeziya gec\u0259si ke\u00e7iril\u0259c\u0259k - \u0130CT\u0130MA\u0130.AZ\" \/>\n<meta property=\"og:description\" content=\"Bu bar\u0259d\u0259 \u015fair\u0259 Nigar Abbasova m\u0259lumat verib. O bildirib ki, poeziya gec\u0259si bu sah\u0259d\u0259 yeni ba\u015flam\u0131\u015f iki g\u0259ncin birlikd\u0259 ke\u00e7irdiyi \u015feir gec\u0259sidir.Qeyd edim ki,tan\u0131nm\u0131\u015f \u015fairl\u0259rin v\u0259 \u00f6z q\u0259l\u0259mimizd\u0259n olan \u015feirl\u0259rin musiqi il\u0259 s\u0259sl\u0259nm\u0259si olacaq. Poeziya gec\u0259si Mart ay\u0131n\u0131n 17-si tarixind\u0259 X\u0259z\u0259r Universitetind\u0259 ba\u015f tutacaq giri\u015f s\u0259rb\u0259stdir. \u0130ctimai.az\u00a0\" \/>\n<meta property=\"og:url\" content=\"https:\/\/ictimai.az\/?p=1298\" \/>\n<meta property=\"og:site_name\" content=\"\u0130CT\u0130MA\u0130.AZ\" \/>\n<meta property=\"article:published_time\" content=\"2020-03-02T20:20:53+00:00\" \/>\n<meta property=\"article:modified_time\" content=\"2020-03-03T06:51:28+00:00\" \/>\n<meta name=\"author\" content=\"R\u0259\u015fad Bayramov\" \/>\n<meta name=\"twitter:card\" content=\"summary_large_image\" \/>\n<meta name=\"twitter:label1\" content=\"Written by\" \/>\n\t<meta name=\"twitter:data1\" content=\"R\u0259\u015fad Bayramov\" \/>\n<script type=\"application\/ld+json\" class=\"yoast-schema-graph\">{\"@context\":\"https:\\\/\\\/schema.org\",\"@graph\":[{\"@type\":\"Article\",\"@id\":\"https:\\\/\\\/ictimai.az\\\/?p=1298#article\",\"isPartOf\":{\"@id\":\"https:\\\/\\\/ictimai.az\\\/?p=1298\"},\"author\":{\"name\":\"R\u0259\u015fad Bayramov\",\"@id\":\"https:\\\/\\\/ictimai.az\\\/#\\\/schema\\\/person\\\/1da94bf2c7ab5d83ad349237bec1e6af\"},\"headline\":\"G\u0259nc yazarlar\u0131n poeziya gec\u0259si ke\u00e7iril\u0259c\u0259k\",\"datePublished\":\"2020-03-02T20:20:53+00:00\",\"dateModified\":\"2020-03-03T06:51:28+00:00\",\"mainEntityOfPage\":{\"@id\":\"https:\\\/\\\/ictimai.az\\\/?p=1298\"},\"wordCount\":91,\"publisher\":{\"@id\":\"https:\\\/\\\/ictimai.az\\\/#organization\"},\"articleSection\":[\"G\u0259nclik\"],\"inLanguage\":\"az\"},{\"@type\":\"WebPage\",\"@id\":\"https:\\\/\\\/ictimai.az\\\/?p=1298\",\"url\":\"https:\\\/\\\/ictimai.az\\\/?p=1298\",\"name\":\"G\u0259nc yazarlar\u0131n poeziya gec\u0259si ke\u00e7iril\u0259c\u0259k - \u0130CT\u0130MA\u0130.AZ\",\"isPartOf\":{\"@id\":\"https:\\\/\\\/ictimai.az\\\/#website\"},\"datePublished\":\"2020-03-02T20:20:53+00:00\",\"dateModified\":\"2020-03-03T06:51:28+00:00\",\"breadcrumb\":{\"@id\":\"https:\\\/\\\/ictimai.az\\\/?p=1298#breadcrumb\"},\"inLanguage\":\"az\",\"potentialAction\":[{\"@type\":\"ReadAction\",\"target\":[\"https:\\\/\\\/ictimai.az\\\/?p=1298\"]}]},{\"@type\":\"BreadcrumbList\",\"@id\":\"https:\\\/\\\/ictimai.az\\\/?p=1298#breadcrumb\",\"itemListElement\":[{\"@type\":\"ListItem\",\"position\":1,\"name\":\"Home\",\"item\":\"https:\\\/\\\/ictimai.az\\\/\"},{\"@type\":\"ListItem\",\"position\":2,\"name\":\"G\u0259nc yazarlar\u0131n poeziya gec\u0259si ke\u00e7iril\u0259c\u0259k\"}]},{\"@type\":\"WebSite\",\"@id\":\"https:\\\/\\\/ictimai.az\\\/#website\",\"url\":\"https:\\\/\\\/ictimai.az\\\/\",\"name\":\"\u0130CT\u0130MA\u0130.AZ\",\"description\":\"\",\"publisher\":{\"@id\":\"https:\\\/\\\/ictimai.az\\\/#organization\"},\"potentialAction\":[{\"@type\":\"SearchAction\",\"target\":{\"@type\":\"EntryPoint\",\"urlTemplate\":\"https:\\\/\\\/ictimai.az\\\/?s={search_term_string}\"},\"query-input\":{\"@type\":\"PropertyValueSpecification\",\"valueRequired\":true,\"valueName\":\"search_term_string\"}}],\"inLanguage\":\"az\"},{\"@type\":\"Organization\",\"@id\":\"https:\\\/\\\/ictimai.az\\\/#organization\",\"name\":\"\u0130CT\u0130MA\u0130.AZ\",\"url\":\"https:\\\/\\\/ictimai.az\\\/\",\"logo\":{\"@type\":\"ImageObject\",\"inLanguage\":\"az\",\"@id\":\"https:\\\/\\\/ictimai.az\\\/#\\\/schema\\\/logo\\\/image\\\/\",\"url\":\"https:\\\/\\\/ictimai.az\\\/core\\\/uploads\\\/2026\\\/06\\\/cropped-ictimai_0380d81099c6fe3baae753faceb5481f_p41rg2mzq0uyvextfh3k-768x768-1-3.png\",\"contentUrl\":\"https:\\\/\\\/ictimai.az\\\/core\\\/uploads\\\/2026\\\/06\\\/cropped-ictimai_0380d81099c6fe3baae753faceb5481f_p41rg2mzq0uyvextfh3k-768x768-1-3.png\",\"width\":768,\"height\":768,\"caption\":\"\u0130CT\u0130MA\u0130.AZ\"},\"image\":{\"@id\":\"https:\\\/\\\/ictimai.az\\\/#\\\/schema\\\/logo\\\/image\\\/\"}},{\"@type\":\"Person\",\"@id\":\"https:\\\/\\\/ictimai.az\\\/#\\\/schema\\\/person\\\/1da94bf2c7ab5d83ad349237bec1e6af\",\"name\":\"R\u0259\u015fad Bayramov\",\"image\":{\"@type\":\"ImageObject\",\"inLanguage\":\"az\",\"@id\":\"https:\\\/\\\/secure.gravatar.com\\\/avatar\\\/83c075605ba0a4d35d59726aaad89cfa8008d1f01603342c56f1dd79784491bc?s=96&d=mm&r=g\",\"url\":\"https:\\\/\\\/secure.gravatar.com\\\/avatar\\\/83c075605ba0a4d35d59726aaad89cfa8008d1f01603342c56f1dd79784491bc?s=96&d=mm&r=g\",\"contentUrl\":\"https:\\\/\\\/secure.gravatar.com\\\/avatar\\\/83c075605ba0a4d35d59726aaad89cfa8008d1f01603342c56f1dd79784491bc?s=96&d=mm&r=g\",\"caption\":\"R\u0259\u015fad Bayramov\"},\"sameAs\":[\"https:\\\/\\\/ictimai.az\\\/\"],\"url\":\"https:\\\/\\\/ictimai.az\\\/?author=2\"}]}<\/script>\n<!-- \/ Yoast SEO plugin. -->","yoast_head_json":{"title":"G\u0259nc yazarlar\u0131n poeziya gec\u0259si ke\u00e7iril\u0259c\u0259k - \u0130CT\u0130MA\u0130.AZ","robots":{"index":"index","follow":"follow","max-snippet":"max-snippet:-1","max-image-preview":"max-image-preview:large","max-video-preview":"max-video-preview:-1"},"canonical":"https:\/\/ictimai.az\/?p=1298","og_locale":"az_AZ","og_type":"article","og_title":"G\u0259nc yazarlar\u0131n poeziya gec\u0259si ke\u00e7iril\u0259c\u0259k - \u0130CT\u0130MA\u0130.AZ","og_description":"Bu bar\u0259d\u0259 \u015fair\u0259 Nigar Abbasova m\u0259lumat verib. O bildirib ki, poeziya gec\u0259si bu sah\u0259d\u0259 yeni ba\u015flam\u0131\u015f iki g\u0259ncin birlikd\u0259 ke\u00e7irdiyi \u015feir gec\u0259sidir.Qeyd edim ki,tan\u0131nm\u0131\u015f \u015fairl\u0259rin v\u0259 \u00f6z q\u0259l\u0259mimizd\u0259n olan \u015feirl\u0259rin musiqi il\u0259 s\u0259sl\u0259nm\u0259si olacaq. Poeziya gec\u0259si Mart ay\u0131n\u0131n 17-si tarixind\u0259 X\u0259z\u0259r Universitetind\u0259 ba\u015f tutacaq giri\u015f s\u0259rb\u0259stdir. \u0130ctimai.az\u00a0","og_url":"https:\/\/ictimai.az\/?p=1298","og_site_name":"\u0130CT\u0130MA\u0130.AZ","article_published_time":"2020-03-02T20:20:53+00:00","article_modified_time":"2020-03-03T06:51:28+00:00","author":"R\u0259\u015fad Bayramov","twitter_card":"summary_large_image","twitter_misc":{"Written by":"R\u0259\u015fad Bayramov"},"schema":{"@context":"https:\/\/schema.org","@graph":[{"@type":"Article","@id":"https:\/\/ictimai.az\/?p=1298#article","isPartOf":{"@id":"https:\/\/ictimai.az\/?p=1298"},"author":{"name":"R\u0259\u015fad Bayramov","@id":"https:\/\/ictimai.az\/#\/schema\/person\/1da94bf2c7ab5d83ad349237bec1e6af"},"headline":"G\u0259nc yazarlar\u0131n poeziya gec\u0259si ke\u00e7iril\u0259c\u0259k","datePublished":"2020-03-02T20:20:53+00:00","dateModified":"2020-03-03T06:51:28+00:00","mainEntityOfPage":{"@id":"https:\/\/ictimai.az\/?p=1298"},"wordCount":91,"publisher":{"@id":"https:\/\/ictimai.az\/#organization"},"articleSection":["G\u0259nclik"],"inLanguage":"az"},{"@type":"WebPage","@id":"https:\/\/ictimai.az\/?p=1298","url":"https:\/\/ictimai.az\/?p=1298","name":"G\u0259nc yazarlar\u0131n poeziya gec\u0259si ke\u00e7iril\u0259c\u0259k - \u0130CT\u0130MA\u0130.AZ","isPartOf":{"@id":"https:\/\/ictimai.az\/#website"},"datePublished":"2020-03-02T20:20:53+00:00","dateModified":"2020-03-03T06:51:28+00:00","breadcrumb":{"@id":"https:\/\/ictimai.az\/?p=1298#breadcrumb"},"inLanguage":"az","potentialAction":[{"@type":"ReadAction","target":["https:\/\/ictimai.az\/?p=1298"]}]},{"@type":"BreadcrumbList","@id":"https:\/\/ictimai.az\/?p=1298#breadcrumb","itemListElement":[{"@type":"ListItem","position":1,"name":"Home","item":"https:\/\/ictimai.az\/"},{"@type":"ListItem","position":2,"name":"G\u0259nc yazarlar\u0131n poeziya gec\u0259si ke\u00e7iril\u0259c\u0259k"}]},{"@type":"WebSite","@id":"https:\/\/ictimai.az\/#website","url":"https:\/\/ictimai.az\/","name":"\u0130CT\u0130MA\u0130.AZ","description":"","publisher":{"@id":"https:\/\/ictimai.az\/#organization"},"potentialAction":[{"@type":"SearchAction","target":{"@type":"EntryPoint","urlTemplate":"https:\/\/ictimai.az\/?s={search_term_string}"},"query-input":{"@type":"PropertyValueSpecification","valueRequired":true,"valueName":"search_term_string"}}],"inLanguage":"az"},{"@type":"Organization","@id":"https:\/\/ictimai.az\/#organization","name":"\u0130CT\u0130MA\u0130.AZ","url":"https:\/\/ictimai.az\/","logo":{"@type":"ImageObject","inLanguage":"az","@id":"https:\/\/ictimai.az\/#\/schema\/logo\/image\/","url":"https:\/\/ictimai.az\/core\/uploads\/2026\/06\/cropped-ictimai_0380d81099c6fe3baae753faceb5481f_p41rg2mzq0uyvextfh3k-768x768-1-3.png","contentUrl":"https:\/\/ictimai.az\/core\/uploads\/2026\/06\/cropped-ictimai_0380d81099c6fe3baae753faceb5481f_p41rg2mzq0uyvextfh3k-768x768-1-3.png","width":768,"height":768,"caption":"\u0130CT\u0130MA\u0130.AZ"},"image":{"@id":"https:\/\/ictimai.az\/#\/schema\/logo\/image\/"}},{"@type":"Person","@id":"https:\/\/ictimai.az\/#\/schema\/person\/1da94bf2c7ab5d83ad349237bec1e6af","name":"R\u0259\u015fad Bayramov","image":{"@type":"ImageObject","inLanguage":"az","@id":"https:\/\/secure.gravatar.com\/avatar\/83c075605ba0a4d35d59726aaad89cfa8008d1f01603342c56f1dd79784491bc?s=96&d=mm&r=g","url":"https:\/\/secure.gravatar.com\/avatar\/83c075605ba0a4d35d59726aaad89cfa8008d1f01603342c56f1dd79784491bc?s=96&d=mm&r=g","contentUrl":"https:\/\/secure.gravatar.com\/avatar\/83c075605ba0a4d35d59726aaad89cfa8008d1f01603342c56f1dd79784491bc?s=96&d=mm&r=g","caption":"R\u0259\u015fad Bayramov"},"sameAs":["https:\/\/ictimai.az\/"],"url":"https:\/\/ictimai.az\/?author=2"}]}},"_links":{"self":[{"href":"https:\/\/ictimai.az\/index.php?rest_route=\/wp\/v2\/posts\/1298","targetHints":{"allow":["GET"]}}],"collection":[{"href":"https:\/\/ictimai.az\/index.php?rest_route=\/wp\/v2\/posts"}],"about":[{"href":"https:\/\/ictimai.az\/index.php?rest_route=\/wp\/v2\/types\/post"}],"author":[{"embeddable":true,"href":"https:\/\/ictimai.az\/index.php?rest_route=\/wp\/v2\/users\/2"}],"replies":[{"embeddable":true,"href":"https:\/\/ictimai.az\/index.php?rest_route=%2Fwp%2Fv2%2Fcomments&post=1298"}],"version-history":[{"count":0,"href":"https:\/\/ictimai.az\/index.php?rest_route=\/wp\/v2\/posts\/1298\/revisions"}],"wp:attachment":[{"href":"https:\/\/ictimai.az\/index.php?rest_route=%2Fwp%2Fv2%2Fmedia&parent=1298"}],"wp:term":[{"taxonomy":"category","embeddable":true,"href":"https:\/\/ictimai.az\/index.php?rest_route=%2Fwp%2Fv2%2Fcategories&post=1298"},{"taxonomy":"post_tag","embeddable":true,"href":"https:\/\/ictimai.az\/index.php?rest_route=%2Fwp%2Fv2%2Ftags&post=1298"}],"curies":[{"name":"wp","href":"https:\/\/api.w.org\/{rel}","templated":true}]}}