{"id":1340,"date":"2020-03-05T22:02:32","date_gmt":"2020-03-05T18:02:32","guid":{"rendered":"https:\/\/ictimai.az\/?p=1340"},"modified":"2020-03-05T22:02:32","modified_gmt":"2020-03-05T18:02:32","slug":"herbcimiz-sehid-oldu","status":"publish","type":"post","link":"https:\/\/ictimai.az\/?p=1340","title":{"rendered":"H\u0259rb\u00e7imiz \u015f\u0259hid oldu"},"content":{"rendered":"<p><strong>Az\u0259rbaycan-Erm\u0259nistan d\u00f6vl\u0259t s\u0259rh\u0259dinin Qazax rayonu istiqa\u00adm\u0259tind\u0259 m\u00fcdafi\u0259 v\u0259 m\u00fchafiz\u0259sini h\u0259yata ke\u00e7ir\u0259n m\u00f6vqel\u0259rimiz\u0259 qar\u015f\u0131 d\u00fc\u015fm\u0259n t\u0259r\u0259finin t\u0259xri\u00adbatlar\u0131 davam edir.\u00a0<\/strong><\/p>\n<p>DSX-d\u0259n\u00a0Oxu.Az-a veril\u0259n m\u0259lumata g\u00f6r\u0259, 2020-ci ilin 5 mart tarixind\u0259 saat 19:10 rad\u0259l\u0259rind\u0259 Erm\u0259nistan silahl\u0131 q\u00fcvv\u0259l\u0259rinin b\u00f6lm\u0259l\u0259ri t\u0259r\u0259find\u0259n Az\u0259rbaycan-Erm\u0259nistan d\u00f6vl\u0259t s\u0259rh\u0259\u00addind\u0259ki t\u0259mas x\u0259ttind\u0259 at\u0259\u015fk\u0259s rejimi kobud sur\u0259td\u0259 pozulub.<\/p>\n<p>D\u00fc\u015fm\u0259n snayperi t\u0259r\u0259fin\u00add\u0259n a\u00e7\u0131lan at\u0259\u015f n\u0259tic\u0259sind\u0259 Qazax rayonunun Qu\u015f\u00e7u Ayr\u0131m k\u0259ndi yax\u0131nl\u0131\u011f\u0131ndak\u0131 s\u0259rh\u0259d d\u00f6y\u00fc\u015f m\u0259nt\u0259q\u0259sind\u0259 xidm\u0259td\u0259 olan s\u0259rh\u0259d\u00e7i \u0259sg\u0259r Pa\u015fazad\u0259 Orxan Nazim o\u011flu yaralan\u0131b, d\u0259rhal Qazax rayo\u00adnunun dia\u00adqnostika m\u0259rk\u0259zin\u0259 t\u0259xliy\u0259 edils\u0259 d\u0259, h\u0259yat\u0131n\u0131 xilas etm\u0259k m\u00fcmk\u00fcn olmay\u0131b.<\/p>\n<p>Az\u0259rbaycan Respublikas\u0131n\u0131n beyn\u0259lxalq s\u0259viyy\u0259d\u0259 tan\u0131nm\u0131\u015f s\u0259rh\u0259dl\u0259rini qoruyan D\u00f6vl\u0259t S\u0259rh\u0259d Xidm\u0259tinin h\u0259rbi qulluq\u00e7usunun q\u0259tl\u0259 yetirilm\u0259si cinay\u0259tinin m\u0259suliyy\u0259ti Erm\u0259nis\u00adtan\u0131n h\u0259rbi-siyasi r\u0259hb\u0259rliyinin \u00fcz\u0259rind\u0259dir.<\/p>\n<p>Ba\u015f vermi\u015f hadis\u0259 il\u0259 \u0259laq\u0259dar z\u0259ruri t\u0259dbirl\u0259r g\u00f6r\u00fcl\u00fcr.<\/p>\n<p><strong>\u0130ctimai.az\u00a0<\/strong><\/p>\n","protected":false},"excerpt":{"rendered":"<p>Az\u0259rbaycan-Erm\u0259nistan d\u00f6vl\u0259t s\u0259rh\u0259dinin Qazax rayonu istiqa\u00adm\u0259tind\u0259 m\u00fcdafi\u0259 v\u0259 m\u00fchafiz\u0259sini h\u0259yata ke\u00e7ir\u0259n m\u00f6vqel\u0259rimiz\u0259 qar\u015f\u0131 d\u00fc\u015fm\u0259n t\u0259r\u0259finin t\u0259xri\u00adbatlar\u0131 davam edir.\u00a0 DSX-d\u0259n\u00a0Oxu.Az-a veril\u0259n m\u0259lumata g\u00f6r\u0259, 2020-ci ilin 5 mart tarixind\u0259 saat 19:10 rad\u0259l\u0259rind\u0259 Erm\u0259nistan silahl\u0131 q\u00fcvv\u0259l\u0259rinin b\u00f6lm\u0259l\u0259ri t\u0259r\u0259find\u0259n Az\u0259rbaycan-Erm\u0259nistan d\u00f6vl\u0259t s\u0259rh\u0259\u00addind\u0259ki t\u0259mas x\u0259ttind\u0259 at\u0259\u015fk\u0259s rejimi kobud sur\u0259td\u0259 pozulub. D\u00fc\u015fm\u0259n snayperi t\u0259r\u0259fin\u00add\u0259n a\u00e7\u0131lan at\u0259\u015f n\u0259tic\u0259sind\u0259 Qazax rayonunun Qu\u015f\u00e7u Ayr\u0131m [&hellip;]<\/p>\n","protected":false},"author":2,"featured_media":0,"comment_status":"closed","ping_status":"closed","sticky":false,"template":"","format":"standard","meta":{"footnotes":""},"categories":[35],"tags":[],"class_list":["post-1340","post","type-post","status-publish","format-standard","hentry","category-incident"],"yoast_head":"<!-- This site is optimized with the Yoast SEO plugin v28.2 - https:\/\/yoast.com\/product\/yoast-seo-wordpress\/ -->\n<title>H\u0259rb\u00e7imiz \u015f\u0259hid oldu - \u0130CT\u0130MA\u0130.AZ<\/title>\n<meta name=\"robots\" content=\"index, follow, max-snippet:-1, max-image-preview:large, max-video-preview:-1\" \/>\n<link rel=\"canonical\" href=\"https:\/\/ictimai.az\/?p=1340\" \/>\n<meta property=\"og:locale\" content=\"az_AZ\" \/>\n<meta property=\"og:type\" content=\"article\" \/>\n<meta property=\"og:title\" content=\"H\u0259rb\u00e7imiz \u015f\u0259hid oldu - \u0130CT\u0130MA\u0130.AZ\" \/>\n<meta property=\"og:description\" content=\"Az\u0259rbaycan-Erm\u0259nistan d\u00f6vl\u0259t s\u0259rh\u0259dinin Qazax rayonu istiqa\u00adm\u0259tind\u0259 m\u00fcdafi\u0259 v\u0259 m\u00fchafiz\u0259sini h\u0259yata ke\u00e7ir\u0259n m\u00f6vqel\u0259rimiz\u0259 qar\u015f\u0131 d\u00fc\u015fm\u0259n t\u0259r\u0259finin t\u0259xri\u00adbatlar\u0131 davam edir.\u00a0 DSX-d\u0259n\u00a0Oxu.Az-a veril\u0259n m\u0259lumata g\u00f6r\u0259, 2020-ci ilin 5 mart tarixind\u0259 saat 19:10 rad\u0259l\u0259rind\u0259 Erm\u0259nistan silahl\u0131 q\u00fcvv\u0259l\u0259rinin b\u00f6lm\u0259l\u0259ri t\u0259r\u0259find\u0259n Az\u0259rbaycan-Erm\u0259nistan d\u00f6vl\u0259t s\u0259rh\u0259\u00addind\u0259ki t\u0259mas x\u0259ttind\u0259 at\u0259\u015fk\u0259s rejimi kobud sur\u0259td\u0259 pozulub. D\u00fc\u015fm\u0259n snayperi t\u0259r\u0259fin\u00add\u0259n a\u00e7\u0131lan at\u0259\u015f n\u0259tic\u0259sind\u0259 Qazax rayonunun Qu\u015f\u00e7u Ayr\u0131m [&hellip;]\" \/>\n<meta property=\"og:url\" content=\"https:\/\/ictimai.az\/?p=1340\" \/>\n<meta property=\"og:site_name\" content=\"\u0130CT\u0130MA\u0130.AZ\" \/>\n<meta property=\"article:published_time\" content=\"2020-03-05T18:02:32+00:00\" \/>\n<meta name=\"author\" content=\"R\u0259\u015fad Bayramov\" \/>\n<meta name=\"twitter:card\" content=\"summary_large_image\" \/>\n<meta name=\"twitter:label1\" content=\"Written by\" \/>\n\t<meta name=\"twitter:data1\" content=\"R\u0259\u015fad Bayramov\" \/>\n\t<meta name=\"twitter:label2\" content=\"Est. reading time\" \/>\n\t<meta name=\"twitter:data2\" content=\"1 minute\" \/>\n<script type=\"application\/ld+json\" class=\"yoast-schema-graph\">{\"@context\":\"https:\\\/\\\/schema.org\",\"@graph\":[{\"@type\":\"Article\",\"@id\":\"https:\\\/\\\/ictimai.az\\\/?p=1340#article\",\"isPartOf\":{\"@id\":\"https:\\\/\\\/ictimai.az\\\/?p=1340\"},\"author\":{\"name\":\"R\u0259\u015fad Bayramov\",\"@id\":\"https:\\\/\\\/ictimai.az\\\/#\\\/schema\\\/person\\\/1da94bf2c7ab5d83ad349237bec1e6af\"},\"headline\":\"H\u0259rb\u00e7imiz \u015f\u0259hid oldu\",\"datePublished\":\"2020-03-05T18:02:32+00:00\",\"mainEntityOfPage\":{\"@id\":\"https:\\\/\\\/ictimai.az\\\/?p=1340\"},\"wordCount\":244,\"publisher\":{\"@id\":\"https:\\\/\\\/ictimai.az\\\/#organization\"},\"articleSection\":[\"Hadis\u0259\"],\"inLanguage\":\"az\"},{\"@type\":\"WebPage\",\"@id\":\"https:\\\/\\\/ictimai.az\\\/?p=1340\",\"url\":\"https:\\\/\\\/ictimai.az\\\/?p=1340\",\"name\":\"H\u0259rb\u00e7imiz \u015f\u0259hid oldu - \u0130CT\u0130MA\u0130.AZ\",\"isPartOf\":{\"@id\":\"https:\\\/\\\/ictimai.az\\\/#website\"},\"datePublished\":\"2020-03-05T18:02:32+00:00\",\"breadcrumb\":{\"@id\":\"https:\\\/\\\/ictimai.az\\\/?p=1340#breadcrumb\"},\"inLanguage\":\"az\",\"potentialAction\":[{\"@type\":\"ReadAction\",\"target\":[\"https:\\\/\\\/ictimai.az\\\/?p=1340\"]}]},{\"@type\":\"BreadcrumbList\",\"@id\":\"https:\\\/\\\/ictimai.az\\\/?p=1340#breadcrumb\",\"itemListElement\":[{\"@type\":\"ListItem\",\"position\":1,\"name\":\"Home\",\"item\":\"https:\\\/\\\/ictimai.az\\\/\"},{\"@type\":\"ListItem\",\"position\":2,\"name\":\"H\u0259rb\u00e7imiz \u015f\u0259hid oldu\"}]},{\"@type\":\"WebSite\",\"@id\":\"https:\\\/\\\/ictimai.az\\\/#website\",\"url\":\"https:\\\/\\\/ictimai.az\\\/\",\"name\":\"\u0130CT\u0130MA\u0130.AZ\",\"description\":\"\",\"publisher\":{\"@id\":\"https:\\\/\\\/ictimai.az\\\/#organization\"},\"potentialAction\":[{\"@type\":\"SearchAction\",\"target\":{\"@type\":\"EntryPoint\",\"urlTemplate\":\"https:\\\/\\\/ictimai.az\\\/?s={search_term_string}\"},\"query-input\":{\"@type\":\"PropertyValueSpecification\",\"valueRequired\":true,\"valueName\":\"search_term_string\"}}],\"inLanguage\":\"az\"},{\"@type\":\"Organization\",\"@id\":\"https:\\\/\\\/ictimai.az\\\/#organization\",\"name\":\"\u0130CT\u0130MA\u0130.AZ\",\"url\":\"https:\\\/\\\/ictimai.az\\\/\",\"logo\":{\"@type\":\"ImageObject\",\"inLanguage\":\"az\",\"@id\":\"https:\\\/\\\/ictimai.az\\\/#\\\/schema\\\/logo\\\/image\\\/\",\"url\":\"https:\\\/\\\/ictimai.az\\\/core\\\/uploads\\\/2026\\\/06\\\/cropped-ictimai_0380d81099c6fe3baae753faceb5481f_p41rg2mzq0uyvextfh3k-768x768-1-3.png\",\"contentUrl\":\"https:\\\/\\\/ictimai.az\\\/core\\\/uploads\\\/2026\\\/06\\\/cropped-ictimai_0380d81099c6fe3baae753faceb5481f_p41rg2mzq0uyvextfh3k-768x768-1-3.png\",\"width\":768,\"height\":768,\"caption\":\"\u0130CT\u0130MA\u0130.AZ\"},\"image\":{\"@id\":\"https:\\\/\\\/ictimai.az\\\/#\\\/schema\\\/logo\\\/image\\\/\"}},{\"@type\":\"Person\",\"@id\":\"https:\\\/\\\/ictimai.az\\\/#\\\/schema\\\/person\\\/1da94bf2c7ab5d83ad349237bec1e6af\",\"name\":\"R\u0259\u015fad Bayramov\",\"image\":{\"@type\":\"ImageObject\",\"inLanguage\":\"az\",\"@id\":\"https:\\\/\\\/secure.gravatar.com\\\/avatar\\\/83c075605ba0a4d35d59726aaad89cfa8008d1f01603342c56f1dd79784491bc?s=96&d=mm&r=g\",\"url\":\"https:\\\/\\\/secure.gravatar.com\\\/avatar\\\/83c075605ba0a4d35d59726aaad89cfa8008d1f01603342c56f1dd79784491bc?s=96&d=mm&r=g\",\"contentUrl\":\"https:\\\/\\\/secure.gravatar.com\\\/avatar\\\/83c075605ba0a4d35d59726aaad89cfa8008d1f01603342c56f1dd79784491bc?s=96&d=mm&r=g\",\"caption\":\"R\u0259\u015fad Bayramov\"},\"sameAs\":[\"https:\\\/\\\/ictimai.az\\\/\"],\"url\":\"https:\\\/\\\/ictimai.az\\\/?author=2\"}]}<\/script>\n<!-- \/ Yoast SEO plugin. -->","yoast_head_json":{"title":"H\u0259rb\u00e7imiz \u015f\u0259hid oldu - \u0130CT\u0130MA\u0130.AZ","robots":{"index":"index","follow":"follow","max-snippet":"max-snippet:-1","max-image-preview":"max-image-preview:large","max-video-preview":"max-video-preview:-1"},"canonical":"https:\/\/ictimai.az\/?p=1340","og_locale":"az_AZ","og_type":"article","og_title":"H\u0259rb\u00e7imiz \u015f\u0259hid oldu - \u0130CT\u0130MA\u0130.AZ","og_description":"Az\u0259rbaycan-Erm\u0259nistan d\u00f6vl\u0259t s\u0259rh\u0259dinin Qazax rayonu istiqa\u00adm\u0259tind\u0259 m\u00fcdafi\u0259 v\u0259 m\u00fchafiz\u0259sini h\u0259yata ke\u00e7ir\u0259n m\u00f6vqel\u0259rimiz\u0259 qar\u015f\u0131 d\u00fc\u015fm\u0259n t\u0259r\u0259finin t\u0259xri\u00adbatlar\u0131 davam edir.\u00a0 DSX-d\u0259n\u00a0Oxu.Az-a veril\u0259n m\u0259lumata g\u00f6r\u0259, 2020-ci ilin 5 mart tarixind\u0259 saat 19:10 rad\u0259l\u0259rind\u0259 Erm\u0259nistan silahl\u0131 q\u00fcvv\u0259l\u0259rinin b\u00f6lm\u0259l\u0259ri t\u0259r\u0259find\u0259n Az\u0259rbaycan-Erm\u0259nistan d\u00f6vl\u0259t s\u0259rh\u0259\u00addind\u0259ki t\u0259mas x\u0259ttind\u0259 at\u0259\u015fk\u0259s rejimi kobud sur\u0259td\u0259 pozulub. D\u00fc\u015fm\u0259n snayperi t\u0259r\u0259fin\u00add\u0259n a\u00e7\u0131lan at\u0259\u015f n\u0259tic\u0259sind\u0259 Qazax rayonunun Qu\u015f\u00e7u Ayr\u0131m [&hellip;]","og_url":"https:\/\/ictimai.az\/?p=1340","og_site_name":"\u0130CT\u0130MA\u0130.AZ","article_published_time":"2020-03-05T18:02:32+00:00","author":"R\u0259\u015fad Bayramov","twitter_card":"summary_large_image","twitter_misc":{"Written by":"R\u0259\u015fad Bayramov","Est. reading time":"1 minute"},"schema":{"@context":"https:\/\/schema.org","@graph":[{"@type":"Article","@id":"https:\/\/ictimai.az\/?p=1340#article","isPartOf":{"@id":"https:\/\/ictimai.az\/?p=1340"},"author":{"name":"R\u0259\u015fad Bayramov","@id":"https:\/\/ictimai.az\/#\/schema\/person\/1da94bf2c7ab5d83ad349237bec1e6af"},"headline":"H\u0259rb\u00e7imiz \u015f\u0259hid oldu","datePublished":"2020-03-05T18:02:32+00:00","mainEntityOfPage":{"@id":"https:\/\/ictimai.az\/?p=1340"},"wordCount":244,"publisher":{"@id":"https:\/\/ictimai.az\/#organization"},"articleSection":["Hadis\u0259"],"inLanguage":"az"},{"@type":"WebPage","@id":"https:\/\/ictimai.az\/?p=1340","url":"https:\/\/ictimai.az\/?p=1340","name":"H\u0259rb\u00e7imiz \u015f\u0259hid oldu - \u0130CT\u0130MA\u0130.AZ","isPartOf":{"@id":"https:\/\/ictimai.az\/#website"},"datePublished":"2020-03-05T18:02:32+00:00","breadcrumb":{"@id":"https:\/\/ictimai.az\/?p=1340#breadcrumb"},"inLanguage":"az","potentialAction":[{"@type":"ReadAction","target":["https:\/\/ictimai.az\/?p=1340"]}]},{"@type":"BreadcrumbList","@id":"https:\/\/ictimai.az\/?p=1340#breadcrumb","itemListElement":[{"@type":"ListItem","position":1,"name":"Home","item":"https:\/\/ictimai.az\/"},{"@type":"ListItem","position":2,"name":"H\u0259rb\u00e7imiz \u015f\u0259hid oldu"}]},{"@type":"WebSite","@id":"https:\/\/ictimai.az\/#website","url":"https:\/\/ictimai.az\/","name":"\u0130CT\u0130MA\u0130.AZ","description":"","publisher":{"@id":"https:\/\/ictimai.az\/#organization"},"potentialAction":[{"@type":"SearchAction","target":{"@type":"EntryPoint","urlTemplate":"https:\/\/ictimai.az\/?s={search_term_string}"},"query-input":{"@type":"PropertyValueSpecification","valueRequired":true,"valueName":"search_term_string"}}],"inLanguage":"az"},{"@type":"Organization","@id":"https:\/\/ictimai.az\/#organization","name":"\u0130CT\u0130MA\u0130.AZ","url":"https:\/\/ictimai.az\/","logo":{"@type":"ImageObject","inLanguage":"az","@id":"https:\/\/ictimai.az\/#\/schema\/logo\/image\/","url":"https:\/\/ictimai.az\/core\/uploads\/2026\/06\/cropped-ictimai_0380d81099c6fe3baae753faceb5481f_p41rg2mzq0uyvextfh3k-768x768-1-3.png","contentUrl":"https:\/\/ictimai.az\/core\/uploads\/2026\/06\/cropped-ictimai_0380d81099c6fe3baae753faceb5481f_p41rg2mzq0uyvextfh3k-768x768-1-3.png","width":768,"height":768,"caption":"\u0130CT\u0130MA\u0130.AZ"},"image":{"@id":"https:\/\/ictimai.az\/#\/schema\/logo\/image\/"}},{"@type":"Person","@id":"https:\/\/ictimai.az\/#\/schema\/person\/1da94bf2c7ab5d83ad349237bec1e6af","name":"R\u0259\u015fad Bayramov","image":{"@type":"ImageObject","inLanguage":"az","@id":"https:\/\/secure.gravatar.com\/avatar\/83c075605ba0a4d35d59726aaad89cfa8008d1f01603342c56f1dd79784491bc?s=96&d=mm&r=g","url":"https:\/\/secure.gravatar.com\/avatar\/83c075605ba0a4d35d59726aaad89cfa8008d1f01603342c56f1dd79784491bc?s=96&d=mm&r=g","contentUrl":"https:\/\/secure.gravatar.com\/avatar\/83c075605ba0a4d35d59726aaad89cfa8008d1f01603342c56f1dd79784491bc?s=96&d=mm&r=g","caption":"R\u0259\u015fad Bayramov"},"sameAs":["https:\/\/ictimai.az\/"],"url":"https:\/\/ictimai.az\/?author=2"}]}},"_links":{"self":[{"href":"https:\/\/ictimai.az\/index.php?rest_route=\/wp\/v2\/posts\/1340","targetHints":{"allow":["GET"]}}],"collection":[{"href":"https:\/\/ictimai.az\/index.php?rest_route=\/wp\/v2\/posts"}],"about":[{"href":"https:\/\/ictimai.az\/index.php?rest_route=\/wp\/v2\/types\/post"}],"author":[{"embeddable":true,"href":"https:\/\/ictimai.az\/index.php?rest_route=\/wp\/v2\/users\/2"}],"replies":[{"embeddable":true,"href":"https:\/\/ictimai.az\/index.php?rest_route=%2Fwp%2Fv2%2Fcomments&post=1340"}],"version-history":[{"count":0,"href":"https:\/\/ictimai.az\/index.php?rest_route=\/wp\/v2\/posts\/1340\/revisions"}],"wp:attachment":[{"href":"https:\/\/ictimai.az\/index.php?rest_route=%2Fwp%2Fv2%2Fmedia&parent=1340"}],"wp:term":[{"taxonomy":"category","embeddable":true,"href":"https:\/\/ictimai.az\/index.php?rest_route=%2Fwp%2Fv2%2Fcategories&post=1340"},{"taxonomy":"post_tag","embeddable":true,"href":"https:\/\/ictimai.az\/index.php?rest_route=%2Fwp%2Fv2%2Ftags&post=1340"}],"curies":[{"name":"wp","href":"https:\/\/api.w.org\/{rel}","templated":true}]}}