{"id":13648,"date":"2021-12-08T22:32:18","date_gmt":"2021-12-08T18:32:18","guid":{"rendered":"https:\/\/ictimai.az\/?p=13648"},"modified":"2021-12-09T10:44:11","modified_gmt":"2021-12-09T06:44:11","slug":"sahin-ismayilov-ermenistanin-30-ile-yaxin-muddetde-azerbaycan-torpaqlarini-isgal-altinda-saxlamasi-en-cox-da-ozlerine-ziyan-getirib","status":"publish","type":"post","link":"https:\/\/ictimai.az\/?p=13648","title":{"rendered":"\u015eahin \u0130smay\u0131lov: Erm\u0259nistan\u0131n 30 il\u0259 yax\u0131n m\u00fcdd\u0259td\u0259 Az\u0259rbaycan torpaqlar\u0131n\u0131 i\u015f\u011fal alt\u0131nda saxlamas\u0131 \u0259n \u00e7ox da \u00f6zl\u0259rin\u0259 ziyan g\u0259tirib"},"content":{"rendered":"<p><strong>Az\u0259rbaycan xalq\u0131n\u0131n humanizmi v\u0259 erm\u0259ni aqressiyas\u0131: Qaraba\u011fda erm\u0259nil\u0259rl\u0259 birg\u0259 ya\u015fay\u0131\u015f m\u00fcmk\u00fcnd\u00fcrm\u00fc?<\/strong><\/p>\n<p><em>Qaraba\u011fa B\u00f6y\u00fck Qay\u0131d\u0131\u015fdan, Az\u0259rbaycanla Erm\u0259nistan aras\u0131nda s\u00fclh m\u00fcqavil\u0259sinin imzalanmas\u0131ndan sonra orada az\u0259rbaycanl\u0131larla Qaraba\u011f erm\u0259nil\u0259rinin birg\u0259 ya\u015fay\u0131\u015f\u0131 m\u0259s\u0259l\u0259si aktual m\u00f6vzulardan biridir. H\u0259rk\u0259si d\u00fc\u015f\u00fcnd\u00fcr\u0259n suallardan biri odur ki, s\u00fclh \u015f\u0259raitind\u0259 birg\u0259 ya\u015fay\u0131\u015f hans\u0131 halda m\u00fcmk\u00fcn ola bil\u0259r? \u018flb\u0259tt\u0259 biz h\u0259r zaman \u015fahidi oluruq ki,\u00a0 Az\u0259rbaycan xalq\u0131 humanist, s\u00fclhsev\u0259r bir xalqd\u0131r. Bu yax\u0131nlarda\u00a0 BBC News Az\u0259rbaycanca Az\u0259rbaycan\u0131n paytaxt\u0131 Bak\u0131da v\u0259 Erm\u0259nistan\u0131n paytaxt\u0131 \u0130r\u0259vanda bu m\u00f6vzuda sor\u011fu ke\u00e7irib. N\u0259tic\u0259d\u0259 Bak\u0131 sakinl\u0259rinin cavablar\u0131 m\u00fcxt\u0259lif olsa da onlar\u0131n aras\u0131nda s\u00fclh v\u0259 bar\u0131\u015f\u0131q t\u0259r\u0259fdarlar\u0131 \u00fcst\u00fcnl\u00fck t\u0259\u015fkil edib. Amma erm\u0259nil\u0259rin cavablar\u0131 daha aqressiv olub. G\u00f6r\u0259s\u0259n bitib t\u00fck\u0259nm\u0259y\u0259n erm\u0259ni xisl\u0259ti bu bar\u0131\u015f\u0131\u011fa imkan ver\u0259c\u0259kmi?<\/em><\/p>\n<p><strong>Milli M\u0259clisin deputat\u0131, YAP \u0130dar\u0259 Hey\u0259tinin \u00fczv\u00fc \u015eahin \u0130smay\u0131lov Editor.az-a\u00a0bildirib ki,\u00a0\u00a0 Az\u0259rbaycan xalq\u0131 m\u00f6hk\u0259m irad\u0259li, v\u0259t\u0259np\u0259rv\u0259r oldu\u011fu q\u0259d\u0259r m\u00fcdrik, humanist v\u0259 s\u00fclhsev\u0259r xalqd\u0131r:<\/strong><\/p>\n<p>\u201cD\u00f6vl\u0259timiz d\u0259 b\u00fct\u00fcn m\u0259s\u0259l\u0259l\u0259rd\u0259 humanizm prinsipl\u0259rini v\u0259 beyn\u0259lxalq h\u00fcququn normalar\u0131n\u0131 \u00fcst\u00fcn tutur. \u00dcmumilikd\u0259 Az\u0259rbaycan d\u00f6vl\u0259ti Qaraba\u011f m\u0259s\u0259l\u0259sind\u0259 kifay\u0259t q\u0259d\u0259r s\u0259br n\u00fcmayi\u015f etdirdi, Erm\u0259nistan t\u0259r\u0259fin\u0259 \u015fans verdi. 30 il\u0259 yax\u0131n d\u00f6vr \u0259rzind\u0259 onlar bu \u015fans\u0131 d\u0259y\u0259rl\u0259ndirm\u0259di. Az\u0259rbaycan \u00f6z haqq\u0131 olan\u0131 m\u00fcharib\u0259 yolu il\u0259 ald\u0131. M\u00fcharib\u0259nin d\u0259 \u00f6z qanunlar\u0131 var. Az\u0259rbaycan d\u00f6vl\u0259ti bu qanunlardan k\u0259nara \u00e7\u0131xmayaraq \u00f6z torpaqlar\u0131n\u0131 i\u015f\u011faldan azad etdi. \u0130\u015f\u011fala son qoyulmas\u0131 region \u00fc\u00e7\u00fcn yeni imkanlar yaratd\u0131. Bu imkanlardan regionun b\u00fct\u00fcn d\u00f6vl\u0259tl\u0259ri faydalanacaq. \u018fg\u0259r Erm\u0259nistan d\u00f6vl\u0259tinin siyasi r\u0259hb\u0259rliyi vaxt\u0131nda onlara veril\u0259n \u015fans\u0131 d\u00fczg\u00fcn d\u0259y\u0259rl\u0259ndirm\u0259yi bacarsayd\u0131, onlar \u00fc\u00e7\u00fcn daha yax\u015f\u0131 olard\u0131.<br \/>\nBildiyimiz kimi, Beyn\u0259lxalq \u018fdal\u0259t M\u0259hk\u0259m\u0259si 7 dekabr 2021-ci il tarixind\u0259 Erm\u0259nistan\u0131n, o c\u00fcml\u0259d\u0259n Erm\u0259nistan \u0259razisind\u0259 f\u0259aliyy\u0259t g\u00f6st\u0259r\u0259n v\u0259 Az\u0259rbaycanl\u0131lar\u0131 h\u0259d\u0259f alan f\u0259rdl\u0259r v\u0259 t\u0259\u015fkilatlar t\u0259r\u0259find\u0259n irqi nifr\u0259tin t\u0259\u015fviq etm\u0259sini qada\u011fan ed\u0259n m\u00fcv\u0259qq\u0259ti t\u0259dbirl\u0259r\u0259 dair Az\u0259rbaycan\u0131n v\u0259sat\u0259tini t\u0259min edib. Bundan ba\u015fqa, m\u0259hk\u0259m\u0259 2021-ci il oktyabr\u0131n 14-d\u0259n 19-d\u0259k olan dinl\u0259m\u0259l\u0259rd\u0259n sonra \u0259sasl\u0131 olaraq Erm\u0259nistan t\u0259r\u0259fin\u0259 az\u0259rbaycanl\u0131lar\u0131n insan h\u00fcquqlar\u0131n\u0131n pozulmas\u0131n\u0131n qar\u015f\u0131s\u0131n\u0131 almaq \u00fc\u00e7\u00fcn t\u0259cili t\u0259dbirl\u0259r g\u00f6rm\u0259yi tap\u015f\u0131r\u0131b. Az\u0259rbaycan diplomatiyas\u0131n\u0131n u\u011furla icra edilm\u0259si n\u0259tic\u0259sind\u0259 b\u00fct\u00fcn d\u00fcnyaya haqq s\u0259simizi b\u0259yan etmi\u015fik. Siyasi oyunlar\u0131na g\u00f6r\u0259 bu h\u0259qiq\u0259tl\u0259ri q\u0259bul etm\u0259y\u0259nl\u0259r d\u0259 yax\u015f\u0131 bilir ki, biz haqq yolunday\u0131q\u201d.<\/p>\n<p>Mill\u0259t v\u0259kili qeyd edib ki, Erm\u0259nistan\u0131n 30 il\u0259 yax\u0131n m\u00fcdd\u0259td\u0259 Az\u0259rbaycan torpaqlar\u0131n\u0131 i\u015f\u011fal alt\u0131nda saxlamas\u0131 \u0259n \u00e7ox da \u00f6zl\u0259rin\u0259 ziyan g\u0259tirib:<\/p>\n<p>\u201cRegionda realla\u015fd\u0131r\u0131lan \u0259h\u0259miyy\u0259tli layih\u0259l\u0259rd\u0259n k\u0259narda qalan v\u0259 iqtisadiyyat\u0131 pis v\u0259ziyy\u0259td\u0259 olan Erm\u0259nistan m\u00fcharib\u0259d\u0259 uduzaraq \u00e7\u0259tin v\u0259ziyy\u0259t\u0259 d\u00fc\u015fd\u00fc. Birg\u0259ya\u015fay\u0131\u015f m\u0259s\u0259l\u0259sin\u0259 g\u0259ldikd\u0259 burada Erm\u0259nistan\u0131n\u00a0 siyasi r\u0259hb\u0259rliyinin \u00fcz\u0259rin\u0259 b\u00f6y\u00fck y\u00fck d\u00fc\u015f\u00fcr. Onlar r\u0259hb\u0259rliyind\u0259 durdu\u011fu xalq\u0131 d\u00fczg\u00fcn maarifl\u0259ndirm\u0259y\u0259 borcludur. Onlar\u0131n aqressiyas\u0131 \u00f6zl\u0259rin\u0259 daha \u00e7ox ziyan g\u0259tir\u0259c\u0259k. Az\u0259rbaycan i\u015f\u011fala son qoyduqdan sonra q\u0131sa m\u00fcdd\u0259t \u0259rzind\u0259 Qaraba\u011fda b\u00f6y\u00fck quruculuq i\u015fl\u0259rini h\u0259yata ke\u00e7irib. Bu i\u015fl\u0259r s\u00fcr\u0259tl\u0259 davam edir v\u0259 daha b\u00f6y\u00fck n\u0259tic\u0259l\u0259rin \u015fahidi olaca\u011f\u0131q. M\u00fcz\u0259ff\u0259r Ali Ba\u015f Komandan\u0131n da dediyi kimi, bundan sonra Az\u0259rbaycan xalq\u0131 m\u00fcz\u0259ff\u0259r xalq kimi, q\u00fcrur hissi il\u0259 ya\u015fayacaq. Regionda Az\u0259rbaycan\u0131n yaratd\u0131\u011f\u0131 reall\u0131qlar\u0131 q\u0259bul ed\u0259n v\u0259 bununla hesabla\u015fanlar \u00f6zl\u0259ri inki\u015faf \u00fc\u00e7\u00fcn f\u00fcrs\u0259t \u0259ld\u0259 ed\u0259c\u0259k. D\u00fc\u015fm\u0259n m\u0259krli siyas\u0259tind\u0259n \u0259l \u00e7\u0259km\u0259li, g\u00fccl\u00fc Az\u0259rbaycan d\u00f6vl\u0259tinin diqt\u0259sini vaxt\u0131nda q\u0259bul etm\u0259li v\u0259 bunun \u00fc\u00e7\u00fcn laz\u0131m olan b\u00fct\u00fcn add\u0131mlar\u0131 atmal\u0131d\u0131r\u201d.<\/p>\n<p><img loading=\"lazy\" decoding=\"async\" class=\"size-medium wp-image-7498 aligncenter\" src=\"https:\/\/ictimai.az\/core\/uploads\/2020\/11\/ictimai_7404c7fb5df4511de2481da0d39ba21f_2g53e91vmw7blnqjyziu-300x200.jpg\" alt=\"\" width=\"300\" height=\"200\" srcset=\"https:\/\/ictimai.az\/core\/uploads\/2020\/11\/ictimai_7404c7fb5df4511de2481da0d39ba21f_2g53e91vmw7blnqjyziu-300x200.jpg 300w, https:\/\/ictimai.az\/core\/uploads\/2020\/11\/ictimai_7404c7fb5df4511de2481da0d39ba21f_2g53e91vmw7blnqjyziu-1024x682.jpg 1024w, https:\/\/ictimai.az\/core\/uploads\/2020\/11\/ictimai_7404c7fb5df4511de2481da0d39ba21f_2g53e91vmw7blnqjyziu-768x512.jpg 768w, https:\/\/ictimai.az\/core\/uploads\/2020\/11\/ictimai_7404c7fb5df4511de2481da0d39ba21f_2g53e91vmw7blnqjyziu.jpg 1280w\" sizes=\"auto, (max-width: 300px) 100vw, 300px\" \/><\/p>\n","protected":false},"excerpt":{"rendered":"<p>Az\u0259rbaycan xalq\u0131n\u0131n humanizmi v\u0259 erm\u0259ni aqressiyas\u0131: Qaraba\u011fda erm\u0259nil\u0259rl\u0259 birg\u0259 ya\u015fay\u0131\u015f m\u00fcmk\u00fcnd\u00fcrm\u00fc? Qaraba\u011fa B\u00f6y\u00fck Qay\u0131d\u0131\u015fdan, Az\u0259rbaycanla Erm\u0259nistan aras\u0131nda s\u00fclh m\u00fcqavil\u0259sinin imzalanmas\u0131ndan sonra orada az\u0259rbaycanl\u0131larla Qaraba\u011f erm\u0259nil\u0259rinin birg\u0259 ya\u015fay\u0131\u015f\u0131 m\u0259s\u0259l\u0259si aktual m\u00f6vzulardan biridir. H\u0259rk\u0259si d\u00fc\u015f\u00fcnd\u00fcr\u0259n suallardan biri odur ki, s\u00fclh \u015f\u0259raitind\u0259 birg\u0259 ya\u015fay\u0131\u015f hans\u0131 halda m\u00fcmk\u00fcn ola bil\u0259r? \u018flb\u0259tt\u0259 biz h\u0259r zaman \u015fahidi oluruq ki,\u00a0 Az\u0259rbaycan xalq\u0131 [&hellip;]<\/p>\n","protected":false},"author":2,"featured_media":13649,"comment_status":"closed","ping_status":"closed","sticky":false,"template":"","format":"standard","meta":{"footnotes":""},"categories":[2],"tags":[],"class_list":["post-13648","post","type-post","status-publish","format-standard","has-post-thumbnail","hentry","category-trend"],"yoast_head":"<!-- This site is optimized with the Yoast SEO plugin v28.2 - https:\/\/yoast.com\/product\/yoast-seo-wordpress\/ -->\n<title>\u015eahin \u0130smay\u0131lov: Erm\u0259nistan\u0131n 30 il\u0259 yax\u0131n m\u00fcdd\u0259td\u0259 Az\u0259rbaycan torpaqlar\u0131n\u0131 i\u015f\u011fal alt\u0131nda saxlamas\u0131 \u0259n \u00e7ox da \u00f6zl\u0259rin\u0259 ziyan g\u0259tirib - \u0130CT\u0130MA\u0130.AZ<\/title>\n<meta name=\"robots\" content=\"index, follow, max-snippet:-1, max-image-preview:large, max-video-preview:-1\" \/>\n<link rel=\"canonical\" href=\"https:\/\/ictimai.az\/?p=13648\" \/>\n<meta property=\"og:locale\" content=\"az_AZ\" \/>\n<meta property=\"og:type\" content=\"article\" \/>\n<meta property=\"og:title\" content=\"\u015eahin \u0130smay\u0131lov: Erm\u0259nistan\u0131n 30 il\u0259 yax\u0131n m\u00fcdd\u0259td\u0259 Az\u0259rbaycan torpaqlar\u0131n\u0131 i\u015f\u011fal alt\u0131nda saxlamas\u0131 \u0259n \u00e7ox da \u00f6zl\u0259rin\u0259 ziyan g\u0259tirib - \u0130CT\u0130MA\u0130.AZ\" \/>\n<meta property=\"og:description\" content=\"Az\u0259rbaycan xalq\u0131n\u0131n humanizmi v\u0259 erm\u0259ni aqressiyas\u0131: Qaraba\u011fda erm\u0259nil\u0259rl\u0259 birg\u0259 ya\u015fay\u0131\u015f m\u00fcmk\u00fcnd\u00fcrm\u00fc? Qaraba\u011fa B\u00f6y\u00fck Qay\u0131d\u0131\u015fdan, Az\u0259rbaycanla Erm\u0259nistan aras\u0131nda s\u00fclh m\u00fcqavil\u0259sinin imzalanmas\u0131ndan sonra orada az\u0259rbaycanl\u0131larla Qaraba\u011f erm\u0259nil\u0259rinin birg\u0259 ya\u015fay\u0131\u015f\u0131 m\u0259s\u0259l\u0259si aktual m\u00f6vzulardan biridir. H\u0259rk\u0259si d\u00fc\u015f\u00fcnd\u00fcr\u0259n suallardan biri odur ki, s\u00fclh \u015f\u0259raitind\u0259 birg\u0259 ya\u015fay\u0131\u015f hans\u0131 halda m\u00fcmk\u00fcn ola bil\u0259r? \u018flb\u0259tt\u0259 biz h\u0259r zaman \u015fahidi oluruq ki,\u00a0 Az\u0259rbaycan xalq\u0131 [&hellip;]\" \/>\n<meta property=\"og:url\" content=\"https:\/\/ictimai.az\/?p=13648\" \/>\n<meta property=\"og:site_name\" content=\"\u0130CT\u0130MA\u0130.AZ\" \/>\n<meta property=\"article:published_time\" content=\"2021-12-08T18:32:18+00:00\" \/>\n<meta property=\"article:modified_time\" content=\"2021-12-09T06:44:11+00:00\" \/>\n<meta property=\"og:image\" content=\"https:\/\/ictimai.az\/core\/uploads\/2021\/12\/ictimai_de847f3da683bd353d44ea55b3a318cb_24ifp81e3qzt69rango5.jpg\" \/>\n\t<meta property=\"og:image:width\" content=\"768\" \/>\n\t<meta property=\"og:image:height\" content=\"403\" \/>\n\t<meta property=\"og:image:type\" content=\"image\/jpeg\" \/>\n<meta name=\"author\" content=\"R\u0259\u015fad Bayramov\" \/>\n<meta name=\"twitter:card\" content=\"summary_large_image\" \/>\n<meta name=\"twitter:label1\" content=\"Written by\" \/>\n\t<meta name=\"twitter:data1\" content=\"R\u0259\u015fad Bayramov\" \/>\n\t<meta name=\"twitter:label2\" content=\"Est. reading time\" \/>\n\t<meta name=\"twitter:data2\" content=\"4 minutes\" \/>\n<script type=\"application\/ld+json\" class=\"yoast-schema-graph\">{\"@context\":\"https:\\\/\\\/schema.org\",\"@graph\":[{\"@type\":\"Article\",\"@id\":\"https:\\\/\\\/ictimai.az\\\/?p=13648#article\",\"isPartOf\":{\"@id\":\"https:\\\/\\\/ictimai.az\\\/?p=13648\"},\"author\":{\"name\":\"R\u0259\u015fad Bayramov\",\"@id\":\"https:\\\/\\\/ictimai.az\\\/#\\\/schema\\\/person\\\/1da94bf2c7ab5d83ad349237bec1e6af\"},\"headline\":\"\u015eahin \u0130smay\u0131lov: Erm\u0259nistan\u0131n 30 il\u0259 yax\u0131n m\u00fcdd\u0259td\u0259 Az\u0259rbaycan torpaqlar\u0131n\u0131 i\u015f\u011fal alt\u0131nda saxlamas\u0131 \u0259n \u00e7ox da \u00f6zl\u0259rin\u0259 ziyan g\u0259tirib\",\"datePublished\":\"2021-12-08T18:32:18+00:00\",\"dateModified\":\"2021-12-09T06:44:11+00:00\",\"mainEntityOfPage\":{\"@id\":\"https:\\\/\\\/ictimai.az\\\/?p=13648\"},\"wordCount\":860,\"publisher\":{\"@id\":\"https:\\\/\\\/ictimai.az\\\/#organization\"},\"image\":{\"@id\":\"https:\\\/\\\/ictimai.az\\\/?p=13648#primaryimage\"},\"thumbnailUrl\":\"https:\\\/\\\/ictimai.az\\\/core\\\/uploads\\\/2021\\\/12\\\/ictimai_de847f3da683bd353d44ea55b3a318cb_24ifp81e3qzt69rango5.jpg\",\"articleSection\":[\"G\u00fcnd\u0259m\"],\"inLanguage\":\"az\"},{\"@type\":\"WebPage\",\"@id\":\"https:\\\/\\\/ictimai.az\\\/?p=13648\",\"url\":\"https:\\\/\\\/ictimai.az\\\/?p=13648\",\"name\":\"\u015eahin \u0130smay\u0131lov: Erm\u0259nistan\u0131n 30 il\u0259 yax\u0131n m\u00fcdd\u0259td\u0259 Az\u0259rbaycan torpaqlar\u0131n\u0131 i\u015f\u011fal alt\u0131nda saxlamas\u0131 \u0259n \u00e7ox da \u00f6zl\u0259rin\u0259 ziyan g\u0259tirib - \u0130CT\u0130MA\u0130.AZ\",\"isPartOf\":{\"@id\":\"https:\\\/\\\/ictimai.az\\\/#website\"},\"primaryImageOfPage\":{\"@id\":\"https:\\\/\\\/ictimai.az\\\/?p=13648#primaryimage\"},\"image\":{\"@id\":\"https:\\\/\\\/ictimai.az\\\/?p=13648#primaryimage\"},\"thumbnailUrl\":\"https:\\\/\\\/ictimai.az\\\/core\\\/uploads\\\/2021\\\/12\\\/ictimai_de847f3da683bd353d44ea55b3a318cb_24ifp81e3qzt69rango5.jpg\",\"datePublished\":\"2021-12-08T18:32:18+00:00\",\"dateModified\":\"2021-12-09T06:44:11+00:00\",\"breadcrumb\":{\"@id\":\"https:\\\/\\\/ictimai.az\\\/?p=13648#breadcrumb\"},\"inLanguage\":\"az\",\"potentialAction\":[{\"@type\":\"ReadAction\",\"target\":[\"https:\\\/\\\/ictimai.az\\\/?p=13648\"]}]},{\"@type\":\"ImageObject\",\"inLanguage\":\"az\",\"@id\":\"https:\\\/\\\/ictimai.az\\\/?p=13648#primaryimage\",\"url\":\"https:\\\/\\\/ictimai.az\\\/core\\\/uploads\\\/2021\\\/12\\\/ictimai_de847f3da683bd353d44ea55b3a318cb_24ifp81e3qzt69rango5.jpg\",\"contentUrl\":\"https:\\\/\\\/ictimai.az\\\/core\\\/uploads\\\/2021\\\/12\\\/ictimai_de847f3da683bd353d44ea55b3a318cb_24ifp81e3qzt69rango5.jpg\",\"width\":768,\"height\":403},{\"@type\":\"BreadcrumbList\",\"@id\":\"https:\\\/\\\/ictimai.az\\\/?p=13648#breadcrumb\",\"itemListElement\":[{\"@type\":\"ListItem\",\"position\":1,\"name\":\"Home\",\"item\":\"https:\\\/\\\/ictimai.az\\\/\"},{\"@type\":\"ListItem\",\"position\":2,\"name\":\"\u015eahin \u0130smay\u0131lov: Erm\u0259nistan\u0131n 30 il\u0259 yax\u0131n m\u00fcdd\u0259td\u0259 Az\u0259rbaycan torpaqlar\u0131n\u0131 i\u015f\u011fal alt\u0131nda saxlamas\u0131 \u0259n \u00e7ox da \u00f6zl\u0259rin\u0259 ziyan g\u0259tirib\"}]},{\"@type\":\"WebSite\",\"@id\":\"https:\\\/\\\/ictimai.az\\\/#website\",\"url\":\"https:\\\/\\\/ictimai.az\\\/\",\"name\":\"\u0130CT\u0130MA\u0130.AZ\",\"description\":\"\",\"publisher\":{\"@id\":\"https:\\\/\\\/ictimai.az\\\/#organization\"},\"potentialAction\":[{\"@type\":\"SearchAction\",\"target\":{\"@type\":\"EntryPoint\",\"urlTemplate\":\"https:\\\/\\\/ictimai.az\\\/?s={search_term_string}\"},\"query-input\":{\"@type\":\"PropertyValueSpecification\",\"valueRequired\":true,\"valueName\":\"search_term_string\"}}],\"inLanguage\":\"az\"},{\"@type\":\"Organization\",\"@id\":\"https:\\\/\\\/ictimai.az\\\/#organization\",\"name\":\"\u0130CT\u0130MA\u0130.AZ\",\"url\":\"https:\\\/\\\/ictimai.az\\\/\",\"logo\":{\"@type\":\"ImageObject\",\"inLanguage\":\"az\",\"@id\":\"https:\\\/\\\/ictimai.az\\\/#\\\/schema\\\/logo\\\/image\\\/\",\"url\":\"https:\\\/\\\/ictimai.az\\\/core\\\/uploads\\\/2026\\\/06\\\/cropped-ictimai_0380d81099c6fe3baae753faceb5481f_p41rg2mzq0uyvextfh3k-768x768-1-3.png\",\"contentUrl\":\"https:\\\/\\\/ictimai.az\\\/core\\\/uploads\\\/2026\\\/06\\\/cropped-ictimai_0380d81099c6fe3baae753faceb5481f_p41rg2mzq0uyvextfh3k-768x768-1-3.png\",\"width\":768,\"height\":768,\"caption\":\"\u0130CT\u0130MA\u0130.AZ\"},\"image\":{\"@id\":\"https:\\\/\\\/ictimai.az\\\/#\\\/schema\\\/logo\\\/image\\\/\"}},{\"@type\":\"Person\",\"@id\":\"https:\\\/\\\/ictimai.az\\\/#\\\/schema\\\/person\\\/1da94bf2c7ab5d83ad349237bec1e6af\",\"name\":\"R\u0259\u015fad Bayramov\",\"image\":{\"@type\":\"ImageObject\",\"inLanguage\":\"az\",\"@id\":\"https:\\\/\\\/secure.gravatar.com\\\/avatar\\\/83c075605ba0a4d35d59726aaad89cfa8008d1f01603342c56f1dd79784491bc?s=96&d=mm&r=g\",\"url\":\"https:\\\/\\\/secure.gravatar.com\\\/avatar\\\/83c075605ba0a4d35d59726aaad89cfa8008d1f01603342c56f1dd79784491bc?s=96&d=mm&r=g\",\"contentUrl\":\"https:\\\/\\\/secure.gravatar.com\\\/avatar\\\/83c075605ba0a4d35d59726aaad89cfa8008d1f01603342c56f1dd79784491bc?s=96&d=mm&r=g\",\"caption\":\"R\u0259\u015fad Bayramov\"},\"sameAs\":[\"https:\\\/\\\/ictimai.az\\\/\"],\"url\":\"https:\\\/\\\/ictimai.az\\\/?author=2\"}]}<\/script>\n<!-- \/ Yoast SEO plugin. -->","yoast_head_json":{"title":"\u015eahin \u0130smay\u0131lov: Erm\u0259nistan\u0131n 30 il\u0259 yax\u0131n m\u00fcdd\u0259td\u0259 Az\u0259rbaycan torpaqlar\u0131n\u0131 i\u015f\u011fal alt\u0131nda saxlamas\u0131 \u0259n \u00e7ox da \u00f6zl\u0259rin\u0259 ziyan g\u0259tirib - \u0130CT\u0130MA\u0130.AZ","robots":{"index":"index","follow":"follow","max-snippet":"max-snippet:-1","max-image-preview":"max-image-preview:large","max-video-preview":"max-video-preview:-1"},"canonical":"https:\/\/ictimai.az\/?p=13648","og_locale":"az_AZ","og_type":"article","og_title":"\u015eahin \u0130smay\u0131lov: Erm\u0259nistan\u0131n 30 il\u0259 yax\u0131n m\u00fcdd\u0259td\u0259 Az\u0259rbaycan torpaqlar\u0131n\u0131 i\u015f\u011fal alt\u0131nda saxlamas\u0131 \u0259n \u00e7ox da \u00f6zl\u0259rin\u0259 ziyan g\u0259tirib - \u0130CT\u0130MA\u0130.AZ","og_description":"Az\u0259rbaycan xalq\u0131n\u0131n humanizmi v\u0259 erm\u0259ni aqressiyas\u0131: Qaraba\u011fda erm\u0259nil\u0259rl\u0259 birg\u0259 ya\u015fay\u0131\u015f m\u00fcmk\u00fcnd\u00fcrm\u00fc? Qaraba\u011fa B\u00f6y\u00fck Qay\u0131d\u0131\u015fdan, Az\u0259rbaycanla Erm\u0259nistan aras\u0131nda s\u00fclh m\u00fcqavil\u0259sinin imzalanmas\u0131ndan sonra orada az\u0259rbaycanl\u0131larla Qaraba\u011f erm\u0259nil\u0259rinin birg\u0259 ya\u015fay\u0131\u015f\u0131 m\u0259s\u0259l\u0259si aktual m\u00f6vzulardan biridir. H\u0259rk\u0259si d\u00fc\u015f\u00fcnd\u00fcr\u0259n suallardan biri odur ki, s\u00fclh \u015f\u0259raitind\u0259 birg\u0259 ya\u015fay\u0131\u015f hans\u0131 halda m\u00fcmk\u00fcn ola bil\u0259r? \u018flb\u0259tt\u0259 biz h\u0259r zaman \u015fahidi oluruq ki,\u00a0 Az\u0259rbaycan xalq\u0131 [&hellip;]","og_url":"https:\/\/ictimai.az\/?p=13648","og_site_name":"\u0130CT\u0130MA\u0130.AZ","article_published_time":"2021-12-08T18:32:18+00:00","article_modified_time":"2021-12-09T06:44:11+00:00","og_image":[{"width":768,"height":403,"url":"https:\/\/ictimai.az\/core\/uploads\/2021\/12\/ictimai_de847f3da683bd353d44ea55b3a318cb_24ifp81e3qzt69rango5.jpg","type":"image\/jpeg"}],"author":"R\u0259\u015fad Bayramov","twitter_card":"summary_large_image","twitter_misc":{"Written by":"R\u0259\u015fad Bayramov","Est. reading time":"4 minutes"},"schema":{"@context":"https:\/\/schema.org","@graph":[{"@type":"Article","@id":"https:\/\/ictimai.az\/?p=13648#article","isPartOf":{"@id":"https:\/\/ictimai.az\/?p=13648"},"author":{"name":"R\u0259\u015fad Bayramov","@id":"https:\/\/ictimai.az\/#\/schema\/person\/1da94bf2c7ab5d83ad349237bec1e6af"},"headline":"\u015eahin \u0130smay\u0131lov: Erm\u0259nistan\u0131n 30 il\u0259 yax\u0131n m\u00fcdd\u0259td\u0259 Az\u0259rbaycan torpaqlar\u0131n\u0131 i\u015f\u011fal alt\u0131nda saxlamas\u0131 \u0259n \u00e7ox da \u00f6zl\u0259rin\u0259 ziyan g\u0259tirib","datePublished":"2021-12-08T18:32:18+00:00","dateModified":"2021-12-09T06:44:11+00:00","mainEntityOfPage":{"@id":"https:\/\/ictimai.az\/?p=13648"},"wordCount":860,"publisher":{"@id":"https:\/\/ictimai.az\/#organization"},"image":{"@id":"https:\/\/ictimai.az\/?p=13648#primaryimage"},"thumbnailUrl":"https:\/\/ictimai.az\/core\/uploads\/2021\/12\/ictimai_de847f3da683bd353d44ea55b3a318cb_24ifp81e3qzt69rango5.jpg","articleSection":["G\u00fcnd\u0259m"],"inLanguage":"az"},{"@type":"WebPage","@id":"https:\/\/ictimai.az\/?p=13648","url":"https:\/\/ictimai.az\/?p=13648","name":"\u015eahin \u0130smay\u0131lov: Erm\u0259nistan\u0131n 30 il\u0259 yax\u0131n m\u00fcdd\u0259td\u0259 Az\u0259rbaycan torpaqlar\u0131n\u0131 i\u015f\u011fal alt\u0131nda saxlamas\u0131 \u0259n \u00e7ox da \u00f6zl\u0259rin\u0259 ziyan g\u0259tirib - \u0130CT\u0130MA\u0130.AZ","isPartOf":{"@id":"https:\/\/ictimai.az\/#website"},"primaryImageOfPage":{"@id":"https:\/\/ictimai.az\/?p=13648#primaryimage"},"image":{"@id":"https:\/\/ictimai.az\/?p=13648#primaryimage"},"thumbnailUrl":"https:\/\/ictimai.az\/core\/uploads\/2021\/12\/ictimai_de847f3da683bd353d44ea55b3a318cb_24ifp81e3qzt69rango5.jpg","datePublished":"2021-12-08T18:32:18+00:00","dateModified":"2021-12-09T06:44:11+00:00","breadcrumb":{"@id":"https:\/\/ictimai.az\/?p=13648#breadcrumb"},"inLanguage":"az","potentialAction":[{"@type":"ReadAction","target":["https:\/\/ictimai.az\/?p=13648"]}]},{"@type":"ImageObject","inLanguage":"az","@id":"https:\/\/ictimai.az\/?p=13648#primaryimage","url":"https:\/\/ictimai.az\/core\/uploads\/2021\/12\/ictimai_de847f3da683bd353d44ea55b3a318cb_24ifp81e3qzt69rango5.jpg","contentUrl":"https:\/\/ictimai.az\/core\/uploads\/2021\/12\/ictimai_de847f3da683bd353d44ea55b3a318cb_24ifp81e3qzt69rango5.jpg","width":768,"height":403},{"@type":"BreadcrumbList","@id":"https:\/\/ictimai.az\/?p=13648#breadcrumb","itemListElement":[{"@type":"ListItem","position":1,"name":"Home","item":"https:\/\/ictimai.az\/"},{"@type":"ListItem","position":2,"name":"\u015eahin \u0130smay\u0131lov: Erm\u0259nistan\u0131n 30 il\u0259 yax\u0131n m\u00fcdd\u0259td\u0259 Az\u0259rbaycan torpaqlar\u0131n\u0131 i\u015f\u011fal alt\u0131nda saxlamas\u0131 \u0259n \u00e7ox da \u00f6zl\u0259rin\u0259 ziyan g\u0259tirib"}]},{"@type":"WebSite","@id":"https:\/\/ictimai.az\/#website","url":"https:\/\/ictimai.az\/","name":"\u0130CT\u0130MA\u0130.AZ","description":"","publisher":{"@id":"https:\/\/ictimai.az\/#organization"},"potentialAction":[{"@type":"SearchAction","target":{"@type":"EntryPoint","urlTemplate":"https:\/\/ictimai.az\/?s={search_term_string}"},"query-input":{"@type":"PropertyValueSpecification","valueRequired":true,"valueName":"search_term_string"}}],"inLanguage":"az"},{"@type":"Organization","@id":"https:\/\/ictimai.az\/#organization","name":"\u0130CT\u0130MA\u0130.AZ","url":"https:\/\/ictimai.az\/","logo":{"@type":"ImageObject","inLanguage":"az","@id":"https:\/\/ictimai.az\/#\/schema\/logo\/image\/","url":"https:\/\/ictimai.az\/core\/uploads\/2026\/06\/cropped-ictimai_0380d81099c6fe3baae753faceb5481f_p41rg2mzq0uyvextfh3k-768x768-1-3.png","contentUrl":"https:\/\/ictimai.az\/core\/uploads\/2026\/06\/cropped-ictimai_0380d81099c6fe3baae753faceb5481f_p41rg2mzq0uyvextfh3k-768x768-1-3.png","width":768,"height":768,"caption":"\u0130CT\u0130MA\u0130.AZ"},"image":{"@id":"https:\/\/ictimai.az\/#\/schema\/logo\/image\/"}},{"@type":"Person","@id":"https:\/\/ictimai.az\/#\/schema\/person\/1da94bf2c7ab5d83ad349237bec1e6af","name":"R\u0259\u015fad Bayramov","image":{"@type":"ImageObject","inLanguage":"az","@id":"https:\/\/secure.gravatar.com\/avatar\/83c075605ba0a4d35d59726aaad89cfa8008d1f01603342c56f1dd79784491bc?s=96&d=mm&r=g","url":"https:\/\/secure.gravatar.com\/avatar\/83c075605ba0a4d35d59726aaad89cfa8008d1f01603342c56f1dd79784491bc?s=96&d=mm&r=g","contentUrl":"https:\/\/secure.gravatar.com\/avatar\/83c075605ba0a4d35d59726aaad89cfa8008d1f01603342c56f1dd79784491bc?s=96&d=mm&r=g","caption":"R\u0259\u015fad Bayramov"},"sameAs":["https:\/\/ictimai.az\/"],"url":"https:\/\/ictimai.az\/?author=2"}]}},"_links":{"self":[{"href":"https:\/\/ictimai.az\/index.php?rest_route=\/wp\/v2\/posts\/13648","targetHints":{"allow":["GET"]}}],"collection":[{"href":"https:\/\/ictimai.az\/index.php?rest_route=\/wp\/v2\/posts"}],"about":[{"href":"https:\/\/ictimai.az\/index.php?rest_route=\/wp\/v2\/types\/post"}],"author":[{"embeddable":true,"href":"https:\/\/ictimai.az\/index.php?rest_route=\/wp\/v2\/users\/2"}],"replies":[{"embeddable":true,"href":"https:\/\/ictimai.az\/index.php?rest_route=%2Fwp%2Fv2%2Fcomments&post=13648"}],"version-history":[{"count":0,"href":"https:\/\/ictimai.az\/index.php?rest_route=\/wp\/v2\/posts\/13648\/revisions"}],"wp:featuredmedia":[{"embeddable":true,"href":"https:\/\/ictimai.az\/index.php?rest_route=\/wp\/v2\/media\/13649"}],"wp:attachment":[{"href":"https:\/\/ictimai.az\/index.php?rest_route=%2Fwp%2Fv2%2Fmedia&parent=13648"}],"wp:term":[{"taxonomy":"category","embeddable":true,"href":"https:\/\/ictimai.az\/index.php?rest_route=%2Fwp%2Fv2%2Fcategories&post=13648"},{"taxonomy":"post_tag","embeddable":true,"href":"https:\/\/ictimai.az\/index.php?rest_route=%2Fwp%2Fv2%2Ftags&post=13648"}],"curies":[{"name":"wp","href":"https:\/\/api.w.org\/{rel}","templated":true}]}}