{"id":1410,"date":"2020-03-10T20:03:58","date_gmt":"2020-03-10T16:03:58","guid":{"rendered":"https:\/\/ictimai.az\/?p=1410"},"modified":"2020-03-10T21:13:14","modified_gmt":"2020-03-10T17:13:14","slug":"odlar-yurdu-2019-milli-mukafati-8-aprelde-teqdim-olunacaq","status":"publish","type":"post","link":"https:\/\/ictimai.az\/?p=1410","title":{"rendered":"\u201cOdlar Yurdu\u20132019\u201d Milli M\u00fckafat\u0131 8 apreld\u0259 t\u0259qdim olunacaq"},"content":{"rendered":"<p><strong>\u201cTonika Group\u201dun t\u0259\u015fkilat\u00e7\u0131l\u0131\u011f\u0131 il\u0259 16 mart 2020-ci il tarixind\u0259 \u201cR\u0259\u015fid Behbudov ad\u0131na D\u00f6vl\u0259t Mahn\u0131 Teatr\u0131nda\u201d ke\u00e7irilm\u0259si n\u0259z\u0259rd\u0259 tutulan\u00a0\u00a0\u201cOdlar Yurdu-2019\u201d Milli M\u00fckafat\u0131n\u0131n t\u0259qdimetm\u0259 m\u0259rasiminin tarixi\u00a0 d\u0259yi\u015fdirildi.<\/strong><\/p>\n<p>T\u0259\u015fkilat komit\u0259sind\u0259n\u00a0 bildirildi ki, t\u0259dbirin tarixinin d\u0259yi\u015fdirilm\u0259sin\u0259\u00a0s\u0259b\u0259b\u00a0\u00a0 M\u0259d\u0259niyy\u0259t naziri \u018fb\u00fclf\u0259s Qarayev koronavirus t\u0259hl\u00fck\u0259si il\u0259 \u0259laq\u0259dar b\u00fct\u00fcn m\u00fc\u0259ssis\u0259l\u0259rin f\u0259aliyy\u0259tinin mart\u0131n 27-d\u0259k dayand\u0131r\u0131lmas\u0131 bar\u0259d\u0259 tap\u015f\u0131r\u0131\u011f\u0131 olub. Biliyiniz kimi\u00a0bizim t\u0259dbirin\u00a0 ke\u00e7iril\u0259c\u0259yi m\u0259kan\u00a0\u00a0M\u0259d\u0259niyy\u0259t Nazirliyinin n\u0259zdind\u0259 olan R\u0259\u015fid Behbudov ad\u0131na D\u00f6vl\u0259t Mahn\u0131 Teatr\u0131d\u0131r. Buna\u00a0 g\u00f6r\u0259 d\u0259 biz t\u0259\u015fkilat komit\u0259si olaraq q\u0259rara ald\u0131q ki, t\u0259qdimetm\u0259 m\u0259rasimini\u00a0\u00a08 aprel 2020-ci il tarixind\u0259 t\u0259\u015fkil ed\u0259k.<\/p>\n<p>T\u0259\u015fkilat komit\u0259sind\u0259n veril\u0259n x\u0259b\u0259r\u0259 g\u00f6r\u0259, 8 aprel 2020-ci ild\u0259 ke\u00e7iril\u0259c\u0259k t\u0259dbird\u0259, 2019-ci ilin yekun n\u0259tic\u0259l\u0259rin\u0259 uy\u011fun olaraq \u00f6z u\u011furlu f\u0259aliyy\u0259tl\u0259ri il\u0259 h\u0259mkarlar\u0131ndan f\u0259rql\u0259n\u0259n mill\u0259t v\u0259kill\u0259rin\u0259, K\u0130V n\u00fcmay\u0259nd\u0259l\u0259rin\u0259, i\u015f adamlar\u0131na, m\u0259d\u0259niyy\u0259t xadiml\u0259rin\u0259, biznes qurumlar\u0131na, idman\u00e7\u0131lara, televizyalara, internet saytlara, radiolara, apar\u0131c\u0131lara, jurnalistl\u0259r\u0259, aktyorlara, aktrisalara, modelyerl\u0259r\u0259 v\u0259 s. t\u0259qdim olunacaq.<\/p>\n<p><strong>\u0130ctimai.az\u00a0<\/strong><\/p>\n","protected":false},"excerpt":{"rendered":"<p>\u201cTonika Group\u201dun t\u0259\u015fkilat\u00e7\u0131l\u0131\u011f\u0131 il\u0259 16 mart 2020-ci il tarixind\u0259 \u201cR\u0259\u015fid Behbudov ad\u0131na D\u00f6vl\u0259t Mahn\u0131 Teatr\u0131nda\u201d ke\u00e7irilm\u0259si n\u0259z\u0259rd\u0259 tutulan\u00a0\u00a0\u201cOdlar Yurdu-2019\u201d Milli M\u00fckafat\u0131n\u0131n t\u0259qdimetm\u0259 m\u0259rasiminin tarixi\u00a0 d\u0259yi\u015fdirildi. T\u0259\u015fkilat komit\u0259sind\u0259n\u00a0 bildirildi ki, t\u0259dbirin tarixinin d\u0259yi\u015fdirilm\u0259sin\u0259\u00a0s\u0259b\u0259b\u00a0\u00a0 M\u0259d\u0259niyy\u0259t naziri \u018fb\u00fclf\u0259s Qarayev koronavirus t\u0259hl\u00fck\u0259si il\u0259 \u0259laq\u0259dar b\u00fct\u00fcn m\u00fc\u0259ssis\u0259l\u0259rin f\u0259aliyy\u0259tinin mart\u0131n 27-d\u0259k dayand\u0131r\u0131lmas\u0131 bar\u0259d\u0259 tap\u015f\u0131r\u0131\u011f\u0131 olub. Biliyiniz kimi\u00a0bizim t\u0259dbirin\u00a0 ke\u00e7iril\u0259c\u0259yi m\u0259kan\u00a0\u00a0M\u0259d\u0259niyy\u0259t Nazirliyinin [&hellip;]<\/p>\n","protected":false},"author":2,"featured_media":0,"comment_status":"closed","ping_status":"closed","sticky":false,"template":"","format":"standard","meta":{"footnotes":""},"categories":[38],"tags":[],"class_list":["post-1410","post","type-post","status-publish","format-standard","hentry","category-culture"],"yoast_head":"<!-- This site is optimized with the Yoast SEO plugin v28.2 - https:\/\/yoast.com\/product\/yoast-seo-wordpress\/ -->\n<title>\u201cOdlar Yurdu\u20132019\u201d Milli M\u00fckafat\u0131 8 apreld\u0259 t\u0259qdim olunacaq - \u0130CT\u0130MA\u0130.AZ<\/title>\n<meta name=\"robots\" content=\"index, follow, max-snippet:-1, max-image-preview:large, max-video-preview:-1\" \/>\n<link rel=\"canonical\" href=\"https:\/\/ictimai.az\/?p=1410\" \/>\n<meta property=\"og:locale\" content=\"az_AZ\" \/>\n<meta property=\"og:type\" content=\"article\" \/>\n<meta property=\"og:title\" content=\"\u201cOdlar Yurdu\u20132019\u201d Milli M\u00fckafat\u0131 8 apreld\u0259 t\u0259qdim olunacaq - \u0130CT\u0130MA\u0130.AZ\" \/>\n<meta property=\"og:description\" content=\"\u201cTonika Group\u201dun t\u0259\u015fkilat\u00e7\u0131l\u0131\u011f\u0131 il\u0259 16 mart 2020-ci il tarixind\u0259 \u201cR\u0259\u015fid Behbudov ad\u0131na D\u00f6vl\u0259t Mahn\u0131 Teatr\u0131nda\u201d ke\u00e7irilm\u0259si n\u0259z\u0259rd\u0259 tutulan\u00a0\u00a0\u201cOdlar Yurdu-2019\u201d Milli M\u00fckafat\u0131n\u0131n t\u0259qdimetm\u0259 m\u0259rasiminin tarixi\u00a0 d\u0259yi\u015fdirildi. T\u0259\u015fkilat komit\u0259sind\u0259n\u00a0 bildirildi ki, t\u0259dbirin tarixinin d\u0259yi\u015fdirilm\u0259sin\u0259\u00a0s\u0259b\u0259b\u00a0\u00a0 M\u0259d\u0259niyy\u0259t naziri \u018fb\u00fclf\u0259s Qarayev koronavirus t\u0259hl\u00fck\u0259si il\u0259 \u0259laq\u0259dar b\u00fct\u00fcn m\u00fc\u0259ssis\u0259l\u0259rin f\u0259aliyy\u0259tinin mart\u0131n 27-d\u0259k dayand\u0131r\u0131lmas\u0131 bar\u0259d\u0259 tap\u015f\u0131r\u0131\u011f\u0131 olub. Biliyiniz kimi\u00a0bizim t\u0259dbirin\u00a0 ke\u00e7iril\u0259c\u0259yi m\u0259kan\u00a0\u00a0M\u0259d\u0259niyy\u0259t Nazirliyinin [&hellip;]\" \/>\n<meta property=\"og:url\" content=\"https:\/\/ictimai.az\/?p=1410\" \/>\n<meta property=\"og:site_name\" content=\"\u0130CT\u0130MA\u0130.AZ\" \/>\n<meta property=\"article:published_time\" content=\"2020-03-10T16:03:58+00:00\" \/>\n<meta property=\"article:modified_time\" content=\"2020-03-10T17:13:14+00:00\" \/>\n<meta name=\"author\" content=\"R\u0259\u015fad Bayramov\" \/>\n<meta name=\"twitter:card\" content=\"summary_large_image\" \/>\n<meta name=\"twitter:label1\" content=\"Written by\" \/>\n\t<meta name=\"twitter:data1\" content=\"R\u0259\u015fad Bayramov\" \/>\n\t<meta name=\"twitter:label2\" content=\"Est. reading time\" \/>\n\t<meta name=\"twitter:data2\" content=\"1 minute\" \/>\n<script type=\"application\/ld+json\" class=\"yoast-schema-graph\">{\"@context\":\"https:\\\/\\\/schema.org\",\"@graph\":[{\"@type\":\"Article\",\"@id\":\"https:\\\/\\\/ictimai.az\\\/?p=1410#article\",\"isPartOf\":{\"@id\":\"https:\\\/\\\/ictimai.az\\\/?p=1410\"},\"author\":{\"name\":\"R\u0259\u015fad Bayramov\",\"@id\":\"https:\\\/\\\/ictimai.az\\\/#\\\/schema\\\/person\\\/1da94bf2c7ab5d83ad349237bec1e6af\"},\"headline\":\"\u201cOdlar Yurdu\u20132019\u201d Milli M\u00fckafat\u0131 8 apreld\u0259 t\u0259qdim olunacaq\",\"datePublished\":\"2020-03-10T16:03:58+00:00\",\"dateModified\":\"2020-03-10T17:13:14+00:00\",\"mainEntityOfPage\":{\"@id\":\"https:\\\/\\\/ictimai.az\\\/?p=1410\"},\"wordCount\":259,\"publisher\":{\"@id\":\"https:\\\/\\\/ictimai.az\\\/#organization\"},\"articleSection\":[\"\u015eou - M\u0259d\u0259niyy\u0259t\"],\"inLanguage\":\"az\"},{\"@type\":\"WebPage\",\"@id\":\"https:\\\/\\\/ictimai.az\\\/?p=1410\",\"url\":\"https:\\\/\\\/ictimai.az\\\/?p=1410\",\"name\":\"\u201cOdlar Yurdu\u20132019\u201d Milli M\u00fckafat\u0131 8 apreld\u0259 t\u0259qdim olunacaq - \u0130CT\u0130MA\u0130.AZ\",\"isPartOf\":{\"@id\":\"https:\\\/\\\/ictimai.az\\\/#website\"},\"datePublished\":\"2020-03-10T16:03:58+00:00\",\"dateModified\":\"2020-03-10T17:13:14+00:00\",\"breadcrumb\":{\"@id\":\"https:\\\/\\\/ictimai.az\\\/?p=1410#breadcrumb\"},\"inLanguage\":\"az\",\"potentialAction\":[{\"@type\":\"ReadAction\",\"target\":[\"https:\\\/\\\/ictimai.az\\\/?p=1410\"]}]},{\"@type\":\"BreadcrumbList\",\"@id\":\"https:\\\/\\\/ictimai.az\\\/?p=1410#breadcrumb\",\"itemListElement\":[{\"@type\":\"ListItem\",\"position\":1,\"name\":\"Home\",\"item\":\"https:\\\/\\\/ictimai.az\\\/\"},{\"@type\":\"ListItem\",\"position\":2,\"name\":\"\u201cOdlar Yurdu\u20132019\u201d Milli M\u00fckafat\u0131 8 apreld\u0259 t\u0259qdim olunacaq\"}]},{\"@type\":\"WebSite\",\"@id\":\"https:\\\/\\\/ictimai.az\\\/#website\",\"url\":\"https:\\\/\\\/ictimai.az\\\/\",\"name\":\"\u0130CT\u0130MA\u0130.AZ\",\"description\":\"\",\"publisher\":{\"@id\":\"https:\\\/\\\/ictimai.az\\\/#organization\"},\"potentialAction\":[{\"@type\":\"SearchAction\",\"target\":{\"@type\":\"EntryPoint\",\"urlTemplate\":\"https:\\\/\\\/ictimai.az\\\/?s={search_term_string}\"},\"query-input\":{\"@type\":\"PropertyValueSpecification\",\"valueRequired\":true,\"valueName\":\"search_term_string\"}}],\"inLanguage\":\"az\"},{\"@type\":\"Organization\",\"@id\":\"https:\\\/\\\/ictimai.az\\\/#organization\",\"name\":\"\u0130CT\u0130MA\u0130.AZ\",\"url\":\"https:\\\/\\\/ictimai.az\\\/\",\"logo\":{\"@type\":\"ImageObject\",\"inLanguage\":\"az\",\"@id\":\"https:\\\/\\\/ictimai.az\\\/#\\\/schema\\\/logo\\\/image\\\/\",\"url\":\"https:\\\/\\\/ictimai.az\\\/core\\\/uploads\\\/2026\\\/06\\\/cropped-ictimai_0380d81099c6fe3baae753faceb5481f_p41rg2mzq0uyvextfh3k-768x768-1-3.png\",\"contentUrl\":\"https:\\\/\\\/ictimai.az\\\/core\\\/uploads\\\/2026\\\/06\\\/cropped-ictimai_0380d81099c6fe3baae753faceb5481f_p41rg2mzq0uyvextfh3k-768x768-1-3.png\",\"width\":768,\"height\":768,\"caption\":\"\u0130CT\u0130MA\u0130.AZ\"},\"image\":{\"@id\":\"https:\\\/\\\/ictimai.az\\\/#\\\/schema\\\/logo\\\/image\\\/\"}},{\"@type\":\"Person\",\"@id\":\"https:\\\/\\\/ictimai.az\\\/#\\\/schema\\\/person\\\/1da94bf2c7ab5d83ad349237bec1e6af\",\"name\":\"R\u0259\u015fad Bayramov\",\"image\":{\"@type\":\"ImageObject\",\"inLanguage\":\"az\",\"@id\":\"https:\\\/\\\/secure.gravatar.com\\\/avatar\\\/83c075605ba0a4d35d59726aaad89cfa8008d1f01603342c56f1dd79784491bc?s=96&d=mm&r=g\",\"url\":\"https:\\\/\\\/secure.gravatar.com\\\/avatar\\\/83c075605ba0a4d35d59726aaad89cfa8008d1f01603342c56f1dd79784491bc?s=96&d=mm&r=g\",\"contentUrl\":\"https:\\\/\\\/secure.gravatar.com\\\/avatar\\\/83c075605ba0a4d35d59726aaad89cfa8008d1f01603342c56f1dd79784491bc?s=96&d=mm&r=g\",\"caption\":\"R\u0259\u015fad Bayramov\"},\"sameAs\":[\"https:\\\/\\\/ictimai.az\\\/\"],\"url\":\"https:\\\/\\\/ictimai.az\\\/?author=2\"}]}<\/script>\n<!-- \/ Yoast SEO plugin. -->","yoast_head_json":{"title":"\u201cOdlar Yurdu\u20132019\u201d Milli M\u00fckafat\u0131 8 apreld\u0259 t\u0259qdim olunacaq - \u0130CT\u0130MA\u0130.AZ","robots":{"index":"index","follow":"follow","max-snippet":"max-snippet:-1","max-image-preview":"max-image-preview:large","max-video-preview":"max-video-preview:-1"},"canonical":"https:\/\/ictimai.az\/?p=1410","og_locale":"az_AZ","og_type":"article","og_title":"\u201cOdlar Yurdu\u20132019\u201d Milli M\u00fckafat\u0131 8 apreld\u0259 t\u0259qdim olunacaq - \u0130CT\u0130MA\u0130.AZ","og_description":"\u201cTonika Group\u201dun t\u0259\u015fkilat\u00e7\u0131l\u0131\u011f\u0131 il\u0259 16 mart 2020-ci il tarixind\u0259 \u201cR\u0259\u015fid Behbudov ad\u0131na D\u00f6vl\u0259t Mahn\u0131 Teatr\u0131nda\u201d ke\u00e7irilm\u0259si n\u0259z\u0259rd\u0259 tutulan\u00a0\u00a0\u201cOdlar Yurdu-2019\u201d Milli M\u00fckafat\u0131n\u0131n t\u0259qdimetm\u0259 m\u0259rasiminin tarixi\u00a0 d\u0259yi\u015fdirildi. T\u0259\u015fkilat komit\u0259sind\u0259n\u00a0 bildirildi ki, t\u0259dbirin tarixinin d\u0259yi\u015fdirilm\u0259sin\u0259\u00a0s\u0259b\u0259b\u00a0\u00a0 M\u0259d\u0259niyy\u0259t naziri \u018fb\u00fclf\u0259s Qarayev koronavirus t\u0259hl\u00fck\u0259si il\u0259 \u0259laq\u0259dar b\u00fct\u00fcn m\u00fc\u0259ssis\u0259l\u0259rin f\u0259aliyy\u0259tinin mart\u0131n 27-d\u0259k dayand\u0131r\u0131lmas\u0131 bar\u0259d\u0259 tap\u015f\u0131r\u0131\u011f\u0131 olub. Biliyiniz kimi\u00a0bizim t\u0259dbirin\u00a0 ke\u00e7iril\u0259c\u0259yi m\u0259kan\u00a0\u00a0M\u0259d\u0259niyy\u0259t Nazirliyinin [&hellip;]","og_url":"https:\/\/ictimai.az\/?p=1410","og_site_name":"\u0130CT\u0130MA\u0130.AZ","article_published_time":"2020-03-10T16:03:58+00:00","article_modified_time":"2020-03-10T17:13:14+00:00","author":"R\u0259\u015fad Bayramov","twitter_card":"summary_large_image","twitter_misc":{"Written by":"R\u0259\u015fad Bayramov","Est. reading time":"1 minute"},"schema":{"@context":"https:\/\/schema.org","@graph":[{"@type":"Article","@id":"https:\/\/ictimai.az\/?p=1410#article","isPartOf":{"@id":"https:\/\/ictimai.az\/?p=1410"},"author":{"name":"R\u0259\u015fad Bayramov","@id":"https:\/\/ictimai.az\/#\/schema\/person\/1da94bf2c7ab5d83ad349237bec1e6af"},"headline":"\u201cOdlar Yurdu\u20132019\u201d Milli M\u00fckafat\u0131 8 apreld\u0259 t\u0259qdim olunacaq","datePublished":"2020-03-10T16:03:58+00:00","dateModified":"2020-03-10T17:13:14+00:00","mainEntityOfPage":{"@id":"https:\/\/ictimai.az\/?p=1410"},"wordCount":259,"publisher":{"@id":"https:\/\/ictimai.az\/#organization"},"articleSection":["\u015eou - M\u0259d\u0259niyy\u0259t"],"inLanguage":"az"},{"@type":"WebPage","@id":"https:\/\/ictimai.az\/?p=1410","url":"https:\/\/ictimai.az\/?p=1410","name":"\u201cOdlar Yurdu\u20132019\u201d Milli M\u00fckafat\u0131 8 apreld\u0259 t\u0259qdim olunacaq - \u0130CT\u0130MA\u0130.AZ","isPartOf":{"@id":"https:\/\/ictimai.az\/#website"},"datePublished":"2020-03-10T16:03:58+00:00","dateModified":"2020-03-10T17:13:14+00:00","breadcrumb":{"@id":"https:\/\/ictimai.az\/?p=1410#breadcrumb"},"inLanguage":"az","potentialAction":[{"@type":"ReadAction","target":["https:\/\/ictimai.az\/?p=1410"]}]},{"@type":"BreadcrumbList","@id":"https:\/\/ictimai.az\/?p=1410#breadcrumb","itemListElement":[{"@type":"ListItem","position":1,"name":"Home","item":"https:\/\/ictimai.az\/"},{"@type":"ListItem","position":2,"name":"\u201cOdlar Yurdu\u20132019\u201d Milli M\u00fckafat\u0131 8 apreld\u0259 t\u0259qdim olunacaq"}]},{"@type":"WebSite","@id":"https:\/\/ictimai.az\/#website","url":"https:\/\/ictimai.az\/","name":"\u0130CT\u0130MA\u0130.AZ","description":"","publisher":{"@id":"https:\/\/ictimai.az\/#organization"},"potentialAction":[{"@type":"SearchAction","target":{"@type":"EntryPoint","urlTemplate":"https:\/\/ictimai.az\/?s={search_term_string}"},"query-input":{"@type":"PropertyValueSpecification","valueRequired":true,"valueName":"search_term_string"}}],"inLanguage":"az"},{"@type":"Organization","@id":"https:\/\/ictimai.az\/#organization","name":"\u0130CT\u0130MA\u0130.AZ","url":"https:\/\/ictimai.az\/","logo":{"@type":"ImageObject","inLanguage":"az","@id":"https:\/\/ictimai.az\/#\/schema\/logo\/image\/","url":"https:\/\/ictimai.az\/core\/uploads\/2026\/06\/cropped-ictimai_0380d81099c6fe3baae753faceb5481f_p41rg2mzq0uyvextfh3k-768x768-1-3.png","contentUrl":"https:\/\/ictimai.az\/core\/uploads\/2026\/06\/cropped-ictimai_0380d81099c6fe3baae753faceb5481f_p41rg2mzq0uyvextfh3k-768x768-1-3.png","width":768,"height":768,"caption":"\u0130CT\u0130MA\u0130.AZ"},"image":{"@id":"https:\/\/ictimai.az\/#\/schema\/logo\/image\/"}},{"@type":"Person","@id":"https:\/\/ictimai.az\/#\/schema\/person\/1da94bf2c7ab5d83ad349237bec1e6af","name":"R\u0259\u015fad Bayramov","image":{"@type":"ImageObject","inLanguage":"az","@id":"https:\/\/secure.gravatar.com\/avatar\/83c075605ba0a4d35d59726aaad89cfa8008d1f01603342c56f1dd79784491bc?s=96&d=mm&r=g","url":"https:\/\/secure.gravatar.com\/avatar\/83c075605ba0a4d35d59726aaad89cfa8008d1f01603342c56f1dd79784491bc?s=96&d=mm&r=g","contentUrl":"https:\/\/secure.gravatar.com\/avatar\/83c075605ba0a4d35d59726aaad89cfa8008d1f01603342c56f1dd79784491bc?s=96&d=mm&r=g","caption":"R\u0259\u015fad Bayramov"},"sameAs":["https:\/\/ictimai.az\/"],"url":"https:\/\/ictimai.az\/?author=2"}]}},"_links":{"self":[{"href":"https:\/\/ictimai.az\/index.php?rest_route=\/wp\/v2\/posts\/1410","targetHints":{"allow":["GET"]}}],"collection":[{"href":"https:\/\/ictimai.az\/index.php?rest_route=\/wp\/v2\/posts"}],"about":[{"href":"https:\/\/ictimai.az\/index.php?rest_route=\/wp\/v2\/types\/post"}],"author":[{"embeddable":true,"href":"https:\/\/ictimai.az\/index.php?rest_route=\/wp\/v2\/users\/2"}],"replies":[{"embeddable":true,"href":"https:\/\/ictimai.az\/index.php?rest_route=%2Fwp%2Fv2%2Fcomments&post=1410"}],"version-history":[{"count":0,"href":"https:\/\/ictimai.az\/index.php?rest_route=\/wp\/v2\/posts\/1410\/revisions"}],"wp:attachment":[{"href":"https:\/\/ictimai.az\/index.php?rest_route=%2Fwp%2Fv2%2Fmedia&parent=1410"}],"wp:term":[{"taxonomy":"category","embeddable":true,"href":"https:\/\/ictimai.az\/index.php?rest_route=%2Fwp%2Fv2%2Fcategories&post=1410"},{"taxonomy":"post_tag","embeddable":true,"href":"https:\/\/ictimai.az\/index.php?rest_route=%2Fwp%2Fv2%2Ftags&post=1410"}],"curies":[{"name":"wp","href":"https:\/\/api.w.org\/{rel}","templated":true}]}}