{"id":1419,"date":"2020-03-11T13:18:02","date_gmt":"2020-03-11T09:18:02","guid":{"rendered":"https:\/\/ictimai.az\/?p=1419"},"modified":"2020-03-11T13:44:00","modified_gmt":"2020-03-11T09:44:00","slug":"gencler-fondundan-muhum-addim-ideyani-reallasdir-musabiqesi-basladi","status":"publish","type":"post","link":"https:\/\/ictimai.az\/?p=1419","title":{"rendered":"G\u0259ncl\u0259r Fondundan m\u00fch\u00fcm add\u0131m: \u201c\u0130deyan\u0131 Realla\u015fd\u0131r\u201d m\u00fcsabiq\u0259si ba\u015flad\u0131"},"content":{"rendered":"<div><strong>Az\u0259rbaycan Respublikas\u0131n\u0131n G\u0259ncl\u0259r Fondu g\u0259ncl\u0259rin sosial v\u0259 ictimai \u0259h\u0259miyy\u0259tli ideyalar\u0131n\u0131n maliyy\u0259l\u0259\u015fdirilm\u0259si il\u0259 ba\u011fl\u0131\u00a0 &#8220;\u0130deyan\u0131 Realla\u015fd\u0131r \u2013 g\u0259ncl\u0259rin f\u0259rdi layih\u0259l\u0259ri \u00fczr\u0259 qrant m\u00fcsabiq\u0259sin\u0259\u201d start verir.<\/strong><\/div>\n<div><\/div>\n<div>Elan edilmi\u015f m\u00f6vzular \u00fczr\u0259 g\u0259ncl\u0259rin bilik v\u0259 bacar\u0131\u011f\u0131n\u0131n, t\u0259msil\u00e7ilik v\u0259 q\u0259rar q\u0259buletm\u0259, el\u0259c\u0259 d\u0259 f\u0259all\u0131\u011f\u0131n\u0131n art\u0131r\u0131lmas\u0131 il\u0259 ba\u011fl\u0131 layih\u0259l\u0259r 11 mart tarixind\u0259n etibar\u0259n GencAPP (genc.az) mobil t\u0259tbiqi v\u0259 www.youthfoundation.az internet s\u0259hif\u0259si vasit\u0259sil\u0259 m\u00fcsabiq\u0259y\u0259 t\u0259qdim oluna bil\u0259r. M\u00fcsabiq\u0259 \u00e7\u0259r\u00e7iv\u0259sind\u0259 maliyy\u0259l\u0259\u015fdiril\u0259c\u0259k m\u00f6vzular\u0131n siyah\u0131s\u0131 g\u0259ncl\u0259r v\u0259 g\u0259ncl\u0259r t\u0259\u015fkilatlar\u0131 il\u0259 apar\u0131lan sor\u011fular v\u0259 g\u0259ncl\u0259r siyas\u0259tinin prioritet istiqam\u0259tl\u0259ri \u0259sas\u0131nda m\u00fc\u0259yy\u0259n edilmi\u015fdir.<\/div>\n<div><\/div>\n<div>M\u00fcraci\u0259t prosesini asanla\u015fd\u0131rmaq m\u0259qs\u0259dil\u0259 g\u0259ncl\u0259r layih\u0259l\u0259rini qeyd olunan platformalar vasit\u0259sil\u0259 art\u0131q videot\u0259qdimat \u015f\u0259klind\u0259 g\u00f6nd\u0259r\u0259 bil\u0259c\u0259kl\u0259r.<\/div>\n<div><\/div>\n<div>M\u00fcsabiq\u0259d\u0259 t\u0259tbiq edilmi\u015f daha bir yeniliy\u0259 \u0259sas\u0259n g\u0259ncl\u0259rin ideya v\u0259 layih\u0259l\u0259ri bu g\u00fcnd\u0259n etibar\u0259n il boyu G\u0259ncl\u0259r Fondu t\u0259r\u0259find\u0259n q\u0259bul edil\u0259c\u0259k v\u0259 h\u0259r r\u00fcb\u00fcn sonunda qalibl\u0259r elan olunacaqd\u0131r. Bel\u0259 ki, bir \u00e7ox hallarda t\u0259klif olunan layih\u0259l\u0259rin t\u0259xir\u0259sal\u0131nmaz icras\u0131 t\u0259l\u0259b olunur v\u0259 d\u00f6vr\u00fc ke\u00e7iril\u0259n qrant m\u00fcsabiq\u0259l\u0259rind\u0259 h\u0259yata ke\u00e7irilm\u0259si layih\u0259nin faydas\u0131n\u0131 v\u0259 aktuall\u0131\u011f\u0131n\u0131 azaltm\u0131\u015f olur.<\/div>\n<div><\/div>\n<div>Az\u0259rbaycan Respublikas\u0131n\u0131n Prezidenti c\u0259nab \u0130lham \u018fliyev t\u0259r\u0259find\u0259n 2011-ci ild\u0259 t\u0259sis edilmi\u015f G\u0259ncl\u0259r Fondu bu g\u00fcn\u0259 q\u0259d\u0259r 14 qrant m\u00fcsabiq\u0259si \u00e7\u0259r\u00e7iv\u0259sind\u0259 g\u0259ncl\u0259r v\u0259 g\u0259ncl\u0259r t\u0259\u015fkilatlar\u0131n\u0131n 4 mind\u0259n art\u0131q layih\u0259sini maliyy\u0259l\u0259\u015fdirmi\u015f, paytaxtda v\u0259 regionlarda ya\u015fayan g\u0259ncl\u0259rin h\u0259rt\u0259r\u0259fli inki\u015faf\u0131 il\u0259 ba\u011fl\u0131 silsil\u0259 proqramlar h\u0259yata ke\u00e7irm\u0259kd\u0259dir.<\/div>\n<div><\/div>\n<div>&#8220;\u0130deyan\u0131 Realla\u015fd\u0131r \u2013 g\u0259ncl\u0259rin f\u0259rdi layih\u0259l\u0259ri \u00fczr\u0259 qrant m\u00fcsabiq\u0259sind\u0259\u201d\u00a0<a href=\"https:\/\/youthfoundation.az\/wp-content\/uploads\/2020\/02\/G%C9%99ncl%C9%99r-Fondunun-r%C9%99smi-internet-s%C9%99hif%C9%99sind%C9%99-qeydiyyat-T%C6%8FLI%CC%87MATI.pdf\">i\u015ftirakla ba\u011fl\u0131 \u015f\u0259rtl\u0259rl\u0259<\/a>\u00a0v\u0259 prioritet\u00a0<a href=\"https:\/\/youthfoundation.az\/92979\/#popup-5e688ab36c8dd\">m\u00f6vzular\u0131n siyah\u0131s\u0131 il\u0259<\/a>\u00a0burada tan\u0131\u015f ola bil\u0259rsiniz.<\/div>\n<div><strong>\u0130ctimai.az<\/strong><\/div>\n","protected":false},"excerpt":{"rendered":"<p>Az\u0259rbaycan Respublikas\u0131n\u0131n G\u0259ncl\u0259r Fondu g\u0259ncl\u0259rin sosial v\u0259 ictimai \u0259h\u0259miyy\u0259tli ideyalar\u0131n\u0131n maliyy\u0259l\u0259\u015fdirilm\u0259si il\u0259 ba\u011fl\u0131\u00a0 &#8220;\u0130deyan\u0131 Realla\u015fd\u0131r \u2013 g\u0259ncl\u0259rin f\u0259rdi layih\u0259l\u0259ri \u00fczr\u0259 qrant m\u00fcsabiq\u0259sin\u0259\u201d start verir. Elan edilmi\u015f m\u00f6vzular \u00fczr\u0259 g\u0259ncl\u0259rin bilik v\u0259 bacar\u0131\u011f\u0131n\u0131n, t\u0259msil\u00e7ilik v\u0259 q\u0259rar q\u0259buletm\u0259, el\u0259c\u0259 d\u0259 f\u0259all\u0131\u011f\u0131n\u0131n art\u0131r\u0131lmas\u0131 il\u0259 ba\u011fl\u0131 layih\u0259l\u0259r 11 mart tarixind\u0259n etibar\u0259n GencAPP (genc.az) mobil t\u0259tbiqi v\u0259 www.youthfoundation.az internet s\u0259hif\u0259si [&hellip;]<\/p>\n","protected":false},"author":2,"featured_media":0,"comment_status":"closed","ping_status":"closed","sticky":false,"template":"","format":"standard","meta":{"footnotes":""},"categories":[50],"tags":[],"class_list":["post-1419","post","type-post","status-publish","format-standard","hentry","category-youth"],"yoast_head":"<!-- This site is optimized with the Yoast SEO plugin v28.2 - https:\/\/yoast.com\/product\/yoast-seo-wordpress\/ -->\n<title>G\u0259ncl\u0259r Fondundan m\u00fch\u00fcm add\u0131m: \u201c\u0130deyan\u0131 Realla\u015fd\u0131r\u201d m\u00fcsabiq\u0259si ba\u015flad\u0131 - \u0130CT\u0130MA\u0130.AZ<\/title>\n<meta name=\"robots\" content=\"index, follow, max-snippet:-1, max-image-preview:large, max-video-preview:-1\" \/>\n<link rel=\"canonical\" href=\"https:\/\/ictimai.az\/?p=1419\" \/>\n<meta property=\"og:locale\" content=\"az_AZ\" \/>\n<meta property=\"og:type\" content=\"article\" \/>\n<meta property=\"og:title\" content=\"G\u0259ncl\u0259r Fondundan m\u00fch\u00fcm add\u0131m: \u201c\u0130deyan\u0131 Realla\u015fd\u0131r\u201d m\u00fcsabiq\u0259si ba\u015flad\u0131 - \u0130CT\u0130MA\u0130.AZ\" \/>\n<meta property=\"og:description\" content=\"Az\u0259rbaycan Respublikas\u0131n\u0131n G\u0259ncl\u0259r Fondu g\u0259ncl\u0259rin sosial v\u0259 ictimai \u0259h\u0259miyy\u0259tli ideyalar\u0131n\u0131n maliyy\u0259l\u0259\u015fdirilm\u0259si il\u0259 ba\u011fl\u0131\u00a0 &#8220;\u0130deyan\u0131 Realla\u015fd\u0131r \u2013 g\u0259ncl\u0259rin f\u0259rdi layih\u0259l\u0259ri \u00fczr\u0259 qrant m\u00fcsabiq\u0259sin\u0259\u201d start verir. Elan edilmi\u015f m\u00f6vzular \u00fczr\u0259 g\u0259ncl\u0259rin bilik v\u0259 bacar\u0131\u011f\u0131n\u0131n, t\u0259msil\u00e7ilik v\u0259 q\u0259rar q\u0259buletm\u0259, el\u0259c\u0259 d\u0259 f\u0259all\u0131\u011f\u0131n\u0131n art\u0131r\u0131lmas\u0131 il\u0259 ba\u011fl\u0131 layih\u0259l\u0259r 11 mart tarixind\u0259n etibar\u0259n GencAPP (genc.az) mobil t\u0259tbiqi v\u0259 www.youthfoundation.az internet s\u0259hif\u0259si [&hellip;]\" \/>\n<meta property=\"og:url\" content=\"https:\/\/ictimai.az\/?p=1419\" \/>\n<meta property=\"og:site_name\" content=\"\u0130CT\u0130MA\u0130.AZ\" \/>\n<meta property=\"article:published_time\" content=\"2020-03-11T09:18:02+00:00\" \/>\n<meta property=\"article:modified_time\" content=\"2020-03-11T09:44:00+00:00\" \/>\n<meta name=\"author\" content=\"R\u0259\u015fad Bayramov\" \/>\n<meta name=\"twitter:card\" content=\"summary_large_image\" \/>\n<meta name=\"twitter:label1\" content=\"Written by\" \/>\n\t<meta name=\"twitter:data1\" content=\"R\u0259\u015fad Bayramov\" \/>\n\t<meta name=\"twitter:label2\" content=\"Est. reading time\" \/>\n\t<meta name=\"twitter:data2\" content=\"2 minutes\" \/>\n<script type=\"application\/ld+json\" class=\"yoast-schema-graph\">{\"@context\":\"https:\\\/\\\/schema.org\",\"@graph\":[{\"@type\":\"Article\",\"@id\":\"https:\\\/\\\/ictimai.az\\\/?p=1419#article\",\"isPartOf\":{\"@id\":\"https:\\\/\\\/ictimai.az\\\/?p=1419\"},\"author\":{\"name\":\"R\u0259\u015fad Bayramov\",\"@id\":\"https:\\\/\\\/ictimai.az\\\/#\\\/schema\\\/person\\\/1da94bf2c7ab5d83ad349237bec1e6af\"},\"headline\":\"G\u0259ncl\u0259r Fondundan m\u00fch\u00fcm add\u0131m: \u201c\u0130deyan\u0131 Realla\u015fd\u0131r\u201d m\u00fcsabiq\u0259si ba\u015flad\u0131\",\"datePublished\":\"2020-03-11T09:18:02+00:00\",\"dateModified\":\"2020-03-11T09:44:00+00:00\",\"mainEntityOfPage\":{\"@id\":\"https:\\\/\\\/ictimai.az\\\/?p=1419\"},\"wordCount\":426,\"publisher\":{\"@id\":\"https:\\\/\\\/ictimai.az\\\/#organization\"},\"articleSection\":[\"G\u0259nclik\"],\"inLanguage\":\"az\"},{\"@type\":\"WebPage\",\"@id\":\"https:\\\/\\\/ictimai.az\\\/?p=1419\",\"url\":\"https:\\\/\\\/ictimai.az\\\/?p=1419\",\"name\":\"G\u0259ncl\u0259r Fondundan m\u00fch\u00fcm add\u0131m: \u201c\u0130deyan\u0131 Realla\u015fd\u0131r\u201d m\u00fcsabiq\u0259si ba\u015flad\u0131 - \u0130CT\u0130MA\u0130.AZ\",\"isPartOf\":{\"@id\":\"https:\\\/\\\/ictimai.az\\\/#website\"},\"datePublished\":\"2020-03-11T09:18:02+00:00\",\"dateModified\":\"2020-03-11T09:44:00+00:00\",\"breadcrumb\":{\"@id\":\"https:\\\/\\\/ictimai.az\\\/?p=1419#breadcrumb\"},\"inLanguage\":\"az\",\"potentialAction\":[{\"@type\":\"ReadAction\",\"target\":[\"https:\\\/\\\/ictimai.az\\\/?p=1419\"]}]},{\"@type\":\"BreadcrumbList\",\"@id\":\"https:\\\/\\\/ictimai.az\\\/?p=1419#breadcrumb\",\"itemListElement\":[{\"@type\":\"ListItem\",\"position\":1,\"name\":\"Home\",\"item\":\"https:\\\/\\\/ictimai.az\\\/\"},{\"@type\":\"ListItem\",\"position\":2,\"name\":\"G\u0259ncl\u0259r Fondundan m\u00fch\u00fcm add\u0131m: \u201c\u0130deyan\u0131 Realla\u015fd\u0131r\u201d m\u00fcsabiq\u0259si ba\u015flad\u0131\"}]},{\"@type\":\"WebSite\",\"@id\":\"https:\\\/\\\/ictimai.az\\\/#website\",\"url\":\"https:\\\/\\\/ictimai.az\\\/\",\"name\":\"\u0130CT\u0130MA\u0130.AZ\",\"description\":\"\",\"publisher\":{\"@id\":\"https:\\\/\\\/ictimai.az\\\/#organization\"},\"potentialAction\":[{\"@type\":\"SearchAction\",\"target\":{\"@type\":\"EntryPoint\",\"urlTemplate\":\"https:\\\/\\\/ictimai.az\\\/?s={search_term_string}\"},\"query-input\":{\"@type\":\"PropertyValueSpecification\",\"valueRequired\":true,\"valueName\":\"search_term_string\"}}],\"inLanguage\":\"az\"},{\"@type\":\"Organization\",\"@id\":\"https:\\\/\\\/ictimai.az\\\/#organization\",\"name\":\"\u0130CT\u0130MA\u0130.AZ\",\"url\":\"https:\\\/\\\/ictimai.az\\\/\",\"logo\":{\"@type\":\"ImageObject\",\"inLanguage\":\"az\",\"@id\":\"https:\\\/\\\/ictimai.az\\\/#\\\/schema\\\/logo\\\/image\\\/\",\"url\":\"https:\\\/\\\/ictimai.az\\\/core\\\/uploads\\\/2026\\\/06\\\/cropped-ictimai_0380d81099c6fe3baae753faceb5481f_p41rg2mzq0uyvextfh3k-768x768-1-3.png\",\"contentUrl\":\"https:\\\/\\\/ictimai.az\\\/core\\\/uploads\\\/2026\\\/06\\\/cropped-ictimai_0380d81099c6fe3baae753faceb5481f_p41rg2mzq0uyvextfh3k-768x768-1-3.png\",\"width\":768,\"height\":768,\"caption\":\"\u0130CT\u0130MA\u0130.AZ\"},\"image\":{\"@id\":\"https:\\\/\\\/ictimai.az\\\/#\\\/schema\\\/logo\\\/image\\\/\"}},{\"@type\":\"Person\",\"@id\":\"https:\\\/\\\/ictimai.az\\\/#\\\/schema\\\/person\\\/1da94bf2c7ab5d83ad349237bec1e6af\",\"name\":\"R\u0259\u015fad Bayramov\",\"image\":{\"@type\":\"ImageObject\",\"inLanguage\":\"az\",\"@id\":\"https:\\\/\\\/secure.gravatar.com\\\/avatar\\\/83c075605ba0a4d35d59726aaad89cfa8008d1f01603342c56f1dd79784491bc?s=96&d=mm&r=g\",\"url\":\"https:\\\/\\\/secure.gravatar.com\\\/avatar\\\/83c075605ba0a4d35d59726aaad89cfa8008d1f01603342c56f1dd79784491bc?s=96&d=mm&r=g\",\"contentUrl\":\"https:\\\/\\\/secure.gravatar.com\\\/avatar\\\/83c075605ba0a4d35d59726aaad89cfa8008d1f01603342c56f1dd79784491bc?s=96&d=mm&r=g\",\"caption\":\"R\u0259\u015fad Bayramov\"},\"sameAs\":[\"https:\\\/\\\/ictimai.az\\\/\"],\"url\":\"https:\\\/\\\/ictimai.az\\\/?author=2\"}]}<\/script>\n<!-- \/ Yoast SEO plugin. -->","yoast_head_json":{"title":"G\u0259ncl\u0259r Fondundan m\u00fch\u00fcm add\u0131m: \u201c\u0130deyan\u0131 Realla\u015fd\u0131r\u201d m\u00fcsabiq\u0259si ba\u015flad\u0131 - \u0130CT\u0130MA\u0130.AZ","robots":{"index":"index","follow":"follow","max-snippet":"max-snippet:-1","max-image-preview":"max-image-preview:large","max-video-preview":"max-video-preview:-1"},"canonical":"https:\/\/ictimai.az\/?p=1419","og_locale":"az_AZ","og_type":"article","og_title":"G\u0259ncl\u0259r Fondundan m\u00fch\u00fcm add\u0131m: \u201c\u0130deyan\u0131 Realla\u015fd\u0131r\u201d m\u00fcsabiq\u0259si ba\u015flad\u0131 - \u0130CT\u0130MA\u0130.AZ","og_description":"Az\u0259rbaycan Respublikas\u0131n\u0131n G\u0259ncl\u0259r Fondu g\u0259ncl\u0259rin sosial v\u0259 ictimai \u0259h\u0259miyy\u0259tli ideyalar\u0131n\u0131n maliyy\u0259l\u0259\u015fdirilm\u0259si il\u0259 ba\u011fl\u0131\u00a0 &#8220;\u0130deyan\u0131 Realla\u015fd\u0131r \u2013 g\u0259ncl\u0259rin f\u0259rdi layih\u0259l\u0259ri \u00fczr\u0259 qrant m\u00fcsabiq\u0259sin\u0259\u201d start verir. Elan edilmi\u015f m\u00f6vzular \u00fczr\u0259 g\u0259ncl\u0259rin bilik v\u0259 bacar\u0131\u011f\u0131n\u0131n, t\u0259msil\u00e7ilik v\u0259 q\u0259rar q\u0259buletm\u0259, el\u0259c\u0259 d\u0259 f\u0259all\u0131\u011f\u0131n\u0131n art\u0131r\u0131lmas\u0131 il\u0259 ba\u011fl\u0131 layih\u0259l\u0259r 11 mart tarixind\u0259n etibar\u0259n GencAPP (genc.az) mobil t\u0259tbiqi v\u0259 www.youthfoundation.az internet s\u0259hif\u0259si [&hellip;]","og_url":"https:\/\/ictimai.az\/?p=1419","og_site_name":"\u0130CT\u0130MA\u0130.AZ","article_published_time":"2020-03-11T09:18:02+00:00","article_modified_time":"2020-03-11T09:44:00+00:00","author":"R\u0259\u015fad Bayramov","twitter_card":"summary_large_image","twitter_misc":{"Written by":"R\u0259\u015fad Bayramov","Est. reading time":"2 minutes"},"schema":{"@context":"https:\/\/schema.org","@graph":[{"@type":"Article","@id":"https:\/\/ictimai.az\/?p=1419#article","isPartOf":{"@id":"https:\/\/ictimai.az\/?p=1419"},"author":{"name":"R\u0259\u015fad Bayramov","@id":"https:\/\/ictimai.az\/#\/schema\/person\/1da94bf2c7ab5d83ad349237bec1e6af"},"headline":"G\u0259ncl\u0259r Fondundan m\u00fch\u00fcm add\u0131m: \u201c\u0130deyan\u0131 Realla\u015fd\u0131r\u201d m\u00fcsabiq\u0259si ba\u015flad\u0131","datePublished":"2020-03-11T09:18:02+00:00","dateModified":"2020-03-11T09:44:00+00:00","mainEntityOfPage":{"@id":"https:\/\/ictimai.az\/?p=1419"},"wordCount":426,"publisher":{"@id":"https:\/\/ictimai.az\/#organization"},"articleSection":["G\u0259nclik"],"inLanguage":"az"},{"@type":"WebPage","@id":"https:\/\/ictimai.az\/?p=1419","url":"https:\/\/ictimai.az\/?p=1419","name":"G\u0259ncl\u0259r Fondundan m\u00fch\u00fcm add\u0131m: \u201c\u0130deyan\u0131 Realla\u015fd\u0131r\u201d m\u00fcsabiq\u0259si ba\u015flad\u0131 - \u0130CT\u0130MA\u0130.AZ","isPartOf":{"@id":"https:\/\/ictimai.az\/#website"},"datePublished":"2020-03-11T09:18:02+00:00","dateModified":"2020-03-11T09:44:00+00:00","breadcrumb":{"@id":"https:\/\/ictimai.az\/?p=1419#breadcrumb"},"inLanguage":"az","potentialAction":[{"@type":"ReadAction","target":["https:\/\/ictimai.az\/?p=1419"]}]},{"@type":"BreadcrumbList","@id":"https:\/\/ictimai.az\/?p=1419#breadcrumb","itemListElement":[{"@type":"ListItem","position":1,"name":"Home","item":"https:\/\/ictimai.az\/"},{"@type":"ListItem","position":2,"name":"G\u0259ncl\u0259r Fondundan m\u00fch\u00fcm add\u0131m: \u201c\u0130deyan\u0131 Realla\u015fd\u0131r\u201d m\u00fcsabiq\u0259si ba\u015flad\u0131"}]},{"@type":"WebSite","@id":"https:\/\/ictimai.az\/#website","url":"https:\/\/ictimai.az\/","name":"\u0130CT\u0130MA\u0130.AZ","description":"","publisher":{"@id":"https:\/\/ictimai.az\/#organization"},"potentialAction":[{"@type":"SearchAction","target":{"@type":"EntryPoint","urlTemplate":"https:\/\/ictimai.az\/?s={search_term_string}"},"query-input":{"@type":"PropertyValueSpecification","valueRequired":true,"valueName":"search_term_string"}}],"inLanguage":"az"},{"@type":"Organization","@id":"https:\/\/ictimai.az\/#organization","name":"\u0130CT\u0130MA\u0130.AZ","url":"https:\/\/ictimai.az\/","logo":{"@type":"ImageObject","inLanguage":"az","@id":"https:\/\/ictimai.az\/#\/schema\/logo\/image\/","url":"https:\/\/ictimai.az\/core\/uploads\/2026\/06\/cropped-ictimai_0380d81099c6fe3baae753faceb5481f_p41rg2mzq0uyvextfh3k-768x768-1-3.png","contentUrl":"https:\/\/ictimai.az\/core\/uploads\/2026\/06\/cropped-ictimai_0380d81099c6fe3baae753faceb5481f_p41rg2mzq0uyvextfh3k-768x768-1-3.png","width":768,"height":768,"caption":"\u0130CT\u0130MA\u0130.AZ"},"image":{"@id":"https:\/\/ictimai.az\/#\/schema\/logo\/image\/"}},{"@type":"Person","@id":"https:\/\/ictimai.az\/#\/schema\/person\/1da94bf2c7ab5d83ad349237bec1e6af","name":"R\u0259\u015fad Bayramov","image":{"@type":"ImageObject","inLanguage":"az","@id":"https:\/\/secure.gravatar.com\/avatar\/83c075605ba0a4d35d59726aaad89cfa8008d1f01603342c56f1dd79784491bc?s=96&d=mm&r=g","url":"https:\/\/secure.gravatar.com\/avatar\/83c075605ba0a4d35d59726aaad89cfa8008d1f01603342c56f1dd79784491bc?s=96&d=mm&r=g","contentUrl":"https:\/\/secure.gravatar.com\/avatar\/83c075605ba0a4d35d59726aaad89cfa8008d1f01603342c56f1dd79784491bc?s=96&d=mm&r=g","caption":"R\u0259\u015fad Bayramov"},"sameAs":["https:\/\/ictimai.az\/"],"url":"https:\/\/ictimai.az\/?author=2"}]}},"_links":{"self":[{"href":"https:\/\/ictimai.az\/index.php?rest_route=\/wp\/v2\/posts\/1419","targetHints":{"allow":["GET"]}}],"collection":[{"href":"https:\/\/ictimai.az\/index.php?rest_route=\/wp\/v2\/posts"}],"about":[{"href":"https:\/\/ictimai.az\/index.php?rest_route=\/wp\/v2\/types\/post"}],"author":[{"embeddable":true,"href":"https:\/\/ictimai.az\/index.php?rest_route=\/wp\/v2\/users\/2"}],"replies":[{"embeddable":true,"href":"https:\/\/ictimai.az\/index.php?rest_route=%2Fwp%2Fv2%2Fcomments&post=1419"}],"version-history":[{"count":0,"href":"https:\/\/ictimai.az\/index.php?rest_route=\/wp\/v2\/posts\/1419\/revisions"}],"wp:attachment":[{"href":"https:\/\/ictimai.az\/index.php?rest_route=%2Fwp%2Fv2%2Fmedia&parent=1419"}],"wp:term":[{"taxonomy":"category","embeddable":true,"href":"https:\/\/ictimai.az\/index.php?rest_route=%2Fwp%2Fv2%2Fcategories&post=1419"},{"taxonomy":"post_tag","embeddable":true,"href":"https:\/\/ictimai.az\/index.php?rest_route=%2Fwp%2Fv2%2Ftags&post=1419"}],"curies":[{"name":"wp","href":"https:\/\/api.w.org\/{rel}","templated":true}]}}