{"id":1661,"date":"2020-03-22T22:12:47","date_gmt":"2020-03-22T18:12:47","guid":{"rendered":"https:\/\/ictimai.az\/?p=1661"},"modified":"2020-03-31T21:43:33","modified_gmt":"2020-03-31T17:43:33","slug":"dovletin-qebul-etdiyi-qerarlara-hormetle-yanasmaq-lazimdir","status":"publish","type":"post","link":"https:\/\/ictimai.az\/?p=1661","title":{"rendered":"D\u00f6vl\u0259tin q\u0259bul etdiyi q\u0259rarlara h\u00f6rm\u0259tl\u0259 yana\u015fmaq laz\u0131md\u0131r"},"content":{"rendered":"<p>Koronavirusun yaratd\u0131\u011f\u0131 t\u0259\u015fvi\u015f, t\u0259sirind\u0259n daha g\u00fccl\u00fc oldu. \u00c7\u00fcnki, d\u00fcnyada h\u0259l\u0259ki bu virusa qar\u015f\u0131 peyv\u0259nd tap\u0131lm\u0131r. \u0130ndiy\u0259 q\u0259d\u0259r minl\u0259rl\u0259 insan\u0131n \u00f6l\u00fcm\u00fcn\u0259 s\u0259b\u0259b olan koronavirus b\u0259las\u0131 getdikc\u0259 yay\u0131l\u0131r. X\u00fcsusil\u0259 AB\u015e v\u0259 \u00c7in aras\u0131nda ticar\u0259t m\u00fcharib\u0259sinin ba\u015fa \u00e7atd\u0131\u011f\u0131 bir d\u00f6vrd\u0259 bel\u0259 bir virusun yay\u0131lmas\u0131 n\u00f6vb\u0259ti ba\u015f tutacaq iqtisadi t\u0259n\u0259zz\u00fcl\u00fcn x\u0259b\u0259r\u00e7isi oldu\u011fu a\u00e7\u0131q-ayd\u0131n g\u00f6r\u00fcn\u00fcr. Bu da \u00f6zl\u00fcy\u00fcnd\u0259 qlobal b\u00f6hran\u0131n ya\u015fanmas\u0131n\u0131 lab\u00fcd edir.Ancaq Az\u0259rbaycan d\u00f6vl\u0259tinin atd\u0131\u011f\u0131 q\u0259tiyy\u0259tli add\u0131mlar bizim \u00f6lk\u0259mizin v\u0259t\u0259nda\u015f\u0131na yana\u015fmas\u0131n\u0131 bir daha g\u00f6z \u00f6n\u00fcn\u0259 g\u0259tirdi.Bu g\u00fcn h\u0259r birimiz v\u0259t\u0259nda\u015f olaraq d\u00f6vl\u0259timizin bu b\u0259\u015f\u0259ri t\u0259hl\u00fck\u0259y\u0259 qar\u015f\u0131 atd\u0131\u011f\u0131 m\u00fcbariz\u0259 t\u0259dbirl\u0259rini d\u0259st\u0259kl\u0259m\u0259li, q\u0259bul olunmu\u015f b\u00fct\u00fcn q\u0259rarlara m\u0259suliyy\u0259tl\u0259 \u0259m\u0259l etm\u0259liyik. Haz\u0131rda d\u00fcnya g\u00fcnd\u0259mini z\u0259bt ed\u0259n, b\u00f6y\u00fck m\u0259nada is\u0259 b\u0259\u015f\u0259riyy\u0259ti ciddi narahat ed\u0259n koronovirus infeksiyas\u0131 dem\u0259k olar ki, g\u00fcnd\u0259lik h\u0259yat\u0131m\u0131za t\u0259sirsiz \u00f6t\u00fc\u015fm\u0259yib. Reall\u0131q v\u0259 sevindirici m\u0259qam budur ki,b\u0259\u015f\u0259ri b\u0259la \u00f6lk\u0259miz\u0259 dig\u0259r \u00f6lk\u0259l\u0259r\u0259 nisb\u0259t\u0259n daha az siray\u0259t edib. T\u0259bii ki, biz xalq olaraq buna g\u00f6r\u0259 d\u00f6vl\u0259tmiz\u0259 v\u0259 onun r\u0259hb\u0259ri c\u0259nab \u0130lham \u018fliyev\u0259 minn\u0259tdar olmal\u0131y\u0131q. \u00c7\u00fcnki koronovirusla m\u00fcbariz\u0259 t\u0259dbirl\u0259rinin ba\u015fland\u0131\u011f\u0131 ilk g\u00fcnl\u0259rd\u0259n indiy\u0259d\u0259k Az\u0259rbaycan d\u00f6vl\u0259tinin atd\u0131\u011f\u0131 b\u00fct\u00fcn q\u0259tiyy\u0259tli add\u0131mlar xalq\u0131m\u0131z\u0131n \u00fcmummilli m\u0259nafeyin\u0259, d\u00f6vl\u0259timizin v\u0259 mill\u0259timizin siyasi v\u0259 fiziki t\u0259hl\u00fck\u0259sizliyin\u0259 hesablanm\u0131\u015f add\u0131mlard\u0131r. Q\u0259bul olunan q\u0259rarlar, h\u0259yata ke\u00e7iril\u0259n \u00e7evik, t\u0259xir\u0259sal\u0131nmaz t\u0259dbirl\u0259r v\u0259 bu t\u0259dbirl\u0259rin maddi v\u0259 m\u0259n\u0259vi miqyas\u0131n\u0131n kifay\u0259t q\u0259d\u0259r b\u00f6y\u00fck olmas\u0131 bir daha \u00f6lk\u0259mizd\u0259 d\u00f6vl\u0259tin \u00f6z v\u0259t\u0259nda\u015f\u0131na olan diqq\u0259tini, h\u0259ssasl\u0131\u011f\u0131n\u0131 g\u00f6st\u0259rdi. D\u00f6vl\u0259timizin opertiv m\u00fcdaxil\u0259 etdiyi m\u0259s\u0259l\u0259l\u0259rd\u0259n biri d\u0259 m\u0259hz d\u00fcnya d\u00f6vl\u0259tl\u0259rinin el\u0259c\u0259d\u0259, Az\u0259rbaycan\u0131n s\u0259rh\u0259dl\u0259rinin ba\u011fl\u0131 oldu\u011fu bir m\u0259qamda h\u0259tta koronovirusun t\u00fc\u011fyan etdiyi \u00f6lk\u0259l\u0259rd\u0259n bel\u0259 \u00f6z v\u0259t\u0259nda\u015flar\u0131n\u0131, h\u0259min \u00f6lk\u0259l\u0259rd\u0259 t\u0259hsil alan t\u0259l\u0259b\u0259l\u0259ri t\u0259cili v\u0259t\u0259n\u0259 qaytar\u0131lmas\u0131n\u0131n t\u0259min edilm\u0259si oldu.B\u0259zi d\u00f6vl\u0259t ba\u015f\u00e7\u0131lar\u0131ndan f\u0259rqli olaraq bizim \u00f6lk\u0259 r\u0259hb\u0259rimiz n\u00fcmun\u0259vi add\u0131mlar atd\u0131. Bir g\u0259nc kimi h\u0259mya\u015f\u0131dlar\u0131m\u0131n, soyda\u015flar\u0131m\u0131z\u0131n t\u0259cili v\u0259t\u0259n\u0259 qaytar\u0131lmas\u0131, onlar\u0131n d\u00f6vl\u0259t qay\u011f\u0131s\u0131 il\u0259 birba\u015fa t\u0259min olunmas\u0131, karantin \u015f\u0259raitinin y\u00fcks\u0259k s\u0259viyy\u0259d\u0259 olmas\u0131 m\u0259ni \u00e7ox sevindirdi.<\/p>\n<p>Haz\u0131rda koronovirusla m\u00fcbariz\u0259 t\u0259dbirl\u0259rinin daha da geni\u015fl\u0259ndirildiyi bu m\u0259qamda xalq\u0131m\u0131z v\u0259t\u0259nda\u015f h\u0259mr\u0259yliyi n\u00fcmayi\u015f etdirir. Xarici d\u00f6vl\u0259tl\u0259rd\u0259 ya\u015fayan h\u0259mv\u0259t\u0259nl\u0259rimizin \u00f6z qap\u0131lar\u0131n\u0131 soyda\u015flar\u0131n\u0131n \u00fcz\u00fcn\u0259 a\u00e7mas\u0131, respublikam\u0131zda ya\u015fayan v\u0259t\u0259nda\u015flar\u0131m\u0131z\u0131n q\u0259bul olunan b\u00fct\u00fcn q\u0259rarlara t\u0259mkin v\u0259 m\u0259suliyy\u0259tl\u0259 \u0259m\u0259l etm\u0259si, bu amans\u0131z virusla m\u00fcbariz\u0259y\u0259 maddi v\u0259 m\u0259n\u0259vi d\u0259st\u0259yin \u00fcmumxalq i\u015fin\u0259 \u00e7evrilm\u0259si insan\u0131n v\u0259t\u0259nin\u0259, xalq\u0131na olan m\u0259h\u0259bb\u0259tini daha da alovland\u0131r\u0131r.B\u00fct\u00fcn h\u0259mv\u0259t\u0259nl\u0259rimiz\u0259 bu m\u00fcbariz\u0259d\u0259 g\u00fccl\u00fc olma\u011f\u0131 arzu edir\u0259m.<\/p>\n<p><strong>Valeh Anaro\u011flu<\/strong><\/p>\n","protected":false},"excerpt":{"rendered":"<p>Koronavirusun yaratd\u0131\u011f\u0131 t\u0259\u015fvi\u015f, t\u0259sirind\u0259n daha g\u00fccl\u00fc oldu. \u00c7\u00fcnki, d\u00fcnyada h\u0259l\u0259ki bu virusa qar\u015f\u0131 peyv\u0259nd tap\u0131lm\u0131r. \u0130ndiy\u0259 q\u0259d\u0259r minl\u0259rl\u0259 insan\u0131n \u00f6l\u00fcm\u00fcn\u0259 s\u0259b\u0259b olan koronavirus b\u0259las\u0131 getdikc\u0259 yay\u0131l\u0131r. X\u00fcsusil\u0259 AB\u015e v\u0259 \u00c7in aras\u0131nda ticar\u0259t m\u00fcharib\u0259sinin ba\u015fa \u00e7atd\u0131\u011f\u0131 bir d\u00f6vrd\u0259 bel\u0259 bir virusun yay\u0131lmas\u0131 n\u00f6vb\u0259ti ba\u015f tutacaq iqtisadi t\u0259n\u0259zz\u00fcl\u00fcn x\u0259b\u0259r\u00e7isi oldu\u011fu a\u00e7\u0131q-ayd\u0131n g\u00f6r\u00fcn\u00fcr. Bu da \u00f6zl\u00fcy\u00fcnd\u0259 qlobal b\u00f6hran\u0131n [&hellip;]<\/p>\n","protected":false},"author":2,"featured_media":0,"comment_status":"closed","ping_status":"closed","sticky":false,"template":"","format":"standard","meta":{"footnotes":""},"categories":[9,8,1],"tags":[],"class_list":["post-1661","post","type-post","status-publish","format-standard","hentry","category-featured","category-exclusiv","category-society"],"yoast_head":"<!-- This site is optimized with the Yoast SEO plugin v28.2 - https:\/\/yoast.com\/product\/yoast-seo-wordpress\/ -->\n<title>D\u00f6vl\u0259tin q\u0259bul etdiyi q\u0259rarlara h\u00f6rm\u0259tl\u0259 yana\u015fmaq laz\u0131md\u0131r - \u0130CT\u0130MA\u0130.AZ<\/title>\n<meta name=\"robots\" content=\"index, follow, max-snippet:-1, max-image-preview:large, max-video-preview:-1\" \/>\n<link rel=\"canonical\" href=\"https:\/\/ictimai.az\/?p=1661\" \/>\n<meta property=\"og:locale\" content=\"az_AZ\" \/>\n<meta property=\"og:type\" content=\"article\" \/>\n<meta property=\"og:title\" content=\"D\u00f6vl\u0259tin q\u0259bul etdiyi q\u0259rarlara h\u00f6rm\u0259tl\u0259 yana\u015fmaq laz\u0131md\u0131r - \u0130CT\u0130MA\u0130.AZ\" \/>\n<meta property=\"og:description\" content=\"Koronavirusun yaratd\u0131\u011f\u0131 t\u0259\u015fvi\u015f, t\u0259sirind\u0259n daha g\u00fccl\u00fc oldu. \u00c7\u00fcnki, d\u00fcnyada h\u0259l\u0259ki bu virusa qar\u015f\u0131 peyv\u0259nd tap\u0131lm\u0131r. \u0130ndiy\u0259 q\u0259d\u0259r minl\u0259rl\u0259 insan\u0131n \u00f6l\u00fcm\u00fcn\u0259 s\u0259b\u0259b olan koronavirus b\u0259las\u0131 getdikc\u0259 yay\u0131l\u0131r. X\u00fcsusil\u0259 AB\u015e v\u0259 \u00c7in aras\u0131nda ticar\u0259t m\u00fcharib\u0259sinin ba\u015fa \u00e7atd\u0131\u011f\u0131 bir d\u00f6vrd\u0259 bel\u0259 bir virusun yay\u0131lmas\u0131 n\u00f6vb\u0259ti ba\u015f tutacaq iqtisadi t\u0259n\u0259zz\u00fcl\u00fcn x\u0259b\u0259r\u00e7isi oldu\u011fu a\u00e7\u0131q-ayd\u0131n g\u00f6r\u00fcn\u00fcr. Bu da \u00f6zl\u00fcy\u00fcnd\u0259 qlobal b\u00f6hran\u0131n [&hellip;]\" \/>\n<meta property=\"og:url\" content=\"https:\/\/ictimai.az\/?p=1661\" \/>\n<meta property=\"og:site_name\" content=\"\u0130CT\u0130MA\u0130.AZ\" \/>\n<meta property=\"article:published_time\" content=\"2020-03-22T18:12:47+00:00\" \/>\n<meta property=\"article:modified_time\" content=\"2020-03-31T17:43:33+00:00\" \/>\n<meta name=\"author\" content=\"R\u0259\u015fad Bayramov\" \/>\n<meta name=\"twitter:card\" content=\"summary_large_image\" \/>\n<meta name=\"twitter:label1\" content=\"Written by\" \/>\n\t<meta name=\"twitter:data1\" content=\"R\u0259\u015fad Bayramov\" \/>\n\t<meta name=\"twitter:label2\" content=\"Est. reading time\" \/>\n\t<meta name=\"twitter:data2\" content=\"3 minutes\" \/>\n<script type=\"application\/ld+json\" class=\"yoast-schema-graph\">{\"@context\":\"https:\\\/\\\/schema.org\",\"@graph\":[{\"@type\":\"Article\",\"@id\":\"https:\\\/\\\/ictimai.az\\\/?p=1661#article\",\"isPartOf\":{\"@id\":\"https:\\\/\\\/ictimai.az\\\/?p=1661\"},\"author\":{\"name\":\"R\u0259\u015fad Bayramov\",\"@id\":\"https:\\\/\\\/ictimai.az\\\/#\\\/schema\\\/person\\\/1da94bf2c7ab5d83ad349237bec1e6af\"},\"headline\":\"D\u00f6vl\u0259tin q\u0259bul etdiyi q\u0259rarlara h\u00f6rm\u0259tl\u0259 yana\u015fmaq laz\u0131md\u0131r\",\"datePublished\":\"2020-03-22T18:12:47+00:00\",\"dateModified\":\"2020-03-31T17:43:33+00:00\",\"mainEntityOfPage\":{\"@id\":\"https:\\\/\\\/ictimai.az\\\/?p=1661\"},\"wordCount\":705,\"publisher\":{\"@id\":\"https:\\\/\\\/ictimai.az\\\/#organization\"},\"articleSection\":[\"Man\u015fet\",\"\u00d6z\u0259l\",\"Sosial\"],\"inLanguage\":\"az\"},{\"@type\":\"WebPage\",\"@id\":\"https:\\\/\\\/ictimai.az\\\/?p=1661\",\"url\":\"https:\\\/\\\/ictimai.az\\\/?p=1661\",\"name\":\"D\u00f6vl\u0259tin q\u0259bul etdiyi q\u0259rarlara h\u00f6rm\u0259tl\u0259 yana\u015fmaq laz\u0131md\u0131r - \u0130CT\u0130MA\u0130.AZ\",\"isPartOf\":{\"@id\":\"https:\\\/\\\/ictimai.az\\\/#website\"},\"datePublished\":\"2020-03-22T18:12:47+00:00\",\"dateModified\":\"2020-03-31T17:43:33+00:00\",\"breadcrumb\":{\"@id\":\"https:\\\/\\\/ictimai.az\\\/?p=1661#breadcrumb\"},\"inLanguage\":\"az\",\"potentialAction\":[{\"@type\":\"ReadAction\",\"target\":[\"https:\\\/\\\/ictimai.az\\\/?p=1661\"]}]},{\"@type\":\"BreadcrumbList\",\"@id\":\"https:\\\/\\\/ictimai.az\\\/?p=1661#breadcrumb\",\"itemListElement\":[{\"@type\":\"ListItem\",\"position\":1,\"name\":\"Home\",\"item\":\"https:\\\/\\\/ictimai.az\\\/\"},{\"@type\":\"ListItem\",\"position\":2,\"name\":\"D\u00f6vl\u0259tin q\u0259bul etdiyi q\u0259rarlara h\u00f6rm\u0259tl\u0259 yana\u015fmaq laz\u0131md\u0131r\"}]},{\"@type\":\"WebSite\",\"@id\":\"https:\\\/\\\/ictimai.az\\\/#website\",\"url\":\"https:\\\/\\\/ictimai.az\\\/\",\"name\":\"\u0130CT\u0130MA\u0130.AZ\",\"description\":\"\",\"publisher\":{\"@id\":\"https:\\\/\\\/ictimai.az\\\/#organization\"},\"potentialAction\":[{\"@type\":\"SearchAction\",\"target\":{\"@type\":\"EntryPoint\",\"urlTemplate\":\"https:\\\/\\\/ictimai.az\\\/?s={search_term_string}\"},\"query-input\":{\"@type\":\"PropertyValueSpecification\",\"valueRequired\":true,\"valueName\":\"search_term_string\"}}],\"inLanguage\":\"az\"},{\"@type\":\"Organization\",\"@id\":\"https:\\\/\\\/ictimai.az\\\/#organization\",\"name\":\"\u0130CT\u0130MA\u0130.AZ\",\"url\":\"https:\\\/\\\/ictimai.az\\\/\",\"logo\":{\"@type\":\"ImageObject\",\"inLanguage\":\"az\",\"@id\":\"https:\\\/\\\/ictimai.az\\\/#\\\/schema\\\/logo\\\/image\\\/\",\"url\":\"https:\\\/\\\/ictimai.az\\\/core\\\/uploads\\\/2026\\\/06\\\/cropped-ictimai_0380d81099c6fe3baae753faceb5481f_p41rg2mzq0uyvextfh3k-768x768-1-3.png\",\"contentUrl\":\"https:\\\/\\\/ictimai.az\\\/core\\\/uploads\\\/2026\\\/06\\\/cropped-ictimai_0380d81099c6fe3baae753faceb5481f_p41rg2mzq0uyvextfh3k-768x768-1-3.png\",\"width\":768,\"height\":768,\"caption\":\"\u0130CT\u0130MA\u0130.AZ\"},\"image\":{\"@id\":\"https:\\\/\\\/ictimai.az\\\/#\\\/schema\\\/logo\\\/image\\\/\"}},{\"@type\":\"Person\",\"@id\":\"https:\\\/\\\/ictimai.az\\\/#\\\/schema\\\/person\\\/1da94bf2c7ab5d83ad349237bec1e6af\",\"name\":\"R\u0259\u015fad Bayramov\",\"image\":{\"@type\":\"ImageObject\",\"inLanguage\":\"az\",\"@id\":\"https:\\\/\\\/secure.gravatar.com\\\/avatar\\\/83c075605ba0a4d35d59726aaad89cfa8008d1f01603342c56f1dd79784491bc?s=96&d=mm&r=g\",\"url\":\"https:\\\/\\\/secure.gravatar.com\\\/avatar\\\/83c075605ba0a4d35d59726aaad89cfa8008d1f01603342c56f1dd79784491bc?s=96&d=mm&r=g\",\"contentUrl\":\"https:\\\/\\\/secure.gravatar.com\\\/avatar\\\/83c075605ba0a4d35d59726aaad89cfa8008d1f01603342c56f1dd79784491bc?s=96&d=mm&r=g\",\"caption\":\"R\u0259\u015fad Bayramov\"},\"sameAs\":[\"https:\\\/\\\/ictimai.az\\\/\"],\"url\":\"https:\\\/\\\/ictimai.az\\\/?author=2\"}]}<\/script>\n<!-- \/ Yoast SEO plugin. -->","yoast_head_json":{"title":"D\u00f6vl\u0259tin q\u0259bul etdiyi q\u0259rarlara h\u00f6rm\u0259tl\u0259 yana\u015fmaq laz\u0131md\u0131r - \u0130CT\u0130MA\u0130.AZ","robots":{"index":"index","follow":"follow","max-snippet":"max-snippet:-1","max-image-preview":"max-image-preview:large","max-video-preview":"max-video-preview:-1"},"canonical":"https:\/\/ictimai.az\/?p=1661","og_locale":"az_AZ","og_type":"article","og_title":"D\u00f6vl\u0259tin q\u0259bul etdiyi q\u0259rarlara h\u00f6rm\u0259tl\u0259 yana\u015fmaq laz\u0131md\u0131r - \u0130CT\u0130MA\u0130.AZ","og_description":"Koronavirusun yaratd\u0131\u011f\u0131 t\u0259\u015fvi\u015f, t\u0259sirind\u0259n daha g\u00fccl\u00fc oldu. \u00c7\u00fcnki, d\u00fcnyada h\u0259l\u0259ki bu virusa qar\u015f\u0131 peyv\u0259nd tap\u0131lm\u0131r. \u0130ndiy\u0259 q\u0259d\u0259r minl\u0259rl\u0259 insan\u0131n \u00f6l\u00fcm\u00fcn\u0259 s\u0259b\u0259b olan koronavirus b\u0259las\u0131 getdikc\u0259 yay\u0131l\u0131r. X\u00fcsusil\u0259 AB\u015e v\u0259 \u00c7in aras\u0131nda ticar\u0259t m\u00fcharib\u0259sinin ba\u015fa \u00e7atd\u0131\u011f\u0131 bir d\u00f6vrd\u0259 bel\u0259 bir virusun yay\u0131lmas\u0131 n\u00f6vb\u0259ti ba\u015f tutacaq iqtisadi t\u0259n\u0259zz\u00fcl\u00fcn x\u0259b\u0259r\u00e7isi oldu\u011fu a\u00e7\u0131q-ayd\u0131n g\u00f6r\u00fcn\u00fcr. Bu da \u00f6zl\u00fcy\u00fcnd\u0259 qlobal b\u00f6hran\u0131n [&hellip;]","og_url":"https:\/\/ictimai.az\/?p=1661","og_site_name":"\u0130CT\u0130MA\u0130.AZ","article_published_time":"2020-03-22T18:12:47+00:00","article_modified_time":"2020-03-31T17:43:33+00:00","author":"R\u0259\u015fad Bayramov","twitter_card":"summary_large_image","twitter_misc":{"Written by":"R\u0259\u015fad Bayramov","Est. reading time":"3 minutes"},"schema":{"@context":"https:\/\/schema.org","@graph":[{"@type":"Article","@id":"https:\/\/ictimai.az\/?p=1661#article","isPartOf":{"@id":"https:\/\/ictimai.az\/?p=1661"},"author":{"name":"R\u0259\u015fad Bayramov","@id":"https:\/\/ictimai.az\/#\/schema\/person\/1da94bf2c7ab5d83ad349237bec1e6af"},"headline":"D\u00f6vl\u0259tin q\u0259bul etdiyi q\u0259rarlara h\u00f6rm\u0259tl\u0259 yana\u015fmaq laz\u0131md\u0131r","datePublished":"2020-03-22T18:12:47+00:00","dateModified":"2020-03-31T17:43:33+00:00","mainEntityOfPage":{"@id":"https:\/\/ictimai.az\/?p=1661"},"wordCount":705,"publisher":{"@id":"https:\/\/ictimai.az\/#organization"},"articleSection":["Man\u015fet","\u00d6z\u0259l","Sosial"],"inLanguage":"az"},{"@type":"WebPage","@id":"https:\/\/ictimai.az\/?p=1661","url":"https:\/\/ictimai.az\/?p=1661","name":"D\u00f6vl\u0259tin q\u0259bul etdiyi q\u0259rarlara h\u00f6rm\u0259tl\u0259 yana\u015fmaq laz\u0131md\u0131r - \u0130CT\u0130MA\u0130.AZ","isPartOf":{"@id":"https:\/\/ictimai.az\/#website"},"datePublished":"2020-03-22T18:12:47+00:00","dateModified":"2020-03-31T17:43:33+00:00","breadcrumb":{"@id":"https:\/\/ictimai.az\/?p=1661#breadcrumb"},"inLanguage":"az","potentialAction":[{"@type":"ReadAction","target":["https:\/\/ictimai.az\/?p=1661"]}]},{"@type":"BreadcrumbList","@id":"https:\/\/ictimai.az\/?p=1661#breadcrumb","itemListElement":[{"@type":"ListItem","position":1,"name":"Home","item":"https:\/\/ictimai.az\/"},{"@type":"ListItem","position":2,"name":"D\u00f6vl\u0259tin q\u0259bul etdiyi q\u0259rarlara h\u00f6rm\u0259tl\u0259 yana\u015fmaq laz\u0131md\u0131r"}]},{"@type":"WebSite","@id":"https:\/\/ictimai.az\/#website","url":"https:\/\/ictimai.az\/","name":"\u0130CT\u0130MA\u0130.AZ","description":"","publisher":{"@id":"https:\/\/ictimai.az\/#organization"},"potentialAction":[{"@type":"SearchAction","target":{"@type":"EntryPoint","urlTemplate":"https:\/\/ictimai.az\/?s={search_term_string}"},"query-input":{"@type":"PropertyValueSpecification","valueRequired":true,"valueName":"search_term_string"}}],"inLanguage":"az"},{"@type":"Organization","@id":"https:\/\/ictimai.az\/#organization","name":"\u0130CT\u0130MA\u0130.AZ","url":"https:\/\/ictimai.az\/","logo":{"@type":"ImageObject","inLanguage":"az","@id":"https:\/\/ictimai.az\/#\/schema\/logo\/image\/","url":"https:\/\/ictimai.az\/core\/uploads\/2026\/06\/cropped-ictimai_0380d81099c6fe3baae753faceb5481f_p41rg2mzq0uyvextfh3k-768x768-1-3.png","contentUrl":"https:\/\/ictimai.az\/core\/uploads\/2026\/06\/cropped-ictimai_0380d81099c6fe3baae753faceb5481f_p41rg2mzq0uyvextfh3k-768x768-1-3.png","width":768,"height":768,"caption":"\u0130CT\u0130MA\u0130.AZ"},"image":{"@id":"https:\/\/ictimai.az\/#\/schema\/logo\/image\/"}},{"@type":"Person","@id":"https:\/\/ictimai.az\/#\/schema\/person\/1da94bf2c7ab5d83ad349237bec1e6af","name":"R\u0259\u015fad Bayramov","image":{"@type":"ImageObject","inLanguage":"az","@id":"https:\/\/secure.gravatar.com\/avatar\/83c075605ba0a4d35d59726aaad89cfa8008d1f01603342c56f1dd79784491bc?s=96&d=mm&r=g","url":"https:\/\/secure.gravatar.com\/avatar\/83c075605ba0a4d35d59726aaad89cfa8008d1f01603342c56f1dd79784491bc?s=96&d=mm&r=g","contentUrl":"https:\/\/secure.gravatar.com\/avatar\/83c075605ba0a4d35d59726aaad89cfa8008d1f01603342c56f1dd79784491bc?s=96&d=mm&r=g","caption":"R\u0259\u015fad Bayramov"},"sameAs":["https:\/\/ictimai.az\/"],"url":"https:\/\/ictimai.az\/?author=2"}]}},"_links":{"self":[{"href":"https:\/\/ictimai.az\/index.php?rest_route=\/wp\/v2\/posts\/1661","targetHints":{"allow":["GET"]}}],"collection":[{"href":"https:\/\/ictimai.az\/index.php?rest_route=\/wp\/v2\/posts"}],"about":[{"href":"https:\/\/ictimai.az\/index.php?rest_route=\/wp\/v2\/types\/post"}],"author":[{"embeddable":true,"href":"https:\/\/ictimai.az\/index.php?rest_route=\/wp\/v2\/users\/2"}],"replies":[{"embeddable":true,"href":"https:\/\/ictimai.az\/index.php?rest_route=%2Fwp%2Fv2%2Fcomments&post=1661"}],"version-history":[{"count":0,"href":"https:\/\/ictimai.az\/index.php?rest_route=\/wp\/v2\/posts\/1661\/revisions"}],"wp:attachment":[{"href":"https:\/\/ictimai.az\/index.php?rest_route=%2Fwp%2Fv2%2Fmedia&parent=1661"}],"wp:term":[{"taxonomy":"category","embeddable":true,"href":"https:\/\/ictimai.az\/index.php?rest_route=%2Fwp%2Fv2%2Fcategories&post=1661"},{"taxonomy":"post_tag","embeddable":true,"href":"https:\/\/ictimai.az\/index.php?rest_route=%2Fwp%2Fv2%2Ftags&post=1661"}],"curies":[{"name":"wp","href":"https:\/\/api.w.org\/{rel}","templated":true}]}}