{"id":1696,"date":"2020-03-24T18:09:54","date_gmt":"2020-03-24T14:09:54","guid":{"rendered":"https:\/\/ictimai.az\/?p=1696"},"modified":"2020-03-24T22:35:42","modified_gmt":"2020-03-24T18:35:42","slug":"cin-kargo-sirketinin-tesiscisi-ve-rehberi-nufuzlu-is-adami-samil-heyderov-koronavirusla-mubarizeye-destek-oldu","status":"publish","type":"post","link":"https:\/\/ictimai.az\/?p=1696","title":{"rendered":"\u201c\u00c7in Kargo\u201d \u015firk\u0259tinin t\u0259sis\u00e7isi v\u0259 r\u0259hb\u0259ri, n\u00fcfuzlu i\u015f adam\u0131 \u015eamil Heyd\u0259rov Koronavirusla M\u00fcbariz\u0259y\u0259 d\u0259st\u0259k oldu"},"content":{"rendered":"<p>&#8220;\u00c7in Karqo&#8221; \u015firk\u0259tinin r\u0259hb\u0259ri \u015eamil Heyd\u0259rov, Az\u0259rbaycan Respublikas\u0131n\u0131n Prezidenti \u0130lham \u018fliyevin m\u00fcvafiq F\u0259rman\u0131 il\u0259 yarad\u0131lm\u0131\u015f Koronavirusla M\u00fcbariz\u0259y\u0259 D\u0259st\u0259k Fonduna\u00a0<b>100 min manat\u00a0<\/b>m\u0259bl\u0259\u011find\u0259 maliyy\u0259 yard\u0131m\u0131 il\u0259 d\u0259st\u0259k g\u00f6st\u0259rib.<\/p>\n<p><b>\u0130ctimai.az<\/b>\u00a0x\u0259b\u0259r verir ki, i\u015f adam\u0131 \u015eamil Heyd\u0259rov vur\u011fulay\u0131b ki: &#8220;\u00d6lk\u0259mizd\u0259 v\u0259 b\u00fct\u00fcn d\u00fcnyada t\u00fc\u011fyan ed\u0259n b\u0259laya qar\u015f\u0131 m\u00fcbariz\u0259 \u00e7\u0259r\u00e7iv\u0259sind\u0259 C\u0259nab Prezidentimiz \u0130lham \u018fliyev t\u0259r\u0259find\u0259n 19 mart 2020-ci il tarixli s\u0259r\u0259ncam\u0131 il\u0259 yarad\u0131lm\u0131\u015f &#8220;Koronavirusla M\u00fcbariz\u0259y\u0259 D\u0259st\u0259k Fondu\u201dna &#8220;\u00c7in Karqo&#8221; \u015firk\u0259tinin r\u0259hb\u0259ri olaraq, qo\u015fulma\u011f\u0131 q\u0259rara ald\u0131m. \u00d6lk\u0259 ba\u015f\u00e7\u0131s\u0131 c\u0259nab \u0130lham \u018fliyevin v\u0259 birinci vitse-prezident Mehriban xan\u0131m \u018fliyevan\u0131n xeyirxah, h\u0259tta \u00f6lk\u0259 v\u0259t\u0259nda\u015flar\u0131na \u0259v\u0259zolunmaz diqq\u0259t qay\u011f\u0131s\u0131ndan ilhamlanaraq m\u0259n d\u0259 100 min manat ian\u0259 etm\u0259y\u0259 q\u0259rar verdim. &#8220;\u00c7in Karqo&#8221; koronovirus pandemiyas\u0131 il\u0259 m\u00fcbariz\u0259d\u0259 Az\u0259rbaycan ictimaiyy\u0259ti il\u0259 h\u0259mr\u0259y oldu\u011funu b\u0259yan edir. Bu x\u0259st\u0259likd\u0259n \u0259ziyy\u0259t \u00e7\u0259k\u0259n b\u00fct\u00fcn insanlara yard\u0131m\u00e7\u0131 olmaq bizim v\u0259t\u0259nda\u015fl\u0131q v\u0259 vicdan borcumuzdur\u201d.<\/p>\n<p>\u015eamil Heyd\u0259rovb\u00fct\u00fcn \u015firk\u0259tl\u0259r\u0259 &#8220;COV\u0130D 19\u201d virusu il\u0259 m\u00fcbariz\u0259 \u00fc\u00e7\u00fcn maliyy\u0259 yard\u0131m\u0131 g\u00f6st\u0259rm\u0259y\u0259 v\u0259 bu b\u0259ladan xilas olmaq \u00fc\u00e7\u00fcn d\u00f6vl\u0259t\u0259 d\u0259st\u0259k olma\u011fa \u00e7a\u011f\u0131r\u0131\u015f edib.<\/p>\n<p>Qeyd ed\u0259k ki, koronavirus infeksiyas\u0131n\u0131n Az\u0259rbaycan Respublikas\u0131nda yay\u0131lmas\u0131n\u0131n qar\u015f\u0131s\u0131n\u0131 almaq v\u0259 onunla m\u00fcbariz\u0259 istiqam\u0259tind\u0259 h\u0259yata ke\u00e7iril\u0259n t\u0259dbirl\u0259r\u0259 maliyy\u0259 d\u0259st\u0259yini t\u0259min etm\u0259k m\u0259qs\u0259dil\u0259 yarad\u0131lan Koronavirusla M\u00fcbariz\u0259y\u0259 D\u0259st\u0259k Fonduna fiziki v\u0259 h\u00fcquqi \u015f\u0259xsl\u0259r k\u00f6n\u00fcll\u00fc \u00f6d\u0259m\u0259l\u0259r h\u0259yata ke\u00e7ir\u0259 bil\u0259r.<\/p>\n<p>Fondun v\u0259saiti koronavirusla m\u00fcbariz\u0259 istiqam\u0259tind\u0259 h\u0259yata ke\u00e7iril\u0259n t\u0259dbirl\u0259r\u0259, o c\u00fcml\u0259d\u0259n x\u00fcsusi rejimli tibb m\u00fc\u0259ssis\u0259l\u0259rinin formala\u015fd\u0131r\u0131lmas\u0131na, tibb sah\u0259sind\u0259 \u00e7al\u0131\u015fan i\u015f\u00e7il\u0259rin m\u00fckafatland\u0131r\u0131lmas\u0131na v\u0259 onlara maddi yard\u0131m g\u00f6st\u0259rilm\u0259sin\u0259, tibb m\u00fc\u0259ssis\u0259l\u0259rinin infrastrukturunun t\u0259kmill\u0259\u015fdirilm\u0259sin\u0259 v\u0259 maddi-texniki bazas\u0131n\u0131n g\u00fccl\u0259ndirilm\u0259sin\u0259 y\u00f6n\u0259ldil\u0259c\u0259k.<\/p>\n<p><b>\u0130ctimai.az<\/b><\/p>\n","protected":false},"excerpt":{"rendered":"<p>&#8220;\u00c7in Karqo&#8221; \u015firk\u0259tinin r\u0259hb\u0259ri \u015eamil Heyd\u0259rov, Az\u0259rbaycan Respublikas\u0131n\u0131n Prezidenti \u0130lham \u018fliyevin m\u00fcvafiq F\u0259rman\u0131 il\u0259 yarad\u0131lm\u0131\u015f Koronavirusla M\u00fcbariz\u0259y\u0259 D\u0259st\u0259k Fonduna\u00a0100 min manat\u00a0m\u0259bl\u0259\u011find\u0259 maliyy\u0259 yard\u0131m\u0131 il\u0259 d\u0259st\u0259k g\u00f6st\u0259rib. \u0130ctimai.az\u00a0x\u0259b\u0259r verir ki, i\u015f adam\u0131 \u015eamil Heyd\u0259rov vur\u011fulay\u0131b ki: &#8220;\u00d6lk\u0259mizd\u0259 v\u0259 b\u00fct\u00fcn d\u00fcnyada t\u00fc\u011fyan ed\u0259n b\u0259laya qar\u015f\u0131 m\u00fcbariz\u0259 \u00e7\u0259r\u00e7iv\u0259sind\u0259 C\u0259nab Prezidentimiz \u0130lham \u018fliyev t\u0259r\u0259find\u0259n 19 mart 2020-ci il tarixli [&hellip;]<\/p>\n","protected":false},"author":2,"featured_media":0,"comment_status":"closed","ping_status":"closed","sticky":false,"template":"","format":"standard","meta":{"footnotes":""},"categories":[19],"tags":[],"class_list":["post-1696","post","type-post","status-publish","format-standard","hentry","category-business"],"yoast_head":"<!-- This site is optimized with the Yoast SEO plugin v28.2 - https:\/\/yoast.com\/product\/yoast-seo-wordpress\/ -->\n<title>\u201c\u00c7in Kargo\u201d \u015firk\u0259tinin t\u0259sis\u00e7isi v\u0259 r\u0259hb\u0259ri, n\u00fcfuzlu i\u015f adam\u0131 \u015eamil Heyd\u0259rov Koronavirusla M\u00fcbariz\u0259y\u0259 d\u0259st\u0259k oldu - \u0130CT\u0130MA\u0130.AZ<\/title>\n<meta name=\"robots\" content=\"index, follow, max-snippet:-1, max-image-preview:large, max-video-preview:-1\" \/>\n<link rel=\"canonical\" href=\"https:\/\/ictimai.az\/?p=1696\" \/>\n<meta property=\"og:locale\" content=\"az_AZ\" \/>\n<meta property=\"og:type\" content=\"article\" \/>\n<meta property=\"og:title\" content=\"\u201c\u00c7in Kargo\u201d \u015firk\u0259tinin t\u0259sis\u00e7isi v\u0259 r\u0259hb\u0259ri, n\u00fcfuzlu i\u015f adam\u0131 \u015eamil Heyd\u0259rov Koronavirusla M\u00fcbariz\u0259y\u0259 d\u0259st\u0259k oldu - \u0130CT\u0130MA\u0130.AZ\" \/>\n<meta property=\"og:description\" content=\"&#8220;\u00c7in Karqo&#8221; \u015firk\u0259tinin r\u0259hb\u0259ri \u015eamil Heyd\u0259rov, Az\u0259rbaycan Respublikas\u0131n\u0131n Prezidenti \u0130lham \u018fliyevin m\u00fcvafiq F\u0259rman\u0131 il\u0259 yarad\u0131lm\u0131\u015f Koronavirusla M\u00fcbariz\u0259y\u0259 D\u0259st\u0259k Fonduna\u00a0100 min manat\u00a0m\u0259bl\u0259\u011find\u0259 maliyy\u0259 yard\u0131m\u0131 il\u0259 d\u0259st\u0259k g\u00f6st\u0259rib. \u0130ctimai.az\u00a0x\u0259b\u0259r verir ki, i\u015f adam\u0131 \u015eamil Heyd\u0259rov vur\u011fulay\u0131b ki: &#8220;\u00d6lk\u0259mizd\u0259 v\u0259 b\u00fct\u00fcn d\u00fcnyada t\u00fc\u011fyan ed\u0259n b\u0259laya qar\u015f\u0131 m\u00fcbariz\u0259 \u00e7\u0259r\u00e7iv\u0259sind\u0259 C\u0259nab Prezidentimiz \u0130lham \u018fliyev t\u0259r\u0259find\u0259n 19 mart 2020-ci il tarixli [&hellip;]\" \/>\n<meta property=\"og:url\" content=\"https:\/\/ictimai.az\/?p=1696\" \/>\n<meta property=\"og:site_name\" content=\"\u0130CT\u0130MA\u0130.AZ\" \/>\n<meta property=\"article:published_time\" content=\"2020-03-24T14:09:54+00:00\" \/>\n<meta property=\"article:modified_time\" content=\"2020-03-24T18:35:42+00:00\" \/>\n<meta name=\"author\" content=\"R\u0259\u015fad Bayramov\" \/>\n<meta name=\"twitter:card\" content=\"summary_large_image\" \/>\n<meta name=\"twitter:label1\" content=\"Written by\" \/>\n\t<meta name=\"twitter:data1\" content=\"R\u0259\u015fad Bayramov\" \/>\n\t<meta name=\"twitter:label2\" content=\"Est. reading time\" \/>\n\t<meta name=\"twitter:data2\" content=\"2 minutes\" \/>\n<script type=\"application\/ld+json\" class=\"yoast-schema-graph\">{\"@context\":\"https:\\\/\\\/schema.org\",\"@graph\":[{\"@type\":\"Article\",\"@id\":\"https:\\\/\\\/ictimai.az\\\/?p=1696#article\",\"isPartOf\":{\"@id\":\"https:\\\/\\\/ictimai.az\\\/?p=1696\"},\"author\":{\"name\":\"R\u0259\u015fad Bayramov\",\"@id\":\"https:\\\/\\\/ictimai.az\\\/#\\\/schema\\\/person\\\/1da94bf2c7ab5d83ad349237bec1e6af\"},\"headline\":\"\u201c\u00c7in Kargo\u201d \u015firk\u0259tinin t\u0259sis\u00e7isi v\u0259 r\u0259hb\u0259ri, n\u00fcfuzlu i\u015f adam\u0131 \u015eamil Heyd\u0259rov Koronavirusla M\u00fcbariz\u0259y\u0259 d\u0259st\u0259k oldu\",\"datePublished\":\"2020-03-24T14:09:54+00:00\",\"dateModified\":\"2020-03-24T18:35:42+00:00\",\"mainEntityOfPage\":{\"@id\":\"https:\\\/\\\/ictimai.az\\\/?p=1696\"},\"wordCount\":437,\"publisher\":{\"@id\":\"https:\\\/\\\/ictimai.az\\\/#organization\"},\"articleSection\":[\"Biznes\"],\"inLanguage\":\"az\"},{\"@type\":\"WebPage\",\"@id\":\"https:\\\/\\\/ictimai.az\\\/?p=1696\",\"url\":\"https:\\\/\\\/ictimai.az\\\/?p=1696\",\"name\":\"\u201c\u00c7in Kargo\u201d \u015firk\u0259tinin t\u0259sis\u00e7isi v\u0259 r\u0259hb\u0259ri, n\u00fcfuzlu i\u015f adam\u0131 \u015eamil Heyd\u0259rov Koronavirusla M\u00fcbariz\u0259y\u0259 d\u0259st\u0259k oldu - \u0130CT\u0130MA\u0130.AZ\",\"isPartOf\":{\"@id\":\"https:\\\/\\\/ictimai.az\\\/#website\"},\"datePublished\":\"2020-03-24T14:09:54+00:00\",\"dateModified\":\"2020-03-24T18:35:42+00:00\",\"breadcrumb\":{\"@id\":\"https:\\\/\\\/ictimai.az\\\/?p=1696#breadcrumb\"},\"inLanguage\":\"az\",\"potentialAction\":[{\"@type\":\"ReadAction\",\"target\":[\"https:\\\/\\\/ictimai.az\\\/?p=1696\"]}]},{\"@type\":\"BreadcrumbList\",\"@id\":\"https:\\\/\\\/ictimai.az\\\/?p=1696#breadcrumb\",\"itemListElement\":[{\"@type\":\"ListItem\",\"position\":1,\"name\":\"Home\",\"item\":\"https:\\\/\\\/ictimai.az\\\/\"},{\"@type\":\"ListItem\",\"position\":2,\"name\":\"\u201c\u00c7in Kargo\u201d \u015firk\u0259tinin t\u0259sis\u00e7isi v\u0259 r\u0259hb\u0259ri, n\u00fcfuzlu i\u015f adam\u0131 \u015eamil Heyd\u0259rov Koronavirusla M\u00fcbariz\u0259y\u0259 d\u0259st\u0259k oldu\"}]},{\"@type\":\"WebSite\",\"@id\":\"https:\\\/\\\/ictimai.az\\\/#website\",\"url\":\"https:\\\/\\\/ictimai.az\\\/\",\"name\":\"\u0130CT\u0130MA\u0130.AZ\",\"description\":\"\",\"publisher\":{\"@id\":\"https:\\\/\\\/ictimai.az\\\/#organization\"},\"potentialAction\":[{\"@type\":\"SearchAction\",\"target\":{\"@type\":\"EntryPoint\",\"urlTemplate\":\"https:\\\/\\\/ictimai.az\\\/?s={search_term_string}\"},\"query-input\":{\"@type\":\"PropertyValueSpecification\",\"valueRequired\":true,\"valueName\":\"search_term_string\"}}],\"inLanguage\":\"az\"},{\"@type\":\"Organization\",\"@id\":\"https:\\\/\\\/ictimai.az\\\/#organization\",\"name\":\"\u0130CT\u0130MA\u0130.AZ\",\"url\":\"https:\\\/\\\/ictimai.az\\\/\",\"logo\":{\"@type\":\"ImageObject\",\"inLanguage\":\"az\",\"@id\":\"https:\\\/\\\/ictimai.az\\\/#\\\/schema\\\/logo\\\/image\\\/\",\"url\":\"https:\\\/\\\/ictimai.az\\\/core\\\/uploads\\\/2026\\\/06\\\/cropped-ictimai_0380d81099c6fe3baae753faceb5481f_p41rg2mzq0uyvextfh3k-768x768-1-3.png\",\"contentUrl\":\"https:\\\/\\\/ictimai.az\\\/core\\\/uploads\\\/2026\\\/06\\\/cropped-ictimai_0380d81099c6fe3baae753faceb5481f_p41rg2mzq0uyvextfh3k-768x768-1-3.png\",\"width\":768,\"height\":768,\"caption\":\"\u0130CT\u0130MA\u0130.AZ\"},\"image\":{\"@id\":\"https:\\\/\\\/ictimai.az\\\/#\\\/schema\\\/logo\\\/image\\\/\"}},{\"@type\":\"Person\",\"@id\":\"https:\\\/\\\/ictimai.az\\\/#\\\/schema\\\/person\\\/1da94bf2c7ab5d83ad349237bec1e6af\",\"name\":\"R\u0259\u015fad Bayramov\",\"image\":{\"@type\":\"ImageObject\",\"inLanguage\":\"az\",\"@id\":\"https:\\\/\\\/secure.gravatar.com\\\/avatar\\\/83c075605ba0a4d35d59726aaad89cfa8008d1f01603342c56f1dd79784491bc?s=96&d=mm&r=g\",\"url\":\"https:\\\/\\\/secure.gravatar.com\\\/avatar\\\/83c075605ba0a4d35d59726aaad89cfa8008d1f01603342c56f1dd79784491bc?s=96&d=mm&r=g\",\"contentUrl\":\"https:\\\/\\\/secure.gravatar.com\\\/avatar\\\/83c075605ba0a4d35d59726aaad89cfa8008d1f01603342c56f1dd79784491bc?s=96&d=mm&r=g\",\"caption\":\"R\u0259\u015fad Bayramov\"},\"sameAs\":[\"https:\\\/\\\/ictimai.az\\\/\"],\"url\":\"https:\\\/\\\/ictimai.az\\\/?author=2\"}]}<\/script>\n<!-- \/ Yoast SEO plugin. -->","yoast_head_json":{"title":"\u201c\u00c7in Kargo\u201d \u015firk\u0259tinin t\u0259sis\u00e7isi v\u0259 r\u0259hb\u0259ri, n\u00fcfuzlu i\u015f adam\u0131 \u015eamil Heyd\u0259rov Koronavirusla M\u00fcbariz\u0259y\u0259 d\u0259st\u0259k oldu - \u0130CT\u0130MA\u0130.AZ","robots":{"index":"index","follow":"follow","max-snippet":"max-snippet:-1","max-image-preview":"max-image-preview:large","max-video-preview":"max-video-preview:-1"},"canonical":"https:\/\/ictimai.az\/?p=1696","og_locale":"az_AZ","og_type":"article","og_title":"\u201c\u00c7in Kargo\u201d \u015firk\u0259tinin t\u0259sis\u00e7isi v\u0259 r\u0259hb\u0259ri, n\u00fcfuzlu i\u015f adam\u0131 \u015eamil Heyd\u0259rov Koronavirusla M\u00fcbariz\u0259y\u0259 d\u0259st\u0259k oldu - \u0130CT\u0130MA\u0130.AZ","og_description":"&#8220;\u00c7in Karqo&#8221; \u015firk\u0259tinin r\u0259hb\u0259ri \u015eamil Heyd\u0259rov, Az\u0259rbaycan Respublikas\u0131n\u0131n Prezidenti \u0130lham \u018fliyevin m\u00fcvafiq F\u0259rman\u0131 il\u0259 yarad\u0131lm\u0131\u015f Koronavirusla M\u00fcbariz\u0259y\u0259 D\u0259st\u0259k Fonduna\u00a0100 min manat\u00a0m\u0259bl\u0259\u011find\u0259 maliyy\u0259 yard\u0131m\u0131 il\u0259 d\u0259st\u0259k g\u00f6st\u0259rib. \u0130ctimai.az\u00a0x\u0259b\u0259r verir ki, i\u015f adam\u0131 \u015eamil Heyd\u0259rov vur\u011fulay\u0131b ki: &#8220;\u00d6lk\u0259mizd\u0259 v\u0259 b\u00fct\u00fcn d\u00fcnyada t\u00fc\u011fyan ed\u0259n b\u0259laya qar\u015f\u0131 m\u00fcbariz\u0259 \u00e7\u0259r\u00e7iv\u0259sind\u0259 C\u0259nab Prezidentimiz \u0130lham \u018fliyev t\u0259r\u0259find\u0259n 19 mart 2020-ci il tarixli [&hellip;]","og_url":"https:\/\/ictimai.az\/?p=1696","og_site_name":"\u0130CT\u0130MA\u0130.AZ","article_published_time":"2020-03-24T14:09:54+00:00","article_modified_time":"2020-03-24T18:35:42+00:00","author":"R\u0259\u015fad Bayramov","twitter_card":"summary_large_image","twitter_misc":{"Written by":"R\u0259\u015fad Bayramov","Est. reading time":"2 minutes"},"schema":{"@context":"https:\/\/schema.org","@graph":[{"@type":"Article","@id":"https:\/\/ictimai.az\/?p=1696#article","isPartOf":{"@id":"https:\/\/ictimai.az\/?p=1696"},"author":{"name":"R\u0259\u015fad Bayramov","@id":"https:\/\/ictimai.az\/#\/schema\/person\/1da94bf2c7ab5d83ad349237bec1e6af"},"headline":"\u201c\u00c7in Kargo\u201d \u015firk\u0259tinin t\u0259sis\u00e7isi v\u0259 r\u0259hb\u0259ri, n\u00fcfuzlu i\u015f adam\u0131 \u015eamil Heyd\u0259rov Koronavirusla M\u00fcbariz\u0259y\u0259 d\u0259st\u0259k oldu","datePublished":"2020-03-24T14:09:54+00:00","dateModified":"2020-03-24T18:35:42+00:00","mainEntityOfPage":{"@id":"https:\/\/ictimai.az\/?p=1696"},"wordCount":437,"publisher":{"@id":"https:\/\/ictimai.az\/#organization"},"articleSection":["Biznes"],"inLanguage":"az"},{"@type":"WebPage","@id":"https:\/\/ictimai.az\/?p=1696","url":"https:\/\/ictimai.az\/?p=1696","name":"\u201c\u00c7in Kargo\u201d \u015firk\u0259tinin t\u0259sis\u00e7isi v\u0259 r\u0259hb\u0259ri, n\u00fcfuzlu i\u015f adam\u0131 \u015eamil Heyd\u0259rov Koronavirusla M\u00fcbariz\u0259y\u0259 d\u0259st\u0259k oldu - \u0130CT\u0130MA\u0130.AZ","isPartOf":{"@id":"https:\/\/ictimai.az\/#website"},"datePublished":"2020-03-24T14:09:54+00:00","dateModified":"2020-03-24T18:35:42+00:00","breadcrumb":{"@id":"https:\/\/ictimai.az\/?p=1696#breadcrumb"},"inLanguage":"az","potentialAction":[{"@type":"ReadAction","target":["https:\/\/ictimai.az\/?p=1696"]}]},{"@type":"BreadcrumbList","@id":"https:\/\/ictimai.az\/?p=1696#breadcrumb","itemListElement":[{"@type":"ListItem","position":1,"name":"Home","item":"https:\/\/ictimai.az\/"},{"@type":"ListItem","position":2,"name":"\u201c\u00c7in Kargo\u201d \u015firk\u0259tinin t\u0259sis\u00e7isi v\u0259 r\u0259hb\u0259ri, n\u00fcfuzlu i\u015f adam\u0131 \u015eamil Heyd\u0259rov Koronavirusla M\u00fcbariz\u0259y\u0259 d\u0259st\u0259k oldu"}]},{"@type":"WebSite","@id":"https:\/\/ictimai.az\/#website","url":"https:\/\/ictimai.az\/","name":"\u0130CT\u0130MA\u0130.AZ","description":"","publisher":{"@id":"https:\/\/ictimai.az\/#organization"},"potentialAction":[{"@type":"SearchAction","target":{"@type":"EntryPoint","urlTemplate":"https:\/\/ictimai.az\/?s={search_term_string}"},"query-input":{"@type":"PropertyValueSpecification","valueRequired":true,"valueName":"search_term_string"}}],"inLanguage":"az"},{"@type":"Organization","@id":"https:\/\/ictimai.az\/#organization","name":"\u0130CT\u0130MA\u0130.AZ","url":"https:\/\/ictimai.az\/","logo":{"@type":"ImageObject","inLanguage":"az","@id":"https:\/\/ictimai.az\/#\/schema\/logo\/image\/","url":"https:\/\/ictimai.az\/core\/uploads\/2026\/06\/cropped-ictimai_0380d81099c6fe3baae753faceb5481f_p41rg2mzq0uyvextfh3k-768x768-1-3.png","contentUrl":"https:\/\/ictimai.az\/core\/uploads\/2026\/06\/cropped-ictimai_0380d81099c6fe3baae753faceb5481f_p41rg2mzq0uyvextfh3k-768x768-1-3.png","width":768,"height":768,"caption":"\u0130CT\u0130MA\u0130.AZ"},"image":{"@id":"https:\/\/ictimai.az\/#\/schema\/logo\/image\/"}},{"@type":"Person","@id":"https:\/\/ictimai.az\/#\/schema\/person\/1da94bf2c7ab5d83ad349237bec1e6af","name":"R\u0259\u015fad Bayramov","image":{"@type":"ImageObject","inLanguage":"az","@id":"https:\/\/secure.gravatar.com\/avatar\/83c075605ba0a4d35d59726aaad89cfa8008d1f01603342c56f1dd79784491bc?s=96&d=mm&r=g","url":"https:\/\/secure.gravatar.com\/avatar\/83c075605ba0a4d35d59726aaad89cfa8008d1f01603342c56f1dd79784491bc?s=96&d=mm&r=g","contentUrl":"https:\/\/secure.gravatar.com\/avatar\/83c075605ba0a4d35d59726aaad89cfa8008d1f01603342c56f1dd79784491bc?s=96&d=mm&r=g","caption":"R\u0259\u015fad Bayramov"},"sameAs":["https:\/\/ictimai.az\/"],"url":"https:\/\/ictimai.az\/?author=2"}]}},"_links":{"self":[{"href":"https:\/\/ictimai.az\/index.php?rest_route=\/wp\/v2\/posts\/1696","targetHints":{"allow":["GET"]}}],"collection":[{"href":"https:\/\/ictimai.az\/index.php?rest_route=\/wp\/v2\/posts"}],"about":[{"href":"https:\/\/ictimai.az\/index.php?rest_route=\/wp\/v2\/types\/post"}],"author":[{"embeddable":true,"href":"https:\/\/ictimai.az\/index.php?rest_route=\/wp\/v2\/users\/2"}],"replies":[{"embeddable":true,"href":"https:\/\/ictimai.az\/index.php?rest_route=%2Fwp%2Fv2%2Fcomments&post=1696"}],"version-history":[{"count":0,"href":"https:\/\/ictimai.az\/index.php?rest_route=\/wp\/v2\/posts\/1696\/revisions"}],"wp:attachment":[{"href":"https:\/\/ictimai.az\/index.php?rest_route=%2Fwp%2Fv2%2Fmedia&parent=1696"}],"wp:term":[{"taxonomy":"category","embeddable":true,"href":"https:\/\/ictimai.az\/index.php?rest_route=%2Fwp%2Fv2%2Fcategories&post=1696"},{"taxonomy":"post_tag","embeddable":true,"href":"https:\/\/ictimai.az\/index.php?rest_route=%2Fwp%2Fv2%2Ftags&post=1696"}],"curies":[{"name":"wp","href":"https:\/\/api.w.org\/{rel}","templated":true}]}}