{"id":19348,"date":"2023-01-05T17:37:36","date_gmt":"2023-01-05T13:37:36","guid":{"rendered":"https:\/\/ictimai.az\/?p=19348"},"modified":"2023-01-05T14:18:30","modified_gmt":"2023-01-05T10:18:30","slug":"naxcivanda-etiraz-aksiyasi-kecirilir-fotolar","status":"publish","type":"post","link":"https:\/\/ictimai.az\/?p=19348","title":{"rendered":"Nax\u00e7\u0131vanda etiraz aksiyas\u0131 ke\u00e7irilir &#8211; FOTOLAR"},"content":{"rendered":"<p>Nax\u00e7\u0131van Muxtar Respublikas\u0131n\u0131n Nax\u00e7\u0131van \u015f\u0259h\u0259rind\u0259 etiraz aksiyas\u0131 ke\u00e7irilir.<\/p>\n<p>Modern.az x\u0259b\u0259r verir ki, bu g\u00fcn \u201cCahan\u201d\u00a0Ticar\u0259t M\u0259rk\u0259zinin i\u015f\u00e7il\u0259ri etiraz aksiyas\u0131na ba\u015flay\u0131blar. Buna s\u0259b\u0259b kimi icar\u0259 haqq\u0131n\u0131n y\u00fcks\u0259k olmas\u0131 g\u00f6st\u0259rilir.<\/p>\n<p>Sahibkarlar Nax\u00e7\u0131van Ali M\u0259clisi istiqam\u0259tind\u0259 y\u00fcr\u00fc\u015f ed\u0259r\u0259k, \u015fikay\u0259tl\u0259rini yeni r\u0259hb\u0259rliy\u0259 \u00e7atd\u0131rmaq ist\u0259dikl\u0259rini bildiribl\u0259r.<\/p>\n<div class=\"gallery\">\n<div class=\"gallery-i\"><img decoding=\"async\" src=\"https:\/\/cdn.oxu.az\/uploads\/W1siZiIsIjIwMjMvMDEvMDUvMTQvMTEvNTcvZDc2MzI5YWUtZTY2My00ZGFiLWI4YjEtMzZiMzhlMDQ2OTA3L2EzLmpwZyJdLFsicCIsImVuY29kZSIsImpwZyIsIi1xdWFsaXR5IDgwIl0sWyJwIiwidGh1bWIiLCI1OTB4NTkwXHUwMDNlIl1d?sha=1ea6de23a4210435\" alt=\"\" \/><\/p>\n<div class=\"gallery-i-caption\"><\/div>\n<\/div>\n<div class=\"gallery-i\"><img decoding=\"async\" src=\"https:\/\/cdn.oxu.az\/uploads\/W1siZiIsIjIwMjMvMDEvMDUvMTQvMTEvNTcvZmRhZDNhMGYtMzRhZS00ODQ0LThlOTAtNzcwNTI2ZDNjOWUyL2EyLmpwZyJdLFsicCIsImVuY29kZSIsImpwZyIsIi1xdWFsaXR5IDgwIl0sWyJwIiwidGh1bWIiLCI1OTB4NTkwXHUwMDNlIl1d?sha=993d4ef87ee19de9\" alt=\"\" \/><\/p>\n<div class=\"gallery-i-caption\"><\/div>\n<\/div>\n<div class=\"gallery-i\"><img decoding=\"async\" src=\"https:\/\/cdn.oxu.az\/uploads\/W1siZiIsIjIwMjMvMDEvMDUvMTQvMTEvNTcvODAyZWUyYWMtNjIwMi00YzVlLTg2YjAtYWQzMzlhMDM0NmQ1L2ExLmpwZyJdLFsicCIsImVuY29kZSIsImpwZyIsIi1xdWFsaXR5IDgwIl0sWyJwIiwidGh1bWIiLCI1OTB4NTkwXHUwMDNlIl1d?sha=3fd80ffb6db0ed6a\" alt=\"\" \/><\/div>\n<\/div>\n","protected":false},"excerpt":{"rendered":"<p>Nax\u00e7\u0131van Muxtar Respublikas\u0131n\u0131n Nax\u00e7\u0131van \u015f\u0259h\u0259rind\u0259 etiraz aksiyas\u0131 ke\u00e7irilir. Modern.az x\u0259b\u0259r verir ki, bu g\u00fcn \u201cCahan\u201d\u00a0Ticar\u0259t M\u0259rk\u0259zinin i\u015f\u00e7il\u0259ri etiraz aksiyas\u0131na ba\u015flay\u0131blar. Buna s\u0259b\u0259b kimi icar\u0259 haqq\u0131n\u0131n y\u00fcks\u0259k olmas\u0131 g\u00f6st\u0259rilir. Sahibkarlar Nax\u00e7\u0131van Ali M\u0259clisi istiqam\u0259tind\u0259 y\u00fcr\u00fc\u015f ed\u0259r\u0259k, \u015fikay\u0259tl\u0259rini yeni r\u0259hb\u0259rliy\u0259 \u00e7atd\u0131rmaq ist\u0259dikl\u0259rini bildiribl\u0259r.<\/p>\n","protected":false},"author":2,"featured_media":19349,"comment_status":"closed","ping_status":"closed","sticky":false,"template":"","format":"standard","meta":{"footnotes":""},"categories":[2],"tags":[],"class_list":["post-19348","post","type-post","status-publish","format-standard","has-post-thumbnail","hentry","category-trend"],"yoast_head":"<!-- This site is optimized with the Yoast SEO plugin v28.2 - https:\/\/yoast.com\/product\/yoast-seo-wordpress\/ -->\n<title>Nax\u00e7\u0131vanda etiraz aksiyas\u0131 ke\u00e7irilir - FOTOLAR - \u0130CT\u0130MA\u0130.AZ<\/title>\n<meta name=\"robots\" content=\"index, follow, max-snippet:-1, max-image-preview:large, max-video-preview:-1\" \/>\n<link rel=\"canonical\" href=\"https:\/\/ictimai.az\/?p=19348\" \/>\n<meta property=\"og:locale\" content=\"az_AZ\" \/>\n<meta property=\"og:type\" content=\"article\" \/>\n<meta property=\"og:title\" content=\"Nax\u00e7\u0131vanda etiraz aksiyas\u0131 ke\u00e7irilir - FOTOLAR - \u0130CT\u0130MA\u0130.AZ\" \/>\n<meta property=\"og:description\" content=\"Nax\u00e7\u0131van Muxtar Respublikas\u0131n\u0131n Nax\u00e7\u0131van \u015f\u0259h\u0259rind\u0259 etiraz aksiyas\u0131 ke\u00e7irilir. Modern.az x\u0259b\u0259r verir ki, bu g\u00fcn \u201cCahan\u201d\u00a0Ticar\u0259t M\u0259rk\u0259zinin i\u015f\u00e7il\u0259ri etiraz aksiyas\u0131na ba\u015flay\u0131blar. Buna s\u0259b\u0259b kimi icar\u0259 haqq\u0131n\u0131n y\u00fcks\u0259k olmas\u0131 g\u00f6st\u0259rilir. Sahibkarlar Nax\u00e7\u0131van Ali M\u0259clisi istiqam\u0259tind\u0259 y\u00fcr\u00fc\u015f ed\u0259r\u0259k, \u015fikay\u0259tl\u0259rini yeni r\u0259hb\u0259rliy\u0259 \u00e7atd\u0131rmaq ist\u0259dikl\u0259rini bildiribl\u0259r.\" \/>\n<meta property=\"og:url\" content=\"https:\/\/ictimai.az\/?p=19348\" \/>\n<meta property=\"og:site_name\" content=\"\u0130CT\u0130MA\u0130.AZ\" \/>\n<meta property=\"article:published_time\" content=\"2023-01-05T13:37:36+00:00\" \/>\n<meta property=\"og:image\" content=\"https:\/\/ictimai.az\/core\/uploads\/2023\/01\/ictimai_4fd457f7c2c372071b1029115b731d69_x0ujmnzp5bhqoftr9gvy.jpg\" \/>\n\t<meta property=\"og:image:width\" content=\"620\" \/>\n\t<meta property=\"og:image:height\" content=\"413\" \/>\n\t<meta property=\"og:image:type\" content=\"image\/jpeg\" \/>\n<meta name=\"author\" content=\"R\u0259\u015fad Bayramov\" \/>\n<meta name=\"twitter:card\" content=\"summary_large_image\" \/>\n<meta name=\"twitter:label1\" content=\"Written by\" \/>\n\t<meta name=\"twitter:data1\" content=\"R\u0259\u015fad Bayramov\" \/>\n<script type=\"application\/ld+json\" class=\"yoast-schema-graph\">{\"@context\":\"https:\\\/\\\/schema.org\",\"@graph\":[{\"@type\":\"Article\",\"@id\":\"https:\\\/\\\/ictimai.az\\\/?p=19348#article\",\"isPartOf\":{\"@id\":\"https:\\\/\\\/ictimai.az\\\/?p=19348\"},\"author\":{\"name\":\"R\u0259\u015fad Bayramov\",\"@id\":\"https:\\\/\\\/ictimai.az\\\/#\\\/schema\\\/person\\\/1da94bf2c7ab5d83ad349237bec1e6af\"},\"headline\":\"Nax\u00e7\u0131vanda etiraz aksiyas\u0131 ke\u00e7irilir &#8211; FOTOLAR\",\"datePublished\":\"2023-01-05T13:37:36+00:00\",\"mainEntityOfPage\":{\"@id\":\"https:\\\/\\\/ictimai.az\\\/?p=19348\"},\"wordCount\":90,\"publisher\":{\"@id\":\"https:\\\/\\\/ictimai.az\\\/#organization\"},\"image\":{\"@id\":\"https:\\\/\\\/ictimai.az\\\/?p=19348#primaryimage\"},\"thumbnailUrl\":\"https:\\\/\\\/ictimai.az\\\/core\\\/uploads\\\/2023\\\/01\\\/ictimai_4fd457f7c2c372071b1029115b731d69_x0ujmnzp5bhqoftr9gvy.jpg\",\"articleSection\":[\"G\u00fcnd\u0259m\"],\"inLanguage\":\"az\"},{\"@type\":\"WebPage\",\"@id\":\"https:\\\/\\\/ictimai.az\\\/?p=19348\",\"url\":\"https:\\\/\\\/ictimai.az\\\/?p=19348\",\"name\":\"Nax\u00e7\u0131vanda etiraz aksiyas\u0131 ke\u00e7irilir - FOTOLAR - \u0130CT\u0130MA\u0130.AZ\",\"isPartOf\":{\"@id\":\"https:\\\/\\\/ictimai.az\\\/#website\"},\"primaryImageOfPage\":{\"@id\":\"https:\\\/\\\/ictimai.az\\\/?p=19348#primaryimage\"},\"image\":{\"@id\":\"https:\\\/\\\/ictimai.az\\\/?p=19348#primaryimage\"},\"thumbnailUrl\":\"https:\\\/\\\/ictimai.az\\\/core\\\/uploads\\\/2023\\\/01\\\/ictimai_4fd457f7c2c372071b1029115b731d69_x0ujmnzp5bhqoftr9gvy.jpg\",\"datePublished\":\"2023-01-05T13:37:36+00:00\",\"breadcrumb\":{\"@id\":\"https:\\\/\\\/ictimai.az\\\/?p=19348#breadcrumb\"},\"inLanguage\":\"az\",\"potentialAction\":[{\"@type\":\"ReadAction\",\"target\":[\"https:\\\/\\\/ictimai.az\\\/?p=19348\"]}]},{\"@type\":\"ImageObject\",\"inLanguage\":\"az\",\"@id\":\"https:\\\/\\\/ictimai.az\\\/?p=19348#primaryimage\",\"url\":\"https:\\\/\\\/ictimai.az\\\/core\\\/uploads\\\/2023\\\/01\\\/ictimai_4fd457f7c2c372071b1029115b731d69_x0ujmnzp5bhqoftr9gvy.jpg\",\"contentUrl\":\"https:\\\/\\\/ictimai.az\\\/core\\\/uploads\\\/2023\\\/01\\\/ictimai_4fd457f7c2c372071b1029115b731d69_x0ujmnzp5bhqoftr9gvy.jpg\",\"width\":620,\"height\":413},{\"@type\":\"BreadcrumbList\",\"@id\":\"https:\\\/\\\/ictimai.az\\\/?p=19348#breadcrumb\",\"itemListElement\":[{\"@type\":\"ListItem\",\"position\":1,\"name\":\"Home\",\"item\":\"https:\\\/\\\/ictimai.az\\\/\"},{\"@type\":\"ListItem\",\"position\":2,\"name\":\"Nax\u00e7\u0131vanda etiraz aksiyas\u0131 ke\u00e7irilir &#8211; FOTOLAR\"}]},{\"@type\":\"WebSite\",\"@id\":\"https:\\\/\\\/ictimai.az\\\/#website\",\"url\":\"https:\\\/\\\/ictimai.az\\\/\",\"name\":\"\u0130CT\u0130MA\u0130.AZ\",\"description\":\"\",\"publisher\":{\"@id\":\"https:\\\/\\\/ictimai.az\\\/#organization\"},\"potentialAction\":[{\"@type\":\"SearchAction\",\"target\":{\"@type\":\"EntryPoint\",\"urlTemplate\":\"https:\\\/\\\/ictimai.az\\\/?s={search_term_string}\"},\"query-input\":{\"@type\":\"PropertyValueSpecification\",\"valueRequired\":true,\"valueName\":\"search_term_string\"}}],\"inLanguage\":\"az\"},{\"@type\":\"Organization\",\"@id\":\"https:\\\/\\\/ictimai.az\\\/#organization\",\"name\":\"\u0130CT\u0130MA\u0130.AZ\",\"url\":\"https:\\\/\\\/ictimai.az\\\/\",\"logo\":{\"@type\":\"ImageObject\",\"inLanguage\":\"az\",\"@id\":\"https:\\\/\\\/ictimai.az\\\/#\\\/schema\\\/logo\\\/image\\\/\",\"url\":\"https:\\\/\\\/ictimai.az\\\/core\\\/uploads\\\/2026\\\/06\\\/cropped-ictimai_0380d81099c6fe3baae753faceb5481f_p41rg2mzq0uyvextfh3k-768x768-1-3.png\",\"contentUrl\":\"https:\\\/\\\/ictimai.az\\\/core\\\/uploads\\\/2026\\\/06\\\/cropped-ictimai_0380d81099c6fe3baae753faceb5481f_p41rg2mzq0uyvextfh3k-768x768-1-3.png\",\"width\":768,\"height\":768,\"caption\":\"\u0130CT\u0130MA\u0130.AZ\"},\"image\":{\"@id\":\"https:\\\/\\\/ictimai.az\\\/#\\\/schema\\\/logo\\\/image\\\/\"}},{\"@type\":\"Person\",\"@id\":\"https:\\\/\\\/ictimai.az\\\/#\\\/schema\\\/person\\\/1da94bf2c7ab5d83ad349237bec1e6af\",\"name\":\"R\u0259\u015fad Bayramov\",\"image\":{\"@type\":\"ImageObject\",\"inLanguage\":\"az\",\"@id\":\"https:\\\/\\\/secure.gravatar.com\\\/avatar\\\/83c075605ba0a4d35d59726aaad89cfa8008d1f01603342c56f1dd79784491bc?s=96&d=mm&r=g\",\"url\":\"https:\\\/\\\/secure.gravatar.com\\\/avatar\\\/83c075605ba0a4d35d59726aaad89cfa8008d1f01603342c56f1dd79784491bc?s=96&d=mm&r=g\",\"contentUrl\":\"https:\\\/\\\/secure.gravatar.com\\\/avatar\\\/83c075605ba0a4d35d59726aaad89cfa8008d1f01603342c56f1dd79784491bc?s=96&d=mm&r=g\",\"caption\":\"R\u0259\u015fad Bayramov\"},\"sameAs\":[\"https:\\\/\\\/ictimai.az\\\/\"],\"url\":\"https:\\\/\\\/ictimai.az\\\/?author=2\"}]}<\/script>\n<!-- \/ Yoast SEO plugin. -->","yoast_head_json":{"title":"Nax\u00e7\u0131vanda etiraz aksiyas\u0131 ke\u00e7irilir - FOTOLAR - \u0130CT\u0130MA\u0130.AZ","robots":{"index":"index","follow":"follow","max-snippet":"max-snippet:-1","max-image-preview":"max-image-preview:large","max-video-preview":"max-video-preview:-1"},"canonical":"https:\/\/ictimai.az\/?p=19348","og_locale":"az_AZ","og_type":"article","og_title":"Nax\u00e7\u0131vanda etiraz aksiyas\u0131 ke\u00e7irilir - FOTOLAR - \u0130CT\u0130MA\u0130.AZ","og_description":"Nax\u00e7\u0131van Muxtar Respublikas\u0131n\u0131n Nax\u00e7\u0131van \u015f\u0259h\u0259rind\u0259 etiraz aksiyas\u0131 ke\u00e7irilir. Modern.az x\u0259b\u0259r verir ki, bu g\u00fcn \u201cCahan\u201d\u00a0Ticar\u0259t M\u0259rk\u0259zinin i\u015f\u00e7il\u0259ri etiraz aksiyas\u0131na ba\u015flay\u0131blar. Buna s\u0259b\u0259b kimi icar\u0259 haqq\u0131n\u0131n y\u00fcks\u0259k olmas\u0131 g\u00f6st\u0259rilir. Sahibkarlar Nax\u00e7\u0131van Ali M\u0259clisi istiqam\u0259tind\u0259 y\u00fcr\u00fc\u015f ed\u0259r\u0259k, \u015fikay\u0259tl\u0259rini yeni r\u0259hb\u0259rliy\u0259 \u00e7atd\u0131rmaq ist\u0259dikl\u0259rini bildiribl\u0259r.","og_url":"https:\/\/ictimai.az\/?p=19348","og_site_name":"\u0130CT\u0130MA\u0130.AZ","article_published_time":"2023-01-05T13:37:36+00:00","og_image":[{"width":620,"height":413,"url":"https:\/\/ictimai.az\/core\/uploads\/2023\/01\/ictimai_4fd457f7c2c372071b1029115b731d69_x0ujmnzp5bhqoftr9gvy.jpg","type":"image\/jpeg"}],"author":"R\u0259\u015fad Bayramov","twitter_card":"summary_large_image","twitter_misc":{"Written by":"R\u0259\u015fad Bayramov"},"schema":{"@context":"https:\/\/schema.org","@graph":[{"@type":"Article","@id":"https:\/\/ictimai.az\/?p=19348#article","isPartOf":{"@id":"https:\/\/ictimai.az\/?p=19348"},"author":{"name":"R\u0259\u015fad Bayramov","@id":"https:\/\/ictimai.az\/#\/schema\/person\/1da94bf2c7ab5d83ad349237bec1e6af"},"headline":"Nax\u00e7\u0131vanda etiraz aksiyas\u0131 ke\u00e7irilir &#8211; FOTOLAR","datePublished":"2023-01-05T13:37:36+00:00","mainEntityOfPage":{"@id":"https:\/\/ictimai.az\/?p=19348"},"wordCount":90,"publisher":{"@id":"https:\/\/ictimai.az\/#organization"},"image":{"@id":"https:\/\/ictimai.az\/?p=19348#primaryimage"},"thumbnailUrl":"https:\/\/ictimai.az\/core\/uploads\/2023\/01\/ictimai_4fd457f7c2c372071b1029115b731d69_x0ujmnzp5bhqoftr9gvy.jpg","articleSection":["G\u00fcnd\u0259m"],"inLanguage":"az"},{"@type":"WebPage","@id":"https:\/\/ictimai.az\/?p=19348","url":"https:\/\/ictimai.az\/?p=19348","name":"Nax\u00e7\u0131vanda etiraz aksiyas\u0131 ke\u00e7irilir - FOTOLAR - \u0130CT\u0130MA\u0130.AZ","isPartOf":{"@id":"https:\/\/ictimai.az\/#website"},"primaryImageOfPage":{"@id":"https:\/\/ictimai.az\/?p=19348#primaryimage"},"image":{"@id":"https:\/\/ictimai.az\/?p=19348#primaryimage"},"thumbnailUrl":"https:\/\/ictimai.az\/core\/uploads\/2023\/01\/ictimai_4fd457f7c2c372071b1029115b731d69_x0ujmnzp5bhqoftr9gvy.jpg","datePublished":"2023-01-05T13:37:36+00:00","breadcrumb":{"@id":"https:\/\/ictimai.az\/?p=19348#breadcrumb"},"inLanguage":"az","potentialAction":[{"@type":"ReadAction","target":["https:\/\/ictimai.az\/?p=19348"]}]},{"@type":"ImageObject","inLanguage":"az","@id":"https:\/\/ictimai.az\/?p=19348#primaryimage","url":"https:\/\/ictimai.az\/core\/uploads\/2023\/01\/ictimai_4fd457f7c2c372071b1029115b731d69_x0ujmnzp5bhqoftr9gvy.jpg","contentUrl":"https:\/\/ictimai.az\/core\/uploads\/2023\/01\/ictimai_4fd457f7c2c372071b1029115b731d69_x0ujmnzp5bhqoftr9gvy.jpg","width":620,"height":413},{"@type":"BreadcrumbList","@id":"https:\/\/ictimai.az\/?p=19348#breadcrumb","itemListElement":[{"@type":"ListItem","position":1,"name":"Home","item":"https:\/\/ictimai.az\/"},{"@type":"ListItem","position":2,"name":"Nax\u00e7\u0131vanda etiraz aksiyas\u0131 ke\u00e7irilir &#8211; FOTOLAR"}]},{"@type":"WebSite","@id":"https:\/\/ictimai.az\/#website","url":"https:\/\/ictimai.az\/","name":"\u0130CT\u0130MA\u0130.AZ","description":"","publisher":{"@id":"https:\/\/ictimai.az\/#organization"},"potentialAction":[{"@type":"SearchAction","target":{"@type":"EntryPoint","urlTemplate":"https:\/\/ictimai.az\/?s={search_term_string}"},"query-input":{"@type":"PropertyValueSpecification","valueRequired":true,"valueName":"search_term_string"}}],"inLanguage":"az"},{"@type":"Organization","@id":"https:\/\/ictimai.az\/#organization","name":"\u0130CT\u0130MA\u0130.AZ","url":"https:\/\/ictimai.az\/","logo":{"@type":"ImageObject","inLanguage":"az","@id":"https:\/\/ictimai.az\/#\/schema\/logo\/image\/","url":"https:\/\/ictimai.az\/core\/uploads\/2026\/06\/cropped-ictimai_0380d81099c6fe3baae753faceb5481f_p41rg2mzq0uyvextfh3k-768x768-1-3.png","contentUrl":"https:\/\/ictimai.az\/core\/uploads\/2026\/06\/cropped-ictimai_0380d81099c6fe3baae753faceb5481f_p41rg2mzq0uyvextfh3k-768x768-1-3.png","width":768,"height":768,"caption":"\u0130CT\u0130MA\u0130.AZ"},"image":{"@id":"https:\/\/ictimai.az\/#\/schema\/logo\/image\/"}},{"@type":"Person","@id":"https:\/\/ictimai.az\/#\/schema\/person\/1da94bf2c7ab5d83ad349237bec1e6af","name":"R\u0259\u015fad Bayramov","image":{"@type":"ImageObject","inLanguage":"az","@id":"https:\/\/secure.gravatar.com\/avatar\/83c075605ba0a4d35d59726aaad89cfa8008d1f01603342c56f1dd79784491bc?s=96&d=mm&r=g","url":"https:\/\/secure.gravatar.com\/avatar\/83c075605ba0a4d35d59726aaad89cfa8008d1f01603342c56f1dd79784491bc?s=96&d=mm&r=g","contentUrl":"https:\/\/secure.gravatar.com\/avatar\/83c075605ba0a4d35d59726aaad89cfa8008d1f01603342c56f1dd79784491bc?s=96&d=mm&r=g","caption":"R\u0259\u015fad Bayramov"},"sameAs":["https:\/\/ictimai.az\/"],"url":"https:\/\/ictimai.az\/?author=2"}]}},"_links":{"self":[{"href":"https:\/\/ictimai.az\/index.php?rest_route=\/wp\/v2\/posts\/19348","targetHints":{"allow":["GET"]}}],"collection":[{"href":"https:\/\/ictimai.az\/index.php?rest_route=\/wp\/v2\/posts"}],"about":[{"href":"https:\/\/ictimai.az\/index.php?rest_route=\/wp\/v2\/types\/post"}],"author":[{"embeddable":true,"href":"https:\/\/ictimai.az\/index.php?rest_route=\/wp\/v2\/users\/2"}],"replies":[{"embeddable":true,"href":"https:\/\/ictimai.az\/index.php?rest_route=%2Fwp%2Fv2%2Fcomments&post=19348"}],"version-history":[{"count":0,"href":"https:\/\/ictimai.az\/index.php?rest_route=\/wp\/v2\/posts\/19348\/revisions"}],"wp:featuredmedia":[{"embeddable":true,"href":"https:\/\/ictimai.az\/index.php?rest_route=\/wp\/v2\/media\/19349"}],"wp:attachment":[{"href":"https:\/\/ictimai.az\/index.php?rest_route=%2Fwp%2Fv2%2Fmedia&parent=19348"}],"wp:term":[{"taxonomy":"category","embeddable":true,"href":"https:\/\/ictimai.az\/index.php?rest_route=%2Fwp%2Fv2%2Fcategories&post=19348"},{"taxonomy":"post_tag","embeddable":true,"href":"https:\/\/ictimai.az\/index.php?rest_route=%2Fwp%2Fv2%2Ftags&post=19348"}],"curies":[{"name":"wp","href":"https:\/\/api.w.org\/{rel}","templated":true}]}}