{"id":19534,"date":"2023-01-23T08:27:52","date_gmt":"2023-01-23T04:27:52","guid":{"rendered":"https:\/\/ictimai.az\/?p=19534"},"modified":"2023-01-23T08:55:51","modified_gmt":"2023-01-23T04:55:51","slug":"men-gucluyem-deyerliyem-qadinam-layihesinin-ikinci-telimi-bas-tutub","status":"publish","type":"post","link":"https:\/\/ictimai.az\/?p=19534","title":{"rendered":"&#8220;M\u0259n g\u00fccl\u00fcy\u0259m, d\u0259y\u0259rliy\u0259m, qad\u0131nam!&#8221; layih\u0259sinin  ikinci t\u0259limi ba\u015f tutub"},"content":{"rendered":"<p>Az\u0259rbaycan Respublikas\u0131n\u0131n G\u0259ncl\u0259r Fondunun \u201c\u0130deyan\u0131 Realla\u015fd\u0131r 2022\u201d f\u0259rdi qrant m\u00fcsabiq\u0259si \u00e7\u0259r\u00e7iv\u0259sind\u0259 ictimai f\u0259al g\u0259nc P\u0259ri \u0130brahimovan\u0131n qalib oldu\u011fu &#8220;M\u0259n g\u00fccl\u00fcy\u0259m, d\u0259y\u0259rliy\u0259m, qad\u0131nam!&#8221; layih\u0259sinin ikinci t\u0259limi ba\u015f tutub.<\/p>\n<p>T\u0259lim zaman\u0131 t\u0259lim\u00e7i V\u0259fa R\u00fcst\u0259m layih\u0259y\u0259 se\u00e7ilmi\u015f 20 g\u0259nc xan\u0131ma davran\u0131\u015fa n\u0259zar\u0259t, beyin v\u0259 travma, m\u0259i\u015f\u0259t zorak\u0131l\u0131\u011f\u0131 il\u0259 ba\u011fl\u0131 anlay\u0131\u015flar\u0131 \u00f6t\u00fcr\u00fcb, i\u015ftirak\u00e7\u0131 q\u0131zlar\u0131n g\u00fcnd\u0259lik, \u015f\u0259xsi h\u0259yatlar\u0131nda, o c\u00fcml\u0259d\u0259n pe\u015f\u0259 se\u00e7iml\u0259rind\u0259 qar\u015f\u0131la\u015fd\u0131qlar\u0131 m\u00fcxt\u0259lif gender probleml\u0259rini m\u00fczakir\u0259 edib. Sonda i\u015ftirak\u00e7\u0131lar\u0131 maraqland\u0131ran suallar cavabland\u0131r\u0131l\u0131b, qaranl\u0131q qalan m\u0259qamlar m\u00fczakir\u0259 olunub.<\/p>\n<div id='gallery-1' class='gallery galleryid-19534 gallery-columns-3 gallery-size-thumbnail'><figure class='gallery-item'>\n\t\t\t<div class='gallery-icon landscape'>\n\t\t\t\t<a href='https:\/\/ictimai.az\/?attachment_id=19535'><img loading=\"lazy\" decoding=\"async\" width=\"150\" height=\"150\" src=\"https:\/\/ictimai.az\/core\/uploads\/2023\/01\/ictimai_b89c4cc90e26a826ef04a7adfea8c40d_68x1j4gby2ocwukq0ta7-150x150.jpg\" class=\"attachment-thumbnail size-thumbnail\" alt=\"\" \/><\/a>\n\t\t\t<\/div><\/figure><figure class='gallery-item'>\n\t\t\t<div class='gallery-icon landscape'>\n\t\t\t\t<a href='https:\/\/ictimai.az\/?attachment_id=19536'><img loading=\"lazy\" decoding=\"async\" width=\"150\" height=\"150\" src=\"https:\/\/ictimai.az\/core\/uploads\/2023\/01\/ictimai_d19c0bad6130a2b22e2afd58cb4d667f_61b7lciazrepkfyj4905-150x150.jpg\" class=\"attachment-thumbnail size-thumbnail\" alt=\"\" \/><\/a>\n\t\t\t<\/div><\/figure><figure class='gallery-item'>\n\t\t\t<div class='gallery-icon landscape'>\n\t\t\t\t<a href='https:\/\/ictimai.az\/?attachment_id=19537'><img loading=\"lazy\" decoding=\"async\" width=\"150\" height=\"150\" src=\"https:\/\/ictimai.az\/core\/uploads\/2023\/01\/ictimai_85931adc848990d4fd4635647c275d0b_hj5ftgm47xrqp182vsca-150x150.jpg\" class=\"attachment-thumbnail size-thumbnail\" alt=\"\" \/><\/a>\n\t\t\t<\/div><\/figure>\n\t\t<\/div>\n\n","protected":false},"excerpt":{"rendered":"<p>Az\u0259rbaycan Respublikas\u0131n\u0131n G\u0259ncl\u0259r Fondunun \u201c\u0130deyan\u0131 Realla\u015fd\u0131r 2022\u201d f\u0259rdi qrant m\u00fcsabiq\u0259si \u00e7\u0259r\u00e7iv\u0259sind\u0259 ictimai f\u0259al g\u0259nc P\u0259ri \u0130brahimovan\u0131n qalib oldu\u011fu &#8220;M\u0259n g\u00fccl\u00fcy\u0259m, d\u0259y\u0259rliy\u0259m, qad\u0131nam!&#8221; layih\u0259sinin ikinci t\u0259limi ba\u015f tutub. T\u0259lim zaman\u0131 t\u0259lim\u00e7i V\u0259fa R\u00fcst\u0259m layih\u0259y\u0259 se\u00e7ilmi\u015f 20 g\u0259nc xan\u0131ma davran\u0131\u015fa n\u0259zar\u0259t, beyin v\u0259 travma, m\u0259i\u015f\u0259t zorak\u0131l\u0131\u011f\u0131 il\u0259 ba\u011fl\u0131 anlay\u0131\u015flar\u0131 \u00f6t\u00fcr\u00fcb, i\u015ftirak\u00e7\u0131 q\u0131zlar\u0131n g\u00fcnd\u0259lik, \u015f\u0259xsi h\u0259yatlar\u0131nda, o c\u00fcml\u0259d\u0259n [&hellip;]<\/p>\n","protected":false},"author":2,"featured_media":19538,"comment_status":"closed","ping_status":"closed","sticky":false,"template":"","format":"standard","meta":{"footnotes":""},"categories":[50],"tags":[],"class_list":["post-19534","post","type-post","status-publish","format-standard","has-post-thumbnail","hentry","category-youth"],"yoast_head":"<!-- This site is optimized with the Yoast SEO plugin v28.2 - https:\/\/yoast.com\/product\/yoast-seo-wordpress\/ -->\n<title>&quot;M\u0259n g\u00fccl\u00fcy\u0259m, d\u0259y\u0259rliy\u0259m, qad\u0131nam!&quot; layih\u0259sinin ikinci t\u0259limi ba\u015f tutub - \u0130CT\u0130MA\u0130.AZ<\/title>\n<meta name=\"robots\" content=\"index, follow, max-snippet:-1, max-image-preview:large, max-video-preview:-1\" \/>\n<link rel=\"canonical\" href=\"https:\/\/ictimai.az\/?p=19534\" \/>\n<meta property=\"og:locale\" content=\"az_AZ\" \/>\n<meta property=\"og:type\" content=\"article\" \/>\n<meta property=\"og:title\" content=\"&quot;M\u0259n g\u00fccl\u00fcy\u0259m, d\u0259y\u0259rliy\u0259m, qad\u0131nam!&quot; layih\u0259sinin ikinci t\u0259limi ba\u015f tutub - \u0130CT\u0130MA\u0130.AZ\" \/>\n<meta property=\"og:description\" content=\"Az\u0259rbaycan Respublikas\u0131n\u0131n G\u0259ncl\u0259r Fondunun \u201c\u0130deyan\u0131 Realla\u015fd\u0131r 2022\u201d f\u0259rdi qrant m\u00fcsabiq\u0259si \u00e7\u0259r\u00e7iv\u0259sind\u0259 ictimai f\u0259al g\u0259nc P\u0259ri \u0130brahimovan\u0131n qalib oldu\u011fu &#8220;M\u0259n g\u00fccl\u00fcy\u0259m, d\u0259y\u0259rliy\u0259m, qad\u0131nam!&#8221; layih\u0259sinin ikinci t\u0259limi ba\u015f tutub. T\u0259lim zaman\u0131 t\u0259lim\u00e7i V\u0259fa R\u00fcst\u0259m layih\u0259y\u0259 se\u00e7ilmi\u015f 20 g\u0259nc xan\u0131ma davran\u0131\u015fa n\u0259zar\u0259t, beyin v\u0259 travma, m\u0259i\u015f\u0259t zorak\u0131l\u0131\u011f\u0131 il\u0259 ba\u011fl\u0131 anlay\u0131\u015flar\u0131 \u00f6t\u00fcr\u00fcb, i\u015ftirak\u00e7\u0131 q\u0131zlar\u0131n g\u00fcnd\u0259lik, \u015f\u0259xsi h\u0259yatlar\u0131nda, o c\u00fcml\u0259d\u0259n [&hellip;]\" \/>\n<meta property=\"og:url\" content=\"https:\/\/ictimai.az\/?p=19534\" \/>\n<meta property=\"og:site_name\" content=\"\u0130CT\u0130MA\u0130.AZ\" \/>\n<meta property=\"article:published_time\" content=\"2023-01-23T04:27:52+00:00\" \/>\n<meta property=\"article:modified_time\" content=\"2023-01-23T04:55:51+00:00\" \/>\n<meta property=\"og:image\" content=\"https:\/\/ictimai.az\/core\/uploads\/2023\/01\/ictimai_9b7444083810c6151a9ad563b14cb155_zps4i6vf718au30tegmc.jpg\" \/>\n\t<meta property=\"og:image:width\" content=\"1024\" \/>\n\t<meta property=\"og:image:height\" content=\"707\" \/>\n\t<meta property=\"og:image:type\" content=\"image\/jpeg\" \/>\n<meta name=\"author\" content=\"R\u0259\u015fad Bayramov\" \/>\n<meta name=\"twitter:card\" content=\"summary_large_image\" \/>\n<meta name=\"twitter:label1\" content=\"Written by\" \/>\n\t<meta name=\"twitter:data1\" content=\"R\u0259\u015fad Bayramov\" \/>\n\t<meta name=\"twitter:label2\" content=\"Est. reading time\" \/>\n\t<meta name=\"twitter:data2\" content=\"1 minute\" \/>\n<script type=\"application\/ld+json\" class=\"yoast-schema-graph\">{\"@context\":\"https:\\\/\\\/schema.org\",\"@graph\":[{\"@type\":\"Article\",\"@id\":\"https:\\\/\\\/ictimai.az\\\/?p=19534#article\",\"isPartOf\":{\"@id\":\"https:\\\/\\\/ictimai.az\\\/?p=19534\"},\"author\":{\"name\":\"R\u0259\u015fad Bayramov\",\"@id\":\"https:\\\/\\\/ictimai.az\\\/#\\\/schema\\\/person\\\/1da94bf2c7ab5d83ad349237bec1e6af\"},\"headline\":\"&#8220;M\u0259n g\u00fccl\u00fcy\u0259m, d\u0259y\u0259rliy\u0259m, qad\u0131nam!&#8221; layih\u0259sinin ikinci t\u0259limi ba\u015f tutub\",\"datePublished\":\"2023-01-23T04:27:52+00:00\",\"dateModified\":\"2023-01-23T04:55:51+00:00\",\"mainEntityOfPage\":{\"@id\":\"https:\\\/\\\/ictimai.az\\\/?p=19534\"},\"wordCount\":167,\"publisher\":{\"@id\":\"https:\\\/\\\/ictimai.az\\\/#organization\"},\"image\":{\"@id\":\"https:\\\/\\\/ictimai.az\\\/?p=19534#primaryimage\"},\"thumbnailUrl\":\"https:\\\/\\\/ictimai.az\\\/core\\\/uploads\\\/2023\\\/01\\\/ictimai_9b7444083810c6151a9ad563b14cb155_zps4i6vf718au30tegmc.jpg\",\"articleSection\":[\"G\u0259nclik\"],\"inLanguage\":\"az\"},{\"@type\":\"WebPage\",\"@id\":\"https:\\\/\\\/ictimai.az\\\/?p=19534\",\"url\":\"https:\\\/\\\/ictimai.az\\\/?p=19534\",\"name\":\"\\\"M\u0259n g\u00fccl\u00fcy\u0259m, d\u0259y\u0259rliy\u0259m, qad\u0131nam!\\\" layih\u0259sinin ikinci t\u0259limi ba\u015f tutub - \u0130CT\u0130MA\u0130.AZ\",\"isPartOf\":{\"@id\":\"https:\\\/\\\/ictimai.az\\\/#website\"},\"primaryImageOfPage\":{\"@id\":\"https:\\\/\\\/ictimai.az\\\/?p=19534#primaryimage\"},\"image\":{\"@id\":\"https:\\\/\\\/ictimai.az\\\/?p=19534#primaryimage\"},\"thumbnailUrl\":\"https:\\\/\\\/ictimai.az\\\/core\\\/uploads\\\/2023\\\/01\\\/ictimai_9b7444083810c6151a9ad563b14cb155_zps4i6vf718au30tegmc.jpg\",\"datePublished\":\"2023-01-23T04:27:52+00:00\",\"dateModified\":\"2023-01-23T04:55:51+00:00\",\"breadcrumb\":{\"@id\":\"https:\\\/\\\/ictimai.az\\\/?p=19534#breadcrumb\"},\"inLanguage\":\"az\",\"potentialAction\":[{\"@type\":\"ReadAction\",\"target\":[\"https:\\\/\\\/ictimai.az\\\/?p=19534\"]}]},{\"@type\":\"ImageObject\",\"inLanguage\":\"az\",\"@id\":\"https:\\\/\\\/ictimai.az\\\/?p=19534#primaryimage\",\"url\":\"https:\\\/\\\/ictimai.az\\\/core\\\/uploads\\\/2023\\\/01\\\/ictimai_9b7444083810c6151a9ad563b14cb155_zps4i6vf718au30tegmc.jpg\",\"contentUrl\":\"https:\\\/\\\/ictimai.az\\\/core\\\/uploads\\\/2023\\\/01\\\/ictimai_9b7444083810c6151a9ad563b14cb155_zps4i6vf718au30tegmc.jpg\",\"width\":1024,\"height\":707},{\"@type\":\"BreadcrumbList\",\"@id\":\"https:\\\/\\\/ictimai.az\\\/?p=19534#breadcrumb\",\"itemListElement\":[{\"@type\":\"ListItem\",\"position\":1,\"name\":\"Home\",\"item\":\"https:\\\/\\\/ictimai.az\\\/\"},{\"@type\":\"ListItem\",\"position\":2,\"name\":\"&#8220;M\u0259n g\u00fccl\u00fcy\u0259m, d\u0259y\u0259rliy\u0259m, qad\u0131nam!&#8221; layih\u0259sinin ikinci t\u0259limi ba\u015f tutub\"}]},{\"@type\":\"WebSite\",\"@id\":\"https:\\\/\\\/ictimai.az\\\/#website\",\"url\":\"https:\\\/\\\/ictimai.az\\\/\",\"name\":\"\u0130CT\u0130MA\u0130.AZ\",\"description\":\"\",\"publisher\":{\"@id\":\"https:\\\/\\\/ictimai.az\\\/#organization\"},\"potentialAction\":[{\"@type\":\"SearchAction\",\"target\":{\"@type\":\"EntryPoint\",\"urlTemplate\":\"https:\\\/\\\/ictimai.az\\\/?s={search_term_string}\"},\"query-input\":{\"@type\":\"PropertyValueSpecification\",\"valueRequired\":true,\"valueName\":\"search_term_string\"}}],\"inLanguage\":\"az\"},{\"@type\":\"Organization\",\"@id\":\"https:\\\/\\\/ictimai.az\\\/#organization\",\"name\":\"\u0130CT\u0130MA\u0130.AZ\",\"url\":\"https:\\\/\\\/ictimai.az\\\/\",\"logo\":{\"@type\":\"ImageObject\",\"inLanguage\":\"az\",\"@id\":\"https:\\\/\\\/ictimai.az\\\/#\\\/schema\\\/logo\\\/image\\\/\",\"url\":\"https:\\\/\\\/ictimai.az\\\/core\\\/uploads\\\/2026\\\/06\\\/cropped-ictimai_0380d81099c6fe3baae753faceb5481f_p41rg2mzq0uyvextfh3k-768x768-1-3.png\",\"contentUrl\":\"https:\\\/\\\/ictimai.az\\\/core\\\/uploads\\\/2026\\\/06\\\/cropped-ictimai_0380d81099c6fe3baae753faceb5481f_p41rg2mzq0uyvextfh3k-768x768-1-3.png\",\"width\":768,\"height\":768,\"caption\":\"\u0130CT\u0130MA\u0130.AZ\"},\"image\":{\"@id\":\"https:\\\/\\\/ictimai.az\\\/#\\\/schema\\\/logo\\\/image\\\/\"}},{\"@type\":\"Person\",\"@id\":\"https:\\\/\\\/ictimai.az\\\/#\\\/schema\\\/person\\\/1da94bf2c7ab5d83ad349237bec1e6af\",\"name\":\"R\u0259\u015fad Bayramov\",\"image\":{\"@type\":\"ImageObject\",\"inLanguage\":\"az\",\"@id\":\"https:\\\/\\\/secure.gravatar.com\\\/avatar\\\/83c075605ba0a4d35d59726aaad89cfa8008d1f01603342c56f1dd79784491bc?s=96&d=mm&r=g\",\"url\":\"https:\\\/\\\/secure.gravatar.com\\\/avatar\\\/83c075605ba0a4d35d59726aaad89cfa8008d1f01603342c56f1dd79784491bc?s=96&d=mm&r=g\",\"contentUrl\":\"https:\\\/\\\/secure.gravatar.com\\\/avatar\\\/83c075605ba0a4d35d59726aaad89cfa8008d1f01603342c56f1dd79784491bc?s=96&d=mm&r=g\",\"caption\":\"R\u0259\u015fad Bayramov\"},\"sameAs\":[\"https:\\\/\\\/ictimai.az\\\/\"],\"url\":\"https:\\\/\\\/ictimai.az\\\/?author=2\"}]}<\/script>\n<!-- \/ Yoast SEO plugin. -->","yoast_head_json":{"title":"\"M\u0259n g\u00fccl\u00fcy\u0259m, d\u0259y\u0259rliy\u0259m, qad\u0131nam!\" layih\u0259sinin ikinci t\u0259limi ba\u015f tutub - \u0130CT\u0130MA\u0130.AZ","robots":{"index":"index","follow":"follow","max-snippet":"max-snippet:-1","max-image-preview":"max-image-preview:large","max-video-preview":"max-video-preview:-1"},"canonical":"https:\/\/ictimai.az\/?p=19534","og_locale":"az_AZ","og_type":"article","og_title":"\"M\u0259n g\u00fccl\u00fcy\u0259m, d\u0259y\u0259rliy\u0259m, qad\u0131nam!\" layih\u0259sinin ikinci t\u0259limi ba\u015f tutub - \u0130CT\u0130MA\u0130.AZ","og_description":"Az\u0259rbaycan Respublikas\u0131n\u0131n G\u0259ncl\u0259r Fondunun \u201c\u0130deyan\u0131 Realla\u015fd\u0131r 2022\u201d f\u0259rdi qrant m\u00fcsabiq\u0259si \u00e7\u0259r\u00e7iv\u0259sind\u0259 ictimai f\u0259al g\u0259nc P\u0259ri \u0130brahimovan\u0131n qalib oldu\u011fu &#8220;M\u0259n g\u00fccl\u00fcy\u0259m, d\u0259y\u0259rliy\u0259m, qad\u0131nam!&#8221; layih\u0259sinin ikinci t\u0259limi ba\u015f tutub. T\u0259lim zaman\u0131 t\u0259lim\u00e7i V\u0259fa R\u00fcst\u0259m layih\u0259y\u0259 se\u00e7ilmi\u015f 20 g\u0259nc xan\u0131ma davran\u0131\u015fa n\u0259zar\u0259t, beyin v\u0259 travma, m\u0259i\u015f\u0259t zorak\u0131l\u0131\u011f\u0131 il\u0259 ba\u011fl\u0131 anlay\u0131\u015flar\u0131 \u00f6t\u00fcr\u00fcb, i\u015ftirak\u00e7\u0131 q\u0131zlar\u0131n g\u00fcnd\u0259lik, \u015f\u0259xsi h\u0259yatlar\u0131nda, o c\u00fcml\u0259d\u0259n [&hellip;]","og_url":"https:\/\/ictimai.az\/?p=19534","og_site_name":"\u0130CT\u0130MA\u0130.AZ","article_published_time":"2023-01-23T04:27:52+00:00","article_modified_time":"2023-01-23T04:55:51+00:00","og_image":[{"width":1024,"height":707,"url":"https:\/\/ictimai.az\/core\/uploads\/2023\/01\/ictimai_9b7444083810c6151a9ad563b14cb155_zps4i6vf718au30tegmc.jpg","type":"image\/jpeg"}],"author":"R\u0259\u015fad Bayramov","twitter_card":"summary_large_image","twitter_misc":{"Written by":"R\u0259\u015fad Bayramov","Est. reading time":"1 minute"},"schema":{"@context":"https:\/\/schema.org","@graph":[{"@type":"Article","@id":"https:\/\/ictimai.az\/?p=19534#article","isPartOf":{"@id":"https:\/\/ictimai.az\/?p=19534"},"author":{"name":"R\u0259\u015fad Bayramov","@id":"https:\/\/ictimai.az\/#\/schema\/person\/1da94bf2c7ab5d83ad349237bec1e6af"},"headline":"&#8220;M\u0259n g\u00fccl\u00fcy\u0259m, d\u0259y\u0259rliy\u0259m, qad\u0131nam!&#8221; layih\u0259sinin ikinci t\u0259limi ba\u015f tutub","datePublished":"2023-01-23T04:27:52+00:00","dateModified":"2023-01-23T04:55:51+00:00","mainEntityOfPage":{"@id":"https:\/\/ictimai.az\/?p=19534"},"wordCount":167,"publisher":{"@id":"https:\/\/ictimai.az\/#organization"},"image":{"@id":"https:\/\/ictimai.az\/?p=19534#primaryimage"},"thumbnailUrl":"https:\/\/ictimai.az\/core\/uploads\/2023\/01\/ictimai_9b7444083810c6151a9ad563b14cb155_zps4i6vf718au30tegmc.jpg","articleSection":["G\u0259nclik"],"inLanguage":"az"},{"@type":"WebPage","@id":"https:\/\/ictimai.az\/?p=19534","url":"https:\/\/ictimai.az\/?p=19534","name":"\"M\u0259n g\u00fccl\u00fcy\u0259m, d\u0259y\u0259rliy\u0259m, qad\u0131nam!\" layih\u0259sinin ikinci t\u0259limi ba\u015f tutub - \u0130CT\u0130MA\u0130.AZ","isPartOf":{"@id":"https:\/\/ictimai.az\/#website"},"primaryImageOfPage":{"@id":"https:\/\/ictimai.az\/?p=19534#primaryimage"},"image":{"@id":"https:\/\/ictimai.az\/?p=19534#primaryimage"},"thumbnailUrl":"https:\/\/ictimai.az\/core\/uploads\/2023\/01\/ictimai_9b7444083810c6151a9ad563b14cb155_zps4i6vf718au30tegmc.jpg","datePublished":"2023-01-23T04:27:52+00:00","dateModified":"2023-01-23T04:55:51+00:00","breadcrumb":{"@id":"https:\/\/ictimai.az\/?p=19534#breadcrumb"},"inLanguage":"az","potentialAction":[{"@type":"ReadAction","target":["https:\/\/ictimai.az\/?p=19534"]}]},{"@type":"ImageObject","inLanguage":"az","@id":"https:\/\/ictimai.az\/?p=19534#primaryimage","url":"https:\/\/ictimai.az\/core\/uploads\/2023\/01\/ictimai_9b7444083810c6151a9ad563b14cb155_zps4i6vf718au30tegmc.jpg","contentUrl":"https:\/\/ictimai.az\/core\/uploads\/2023\/01\/ictimai_9b7444083810c6151a9ad563b14cb155_zps4i6vf718au30tegmc.jpg","width":1024,"height":707},{"@type":"BreadcrumbList","@id":"https:\/\/ictimai.az\/?p=19534#breadcrumb","itemListElement":[{"@type":"ListItem","position":1,"name":"Home","item":"https:\/\/ictimai.az\/"},{"@type":"ListItem","position":2,"name":"&#8220;M\u0259n g\u00fccl\u00fcy\u0259m, d\u0259y\u0259rliy\u0259m, qad\u0131nam!&#8221; layih\u0259sinin ikinci t\u0259limi ba\u015f tutub"}]},{"@type":"WebSite","@id":"https:\/\/ictimai.az\/#website","url":"https:\/\/ictimai.az\/","name":"\u0130CT\u0130MA\u0130.AZ","description":"","publisher":{"@id":"https:\/\/ictimai.az\/#organization"},"potentialAction":[{"@type":"SearchAction","target":{"@type":"EntryPoint","urlTemplate":"https:\/\/ictimai.az\/?s={search_term_string}"},"query-input":{"@type":"PropertyValueSpecification","valueRequired":true,"valueName":"search_term_string"}}],"inLanguage":"az"},{"@type":"Organization","@id":"https:\/\/ictimai.az\/#organization","name":"\u0130CT\u0130MA\u0130.AZ","url":"https:\/\/ictimai.az\/","logo":{"@type":"ImageObject","inLanguage":"az","@id":"https:\/\/ictimai.az\/#\/schema\/logo\/image\/","url":"https:\/\/ictimai.az\/core\/uploads\/2026\/06\/cropped-ictimai_0380d81099c6fe3baae753faceb5481f_p41rg2mzq0uyvextfh3k-768x768-1-3.png","contentUrl":"https:\/\/ictimai.az\/core\/uploads\/2026\/06\/cropped-ictimai_0380d81099c6fe3baae753faceb5481f_p41rg2mzq0uyvextfh3k-768x768-1-3.png","width":768,"height":768,"caption":"\u0130CT\u0130MA\u0130.AZ"},"image":{"@id":"https:\/\/ictimai.az\/#\/schema\/logo\/image\/"}},{"@type":"Person","@id":"https:\/\/ictimai.az\/#\/schema\/person\/1da94bf2c7ab5d83ad349237bec1e6af","name":"R\u0259\u015fad Bayramov","image":{"@type":"ImageObject","inLanguage":"az","@id":"https:\/\/secure.gravatar.com\/avatar\/83c075605ba0a4d35d59726aaad89cfa8008d1f01603342c56f1dd79784491bc?s=96&d=mm&r=g","url":"https:\/\/secure.gravatar.com\/avatar\/83c075605ba0a4d35d59726aaad89cfa8008d1f01603342c56f1dd79784491bc?s=96&d=mm&r=g","contentUrl":"https:\/\/secure.gravatar.com\/avatar\/83c075605ba0a4d35d59726aaad89cfa8008d1f01603342c56f1dd79784491bc?s=96&d=mm&r=g","caption":"R\u0259\u015fad Bayramov"},"sameAs":["https:\/\/ictimai.az\/"],"url":"https:\/\/ictimai.az\/?author=2"}]}},"_links":{"self":[{"href":"https:\/\/ictimai.az\/index.php?rest_route=\/wp\/v2\/posts\/19534","targetHints":{"allow":["GET"]}}],"collection":[{"href":"https:\/\/ictimai.az\/index.php?rest_route=\/wp\/v2\/posts"}],"about":[{"href":"https:\/\/ictimai.az\/index.php?rest_route=\/wp\/v2\/types\/post"}],"author":[{"embeddable":true,"href":"https:\/\/ictimai.az\/index.php?rest_route=\/wp\/v2\/users\/2"}],"replies":[{"embeddable":true,"href":"https:\/\/ictimai.az\/index.php?rest_route=%2Fwp%2Fv2%2Fcomments&post=19534"}],"version-history":[{"count":0,"href":"https:\/\/ictimai.az\/index.php?rest_route=\/wp\/v2\/posts\/19534\/revisions"}],"wp:featuredmedia":[{"embeddable":true,"href":"https:\/\/ictimai.az\/index.php?rest_route=\/wp\/v2\/media\/19538"}],"wp:attachment":[{"href":"https:\/\/ictimai.az\/index.php?rest_route=%2Fwp%2Fv2%2Fmedia&parent=19534"}],"wp:term":[{"taxonomy":"category","embeddable":true,"href":"https:\/\/ictimai.az\/index.php?rest_route=%2Fwp%2Fv2%2Fcategories&post=19534"},{"taxonomy":"post_tag","embeddable":true,"href":"https:\/\/ictimai.az\/index.php?rest_route=%2Fwp%2Fv2%2Ftags&post=19534"}],"curies":[{"name":"wp","href":"https:\/\/api.w.org\/{rel}","templated":true}]}}