{"id":19741,"date":"2023-01-31T10:02:44","date_gmt":"2023-01-31T06:02:44","guid":{"rendered":"https:\/\/ictimai.az\/?p=19741"},"modified":"2023-01-31T10:18:35","modified_gmt":"2023-01-31T06:18:35","slug":"ukraynada-daha-bir-rehber-sexs-vezifesinden-uzaqlasdirilacaq","status":"publish","type":"post","link":"https:\/\/ictimai.az\/?p=19741","title":{"rendered":"Ukraynada daha bir r\u0259hb\u0259r \u015f\u0259xs v\u0259zif\u0259sind\u0259n uzaqla\u015fd\u0131r\u0131lacaq"},"content":{"rendered":"<p>Ukraynan\u0131n Luqansk vilay\u0259ti H\u0259rbi Administrasiyas\u0131n\u0131n r\u0259hb\u0259ri Sergey Qayday yax\u0131n vaxtlarda v\u0259zif\u0259sind\u0259n azad edil\u0259 bil\u0259r.<\/p>\n<p>Bu bar\u0259d\u0259 \u201cUkrainskaya\u00a0pravda\u201d m\u0259nb\u0259l\u0259r\u0259 istinad\u0259n m\u0259lumat verib.<\/p>\n<p>H\u0259m\u00e7inin qeyd edilib ki, Qayday\u0131n ba\u015fqa v\u0259zif\u0259y\u0259 t\u0259yin olunmas\u0131 da n\u0259z\u0259rd\u0259n ke\u00e7irilir.<\/p>\n<p>\u201cYax\u0131n vaxtlarda Sergey Qayday Luqansk Vilay\u0259t H\u0259rbi Administrasiyas\u0131 s\u0259dri postundan uzaqla\u015fd\u0131r\u0131la v\u0259 Qazax\u0131stana s\u0259fir g\u00f6nd\u0259ril\u0259 bil\u0259r\u201d, &#8211; dey\u0259 m\u0259nb\u0259d\u0259n bildirilib.<\/p>\n<p>Eyni zamanda \u0259lav\u0259 edilib ki, Prezident Ofisinin r\u0259hb\u0259ri Andrey Yermak v\u0259 onun t\u0259yin olunmu\u015f m\u00fcavini Aleksey Kuleba administrasiya \u00fc\u00e7\u00fcn yeni r\u0259hb\u0259rl\u0259r axtar\u0131\u015f\u0131ndad\u0131rlar. Vakant yerl\u0259r\u0259 namiz\u0259d tapmaq olduqca \u00e7\u0259tindir. Xerson, Zaporojye, Dnepropetrovsk v\u0259 Sumskaya b\u00f6lg\u0259l\u0259rin\u0259 r\u0259hb\u0259rlik etm\u0259k ist\u0259y\u0259nl\u0259r \u00e7ox deyil, \u00e7\u00fcnki bu b\u00f6lg\u0259l\u0259r Rusiya ordusunun potensial yeni h\u00fccumu istiqam\u0259tind\u0259dir.<\/p>\n<p>Xat\u0131rladaq ki, Sergey Qayday 2019-cu il oktyabr\u0131n 25-d\u0259n Luqansk Vilay\u0259t D\u00f6vl\u0259t Administrasiyas\u0131na r\u0259hb\u0259rlik edir.<\/p>\n<p>M\u0259nb\u0259: UN\u0130AN<\/p>\n","protected":false},"excerpt":{"rendered":"<p>Ukraynan\u0131n Luqansk vilay\u0259ti H\u0259rbi Administrasiyas\u0131n\u0131n r\u0259hb\u0259ri Sergey Qayday yax\u0131n vaxtlarda v\u0259zif\u0259sind\u0259n azad edil\u0259 bil\u0259r. Bu bar\u0259d\u0259 \u201cUkrainskaya\u00a0pravda\u201d m\u0259nb\u0259l\u0259r\u0259 istinad\u0259n m\u0259lumat verib. H\u0259m\u00e7inin qeyd edilib ki, Qayday\u0131n ba\u015fqa v\u0259zif\u0259y\u0259 t\u0259yin olunmas\u0131 da n\u0259z\u0259rd\u0259n ke\u00e7irilir. \u201cYax\u0131n vaxtlarda Sergey Qayday Luqansk Vilay\u0259t H\u0259rbi Administrasiyas\u0131 s\u0259dri postundan uzaqla\u015fd\u0131r\u0131la v\u0259 Qazax\u0131stana s\u0259fir g\u00f6nd\u0259ril\u0259 bil\u0259r\u201d, &#8211; dey\u0259 m\u0259nb\u0259d\u0259n bildirilib. Eyni zamanda [&hellip;]<\/p>\n","protected":false},"author":2,"featured_media":19742,"comment_status":"closed","ping_status":"closed","sticky":false,"template":"","format":"standard","meta":{"footnotes":""},"categories":[40],"tags":[],"class_list":["post-19741","post","type-post","status-publish","format-standard","has-post-thumbnail","hentry","category-dunya"],"yoast_head":"<!-- This site is optimized with the Yoast SEO plugin v28.2 - https:\/\/yoast.com\/product\/yoast-seo-wordpress\/ -->\n<title>Ukraynada daha bir r\u0259hb\u0259r \u015f\u0259xs v\u0259zif\u0259sind\u0259n uzaqla\u015fd\u0131r\u0131lacaq - \u0130CT\u0130MA\u0130.AZ<\/title>\n<meta name=\"robots\" content=\"index, follow, max-snippet:-1, max-image-preview:large, max-video-preview:-1\" \/>\n<link rel=\"canonical\" href=\"https:\/\/ictimai.az\/?p=19741\" \/>\n<meta property=\"og:locale\" content=\"az_AZ\" \/>\n<meta property=\"og:type\" content=\"article\" \/>\n<meta property=\"og:title\" content=\"Ukraynada daha bir r\u0259hb\u0259r \u015f\u0259xs v\u0259zif\u0259sind\u0259n uzaqla\u015fd\u0131r\u0131lacaq - \u0130CT\u0130MA\u0130.AZ\" \/>\n<meta property=\"og:description\" content=\"Ukraynan\u0131n Luqansk vilay\u0259ti H\u0259rbi Administrasiyas\u0131n\u0131n r\u0259hb\u0259ri Sergey Qayday yax\u0131n vaxtlarda v\u0259zif\u0259sind\u0259n azad edil\u0259 bil\u0259r. Bu bar\u0259d\u0259 \u201cUkrainskaya\u00a0pravda\u201d m\u0259nb\u0259l\u0259r\u0259 istinad\u0259n m\u0259lumat verib. H\u0259m\u00e7inin qeyd edilib ki, Qayday\u0131n ba\u015fqa v\u0259zif\u0259y\u0259 t\u0259yin olunmas\u0131 da n\u0259z\u0259rd\u0259n ke\u00e7irilir. \u201cYax\u0131n vaxtlarda Sergey Qayday Luqansk Vilay\u0259t H\u0259rbi Administrasiyas\u0131 s\u0259dri postundan uzaqla\u015fd\u0131r\u0131la v\u0259 Qazax\u0131stana s\u0259fir g\u00f6nd\u0259ril\u0259 bil\u0259r\u201d, &#8211; dey\u0259 m\u0259nb\u0259d\u0259n bildirilib. Eyni zamanda [&hellip;]\" \/>\n<meta property=\"og:url\" content=\"https:\/\/ictimai.az\/?p=19741\" \/>\n<meta property=\"og:site_name\" content=\"\u0130CT\u0130MA\u0130.AZ\" \/>\n<meta property=\"article:published_time\" content=\"2023-01-31T06:02:44+00:00\" \/>\n<meta property=\"article:modified_time\" content=\"2023-01-31T06:18:35+00:00\" \/>\n<meta property=\"og:image\" content=\"https:\/\/ictimai.az\/core\/uploads\/2023\/01\/ictimai_8efe79d09eb55edc815423b072d1f5f3_et8kmua7bi1s4g65vxfr.jpg\" \/>\n\t<meta property=\"og:image:width\" content=\"620\" \/>\n\t<meta property=\"og:image:height\" content=\"413\" \/>\n\t<meta property=\"og:image:type\" content=\"image\/jpeg\" \/>\n<meta name=\"author\" content=\"R\u0259\u015fad Bayramov\" \/>\n<meta name=\"twitter:card\" content=\"summary_large_image\" \/>\n<meta name=\"twitter:label1\" content=\"Written by\" \/>\n\t<meta name=\"twitter:data1\" content=\"R\u0259\u015fad Bayramov\" \/>\n\t<meta name=\"twitter:label2\" content=\"Est. reading time\" \/>\n\t<meta name=\"twitter:data2\" content=\"1 minute\" \/>\n<script type=\"application\/ld+json\" class=\"yoast-schema-graph\">{\"@context\":\"https:\\\/\\\/schema.org\",\"@graph\":[{\"@type\":\"Article\",\"@id\":\"https:\\\/\\\/ictimai.az\\\/?p=19741#article\",\"isPartOf\":{\"@id\":\"https:\\\/\\\/ictimai.az\\\/?p=19741\"},\"author\":{\"name\":\"R\u0259\u015fad Bayramov\",\"@id\":\"https:\\\/\\\/ictimai.az\\\/#\\\/schema\\\/person\\\/1da94bf2c7ab5d83ad349237bec1e6af\"},\"headline\":\"Ukraynada daha bir r\u0259hb\u0259r \u015f\u0259xs v\u0259zif\u0259sind\u0259n uzaqla\u015fd\u0131r\u0131lacaq\",\"datePublished\":\"2023-01-31T06:02:44+00:00\",\"dateModified\":\"2023-01-31T06:18:35+00:00\",\"mainEntityOfPage\":{\"@id\":\"https:\\\/\\\/ictimai.az\\\/?p=19741\"},\"wordCount\":214,\"publisher\":{\"@id\":\"https:\\\/\\\/ictimai.az\\\/#organization\"},\"image\":{\"@id\":\"https:\\\/\\\/ictimai.az\\\/?p=19741#primaryimage\"},\"thumbnailUrl\":\"https:\\\/\\\/ictimai.az\\\/core\\\/uploads\\\/2023\\\/01\\\/ictimai_8efe79d09eb55edc815423b072d1f5f3_et8kmua7bi1s4g65vxfr.jpg\",\"articleSection\":[\"D\u00fcnya\"],\"inLanguage\":\"az\"},{\"@type\":\"WebPage\",\"@id\":\"https:\\\/\\\/ictimai.az\\\/?p=19741\",\"url\":\"https:\\\/\\\/ictimai.az\\\/?p=19741\",\"name\":\"Ukraynada daha bir r\u0259hb\u0259r \u015f\u0259xs v\u0259zif\u0259sind\u0259n uzaqla\u015fd\u0131r\u0131lacaq - \u0130CT\u0130MA\u0130.AZ\",\"isPartOf\":{\"@id\":\"https:\\\/\\\/ictimai.az\\\/#website\"},\"primaryImageOfPage\":{\"@id\":\"https:\\\/\\\/ictimai.az\\\/?p=19741#primaryimage\"},\"image\":{\"@id\":\"https:\\\/\\\/ictimai.az\\\/?p=19741#primaryimage\"},\"thumbnailUrl\":\"https:\\\/\\\/ictimai.az\\\/core\\\/uploads\\\/2023\\\/01\\\/ictimai_8efe79d09eb55edc815423b072d1f5f3_et8kmua7bi1s4g65vxfr.jpg\",\"datePublished\":\"2023-01-31T06:02:44+00:00\",\"dateModified\":\"2023-01-31T06:18:35+00:00\",\"breadcrumb\":{\"@id\":\"https:\\\/\\\/ictimai.az\\\/?p=19741#breadcrumb\"},\"inLanguage\":\"az\",\"potentialAction\":[{\"@type\":\"ReadAction\",\"target\":[\"https:\\\/\\\/ictimai.az\\\/?p=19741\"]}]},{\"@type\":\"ImageObject\",\"inLanguage\":\"az\",\"@id\":\"https:\\\/\\\/ictimai.az\\\/?p=19741#primaryimage\",\"url\":\"https:\\\/\\\/ictimai.az\\\/core\\\/uploads\\\/2023\\\/01\\\/ictimai_8efe79d09eb55edc815423b072d1f5f3_et8kmua7bi1s4g65vxfr.jpg\",\"contentUrl\":\"https:\\\/\\\/ictimai.az\\\/core\\\/uploads\\\/2023\\\/01\\\/ictimai_8efe79d09eb55edc815423b072d1f5f3_et8kmua7bi1s4g65vxfr.jpg\",\"width\":620,\"height\":413},{\"@type\":\"BreadcrumbList\",\"@id\":\"https:\\\/\\\/ictimai.az\\\/?p=19741#breadcrumb\",\"itemListElement\":[{\"@type\":\"ListItem\",\"position\":1,\"name\":\"Home\",\"item\":\"https:\\\/\\\/ictimai.az\\\/\"},{\"@type\":\"ListItem\",\"position\":2,\"name\":\"Ukraynada daha bir r\u0259hb\u0259r \u015f\u0259xs v\u0259zif\u0259sind\u0259n uzaqla\u015fd\u0131r\u0131lacaq\"}]},{\"@type\":\"WebSite\",\"@id\":\"https:\\\/\\\/ictimai.az\\\/#website\",\"url\":\"https:\\\/\\\/ictimai.az\\\/\",\"name\":\"\u0130CT\u0130MA\u0130.AZ\",\"description\":\"\",\"publisher\":{\"@id\":\"https:\\\/\\\/ictimai.az\\\/#organization\"},\"potentialAction\":[{\"@type\":\"SearchAction\",\"target\":{\"@type\":\"EntryPoint\",\"urlTemplate\":\"https:\\\/\\\/ictimai.az\\\/?s={search_term_string}\"},\"query-input\":{\"@type\":\"PropertyValueSpecification\",\"valueRequired\":true,\"valueName\":\"search_term_string\"}}],\"inLanguage\":\"az\"},{\"@type\":\"Organization\",\"@id\":\"https:\\\/\\\/ictimai.az\\\/#organization\",\"name\":\"\u0130CT\u0130MA\u0130.AZ\",\"url\":\"https:\\\/\\\/ictimai.az\\\/\",\"logo\":{\"@type\":\"ImageObject\",\"inLanguage\":\"az\",\"@id\":\"https:\\\/\\\/ictimai.az\\\/#\\\/schema\\\/logo\\\/image\\\/\",\"url\":\"https:\\\/\\\/ictimai.az\\\/core\\\/uploads\\\/2026\\\/06\\\/cropped-ictimai_0380d81099c6fe3baae753faceb5481f_p41rg2mzq0uyvextfh3k-768x768-1-3.png\",\"contentUrl\":\"https:\\\/\\\/ictimai.az\\\/core\\\/uploads\\\/2026\\\/06\\\/cropped-ictimai_0380d81099c6fe3baae753faceb5481f_p41rg2mzq0uyvextfh3k-768x768-1-3.png\",\"width\":768,\"height\":768,\"caption\":\"\u0130CT\u0130MA\u0130.AZ\"},\"image\":{\"@id\":\"https:\\\/\\\/ictimai.az\\\/#\\\/schema\\\/logo\\\/image\\\/\"}},{\"@type\":\"Person\",\"@id\":\"https:\\\/\\\/ictimai.az\\\/#\\\/schema\\\/person\\\/1da94bf2c7ab5d83ad349237bec1e6af\",\"name\":\"R\u0259\u015fad Bayramov\",\"image\":{\"@type\":\"ImageObject\",\"inLanguage\":\"az\",\"@id\":\"https:\\\/\\\/secure.gravatar.com\\\/avatar\\\/83c075605ba0a4d35d59726aaad89cfa8008d1f01603342c56f1dd79784491bc?s=96&d=mm&r=g\",\"url\":\"https:\\\/\\\/secure.gravatar.com\\\/avatar\\\/83c075605ba0a4d35d59726aaad89cfa8008d1f01603342c56f1dd79784491bc?s=96&d=mm&r=g\",\"contentUrl\":\"https:\\\/\\\/secure.gravatar.com\\\/avatar\\\/83c075605ba0a4d35d59726aaad89cfa8008d1f01603342c56f1dd79784491bc?s=96&d=mm&r=g\",\"caption\":\"R\u0259\u015fad Bayramov\"},\"sameAs\":[\"https:\\\/\\\/ictimai.az\\\/\"],\"url\":\"https:\\\/\\\/ictimai.az\\\/?author=2\"}]}<\/script>\n<!-- \/ Yoast SEO plugin. -->","yoast_head_json":{"title":"Ukraynada daha bir r\u0259hb\u0259r \u015f\u0259xs v\u0259zif\u0259sind\u0259n uzaqla\u015fd\u0131r\u0131lacaq - \u0130CT\u0130MA\u0130.AZ","robots":{"index":"index","follow":"follow","max-snippet":"max-snippet:-1","max-image-preview":"max-image-preview:large","max-video-preview":"max-video-preview:-1"},"canonical":"https:\/\/ictimai.az\/?p=19741","og_locale":"az_AZ","og_type":"article","og_title":"Ukraynada daha bir r\u0259hb\u0259r \u015f\u0259xs v\u0259zif\u0259sind\u0259n uzaqla\u015fd\u0131r\u0131lacaq - \u0130CT\u0130MA\u0130.AZ","og_description":"Ukraynan\u0131n Luqansk vilay\u0259ti H\u0259rbi Administrasiyas\u0131n\u0131n r\u0259hb\u0259ri Sergey Qayday yax\u0131n vaxtlarda v\u0259zif\u0259sind\u0259n azad edil\u0259 bil\u0259r. Bu bar\u0259d\u0259 \u201cUkrainskaya\u00a0pravda\u201d m\u0259nb\u0259l\u0259r\u0259 istinad\u0259n m\u0259lumat verib. H\u0259m\u00e7inin qeyd edilib ki, Qayday\u0131n ba\u015fqa v\u0259zif\u0259y\u0259 t\u0259yin olunmas\u0131 da n\u0259z\u0259rd\u0259n ke\u00e7irilir. \u201cYax\u0131n vaxtlarda Sergey Qayday Luqansk Vilay\u0259t H\u0259rbi Administrasiyas\u0131 s\u0259dri postundan uzaqla\u015fd\u0131r\u0131la v\u0259 Qazax\u0131stana s\u0259fir g\u00f6nd\u0259ril\u0259 bil\u0259r\u201d, &#8211; dey\u0259 m\u0259nb\u0259d\u0259n bildirilib. Eyni zamanda [&hellip;]","og_url":"https:\/\/ictimai.az\/?p=19741","og_site_name":"\u0130CT\u0130MA\u0130.AZ","article_published_time":"2023-01-31T06:02:44+00:00","article_modified_time":"2023-01-31T06:18:35+00:00","og_image":[{"width":620,"height":413,"url":"https:\/\/ictimai.az\/core\/uploads\/2023\/01\/ictimai_8efe79d09eb55edc815423b072d1f5f3_et8kmua7bi1s4g65vxfr.jpg","type":"image\/jpeg"}],"author":"R\u0259\u015fad Bayramov","twitter_card":"summary_large_image","twitter_misc":{"Written by":"R\u0259\u015fad Bayramov","Est. reading time":"1 minute"},"schema":{"@context":"https:\/\/schema.org","@graph":[{"@type":"Article","@id":"https:\/\/ictimai.az\/?p=19741#article","isPartOf":{"@id":"https:\/\/ictimai.az\/?p=19741"},"author":{"name":"R\u0259\u015fad Bayramov","@id":"https:\/\/ictimai.az\/#\/schema\/person\/1da94bf2c7ab5d83ad349237bec1e6af"},"headline":"Ukraynada daha bir r\u0259hb\u0259r \u015f\u0259xs v\u0259zif\u0259sind\u0259n uzaqla\u015fd\u0131r\u0131lacaq","datePublished":"2023-01-31T06:02:44+00:00","dateModified":"2023-01-31T06:18:35+00:00","mainEntityOfPage":{"@id":"https:\/\/ictimai.az\/?p=19741"},"wordCount":214,"publisher":{"@id":"https:\/\/ictimai.az\/#organization"},"image":{"@id":"https:\/\/ictimai.az\/?p=19741#primaryimage"},"thumbnailUrl":"https:\/\/ictimai.az\/core\/uploads\/2023\/01\/ictimai_8efe79d09eb55edc815423b072d1f5f3_et8kmua7bi1s4g65vxfr.jpg","articleSection":["D\u00fcnya"],"inLanguage":"az"},{"@type":"WebPage","@id":"https:\/\/ictimai.az\/?p=19741","url":"https:\/\/ictimai.az\/?p=19741","name":"Ukraynada daha bir r\u0259hb\u0259r \u015f\u0259xs v\u0259zif\u0259sind\u0259n uzaqla\u015fd\u0131r\u0131lacaq - \u0130CT\u0130MA\u0130.AZ","isPartOf":{"@id":"https:\/\/ictimai.az\/#website"},"primaryImageOfPage":{"@id":"https:\/\/ictimai.az\/?p=19741#primaryimage"},"image":{"@id":"https:\/\/ictimai.az\/?p=19741#primaryimage"},"thumbnailUrl":"https:\/\/ictimai.az\/core\/uploads\/2023\/01\/ictimai_8efe79d09eb55edc815423b072d1f5f3_et8kmua7bi1s4g65vxfr.jpg","datePublished":"2023-01-31T06:02:44+00:00","dateModified":"2023-01-31T06:18:35+00:00","breadcrumb":{"@id":"https:\/\/ictimai.az\/?p=19741#breadcrumb"},"inLanguage":"az","potentialAction":[{"@type":"ReadAction","target":["https:\/\/ictimai.az\/?p=19741"]}]},{"@type":"ImageObject","inLanguage":"az","@id":"https:\/\/ictimai.az\/?p=19741#primaryimage","url":"https:\/\/ictimai.az\/core\/uploads\/2023\/01\/ictimai_8efe79d09eb55edc815423b072d1f5f3_et8kmua7bi1s4g65vxfr.jpg","contentUrl":"https:\/\/ictimai.az\/core\/uploads\/2023\/01\/ictimai_8efe79d09eb55edc815423b072d1f5f3_et8kmua7bi1s4g65vxfr.jpg","width":620,"height":413},{"@type":"BreadcrumbList","@id":"https:\/\/ictimai.az\/?p=19741#breadcrumb","itemListElement":[{"@type":"ListItem","position":1,"name":"Home","item":"https:\/\/ictimai.az\/"},{"@type":"ListItem","position":2,"name":"Ukraynada daha bir r\u0259hb\u0259r \u015f\u0259xs v\u0259zif\u0259sind\u0259n uzaqla\u015fd\u0131r\u0131lacaq"}]},{"@type":"WebSite","@id":"https:\/\/ictimai.az\/#website","url":"https:\/\/ictimai.az\/","name":"\u0130CT\u0130MA\u0130.AZ","description":"","publisher":{"@id":"https:\/\/ictimai.az\/#organization"},"potentialAction":[{"@type":"SearchAction","target":{"@type":"EntryPoint","urlTemplate":"https:\/\/ictimai.az\/?s={search_term_string}"},"query-input":{"@type":"PropertyValueSpecification","valueRequired":true,"valueName":"search_term_string"}}],"inLanguage":"az"},{"@type":"Organization","@id":"https:\/\/ictimai.az\/#organization","name":"\u0130CT\u0130MA\u0130.AZ","url":"https:\/\/ictimai.az\/","logo":{"@type":"ImageObject","inLanguage":"az","@id":"https:\/\/ictimai.az\/#\/schema\/logo\/image\/","url":"https:\/\/ictimai.az\/core\/uploads\/2026\/06\/cropped-ictimai_0380d81099c6fe3baae753faceb5481f_p41rg2mzq0uyvextfh3k-768x768-1-3.png","contentUrl":"https:\/\/ictimai.az\/core\/uploads\/2026\/06\/cropped-ictimai_0380d81099c6fe3baae753faceb5481f_p41rg2mzq0uyvextfh3k-768x768-1-3.png","width":768,"height":768,"caption":"\u0130CT\u0130MA\u0130.AZ"},"image":{"@id":"https:\/\/ictimai.az\/#\/schema\/logo\/image\/"}},{"@type":"Person","@id":"https:\/\/ictimai.az\/#\/schema\/person\/1da94bf2c7ab5d83ad349237bec1e6af","name":"R\u0259\u015fad Bayramov","image":{"@type":"ImageObject","inLanguage":"az","@id":"https:\/\/secure.gravatar.com\/avatar\/83c075605ba0a4d35d59726aaad89cfa8008d1f01603342c56f1dd79784491bc?s=96&d=mm&r=g","url":"https:\/\/secure.gravatar.com\/avatar\/83c075605ba0a4d35d59726aaad89cfa8008d1f01603342c56f1dd79784491bc?s=96&d=mm&r=g","contentUrl":"https:\/\/secure.gravatar.com\/avatar\/83c075605ba0a4d35d59726aaad89cfa8008d1f01603342c56f1dd79784491bc?s=96&d=mm&r=g","caption":"R\u0259\u015fad Bayramov"},"sameAs":["https:\/\/ictimai.az\/"],"url":"https:\/\/ictimai.az\/?author=2"}]}},"_links":{"self":[{"href":"https:\/\/ictimai.az\/index.php?rest_route=\/wp\/v2\/posts\/19741","targetHints":{"allow":["GET"]}}],"collection":[{"href":"https:\/\/ictimai.az\/index.php?rest_route=\/wp\/v2\/posts"}],"about":[{"href":"https:\/\/ictimai.az\/index.php?rest_route=\/wp\/v2\/types\/post"}],"author":[{"embeddable":true,"href":"https:\/\/ictimai.az\/index.php?rest_route=\/wp\/v2\/users\/2"}],"replies":[{"embeddable":true,"href":"https:\/\/ictimai.az\/index.php?rest_route=%2Fwp%2Fv2%2Fcomments&post=19741"}],"version-history":[{"count":0,"href":"https:\/\/ictimai.az\/index.php?rest_route=\/wp\/v2\/posts\/19741\/revisions"}],"wp:featuredmedia":[{"embeddable":true,"href":"https:\/\/ictimai.az\/index.php?rest_route=\/wp\/v2\/media\/19742"}],"wp:attachment":[{"href":"https:\/\/ictimai.az\/index.php?rest_route=%2Fwp%2Fv2%2Fmedia&parent=19741"}],"wp:term":[{"taxonomy":"category","embeddable":true,"href":"https:\/\/ictimai.az\/index.php?rest_route=%2Fwp%2Fv2%2Fcategories&post=19741"},{"taxonomy":"post_tag","embeddable":true,"href":"https:\/\/ictimai.az\/index.php?rest_route=%2Fwp%2Fv2%2Ftags&post=19741"}],"curies":[{"name":"wp","href":"https:\/\/api.w.org\/{rel}","templated":true}]}}