{"id":20263,"date":"2023-02-09T15:40:55","date_gmt":"2023-02-09T11:40:55","guid":{"rendered":"https:\/\/ictimai.az\/?p=20263"},"modified":"2023-02-09T16:41:52","modified_gmt":"2023-02-09T12:41:52","slug":"akademik-isa-hebibbeyli-turkiyenin-azerbaycandaki-sefirliyini-ziyaret-ederek-bassagligi-verib","status":"publish","type":"post","link":"https:\/\/ictimai.az\/?p=20263","title":{"rendered":"Akademik \u0130sa H\u0259bibb\u0259yli T\u00fcrkiy\u0259nin Az\u0259rbaycandak\u0131 s\u0259firliyini ziyar\u0259t ed\u0259r\u0259k ba\u015fsa\u011fl\u0131\u011f\u0131 verib"},"content":{"rendered":"<p>Fevral\u0131n 9-da AMEA-n\u0131n prezidenti, akademik \u0130sa H\u0259bibb\u0259yli T\u00fcrkiy\u0259d\u0259 ba\u015f vermi\u015f d\u0259h\u015f\u0259tli z\u0259lz\u0259l\u0259 il\u0259 \u0259laq\u0259dar qarda\u015f \u00f6lk\u0259nin Az\u0259rbaycandak\u0131 s\u0259firliyini ziyar\u0259t edib.<br \/>\nAMEA r\u0259hb\u0259ri T\u00fcrkiy\u0259nin Az\u0259rbaycandak\u0131 f\u00f6vq\u0259lad\u0259 v\u0259 s\u0259lahiyy\u0259tli s\u0259firi Cahit Ba\u011fc\u0131 il\u0259 g\u00f6r\u00fc\u015f zaman\u0131 faci\u0259 n\u0259tic\u0259sind\u0259 h\u0259yat\u0131n\u0131 itir\u0259nl\u0259rin ail\u0259l\u0259rin\u0259 v\u0259 yax\u0131nlar\u0131na ba\u015fsa\u011fl\u0131\u011f\u0131 verib, yaral\u0131lara Allahdan \u015f\u0259fa dil\u0259yib. Qeyd edib ki, bu d\u0259h\u015f\u0259tli g\u00fcnl\u0259rd\u0259 b\u00fct\u00fcn Az\u0259rbaycan xalq\u0131 kimi, AMEA-n\u0131n kollektivi d\u0259 t\u00fcrkiy\u0259li qarda\u015flar\u0131m\u0131zla h\u0259mr\u0259ydir v\u0259 k\u0259d\u0259rl\u0259rin\u0259 \u015f\u0259rikdir.<br \/>\nAMEA-n\u0131n prezidenti, Milli M\u0259clisin deputat\u0131, akademik \u0130sa H\u0259bibb\u0259yli Akademiya kollektivi ad\u0131ndan mat\u0259m kitab\u0131na \u00fcr\u0259k s\u00f6zl\u0259rini yaz\u0131b.<\/p>\n","protected":false},"excerpt":{"rendered":"<p>Fevral\u0131n 9-da AMEA-n\u0131n prezidenti, akademik \u0130sa H\u0259bibb\u0259yli T\u00fcrkiy\u0259d\u0259 ba\u015f vermi\u015f d\u0259h\u015f\u0259tli z\u0259lz\u0259l\u0259 il\u0259 \u0259laq\u0259dar qarda\u015f \u00f6lk\u0259nin Az\u0259rbaycandak\u0131 s\u0259firliyini ziyar\u0259t edib. AMEA r\u0259hb\u0259ri T\u00fcrkiy\u0259nin Az\u0259rbaycandak\u0131 f\u00f6vq\u0259lad\u0259 v\u0259 s\u0259lahiyy\u0259tli s\u0259firi Cahit Ba\u011fc\u0131 il\u0259 g\u00f6r\u00fc\u015f zaman\u0131 faci\u0259 n\u0259tic\u0259sind\u0259 h\u0259yat\u0131n\u0131 itir\u0259nl\u0259rin ail\u0259l\u0259rin\u0259 v\u0259 yax\u0131nlar\u0131na ba\u015fsa\u011fl\u0131\u011f\u0131 verib, yaral\u0131lara Allahdan \u015f\u0259fa dil\u0259yib. Qeyd edib ki, bu d\u0259h\u015f\u0259tli g\u00fcnl\u0259rd\u0259 b\u00fct\u00fcn Az\u0259rbaycan xalq\u0131 [&hellip;]<\/p>\n","protected":false},"author":2,"featured_media":20264,"comment_status":"closed","ping_status":"closed","sticky":false,"template":"","format":"standard","meta":{"footnotes":""},"categories":[2],"tags":[],"class_list":["post-20263","post","type-post","status-publish","format-standard","has-post-thumbnail","hentry","category-trend"],"yoast_head":"<!-- This site is optimized with the Yoast SEO plugin v28.2 - https:\/\/yoast.com\/product\/yoast-seo-wordpress\/ -->\n<title>Akademik \u0130sa H\u0259bibb\u0259yli T\u00fcrkiy\u0259nin Az\u0259rbaycandak\u0131 s\u0259firliyini ziyar\u0259t ed\u0259r\u0259k ba\u015fsa\u011fl\u0131\u011f\u0131 verib - \u0130CT\u0130MA\u0130.AZ<\/title>\n<meta name=\"robots\" content=\"index, follow, max-snippet:-1, max-image-preview:large, max-video-preview:-1\" \/>\n<link rel=\"canonical\" href=\"https:\/\/ictimai.az\/?p=20263\" \/>\n<meta property=\"og:locale\" content=\"az_AZ\" \/>\n<meta property=\"og:type\" content=\"article\" \/>\n<meta property=\"og:title\" content=\"Akademik \u0130sa H\u0259bibb\u0259yli T\u00fcrkiy\u0259nin Az\u0259rbaycandak\u0131 s\u0259firliyini ziyar\u0259t ed\u0259r\u0259k ba\u015fsa\u011fl\u0131\u011f\u0131 verib - \u0130CT\u0130MA\u0130.AZ\" \/>\n<meta property=\"og:description\" content=\"Fevral\u0131n 9-da AMEA-n\u0131n prezidenti, akademik \u0130sa H\u0259bibb\u0259yli T\u00fcrkiy\u0259d\u0259 ba\u015f vermi\u015f d\u0259h\u015f\u0259tli z\u0259lz\u0259l\u0259 il\u0259 \u0259laq\u0259dar qarda\u015f \u00f6lk\u0259nin Az\u0259rbaycandak\u0131 s\u0259firliyini ziyar\u0259t edib. AMEA r\u0259hb\u0259ri T\u00fcrkiy\u0259nin Az\u0259rbaycandak\u0131 f\u00f6vq\u0259lad\u0259 v\u0259 s\u0259lahiyy\u0259tli s\u0259firi Cahit Ba\u011fc\u0131 il\u0259 g\u00f6r\u00fc\u015f zaman\u0131 faci\u0259 n\u0259tic\u0259sind\u0259 h\u0259yat\u0131n\u0131 itir\u0259nl\u0259rin ail\u0259l\u0259rin\u0259 v\u0259 yax\u0131nlar\u0131na ba\u015fsa\u011fl\u0131\u011f\u0131 verib, yaral\u0131lara Allahdan \u015f\u0259fa dil\u0259yib. Qeyd edib ki, bu d\u0259h\u015f\u0259tli g\u00fcnl\u0259rd\u0259 b\u00fct\u00fcn Az\u0259rbaycan xalq\u0131 [&hellip;]\" \/>\n<meta property=\"og:url\" content=\"https:\/\/ictimai.az\/?p=20263\" \/>\n<meta property=\"og:site_name\" content=\"\u0130CT\u0130MA\u0130.AZ\" \/>\n<meta property=\"article:published_time\" content=\"2023-02-09T11:40:55+00:00\" \/>\n<meta property=\"article:modified_time\" content=\"2023-02-09T12:41:52+00:00\" \/>\n<meta property=\"og:image\" content=\"https:\/\/ictimai.az\/core\/uploads\/2023\/02\/ictimai_a0a0229d60b31b7a6985386d25d18473_ih4u7prja58wyq19svc2.jpg\" \/>\n\t<meta property=\"og:image:width\" content=\"786\" \/>\n\t<meta property=\"og:image:height\" content=\"586\" \/>\n\t<meta property=\"og:image:type\" content=\"image\/jpeg\" \/>\n<meta name=\"author\" content=\"R\u0259\u015fad Bayramov\" \/>\n<meta name=\"twitter:card\" content=\"summary_large_image\" \/>\n<meta name=\"twitter:label1\" content=\"Written by\" \/>\n\t<meta name=\"twitter:data1\" content=\"R\u0259\u015fad Bayramov\" \/>\n\t<meta name=\"twitter:label2\" content=\"Est. reading time\" \/>\n\t<meta name=\"twitter:data2\" content=\"1 minute\" \/>\n<script type=\"application\/ld+json\" class=\"yoast-schema-graph\">{\"@context\":\"https:\\\/\\\/schema.org\",\"@graph\":[{\"@type\":\"Article\",\"@id\":\"https:\\\/\\\/ictimai.az\\\/?p=20263#article\",\"isPartOf\":{\"@id\":\"https:\\\/\\\/ictimai.az\\\/?p=20263\"},\"author\":{\"name\":\"R\u0259\u015fad Bayramov\",\"@id\":\"https:\\\/\\\/ictimai.az\\\/#\\\/schema\\\/person\\\/1da94bf2c7ab5d83ad349237bec1e6af\"},\"headline\":\"Akademik \u0130sa H\u0259bibb\u0259yli T\u00fcrkiy\u0259nin Az\u0259rbaycandak\u0131 s\u0259firliyini ziyar\u0259t ed\u0259r\u0259k ba\u015fsa\u011fl\u0131\u011f\u0131 verib\",\"datePublished\":\"2023-02-09T11:40:55+00:00\",\"dateModified\":\"2023-02-09T12:41:52+00:00\",\"mainEntityOfPage\":{\"@id\":\"https:\\\/\\\/ictimai.az\\\/?p=20263\"},\"wordCount\":172,\"publisher\":{\"@id\":\"https:\\\/\\\/ictimai.az\\\/#organization\"},\"image\":{\"@id\":\"https:\\\/\\\/ictimai.az\\\/?p=20263#primaryimage\"},\"thumbnailUrl\":\"https:\\\/\\\/ictimai.az\\\/core\\\/uploads\\\/2023\\\/02\\\/ictimai_a0a0229d60b31b7a6985386d25d18473_ih4u7prja58wyq19svc2.jpg\",\"articleSection\":[\"G\u00fcnd\u0259m\"],\"inLanguage\":\"az\"},{\"@type\":\"WebPage\",\"@id\":\"https:\\\/\\\/ictimai.az\\\/?p=20263\",\"url\":\"https:\\\/\\\/ictimai.az\\\/?p=20263\",\"name\":\"Akademik \u0130sa H\u0259bibb\u0259yli T\u00fcrkiy\u0259nin Az\u0259rbaycandak\u0131 s\u0259firliyini ziyar\u0259t ed\u0259r\u0259k ba\u015fsa\u011fl\u0131\u011f\u0131 verib - \u0130CT\u0130MA\u0130.AZ\",\"isPartOf\":{\"@id\":\"https:\\\/\\\/ictimai.az\\\/#website\"},\"primaryImageOfPage\":{\"@id\":\"https:\\\/\\\/ictimai.az\\\/?p=20263#primaryimage\"},\"image\":{\"@id\":\"https:\\\/\\\/ictimai.az\\\/?p=20263#primaryimage\"},\"thumbnailUrl\":\"https:\\\/\\\/ictimai.az\\\/core\\\/uploads\\\/2023\\\/02\\\/ictimai_a0a0229d60b31b7a6985386d25d18473_ih4u7prja58wyq19svc2.jpg\",\"datePublished\":\"2023-02-09T11:40:55+00:00\",\"dateModified\":\"2023-02-09T12:41:52+00:00\",\"breadcrumb\":{\"@id\":\"https:\\\/\\\/ictimai.az\\\/?p=20263#breadcrumb\"},\"inLanguage\":\"az\",\"potentialAction\":[{\"@type\":\"ReadAction\",\"target\":[\"https:\\\/\\\/ictimai.az\\\/?p=20263\"]}]},{\"@type\":\"ImageObject\",\"inLanguage\":\"az\",\"@id\":\"https:\\\/\\\/ictimai.az\\\/?p=20263#primaryimage\",\"url\":\"https:\\\/\\\/ictimai.az\\\/core\\\/uploads\\\/2023\\\/02\\\/ictimai_a0a0229d60b31b7a6985386d25d18473_ih4u7prja58wyq19svc2.jpg\",\"contentUrl\":\"https:\\\/\\\/ictimai.az\\\/core\\\/uploads\\\/2023\\\/02\\\/ictimai_a0a0229d60b31b7a6985386d25d18473_ih4u7prja58wyq19svc2.jpg\",\"width\":786,\"height\":586},{\"@type\":\"BreadcrumbList\",\"@id\":\"https:\\\/\\\/ictimai.az\\\/?p=20263#breadcrumb\",\"itemListElement\":[{\"@type\":\"ListItem\",\"position\":1,\"name\":\"Home\",\"item\":\"https:\\\/\\\/ictimai.az\\\/\"},{\"@type\":\"ListItem\",\"position\":2,\"name\":\"Akademik \u0130sa H\u0259bibb\u0259yli T\u00fcrkiy\u0259nin Az\u0259rbaycandak\u0131 s\u0259firliyini ziyar\u0259t ed\u0259r\u0259k ba\u015fsa\u011fl\u0131\u011f\u0131 verib\"}]},{\"@type\":\"WebSite\",\"@id\":\"https:\\\/\\\/ictimai.az\\\/#website\",\"url\":\"https:\\\/\\\/ictimai.az\\\/\",\"name\":\"\u0130CT\u0130MA\u0130.AZ\",\"description\":\"\",\"publisher\":{\"@id\":\"https:\\\/\\\/ictimai.az\\\/#organization\"},\"potentialAction\":[{\"@type\":\"SearchAction\",\"target\":{\"@type\":\"EntryPoint\",\"urlTemplate\":\"https:\\\/\\\/ictimai.az\\\/?s={search_term_string}\"},\"query-input\":{\"@type\":\"PropertyValueSpecification\",\"valueRequired\":true,\"valueName\":\"search_term_string\"}}],\"inLanguage\":\"az\"},{\"@type\":\"Organization\",\"@id\":\"https:\\\/\\\/ictimai.az\\\/#organization\",\"name\":\"\u0130CT\u0130MA\u0130.AZ\",\"url\":\"https:\\\/\\\/ictimai.az\\\/\",\"logo\":{\"@type\":\"ImageObject\",\"inLanguage\":\"az\",\"@id\":\"https:\\\/\\\/ictimai.az\\\/#\\\/schema\\\/logo\\\/image\\\/\",\"url\":\"https:\\\/\\\/ictimai.az\\\/core\\\/uploads\\\/2026\\\/06\\\/cropped-ictimai_0380d81099c6fe3baae753faceb5481f_p41rg2mzq0uyvextfh3k-768x768-1-3.png\",\"contentUrl\":\"https:\\\/\\\/ictimai.az\\\/core\\\/uploads\\\/2026\\\/06\\\/cropped-ictimai_0380d81099c6fe3baae753faceb5481f_p41rg2mzq0uyvextfh3k-768x768-1-3.png\",\"width\":768,\"height\":768,\"caption\":\"\u0130CT\u0130MA\u0130.AZ\"},\"image\":{\"@id\":\"https:\\\/\\\/ictimai.az\\\/#\\\/schema\\\/logo\\\/image\\\/\"}},{\"@type\":\"Person\",\"@id\":\"https:\\\/\\\/ictimai.az\\\/#\\\/schema\\\/person\\\/1da94bf2c7ab5d83ad349237bec1e6af\",\"name\":\"R\u0259\u015fad Bayramov\",\"image\":{\"@type\":\"ImageObject\",\"inLanguage\":\"az\",\"@id\":\"https:\\\/\\\/secure.gravatar.com\\\/avatar\\\/83c075605ba0a4d35d59726aaad89cfa8008d1f01603342c56f1dd79784491bc?s=96&d=mm&r=g\",\"url\":\"https:\\\/\\\/secure.gravatar.com\\\/avatar\\\/83c075605ba0a4d35d59726aaad89cfa8008d1f01603342c56f1dd79784491bc?s=96&d=mm&r=g\",\"contentUrl\":\"https:\\\/\\\/secure.gravatar.com\\\/avatar\\\/83c075605ba0a4d35d59726aaad89cfa8008d1f01603342c56f1dd79784491bc?s=96&d=mm&r=g\",\"caption\":\"R\u0259\u015fad Bayramov\"},\"sameAs\":[\"https:\\\/\\\/ictimai.az\\\/\"],\"url\":\"https:\\\/\\\/ictimai.az\\\/?author=2\"}]}<\/script>\n<!-- \/ Yoast SEO plugin. -->","yoast_head_json":{"title":"Akademik \u0130sa H\u0259bibb\u0259yli T\u00fcrkiy\u0259nin Az\u0259rbaycandak\u0131 s\u0259firliyini ziyar\u0259t ed\u0259r\u0259k ba\u015fsa\u011fl\u0131\u011f\u0131 verib - \u0130CT\u0130MA\u0130.AZ","robots":{"index":"index","follow":"follow","max-snippet":"max-snippet:-1","max-image-preview":"max-image-preview:large","max-video-preview":"max-video-preview:-1"},"canonical":"https:\/\/ictimai.az\/?p=20263","og_locale":"az_AZ","og_type":"article","og_title":"Akademik \u0130sa H\u0259bibb\u0259yli T\u00fcrkiy\u0259nin Az\u0259rbaycandak\u0131 s\u0259firliyini ziyar\u0259t ed\u0259r\u0259k ba\u015fsa\u011fl\u0131\u011f\u0131 verib - \u0130CT\u0130MA\u0130.AZ","og_description":"Fevral\u0131n 9-da AMEA-n\u0131n prezidenti, akademik \u0130sa H\u0259bibb\u0259yli T\u00fcrkiy\u0259d\u0259 ba\u015f vermi\u015f d\u0259h\u015f\u0259tli z\u0259lz\u0259l\u0259 il\u0259 \u0259laq\u0259dar qarda\u015f \u00f6lk\u0259nin Az\u0259rbaycandak\u0131 s\u0259firliyini ziyar\u0259t edib. AMEA r\u0259hb\u0259ri T\u00fcrkiy\u0259nin Az\u0259rbaycandak\u0131 f\u00f6vq\u0259lad\u0259 v\u0259 s\u0259lahiyy\u0259tli s\u0259firi Cahit Ba\u011fc\u0131 il\u0259 g\u00f6r\u00fc\u015f zaman\u0131 faci\u0259 n\u0259tic\u0259sind\u0259 h\u0259yat\u0131n\u0131 itir\u0259nl\u0259rin ail\u0259l\u0259rin\u0259 v\u0259 yax\u0131nlar\u0131na ba\u015fsa\u011fl\u0131\u011f\u0131 verib, yaral\u0131lara Allahdan \u015f\u0259fa dil\u0259yib. Qeyd edib ki, bu d\u0259h\u015f\u0259tli g\u00fcnl\u0259rd\u0259 b\u00fct\u00fcn Az\u0259rbaycan xalq\u0131 [&hellip;]","og_url":"https:\/\/ictimai.az\/?p=20263","og_site_name":"\u0130CT\u0130MA\u0130.AZ","article_published_time":"2023-02-09T11:40:55+00:00","article_modified_time":"2023-02-09T12:41:52+00:00","og_image":[{"width":786,"height":586,"url":"https:\/\/ictimai.az\/core\/uploads\/2023\/02\/ictimai_a0a0229d60b31b7a6985386d25d18473_ih4u7prja58wyq19svc2.jpg","type":"image\/jpeg"}],"author":"R\u0259\u015fad Bayramov","twitter_card":"summary_large_image","twitter_misc":{"Written by":"R\u0259\u015fad Bayramov","Est. reading time":"1 minute"},"schema":{"@context":"https:\/\/schema.org","@graph":[{"@type":"Article","@id":"https:\/\/ictimai.az\/?p=20263#article","isPartOf":{"@id":"https:\/\/ictimai.az\/?p=20263"},"author":{"name":"R\u0259\u015fad Bayramov","@id":"https:\/\/ictimai.az\/#\/schema\/person\/1da94bf2c7ab5d83ad349237bec1e6af"},"headline":"Akademik \u0130sa H\u0259bibb\u0259yli T\u00fcrkiy\u0259nin Az\u0259rbaycandak\u0131 s\u0259firliyini ziyar\u0259t ed\u0259r\u0259k ba\u015fsa\u011fl\u0131\u011f\u0131 verib","datePublished":"2023-02-09T11:40:55+00:00","dateModified":"2023-02-09T12:41:52+00:00","mainEntityOfPage":{"@id":"https:\/\/ictimai.az\/?p=20263"},"wordCount":172,"publisher":{"@id":"https:\/\/ictimai.az\/#organization"},"image":{"@id":"https:\/\/ictimai.az\/?p=20263#primaryimage"},"thumbnailUrl":"https:\/\/ictimai.az\/core\/uploads\/2023\/02\/ictimai_a0a0229d60b31b7a6985386d25d18473_ih4u7prja58wyq19svc2.jpg","articleSection":["G\u00fcnd\u0259m"],"inLanguage":"az"},{"@type":"WebPage","@id":"https:\/\/ictimai.az\/?p=20263","url":"https:\/\/ictimai.az\/?p=20263","name":"Akademik \u0130sa H\u0259bibb\u0259yli T\u00fcrkiy\u0259nin Az\u0259rbaycandak\u0131 s\u0259firliyini ziyar\u0259t ed\u0259r\u0259k ba\u015fsa\u011fl\u0131\u011f\u0131 verib - \u0130CT\u0130MA\u0130.AZ","isPartOf":{"@id":"https:\/\/ictimai.az\/#website"},"primaryImageOfPage":{"@id":"https:\/\/ictimai.az\/?p=20263#primaryimage"},"image":{"@id":"https:\/\/ictimai.az\/?p=20263#primaryimage"},"thumbnailUrl":"https:\/\/ictimai.az\/core\/uploads\/2023\/02\/ictimai_a0a0229d60b31b7a6985386d25d18473_ih4u7prja58wyq19svc2.jpg","datePublished":"2023-02-09T11:40:55+00:00","dateModified":"2023-02-09T12:41:52+00:00","breadcrumb":{"@id":"https:\/\/ictimai.az\/?p=20263#breadcrumb"},"inLanguage":"az","potentialAction":[{"@type":"ReadAction","target":["https:\/\/ictimai.az\/?p=20263"]}]},{"@type":"ImageObject","inLanguage":"az","@id":"https:\/\/ictimai.az\/?p=20263#primaryimage","url":"https:\/\/ictimai.az\/core\/uploads\/2023\/02\/ictimai_a0a0229d60b31b7a6985386d25d18473_ih4u7prja58wyq19svc2.jpg","contentUrl":"https:\/\/ictimai.az\/core\/uploads\/2023\/02\/ictimai_a0a0229d60b31b7a6985386d25d18473_ih4u7prja58wyq19svc2.jpg","width":786,"height":586},{"@type":"BreadcrumbList","@id":"https:\/\/ictimai.az\/?p=20263#breadcrumb","itemListElement":[{"@type":"ListItem","position":1,"name":"Home","item":"https:\/\/ictimai.az\/"},{"@type":"ListItem","position":2,"name":"Akademik \u0130sa H\u0259bibb\u0259yli T\u00fcrkiy\u0259nin Az\u0259rbaycandak\u0131 s\u0259firliyini ziyar\u0259t ed\u0259r\u0259k ba\u015fsa\u011fl\u0131\u011f\u0131 verib"}]},{"@type":"WebSite","@id":"https:\/\/ictimai.az\/#website","url":"https:\/\/ictimai.az\/","name":"\u0130CT\u0130MA\u0130.AZ","description":"","publisher":{"@id":"https:\/\/ictimai.az\/#organization"},"potentialAction":[{"@type":"SearchAction","target":{"@type":"EntryPoint","urlTemplate":"https:\/\/ictimai.az\/?s={search_term_string}"},"query-input":{"@type":"PropertyValueSpecification","valueRequired":true,"valueName":"search_term_string"}}],"inLanguage":"az"},{"@type":"Organization","@id":"https:\/\/ictimai.az\/#organization","name":"\u0130CT\u0130MA\u0130.AZ","url":"https:\/\/ictimai.az\/","logo":{"@type":"ImageObject","inLanguage":"az","@id":"https:\/\/ictimai.az\/#\/schema\/logo\/image\/","url":"https:\/\/ictimai.az\/core\/uploads\/2026\/06\/cropped-ictimai_0380d81099c6fe3baae753faceb5481f_p41rg2mzq0uyvextfh3k-768x768-1-3.png","contentUrl":"https:\/\/ictimai.az\/core\/uploads\/2026\/06\/cropped-ictimai_0380d81099c6fe3baae753faceb5481f_p41rg2mzq0uyvextfh3k-768x768-1-3.png","width":768,"height":768,"caption":"\u0130CT\u0130MA\u0130.AZ"},"image":{"@id":"https:\/\/ictimai.az\/#\/schema\/logo\/image\/"}},{"@type":"Person","@id":"https:\/\/ictimai.az\/#\/schema\/person\/1da94bf2c7ab5d83ad349237bec1e6af","name":"R\u0259\u015fad Bayramov","image":{"@type":"ImageObject","inLanguage":"az","@id":"https:\/\/secure.gravatar.com\/avatar\/83c075605ba0a4d35d59726aaad89cfa8008d1f01603342c56f1dd79784491bc?s=96&d=mm&r=g","url":"https:\/\/secure.gravatar.com\/avatar\/83c075605ba0a4d35d59726aaad89cfa8008d1f01603342c56f1dd79784491bc?s=96&d=mm&r=g","contentUrl":"https:\/\/secure.gravatar.com\/avatar\/83c075605ba0a4d35d59726aaad89cfa8008d1f01603342c56f1dd79784491bc?s=96&d=mm&r=g","caption":"R\u0259\u015fad Bayramov"},"sameAs":["https:\/\/ictimai.az\/"],"url":"https:\/\/ictimai.az\/?author=2"}]}},"_links":{"self":[{"href":"https:\/\/ictimai.az\/index.php?rest_route=\/wp\/v2\/posts\/20263","targetHints":{"allow":["GET"]}}],"collection":[{"href":"https:\/\/ictimai.az\/index.php?rest_route=\/wp\/v2\/posts"}],"about":[{"href":"https:\/\/ictimai.az\/index.php?rest_route=\/wp\/v2\/types\/post"}],"author":[{"embeddable":true,"href":"https:\/\/ictimai.az\/index.php?rest_route=\/wp\/v2\/users\/2"}],"replies":[{"embeddable":true,"href":"https:\/\/ictimai.az\/index.php?rest_route=%2Fwp%2Fv2%2Fcomments&post=20263"}],"version-history":[{"count":0,"href":"https:\/\/ictimai.az\/index.php?rest_route=\/wp\/v2\/posts\/20263\/revisions"}],"wp:featuredmedia":[{"embeddable":true,"href":"https:\/\/ictimai.az\/index.php?rest_route=\/wp\/v2\/media\/20264"}],"wp:attachment":[{"href":"https:\/\/ictimai.az\/index.php?rest_route=%2Fwp%2Fv2%2Fmedia&parent=20263"}],"wp:term":[{"taxonomy":"category","embeddable":true,"href":"https:\/\/ictimai.az\/index.php?rest_route=%2Fwp%2Fv2%2Fcategories&post=20263"},{"taxonomy":"post_tag","embeddable":true,"href":"https:\/\/ictimai.az\/index.php?rest_route=%2Fwp%2Fv2%2Ftags&post=20263"}],"curies":[{"name":"wp","href":"https:\/\/api.w.org\/{rel}","templated":true}]}}