{"id":21735,"date":"2023-03-10T15:32:29","date_gmt":"2023-03-10T11:32:29","guid":{"rendered":"https:\/\/ictimai.az\/?p=21735"},"modified":"2023-03-11T09:34:00","modified_gmt":"2023-03-11T05:34:00","slug":"kim-cen-in-si-cinpini-ucuncu-prezidentliyi-munasibetile-tebrik-edib","status":"publish","type":"post","link":"https:\/\/ictimai.az\/?p=21735","title":{"rendered":"Kim \u00c7en In Si Cinpini \u00fc\u00e7\u00fcnc\u00fc prezidentliyi m\u00fcnasib\u0259til\u0259 t\u0259brik edib"},"content":{"rendered":"<p id=\"tw-target-text\" class=\"tw-data-text tw-text-large tw-ta\" dir=\"ltr\" data-placeholder=\"\u041f\u0435\u0440\u0435\u0432\u043e\u0434\"><span class=\"Y2IQFc\" lang=\"az\">\u015eimali Koreya lideri Kim \u00c7en In Si Cinpini yenid\u0259n \u00c7in Xalq Respublikas\u0131n\u0131n s\u0259dri se\u00e7ilm\u0259si m\u00fcnasib\u0259til\u0259 t\u0259brik edib.<\/span><\/p>\n<p class=\"tw-data-text tw-text-large tw-ta\" dir=\"ltr\" data-placeholder=\"\u041f\u0435\u0440\u0435\u0432\u043e\u0434\"><span class=\"Y2IQFc\" lang=\"az\">Bu bar\u0259d\u0259 Koreya M\u0259rk\u0259zi X\u0259b\u0259r Agentliyi (KCNA) m\u0259lumat yay\u0131b. <\/span><\/p>\n<p class=\"tw-data-text tw-text-large tw-ta\" dir=\"ltr\" data-placeholder=\"\u041f\u0435\u0440\u0435\u0432\u043e\u0434\"><span class=\"Y2IQFc\" lang=\"az\">Kim \u00c7en In \u00c7in liderini \u201cyenid\u0259n se\u00e7ilm\u0259si m\u00fcnasib\u0259til\u0259 s\u0259mimi t\u0259brikl\u0259r\u201d g\u00f6nd\u0259rib v\u0259 partiya, h\u00f6kum\u0259t v\u0259 \u00c7in xalq\u0131n\u0131n Si Cinpin\u0259 \u201cy\u00fcks\u0259k etimad\u0131\u201d qeyd edib. <\/span><\/p>\n<p class=\"tw-data-text tw-text-large tw-ta\" dir=\"ltr\" data-placeholder=\"\u041f\u0435\u0440\u0435\u0432\u043e\u0434\"><span class=\"Y2IQFc\" lang=\"az\">T<\/span><span class=\"Y2IQFc\" lang=\"az\">\u0259brik teleqram\u0131nda deyilir: \u201cPartiyam\u0131z, h\u00f6kum\u0259timiz v\u0259 xalq\u0131m\u0131z son ill\u0259rd\u0259 \u00c7in partiyas\u0131, h\u00f6kum\u0259ti v\u0259 xalq\u0131n\u0131n m\u00fcasir sosialist \u00f6lk\u0259si qurmaq u\u011frunda m\u00fcbariz\u0259d\u0259 n\u0259z\u0259r\u0259\u00e7arpacaq ir\u0259lil\u0259yi\u015f \u0259ld\u0259 etm\u0259sind\u0259n raz\u0131d\u0131r.<\/span><\/p>\n<p dir=\"ltr\" data-placeholder=\"\u041f\u0435\u0440\u0435\u0432\u043e\u0434\">M\u0259nb\u0259: Gazeta.ru<\/p>\n<p dir=\"ltr\" data-placeholder=\"\u041f\u0435\u0440\u0435\u0432\u043e\u0434\"><strong>\u0130ctimai.az<\/strong><\/p>\n","protected":false},"excerpt":{"rendered":"<p>\u015eimali Koreya lideri Kim \u00c7en In Si Cinpini yenid\u0259n \u00c7in Xalq Respublikas\u0131n\u0131n s\u0259dri se\u00e7ilm\u0259si m\u00fcnasib\u0259til\u0259 t\u0259brik edib. Bu bar\u0259d\u0259 Koreya M\u0259rk\u0259zi X\u0259b\u0259r Agentliyi (KCNA) m\u0259lumat yay\u0131b. Kim \u00c7en In \u00c7in liderini \u201cyenid\u0259n se\u00e7ilm\u0259si m\u00fcnasib\u0259til\u0259 s\u0259mimi t\u0259brikl\u0259r\u201d g\u00f6nd\u0259rib v\u0259 partiya, h\u00f6kum\u0259t v\u0259 \u00c7in xalq\u0131n\u0131n Si Cinpin\u0259 \u201cy\u00fcks\u0259k etimad\u0131\u201d qeyd edib. T\u0259brik teleqram\u0131nda deyilir: \u201cPartiyam\u0131z, h\u00f6kum\u0259timiz v\u0259 [&hellip;]<\/p>\n","protected":false},"author":2,"featured_media":21736,"comment_status":"closed","ping_status":"closed","sticky":false,"template":"","format":"standard","meta":{"footnotes":""},"categories":[40,36],"tags":[],"class_list":["post-21735","post","type-post","status-publish","format-standard","has-post-thumbnail","hentry","category-dunya","category-media"],"yoast_head":"<!-- This site is optimized with the Yoast SEO plugin v28.2 - https:\/\/yoast.com\/product\/yoast-seo-wordpress\/ -->\n<title>Kim \u00c7en In Si Cinpini \u00fc\u00e7\u00fcnc\u00fc prezidentliyi m\u00fcnasib\u0259til\u0259 t\u0259brik edib - \u0130CT\u0130MA\u0130.AZ<\/title>\n<meta name=\"robots\" content=\"index, follow, max-snippet:-1, max-image-preview:large, max-video-preview:-1\" \/>\n<link rel=\"canonical\" href=\"https:\/\/ictimai.az\/?p=21735\" \/>\n<meta property=\"og:locale\" content=\"az_AZ\" \/>\n<meta property=\"og:type\" content=\"article\" \/>\n<meta property=\"og:title\" content=\"Kim \u00c7en In Si Cinpini \u00fc\u00e7\u00fcnc\u00fc prezidentliyi m\u00fcnasib\u0259til\u0259 t\u0259brik edib - \u0130CT\u0130MA\u0130.AZ\" \/>\n<meta property=\"og:description\" content=\"\u015eimali Koreya lideri Kim \u00c7en In Si Cinpini yenid\u0259n \u00c7in Xalq Respublikas\u0131n\u0131n s\u0259dri se\u00e7ilm\u0259si m\u00fcnasib\u0259til\u0259 t\u0259brik edib. Bu bar\u0259d\u0259 Koreya M\u0259rk\u0259zi X\u0259b\u0259r Agentliyi (KCNA) m\u0259lumat yay\u0131b. Kim \u00c7en In \u00c7in liderini \u201cyenid\u0259n se\u00e7ilm\u0259si m\u00fcnasib\u0259til\u0259 s\u0259mimi t\u0259brikl\u0259r\u201d g\u00f6nd\u0259rib v\u0259 partiya, h\u00f6kum\u0259t v\u0259 \u00c7in xalq\u0131n\u0131n Si Cinpin\u0259 \u201cy\u00fcks\u0259k etimad\u0131\u201d qeyd edib. T\u0259brik teleqram\u0131nda deyilir: \u201cPartiyam\u0131z, h\u00f6kum\u0259timiz v\u0259 [&hellip;]\" \/>\n<meta property=\"og:url\" content=\"https:\/\/ictimai.az\/?p=21735\" \/>\n<meta property=\"og:site_name\" content=\"\u0130CT\u0130MA\u0130.AZ\" \/>\n<meta property=\"article:published_time\" content=\"2023-03-10T11:32:29+00:00\" \/>\n<meta property=\"article:modified_time\" content=\"2023-03-11T05:34:00+00:00\" \/>\n<meta property=\"og:image\" content=\"https:\/\/ictimai.az\/core\/uploads\/2023\/03\/ictimai_e902c03270ee170d899373b0db2e0b7f_e8la2mw0c9bg3tsokx71.jpg\" \/>\n\t<meta property=\"og:image:width\" content=\"895\" \/>\n\t<meta property=\"og:image:height\" content=\"504\" \/>\n\t<meta property=\"og:image:type\" content=\"image\/jpeg\" \/>\n<meta name=\"author\" content=\"R\u0259\u015fad Bayramov\" \/>\n<meta name=\"twitter:card\" content=\"summary_large_image\" \/>\n<meta name=\"twitter:label1\" content=\"Written by\" \/>\n\t<meta name=\"twitter:data1\" content=\"R\u0259\u015fad Bayramov\" \/>\n\t<meta name=\"twitter:label2\" content=\"Est. reading time\" \/>\n\t<meta name=\"twitter:data2\" content=\"1 minute\" \/>\n<script type=\"application\/ld+json\" class=\"yoast-schema-graph\">{\"@context\":\"https:\\\/\\\/schema.org\",\"@graph\":[{\"@type\":\"Article\",\"@id\":\"https:\\\/\\\/ictimai.az\\\/?p=21735#article\",\"isPartOf\":{\"@id\":\"https:\\\/\\\/ictimai.az\\\/?p=21735\"},\"author\":{\"name\":\"R\u0259\u015fad Bayramov\",\"@id\":\"https:\\\/\\\/ictimai.az\\\/#\\\/schema\\\/person\\\/1da94bf2c7ab5d83ad349237bec1e6af\"},\"headline\":\"Kim \u00c7en In Si Cinpini \u00fc\u00e7\u00fcnc\u00fc prezidentliyi m\u00fcnasib\u0259til\u0259 t\u0259brik edib\",\"datePublished\":\"2023-03-10T11:32:29+00:00\",\"dateModified\":\"2023-03-11T05:34:00+00:00\",\"mainEntityOfPage\":{\"@id\":\"https:\\\/\\\/ictimai.az\\\/?p=21735\"},\"wordCount\":151,\"publisher\":{\"@id\":\"https:\\\/\\\/ictimai.az\\\/#organization\"},\"image\":{\"@id\":\"https:\\\/\\\/ictimai.az\\\/?p=21735#primaryimage\"},\"thumbnailUrl\":\"https:\\\/\\\/ictimai.az\\\/core\\\/uploads\\\/2023\\\/03\\\/ictimai_e902c03270ee170d899373b0db2e0b7f_e8la2mw0c9bg3tsokx71.jpg\",\"articleSection\":[\"D\u00fcnya\",\"MED\u0130A\"],\"inLanguage\":\"az\"},{\"@type\":\"WebPage\",\"@id\":\"https:\\\/\\\/ictimai.az\\\/?p=21735\",\"url\":\"https:\\\/\\\/ictimai.az\\\/?p=21735\",\"name\":\"Kim \u00c7en In Si Cinpini \u00fc\u00e7\u00fcnc\u00fc prezidentliyi m\u00fcnasib\u0259til\u0259 t\u0259brik edib - \u0130CT\u0130MA\u0130.AZ\",\"isPartOf\":{\"@id\":\"https:\\\/\\\/ictimai.az\\\/#website\"},\"primaryImageOfPage\":{\"@id\":\"https:\\\/\\\/ictimai.az\\\/?p=21735#primaryimage\"},\"image\":{\"@id\":\"https:\\\/\\\/ictimai.az\\\/?p=21735#primaryimage\"},\"thumbnailUrl\":\"https:\\\/\\\/ictimai.az\\\/core\\\/uploads\\\/2023\\\/03\\\/ictimai_e902c03270ee170d899373b0db2e0b7f_e8la2mw0c9bg3tsokx71.jpg\",\"datePublished\":\"2023-03-10T11:32:29+00:00\",\"dateModified\":\"2023-03-11T05:34:00+00:00\",\"breadcrumb\":{\"@id\":\"https:\\\/\\\/ictimai.az\\\/?p=21735#breadcrumb\"},\"inLanguage\":\"az\",\"potentialAction\":[{\"@type\":\"ReadAction\",\"target\":[\"https:\\\/\\\/ictimai.az\\\/?p=21735\"]}]},{\"@type\":\"ImageObject\",\"inLanguage\":\"az\",\"@id\":\"https:\\\/\\\/ictimai.az\\\/?p=21735#primaryimage\",\"url\":\"https:\\\/\\\/ictimai.az\\\/core\\\/uploads\\\/2023\\\/03\\\/ictimai_e902c03270ee170d899373b0db2e0b7f_e8la2mw0c9bg3tsokx71.jpg\",\"contentUrl\":\"https:\\\/\\\/ictimai.az\\\/core\\\/uploads\\\/2023\\\/03\\\/ictimai_e902c03270ee170d899373b0db2e0b7f_e8la2mw0c9bg3tsokx71.jpg\",\"width\":895,\"height\":504},{\"@type\":\"BreadcrumbList\",\"@id\":\"https:\\\/\\\/ictimai.az\\\/?p=21735#breadcrumb\",\"itemListElement\":[{\"@type\":\"ListItem\",\"position\":1,\"name\":\"Home\",\"item\":\"https:\\\/\\\/ictimai.az\\\/\"},{\"@type\":\"ListItem\",\"position\":2,\"name\":\"Kim \u00c7en In Si Cinpini \u00fc\u00e7\u00fcnc\u00fc prezidentliyi m\u00fcnasib\u0259til\u0259 t\u0259brik edib\"}]},{\"@type\":\"WebSite\",\"@id\":\"https:\\\/\\\/ictimai.az\\\/#website\",\"url\":\"https:\\\/\\\/ictimai.az\\\/\",\"name\":\"\u0130CT\u0130MA\u0130.AZ\",\"description\":\"\",\"publisher\":{\"@id\":\"https:\\\/\\\/ictimai.az\\\/#organization\"},\"potentialAction\":[{\"@type\":\"SearchAction\",\"target\":{\"@type\":\"EntryPoint\",\"urlTemplate\":\"https:\\\/\\\/ictimai.az\\\/?s={search_term_string}\"},\"query-input\":{\"@type\":\"PropertyValueSpecification\",\"valueRequired\":true,\"valueName\":\"search_term_string\"}}],\"inLanguage\":\"az\"},{\"@type\":\"Organization\",\"@id\":\"https:\\\/\\\/ictimai.az\\\/#organization\",\"name\":\"\u0130CT\u0130MA\u0130.AZ\",\"url\":\"https:\\\/\\\/ictimai.az\\\/\",\"logo\":{\"@type\":\"ImageObject\",\"inLanguage\":\"az\",\"@id\":\"https:\\\/\\\/ictimai.az\\\/#\\\/schema\\\/logo\\\/image\\\/\",\"url\":\"https:\\\/\\\/ictimai.az\\\/core\\\/uploads\\\/2026\\\/06\\\/cropped-ictimai_0380d81099c6fe3baae753faceb5481f_p41rg2mzq0uyvextfh3k-768x768-1-3.png\",\"contentUrl\":\"https:\\\/\\\/ictimai.az\\\/core\\\/uploads\\\/2026\\\/06\\\/cropped-ictimai_0380d81099c6fe3baae753faceb5481f_p41rg2mzq0uyvextfh3k-768x768-1-3.png\",\"width\":768,\"height\":768,\"caption\":\"\u0130CT\u0130MA\u0130.AZ\"},\"image\":{\"@id\":\"https:\\\/\\\/ictimai.az\\\/#\\\/schema\\\/logo\\\/image\\\/\"}},{\"@type\":\"Person\",\"@id\":\"https:\\\/\\\/ictimai.az\\\/#\\\/schema\\\/person\\\/1da94bf2c7ab5d83ad349237bec1e6af\",\"name\":\"R\u0259\u015fad Bayramov\",\"image\":{\"@type\":\"ImageObject\",\"inLanguage\":\"az\",\"@id\":\"https:\\\/\\\/secure.gravatar.com\\\/avatar\\\/83c075605ba0a4d35d59726aaad89cfa8008d1f01603342c56f1dd79784491bc?s=96&d=mm&r=g\",\"url\":\"https:\\\/\\\/secure.gravatar.com\\\/avatar\\\/83c075605ba0a4d35d59726aaad89cfa8008d1f01603342c56f1dd79784491bc?s=96&d=mm&r=g\",\"contentUrl\":\"https:\\\/\\\/secure.gravatar.com\\\/avatar\\\/83c075605ba0a4d35d59726aaad89cfa8008d1f01603342c56f1dd79784491bc?s=96&d=mm&r=g\",\"caption\":\"R\u0259\u015fad Bayramov\"},\"sameAs\":[\"https:\\\/\\\/ictimai.az\\\/\"],\"url\":\"https:\\\/\\\/ictimai.az\\\/?author=2\"}]}<\/script>\n<!-- \/ Yoast SEO plugin. -->","yoast_head_json":{"title":"Kim \u00c7en In Si Cinpini \u00fc\u00e7\u00fcnc\u00fc prezidentliyi m\u00fcnasib\u0259til\u0259 t\u0259brik edib - \u0130CT\u0130MA\u0130.AZ","robots":{"index":"index","follow":"follow","max-snippet":"max-snippet:-1","max-image-preview":"max-image-preview:large","max-video-preview":"max-video-preview:-1"},"canonical":"https:\/\/ictimai.az\/?p=21735","og_locale":"az_AZ","og_type":"article","og_title":"Kim \u00c7en In Si Cinpini \u00fc\u00e7\u00fcnc\u00fc prezidentliyi m\u00fcnasib\u0259til\u0259 t\u0259brik edib - \u0130CT\u0130MA\u0130.AZ","og_description":"\u015eimali Koreya lideri Kim \u00c7en In Si Cinpini yenid\u0259n \u00c7in Xalq Respublikas\u0131n\u0131n s\u0259dri se\u00e7ilm\u0259si m\u00fcnasib\u0259til\u0259 t\u0259brik edib. Bu bar\u0259d\u0259 Koreya M\u0259rk\u0259zi X\u0259b\u0259r Agentliyi (KCNA) m\u0259lumat yay\u0131b. Kim \u00c7en In \u00c7in liderini \u201cyenid\u0259n se\u00e7ilm\u0259si m\u00fcnasib\u0259til\u0259 s\u0259mimi t\u0259brikl\u0259r\u201d g\u00f6nd\u0259rib v\u0259 partiya, h\u00f6kum\u0259t v\u0259 \u00c7in xalq\u0131n\u0131n Si Cinpin\u0259 \u201cy\u00fcks\u0259k etimad\u0131\u201d qeyd edib. T\u0259brik teleqram\u0131nda deyilir: \u201cPartiyam\u0131z, h\u00f6kum\u0259timiz v\u0259 [&hellip;]","og_url":"https:\/\/ictimai.az\/?p=21735","og_site_name":"\u0130CT\u0130MA\u0130.AZ","article_published_time":"2023-03-10T11:32:29+00:00","article_modified_time":"2023-03-11T05:34:00+00:00","og_image":[{"width":895,"height":504,"url":"https:\/\/ictimai.az\/core\/uploads\/2023\/03\/ictimai_e902c03270ee170d899373b0db2e0b7f_e8la2mw0c9bg3tsokx71.jpg","type":"image\/jpeg"}],"author":"R\u0259\u015fad Bayramov","twitter_card":"summary_large_image","twitter_misc":{"Written by":"R\u0259\u015fad Bayramov","Est. reading time":"1 minute"},"schema":{"@context":"https:\/\/schema.org","@graph":[{"@type":"Article","@id":"https:\/\/ictimai.az\/?p=21735#article","isPartOf":{"@id":"https:\/\/ictimai.az\/?p=21735"},"author":{"name":"R\u0259\u015fad Bayramov","@id":"https:\/\/ictimai.az\/#\/schema\/person\/1da94bf2c7ab5d83ad349237bec1e6af"},"headline":"Kim \u00c7en In Si Cinpini \u00fc\u00e7\u00fcnc\u00fc prezidentliyi m\u00fcnasib\u0259til\u0259 t\u0259brik edib","datePublished":"2023-03-10T11:32:29+00:00","dateModified":"2023-03-11T05:34:00+00:00","mainEntityOfPage":{"@id":"https:\/\/ictimai.az\/?p=21735"},"wordCount":151,"publisher":{"@id":"https:\/\/ictimai.az\/#organization"},"image":{"@id":"https:\/\/ictimai.az\/?p=21735#primaryimage"},"thumbnailUrl":"https:\/\/ictimai.az\/core\/uploads\/2023\/03\/ictimai_e902c03270ee170d899373b0db2e0b7f_e8la2mw0c9bg3tsokx71.jpg","articleSection":["D\u00fcnya","MED\u0130A"],"inLanguage":"az"},{"@type":"WebPage","@id":"https:\/\/ictimai.az\/?p=21735","url":"https:\/\/ictimai.az\/?p=21735","name":"Kim \u00c7en In Si Cinpini \u00fc\u00e7\u00fcnc\u00fc prezidentliyi m\u00fcnasib\u0259til\u0259 t\u0259brik edib - \u0130CT\u0130MA\u0130.AZ","isPartOf":{"@id":"https:\/\/ictimai.az\/#website"},"primaryImageOfPage":{"@id":"https:\/\/ictimai.az\/?p=21735#primaryimage"},"image":{"@id":"https:\/\/ictimai.az\/?p=21735#primaryimage"},"thumbnailUrl":"https:\/\/ictimai.az\/core\/uploads\/2023\/03\/ictimai_e902c03270ee170d899373b0db2e0b7f_e8la2mw0c9bg3tsokx71.jpg","datePublished":"2023-03-10T11:32:29+00:00","dateModified":"2023-03-11T05:34:00+00:00","breadcrumb":{"@id":"https:\/\/ictimai.az\/?p=21735#breadcrumb"},"inLanguage":"az","potentialAction":[{"@type":"ReadAction","target":["https:\/\/ictimai.az\/?p=21735"]}]},{"@type":"ImageObject","inLanguage":"az","@id":"https:\/\/ictimai.az\/?p=21735#primaryimage","url":"https:\/\/ictimai.az\/core\/uploads\/2023\/03\/ictimai_e902c03270ee170d899373b0db2e0b7f_e8la2mw0c9bg3tsokx71.jpg","contentUrl":"https:\/\/ictimai.az\/core\/uploads\/2023\/03\/ictimai_e902c03270ee170d899373b0db2e0b7f_e8la2mw0c9bg3tsokx71.jpg","width":895,"height":504},{"@type":"BreadcrumbList","@id":"https:\/\/ictimai.az\/?p=21735#breadcrumb","itemListElement":[{"@type":"ListItem","position":1,"name":"Home","item":"https:\/\/ictimai.az\/"},{"@type":"ListItem","position":2,"name":"Kim \u00c7en In Si Cinpini \u00fc\u00e7\u00fcnc\u00fc prezidentliyi m\u00fcnasib\u0259til\u0259 t\u0259brik edib"}]},{"@type":"WebSite","@id":"https:\/\/ictimai.az\/#website","url":"https:\/\/ictimai.az\/","name":"\u0130CT\u0130MA\u0130.AZ","description":"","publisher":{"@id":"https:\/\/ictimai.az\/#organization"},"potentialAction":[{"@type":"SearchAction","target":{"@type":"EntryPoint","urlTemplate":"https:\/\/ictimai.az\/?s={search_term_string}"},"query-input":{"@type":"PropertyValueSpecification","valueRequired":true,"valueName":"search_term_string"}}],"inLanguage":"az"},{"@type":"Organization","@id":"https:\/\/ictimai.az\/#organization","name":"\u0130CT\u0130MA\u0130.AZ","url":"https:\/\/ictimai.az\/","logo":{"@type":"ImageObject","inLanguage":"az","@id":"https:\/\/ictimai.az\/#\/schema\/logo\/image\/","url":"https:\/\/ictimai.az\/core\/uploads\/2026\/06\/cropped-ictimai_0380d81099c6fe3baae753faceb5481f_p41rg2mzq0uyvextfh3k-768x768-1-3.png","contentUrl":"https:\/\/ictimai.az\/core\/uploads\/2026\/06\/cropped-ictimai_0380d81099c6fe3baae753faceb5481f_p41rg2mzq0uyvextfh3k-768x768-1-3.png","width":768,"height":768,"caption":"\u0130CT\u0130MA\u0130.AZ"},"image":{"@id":"https:\/\/ictimai.az\/#\/schema\/logo\/image\/"}},{"@type":"Person","@id":"https:\/\/ictimai.az\/#\/schema\/person\/1da94bf2c7ab5d83ad349237bec1e6af","name":"R\u0259\u015fad Bayramov","image":{"@type":"ImageObject","inLanguage":"az","@id":"https:\/\/secure.gravatar.com\/avatar\/83c075605ba0a4d35d59726aaad89cfa8008d1f01603342c56f1dd79784491bc?s=96&d=mm&r=g","url":"https:\/\/secure.gravatar.com\/avatar\/83c075605ba0a4d35d59726aaad89cfa8008d1f01603342c56f1dd79784491bc?s=96&d=mm&r=g","contentUrl":"https:\/\/secure.gravatar.com\/avatar\/83c075605ba0a4d35d59726aaad89cfa8008d1f01603342c56f1dd79784491bc?s=96&d=mm&r=g","caption":"R\u0259\u015fad Bayramov"},"sameAs":["https:\/\/ictimai.az\/"],"url":"https:\/\/ictimai.az\/?author=2"}]}},"_links":{"self":[{"href":"https:\/\/ictimai.az\/index.php?rest_route=\/wp\/v2\/posts\/21735","targetHints":{"allow":["GET"]}}],"collection":[{"href":"https:\/\/ictimai.az\/index.php?rest_route=\/wp\/v2\/posts"}],"about":[{"href":"https:\/\/ictimai.az\/index.php?rest_route=\/wp\/v2\/types\/post"}],"author":[{"embeddable":true,"href":"https:\/\/ictimai.az\/index.php?rest_route=\/wp\/v2\/users\/2"}],"replies":[{"embeddable":true,"href":"https:\/\/ictimai.az\/index.php?rest_route=%2Fwp%2Fv2%2Fcomments&post=21735"}],"version-history":[{"count":0,"href":"https:\/\/ictimai.az\/index.php?rest_route=\/wp\/v2\/posts\/21735\/revisions"}],"wp:featuredmedia":[{"embeddable":true,"href":"https:\/\/ictimai.az\/index.php?rest_route=\/wp\/v2\/media\/21736"}],"wp:attachment":[{"href":"https:\/\/ictimai.az\/index.php?rest_route=%2Fwp%2Fv2%2Fmedia&parent=21735"}],"wp:term":[{"taxonomy":"category","embeddable":true,"href":"https:\/\/ictimai.az\/index.php?rest_route=%2Fwp%2Fv2%2Fcategories&post=21735"},{"taxonomy":"post_tag","embeddable":true,"href":"https:\/\/ictimai.az\/index.php?rest_route=%2Fwp%2Fv2%2Ftags&post=21735"}],"curies":[{"name":"wp","href":"https:\/\/api.w.org\/{rel}","templated":true}]}}