{"id":21737,"date":"2023-03-10T16:34:17","date_gmt":"2023-03-10T12:34:17","guid":{"rendered":"https:\/\/ictimai.az\/?p=21737"},"modified":"2023-03-11T09:35:43","modified_gmt":"2023-03-11T05:35:43","slug":"lavrov-g20-de-blinkenle-start-ve-ukraynadaki-veziyyeti-muzakire-etdiyini-bildirib","status":"publish","type":"post","link":"https:\/\/ictimai.az\/?p=21737","title":{"rendered":"Lavrov G20-d\u0259 Blinkenl\u0259 START v\u0259 Ukraynadak\u0131 v\u0259ziyy\u0259ti m\u00fczakir\u0259 etdiyini bildirib"},"content":{"rendered":"<p id=\"tw-target-text\" class=\"tw-data-text tw-text-large tw-ta\" dir=\"ltr\" data-placeholder=\"\u041f\u0435\u0440\u0435\u0432\u043e\u0434\"><span class=\"Y2IQFc\" lang=\"az\">Rusiya Xarici \u0130\u015fl\u0259r Nazirliyinin r\u0259hb\u0259ri Sergey Lavrov bildirib ki, G20-d\u0259 ke\u00e7iril\u0259n g\u00f6r\u00fc\u015fd\u0259 AB\u015e d\u00f6vl\u0259t katibi Entoni Blinkenl\u0259 Yeni START \u00e7\u0259r\u00e7iv\u0259sind\u0259 strateji sabitlik v\u0259 Ukraynadak\u0131 v\u0259ziyy\u0259ti m\u00fczakir\u0259 edib<\/span><\/p>\n<p class=\"tw-data-text tw-text-large tw-ta\" dir=\"ltr\" data-placeholder=\"\u041f\u0435\u0440\u0435\u0432\u043e\u0434\"><span class=\"Y2IQFc\" lang=\"az\">. O, bu bar\u0259d\u0259 Birinci Kanal\u0131n efirind\u0259 bildirib.<\/span><\/p>\n<p class=\"tw-data-text tw-text-large tw-ta\" dir=\"ltr\" data-placeholder=\"\u041f\u0435\u0440\u0435\u0432\u043e\u0434\"><span class=\"Y2IQFc\" lang=\"az\">\u201cBiz yaln\u0131z strateji sabitliyi v\u0259 Ukrayna m\u00f6vzusunu m\u00fczakir\u0259 etdik, m\u0259n bu q\u0131sa 10 d\u0259qiq\u0259lik s\u00f6hb\u0259tin nec\u0259 inki\u015faf etdiyini t\u0259f\u0259rr\u00fcatlar\u0131na \u00e7atd\u0131rmaq ist\u0259mir\u0259m, amma, prinsipc\u0259, e\u015fitdikl\u0259rimin ham\u0131s\u0131 ictimaiyy\u0259t t\u0259r\u0259find\u0259n s\u0259sl\u0259ndiril\u0259n, d\u0259f\u0259l\u0259rl\u0259 vur\u011fulanan m\u0259\u015fhur fikirl\u0259r\u0259 uy\u011fun g\u0259lir. AB\u015e-\u0131n bununla ba\u011fl\u0131 m\u00f6vqeyidir\u201d, &#8211; dey\u0259 Lavrov Blinkenl\u0259 s\u00f6hb\u0259tind\u0259n dan\u0131\u015f\u0131b.<\/span><\/p>\n<p dir=\"ltr\" data-placeholder=\"\u041f\u0435\u0440\u0435\u0432\u043e\u0434\">M\u0259nb\u0259: R\u0130A Novosti<\/p>\n<p dir=\"ltr\" data-placeholder=\"\u041f\u0435\u0440\u0435\u0432\u043e\u0434\"><strong>\u0130ctimai.az<\/strong><\/p>\n","protected":false},"excerpt":{"rendered":"<p>Rusiya Xarici \u0130\u015fl\u0259r Nazirliyinin r\u0259hb\u0259ri Sergey Lavrov bildirib ki, G20-d\u0259 ke\u00e7iril\u0259n g\u00f6r\u00fc\u015fd\u0259 AB\u015e d\u00f6vl\u0259t katibi Entoni Blinkenl\u0259 Yeni START \u00e7\u0259r\u00e7iv\u0259sind\u0259 strateji sabitlik v\u0259 Ukraynadak\u0131 v\u0259ziyy\u0259ti m\u00fczakir\u0259 edib . O, bu bar\u0259d\u0259 Birinci Kanal\u0131n efirind\u0259 bildirib. \u201cBiz yaln\u0131z strateji sabitliyi v\u0259 Ukrayna m\u00f6vzusunu m\u00fczakir\u0259 etdik, m\u0259n bu q\u0131sa 10 d\u0259qiq\u0259lik s\u00f6hb\u0259tin nec\u0259 inki\u015faf etdiyini t\u0259f\u0259rr\u00fcatlar\u0131na \u00e7atd\u0131rmaq [&hellip;]<\/p>\n","protected":false},"author":2,"featured_media":21738,"comment_status":"closed","ping_status":"closed","sticky":false,"template":"","format":"standard","meta":{"footnotes":""},"categories":[36,15],"tags":[],"class_list":["post-21737","post","type-post","status-publish","format-standard","has-post-thumbnail","hentry","category-media","category-politics"],"yoast_head":"<!-- This site is optimized with the Yoast SEO plugin v28.2 - https:\/\/yoast.com\/product\/yoast-seo-wordpress\/ -->\n<title>Lavrov G20-d\u0259 Blinkenl\u0259 START v\u0259 Ukraynadak\u0131 v\u0259ziyy\u0259ti m\u00fczakir\u0259 etdiyini bildirib - \u0130CT\u0130MA\u0130.AZ<\/title>\n<meta name=\"robots\" content=\"index, follow, max-snippet:-1, max-image-preview:large, max-video-preview:-1\" \/>\n<link rel=\"canonical\" href=\"https:\/\/ictimai.az\/?p=21737\" \/>\n<meta property=\"og:locale\" content=\"az_AZ\" \/>\n<meta property=\"og:type\" content=\"article\" \/>\n<meta property=\"og:title\" content=\"Lavrov G20-d\u0259 Blinkenl\u0259 START v\u0259 Ukraynadak\u0131 v\u0259ziyy\u0259ti m\u00fczakir\u0259 etdiyini bildirib - \u0130CT\u0130MA\u0130.AZ\" \/>\n<meta property=\"og:description\" content=\"Rusiya Xarici \u0130\u015fl\u0259r Nazirliyinin r\u0259hb\u0259ri Sergey Lavrov bildirib ki, G20-d\u0259 ke\u00e7iril\u0259n g\u00f6r\u00fc\u015fd\u0259 AB\u015e d\u00f6vl\u0259t katibi Entoni Blinkenl\u0259 Yeni START \u00e7\u0259r\u00e7iv\u0259sind\u0259 strateji sabitlik v\u0259 Ukraynadak\u0131 v\u0259ziyy\u0259ti m\u00fczakir\u0259 edib . O, bu bar\u0259d\u0259 Birinci Kanal\u0131n efirind\u0259 bildirib. \u201cBiz yaln\u0131z strateji sabitliyi v\u0259 Ukrayna m\u00f6vzusunu m\u00fczakir\u0259 etdik, m\u0259n bu q\u0131sa 10 d\u0259qiq\u0259lik s\u00f6hb\u0259tin nec\u0259 inki\u015faf etdiyini t\u0259f\u0259rr\u00fcatlar\u0131na \u00e7atd\u0131rmaq [&hellip;]\" \/>\n<meta property=\"og:url\" content=\"https:\/\/ictimai.az\/?p=21737\" \/>\n<meta property=\"og:site_name\" content=\"\u0130CT\u0130MA\u0130.AZ\" \/>\n<meta property=\"article:published_time\" content=\"2023-03-10T12:34:17+00:00\" \/>\n<meta property=\"article:modified_time\" content=\"2023-03-11T05:35:43+00:00\" \/>\n<meta property=\"og:image\" content=\"https:\/\/ictimai.az\/core\/uploads\/2023\/03\/ictimai_f36788bb218f68143187d8145eafa6ef_hrl7o9mn02b4csxtakfi.jpg\" \/>\n\t<meta property=\"og:image:width\" content=\"1200\" \/>\n\t<meta property=\"og:image:height\" content=\"800\" \/>\n\t<meta property=\"og:image:type\" content=\"image\/jpeg\" \/>\n<meta name=\"author\" content=\"R\u0259\u015fad Bayramov\" \/>\n<meta name=\"twitter:card\" content=\"summary_large_image\" \/>\n<meta name=\"twitter:label1\" content=\"Written by\" \/>\n\t<meta name=\"twitter:data1\" content=\"R\u0259\u015fad Bayramov\" \/>\n\t<meta name=\"twitter:label2\" content=\"Est. reading time\" \/>\n\t<meta name=\"twitter:data2\" content=\"1 minute\" \/>\n<script type=\"application\/ld+json\" class=\"yoast-schema-graph\">{\"@context\":\"https:\\\/\\\/schema.org\",\"@graph\":[{\"@type\":\"Article\",\"@id\":\"https:\\\/\\\/ictimai.az\\\/?p=21737#article\",\"isPartOf\":{\"@id\":\"https:\\\/\\\/ictimai.az\\\/?p=21737\"},\"author\":{\"name\":\"R\u0259\u015fad Bayramov\",\"@id\":\"https:\\\/\\\/ictimai.az\\\/#\\\/schema\\\/person\\\/1da94bf2c7ab5d83ad349237bec1e6af\"},\"headline\":\"Lavrov G20-d\u0259 Blinkenl\u0259 START v\u0259 Ukraynadak\u0131 v\u0259ziyy\u0259ti m\u00fczakir\u0259 etdiyini bildirib\",\"datePublished\":\"2023-03-10T12:34:17+00:00\",\"dateModified\":\"2023-03-11T05:35:43+00:00\",\"mainEntityOfPage\":{\"@id\":\"https:\\\/\\\/ictimai.az\\\/?p=21737\"},\"wordCount\":158,\"publisher\":{\"@id\":\"https:\\\/\\\/ictimai.az\\\/#organization\"},\"image\":{\"@id\":\"https:\\\/\\\/ictimai.az\\\/?p=21737#primaryimage\"},\"thumbnailUrl\":\"https:\\\/\\\/ictimai.az\\\/core\\\/uploads\\\/2023\\\/03\\\/ictimai_f36788bb218f68143187d8145eafa6ef_hrl7o9mn02b4csxtakfi.jpg\",\"articleSection\":[\"MED\u0130A\",\"Siyas\u0259t\"],\"inLanguage\":\"az\"},{\"@type\":\"WebPage\",\"@id\":\"https:\\\/\\\/ictimai.az\\\/?p=21737\",\"url\":\"https:\\\/\\\/ictimai.az\\\/?p=21737\",\"name\":\"Lavrov G20-d\u0259 Blinkenl\u0259 START v\u0259 Ukraynadak\u0131 v\u0259ziyy\u0259ti m\u00fczakir\u0259 etdiyini bildirib - \u0130CT\u0130MA\u0130.AZ\",\"isPartOf\":{\"@id\":\"https:\\\/\\\/ictimai.az\\\/#website\"},\"primaryImageOfPage\":{\"@id\":\"https:\\\/\\\/ictimai.az\\\/?p=21737#primaryimage\"},\"image\":{\"@id\":\"https:\\\/\\\/ictimai.az\\\/?p=21737#primaryimage\"},\"thumbnailUrl\":\"https:\\\/\\\/ictimai.az\\\/core\\\/uploads\\\/2023\\\/03\\\/ictimai_f36788bb218f68143187d8145eafa6ef_hrl7o9mn02b4csxtakfi.jpg\",\"datePublished\":\"2023-03-10T12:34:17+00:00\",\"dateModified\":\"2023-03-11T05:35:43+00:00\",\"breadcrumb\":{\"@id\":\"https:\\\/\\\/ictimai.az\\\/?p=21737#breadcrumb\"},\"inLanguage\":\"az\",\"potentialAction\":[{\"@type\":\"ReadAction\",\"target\":[\"https:\\\/\\\/ictimai.az\\\/?p=21737\"]}]},{\"@type\":\"ImageObject\",\"inLanguage\":\"az\",\"@id\":\"https:\\\/\\\/ictimai.az\\\/?p=21737#primaryimage\",\"url\":\"https:\\\/\\\/ictimai.az\\\/core\\\/uploads\\\/2023\\\/03\\\/ictimai_f36788bb218f68143187d8145eafa6ef_hrl7o9mn02b4csxtakfi.jpg\",\"contentUrl\":\"https:\\\/\\\/ictimai.az\\\/core\\\/uploads\\\/2023\\\/03\\\/ictimai_f36788bb218f68143187d8145eafa6ef_hrl7o9mn02b4csxtakfi.jpg\",\"width\":1200,\"height\":800},{\"@type\":\"BreadcrumbList\",\"@id\":\"https:\\\/\\\/ictimai.az\\\/?p=21737#breadcrumb\",\"itemListElement\":[{\"@type\":\"ListItem\",\"position\":1,\"name\":\"Home\",\"item\":\"https:\\\/\\\/ictimai.az\\\/\"},{\"@type\":\"ListItem\",\"position\":2,\"name\":\"Lavrov G20-d\u0259 Blinkenl\u0259 START v\u0259 Ukraynadak\u0131 v\u0259ziyy\u0259ti m\u00fczakir\u0259 etdiyini bildirib\"}]},{\"@type\":\"WebSite\",\"@id\":\"https:\\\/\\\/ictimai.az\\\/#website\",\"url\":\"https:\\\/\\\/ictimai.az\\\/\",\"name\":\"\u0130CT\u0130MA\u0130.AZ\",\"description\":\"\",\"publisher\":{\"@id\":\"https:\\\/\\\/ictimai.az\\\/#organization\"},\"potentialAction\":[{\"@type\":\"SearchAction\",\"target\":{\"@type\":\"EntryPoint\",\"urlTemplate\":\"https:\\\/\\\/ictimai.az\\\/?s={search_term_string}\"},\"query-input\":{\"@type\":\"PropertyValueSpecification\",\"valueRequired\":true,\"valueName\":\"search_term_string\"}}],\"inLanguage\":\"az\"},{\"@type\":\"Organization\",\"@id\":\"https:\\\/\\\/ictimai.az\\\/#organization\",\"name\":\"\u0130CT\u0130MA\u0130.AZ\",\"url\":\"https:\\\/\\\/ictimai.az\\\/\",\"logo\":{\"@type\":\"ImageObject\",\"inLanguage\":\"az\",\"@id\":\"https:\\\/\\\/ictimai.az\\\/#\\\/schema\\\/logo\\\/image\\\/\",\"url\":\"https:\\\/\\\/ictimai.az\\\/core\\\/uploads\\\/2026\\\/06\\\/cropped-ictimai_0380d81099c6fe3baae753faceb5481f_p41rg2mzq0uyvextfh3k-768x768-1-3.png\",\"contentUrl\":\"https:\\\/\\\/ictimai.az\\\/core\\\/uploads\\\/2026\\\/06\\\/cropped-ictimai_0380d81099c6fe3baae753faceb5481f_p41rg2mzq0uyvextfh3k-768x768-1-3.png\",\"width\":768,\"height\":768,\"caption\":\"\u0130CT\u0130MA\u0130.AZ\"},\"image\":{\"@id\":\"https:\\\/\\\/ictimai.az\\\/#\\\/schema\\\/logo\\\/image\\\/\"}},{\"@type\":\"Person\",\"@id\":\"https:\\\/\\\/ictimai.az\\\/#\\\/schema\\\/person\\\/1da94bf2c7ab5d83ad349237bec1e6af\",\"name\":\"R\u0259\u015fad Bayramov\",\"image\":{\"@type\":\"ImageObject\",\"inLanguage\":\"az\",\"@id\":\"https:\\\/\\\/secure.gravatar.com\\\/avatar\\\/83c075605ba0a4d35d59726aaad89cfa8008d1f01603342c56f1dd79784491bc?s=96&d=mm&r=g\",\"url\":\"https:\\\/\\\/secure.gravatar.com\\\/avatar\\\/83c075605ba0a4d35d59726aaad89cfa8008d1f01603342c56f1dd79784491bc?s=96&d=mm&r=g\",\"contentUrl\":\"https:\\\/\\\/secure.gravatar.com\\\/avatar\\\/83c075605ba0a4d35d59726aaad89cfa8008d1f01603342c56f1dd79784491bc?s=96&d=mm&r=g\",\"caption\":\"R\u0259\u015fad Bayramov\"},\"sameAs\":[\"https:\\\/\\\/ictimai.az\\\/\"],\"url\":\"https:\\\/\\\/ictimai.az\\\/?author=2\"}]}<\/script>\n<!-- \/ Yoast SEO plugin. -->","yoast_head_json":{"title":"Lavrov G20-d\u0259 Blinkenl\u0259 START v\u0259 Ukraynadak\u0131 v\u0259ziyy\u0259ti m\u00fczakir\u0259 etdiyini bildirib - \u0130CT\u0130MA\u0130.AZ","robots":{"index":"index","follow":"follow","max-snippet":"max-snippet:-1","max-image-preview":"max-image-preview:large","max-video-preview":"max-video-preview:-1"},"canonical":"https:\/\/ictimai.az\/?p=21737","og_locale":"az_AZ","og_type":"article","og_title":"Lavrov G20-d\u0259 Blinkenl\u0259 START v\u0259 Ukraynadak\u0131 v\u0259ziyy\u0259ti m\u00fczakir\u0259 etdiyini bildirib - \u0130CT\u0130MA\u0130.AZ","og_description":"Rusiya Xarici \u0130\u015fl\u0259r Nazirliyinin r\u0259hb\u0259ri Sergey Lavrov bildirib ki, G20-d\u0259 ke\u00e7iril\u0259n g\u00f6r\u00fc\u015fd\u0259 AB\u015e d\u00f6vl\u0259t katibi Entoni Blinkenl\u0259 Yeni START \u00e7\u0259r\u00e7iv\u0259sind\u0259 strateji sabitlik v\u0259 Ukraynadak\u0131 v\u0259ziyy\u0259ti m\u00fczakir\u0259 edib . O, bu bar\u0259d\u0259 Birinci Kanal\u0131n efirind\u0259 bildirib. \u201cBiz yaln\u0131z strateji sabitliyi v\u0259 Ukrayna m\u00f6vzusunu m\u00fczakir\u0259 etdik, m\u0259n bu q\u0131sa 10 d\u0259qiq\u0259lik s\u00f6hb\u0259tin nec\u0259 inki\u015faf etdiyini t\u0259f\u0259rr\u00fcatlar\u0131na \u00e7atd\u0131rmaq [&hellip;]","og_url":"https:\/\/ictimai.az\/?p=21737","og_site_name":"\u0130CT\u0130MA\u0130.AZ","article_published_time":"2023-03-10T12:34:17+00:00","article_modified_time":"2023-03-11T05:35:43+00:00","og_image":[{"width":1200,"height":800,"url":"https:\/\/ictimai.az\/core\/uploads\/2023\/03\/ictimai_f36788bb218f68143187d8145eafa6ef_hrl7o9mn02b4csxtakfi.jpg","type":"image\/jpeg"}],"author":"R\u0259\u015fad Bayramov","twitter_card":"summary_large_image","twitter_misc":{"Written by":"R\u0259\u015fad Bayramov","Est. reading time":"1 minute"},"schema":{"@context":"https:\/\/schema.org","@graph":[{"@type":"Article","@id":"https:\/\/ictimai.az\/?p=21737#article","isPartOf":{"@id":"https:\/\/ictimai.az\/?p=21737"},"author":{"name":"R\u0259\u015fad Bayramov","@id":"https:\/\/ictimai.az\/#\/schema\/person\/1da94bf2c7ab5d83ad349237bec1e6af"},"headline":"Lavrov G20-d\u0259 Blinkenl\u0259 START v\u0259 Ukraynadak\u0131 v\u0259ziyy\u0259ti m\u00fczakir\u0259 etdiyini bildirib","datePublished":"2023-03-10T12:34:17+00:00","dateModified":"2023-03-11T05:35:43+00:00","mainEntityOfPage":{"@id":"https:\/\/ictimai.az\/?p=21737"},"wordCount":158,"publisher":{"@id":"https:\/\/ictimai.az\/#organization"},"image":{"@id":"https:\/\/ictimai.az\/?p=21737#primaryimage"},"thumbnailUrl":"https:\/\/ictimai.az\/core\/uploads\/2023\/03\/ictimai_f36788bb218f68143187d8145eafa6ef_hrl7o9mn02b4csxtakfi.jpg","articleSection":["MED\u0130A","Siyas\u0259t"],"inLanguage":"az"},{"@type":"WebPage","@id":"https:\/\/ictimai.az\/?p=21737","url":"https:\/\/ictimai.az\/?p=21737","name":"Lavrov G20-d\u0259 Blinkenl\u0259 START v\u0259 Ukraynadak\u0131 v\u0259ziyy\u0259ti m\u00fczakir\u0259 etdiyini bildirib - \u0130CT\u0130MA\u0130.AZ","isPartOf":{"@id":"https:\/\/ictimai.az\/#website"},"primaryImageOfPage":{"@id":"https:\/\/ictimai.az\/?p=21737#primaryimage"},"image":{"@id":"https:\/\/ictimai.az\/?p=21737#primaryimage"},"thumbnailUrl":"https:\/\/ictimai.az\/core\/uploads\/2023\/03\/ictimai_f36788bb218f68143187d8145eafa6ef_hrl7o9mn02b4csxtakfi.jpg","datePublished":"2023-03-10T12:34:17+00:00","dateModified":"2023-03-11T05:35:43+00:00","breadcrumb":{"@id":"https:\/\/ictimai.az\/?p=21737#breadcrumb"},"inLanguage":"az","potentialAction":[{"@type":"ReadAction","target":["https:\/\/ictimai.az\/?p=21737"]}]},{"@type":"ImageObject","inLanguage":"az","@id":"https:\/\/ictimai.az\/?p=21737#primaryimage","url":"https:\/\/ictimai.az\/core\/uploads\/2023\/03\/ictimai_f36788bb218f68143187d8145eafa6ef_hrl7o9mn02b4csxtakfi.jpg","contentUrl":"https:\/\/ictimai.az\/core\/uploads\/2023\/03\/ictimai_f36788bb218f68143187d8145eafa6ef_hrl7o9mn02b4csxtakfi.jpg","width":1200,"height":800},{"@type":"BreadcrumbList","@id":"https:\/\/ictimai.az\/?p=21737#breadcrumb","itemListElement":[{"@type":"ListItem","position":1,"name":"Home","item":"https:\/\/ictimai.az\/"},{"@type":"ListItem","position":2,"name":"Lavrov G20-d\u0259 Blinkenl\u0259 START v\u0259 Ukraynadak\u0131 v\u0259ziyy\u0259ti m\u00fczakir\u0259 etdiyini bildirib"}]},{"@type":"WebSite","@id":"https:\/\/ictimai.az\/#website","url":"https:\/\/ictimai.az\/","name":"\u0130CT\u0130MA\u0130.AZ","description":"","publisher":{"@id":"https:\/\/ictimai.az\/#organization"},"potentialAction":[{"@type":"SearchAction","target":{"@type":"EntryPoint","urlTemplate":"https:\/\/ictimai.az\/?s={search_term_string}"},"query-input":{"@type":"PropertyValueSpecification","valueRequired":true,"valueName":"search_term_string"}}],"inLanguage":"az"},{"@type":"Organization","@id":"https:\/\/ictimai.az\/#organization","name":"\u0130CT\u0130MA\u0130.AZ","url":"https:\/\/ictimai.az\/","logo":{"@type":"ImageObject","inLanguage":"az","@id":"https:\/\/ictimai.az\/#\/schema\/logo\/image\/","url":"https:\/\/ictimai.az\/core\/uploads\/2026\/06\/cropped-ictimai_0380d81099c6fe3baae753faceb5481f_p41rg2mzq0uyvextfh3k-768x768-1-3.png","contentUrl":"https:\/\/ictimai.az\/core\/uploads\/2026\/06\/cropped-ictimai_0380d81099c6fe3baae753faceb5481f_p41rg2mzq0uyvextfh3k-768x768-1-3.png","width":768,"height":768,"caption":"\u0130CT\u0130MA\u0130.AZ"},"image":{"@id":"https:\/\/ictimai.az\/#\/schema\/logo\/image\/"}},{"@type":"Person","@id":"https:\/\/ictimai.az\/#\/schema\/person\/1da94bf2c7ab5d83ad349237bec1e6af","name":"R\u0259\u015fad Bayramov","image":{"@type":"ImageObject","inLanguage":"az","@id":"https:\/\/secure.gravatar.com\/avatar\/83c075605ba0a4d35d59726aaad89cfa8008d1f01603342c56f1dd79784491bc?s=96&d=mm&r=g","url":"https:\/\/secure.gravatar.com\/avatar\/83c075605ba0a4d35d59726aaad89cfa8008d1f01603342c56f1dd79784491bc?s=96&d=mm&r=g","contentUrl":"https:\/\/secure.gravatar.com\/avatar\/83c075605ba0a4d35d59726aaad89cfa8008d1f01603342c56f1dd79784491bc?s=96&d=mm&r=g","caption":"R\u0259\u015fad Bayramov"},"sameAs":["https:\/\/ictimai.az\/"],"url":"https:\/\/ictimai.az\/?author=2"}]}},"_links":{"self":[{"href":"https:\/\/ictimai.az\/index.php?rest_route=\/wp\/v2\/posts\/21737","targetHints":{"allow":["GET"]}}],"collection":[{"href":"https:\/\/ictimai.az\/index.php?rest_route=\/wp\/v2\/posts"}],"about":[{"href":"https:\/\/ictimai.az\/index.php?rest_route=\/wp\/v2\/types\/post"}],"author":[{"embeddable":true,"href":"https:\/\/ictimai.az\/index.php?rest_route=\/wp\/v2\/users\/2"}],"replies":[{"embeddable":true,"href":"https:\/\/ictimai.az\/index.php?rest_route=%2Fwp%2Fv2%2Fcomments&post=21737"}],"version-history":[{"count":0,"href":"https:\/\/ictimai.az\/index.php?rest_route=\/wp\/v2\/posts\/21737\/revisions"}],"wp:featuredmedia":[{"embeddable":true,"href":"https:\/\/ictimai.az\/index.php?rest_route=\/wp\/v2\/media\/21738"}],"wp:attachment":[{"href":"https:\/\/ictimai.az\/index.php?rest_route=%2Fwp%2Fv2%2Fmedia&parent=21737"}],"wp:term":[{"taxonomy":"category","embeddable":true,"href":"https:\/\/ictimai.az\/index.php?rest_route=%2Fwp%2Fv2%2Fcategories&post=21737"},{"taxonomy":"post_tag","embeddable":true,"href":"https:\/\/ictimai.az\/index.php?rest_route=%2Fwp%2Fv2%2Ftags&post=21737"}],"curies":[{"name":"wp","href":"https:\/\/api.w.org\/{rel}","templated":true}]}}