{"id":22954,"date":"2023-04-12T08:34:47","date_gmt":"2023-04-12T04:34:47","guid":{"rendered":"https:\/\/ictimai.az\/?p=22954"},"modified":"2023-04-12T09:01:34","modified_gmt":"2023-04-12T05:01:34","slug":"ugur-simvoluna-cevrilen-lider-serh","status":"publish","type":"post","link":"https:\/\/ictimai.az\/?p=22954","title":{"rendered":"U\u011fur simvoluna \u00e7evril\u0259n L\u0130DER \u015e\u018fRH"},"content":{"rendered":"<p>\u00dcmummilli Lider Heyd\u0259r \u018fliyevin siyasi z\u0259kas\u0131n\u0131n m\u0259hsulu olan q\u00fcdr\u0259tli Az\u0259rbaycan bu g\u00fcn m\u00fcasir, demokratik, h\u00fcquqi v\u0259 d\u00fcny\u0259vi d\u00f6vl\u0259t olaraq beyn\u0259lxalq al\u0259md\u0259 n\u00fcfuza sahibdir. D\u00fc\u015f\u00fcn\u00fclm\u00fc\u015f v\u0259 m\u0259qs\u0259dy\u00f6nl\u00fc siyas\u0259ti il\u0259 Az\u0259rbaycan\u0131 d\u00fcnya birliyinin f\u0259al \u00fczv\u00fcn\u0259 \u00e7evir\u0259n, bug\u00fcnk\u00fc u\u011furlar\u0131m\u0131z \u00fc\u00e7\u00fcn m\u00f6hk\u0259m baza yaradan Ulu \u00d6nd\u0259r Heyd\u0259r \u018fliyevin Az\u0259rbaycan xalq\u0131n\u0131n tarixind\u0259 b\u00f6y\u00fck rolu vard\u0131r. Onun h\u0259r add\u0131m\u0131 \u00f6lk\u0259mizin inki\u015faf tarixin\u0259 biri-birind\u0259n \u0259h\u0259miyy\u0259tli u\u011fur s\u0259hif\u0259l\u0259rini yaz\u0131b. Ulu \u00d6nd\u0259r Heyd\u0259r \u018fliyevin siyasi kursunu davam etdir\u0259n Az\u0259rbaycan Prezidenti \u0130lham \u018fliyevin r\u0259hb\u0259rliyi il\u0259 \u00f6lk\u0259miz siyasi v\u0259 iqtisadi m\u00fcst\u0259qilliyini m\u00f6hk\u0259ml\u0259ndirib, d\u00f6vl\u0259t\u00e7iliyini inki\u015faf etdirib, demokratik d\u0259y\u0259rl\u0259r\u0259 yiy\u0259l\u0259nib. 2003-c\u00fc ild\u0259n etibar\u0259n, Az\u0259rbaycan Respublikas\u0131n\u0131n Prezidenti C\u0259nab \u0130lham \u018fliyevin u\u011furlu daxili v\u0259 xarici siyas\u0259ti, m\u0259qs\u0259dy\u00f6nl\u00fc islahatlar proqram\u0131 \u00f6lk\u0259mizin b\u00fct\u00fcn sah\u0259l\u0259rind\u0259 s\u00fcr\u0259tli inki\u015faf m\u0259rh\u0259l\u0259sin\u0259 q\u0259d\u0259m qoymas\u0131na s\u0259b\u0259b olub. M\u00fcasir yana\u015fmalar v\u0259 milli iqtisadi prioritetl\u0259r \u0259sas\u0131nda m\u00fck\u0259mm\u0259l islahatlar konsepsiyas\u0131n\u0131n realla\u015fd\u0131r\u0131lmas\u0131 n\u0259tic\u0259sind\u0259 Az\u0259rbaycan son ill\u0259rd\u0259 y\u00fcks\u0259k inki\u015faf templ\u0259rin\u0259 g\u00f6r\u0259 d\u00fcnyan\u0131n lider d\u00f6vl\u0259tl\u0259ri s\u0131ras\u0131ndad\u0131r. \u00d6lk\u0259mizin siyasi, iqtisadi, sosial m\u0259nz\u0259r\u0259si g\u00f6st\u0259rir ki, Az\u0259rbaycan Prezidenti \u0130lham \u018fliyev Ulu \u00d6nd\u0259rin siyasi kursunun varisliyini t\u0259min ed\u0259 bil\u0259c\u0259k alternativsiz siyasi lider oldu\u011funu t\u0259sdiql\u0259yib.<\/p>\n<p>2003-c\u00fc il oktyabr\u0131n 15-d\u0259 Az\u0259rbaycan Prezidenti \u0130lham \u018fliyevin \u00f6lk\u0259miz\u0259 d\u00f6vl\u0259t ba\u015f\u00e7\u0131s\u0131 se\u00e7ilm\u0259sind\u0259n \u00f6t\u0259n d\u00f6vr \u0259rizind\u0259 \u00f6lk\u0259mizin qazand\u0131\u011f\u0131 u\u011furlar h\u0259r bir v\u0259t\u0259nda\u015f\u0131n diqq\u0259tind\u0259dir. 2008-ci il oktyabr\u0131n 15-d\u0259, 2013-c\u00fc il oktyabr\u0131n 9-da v\u0259 2018-ci il aprelin 11-d\u0259 ke\u00e7iril\u0259n prezident se\u00e7kil\u0259rind\u0259 xalq\u0131m\u0131z Ulu \u00d6nd\u0259r Heyd\u0259r \u018fliyev siyas\u0259tinin layiqli davam\u00e7\u0131s\u0131na, \u0259min-amanl\u0131\u011fa, t\u0259r\u0259qqiy\u0259 v\u0259 quruculu\u011fa s\u0259s verdi. Qeyd ed\u0259k ki, prezidentin n\u00f6vb\u0259d\u0259nk\u0259nar se\u00e7ki elan etm\u0259sinin \u0259sas s\u0259b\u0259bl\u0259ri var idi. Prezidentin Konstitusiyan\u0131n ona verdiyi s\u0259lahiyy\u0259t\u0259 uy\u011fun olaraq, \u00f6lk\u0259d\u0259 n\u00f6vb\u0259d\u0259nk\u0259nar se\u00e7kil\u0259rin ke\u00e7irilm\u0259si haqq\u0131nda q\u0259rar q\u0259bul etm\u0259sinin bir s\u0131ra m\u0259lum s\u0259b\u0259bl\u0259ri var idi. Se\u00e7kil\u0259rin oktyabrda v\u0259 ya apreld\u0259 ke\u00e7irilm\u0259sind\u0259n as\u0131l\u0131 olmayaraq, xalq\u0131m\u0131z \u00f6z layiqli namiz\u0259din\u0259 s\u0259s vermi\u015f oldu. Bu xalq-iqtidar birliyinin t\u0259c\u0259ss\u00fcm\u00fc idi, xalq\u0131n irad\u0259sinin t\u0259nt\u0259n\u0259si idi. 2018-ci il aprelin 18-d\u0259 Milli M\u0259clisd\u0259 ke\u00e7iril\u0259n andi\u00e7m\u0259 m\u0259rasimind\u0259 C\u0259nab \u0130lham \u018fliyev &#8220;Az\u0259rbaycan Respublikas\u0131 Prezidentinin s\u0259lahiyy\u0259tl\u0259rini h\u0259yata ke\u00e7ir\u0259rk\u0259n Az\u0259rbaycan Respublikas\u0131n\u0131n Konstitusiyas\u0131na \u0259m\u0259l ed\u0259c\u0259yim\u0259, d\u00f6vl\u0259tin m\u00fcst\u0259qilliyini v\u0259 \u0259razi b\u00fct\u00f6vl\u00fcy\u00fcn\u00fc qoruyaca\u011f\u0131ma, xalqa l\u0259yaq\u0259tl\u0259 xidm\u0259t ed\u0259c\u0259yim\u0259 and i\u00e7ir\u0259m!&#8221;- dey\u0259 bildirmi\u015fdir.<\/p>\n<p>Se\u00e7kil\u0259rd\u0259 g\u00f6st\u0259ril\u0259n y\u00fcks\u0259k etimada g\u00f6r\u0259 Az\u0259rbaycan xalq\u0131na d\u0259rin t\u0259\u015f\u0259kk\u00fcr\u00fcn\u00fc bildir\u0259n Prezident bundan sonra da xalqa v\u0259 V\u0259t\u0259n\u0259 l\u0259yaq\u0259tl\u0259 xidm\u0259t ed\u0259c\u0259yini bildirmi\u015fdi. \u00d6t\u0259n ill\u0259r \u0259rzind\u0259 Az\u0259rbaycan xalq\u0131n\u0131n t\u0259hl\u00fck\u0259sizlik v\u0259 sabitlik \u015f\u0259raitind\u0259 ya\u015famas\u0131, u\u011furlu inki\u015faf\u0131 h\u0259r bir Az\u0259rbaycan v\u0259tanda\u015f\u0131nda m\u0259mnunluq yarad\u0131r. Xalq vahid milli ideya \u0259traf\u0131nda birl\u0259\u015f\u0259r\u0259k b\u00f6y\u00fck u\u011furlara do\u011fru ir\u0259lil\u0259yir.\u018fhalinin m\u0259\u015f\u011fulluq imkanlar\u0131n\u0131n art\u0131r\u0131lmas\u0131, b\u00f6lg\u0259l\u0259rd\u0259 sosial infrastrukturun yax\u015f\u0131la\u015fd\u0131r\u0131lmas\u0131, sosial c\u0259h\u0259td\u0259n h\u0259ssas \u0259hali t\u0259b\u0259q\u0259l\u0259rin\u0259 d\u00f6vl\u0259t qay\u011f\u0131s\u0131n\u0131n art\u0131r\u0131lmas\u0131 y\u00f6n\u00fcnd\u0259 h\u0259yata ke\u00e7iril\u0259n t\u0259dbirl\u0259r insanlarda m\u0259mnunluq yarad\u0131r.<\/p>\n<p>Bu g\u00fcn, m\u0259hz u\u011furlu iqtisadi inki\u015faf strategiyas\u0131n\u0131n n\u0259tic\u0259sidir ki, Az\u0259rbaycan modeli d\u00fcnyada tan\u0131n\u0131r v\u0259 q\u0259bul edilir. B\u00fct\u00fcn bu v\u0259 ya dig\u0259r amill\u0259r m\u00fcst\u0259qillik d\u00f6vr\u00fcnd\u0259 Az\u0259rbaycan\u0131n \u0259ld\u0259 etdiyi nailiyy\u0259tl\u0259r &#8211; tarixi ger\u00e7\u0259klikl\u0259ridir. M\u00fcasir Az\u0259rbaycanda n\u0259h\u0259ng enerji layih\u0259l\u0259ri, \u00f6lk\u0259nin h\u0259r yerind\u0259 abadla\u015fma, m\u00fcasirl\u0259\u015fm\u0259, \u00f6lk\u0259nin d\u00fcnyada tan\u0131nmas\u0131 v\u0259 milli maraqlara xidm\u0259t ed\u0259n \u00e7oxsayl\u0131 t\u0259dbirl\u0259r ger\u00e7\u0259kl\u0259\u015fib. \u00d6lk\u0259mizin BMT T\u0259hl\u00fck\u0259sizlik \u015euras\u0131n\u0131n qeyri-daimi \u00fczvl\u00fcy\u00fcn\u0259 q\u0259bul olunmas\u0131 onun d\u00fcnya miqyas\u0131nda artan n\u00fcfuzundan v\u0259 u\u011furlu xarici siyas\u0259tind\u0259n x\u0259b\u0259r vermi\u015f oldu. D\u00fcnyan\u0131n 155 \u00f6lk\u0259si Az\u0259rbaycana s\u0259s verdi. \u018flb\u0259tt\u0259, xalq\u0131m\u0131z g\u00f6r\u00fcl\u0259n i\u015fl\u0259ri, \u0259ld\u0259 olunan nailiyy\u0259tl\u0259ri h\u0259r zaman d\u0259y\u0259rl\u0259ndirir v\u0259 \u0259n y\u00fcks\u0259k s\u0259viyy\u0259d\u0259 qiym\u0259tl\u0259ndirir.<\/p>\n<p>Qazan\u0131lan b\u00fct\u00fcn bu u\u011furlar yaln\u0131z m\u00fcst\u0259qillik \u015f\u0259raitind\u0259, d\u00f6vl\u0259timizin ba\u015f\u00e7\u0131s\u0131n\u0131n y\u00fcr\u00fctd\u00fcy\u00fc d\u00fczg\u00fcn m\u00fcst\u0259qil siyas\u0259t v\u0259 q\u0259ti irad\u0259si say\u0259sind\u0259 m\u00fcmk\u00fcn olmu\u015fdu. \u00d6lk\u0259 r\u0259hb\u0259ri \u00e7\u0131x\u0131\u015flar\u0131n\u0131 birind\u0259 vur\u011fulad\u0131\u011f\u0131 kimi, &#8220;Az\u0259rbaycan xalq\u0131 bir daha g\u00f6r\u00fcr ki, m\u00fcst\u0259qilliyimizin \u00fcst\u00fcnl\u00fckl\u0259ri n\u0259d\u0259n ibar\u0259tdir. Bizim taleyimiz \u00f6z \u0259limizd\u0259dir, biz \u00f6z taleyimizin sahibiyik. Biz ancaq m\u00fcst\u0259qillik d\u00f6vr\u00fcnd\u0259 bel\u0259 b\u00f6y\u00fck u\u011furlara nail ola bil\u0259rdik. Bu g\u00fcn m\u00fcst\u0259qillik bizim \u00fc\u00e7\u00fcn \u0259n b\u00f6y\u00fck s\u0259rv\u0259tdir, \u0259n b\u00f6y\u00fck nem\u0259tdir, \u0259n b\u00f6y\u00fck xo\u015fb\u0259xtlikdir. Biz bundan sonra da m\u00fcst\u0259qillik v\u0259 q\u0259l\u0259b\u0259l\u0259r yolu il\u0259 ged\u0259c\u0259yik&#8221;. Bu g\u00fcn Az\u0259rbaycan regionun, Avropan\u0131n v\u0259 \u00fcmumilikd\u0259, d\u00fcnya \u00f6lk\u0259l\u0259rinin enerji t\u0259hl\u00fck\u0259sizliyinin t\u0259min edilm\u0259sind\u0259 x\u00fcsusi \u0259h\u0259miyy\u0259t k\u0259sb ed\u0259n bir \u00f6lk\u0259y\u0259 \u00e7evrilmi\u015fdir. Beyn\u0259lxalq t\u0259\u015fkilatlar regiondak\u0131 b\u00fct\u00fcn layih\u0259l\u0259rd\u0259 Bak\u0131n\u0131n m\u00f6vqeyini n\u0259z\u0259r\u0259 al\u0131rlar. Az\u0259rbaycan qalib d\u00f6vl\u0259tdir. Xalq-iqtidar birliyi bizi z\u0259f\u0259r\u0259, q\u0259l\u0259b\u0259y\u0259 apard\u0131. Prezident \u0130lham \u018fliyevin h\u0259yata ke\u00e7irdiyi g\u00fccl\u00fc d\u00f6vl\u0259t, g\u00fccl\u00fc ordu strategiyas\u0131 torpaqlar\u0131m\u0131z\u0131n i\u015f\u011faldan azad olmas\u0131 il\u0259 n\u0259tic\u0259l\u0259ndi. Prezident \u0130lham \u018fliyevin r\u0259hb\u0259rliyi il\u0259 i\u015f\u011faldan azad olunmu\u015f \u0259razil\u0259rimizd\u0259 s\u00fcr\u0259tli yenid\u0259nqurma v\u0259 b\u0259rpa i\u015fl\u0259ri h\u0259yata ke\u00e7irilm\u0259kd\u0259dir. 30 il \u0259rzind\u0259 xarabazara \u00e7evrilmi\u015f torpaqlar\u0131m\u0131zda canlanma m\u00fc\u015fahid\u0259 olunmaqdad\u0131r.<\/p>\n<p><strong>\u018fv\u0259z Qocayev,<\/strong><\/p>\n<p><strong>YAP N\u0259simi rayon \u0259razi partiya t\u0259\u015fkilat\u0131n\u0131n s\u0259dri, AAYDA \u0130dar\u0259 Hey\u0259tinin s\u0259dr m\u00fcavini<\/strong><\/p>\n","protected":false},"excerpt":{"rendered":"<p>\u00dcmummilli Lider Heyd\u0259r \u018fliyevin siyasi z\u0259kas\u0131n\u0131n m\u0259hsulu olan q\u00fcdr\u0259tli Az\u0259rbaycan bu g\u00fcn m\u00fcasir, demokratik, h\u00fcquqi v\u0259 d\u00fcny\u0259vi d\u00f6vl\u0259t olaraq beyn\u0259lxalq al\u0259md\u0259 n\u00fcfuza sahibdir. D\u00fc\u015f\u00fcn\u00fclm\u00fc\u015f v\u0259 m\u0259qs\u0259dy\u00f6nl\u00fc siyas\u0259ti il\u0259 Az\u0259rbaycan\u0131 d\u00fcnya birliyinin f\u0259al \u00fczv\u00fcn\u0259 \u00e7evir\u0259n, bug\u00fcnk\u00fc u\u011furlar\u0131m\u0131z \u00fc\u00e7\u00fcn m\u00f6hk\u0259m baza yaradan Ulu \u00d6nd\u0259r Heyd\u0259r \u018fliyevin Az\u0259rbaycan xalq\u0131n\u0131n tarixind\u0259 b\u00f6y\u00fck rolu vard\u0131r. Onun h\u0259r add\u0131m\u0131 \u00f6lk\u0259mizin inki\u015faf [&hellip;]<\/p>\n","protected":false},"author":2,"featured_media":21732,"comment_status":"closed","ping_status":"closed","sticky":false,"template":"","format":"standard","meta":{"footnotes":""},"categories":[2],"tags":[],"class_list":["post-22954","post","type-post","status-publish","format-standard","has-post-thumbnail","hentry","category-trend"],"yoast_head":"<!-- This site is optimized with the Yoast SEO plugin v28.2 - https:\/\/yoast.com\/product\/yoast-seo-wordpress\/ -->\n<title>U\u011fur simvoluna \u00e7evril\u0259n L\u0130DER \u015e\u018fRH - \u0130CT\u0130MA\u0130.AZ<\/title>\n<meta name=\"robots\" content=\"index, follow, max-snippet:-1, max-image-preview:large, max-video-preview:-1\" \/>\n<link rel=\"canonical\" href=\"https:\/\/ictimai.az\/?p=22954\" \/>\n<meta property=\"og:locale\" content=\"az_AZ\" \/>\n<meta property=\"og:type\" content=\"article\" \/>\n<meta property=\"og:title\" content=\"U\u011fur simvoluna \u00e7evril\u0259n L\u0130DER \u015e\u018fRH - \u0130CT\u0130MA\u0130.AZ\" \/>\n<meta property=\"og:description\" content=\"\u00dcmummilli Lider Heyd\u0259r \u018fliyevin siyasi z\u0259kas\u0131n\u0131n m\u0259hsulu olan q\u00fcdr\u0259tli Az\u0259rbaycan bu g\u00fcn m\u00fcasir, demokratik, h\u00fcquqi v\u0259 d\u00fcny\u0259vi d\u00f6vl\u0259t olaraq beyn\u0259lxalq al\u0259md\u0259 n\u00fcfuza sahibdir. D\u00fc\u015f\u00fcn\u00fclm\u00fc\u015f v\u0259 m\u0259qs\u0259dy\u00f6nl\u00fc siyas\u0259ti il\u0259 Az\u0259rbaycan\u0131 d\u00fcnya birliyinin f\u0259al \u00fczv\u00fcn\u0259 \u00e7evir\u0259n, bug\u00fcnk\u00fc u\u011furlar\u0131m\u0131z \u00fc\u00e7\u00fcn m\u00f6hk\u0259m baza yaradan Ulu \u00d6nd\u0259r Heyd\u0259r \u018fliyevin Az\u0259rbaycan xalq\u0131n\u0131n tarixind\u0259 b\u00f6y\u00fck rolu vard\u0131r. Onun h\u0259r add\u0131m\u0131 \u00f6lk\u0259mizin inki\u015faf [&hellip;]\" \/>\n<meta property=\"og:url\" content=\"https:\/\/ictimai.az\/?p=22954\" \/>\n<meta property=\"og:site_name\" content=\"\u0130CT\u0130MA\u0130.AZ\" \/>\n<meta property=\"article:published_time\" content=\"2023-04-12T04:34:47+00:00\" \/>\n<meta property=\"article:modified_time\" content=\"2023-04-12T05:01:34+00:00\" \/>\n<meta property=\"og:image\" content=\"https:\/\/ictimai.az\/core\/uploads\/2023\/03\/ictimai_99940ef79273b1bb0ef9420b9f6e14c0_i3azh0n9u5816qm4jwof.jpg\" \/>\n\t<meta property=\"og:image:width\" content=\"1600\" \/>\n\t<meta property=\"og:image:height\" content=\"1066\" \/>\n\t<meta property=\"og:image:type\" content=\"image\/jpeg\" \/>\n<meta name=\"author\" content=\"R\u0259\u015fad Bayramov\" \/>\n<meta name=\"twitter:card\" content=\"summary_large_image\" \/>\n<meta name=\"twitter:label1\" content=\"Written by\" \/>\n\t<meta name=\"twitter:data1\" content=\"R\u0259\u015fad Bayramov\" \/>\n\t<meta name=\"twitter:label2\" content=\"Est. reading time\" \/>\n\t<meta name=\"twitter:data2\" content=\"6 minutes\" \/>\n<script type=\"application\/ld+json\" class=\"yoast-schema-graph\">{\"@context\":\"https:\\\/\\\/schema.org\",\"@graph\":[{\"@type\":\"Article\",\"@id\":\"https:\\\/\\\/ictimai.az\\\/?p=22954#article\",\"isPartOf\":{\"@id\":\"https:\\\/\\\/ictimai.az\\\/?p=22954\"},\"author\":{\"name\":\"R\u0259\u015fad Bayramov\",\"@id\":\"https:\\\/\\\/ictimai.az\\\/#\\\/schema\\\/person\\\/1da94bf2c7ab5d83ad349237bec1e6af\"},\"headline\":\"U\u011fur simvoluna \u00e7evril\u0259n L\u0130DER \u015e\u018fRH\",\"datePublished\":\"2023-04-12T04:34:47+00:00\",\"dateModified\":\"2023-04-12T05:01:34+00:00\",\"mainEntityOfPage\":{\"@id\":\"https:\\\/\\\/ictimai.az\\\/?p=22954\"},\"wordCount\":1245,\"publisher\":{\"@id\":\"https:\\\/\\\/ictimai.az\\\/#organization\"},\"image\":{\"@id\":\"https:\\\/\\\/ictimai.az\\\/?p=22954#primaryimage\"},\"thumbnailUrl\":\"https:\\\/\\\/ictimai.az\\\/core\\\/uploads\\\/2023\\\/03\\\/ictimai_99940ef79273b1bb0ef9420b9f6e14c0_i3azh0n9u5816qm4jwof.jpg\",\"articleSection\":[\"G\u00fcnd\u0259m\"],\"inLanguage\":\"az\"},{\"@type\":\"WebPage\",\"@id\":\"https:\\\/\\\/ictimai.az\\\/?p=22954\",\"url\":\"https:\\\/\\\/ictimai.az\\\/?p=22954\",\"name\":\"U\u011fur simvoluna \u00e7evril\u0259n L\u0130DER \u015e\u018fRH - \u0130CT\u0130MA\u0130.AZ\",\"isPartOf\":{\"@id\":\"https:\\\/\\\/ictimai.az\\\/#website\"},\"primaryImageOfPage\":{\"@id\":\"https:\\\/\\\/ictimai.az\\\/?p=22954#primaryimage\"},\"image\":{\"@id\":\"https:\\\/\\\/ictimai.az\\\/?p=22954#primaryimage\"},\"thumbnailUrl\":\"https:\\\/\\\/ictimai.az\\\/core\\\/uploads\\\/2023\\\/03\\\/ictimai_99940ef79273b1bb0ef9420b9f6e14c0_i3azh0n9u5816qm4jwof.jpg\",\"datePublished\":\"2023-04-12T04:34:47+00:00\",\"dateModified\":\"2023-04-12T05:01:34+00:00\",\"breadcrumb\":{\"@id\":\"https:\\\/\\\/ictimai.az\\\/?p=22954#breadcrumb\"},\"inLanguage\":\"az\",\"potentialAction\":[{\"@type\":\"ReadAction\",\"target\":[\"https:\\\/\\\/ictimai.az\\\/?p=22954\"]}]},{\"@type\":\"ImageObject\",\"inLanguage\":\"az\",\"@id\":\"https:\\\/\\\/ictimai.az\\\/?p=22954#primaryimage\",\"url\":\"https:\\\/\\\/ictimai.az\\\/core\\\/uploads\\\/2023\\\/03\\\/ictimai_99940ef79273b1bb0ef9420b9f6e14c0_i3azh0n9u5816qm4jwof.jpg\",\"contentUrl\":\"https:\\\/\\\/ictimai.az\\\/core\\\/uploads\\\/2023\\\/03\\\/ictimai_99940ef79273b1bb0ef9420b9f6e14c0_i3azh0n9u5816qm4jwof.jpg\",\"width\":1600,\"height\":1066},{\"@type\":\"BreadcrumbList\",\"@id\":\"https:\\\/\\\/ictimai.az\\\/?p=22954#breadcrumb\",\"itemListElement\":[{\"@type\":\"ListItem\",\"position\":1,\"name\":\"Home\",\"item\":\"https:\\\/\\\/ictimai.az\\\/\"},{\"@type\":\"ListItem\",\"position\":2,\"name\":\"U\u011fur simvoluna \u00e7evril\u0259n L\u0130DER \u015e\u018fRH\"}]},{\"@type\":\"WebSite\",\"@id\":\"https:\\\/\\\/ictimai.az\\\/#website\",\"url\":\"https:\\\/\\\/ictimai.az\\\/\",\"name\":\"\u0130CT\u0130MA\u0130.AZ\",\"description\":\"\",\"publisher\":{\"@id\":\"https:\\\/\\\/ictimai.az\\\/#organization\"},\"potentialAction\":[{\"@type\":\"SearchAction\",\"target\":{\"@type\":\"EntryPoint\",\"urlTemplate\":\"https:\\\/\\\/ictimai.az\\\/?s={search_term_string}\"},\"query-input\":{\"@type\":\"PropertyValueSpecification\",\"valueRequired\":true,\"valueName\":\"search_term_string\"}}],\"inLanguage\":\"az\"},{\"@type\":\"Organization\",\"@id\":\"https:\\\/\\\/ictimai.az\\\/#organization\",\"name\":\"\u0130CT\u0130MA\u0130.AZ\",\"url\":\"https:\\\/\\\/ictimai.az\\\/\",\"logo\":{\"@type\":\"ImageObject\",\"inLanguage\":\"az\",\"@id\":\"https:\\\/\\\/ictimai.az\\\/#\\\/schema\\\/logo\\\/image\\\/\",\"url\":\"https:\\\/\\\/ictimai.az\\\/core\\\/uploads\\\/2026\\\/06\\\/cropped-ictimai_0380d81099c6fe3baae753faceb5481f_p41rg2mzq0uyvextfh3k-768x768-1-3.png\",\"contentUrl\":\"https:\\\/\\\/ictimai.az\\\/core\\\/uploads\\\/2026\\\/06\\\/cropped-ictimai_0380d81099c6fe3baae753faceb5481f_p41rg2mzq0uyvextfh3k-768x768-1-3.png\",\"width\":768,\"height\":768,\"caption\":\"\u0130CT\u0130MA\u0130.AZ\"},\"image\":{\"@id\":\"https:\\\/\\\/ictimai.az\\\/#\\\/schema\\\/logo\\\/image\\\/\"}},{\"@type\":\"Person\",\"@id\":\"https:\\\/\\\/ictimai.az\\\/#\\\/schema\\\/person\\\/1da94bf2c7ab5d83ad349237bec1e6af\",\"name\":\"R\u0259\u015fad Bayramov\",\"image\":{\"@type\":\"ImageObject\",\"inLanguage\":\"az\",\"@id\":\"https:\\\/\\\/secure.gravatar.com\\\/avatar\\\/83c075605ba0a4d35d59726aaad89cfa8008d1f01603342c56f1dd79784491bc?s=96&d=mm&r=g\",\"url\":\"https:\\\/\\\/secure.gravatar.com\\\/avatar\\\/83c075605ba0a4d35d59726aaad89cfa8008d1f01603342c56f1dd79784491bc?s=96&d=mm&r=g\",\"contentUrl\":\"https:\\\/\\\/secure.gravatar.com\\\/avatar\\\/83c075605ba0a4d35d59726aaad89cfa8008d1f01603342c56f1dd79784491bc?s=96&d=mm&r=g\",\"caption\":\"R\u0259\u015fad Bayramov\"},\"sameAs\":[\"https:\\\/\\\/ictimai.az\\\/\"],\"url\":\"https:\\\/\\\/ictimai.az\\\/?author=2\"}]}<\/script>\n<!-- \/ Yoast SEO plugin. -->","yoast_head_json":{"title":"U\u011fur simvoluna \u00e7evril\u0259n L\u0130DER \u015e\u018fRH - \u0130CT\u0130MA\u0130.AZ","robots":{"index":"index","follow":"follow","max-snippet":"max-snippet:-1","max-image-preview":"max-image-preview:large","max-video-preview":"max-video-preview:-1"},"canonical":"https:\/\/ictimai.az\/?p=22954","og_locale":"az_AZ","og_type":"article","og_title":"U\u011fur simvoluna \u00e7evril\u0259n L\u0130DER \u015e\u018fRH - \u0130CT\u0130MA\u0130.AZ","og_description":"\u00dcmummilli Lider Heyd\u0259r \u018fliyevin siyasi z\u0259kas\u0131n\u0131n m\u0259hsulu olan q\u00fcdr\u0259tli Az\u0259rbaycan bu g\u00fcn m\u00fcasir, demokratik, h\u00fcquqi v\u0259 d\u00fcny\u0259vi d\u00f6vl\u0259t olaraq beyn\u0259lxalq al\u0259md\u0259 n\u00fcfuza sahibdir. D\u00fc\u015f\u00fcn\u00fclm\u00fc\u015f v\u0259 m\u0259qs\u0259dy\u00f6nl\u00fc siyas\u0259ti il\u0259 Az\u0259rbaycan\u0131 d\u00fcnya birliyinin f\u0259al \u00fczv\u00fcn\u0259 \u00e7evir\u0259n, bug\u00fcnk\u00fc u\u011furlar\u0131m\u0131z \u00fc\u00e7\u00fcn m\u00f6hk\u0259m baza yaradan Ulu \u00d6nd\u0259r Heyd\u0259r \u018fliyevin Az\u0259rbaycan xalq\u0131n\u0131n tarixind\u0259 b\u00f6y\u00fck rolu vard\u0131r. Onun h\u0259r add\u0131m\u0131 \u00f6lk\u0259mizin inki\u015faf [&hellip;]","og_url":"https:\/\/ictimai.az\/?p=22954","og_site_name":"\u0130CT\u0130MA\u0130.AZ","article_published_time":"2023-04-12T04:34:47+00:00","article_modified_time":"2023-04-12T05:01:34+00:00","og_image":[{"width":1600,"height":1066,"url":"https:\/\/ictimai.az\/core\/uploads\/2023\/03\/ictimai_99940ef79273b1bb0ef9420b9f6e14c0_i3azh0n9u5816qm4jwof.jpg","type":"image\/jpeg"}],"author":"R\u0259\u015fad Bayramov","twitter_card":"summary_large_image","twitter_misc":{"Written by":"R\u0259\u015fad Bayramov","Est. reading time":"6 minutes"},"schema":{"@context":"https:\/\/schema.org","@graph":[{"@type":"Article","@id":"https:\/\/ictimai.az\/?p=22954#article","isPartOf":{"@id":"https:\/\/ictimai.az\/?p=22954"},"author":{"name":"R\u0259\u015fad Bayramov","@id":"https:\/\/ictimai.az\/#\/schema\/person\/1da94bf2c7ab5d83ad349237bec1e6af"},"headline":"U\u011fur simvoluna \u00e7evril\u0259n L\u0130DER \u015e\u018fRH","datePublished":"2023-04-12T04:34:47+00:00","dateModified":"2023-04-12T05:01:34+00:00","mainEntityOfPage":{"@id":"https:\/\/ictimai.az\/?p=22954"},"wordCount":1245,"publisher":{"@id":"https:\/\/ictimai.az\/#organization"},"image":{"@id":"https:\/\/ictimai.az\/?p=22954#primaryimage"},"thumbnailUrl":"https:\/\/ictimai.az\/core\/uploads\/2023\/03\/ictimai_99940ef79273b1bb0ef9420b9f6e14c0_i3azh0n9u5816qm4jwof.jpg","articleSection":["G\u00fcnd\u0259m"],"inLanguage":"az"},{"@type":"WebPage","@id":"https:\/\/ictimai.az\/?p=22954","url":"https:\/\/ictimai.az\/?p=22954","name":"U\u011fur simvoluna \u00e7evril\u0259n L\u0130DER \u015e\u018fRH - \u0130CT\u0130MA\u0130.AZ","isPartOf":{"@id":"https:\/\/ictimai.az\/#website"},"primaryImageOfPage":{"@id":"https:\/\/ictimai.az\/?p=22954#primaryimage"},"image":{"@id":"https:\/\/ictimai.az\/?p=22954#primaryimage"},"thumbnailUrl":"https:\/\/ictimai.az\/core\/uploads\/2023\/03\/ictimai_99940ef79273b1bb0ef9420b9f6e14c0_i3azh0n9u5816qm4jwof.jpg","datePublished":"2023-04-12T04:34:47+00:00","dateModified":"2023-04-12T05:01:34+00:00","breadcrumb":{"@id":"https:\/\/ictimai.az\/?p=22954#breadcrumb"},"inLanguage":"az","potentialAction":[{"@type":"ReadAction","target":["https:\/\/ictimai.az\/?p=22954"]}]},{"@type":"ImageObject","inLanguage":"az","@id":"https:\/\/ictimai.az\/?p=22954#primaryimage","url":"https:\/\/ictimai.az\/core\/uploads\/2023\/03\/ictimai_99940ef79273b1bb0ef9420b9f6e14c0_i3azh0n9u5816qm4jwof.jpg","contentUrl":"https:\/\/ictimai.az\/core\/uploads\/2023\/03\/ictimai_99940ef79273b1bb0ef9420b9f6e14c0_i3azh0n9u5816qm4jwof.jpg","width":1600,"height":1066},{"@type":"BreadcrumbList","@id":"https:\/\/ictimai.az\/?p=22954#breadcrumb","itemListElement":[{"@type":"ListItem","position":1,"name":"Home","item":"https:\/\/ictimai.az\/"},{"@type":"ListItem","position":2,"name":"U\u011fur simvoluna \u00e7evril\u0259n L\u0130DER \u015e\u018fRH"}]},{"@type":"WebSite","@id":"https:\/\/ictimai.az\/#website","url":"https:\/\/ictimai.az\/","name":"\u0130CT\u0130MA\u0130.AZ","description":"","publisher":{"@id":"https:\/\/ictimai.az\/#organization"},"potentialAction":[{"@type":"SearchAction","target":{"@type":"EntryPoint","urlTemplate":"https:\/\/ictimai.az\/?s={search_term_string}"},"query-input":{"@type":"PropertyValueSpecification","valueRequired":true,"valueName":"search_term_string"}}],"inLanguage":"az"},{"@type":"Organization","@id":"https:\/\/ictimai.az\/#organization","name":"\u0130CT\u0130MA\u0130.AZ","url":"https:\/\/ictimai.az\/","logo":{"@type":"ImageObject","inLanguage":"az","@id":"https:\/\/ictimai.az\/#\/schema\/logo\/image\/","url":"https:\/\/ictimai.az\/core\/uploads\/2026\/06\/cropped-ictimai_0380d81099c6fe3baae753faceb5481f_p41rg2mzq0uyvextfh3k-768x768-1-3.png","contentUrl":"https:\/\/ictimai.az\/core\/uploads\/2026\/06\/cropped-ictimai_0380d81099c6fe3baae753faceb5481f_p41rg2mzq0uyvextfh3k-768x768-1-3.png","width":768,"height":768,"caption":"\u0130CT\u0130MA\u0130.AZ"},"image":{"@id":"https:\/\/ictimai.az\/#\/schema\/logo\/image\/"}},{"@type":"Person","@id":"https:\/\/ictimai.az\/#\/schema\/person\/1da94bf2c7ab5d83ad349237bec1e6af","name":"R\u0259\u015fad Bayramov","image":{"@type":"ImageObject","inLanguage":"az","@id":"https:\/\/secure.gravatar.com\/avatar\/83c075605ba0a4d35d59726aaad89cfa8008d1f01603342c56f1dd79784491bc?s=96&d=mm&r=g","url":"https:\/\/secure.gravatar.com\/avatar\/83c075605ba0a4d35d59726aaad89cfa8008d1f01603342c56f1dd79784491bc?s=96&d=mm&r=g","contentUrl":"https:\/\/secure.gravatar.com\/avatar\/83c075605ba0a4d35d59726aaad89cfa8008d1f01603342c56f1dd79784491bc?s=96&d=mm&r=g","caption":"R\u0259\u015fad Bayramov"},"sameAs":["https:\/\/ictimai.az\/"],"url":"https:\/\/ictimai.az\/?author=2"}]}},"_links":{"self":[{"href":"https:\/\/ictimai.az\/index.php?rest_route=\/wp\/v2\/posts\/22954","targetHints":{"allow":["GET"]}}],"collection":[{"href":"https:\/\/ictimai.az\/index.php?rest_route=\/wp\/v2\/posts"}],"about":[{"href":"https:\/\/ictimai.az\/index.php?rest_route=\/wp\/v2\/types\/post"}],"author":[{"embeddable":true,"href":"https:\/\/ictimai.az\/index.php?rest_route=\/wp\/v2\/users\/2"}],"replies":[{"embeddable":true,"href":"https:\/\/ictimai.az\/index.php?rest_route=%2Fwp%2Fv2%2Fcomments&post=22954"}],"version-history":[{"count":0,"href":"https:\/\/ictimai.az\/index.php?rest_route=\/wp\/v2\/posts\/22954\/revisions"}],"wp:featuredmedia":[{"embeddable":true,"href":"https:\/\/ictimai.az\/index.php?rest_route=\/wp\/v2\/media\/21732"}],"wp:attachment":[{"href":"https:\/\/ictimai.az\/index.php?rest_route=%2Fwp%2Fv2%2Fmedia&parent=22954"}],"wp:term":[{"taxonomy":"category","embeddable":true,"href":"https:\/\/ictimai.az\/index.php?rest_route=%2Fwp%2Fv2%2Fcategories&post=22954"},{"taxonomy":"post_tag","embeddable":true,"href":"https:\/\/ictimai.az\/index.php?rest_route=%2Fwp%2Fv2%2Ftags&post=22954"}],"curies":[{"name":"wp","href":"https:\/\/api.w.org\/{rel}","templated":true}]}}