{"id":2331,"date":"2020-04-28T20:10:45","date_gmt":"2020-04-28T16:10:45","guid":{"rendered":"https:\/\/ictimai.az\/?p=2331"},"modified":"2020-04-29T04:03:32","modified_gmt":"2020-04-29T00:03:32","slug":"asan-xidmet-ve-asan-kommunal-vetendaslara-muraciet-etdi","status":"publish","type":"post","link":"https:\/\/ictimai.az\/?p=2331","title":{"rendered":"\u201cASAN xidm\u0259t\u201d v\u0259 \u201cASAN Kommunal\u201d v\u0259t\u0259nda\u015flara m\u00fcraci\u0259t etdi"},"content":{"rendered":"<p><strong>27 aprel tarixind\u0259n \u201cASAN xidm\u0259t\u201d v\u0259 \u201cASAN Kommunal\u201d m\u0259rk\u0259zl\u0259rind\u0259 v\u0259t\u0259nda\u015flar\u0131n q\u0259bulu &#8220;ASAN xidm\u0259t&#8221; mobil t\u0259tbiqi, www.asan.gov.az sayt\u0131 v\u0259 108 \u00c7a\u011fr\u0131 M\u0259rk\u0259zi vasit\u0259si il\u0259 \u0259vv\u0259lc\u0259d\u0259n onlayn n\u00f6vb\u0259 tutmaqla h\u0259yata ke\u00e7irilir.<\/strong><\/p>\n<p>27 aprel tarixind\u0259 v\u0259t\u0259nda\u015flar t\u0259r\u0259find\u0259n \u00fcmumilikd\u0259 12458 onlayn n\u00f6vb\u0259 g\u00f6t\u00fcr\u00fcl\u00fcb. Bunlardan 8827-si (71%) m\u0259rk\u0259zl\u0259r\u0259 g\u0259l\u0259r\u0259k xidm\u0259tl\u0259rd\u0259n istifad\u0259 edib, 3631-i (29%) n\u00f6vb\u0259 al\u0131b, lakin xidm\u0259t \u00fc\u00e7\u00fcn m\u0259rk\u0259z\u0259 g\u0259lm\u0259yib. Onlayn n\u00f6vb\u0259 almaqla xidm\u0259tl\u0259rd\u0259n istifad\u0259 ed\u0259n v\u0259t\u0259nda\u015flar\u0131n 3883 n\u0259f\u0259ri (43%) t\u0259yin olunmu\u015f vaxtdan t\u0259xmin\u0259n 2 saat \u00f6nc\u0259 m\u0259rk\u0259z\u0259 g\u0259lmi\u015f, 497 v\u0259t\u0259nda\u015f is\u0259 t\u0259yin olunmu\u015f vaxtdan gec g\u0259lmi\u015fdir.<br \/>\nApar\u0131lm\u0131\u015f t\u0259hlill\u0259r n\u0259tic\u0259sind\u0259 a\u015fkar edilmi\u015f hallar onu dem\u0259y\u0259 \u0259sas verir ki, v\u0259t\u0259nda\u015flar\u0131n t\u0259yin edilmi\u015f vaxtlarda g\u0259lm\u0259m\u0259si m\u0259rk\u0259zl\u0259rd\u0259 insanlar aras\u0131nda t\u0259mas\u0131n minimalla\u015fd\u0131r\u0131lmas\u0131 il\u0259 ba\u011fl\u0131 n\u0259z\u0259rd\u0259 tutulmu\u015f t\u0259dbirl\u0259rin h\u0259yata ke\u00e7irilm\u0259si, el\u0259c\u0259d\u0259 dig\u0259r v\u0259t\u0259nda\u015flar\u0131n xidm\u0259tl\u0259rd\u0259n rahat istifad\u0259 etm\u0259si v\u0259 n\u00f6vb\u0259 g\u00f6t\u00fcrm\u0259si \u00fc\u00e7\u00fcn \u00e7\u0259tinlikl\u0259r yarad\u0131r.<\/p>\n<p>Qeyd olunanlar\u0131 n\u0259z\u0259r\u0259 alaraq v\u0259t\u0259nda\u015flar\u0131n \u201cASAN xidm\u0259t\u201d v\u0259 \u201cASAN Kommunal\u201d m\u0259rk\u0259zl\u0259rind\u0259 q\u0259bulu il\u0259 ba\u011fl\u0131 qaydalar diqq\u0259t\u0259 \u00e7atd\u0131r\u0131l\u0131r:<\/p>\n<p>&#8211; V\u0259t\u0259nda\u015flar t\u0259yin edilmi\u015f n\u00f6vb\u0259 vaxt\u0131n\u0131n bitm\u0259sind\u0259n \u0259n tezi 30 d\u0259qiq\u0259 \u0259rzind\u0259 m\u0259rk\u0259zd\u0259 ola bil\u0259rl\u0259r. Daha tez g\u0259l\u0259n v\u0259t\u0259nda\u015flar m\u0259rk\u0259zl\u0259r\u0259 burax\u0131lmayacaqlar. Eyni zamanda n\u00f6vb\u0259 vaxt\u0131n\u0131n bitm\u0259sind\u0259n \u0259n \u00e7ox 10 d\u0259qiq\u0259 gec g\u0259l\u0259n v\u0259t\u0259nda\u015flar\u0131n onlayn n\u00f6vb\u0259l\u0259ri l\u0259\u011fv edil\u0259c\u0259kdir;<\/p>\n<p>&#8211; Maskadan istifad\u0259 etm\u0259y\u0259n v\u0259t\u0259nda\u015flar m\u0259rk\u0259zl\u0259r\u0259 burax\u0131lmayacaqlar;<\/p>\n<p>Xahi\u015f olunur ki, \u201cASAN xidm\u0259t\u201d mobil t\u0259tbiqind\u0259 n\u00f6vb\u0259 g\u00f6t\u00fcrm\u00fc\u015f, lakin h\u0259r hans\u0131 s\u0259b\u0259bd\u0259n m\u0259rk\u0259z\u0259 g\u0259l\u0259 bilm\u0259y\u0259n v\u0259t\u0259nda\u015flar n\u00f6vb\u0259d\u0259n imtina etsinl\u0259r.<\/p>\n<p>V\u0259t\u0259nda\u015flar\u0131m\u0131za t\u00f6vsiy\u0259 olunur ki, yaln\u0131z z\u0259rur\u0259t hal\u0131nda \u201cASAN xidm\u0259t\u201d v\u0259 \u201cASAN Kommunal\u201d m\u0259rk\u0259zl\u0259rin\u0259 m\u00fcraci\u0259t \u00fczr\u0259 onlayn n\u00f6vb\u0259 g\u00f6t\u00fcrs\u00fcnl\u0259r. Eyni zamanda h\u0259r k\u0259si m\u0259rk\u0259zl\u0259rd\u0259 \u015f\u0259xsi gigiyena, el\u0259c\u0259 d\u0259 tibbi-profilaktik qaydalara \u0259m\u0259l etm\u0259y\u0259, dig\u0259r \u015f\u0259xsl\u0259rl\u0259 minimum kontaktda olma\u011fa, m\u00f6vcud preventiv t\u0259dbirl\u0259rin \u015f\u0259rtl\u0259rin\u0259 \u0259m\u0259l etm\u0259y\u0259 \u00e7a\u011f\u0131r\u0131r\u0131q.<\/p>\n<p><strong>\u0130ctimai.az\u00a0<\/strong><\/p>\n","protected":false},"excerpt":{"rendered":"<p>27 aprel tarixind\u0259n \u201cASAN xidm\u0259t\u201d v\u0259 \u201cASAN Kommunal\u201d m\u0259rk\u0259zl\u0259rind\u0259 v\u0259t\u0259nda\u015flar\u0131n q\u0259bulu &#8220;ASAN xidm\u0259t&#8221; mobil t\u0259tbiqi, www.asan.gov.az sayt\u0131 v\u0259 108 \u00c7a\u011fr\u0131 M\u0259rk\u0259zi vasit\u0259si il\u0259 \u0259vv\u0259lc\u0259d\u0259n onlayn n\u00f6vb\u0259 tutmaqla h\u0259yata ke\u00e7irilir. 27 aprel tarixind\u0259 v\u0259t\u0259nda\u015flar t\u0259r\u0259find\u0259n \u00fcmumilikd\u0259 12458 onlayn n\u00f6vb\u0259 g\u00f6t\u00fcr\u00fcl\u00fcb. Bunlardan 8827-si (71%) m\u0259rk\u0259zl\u0259r\u0259 g\u0259l\u0259r\u0259k xidm\u0259tl\u0259rd\u0259n istifad\u0259 edib, 3631-i (29%) n\u00f6vb\u0259 al\u0131b, lakin xidm\u0259t \u00fc\u00e7\u00fcn m\u0259rk\u0259z\u0259 [&hellip;]<\/p>\n","protected":false},"author":2,"featured_media":2332,"comment_status":"closed","ping_status":"closed","sticky":false,"template":"","format":"standard","meta":{"footnotes":""},"categories":[1],"tags":[],"class_list":["post-2331","post","type-post","status-publish","format-standard","has-post-thumbnail","hentry","category-society"],"yoast_head":"<!-- This site is optimized with the Yoast SEO plugin v28.2 - https:\/\/yoast.com\/product\/yoast-seo-wordpress\/ -->\n<title>\u201cASAN xidm\u0259t\u201d v\u0259 \u201cASAN Kommunal\u201d v\u0259t\u0259nda\u015flara m\u00fcraci\u0259t etdi - \u0130CT\u0130MA\u0130.AZ<\/title>\n<meta name=\"robots\" content=\"index, follow, max-snippet:-1, max-image-preview:large, max-video-preview:-1\" \/>\n<link rel=\"canonical\" href=\"https:\/\/ictimai.az\/?p=2331\" \/>\n<meta property=\"og:locale\" content=\"az_AZ\" \/>\n<meta property=\"og:type\" content=\"article\" \/>\n<meta property=\"og:title\" content=\"\u201cASAN xidm\u0259t\u201d v\u0259 \u201cASAN Kommunal\u201d v\u0259t\u0259nda\u015flara m\u00fcraci\u0259t etdi - \u0130CT\u0130MA\u0130.AZ\" \/>\n<meta property=\"og:description\" content=\"27 aprel tarixind\u0259n \u201cASAN xidm\u0259t\u201d v\u0259 \u201cASAN Kommunal\u201d m\u0259rk\u0259zl\u0259rind\u0259 v\u0259t\u0259nda\u015flar\u0131n q\u0259bulu &#8220;ASAN xidm\u0259t&#8221; mobil t\u0259tbiqi, www.asan.gov.az sayt\u0131 v\u0259 108 \u00c7a\u011fr\u0131 M\u0259rk\u0259zi vasit\u0259si il\u0259 \u0259vv\u0259lc\u0259d\u0259n onlayn n\u00f6vb\u0259 tutmaqla h\u0259yata ke\u00e7irilir. 27 aprel tarixind\u0259 v\u0259t\u0259nda\u015flar t\u0259r\u0259find\u0259n \u00fcmumilikd\u0259 12458 onlayn n\u00f6vb\u0259 g\u00f6t\u00fcr\u00fcl\u00fcb. Bunlardan 8827-si (71%) m\u0259rk\u0259zl\u0259r\u0259 g\u0259l\u0259r\u0259k xidm\u0259tl\u0259rd\u0259n istifad\u0259 edib, 3631-i (29%) n\u00f6vb\u0259 al\u0131b, lakin xidm\u0259t \u00fc\u00e7\u00fcn m\u0259rk\u0259z\u0259 [&hellip;]\" \/>\n<meta property=\"og:url\" content=\"https:\/\/ictimai.az\/?p=2331\" \/>\n<meta property=\"og:site_name\" content=\"\u0130CT\u0130MA\u0130.AZ\" \/>\n<meta property=\"article:published_time\" content=\"2020-04-28T16:10:45+00:00\" \/>\n<meta property=\"article:modified_time\" content=\"2020-04-29T00:03:32+00:00\" \/>\n<meta property=\"og:image\" content=\"https:\/\/ictimai.az\/core\/uploads\/2020\/04\/ictimai_b8e1ee9d05abd9cf0cec16824752cf38_bzfvs93yomnx5702e8jr.jpg\" \/>\n\t<meta property=\"og:image:width\" content=\"1280\" \/>\n\t<meta property=\"og:image:height\" content=\"853\" \/>\n\t<meta property=\"og:image:type\" content=\"image\/jpeg\" \/>\n<meta name=\"author\" content=\"R\u0259\u015fad Bayramov\" \/>\n<meta name=\"twitter:card\" content=\"summary_large_image\" \/>\n<meta name=\"twitter:label1\" content=\"Written by\" \/>\n\t<meta name=\"twitter:data1\" content=\"R\u0259\u015fad Bayramov\" \/>\n\t<meta name=\"twitter:label2\" content=\"Est. reading time\" \/>\n\t<meta name=\"twitter:data2\" content=\"2 minutes\" \/>\n<script type=\"application\/ld+json\" class=\"yoast-schema-graph\">{\"@context\":\"https:\\\/\\\/schema.org\",\"@graph\":[{\"@type\":\"Article\",\"@id\":\"https:\\\/\\\/ictimai.az\\\/?p=2331#article\",\"isPartOf\":{\"@id\":\"https:\\\/\\\/ictimai.az\\\/?p=2331\"},\"author\":{\"name\":\"R\u0259\u015fad Bayramov\",\"@id\":\"https:\\\/\\\/ictimai.az\\\/#\\\/schema\\\/person\\\/1da94bf2c7ab5d83ad349237bec1e6af\"},\"headline\":\"\u201cASAN xidm\u0259t\u201d v\u0259 \u201cASAN Kommunal\u201d v\u0259t\u0259nda\u015flara m\u00fcraci\u0259t etdi\",\"datePublished\":\"2020-04-28T16:10:45+00:00\",\"dateModified\":\"2020-04-29T00:03:32+00:00\",\"mainEntityOfPage\":{\"@id\":\"https:\\\/\\\/ictimai.az\\\/?p=2331\"},\"wordCount\":503,\"publisher\":{\"@id\":\"https:\\\/\\\/ictimai.az\\\/#organization\"},\"image\":{\"@id\":\"https:\\\/\\\/ictimai.az\\\/?p=2331#primaryimage\"},\"thumbnailUrl\":\"https:\\\/\\\/ictimai.az\\\/core\\\/uploads\\\/2020\\\/04\\\/ictimai_b8e1ee9d05abd9cf0cec16824752cf38_bzfvs93yomnx5702e8jr.jpg\",\"articleSection\":[\"Sosial\"],\"inLanguage\":\"az\"},{\"@type\":\"WebPage\",\"@id\":\"https:\\\/\\\/ictimai.az\\\/?p=2331\",\"url\":\"https:\\\/\\\/ictimai.az\\\/?p=2331\",\"name\":\"\u201cASAN xidm\u0259t\u201d v\u0259 \u201cASAN Kommunal\u201d v\u0259t\u0259nda\u015flara m\u00fcraci\u0259t etdi - \u0130CT\u0130MA\u0130.AZ\",\"isPartOf\":{\"@id\":\"https:\\\/\\\/ictimai.az\\\/#website\"},\"primaryImageOfPage\":{\"@id\":\"https:\\\/\\\/ictimai.az\\\/?p=2331#primaryimage\"},\"image\":{\"@id\":\"https:\\\/\\\/ictimai.az\\\/?p=2331#primaryimage\"},\"thumbnailUrl\":\"https:\\\/\\\/ictimai.az\\\/core\\\/uploads\\\/2020\\\/04\\\/ictimai_b8e1ee9d05abd9cf0cec16824752cf38_bzfvs93yomnx5702e8jr.jpg\",\"datePublished\":\"2020-04-28T16:10:45+00:00\",\"dateModified\":\"2020-04-29T00:03:32+00:00\",\"breadcrumb\":{\"@id\":\"https:\\\/\\\/ictimai.az\\\/?p=2331#breadcrumb\"},\"inLanguage\":\"az\",\"potentialAction\":[{\"@type\":\"ReadAction\",\"target\":[\"https:\\\/\\\/ictimai.az\\\/?p=2331\"]}]},{\"@type\":\"ImageObject\",\"inLanguage\":\"az\",\"@id\":\"https:\\\/\\\/ictimai.az\\\/?p=2331#primaryimage\",\"url\":\"https:\\\/\\\/ictimai.az\\\/core\\\/uploads\\\/2020\\\/04\\\/ictimai_b8e1ee9d05abd9cf0cec16824752cf38_bzfvs93yomnx5702e8jr.jpg\",\"contentUrl\":\"https:\\\/\\\/ictimai.az\\\/core\\\/uploads\\\/2020\\\/04\\\/ictimai_b8e1ee9d05abd9cf0cec16824752cf38_bzfvs93yomnx5702e8jr.jpg\",\"width\":1280,\"height\":853},{\"@type\":\"BreadcrumbList\",\"@id\":\"https:\\\/\\\/ictimai.az\\\/?p=2331#breadcrumb\",\"itemListElement\":[{\"@type\":\"ListItem\",\"position\":1,\"name\":\"Home\",\"item\":\"https:\\\/\\\/ictimai.az\\\/\"},{\"@type\":\"ListItem\",\"position\":2,\"name\":\"\u201cASAN xidm\u0259t\u201d v\u0259 \u201cASAN Kommunal\u201d v\u0259t\u0259nda\u015flara m\u00fcraci\u0259t etdi\"}]},{\"@type\":\"WebSite\",\"@id\":\"https:\\\/\\\/ictimai.az\\\/#website\",\"url\":\"https:\\\/\\\/ictimai.az\\\/\",\"name\":\"\u0130CT\u0130MA\u0130.AZ\",\"description\":\"\",\"publisher\":{\"@id\":\"https:\\\/\\\/ictimai.az\\\/#organization\"},\"potentialAction\":[{\"@type\":\"SearchAction\",\"target\":{\"@type\":\"EntryPoint\",\"urlTemplate\":\"https:\\\/\\\/ictimai.az\\\/?s={search_term_string}\"},\"query-input\":{\"@type\":\"PropertyValueSpecification\",\"valueRequired\":true,\"valueName\":\"search_term_string\"}}],\"inLanguage\":\"az\"},{\"@type\":\"Organization\",\"@id\":\"https:\\\/\\\/ictimai.az\\\/#organization\",\"name\":\"\u0130CT\u0130MA\u0130.AZ\",\"url\":\"https:\\\/\\\/ictimai.az\\\/\",\"logo\":{\"@type\":\"ImageObject\",\"inLanguage\":\"az\",\"@id\":\"https:\\\/\\\/ictimai.az\\\/#\\\/schema\\\/logo\\\/image\\\/\",\"url\":\"https:\\\/\\\/ictimai.az\\\/core\\\/uploads\\\/2026\\\/06\\\/cropped-ictimai_0380d81099c6fe3baae753faceb5481f_p41rg2mzq0uyvextfh3k-768x768-1-3.png\",\"contentUrl\":\"https:\\\/\\\/ictimai.az\\\/core\\\/uploads\\\/2026\\\/06\\\/cropped-ictimai_0380d81099c6fe3baae753faceb5481f_p41rg2mzq0uyvextfh3k-768x768-1-3.png\",\"width\":768,\"height\":768,\"caption\":\"\u0130CT\u0130MA\u0130.AZ\"},\"image\":{\"@id\":\"https:\\\/\\\/ictimai.az\\\/#\\\/schema\\\/logo\\\/image\\\/\"}},{\"@type\":\"Person\",\"@id\":\"https:\\\/\\\/ictimai.az\\\/#\\\/schema\\\/person\\\/1da94bf2c7ab5d83ad349237bec1e6af\",\"name\":\"R\u0259\u015fad Bayramov\",\"image\":{\"@type\":\"ImageObject\",\"inLanguage\":\"az\",\"@id\":\"https:\\\/\\\/secure.gravatar.com\\\/avatar\\\/83c075605ba0a4d35d59726aaad89cfa8008d1f01603342c56f1dd79784491bc?s=96&d=mm&r=g\",\"url\":\"https:\\\/\\\/secure.gravatar.com\\\/avatar\\\/83c075605ba0a4d35d59726aaad89cfa8008d1f01603342c56f1dd79784491bc?s=96&d=mm&r=g\",\"contentUrl\":\"https:\\\/\\\/secure.gravatar.com\\\/avatar\\\/83c075605ba0a4d35d59726aaad89cfa8008d1f01603342c56f1dd79784491bc?s=96&d=mm&r=g\",\"caption\":\"R\u0259\u015fad Bayramov\"},\"sameAs\":[\"https:\\\/\\\/ictimai.az\\\/\"],\"url\":\"https:\\\/\\\/ictimai.az\\\/?author=2\"}]}<\/script>\n<!-- \/ Yoast SEO plugin. -->","yoast_head_json":{"title":"\u201cASAN xidm\u0259t\u201d v\u0259 \u201cASAN Kommunal\u201d v\u0259t\u0259nda\u015flara m\u00fcraci\u0259t etdi - \u0130CT\u0130MA\u0130.AZ","robots":{"index":"index","follow":"follow","max-snippet":"max-snippet:-1","max-image-preview":"max-image-preview:large","max-video-preview":"max-video-preview:-1"},"canonical":"https:\/\/ictimai.az\/?p=2331","og_locale":"az_AZ","og_type":"article","og_title":"\u201cASAN xidm\u0259t\u201d v\u0259 \u201cASAN Kommunal\u201d v\u0259t\u0259nda\u015flara m\u00fcraci\u0259t etdi - \u0130CT\u0130MA\u0130.AZ","og_description":"27 aprel tarixind\u0259n \u201cASAN xidm\u0259t\u201d v\u0259 \u201cASAN Kommunal\u201d m\u0259rk\u0259zl\u0259rind\u0259 v\u0259t\u0259nda\u015flar\u0131n q\u0259bulu &#8220;ASAN xidm\u0259t&#8221; mobil t\u0259tbiqi, www.asan.gov.az sayt\u0131 v\u0259 108 \u00c7a\u011fr\u0131 M\u0259rk\u0259zi vasit\u0259si il\u0259 \u0259vv\u0259lc\u0259d\u0259n onlayn n\u00f6vb\u0259 tutmaqla h\u0259yata ke\u00e7irilir. 27 aprel tarixind\u0259 v\u0259t\u0259nda\u015flar t\u0259r\u0259find\u0259n \u00fcmumilikd\u0259 12458 onlayn n\u00f6vb\u0259 g\u00f6t\u00fcr\u00fcl\u00fcb. Bunlardan 8827-si (71%) m\u0259rk\u0259zl\u0259r\u0259 g\u0259l\u0259r\u0259k xidm\u0259tl\u0259rd\u0259n istifad\u0259 edib, 3631-i (29%) n\u00f6vb\u0259 al\u0131b, lakin xidm\u0259t \u00fc\u00e7\u00fcn m\u0259rk\u0259z\u0259 [&hellip;]","og_url":"https:\/\/ictimai.az\/?p=2331","og_site_name":"\u0130CT\u0130MA\u0130.AZ","article_published_time":"2020-04-28T16:10:45+00:00","article_modified_time":"2020-04-29T00:03:32+00:00","og_image":[{"width":1280,"height":853,"url":"https:\/\/ictimai.az\/core\/uploads\/2020\/04\/ictimai_b8e1ee9d05abd9cf0cec16824752cf38_bzfvs93yomnx5702e8jr.jpg","type":"image\/jpeg"}],"author":"R\u0259\u015fad Bayramov","twitter_card":"summary_large_image","twitter_misc":{"Written by":"R\u0259\u015fad Bayramov","Est. reading time":"2 minutes"},"schema":{"@context":"https:\/\/schema.org","@graph":[{"@type":"Article","@id":"https:\/\/ictimai.az\/?p=2331#article","isPartOf":{"@id":"https:\/\/ictimai.az\/?p=2331"},"author":{"name":"R\u0259\u015fad Bayramov","@id":"https:\/\/ictimai.az\/#\/schema\/person\/1da94bf2c7ab5d83ad349237bec1e6af"},"headline":"\u201cASAN xidm\u0259t\u201d v\u0259 \u201cASAN Kommunal\u201d v\u0259t\u0259nda\u015flara m\u00fcraci\u0259t etdi","datePublished":"2020-04-28T16:10:45+00:00","dateModified":"2020-04-29T00:03:32+00:00","mainEntityOfPage":{"@id":"https:\/\/ictimai.az\/?p=2331"},"wordCount":503,"publisher":{"@id":"https:\/\/ictimai.az\/#organization"},"image":{"@id":"https:\/\/ictimai.az\/?p=2331#primaryimage"},"thumbnailUrl":"https:\/\/ictimai.az\/core\/uploads\/2020\/04\/ictimai_b8e1ee9d05abd9cf0cec16824752cf38_bzfvs93yomnx5702e8jr.jpg","articleSection":["Sosial"],"inLanguage":"az"},{"@type":"WebPage","@id":"https:\/\/ictimai.az\/?p=2331","url":"https:\/\/ictimai.az\/?p=2331","name":"\u201cASAN xidm\u0259t\u201d v\u0259 \u201cASAN Kommunal\u201d v\u0259t\u0259nda\u015flara m\u00fcraci\u0259t etdi - \u0130CT\u0130MA\u0130.AZ","isPartOf":{"@id":"https:\/\/ictimai.az\/#website"},"primaryImageOfPage":{"@id":"https:\/\/ictimai.az\/?p=2331#primaryimage"},"image":{"@id":"https:\/\/ictimai.az\/?p=2331#primaryimage"},"thumbnailUrl":"https:\/\/ictimai.az\/core\/uploads\/2020\/04\/ictimai_b8e1ee9d05abd9cf0cec16824752cf38_bzfvs93yomnx5702e8jr.jpg","datePublished":"2020-04-28T16:10:45+00:00","dateModified":"2020-04-29T00:03:32+00:00","breadcrumb":{"@id":"https:\/\/ictimai.az\/?p=2331#breadcrumb"},"inLanguage":"az","potentialAction":[{"@type":"ReadAction","target":["https:\/\/ictimai.az\/?p=2331"]}]},{"@type":"ImageObject","inLanguage":"az","@id":"https:\/\/ictimai.az\/?p=2331#primaryimage","url":"https:\/\/ictimai.az\/core\/uploads\/2020\/04\/ictimai_b8e1ee9d05abd9cf0cec16824752cf38_bzfvs93yomnx5702e8jr.jpg","contentUrl":"https:\/\/ictimai.az\/core\/uploads\/2020\/04\/ictimai_b8e1ee9d05abd9cf0cec16824752cf38_bzfvs93yomnx5702e8jr.jpg","width":1280,"height":853},{"@type":"BreadcrumbList","@id":"https:\/\/ictimai.az\/?p=2331#breadcrumb","itemListElement":[{"@type":"ListItem","position":1,"name":"Home","item":"https:\/\/ictimai.az\/"},{"@type":"ListItem","position":2,"name":"\u201cASAN xidm\u0259t\u201d v\u0259 \u201cASAN Kommunal\u201d v\u0259t\u0259nda\u015flara m\u00fcraci\u0259t etdi"}]},{"@type":"WebSite","@id":"https:\/\/ictimai.az\/#website","url":"https:\/\/ictimai.az\/","name":"\u0130CT\u0130MA\u0130.AZ","description":"","publisher":{"@id":"https:\/\/ictimai.az\/#organization"},"potentialAction":[{"@type":"SearchAction","target":{"@type":"EntryPoint","urlTemplate":"https:\/\/ictimai.az\/?s={search_term_string}"},"query-input":{"@type":"PropertyValueSpecification","valueRequired":true,"valueName":"search_term_string"}}],"inLanguage":"az"},{"@type":"Organization","@id":"https:\/\/ictimai.az\/#organization","name":"\u0130CT\u0130MA\u0130.AZ","url":"https:\/\/ictimai.az\/","logo":{"@type":"ImageObject","inLanguage":"az","@id":"https:\/\/ictimai.az\/#\/schema\/logo\/image\/","url":"https:\/\/ictimai.az\/core\/uploads\/2026\/06\/cropped-ictimai_0380d81099c6fe3baae753faceb5481f_p41rg2mzq0uyvextfh3k-768x768-1-3.png","contentUrl":"https:\/\/ictimai.az\/core\/uploads\/2026\/06\/cropped-ictimai_0380d81099c6fe3baae753faceb5481f_p41rg2mzq0uyvextfh3k-768x768-1-3.png","width":768,"height":768,"caption":"\u0130CT\u0130MA\u0130.AZ"},"image":{"@id":"https:\/\/ictimai.az\/#\/schema\/logo\/image\/"}},{"@type":"Person","@id":"https:\/\/ictimai.az\/#\/schema\/person\/1da94bf2c7ab5d83ad349237bec1e6af","name":"R\u0259\u015fad Bayramov","image":{"@type":"ImageObject","inLanguage":"az","@id":"https:\/\/secure.gravatar.com\/avatar\/83c075605ba0a4d35d59726aaad89cfa8008d1f01603342c56f1dd79784491bc?s=96&d=mm&r=g","url":"https:\/\/secure.gravatar.com\/avatar\/83c075605ba0a4d35d59726aaad89cfa8008d1f01603342c56f1dd79784491bc?s=96&d=mm&r=g","contentUrl":"https:\/\/secure.gravatar.com\/avatar\/83c075605ba0a4d35d59726aaad89cfa8008d1f01603342c56f1dd79784491bc?s=96&d=mm&r=g","caption":"R\u0259\u015fad Bayramov"},"sameAs":["https:\/\/ictimai.az\/"],"url":"https:\/\/ictimai.az\/?author=2"}]}},"_links":{"self":[{"href":"https:\/\/ictimai.az\/index.php?rest_route=\/wp\/v2\/posts\/2331","targetHints":{"allow":["GET"]}}],"collection":[{"href":"https:\/\/ictimai.az\/index.php?rest_route=\/wp\/v2\/posts"}],"about":[{"href":"https:\/\/ictimai.az\/index.php?rest_route=\/wp\/v2\/types\/post"}],"author":[{"embeddable":true,"href":"https:\/\/ictimai.az\/index.php?rest_route=\/wp\/v2\/users\/2"}],"replies":[{"embeddable":true,"href":"https:\/\/ictimai.az\/index.php?rest_route=%2Fwp%2Fv2%2Fcomments&post=2331"}],"version-history":[{"count":0,"href":"https:\/\/ictimai.az\/index.php?rest_route=\/wp\/v2\/posts\/2331\/revisions"}],"wp:featuredmedia":[{"embeddable":true,"href":"https:\/\/ictimai.az\/index.php?rest_route=\/wp\/v2\/media\/2332"}],"wp:attachment":[{"href":"https:\/\/ictimai.az\/index.php?rest_route=%2Fwp%2Fv2%2Fmedia&parent=2331"}],"wp:term":[{"taxonomy":"category","embeddable":true,"href":"https:\/\/ictimai.az\/index.php?rest_route=%2Fwp%2Fv2%2Fcategories&post=2331"},{"taxonomy":"post_tag","embeddable":true,"href":"https:\/\/ictimai.az\/index.php?rest_route=%2Fwp%2Fv2%2Ftags&post=2331"}],"curies":[{"name":"wp","href":"https:\/\/api.w.org\/{rel}","templated":true}]}}