{"id":26032,"date":"2023-06-12T07:11:11","date_gmt":"2023-06-12T03:11:11","guid":{"rendered":"https:\/\/ictimai.az\/?p=26032"},"modified":"2023-06-12T09:11:55","modified_gmt":"2023-06-12T05:11:55","slug":"ekvadorlu-qadin-defn-merasimine-hazirlasarken-dirildi","status":"publish","type":"post","link":"https:\/\/ictimai.az\/?p=26032","title":{"rendered":"Ekvadorlu qad\u0131n d\u0259fn m\u0259rasimin\u0259 haz\u0131rla\u015fark\u0259n &#8216;dirildi&#8217;"},"content":{"rendered":"<p>Ekvadorda \u00f6ld\u00fcy\u00fc g\u00fcman edil\u0259n ya\u015fl\u0131 qad\u0131n\u0131n qohumlar\u0131 onu d\u0259fn m\u0259rasimin\u0259 haz\u0131rlayark\u0259n h\u0259yat \u0259lam\u0259tl\u0259ri g\u00f6st\u0259rib.<\/p>\n<p>Bu bar\u0259d\u0259 \u201cEl Universo\u201d q\u0259zeti m\u0259lumat yay\u0131b.<\/p>\n<p>N\u0259\u015frin m\u0259lumat\u0131na g\u00f6r\u0259, Martin Hospital\u0131n\u0131n (Babaoyo \u015f\u0259h\u0259ri) h\u0259kiml\u0259ri c\u00fcm\u0259 g\u00fcn\u00fc, iyunun 9-da Bellan\u0131n c\u0259s\u0259dini ail\u0259sin\u0259 verib v\u0259 onlara onun \u00f6l\u00fcm \u015f\u0259had\u0259tnam\u0259si veribl\u0259r.<\/p>\n<p>Qad\u0131n 4,5 saat tabutda olub, bundan sonra Bellan\u0131 oyanma\u011fa haz\u0131rlamaq \u00fc\u00e7\u00fcn tabut a\u00e7\u0131l\u0131b. El Universonun qeyd etdiyi kimi, o zaman o\u011flu v\u0259 dig\u0259r ail\u0259 \u00fczvl\u0259ri onun h\u0259yat \u0259lam\u0259tl\u0259ri g\u00f6st\u0259rdiyini ba\u015fa d\u00fc\u015fd\u00fcl\u0259r. O, haz\u0131rda reanimasiya \u015f\u00f6b\u0259sind\u0259 h\u0259kiml\u0259rin n\u0259zar\u0259ti alt\u0131ndad\u0131r.<\/p>\n<p>\u201cAnam oksigend\u0259dir. \u00dcr\u0259yi sabitdir. H\u0259kim onun qolunu s\u0131xd\u0131 v\u0259 o, reaksiya verdi. M\u0259n\u0259 deyirl\u0259r ki, bu yax\u015f\u0131d\u0131r, \u00e7\u00fcnki bu o dem\u0259kdir ki, o, yava\u015f-yava\u015f reaksiya verir &#8220;dedi o\u011flu Gilbert.<\/p>\n<p>M\u0259nb\u0259: A haber<\/p>\n","protected":false},"excerpt":{"rendered":"<p>Ekvadorda \u00f6ld\u00fcy\u00fc g\u00fcman edil\u0259n ya\u015fl\u0131 qad\u0131n\u0131n qohumlar\u0131 onu d\u0259fn m\u0259rasimin\u0259 haz\u0131rlayark\u0259n h\u0259yat \u0259lam\u0259tl\u0259ri g\u00f6st\u0259rib. Bu bar\u0259d\u0259 \u201cEl Universo\u201d q\u0259zeti m\u0259lumat yay\u0131b. N\u0259\u015frin m\u0259lumat\u0131na g\u00f6r\u0259, Martin Hospital\u0131n\u0131n (Babaoyo \u015f\u0259h\u0259ri) h\u0259kiml\u0259ri c\u00fcm\u0259 g\u00fcn\u00fc, iyunun 9-da Bellan\u0131n c\u0259s\u0259dini ail\u0259sin\u0259 verib v\u0259 onlara onun \u00f6l\u00fcm \u015f\u0259had\u0259tnam\u0259si veribl\u0259r. Qad\u0131n 4,5 saat tabutda olub, bundan sonra Bellan\u0131 oyanma\u011fa haz\u0131rlamaq \u00fc\u00e7\u00fcn tabut [&hellip;]<\/p>\n","protected":false},"author":2,"featured_media":26033,"comment_status":"closed","ping_status":"closed","sticky":false,"template":"","format":"standard","meta":{"footnotes":""},"categories":[35,36],"tags":[],"class_list":["post-26032","post","type-post","status-publish","format-standard","has-post-thumbnail","hentry","category-incident","category-media"],"yoast_head":"<!-- This site is optimized with the Yoast SEO plugin v28.2 - https:\/\/yoast.com\/product\/yoast-seo-wordpress\/ -->\n<title>Ekvadorlu qad\u0131n d\u0259fn m\u0259rasimin\u0259 haz\u0131rla\u015fark\u0259n &#039;dirildi&#039; - \u0130CT\u0130MA\u0130.AZ<\/title>\n<meta name=\"robots\" content=\"index, follow, max-snippet:-1, max-image-preview:large, max-video-preview:-1\" \/>\n<link rel=\"canonical\" href=\"https:\/\/ictimai.az\/?p=26032\" \/>\n<meta property=\"og:locale\" content=\"az_AZ\" \/>\n<meta property=\"og:type\" content=\"article\" \/>\n<meta property=\"og:title\" content=\"Ekvadorlu qad\u0131n d\u0259fn m\u0259rasimin\u0259 haz\u0131rla\u015fark\u0259n &#039;dirildi&#039; - \u0130CT\u0130MA\u0130.AZ\" \/>\n<meta property=\"og:description\" content=\"Ekvadorda \u00f6ld\u00fcy\u00fc g\u00fcman edil\u0259n ya\u015fl\u0131 qad\u0131n\u0131n qohumlar\u0131 onu d\u0259fn m\u0259rasimin\u0259 haz\u0131rlayark\u0259n h\u0259yat \u0259lam\u0259tl\u0259ri g\u00f6st\u0259rib. Bu bar\u0259d\u0259 \u201cEl Universo\u201d q\u0259zeti m\u0259lumat yay\u0131b. N\u0259\u015frin m\u0259lumat\u0131na g\u00f6r\u0259, Martin Hospital\u0131n\u0131n (Babaoyo \u015f\u0259h\u0259ri) h\u0259kiml\u0259ri c\u00fcm\u0259 g\u00fcn\u00fc, iyunun 9-da Bellan\u0131n c\u0259s\u0259dini ail\u0259sin\u0259 verib v\u0259 onlara onun \u00f6l\u00fcm \u015f\u0259had\u0259tnam\u0259si veribl\u0259r. Qad\u0131n 4,5 saat tabutda olub, bundan sonra Bellan\u0131 oyanma\u011fa haz\u0131rlamaq \u00fc\u00e7\u00fcn tabut [&hellip;]\" \/>\n<meta property=\"og:url\" content=\"https:\/\/ictimai.az\/?p=26032\" \/>\n<meta property=\"og:site_name\" content=\"\u0130CT\u0130MA\u0130.AZ\" \/>\n<meta property=\"article:published_time\" content=\"2023-06-12T03:11:11+00:00\" \/>\n<meta property=\"article:modified_time\" content=\"2023-06-12T05:11:55+00:00\" \/>\n<meta property=\"og:image\" content=\"https:\/\/ictimai.az\/core\/uploads\/2023\/06\/ictimai_3a22a79cd3620cf61dc0fbf9dad93554_utipzs0xab31woy5j89c.jpg\" \/>\n\t<meta property=\"og:image:width\" content=\"900\" \/>\n\t<meta property=\"og:image:height\" content=\"600\" \/>\n\t<meta property=\"og:image:type\" content=\"image\/jpeg\" \/>\n<meta name=\"author\" content=\"R\u0259\u015fad Bayramov\" \/>\n<meta name=\"twitter:card\" content=\"summary_large_image\" \/>\n<meta name=\"twitter:label1\" content=\"Written by\" \/>\n\t<meta name=\"twitter:data1\" content=\"R\u0259\u015fad Bayramov\" \/>\n\t<meta name=\"twitter:label2\" content=\"Est. reading time\" \/>\n\t<meta name=\"twitter:data2\" content=\"1 minute\" \/>\n<script type=\"application\/ld+json\" class=\"yoast-schema-graph\">{\"@context\":\"https:\\\/\\\/schema.org\",\"@graph\":[{\"@type\":\"Article\",\"@id\":\"https:\\\/\\\/ictimai.az\\\/?p=26032#article\",\"isPartOf\":{\"@id\":\"https:\\\/\\\/ictimai.az\\\/?p=26032\"},\"author\":{\"name\":\"R\u0259\u015fad Bayramov\",\"@id\":\"https:\\\/\\\/ictimai.az\\\/#\\\/schema\\\/person\\\/1da94bf2c7ab5d83ad349237bec1e6af\"},\"headline\":\"Ekvadorlu qad\u0131n d\u0259fn m\u0259rasimin\u0259 haz\u0131rla\u015fark\u0259n &#8216;dirildi&#8217;\",\"datePublished\":\"2023-06-12T03:11:11+00:00\",\"dateModified\":\"2023-06-12T05:11:55+00:00\",\"mainEntityOfPage\":{\"@id\":\"https:\\\/\\\/ictimai.az\\\/?p=26032\"},\"wordCount\":199,\"publisher\":{\"@id\":\"https:\\\/\\\/ictimai.az\\\/#organization\"},\"image\":{\"@id\":\"https:\\\/\\\/ictimai.az\\\/?p=26032#primaryimage\"},\"thumbnailUrl\":\"https:\\\/\\\/ictimai.az\\\/core\\\/uploads\\\/2023\\\/06\\\/ictimai_3a22a79cd3620cf61dc0fbf9dad93554_utipzs0xab31woy5j89c.jpg\",\"articleSection\":[\"Hadis\u0259\",\"MED\u0130A\"],\"inLanguage\":\"az\"},{\"@type\":\"WebPage\",\"@id\":\"https:\\\/\\\/ictimai.az\\\/?p=26032\",\"url\":\"https:\\\/\\\/ictimai.az\\\/?p=26032\",\"name\":\"Ekvadorlu qad\u0131n d\u0259fn m\u0259rasimin\u0259 haz\u0131rla\u015fark\u0259n 'dirildi' - \u0130CT\u0130MA\u0130.AZ\",\"isPartOf\":{\"@id\":\"https:\\\/\\\/ictimai.az\\\/#website\"},\"primaryImageOfPage\":{\"@id\":\"https:\\\/\\\/ictimai.az\\\/?p=26032#primaryimage\"},\"image\":{\"@id\":\"https:\\\/\\\/ictimai.az\\\/?p=26032#primaryimage\"},\"thumbnailUrl\":\"https:\\\/\\\/ictimai.az\\\/core\\\/uploads\\\/2023\\\/06\\\/ictimai_3a22a79cd3620cf61dc0fbf9dad93554_utipzs0xab31woy5j89c.jpg\",\"datePublished\":\"2023-06-12T03:11:11+00:00\",\"dateModified\":\"2023-06-12T05:11:55+00:00\",\"breadcrumb\":{\"@id\":\"https:\\\/\\\/ictimai.az\\\/?p=26032#breadcrumb\"},\"inLanguage\":\"az\",\"potentialAction\":[{\"@type\":\"ReadAction\",\"target\":[\"https:\\\/\\\/ictimai.az\\\/?p=26032\"]}]},{\"@type\":\"ImageObject\",\"inLanguage\":\"az\",\"@id\":\"https:\\\/\\\/ictimai.az\\\/?p=26032#primaryimage\",\"url\":\"https:\\\/\\\/ictimai.az\\\/core\\\/uploads\\\/2023\\\/06\\\/ictimai_3a22a79cd3620cf61dc0fbf9dad93554_utipzs0xab31woy5j89c.jpg\",\"contentUrl\":\"https:\\\/\\\/ictimai.az\\\/core\\\/uploads\\\/2023\\\/06\\\/ictimai_3a22a79cd3620cf61dc0fbf9dad93554_utipzs0xab31woy5j89c.jpg\",\"width\":900,\"height\":600},{\"@type\":\"BreadcrumbList\",\"@id\":\"https:\\\/\\\/ictimai.az\\\/?p=26032#breadcrumb\",\"itemListElement\":[{\"@type\":\"ListItem\",\"position\":1,\"name\":\"Home\",\"item\":\"https:\\\/\\\/ictimai.az\\\/\"},{\"@type\":\"ListItem\",\"position\":2,\"name\":\"Ekvadorlu qad\u0131n d\u0259fn m\u0259rasimin\u0259 haz\u0131rla\u015fark\u0259n &#8216;dirildi&#8217;\"}]},{\"@type\":\"WebSite\",\"@id\":\"https:\\\/\\\/ictimai.az\\\/#website\",\"url\":\"https:\\\/\\\/ictimai.az\\\/\",\"name\":\"\u0130CT\u0130MA\u0130.AZ\",\"description\":\"\",\"publisher\":{\"@id\":\"https:\\\/\\\/ictimai.az\\\/#organization\"},\"potentialAction\":[{\"@type\":\"SearchAction\",\"target\":{\"@type\":\"EntryPoint\",\"urlTemplate\":\"https:\\\/\\\/ictimai.az\\\/?s={search_term_string}\"},\"query-input\":{\"@type\":\"PropertyValueSpecification\",\"valueRequired\":true,\"valueName\":\"search_term_string\"}}],\"inLanguage\":\"az\"},{\"@type\":\"Organization\",\"@id\":\"https:\\\/\\\/ictimai.az\\\/#organization\",\"name\":\"\u0130CT\u0130MA\u0130.AZ\",\"url\":\"https:\\\/\\\/ictimai.az\\\/\",\"logo\":{\"@type\":\"ImageObject\",\"inLanguage\":\"az\",\"@id\":\"https:\\\/\\\/ictimai.az\\\/#\\\/schema\\\/logo\\\/image\\\/\",\"url\":\"https:\\\/\\\/ictimai.az\\\/core\\\/uploads\\\/2026\\\/06\\\/cropped-ictimai_0380d81099c6fe3baae753faceb5481f_p41rg2mzq0uyvextfh3k-768x768-1-3.png\",\"contentUrl\":\"https:\\\/\\\/ictimai.az\\\/core\\\/uploads\\\/2026\\\/06\\\/cropped-ictimai_0380d81099c6fe3baae753faceb5481f_p41rg2mzq0uyvextfh3k-768x768-1-3.png\",\"width\":768,\"height\":768,\"caption\":\"\u0130CT\u0130MA\u0130.AZ\"},\"image\":{\"@id\":\"https:\\\/\\\/ictimai.az\\\/#\\\/schema\\\/logo\\\/image\\\/\"}},{\"@type\":\"Person\",\"@id\":\"https:\\\/\\\/ictimai.az\\\/#\\\/schema\\\/person\\\/1da94bf2c7ab5d83ad349237bec1e6af\",\"name\":\"R\u0259\u015fad Bayramov\",\"image\":{\"@type\":\"ImageObject\",\"inLanguage\":\"az\",\"@id\":\"https:\\\/\\\/secure.gravatar.com\\\/avatar\\\/83c075605ba0a4d35d59726aaad89cfa8008d1f01603342c56f1dd79784491bc?s=96&d=mm&r=g\",\"url\":\"https:\\\/\\\/secure.gravatar.com\\\/avatar\\\/83c075605ba0a4d35d59726aaad89cfa8008d1f01603342c56f1dd79784491bc?s=96&d=mm&r=g\",\"contentUrl\":\"https:\\\/\\\/secure.gravatar.com\\\/avatar\\\/83c075605ba0a4d35d59726aaad89cfa8008d1f01603342c56f1dd79784491bc?s=96&d=mm&r=g\",\"caption\":\"R\u0259\u015fad Bayramov\"},\"sameAs\":[\"https:\\\/\\\/ictimai.az\\\/\"],\"url\":\"https:\\\/\\\/ictimai.az\\\/?author=2\"}]}<\/script>\n<!-- \/ Yoast SEO plugin. -->","yoast_head_json":{"title":"Ekvadorlu qad\u0131n d\u0259fn m\u0259rasimin\u0259 haz\u0131rla\u015fark\u0259n 'dirildi' - \u0130CT\u0130MA\u0130.AZ","robots":{"index":"index","follow":"follow","max-snippet":"max-snippet:-1","max-image-preview":"max-image-preview:large","max-video-preview":"max-video-preview:-1"},"canonical":"https:\/\/ictimai.az\/?p=26032","og_locale":"az_AZ","og_type":"article","og_title":"Ekvadorlu qad\u0131n d\u0259fn m\u0259rasimin\u0259 haz\u0131rla\u015fark\u0259n 'dirildi' - \u0130CT\u0130MA\u0130.AZ","og_description":"Ekvadorda \u00f6ld\u00fcy\u00fc g\u00fcman edil\u0259n ya\u015fl\u0131 qad\u0131n\u0131n qohumlar\u0131 onu d\u0259fn m\u0259rasimin\u0259 haz\u0131rlayark\u0259n h\u0259yat \u0259lam\u0259tl\u0259ri g\u00f6st\u0259rib. Bu bar\u0259d\u0259 \u201cEl Universo\u201d q\u0259zeti m\u0259lumat yay\u0131b. N\u0259\u015frin m\u0259lumat\u0131na g\u00f6r\u0259, Martin Hospital\u0131n\u0131n (Babaoyo \u015f\u0259h\u0259ri) h\u0259kiml\u0259ri c\u00fcm\u0259 g\u00fcn\u00fc, iyunun 9-da Bellan\u0131n c\u0259s\u0259dini ail\u0259sin\u0259 verib v\u0259 onlara onun \u00f6l\u00fcm \u015f\u0259had\u0259tnam\u0259si veribl\u0259r. Qad\u0131n 4,5 saat tabutda olub, bundan sonra Bellan\u0131 oyanma\u011fa haz\u0131rlamaq \u00fc\u00e7\u00fcn tabut [&hellip;]","og_url":"https:\/\/ictimai.az\/?p=26032","og_site_name":"\u0130CT\u0130MA\u0130.AZ","article_published_time":"2023-06-12T03:11:11+00:00","article_modified_time":"2023-06-12T05:11:55+00:00","og_image":[{"width":900,"height":600,"url":"https:\/\/ictimai.az\/core\/uploads\/2023\/06\/ictimai_3a22a79cd3620cf61dc0fbf9dad93554_utipzs0xab31woy5j89c.jpg","type":"image\/jpeg"}],"author":"R\u0259\u015fad Bayramov","twitter_card":"summary_large_image","twitter_misc":{"Written by":"R\u0259\u015fad Bayramov","Est. reading time":"1 minute"},"schema":{"@context":"https:\/\/schema.org","@graph":[{"@type":"Article","@id":"https:\/\/ictimai.az\/?p=26032#article","isPartOf":{"@id":"https:\/\/ictimai.az\/?p=26032"},"author":{"name":"R\u0259\u015fad Bayramov","@id":"https:\/\/ictimai.az\/#\/schema\/person\/1da94bf2c7ab5d83ad349237bec1e6af"},"headline":"Ekvadorlu qad\u0131n d\u0259fn m\u0259rasimin\u0259 haz\u0131rla\u015fark\u0259n &#8216;dirildi&#8217;","datePublished":"2023-06-12T03:11:11+00:00","dateModified":"2023-06-12T05:11:55+00:00","mainEntityOfPage":{"@id":"https:\/\/ictimai.az\/?p=26032"},"wordCount":199,"publisher":{"@id":"https:\/\/ictimai.az\/#organization"},"image":{"@id":"https:\/\/ictimai.az\/?p=26032#primaryimage"},"thumbnailUrl":"https:\/\/ictimai.az\/core\/uploads\/2023\/06\/ictimai_3a22a79cd3620cf61dc0fbf9dad93554_utipzs0xab31woy5j89c.jpg","articleSection":["Hadis\u0259","MED\u0130A"],"inLanguage":"az"},{"@type":"WebPage","@id":"https:\/\/ictimai.az\/?p=26032","url":"https:\/\/ictimai.az\/?p=26032","name":"Ekvadorlu qad\u0131n d\u0259fn m\u0259rasimin\u0259 haz\u0131rla\u015fark\u0259n 'dirildi' - \u0130CT\u0130MA\u0130.AZ","isPartOf":{"@id":"https:\/\/ictimai.az\/#website"},"primaryImageOfPage":{"@id":"https:\/\/ictimai.az\/?p=26032#primaryimage"},"image":{"@id":"https:\/\/ictimai.az\/?p=26032#primaryimage"},"thumbnailUrl":"https:\/\/ictimai.az\/core\/uploads\/2023\/06\/ictimai_3a22a79cd3620cf61dc0fbf9dad93554_utipzs0xab31woy5j89c.jpg","datePublished":"2023-06-12T03:11:11+00:00","dateModified":"2023-06-12T05:11:55+00:00","breadcrumb":{"@id":"https:\/\/ictimai.az\/?p=26032#breadcrumb"},"inLanguage":"az","potentialAction":[{"@type":"ReadAction","target":["https:\/\/ictimai.az\/?p=26032"]}]},{"@type":"ImageObject","inLanguage":"az","@id":"https:\/\/ictimai.az\/?p=26032#primaryimage","url":"https:\/\/ictimai.az\/core\/uploads\/2023\/06\/ictimai_3a22a79cd3620cf61dc0fbf9dad93554_utipzs0xab31woy5j89c.jpg","contentUrl":"https:\/\/ictimai.az\/core\/uploads\/2023\/06\/ictimai_3a22a79cd3620cf61dc0fbf9dad93554_utipzs0xab31woy5j89c.jpg","width":900,"height":600},{"@type":"BreadcrumbList","@id":"https:\/\/ictimai.az\/?p=26032#breadcrumb","itemListElement":[{"@type":"ListItem","position":1,"name":"Home","item":"https:\/\/ictimai.az\/"},{"@type":"ListItem","position":2,"name":"Ekvadorlu qad\u0131n d\u0259fn m\u0259rasimin\u0259 haz\u0131rla\u015fark\u0259n &#8216;dirildi&#8217;"}]},{"@type":"WebSite","@id":"https:\/\/ictimai.az\/#website","url":"https:\/\/ictimai.az\/","name":"\u0130CT\u0130MA\u0130.AZ","description":"","publisher":{"@id":"https:\/\/ictimai.az\/#organization"},"potentialAction":[{"@type":"SearchAction","target":{"@type":"EntryPoint","urlTemplate":"https:\/\/ictimai.az\/?s={search_term_string}"},"query-input":{"@type":"PropertyValueSpecification","valueRequired":true,"valueName":"search_term_string"}}],"inLanguage":"az"},{"@type":"Organization","@id":"https:\/\/ictimai.az\/#organization","name":"\u0130CT\u0130MA\u0130.AZ","url":"https:\/\/ictimai.az\/","logo":{"@type":"ImageObject","inLanguage":"az","@id":"https:\/\/ictimai.az\/#\/schema\/logo\/image\/","url":"https:\/\/ictimai.az\/core\/uploads\/2026\/06\/cropped-ictimai_0380d81099c6fe3baae753faceb5481f_p41rg2mzq0uyvextfh3k-768x768-1-3.png","contentUrl":"https:\/\/ictimai.az\/core\/uploads\/2026\/06\/cropped-ictimai_0380d81099c6fe3baae753faceb5481f_p41rg2mzq0uyvextfh3k-768x768-1-3.png","width":768,"height":768,"caption":"\u0130CT\u0130MA\u0130.AZ"},"image":{"@id":"https:\/\/ictimai.az\/#\/schema\/logo\/image\/"}},{"@type":"Person","@id":"https:\/\/ictimai.az\/#\/schema\/person\/1da94bf2c7ab5d83ad349237bec1e6af","name":"R\u0259\u015fad Bayramov","image":{"@type":"ImageObject","inLanguage":"az","@id":"https:\/\/secure.gravatar.com\/avatar\/83c075605ba0a4d35d59726aaad89cfa8008d1f01603342c56f1dd79784491bc?s=96&d=mm&r=g","url":"https:\/\/secure.gravatar.com\/avatar\/83c075605ba0a4d35d59726aaad89cfa8008d1f01603342c56f1dd79784491bc?s=96&d=mm&r=g","contentUrl":"https:\/\/secure.gravatar.com\/avatar\/83c075605ba0a4d35d59726aaad89cfa8008d1f01603342c56f1dd79784491bc?s=96&d=mm&r=g","caption":"R\u0259\u015fad Bayramov"},"sameAs":["https:\/\/ictimai.az\/"],"url":"https:\/\/ictimai.az\/?author=2"}]}},"_links":{"self":[{"href":"https:\/\/ictimai.az\/index.php?rest_route=\/wp\/v2\/posts\/26032","targetHints":{"allow":["GET"]}}],"collection":[{"href":"https:\/\/ictimai.az\/index.php?rest_route=\/wp\/v2\/posts"}],"about":[{"href":"https:\/\/ictimai.az\/index.php?rest_route=\/wp\/v2\/types\/post"}],"author":[{"embeddable":true,"href":"https:\/\/ictimai.az\/index.php?rest_route=\/wp\/v2\/users\/2"}],"replies":[{"embeddable":true,"href":"https:\/\/ictimai.az\/index.php?rest_route=%2Fwp%2Fv2%2Fcomments&post=26032"}],"version-history":[{"count":0,"href":"https:\/\/ictimai.az\/index.php?rest_route=\/wp\/v2\/posts\/26032\/revisions"}],"wp:featuredmedia":[{"embeddable":true,"href":"https:\/\/ictimai.az\/index.php?rest_route=\/wp\/v2\/media\/26033"}],"wp:attachment":[{"href":"https:\/\/ictimai.az\/index.php?rest_route=%2Fwp%2Fv2%2Fmedia&parent=26032"}],"wp:term":[{"taxonomy":"category","embeddable":true,"href":"https:\/\/ictimai.az\/index.php?rest_route=%2Fwp%2Fv2%2Fcategories&post=26032"},{"taxonomy":"post_tag","embeddable":true,"href":"https:\/\/ictimai.az\/index.php?rest_route=%2Fwp%2Fv2%2Ftags&post=26032"}],"curies":[{"name":"wp","href":"https:\/\/api.w.org\/{rel}","templated":true}]}}