{"id":27804,"date":"2023-07-13T12:06:29","date_gmt":"2023-07-13T08:06:29","guid":{"rendered":"https:\/\/ictimai.az\/?p=27804"},"modified":"2023-07-13T11:39:26","modified_gmt":"2023-07-13T07:39:26","slug":"prezident-ilham-eliyev-israilin-mudafie-nazirini-qebul-edib","status":"publish","type":"post","link":"https:\/\/ictimai.az\/?p=27804","title":{"rendered":"Prezident \u0130lham \u018fliyev \u0130srailin m\u00fcdafi\u0259 nazirini q\u0259bul edib"},"content":{"rendered":"<p>\u0130yulun 13-d\u0259 Az\u0259rbaycan Respublikas\u0131n\u0131n Prezidenti\u00a0\u0130lham \u018fliyev\u00a0\u0130srail D\u00f6vl\u0259tinin m\u00fcdafi\u0259 naziri Yoav Qallant\u0131 q\u0259bul edib.<\/p>\n<p><a href=\"https:\/\/azertag.az\/xeber\/Prezident_Ilham_Aliyev_Israilin_mudafie_nazirini_qebul_edib-2692729\" target=\"_blank\" rel=\"noopener noreferrer\">AZ\u018fRTAC<\/a>\u00a0x\u0259b\u0259r verir ki, Yoav Qallant \u0130srailin Ba\u015f naziri Benyamin Netanyahunun salamlar\u0131n\u0131 d\u00f6vl\u0259timizin ba\u015f\u00e7\u0131s\u0131na \u00e7atd\u0131r\u0131b.<\/p>\n<p>Prezident \u0130lham \u018fliyev salamlara g\u00f6r\u0259 minn\u0259tdarl\u0131\u011f\u0131n\u0131 bildirib, onun da salamlar\u0131n\u0131 \u0130srailin ba\u015f nazirin\u0259 \u00e7atd\u0131rma\u011f\u0131 xahi\u015f edib.<\/p>\n<p>S\u00f6hb\u0259t zaman\u0131 d\u00f6vl\u0259timizin ba\u015f\u00e7\u0131s\u0131 il\u0259 \u0130srailin m\u00fcdafi\u0259 naziri aras\u0131nda bu il M\u00fcnhend\u0259 ke\u00e7iril\u0259n g\u00f6r\u00fc\u015f xat\u0131rlan\u0131b.<\/p>\n<p>\u0130kit\u0259r\u0259fli m\u00fcnasib\u0259tl\u0259rin inki\u015faf\u0131ndan, o c\u00fcml\u0259d\u0259n h\u0259rbi-texniki sah\u0259d\u0259 \u0259m\u0259kda\u015fl\u0131qdan m\u0259mnunluq ifad\u0259 edilib. \u0130srail Prezidenti \u0130sxak Hersoqun Az\u0259rbaycana s\u0259f\u0259rinin \u0259laq\u0259l\u0259rimizin inki\u015faf\u0131nda rolu qeyd olunub.<\/p>\n<p>G\u00f6r\u00fc\u015fd\u0259 Az\u0259rbaycan\u0131n \u0130sraild\u0259 s\u0259firliyinin a\u00e7\u0131lmas\u0131n\u0131n \u0259m\u0259kda\u015fl\u0131\u011f\u0131n geni\u015fl\u0259ndirilm\u0259si bax\u0131m\u0131ndan \u00f6n\u0259mi vur\u011fulan\u0131b.<\/p>\n","protected":false},"excerpt":{"rendered":"<p>\u0130yulun 13-d\u0259 Az\u0259rbaycan Respublikas\u0131n\u0131n Prezidenti\u00a0\u0130lham \u018fliyev\u00a0\u0130srail D\u00f6vl\u0259tinin m\u00fcdafi\u0259 naziri Yoav Qallant\u0131 q\u0259bul edib. AZ\u018fRTAC\u00a0x\u0259b\u0259r verir ki, Yoav Qallant \u0130srailin Ba\u015f naziri Benyamin Netanyahunun salamlar\u0131n\u0131 d\u00f6vl\u0259timizin ba\u015f\u00e7\u0131s\u0131na \u00e7atd\u0131r\u0131b. Prezident \u0130lham \u018fliyev salamlara g\u00f6r\u0259 minn\u0259tdarl\u0131\u011f\u0131n\u0131 bildirib, onun da salamlar\u0131n\u0131 \u0130srailin ba\u015f nazirin\u0259 \u00e7atd\u0131rma\u011f\u0131 xahi\u015f edib. S\u00f6hb\u0259t zaman\u0131 d\u00f6vl\u0259timizin ba\u015f\u00e7\u0131s\u0131 il\u0259 \u0130srailin m\u00fcdafi\u0259 naziri aras\u0131nda bu il M\u00fcnhend\u0259 [&hellip;]<\/p>\n","protected":false},"author":2,"featured_media":27805,"comment_status":"closed","ping_status":"closed","sticky":false,"template":"","format":"standard","meta":{"footnotes":""},"categories":[2],"tags":[],"class_list":["post-27804","post","type-post","status-publish","format-standard","has-post-thumbnail","hentry","category-trend"],"yoast_head":"<!-- This site is optimized with the Yoast SEO plugin v28.2 - https:\/\/yoast.com\/product\/yoast-seo-wordpress\/ -->\n<title>Prezident \u0130lham \u018fliyev \u0130srailin m\u00fcdafi\u0259 nazirini q\u0259bul edib - \u0130CT\u0130MA\u0130.AZ<\/title>\n<meta name=\"robots\" content=\"index, follow, max-snippet:-1, max-image-preview:large, max-video-preview:-1\" \/>\n<link rel=\"canonical\" href=\"https:\/\/ictimai.az\/?p=27804\" \/>\n<meta property=\"og:locale\" content=\"az_AZ\" \/>\n<meta property=\"og:type\" content=\"article\" \/>\n<meta property=\"og:title\" content=\"Prezident \u0130lham \u018fliyev \u0130srailin m\u00fcdafi\u0259 nazirini q\u0259bul edib - \u0130CT\u0130MA\u0130.AZ\" \/>\n<meta property=\"og:description\" content=\"\u0130yulun 13-d\u0259 Az\u0259rbaycan Respublikas\u0131n\u0131n Prezidenti\u00a0\u0130lham \u018fliyev\u00a0\u0130srail D\u00f6vl\u0259tinin m\u00fcdafi\u0259 naziri Yoav Qallant\u0131 q\u0259bul edib. AZ\u018fRTAC\u00a0x\u0259b\u0259r verir ki, Yoav Qallant \u0130srailin Ba\u015f naziri Benyamin Netanyahunun salamlar\u0131n\u0131 d\u00f6vl\u0259timizin ba\u015f\u00e7\u0131s\u0131na \u00e7atd\u0131r\u0131b. Prezident \u0130lham \u018fliyev salamlara g\u00f6r\u0259 minn\u0259tdarl\u0131\u011f\u0131n\u0131 bildirib, onun da salamlar\u0131n\u0131 \u0130srailin ba\u015f nazirin\u0259 \u00e7atd\u0131rma\u011f\u0131 xahi\u015f edib. S\u00f6hb\u0259t zaman\u0131 d\u00f6vl\u0259timizin ba\u015f\u00e7\u0131s\u0131 il\u0259 \u0130srailin m\u00fcdafi\u0259 naziri aras\u0131nda bu il M\u00fcnhend\u0259 [&hellip;]\" \/>\n<meta property=\"og:url\" content=\"https:\/\/ictimai.az\/?p=27804\" \/>\n<meta property=\"og:site_name\" content=\"\u0130CT\u0130MA\u0130.AZ\" \/>\n<meta property=\"article:published_time\" content=\"2023-07-13T08:06:29+00:00\" \/>\n<meta property=\"og:image\" content=\"https:\/\/ictimai.az\/core\/uploads\/2023\/07\/ictimai_5500ae5c7a972f8c04ebf3de989ff124_3m8oqn5ytxre9wl70jcz.jpg\" \/>\n\t<meta property=\"og:image:width\" content=\"620\" \/>\n\t<meta property=\"og:image:height\" content=\"413\" \/>\n\t<meta property=\"og:image:type\" content=\"image\/jpeg\" \/>\n<meta name=\"author\" content=\"R\u0259\u015fad Bayramov\" \/>\n<meta name=\"twitter:card\" content=\"summary_large_image\" \/>\n<meta name=\"twitter:label1\" content=\"Written by\" \/>\n\t<meta name=\"twitter:data1\" content=\"R\u0259\u015fad Bayramov\" \/>\n\t<meta name=\"twitter:label2\" content=\"Est. reading time\" \/>\n\t<meta name=\"twitter:data2\" content=\"1 minute\" \/>\n<script type=\"application\/ld+json\" class=\"yoast-schema-graph\">{\"@context\":\"https:\\\/\\\/schema.org\",\"@graph\":[{\"@type\":\"Article\",\"@id\":\"https:\\\/\\\/ictimai.az\\\/?p=27804#article\",\"isPartOf\":{\"@id\":\"https:\\\/\\\/ictimai.az\\\/?p=27804\"},\"author\":{\"name\":\"R\u0259\u015fad Bayramov\",\"@id\":\"https:\\\/\\\/ictimai.az\\\/#\\\/schema\\\/person\\\/1da94bf2c7ab5d83ad349237bec1e6af\"},\"headline\":\"Prezident \u0130lham \u018fliyev \u0130srailin m\u00fcdafi\u0259 nazirini q\u0259bul edib\",\"datePublished\":\"2023-07-13T08:06:29+00:00\",\"mainEntityOfPage\":{\"@id\":\"https:\\\/\\\/ictimai.az\\\/?p=27804\"},\"wordCount\":180,\"publisher\":{\"@id\":\"https:\\\/\\\/ictimai.az\\\/#organization\"},\"image\":{\"@id\":\"https:\\\/\\\/ictimai.az\\\/?p=27804#primaryimage\"},\"thumbnailUrl\":\"https:\\\/\\\/ictimai.az\\\/core\\\/uploads\\\/2023\\\/07\\\/ictimai_5500ae5c7a972f8c04ebf3de989ff124_3m8oqn5ytxre9wl70jcz.jpg\",\"articleSection\":[\"G\u00fcnd\u0259m\"],\"inLanguage\":\"az\"},{\"@type\":\"WebPage\",\"@id\":\"https:\\\/\\\/ictimai.az\\\/?p=27804\",\"url\":\"https:\\\/\\\/ictimai.az\\\/?p=27804\",\"name\":\"Prezident \u0130lham \u018fliyev \u0130srailin m\u00fcdafi\u0259 nazirini q\u0259bul edib - \u0130CT\u0130MA\u0130.AZ\",\"isPartOf\":{\"@id\":\"https:\\\/\\\/ictimai.az\\\/#website\"},\"primaryImageOfPage\":{\"@id\":\"https:\\\/\\\/ictimai.az\\\/?p=27804#primaryimage\"},\"image\":{\"@id\":\"https:\\\/\\\/ictimai.az\\\/?p=27804#primaryimage\"},\"thumbnailUrl\":\"https:\\\/\\\/ictimai.az\\\/core\\\/uploads\\\/2023\\\/07\\\/ictimai_5500ae5c7a972f8c04ebf3de989ff124_3m8oqn5ytxre9wl70jcz.jpg\",\"datePublished\":\"2023-07-13T08:06:29+00:00\",\"breadcrumb\":{\"@id\":\"https:\\\/\\\/ictimai.az\\\/?p=27804#breadcrumb\"},\"inLanguage\":\"az\",\"potentialAction\":[{\"@type\":\"ReadAction\",\"target\":[\"https:\\\/\\\/ictimai.az\\\/?p=27804\"]}]},{\"@type\":\"ImageObject\",\"inLanguage\":\"az\",\"@id\":\"https:\\\/\\\/ictimai.az\\\/?p=27804#primaryimage\",\"url\":\"https:\\\/\\\/ictimai.az\\\/core\\\/uploads\\\/2023\\\/07\\\/ictimai_5500ae5c7a972f8c04ebf3de989ff124_3m8oqn5ytxre9wl70jcz.jpg\",\"contentUrl\":\"https:\\\/\\\/ictimai.az\\\/core\\\/uploads\\\/2023\\\/07\\\/ictimai_5500ae5c7a972f8c04ebf3de989ff124_3m8oqn5ytxre9wl70jcz.jpg\",\"width\":620,\"height\":413},{\"@type\":\"BreadcrumbList\",\"@id\":\"https:\\\/\\\/ictimai.az\\\/?p=27804#breadcrumb\",\"itemListElement\":[{\"@type\":\"ListItem\",\"position\":1,\"name\":\"Home\",\"item\":\"https:\\\/\\\/ictimai.az\\\/\"},{\"@type\":\"ListItem\",\"position\":2,\"name\":\"Prezident \u0130lham \u018fliyev \u0130srailin m\u00fcdafi\u0259 nazirini q\u0259bul edib\"}]},{\"@type\":\"WebSite\",\"@id\":\"https:\\\/\\\/ictimai.az\\\/#website\",\"url\":\"https:\\\/\\\/ictimai.az\\\/\",\"name\":\"\u0130CT\u0130MA\u0130.AZ\",\"description\":\"\",\"publisher\":{\"@id\":\"https:\\\/\\\/ictimai.az\\\/#organization\"},\"potentialAction\":[{\"@type\":\"SearchAction\",\"target\":{\"@type\":\"EntryPoint\",\"urlTemplate\":\"https:\\\/\\\/ictimai.az\\\/?s={search_term_string}\"},\"query-input\":{\"@type\":\"PropertyValueSpecification\",\"valueRequired\":true,\"valueName\":\"search_term_string\"}}],\"inLanguage\":\"az\"},{\"@type\":\"Organization\",\"@id\":\"https:\\\/\\\/ictimai.az\\\/#organization\",\"name\":\"\u0130CT\u0130MA\u0130.AZ\",\"url\":\"https:\\\/\\\/ictimai.az\\\/\",\"logo\":{\"@type\":\"ImageObject\",\"inLanguage\":\"az\",\"@id\":\"https:\\\/\\\/ictimai.az\\\/#\\\/schema\\\/logo\\\/image\\\/\",\"url\":\"https:\\\/\\\/ictimai.az\\\/core\\\/uploads\\\/2026\\\/06\\\/cropped-ictimai_0380d81099c6fe3baae753faceb5481f_p41rg2mzq0uyvextfh3k-768x768-1-3.png\",\"contentUrl\":\"https:\\\/\\\/ictimai.az\\\/core\\\/uploads\\\/2026\\\/06\\\/cropped-ictimai_0380d81099c6fe3baae753faceb5481f_p41rg2mzq0uyvextfh3k-768x768-1-3.png\",\"width\":768,\"height\":768,\"caption\":\"\u0130CT\u0130MA\u0130.AZ\"},\"image\":{\"@id\":\"https:\\\/\\\/ictimai.az\\\/#\\\/schema\\\/logo\\\/image\\\/\"}},{\"@type\":\"Person\",\"@id\":\"https:\\\/\\\/ictimai.az\\\/#\\\/schema\\\/person\\\/1da94bf2c7ab5d83ad349237bec1e6af\",\"name\":\"R\u0259\u015fad Bayramov\",\"image\":{\"@type\":\"ImageObject\",\"inLanguage\":\"az\",\"@id\":\"https:\\\/\\\/secure.gravatar.com\\\/avatar\\\/83c075605ba0a4d35d59726aaad89cfa8008d1f01603342c56f1dd79784491bc?s=96&d=mm&r=g\",\"url\":\"https:\\\/\\\/secure.gravatar.com\\\/avatar\\\/83c075605ba0a4d35d59726aaad89cfa8008d1f01603342c56f1dd79784491bc?s=96&d=mm&r=g\",\"contentUrl\":\"https:\\\/\\\/secure.gravatar.com\\\/avatar\\\/83c075605ba0a4d35d59726aaad89cfa8008d1f01603342c56f1dd79784491bc?s=96&d=mm&r=g\",\"caption\":\"R\u0259\u015fad Bayramov\"},\"sameAs\":[\"https:\\\/\\\/ictimai.az\\\/\"],\"url\":\"https:\\\/\\\/ictimai.az\\\/?author=2\"}]}<\/script>\n<!-- \/ Yoast SEO plugin. -->","yoast_head_json":{"title":"Prezident \u0130lham \u018fliyev \u0130srailin m\u00fcdafi\u0259 nazirini q\u0259bul edib - \u0130CT\u0130MA\u0130.AZ","robots":{"index":"index","follow":"follow","max-snippet":"max-snippet:-1","max-image-preview":"max-image-preview:large","max-video-preview":"max-video-preview:-1"},"canonical":"https:\/\/ictimai.az\/?p=27804","og_locale":"az_AZ","og_type":"article","og_title":"Prezident \u0130lham \u018fliyev \u0130srailin m\u00fcdafi\u0259 nazirini q\u0259bul edib - \u0130CT\u0130MA\u0130.AZ","og_description":"\u0130yulun 13-d\u0259 Az\u0259rbaycan Respublikas\u0131n\u0131n Prezidenti\u00a0\u0130lham \u018fliyev\u00a0\u0130srail D\u00f6vl\u0259tinin m\u00fcdafi\u0259 naziri Yoav Qallant\u0131 q\u0259bul edib. AZ\u018fRTAC\u00a0x\u0259b\u0259r verir ki, Yoav Qallant \u0130srailin Ba\u015f naziri Benyamin Netanyahunun salamlar\u0131n\u0131 d\u00f6vl\u0259timizin ba\u015f\u00e7\u0131s\u0131na \u00e7atd\u0131r\u0131b. Prezident \u0130lham \u018fliyev salamlara g\u00f6r\u0259 minn\u0259tdarl\u0131\u011f\u0131n\u0131 bildirib, onun da salamlar\u0131n\u0131 \u0130srailin ba\u015f nazirin\u0259 \u00e7atd\u0131rma\u011f\u0131 xahi\u015f edib. S\u00f6hb\u0259t zaman\u0131 d\u00f6vl\u0259timizin ba\u015f\u00e7\u0131s\u0131 il\u0259 \u0130srailin m\u00fcdafi\u0259 naziri aras\u0131nda bu il M\u00fcnhend\u0259 [&hellip;]","og_url":"https:\/\/ictimai.az\/?p=27804","og_site_name":"\u0130CT\u0130MA\u0130.AZ","article_published_time":"2023-07-13T08:06:29+00:00","og_image":[{"width":620,"height":413,"url":"https:\/\/ictimai.az\/core\/uploads\/2023\/07\/ictimai_5500ae5c7a972f8c04ebf3de989ff124_3m8oqn5ytxre9wl70jcz.jpg","type":"image\/jpeg"}],"author":"R\u0259\u015fad Bayramov","twitter_card":"summary_large_image","twitter_misc":{"Written by":"R\u0259\u015fad Bayramov","Est. reading time":"1 minute"},"schema":{"@context":"https:\/\/schema.org","@graph":[{"@type":"Article","@id":"https:\/\/ictimai.az\/?p=27804#article","isPartOf":{"@id":"https:\/\/ictimai.az\/?p=27804"},"author":{"name":"R\u0259\u015fad Bayramov","@id":"https:\/\/ictimai.az\/#\/schema\/person\/1da94bf2c7ab5d83ad349237bec1e6af"},"headline":"Prezident \u0130lham \u018fliyev \u0130srailin m\u00fcdafi\u0259 nazirini q\u0259bul edib","datePublished":"2023-07-13T08:06:29+00:00","mainEntityOfPage":{"@id":"https:\/\/ictimai.az\/?p=27804"},"wordCount":180,"publisher":{"@id":"https:\/\/ictimai.az\/#organization"},"image":{"@id":"https:\/\/ictimai.az\/?p=27804#primaryimage"},"thumbnailUrl":"https:\/\/ictimai.az\/core\/uploads\/2023\/07\/ictimai_5500ae5c7a972f8c04ebf3de989ff124_3m8oqn5ytxre9wl70jcz.jpg","articleSection":["G\u00fcnd\u0259m"],"inLanguage":"az"},{"@type":"WebPage","@id":"https:\/\/ictimai.az\/?p=27804","url":"https:\/\/ictimai.az\/?p=27804","name":"Prezident \u0130lham \u018fliyev \u0130srailin m\u00fcdafi\u0259 nazirini q\u0259bul edib - \u0130CT\u0130MA\u0130.AZ","isPartOf":{"@id":"https:\/\/ictimai.az\/#website"},"primaryImageOfPage":{"@id":"https:\/\/ictimai.az\/?p=27804#primaryimage"},"image":{"@id":"https:\/\/ictimai.az\/?p=27804#primaryimage"},"thumbnailUrl":"https:\/\/ictimai.az\/core\/uploads\/2023\/07\/ictimai_5500ae5c7a972f8c04ebf3de989ff124_3m8oqn5ytxre9wl70jcz.jpg","datePublished":"2023-07-13T08:06:29+00:00","breadcrumb":{"@id":"https:\/\/ictimai.az\/?p=27804#breadcrumb"},"inLanguage":"az","potentialAction":[{"@type":"ReadAction","target":["https:\/\/ictimai.az\/?p=27804"]}]},{"@type":"ImageObject","inLanguage":"az","@id":"https:\/\/ictimai.az\/?p=27804#primaryimage","url":"https:\/\/ictimai.az\/core\/uploads\/2023\/07\/ictimai_5500ae5c7a972f8c04ebf3de989ff124_3m8oqn5ytxre9wl70jcz.jpg","contentUrl":"https:\/\/ictimai.az\/core\/uploads\/2023\/07\/ictimai_5500ae5c7a972f8c04ebf3de989ff124_3m8oqn5ytxre9wl70jcz.jpg","width":620,"height":413},{"@type":"BreadcrumbList","@id":"https:\/\/ictimai.az\/?p=27804#breadcrumb","itemListElement":[{"@type":"ListItem","position":1,"name":"Home","item":"https:\/\/ictimai.az\/"},{"@type":"ListItem","position":2,"name":"Prezident \u0130lham \u018fliyev \u0130srailin m\u00fcdafi\u0259 nazirini q\u0259bul edib"}]},{"@type":"WebSite","@id":"https:\/\/ictimai.az\/#website","url":"https:\/\/ictimai.az\/","name":"\u0130CT\u0130MA\u0130.AZ","description":"","publisher":{"@id":"https:\/\/ictimai.az\/#organization"},"potentialAction":[{"@type":"SearchAction","target":{"@type":"EntryPoint","urlTemplate":"https:\/\/ictimai.az\/?s={search_term_string}"},"query-input":{"@type":"PropertyValueSpecification","valueRequired":true,"valueName":"search_term_string"}}],"inLanguage":"az"},{"@type":"Organization","@id":"https:\/\/ictimai.az\/#organization","name":"\u0130CT\u0130MA\u0130.AZ","url":"https:\/\/ictimai.az\/","logo":{"@type":"ImageObject","inLanguage":"az","@id":"https:\/\/ictimai.az\/#\/schema\/logo\/image\/","url":"https:\/\/ictimai.az\/core\/uploads\/2026\/06\/cropped-ictimai_0380d81099c6fe3baae753faceb5481f_p41rg2mzq0uyvextfh3k-768x768-1-3.png","contentUrl":"https:\/\/ictimai.az\/core\/uploads\/2026\/06\/cropped-ictimai_0380d81099c6fe3baae753faceb5481f_p41rg2mzq0uyvextfh3k-768x768-1-3.png","width":768,"height":768,"caption":"\u0130CT\u0130MA\u0130.AZ"},"image":{"@id":"https:\/\/ictimai.az\/#\/schema\/logo\/image\/"}},{"@type":"Person","@id":"https:\/\/ictimai.az\/#\/schema\/person\/1da94bf2c7ab5d83ad349237bec1e6af","name":"R\u0259\u015fad Bayramov","image":{"@type":"ImageObject","inLanguage":"az","@id":"https:\/\/secure.gravatar.com\/avatar\/83c075605ba0a4d35d59726aaad89cfa8008d1f01603342c56f1dd79784491bc?s=96&d=mm&r=g","url":"https:\/\/secure.gravatar.com\/avatar\/83c075605ba0a4d35d59726aaad89cfa8008d1f01603342c56f1dd79784491bc?s=96&d=mm&r=g","contentUrl":"https:\/\/secure.gravatar.com\/avatar\/83c075605ba0a4d35d59726aaad89cfa8008d1f01603342c56f1dd79784491bc?s=96&d=mm&r=g","caption":"R\u0259\u015fad Bayramov"},"sameAs":["https:\/\/ictimai.az\/"],"url":"https:\/\/ictimai.az\/?author=2"}]}},"_links":{"self":[{"href":"https:\/\/ictimai.az\/index.php?rest_route=\/wp\/v2\/posts\/27804","targetHints":{"allow":["GET"]}}],"collection":[{"href":"https:\/\/ictimai.az\/index.php?rest_route=\/wp\/v2\/posts"}],"about":[{"href":"https:\/\/ictimai.az\/index.php?rest_route=\/wp\/v2\/types\/post"}],"author":[{"embeddable":true,"href":"https:\/\/ictimai.az\/index.php?rest_route=\/wp\/v2\/users\/2"}],"replies":[{"embeddable":true,"href":"https:\/\/ictimai.az\/index.php?rest_route=%2Fwp%2Fv2%2Fcomments&post=27804"}],"version-history":[{"count":0,"href":"https:\/\/ictimai.az\/index.php?rest_route=\/wp\/v2\/posts\/27804\/revisions"}],"wp:featuredmedia":[{"embeddable":true,"href":"https:\/\/ictimai.az\/index.php?rest_route=\/wp\/v2\/media\/27805"}],"wp:attachment":[{"href":"https:\/\/ictimai.az\/index.php?rest_route=%2Fwp%2Fv2%2Fmedia&parent=27804"}],"wp:term":[{"taxonomy":"category","embeddable":true,"href":"https:\/\/ictimai.az\/index.php?rest_route=%2Fwp%2Fv2%2Fcategories&post=27804"},{"taxonomy":"post_tag","embeddable":true,"href":"https:\/\/ictimai.az\/index.php?rest_route=%2Fwp%2Fv2%2Ftags&post=27804"}],"curies":[{"name":"wp","href":"https:\/\/api.w.org\/{rel}","templated":true}]}}