{"id":28537,"date":"2023-07-24T19:17:11","date_gmt":"2023-07-24T15:17:11","guid":{"rendered":"https:\/\/ictimai.az\/?p=28537"},"modified":"2023-07-24T21:12:07","modified_gmt":"2023-07-24T17:12:07","slug":"anna-xilkevic-yataq-sehnelerinde-oynamaqdan-qorxur","status":"publish","type":"post","link":"https:\/\/ictimai.az\/?p=28537","title":{"rendered":"Anna Xilkevi\u00e7 yataq s\u0259hn\u0259l\u0259rind\u0259 oynamaqdan qorxur"},"content":{"rendered":"<p>Aktrisa Anna Xilkevi\u00e7 \u0130nstaqramda (Meta-n\u0131n sahibi Rusiyada ekstremist kimi tan\u0131n\u0131b v\u0259 qada\u011fan edilib) etiraf edib ki, filml\u0259rd\u0259 yataq s\u0259hn\u0259l\u0259rind\u0259 oynamaqdan qorxur. Bununla bel\u0259, o, art\u0131q s\u0259mimi \u00e7\u0259kili\u015f t\u0259cr\u00fcb\u0259sin\u0259 malikdir.<\/p>\n<p>\u201cXeyr, m\u0259n filml\u0259rd\u0259 \u00e7\u0131lpaq rol almam\u0131\u015fam. Amma bir-iki d\u0259f\u0259 ki\u015fi jurnallar\u0131 \u00fc\u00e7\u00fcn \u00e7\u0259kili\u015f aparm\u0131\u015fam. Hans\u0131 ki, d\u00fcz\u00fcn\u00fc des\u0259m, art\u0131q pe\u015fman olmu\u015fdum. Ancaq \u00e7ox deyil &#8220;dedi s\u0259n\u0259t\u00e7i.<\/p>\n<p>Xilkevi\u00e7in dediyin\u0259 g\u00f6r\u0259, tezlikl\u0259 a\u00e7\u0131q epizodlu bir layih\u0259d\u0259 \u00e7\u0259kili\u015fl\u0259ri olacaq &#8211; aktrisa qar\u015f\u0131dak\u0131 i\u015fd\u0259n narahat oldu\u011funu etiraf etdi.<\/p>\n<p>M\u0259nb\u0259: Gazeta.ru<\/p>\n","protected":false},"excerpt":{"rendered":"<p>Aktrisa Anna Xilkevi\u00e7 \u0130nstaqramda (Meta-n\u0131n sahibi Rusiyada ekstremist kimi tan\u0131n\u0131b v\u0259 qada\u011fan edilib) etiraf edib ki, filml\u0259rd\u0259 yataq s\u0259hn\u0259l\u0259rind\u0259 oynamaqdan qorxur. Bununla bel\u0259, o, art\u0131q s\u0259mimi \u00e7\u0259kili\u015f t\u0259cr\u00fcb\u0259sin\u0259 malikdir. \u201cXeyr, m\u0259n filml\u0259rd\u0259 \u00e7\u0131lpaq rol almam\u0131\u015fam. Amma bir-iki d\u0259f\u0259 ki\u015fi jurnallar\u0131 \u00fc\u00e7\u00fcn \u00e7\u0259kili\u015f aparm\u0131\u015fam. Hans\u0131 ki, d\u00fcz\u00fcn\u00fc des\u0259m, art\u0131q pe\u015fman olmu\u015fdum. Ancaq \u00e7ox deyil &#8220;dedi s\u0259n\u0259t\u00e7i. [&hellip;]<\/p>\n","protected":false},"author":2,"featured_media":28538,"comment_status":"closed","ping_status":"closed","sticky":false,"template":"","format":"standard","meta":{"footnotes":""},"categories":[36,38],"tags":[],"class_list":["post-28537","post","type-post","status-publish","format-standard","has-post-thumbnail","hentry","category-media","category-culture"],"yoast_head":"<!-- This site is optimized with the Yoast SEO plugin v28.2 - https:\/\/yoast.com\/product\/yoast-seo-wordpress\/ -->\n<title>Anna Xilkevi\u00e7 yataq s\u0259hn\u0259l\u0259rind\u0259 oynamaqdan qorxur - \u0130CT\u0130MA\u0130.AZ<\/title>\n<meta name=\"robots\" content=\"index, follow, max-snippet:-1, max-image-preview:large, max-video-preview:-1\" \/>\n<link rel=\"canonical\" href=\"https:\/\/ictimai.az\/?p=28537\" \/>\n<meta property=\"og:locale\" content=\"az_AZ\" \/>\n<meta property=\"og:type\" content=\"article\" \/>\n<meta property=\"og:title\" content=\"Anna Xilkevi\u00e7 yataq s\u0259hn\u0259l\u0259rind\u0259 oynamaqdan qorxur - \u0130CT\u0130MA\u0130.AZ\" \/>\n<meta property=\"og:description\" content=\"Aktrisa Anna Xilkevi\u00e7 \u0130nstaqramda (Meta-n\u0131n sahibi Rusiyada ekstremist kimi tan\u0131n\u0131b v\u0259 qada\u011fan edilib) etiraf edib ki, filml\u0259rd\u0259 yataq s\u0259hn\u0259l\u0259rind\u0259 oynamaqdan qorxur. Bununla bel\u0259, o, art\u0131q s\u0259mimi \u00e7\u0259kili\u015f t\u0259cr\u00fcb\u0259sin\u0259 malikdir. \u201cXeyr, m\u0259n filml\u0259rd\u0259 \u00e7\u0131lpaq rol almam\u0131\u015fam. Amma bir-iki d\u0259f\u0259 ki\u015fi jurnallar\u0131 \u00fc\u00e7\u00fcn \u00e7\u0259kili\u015f aparm\u0131\u015fam. Hans\u0131 ki, d\u00fcz\u00fcn\u00fc des\u0259m, art\u0131q pe\u015fman olmu\u015fdum. Ancaq \u00e7ox deyil &#8220;dedi s\u0259n\u0259t\u00e7i. [&hellip;]\" \/>\n<meta property=\"og:url\" content=\"https:\/\/ictimai.az\/?p=28537\" \/>\n<meta property=\"og:site_name\" content=\"\u0130CT\u0130MA\u0130.AZ\" \/>\n<meta property=\"article:published_time\" content=\"2023-07-24T15:17:11+00:00\" \/>\n<meta property=\"article:modified_time\" content=\"2023-07-24T17:12:07+00:00\" \/>\n<meta property=\"og:image\" content=\"https:\/\/ictimai.az\/core\/uploads\/2023\/07\/ictimai_b11883808755cfa5e09286f1678fb53c_x0hag9wzevmby8ltjk23.jpg\" \/>\n\t<meta property=\"og:image:width\" content=\"895\" \/>\n\t<meta property=\"og:image:height\" content=\"505\" \/>\n\t<meta property=\"og:image:type\" content=\"image\/jpeg\" \/>\n<meta name=\"author\" content=\"R\u0259\u015fad Bayramov\" \/>\n<meta name=\"twitter:card\" content=\"summary_large_image\" \/>\n<meta name=\"twitter:label1\" content=\"Written by\" \/>\n\t<meta name=\"twitter:data1\" content=\"R\u0259\u015fad Bayramov\" \/>\n\t<meta name=\"twitter:label2\" content=\"Est. reading time\" \/>\n\t<meta name=\"twitter:data2\" content=\"1 minute\" \/>\n<script type=\"application\/ld+json\" class=\"yoast-schema-graph\">{\"@context\":\"https:\\\/\\\/schema.org\",\"@graph\":[{\"@type\":\"Article\",\"@id\":\"https:\\\/\\\/ictimai.az\\\/?p=28537#article\",\"isPartOf\":{\"@id\":\"https:\\\/\\\/ictimai.az\\\/?p=28537\"},\"author\":{\"name\":\"R\u0259\u015fad Bayramov\",\"@id\":\"https:\\\/\\\/ictimai.az\\\/#\\\/schema\\\/person\\\/1da94bf2c7ab5d83ad349237bec1e6af\"},\"headline\":\"Anna Xilkevi\u00e7 yataq s\u0259hn\u0259l\u0259rind\u0259 oynamaqdan qorxur\",\"datePublished\":\"2023-07-24T15:17:11+00:00\",\"dateModified\":\"2023-07-24T17:12:07+00:00\",\"mainEntityOfPage\":{\"@id\":\"https:\\\/\\\/ictimai.az\\\/?p=28537\"},\"wordCount\":124,\"publisher\":{\"@id\":\"https:\\\/\\\/ictimai.az\\\/#organization\"},\"image\":{\"@id\":\"https:\\\/\\\/ictimai.az\\\/?p=28537#primaryimage\"},\"thumbnailUrl\":\"https:\\\/\\\/ictimai.az\\\/core\\\/uploads\\\/2023\\\/07\\\/ictimai_b11883808755cfa5e09286f1678fb53c_x0hag9wzevmby8ltjk23.jpg\",\"articleSection\":[\"MED\u0130A\",\"\u015eou - M\u0259d\u0259niyy\u0259t\"],\"inLanguage\":\"az\"},{\"@type\":\"WebPage\",\"@id\":\"https:\\\/\\\/ictimai.az\\\/?p=28537\",\"url\":\"https:\\\/\\\/ictimai.az\\\/?p=28537\",\"name\":\"Anna Xilkevi\u00e7 yataq s\u0259hn\u0259l\u0259rind\u0259 oynamaqdan qorxur - \u0130CT\u0130MA\u0130.AZ\",\"isPartOf\":{\"@id\":\"https:\\\/\\\/ictimai.az\\\/#website\"},\"primaryImageOfPage\":{\"@id\":\"https:\\\/\\\/ictimai.az\\\/?p=28537#primaryimage\"},\"image\":{\"@id\":\"https:\\\/\\\/ictimai.az\\\/?p=28537#primaryimage\"},\"thumbnailUrl\":\"https:\\\/\\\/ictimai.az\\\/core\\\/uploads\\\/2023\\\/07\\\/ictimai_b11883808755cfa5e09286f1678fb53c_x0hag9wzevmby8ltjk23.jpg\",\"datePublished\":\"2023-07-24T15:17:11+00:00\",\"dateModified\":\"2023-07-24T17:12:07+00:00\",\"breadcrumb\":{\"@id\":\"https:\\\/\\\/ictimai.az\\\/?p=28537#breadcrumb\"},\"inLanguage\":\"az\",\"potentialAction\":[{\"@type\":\"ReadAction\",\"target\":[\"https:\\\/\\\/ictimai.az\\\/?p=28537\"]}]},{\"@type\":\"ImageObject\",\"inLanguage\":\"az\",\"@id\":\"https:\\\/\\\/ictimai.az\\\/?p=28537#primaryimage\",\"url\":\"https:\\\/\\\/ictimai.az\\\/core\\\/uploads\\\/2023\\\/07\\\/ictimai_b11883808755cfa5e09286f1678fb53c_x0hag9wzevmby8ltjk23.jpg\",\"contentUrl\":\"https:\\\/\\\/ictimai.az\\\/core\\\/uploads\\\/2023\\\/07\\\/ictimai_b11883808755cfa5e09286f1678fb53c_x0hag9wzevmby8ltjk23.jpg\",\"width\":895,\"height\":505},{\"@type\":\"BreadcrumbList\",\"@id\":\"https:\\\/\\\/ictimai.az\\\/?p=28537#breadcrumb\",\"itemListElement\":[{\"@type\":\"ListItem\",\"position\":1,\"name\":\"Home\",\"item\":\"https:\\\/\\\/ictimai.az\\\/\"},{\"@type\":\"ListItem\",\"position\":2,\"name\":\"Anna Xilkevi\u00e7 yataq s\u0259hn\u0259l\u0259rind\u0259 oynamaqdan qorxur\"}]},{\"@type\":\"WebSite\",\"@id\":\"https:\\\/\\\/ictimai.az\\\/#website\",\"url\":\"https:\\\/\\\/ictimai.az\\\/\",\"name\":\"\u0130CT\u0130MA\u0130.AZ\",\"description\":\"\",\"publisher\":{\"@id\":\"https:\\\/\\\/ictimai.az\\\/#organization\"},\"potentialAction\":[{\"@type\":\"SearchAction\",\"target\":{\"@type\":\"EntryPoint\",\"urlTemplate\":\"https:\\\/\\\/ictimai.az\\\/?s={search_term_string}\"},\"query-input\":{\"@type\":\"PropertyValueSpecification\",\"valueRequired\":true,\"valueName\":\"search_term_string\"}}],\"inLanguage\":\"az\"},{\"@type\":\"Organization\",\"@id\":\"https:\\\/\\\/ictimai.az\\\/#organization\",\"name\":\"\u0130CT\u0130MA\u0130.AZ\",\"url\":\"https:\\\/\\\/ictimai.az\\\/\",\"logo\":{\"@type\":\"ImageObject\",\"inLanguage\":\"az\",\"@id\":\"https:\\\/\\\/ictimai.az\\\/#\\\/schema\\\/logo\\\/image\\\/\",\"url\":\"https:\\\/\\\/ictimai.az\\\/core\\\/uploads\\\/2026\\\/06\\\/cropped-ictimai_0380d81099c6fe3baae753faceb5481f_p41rg2mzq0uyvextfh3k-768x768-1-3.png\",\"contentUrl\":\"https:\\\/\\\/ictimai.az\\\/core\\\/uploads\\\/2026\\\/06\\\/cropped-ictimai_0380d81099c6fe3baae753faceb5481f_p41rg2mzq0uyvextfh3k-768x768-1-3.png\",\"width\":768,\"height\":768,\"caption\":\"\u0130CT\u0130MA\u0130.AZ\"},\"image\":{\"@id\":\"https:\\\/\\\/ictimai.az\\\/#\\\/schema\\\/logo\\\/image\\\/\"}},{\"@type\":\"Person\",\"@id\":\"https:\\\/\\\/ictimai.az\\\/#\\\/schema\\\/person\\\/1da94bf2c7ab5d83ad349237bec1e6af\",\"name\":\"R\u0259\u015fad Bayramov\",\"image\":{\"@type\":\"ImageObject\",\"inLanguage\":\"az\",\"@id\":\"https:\\\/\\\/secure.gravatar.com\\\/avatar\\\/83c075605ba0a4d35d59726aaad89cfa8008d1f01603342c56f1dd79784491bc?s=96&d=mm&r=g\",\"url\":\"https:\\\/\\\/secure.gravatar.com\\\/avatar\\\/83c075605ba0a4d35d59726aaad89cfa8008d1f01603342c56f1dd79784491bc?s=96&d=mm&r=g\",\"contentUrl\":\"https:\\\/\\\/secure.gravatar.com\\\/avatar\\\/83c075605ba0a4d35d59726aaad89cfa8008d1f01603342c56f1dd79784491bc?s=96&d=mm&r=g\",\"caption\":\"R\u0259\u015fad Bayramov\"},\"sameAs\":[\"https:\\\/\\\/ictimai.az\\\/\"],\"url\":\"https:\\\/\\\/ictimai.az\\\/?author=2\"}]}<\/script>\n<!-- \/ Yoast SEO plugin. -->","yoast_head_json":{"title":"Anna Xilkevi\u00e7 yataq s\u0259hn\u0259l\u0259rind\u0259 oynamaqdan qorxur - \u0130CT\u0130MA\u0130.AZ","robots":{"index":"index","follow":"follow","max-snippet":"max-snippet:-1","max-image-preview":"max-image-preview:large","max-video-preview":"max-video-preview:-1"},"canonical":"https:\/\/ictimai.az\/?p=28537","og_locale":"az_AZ","og_type":"article","og_title":"Anna Xilkevi\u00e7 yataq s\u0259hn\u0259l\u0259rind\u0259 oynamaqdan qorxur - \u0130CT\u0130MA\u0130.AZ","og_description":"Aktrisa Anna Xilkevi\u00e7 \u0130nstaqramda (Meta-n\u0131n sahibi Rusiyada ekstremist kimi tan\u0131n\u0131b v\u0259 qada\u011fan edilib) etiraf edib ki, filml\u0259rd\u0259 yataq s\u0259hn\u0259l\u0259rind\u0259 oynamaqdan qorxur. Bununla bel\u0259, o, art\u0131q s\u0259mimi \u00e7\u0259kili\u015f t\u0259cr\u00fcb\u0259sin\u0259 malikdir. \u201cXeyr, m\u0259n filml\u0259rd\u0259 \u00e7\u0131lpaq rol almam\u0131\u015fam. Amma bir-iki d\u0259f\u0259 ki\u015fi jurnallar\u0131 \u00fc\u00e7\u00fcn \u00e7\u0259kili\u015f aparm\u0131\u015fam. Hans\u0131 ki, d\u00fcz\u00fcn\u00fc des\u0259m, art\u0131q pe\u015fman olmu\u015fdum. Ancaq \u00e7ox deyil &#8220;dedi s\u0259n\u0259t\u00e7i. [&hellip;]","og_url":"https:\/\/ictimai.az\/?p=28537","og_site_name":"\u0130CT\u0130MA\u0130.AZ","article_published_time":"2023-07-24T15:17:11+00:00","article_modified_time":"2023-07-24T17:12:07+00:00","og_image":[{"width":895,"height":505,"url":"https:\/\/ictimai.az\/core\/uploads\/2023\/07\/ictimai_b11883808755cfa5e09286f1678fb53c_x0hag9wzevmby8ltjk23.jpg","type":"image\/jpeg"}],"author":"R\u0259\u015fad Bayramov","twitter_card":"summary_large_image","twitter_misc":{"Written by":"R\u0259\u015fad Bayramov","Est. reading time":"1 minute"},"schema":{"@context":"https:\/\/schema.org","@graph":[{"@type":"Article","@id":"https:\/\/ictimai.az\/?p=28537#article","isPartOf":{"@id":"https:\/\/ictimai.az\/?p=28537"},"author":{"name":"R\u0259\u015fad Bayramov","@id":"https:\/\/ictimai.az\/#\/schema\/person\/1da94bf2c7ab5d83ad349237bec1e6af"},"headline":"Anna Xilkevi\u00e7 yataq s\u0259hn\u0259l\u0259rind\u0259 oynamaqdan qorxur","datePublished":"2023-07-24T15:17:11+00:00","dateModified":"2023-07-24T17:12:07+00:00","mainEntityOfPage":{"@id":"https:\/\/ictimai.az\/?p=28537"},"wordCount":124,"publisher":{"@id":"https:\/\/ictimai.az\/#organization"},"image":{"@id":"https:\/\/ictimai.az\/?p=28537#primaryimage"},"thumbnailUrl":"https:\/\/ictimai.az\/core\/uploads\/2023\/07\/ictimai_b11883808755cfa5e09286f1678fb53c_x0hag9wzevmby8ltjk23.jpg","articleSection":["MED\u0130A","\u015eou - M\u0259d\u0259niyy\u0259t"],"inLanguage":"az"},{"@type":"WebPage","@id":"https:\/\/ictimai.az\/?p=28537","url":"https:\/\/ictimai.az\/?p=28537","name":"Anna Xilkevi\u00e7 yataq s\u0259hn\u0259l\u0259rind\u0259 oynamaqdan qorxur - \u0130CT\u0130MA\u0130.AZ","isPartOf":{"@id":"https:\/\/ictimai.az\/#website"},"primaryImageOfPage":{"@id":"https:\/\/ictimai.az\/?p=28537#primaryimage"},"image":{"@id":"https:\/\/ictimai.az\/?p=28537#primaryimage"},"thumbnailUrl":"https:\/\/ictimai.az\/core\/uploads\/2023\/07\/ictimai_b11883808755cfa5e09286f1678fb53c_x0hag9wzevmby8ltjk23.jpg","datePublished":"2023-07-24T15:17:11+00:00","dateModified":"2023-07-24T17:12:07+00:00","breadcrumb":{"@id":"https:\/\/ictimai.az\/?p=28537#breadcrumb"},"inLanguage":"az","potentialAction":[{"@type":"ReadAction","target":["https:\/\/ictimai.az\/?p=28537"]}]},{"@type":"ImageObject","inLanguage":"az","@id":"https:\/\/ictimai.az\/?p=28537#primaryimage","url":"https:\/\/ictimai.az\/core\/uploads\/2023\/07\/ictimai_b11883808755cfa5e09286f1678fb53c_x0hag9wzevmby8ltjk23.jpg","contentUrl":"https:\/\/ictimai.az\/core\/uploads\/2023\/07\/ictimai_b11883808755cfa5e09286f1678fb53c_x0hag9wzevmby8ltjk23.jpg","width":895,"height":505},{"@type":"BreadcrumbList","@id":"https:\/\/ictimai.az\/?p=28537#breadcrumb","itemListElement":[{"@type":"ListItem","position":1,"name":"Home","item":"https:\/\/ictimai.az\/"},{"@type":"ListItem","position":2,"name":"Anna Xilkevi\u00e7 yataq s\u0259hn\u0259l\u0259rind\u0259 oynamaqdan qorxur"}]},{"@type":"WebSite","@id":"https:\/\/ictimai.az\/#website","url":"https:\/\/ictimai.az\/","name":"\u0130CT\u0130MA\u0130.AZ","description":"","publisher":{"@id":"https:\/\/ictimai.az\/#organization"},"potentialAction":[{"@type":"SearchAction","target":{"@type":"EntryPoint","urlTemplate":"https:\/\/ictimai.az\/?s={search_term_string}"},"query-input":{"@type":"PropertyValueSpecification","valueRequired":true,"valueName":"search_term_string"}}],"inLanguage":"az"},{"@type":"Organization","@id":"https:\/\/ictimai.az\/#organization","name":"\u0130CT\u0130MA\u0130.AZ","url":"https:\/\/ictimai.az\/","logo":{"@type":"ImageObject","inLanguage":"az","@id":"https:\/\/ictimai.az\/#\/schema\/logo\/image\/","url":"https:\/\/ictimai.az\/core\/uploads\/2026\/06\/cropped-ictimai_0380d81099c6fe3baae753faceb5481f_p41rg2mzq0uyvextfh3k-768x768-1-3.png","contentUrl":"https:\/\/ictimai.az\/core\/uploads\/2026\/06\/cropped-ictimai_0380d81099c6fe3baae753faceb5481f_p41rg2mzq0uyvextfh3k-768x768-1-3.png","width":768,"height":768,"caption":"\u0130CT\u0130MA\u0130.AZ"},"image":{"@id":"https:\/\/ictimai.az\/#\/schema\/logo\/image\/"}},{"@type":"Person","@id":"https:\/\/ictimai.az\/#\/schema\/person\/1da94bf2c7ab5d83ad349237bec1e6af","name":"R\u0259\u015fad Bayramov","image":{"@type":"ImageObject","inLanguage":"az","@id":"https:\/\/secure.gravatar.com\/avatar\/83c075605ba0a4d35d59726aaad89cfa8008d1f01603342c56f1dd79784491bc?s=96&d=mm&r=g","url":"https:\/\/secure.gravatar.com\/avatar\/83c075605ba0a4d35d59726aaad89cfa8008d1f01603342c56f1dd79784491bc?s=96&d=mm&r=g","contentUrl":"https:\/\/secure.gravatar.com\/avatar\/83c075605ba0a4d35d59726aaad89cfa8008d1f01603342c56f1dd79784491bc?s=96&d=mm&r=g","caption":"R\u0259\u015fad Bayramov"},"sameAs":["https:\/\/ictimai.az\/"],"url":"https:\/\/ictimai.az\/?author=2"}]}},"_links":{"self":[{"href":"https:\/\/ictimai.az\/index.php?rest_route=\/wp\/v2\/posts\/28537","targetHints":{"allow":["GET"]}}],"collection":[{"href":"https:\/\/ictimai.az\/index.php?rest_route=\/wp\/v2\/posts"}],"about":[{"href":"https:\/\/ictimai.az\/index.php?rest_route=\/wp\/v2\/types\/post"}],"author":[{"embeddable":true,"href":"https:\/\/ictimai.az\/index.php?rest_route=\/wp\/v2\/users\/2"}],"replies":[{"embeddable":true,"href":"https:\/\/ictimai.az\/index.php?rest_route=%2Fwp%2Fv2%2Fcomments&post=28537"}],"version-history":[{"count":0,"href":"https:\/\/ictimai.az\/index.php?rest_route=\/wp\/v2\/posts\/28537\/revisions"}],"wp:featuredmedia":[{"embeddable":true,"href":"https:\/\/ictimai.az\/index.php?rest_route=\/wp\/v2\/media\/28538"}],"wp:attachment":[{"href":"https:\/\/ictimai.az\/index.php?rest_route=%2Fwp%2Fv2%2Fmedia&parent=28537"}],"wp:term":[{"taxonomy":"category","embeddable":true,"href":"https:\/\/ictimai.az\/index.php?rest_route=%2Fwp%2Fv2%2Fcategories&post=28537"},{"taxonomy":"post_tag","embeddable":true,"href":"https:\/\/ictimai.az\/index.php?rest_route=%2Fwp%2Fv2%2Ftags&post=28537"}],"curies":[{"name":"wp","href":"https:\/\/api.w.org\/{rel}","templated":true}]}}