{"id":28953,"date":"2023-08-01T15:02:12","date_gmt":"2023-08-01T11:02:12","guid":{"rendered":"https:\/\/ictimai.az\/?p=28953"},"modified":"2023-08-01T15:24:13","modified_gmt":"2023-08-01T11:24:13","slug":"esgerin-kitab-refi-kitab-toplama-aksiyasina-yeniden-start-verilir","status":"publish","type":"post","link":"https:\/\/ictimai.az\/?p=28953","title":{"rendered":"\u201c\u018fsg\u0259rin Kitab R\u0259fi\u201d kitab toplama aksiyas\u0131na yenid\u0259n start verilir"},"content":{"rendered":"<p>Az\u0259rbaycan Respublikas\u0131 M\u00fcdafi\u0259 Nazirliyinin t\u0259\u015fkilat\u00e7\u0131l\u0131\u011f\u0131, \u201c\u0130R\u018fL\u0130\u201d \u0130ctimai Birliyinin t\u0259r\u0259fda\u015fl\u0131\u011f\u0131 il\u0259 \u201c\u018fsg\u0259rin Kitab R\u0259fi\u201d kitab toplama aksiyas\u0131na yenid\u0259n start verilir.<br \/>\n\u201c\u0130R\u018fL\u0130\u201d \u0130ctimai Birliyinin M\u0259tbuat xidm\u0259tind\u0259n bildirilib ki, bu d\u0259f\u0259ki aksiya \u00e7\u0259r\u00e7iv\u0259sind\u0259 d\u0259 elmi, b\u0259dii, publististik v\u0259 dig\u0259r janrlarda kitablar toplanacaq. Sonda toplanm\u0131\u015f kitablar i\u015f\u011faldan azad edilmi\u015f \u0259razil\u0259rd\u0259 xidm\u0259t ed\u0259n \u0259sg\u0259rl\u0259rimiz\u0259 \u00fcst\u00fcnl\u00fck verilm\u0259kl\u0259 b\u00fct\u00fcn h\u0259rbi qulluq\u00e7ular\u0131m\u0131za \u00e7atd\u0131r\u0131lacaq.<br \/>\nBirlik b\u00fct\u00fcn g\u0259ncl\u0259ri, t\u0259hsil m\u00fc\u0259ssis\u0259l\u0259rini, qeyri-h\u00f6kum\u0259t t\u0259\u015fkilatlar\u0131n\u0131, \u00f6z\u0259l sektor v\u0259 media n\u00fcmay\u0259nd\u0259l\u0259rini aksiyada f\u0259al i\u015ftirak etm\u0259y\u0259 \u00e7a\u011f\u0131r\u0131r. Kitab h\u0259diyy\u0259 etm\u0259k ist\u0259y\u0259n \u015f\u0259xsl\u0259r \u201c\u0130R\u018fL\u0130\u201d \u0130ctimai Birliyin\u0259 yax\u0131nla\u015faraq kitablar\u0131n\u0131 t\u0259qdim ed\u0259 bil\u0259rl\u0259r.<br \/>\nQeyd ed\u0259k ki, \u201c\u018fsg\u0259rin Kitab R\u0259fi\u201d kitab toplama aksiyas\u0131 art\u0131q ikinci d\u0259f\u0259dir ki, h\u0259yata ke\u00e7irilir. Aksiyan\u0131n \u0259sas m\u0259qs\u0259di \u0259sg\u0259rl\u0259rimizin asud\u0259 vaxt\u0131n\u0131n s\u0259m\u0259r\u0259li t\u0259\u015fkilin\u0259 t\u00f6hf\u0259l\u0259r verm\u0259k, el\u0259c\u0259 d\u0259, g\u0259ncl\u0259r aras\u0131nda m\u00fctali\u0259y\u0259 mara\u011f\u0131n art\u0131r\u0131lmas\u0131d\u0131r. \u00d6t\u0259n il ke\u00e7iril\u0259n kitab toplama aksiyas\u0131nda \u201c\u0130R\u018fL\u0130\u201d \u0130ctimai Birliyi t\u0259r\u0259find\u0259n 12 mind\u0259n \u00e7ox kitab toplanaraq M\u00fcdafi\u0259 Nazirliyin\u0259 t\u0259qdim edilib.<\/p>\n","protected":false},"excerpt":{"rendered":"<p>Az\u0259rbaycan Respublikas\u0131 M\u00fcdafi\u0259 Nazirliyinin t\u0259\u015fkilat\u00e7\u0131l\u0131\u011f\u0131, \u201c\u0130R\u018fL\u0130\u201d \u0130ctimai Birliyinin t\u0259r\u0259fda\u015fl\u0131\u011f\u0131 il\u0259 \u201c\u018fsg\u0259rin Kitab R\u0259fi\u201d kitab toplama aksiyas\u0131na yenid\u0259n start verilir. \u201c\u0130R\u018fL\u0130\u201d \u0130ctimai Birliyinin M\u0259tbuat xidm\u0259tind\u0259n bildirilib ki, bu d\u0259f\u0259ki aksiya \u00e7\u0259r\u00e7iv\u0259sind\u0259 d\u0259 elmi, b\u0259dii, publististik v\u0259 dig\u0259r janrlarda kitablar toplanacaq. Sonda toplanm\u0131\u015f kitablar i\u015f\u011faldan azad edilmi\u015f \u0259razil\u0259rd\u0259 xidm\u0259t ed\u0259n \u0259sg\u0259rl\u0259rimiz\u0259 \u00fcst\u00fcnl\u00fck verilm\u0259kl\u0259 b\u00fct\u00fcn h\u0259rbi qulluq\u00e7ular\u0131m\u0131za \u00e7atd\u0131r\u0131lacaq. [&hellip;]<\/p>\n","protected":false},"author":2,"featured_media":28956,"comment_status":"closed","ping_status":"closed","sticky":false,"template":"","format":"standard","meta":{"footnotes":""},"categories":[1],"tags":[],"class_list":["post-28953","post","type-post","status-publish","format-standard","has-post-thumbnail","hentry","category-society"],"yoast_head":"<!-- This site is optimized with the Yoast SEO plugin v28.2 - https:\/\/yoast.com\/product\/yoast-seo-wordpress\/ -->\n<title>\u201c\u018fsg\u0259rin Kitab R\u0259fi\u201d kitab toplama aksiyas\u0131na yenid\u0259n start verilir - \u0130CT\u0130MA\u0130.AZ<\/title>\n<meta name=\"robots\" content=\"index, follow, max-snippet:-1, max-image-preview:large, max-video-preview:-1\" \/>\n<link rel=\"canonical\" href=\"https:\/\/ictimai.az\/?p=28953\" \/>\n<meta property=\"og:locale\" content=\"az_AZ\" \/>\n<meta property=\"og:type\" content=\"article\" \/>\n<meta property=\"og:title\" content=\"\u201c\u018fsg\u0259rin Kitab R\u0259fi\u201d kitab toplama aksiyas\u0131na yenid\u0259n start verilir - \u0130CT\u0130MA\u0130.AZ\" \/>\n<meta property=\"og:description\" content=\"Az\u0259rbaycan Respublikas\u0131 M\u00fcdafi\u0259 Nazirliyinin t\u0259\u015fkilat\u00e7\u0131l\u0131\u011f\u0131, \u201c\u0130R\u018fL\u0130\u201d \u0130ctimai Birliyinin t\u0259r\u0259fda\u015fl\u0131\u011f\u0131 il\u0259 \u201c\u018fsg\u0259rin Kitab R\u0259fi\u201d kitab toplama aksiyas\u0131na yenid\u0259n start verilir. \u201c\u0130R\u018fL\u0130\u201d \u0130ctimai Birliyinin M\u0259tbuat xidm\u0259tind\u0259n bildirilib ki, bu d\u0259f\u0259ki aksiya \u00e7\u0259r\u00e7iv\u0259sind\u0259 d\u0259 elmi, b\u0259dii, publististik v\u0259 dig\u0259r janrlarda kitablar toplanacaq. Sonda toplanm\u0131\u015f kitablar i\u015f\u011faldan azad edilmi\u015f \u0259razil\u0259rd\u0259 xidm\u0259t ed\u0259n \u0259sg\u0259rl\u0259rimiz\u0259 \u00fcst\u00fcnl\u00fck verilm\u0259kl\u0259 b\u00fct\u00fcn h\u0259rbi qulluq\u00e7ular\u0131m\u0131za \u00e7atd\u0131r\u0131lacaq. [&hellip;]\" \/>\n<meta property=\"og:url\" content=\"https:\/\/ictimai.az\/?p=28953\" \/>\n<meta property=\"og:site_name\" content=\"\u0130CT\u0130MA\u0130.AZ\" \/>\n<meta property=\"article:published_time\" content=\"2023-08-01T11:02:12+00:00\" \/>\n<meta property=\"article:modified_time\" content=\"2023-08-01T11:24:13+00:00\" \/>\n<meta property=\"og:image\" content=\"https:\/\/ictimai.az\/core\/uploads\/2023\/08\/ictimai_39424e6f82189d57f0933a9d6eaf40d8_j79bc4zhtv8g5pqlysue.jpg\" \/>\n\t<meta property=\"og:image:width\" content=\"1600\" \/>\n\t<meta property=\"og:image:height\" content=\"1600\" \/>\n\t<meta property=\"og:image:type\" content=\"image\/jpeg\" \/>\n<meta name=\"author\" content=\"R\u0259\u015fad Bayramov\" \/>\n<meta name=\"twitter:card\" content=\"summary_large_image\" \/>\n<meta name=\"twitter:label1\" content=\"Written by\" \/>\n\t<meta name=\"twitter:data1\" content=\"R\u0259\u015fad Bayramov\" \/>\n\t<meta name=\"twitter:label2\" content=\"Est. reading time\" \/>\n\t<meta name=\"twitter:data2\" content=\"1 minute\" \/>\n<script type=\"application\/ld+json\" class=\"yoast-schema-graph\">{\"@context\":\"https:\\\/\\\/schema.org\",\"@graph\":[{\"@type\":\"Article\",\"@id\":\"https:\\\/\\\/ictimai.az\\\/?p=28953#article\",\"isPartOf\":{\"@id\":\"https:\\\/\\\/ictimai.az\\\/?p=28953\"},\"author\":{\"name\":\"R\u0259\u015fad Bayramov\",\"@id\":\"https:\\\/\\\/ictimai.az\\\/#\\\/schema\\\/person\\\/1da94bf2c7ab5d83ad349237bec1e6af\"},\"headline\":\"\u201c\u018fsg\u0259rin Kitab R\u0259fi\u201d kitab toplama aksiyas\u0131na yenid\u0259n start verilir\",\"datePublished\":\"2023-08-01T11:02:12+00:00\",\"dateModified\":\"2023-08-01T11:24:13+00:00\",\"mainEntityOfPage\":{\"@id\":\"https:\\\/\\\/ictimai.az\\\/?p=28953\"},\"wordCount\":266,\"publisher\":{\"@id\":\"https:\\\/\\\/ictimai.az\\\/#organization\"},\"image\":{\"@id\":\"https:\\\/\\\/ictimai.az\\\/?p=28953#primaryimage\"},\"thumbnailUrl\":\"https:\\\/\\\/ictimai.az\\\/core\\\/uploads\\\/2023\\\/08\\\/ictimai_39424e6f82189d57f0933a9d6eaf40d8_j79bc4zhtv8g5pqlysue.jpg\",\"articleSection\":[\"Sosial\"],\"inLanguage\":\"az\"},{\"@type\":\"WebPage\",\"@id\":\"https:\\\/\\\/ictimai.az\\\/?p=28953\",\"url\":\"https:\\\/\\\/ictimai.az\\\/?p=28953\",\"name\":\"\u201c\u018fsg\u0259rin Kitab R\u0259fi\u201d kitab toplama aksiyas\u0131na yenid\u0259n start verilir - \u0130CT\u0130MA\u0130.AZ\",\"isPartOf\":{\"@id\":\"https:\\\/\\\/ictimai.az\\\/#website\"},\"primaryImageOfPage\":{\"@id\":\"https:\\\/\\\/ictimai.az\\\/?p=28953#primaryimage\"},\"image\":{\"@id\":\"https:\\\/\\\/ictimai.az\\\/?p=28953#primaryimage\"},\"thumbnailUrl\":\"https:\\\/\\\/ictimai.az\\\/core\\\/uploads\\\/2023\\\/08\\\/ictimai_39424e6f82189d57f0933a9d6eaf40d8_j79bc4zhtv8g5pqlysue.jpg\",\"datePublished\":\"2023-08-01T11:02:12+00:00\",\"dateModified\":\"2023-08-01T11:24:13+00:00\",\"breadcrumb\":{\"@id\":\"https:\\\/\\\/ictimai.az\\\/?p=28953#breadcrumb\"},\"inLanguage\":\"az\",\"potentialAction\":[{\"@type\":\"ReadAction\",\"target\":[\"https:\\\/\\\/ictimai.az\\\/?p=28953\"]}]},{\"@type\":\"ImageObject\",\"inLanguage\":\"az\",\"@id\":\"https:\\\/\\\/ictimai.az\\\/?p=28953#primaryimage\",\"url\":\"https:\\\/\\\/ictimai.az\\\/core\\\/uploads\\\/2023\\\/08\\\/ictimai_39424e6f82189d57f0933a9d6eaf40d8_j79bc4zhtv8g5pqlysue.jpg\",\"contentUrl\":\"https:\\\/\\\/ictimai.az\\\/core\\\/uploads\\\/2023\\\/08\\\/ictimai_39424e6f82189d57f0933a9d6eaf40d8_j79bc4zhtv8g5pqlysue.jpg\",\"width\":1600,\"height\":1600},{\"@type\":\"BreadcrumbList\",\"@id\":\"https:\\\/\\\/ictimai.az\\\/?p=28953#breadcrumb\",\"itemListElement\":[{\"@type\":\"ListItem\",\"position\":1,\"name\":\"Home\",\"item\":\"https:\\\/\\\/ictimai.az\\\/\"},{\"@type\":\"ListItem\",\"position\":2,\"name\":\"\u201c\u018fsg\u0259rin Kitab R\u0259fi\u201d kitab toplama aksiyas\u0131na yenid\u0259n start verilir\"}]},{\"@type\":\"WebSite\",\"@id\":\"https:\\\/\\\/ictimai.az\\\/#website\",\"url\":\"https:\\\/\\\/ictimai.az\\\/\",\"name\":\"\u0130CT\u0130MA\u0130.AZ\",\"description\":\"\",\"publisher\":{\"@id\":\"https:\\\/\\\/ictimai.az\\\/#organization\"},\"potentialAction\":[{\"@type\":\"SearchAction\",\"target\":{\"@type\":\"EntryPoint\",\"urlTemplate\":\"https:\\\/\\\/ictimai.az\\\/?s={search_term_string}\"},\"query-input\":{\"@type\":\"PropertyValueSpecification\",\"valueRequired\":true,\"valueName\":\"search_term_string\"}}],\"inLanguage\":\"az\"},{\"@type\":\"Organization\",\"@id\":\"https:\\\/\\\/ictimai.az\\\/#organization\",\"name\":\"\u0130CT\u0130MA\u0130.AZ\",\"url\":\"https:\\\/\\\/ictimai.az\\\/\",\"logo\":{\"@type\":\"ImageObject\",\"inLanguage\":\"az\",\"@id\":\"https:\\\/\\\/ictimai.az\\\/#\\\/schema\\\/logo\\\/image\\\/\",\"url\":\"https:\\\/\\\/ictimai.az\\\/core\\\/uploads\\\/2026\\\/06\\\/cropped-ictimai_0380d81099c6fe3baae753faceb5481f_p41rg2mzq0uyvextfh3k-768x768-1-3.png\",\"contentUrl\":\"https:\\\/\\\/ictimai.az\\\/core\\\/uploads\\\/2026\\\/06\\\/cropped-ictimai_0380d81099c6fe3baae753faceb5481f_p41rg2mzq0uyvextfh3k-768x768-1-3.png\",\"width\":768,\"height\":768,\"caption\":\"\u0130CT\u0130MA\u0130.AZ\"},\"image\":{\"@id\":\"https:\\\/\\\/ictimai.az\\\/#\\\/schema\\\/logo\\\/image\\\/\"}},{\"@type\":\"Person\",\"@id\":\"https:\\\/\\\/ictimai.az\\\/#\\\/schema\\\/person\\\/1da94bf2c7ab5d83ad349237bec1e6af\",\"name\":\"R\u0259\u015fad Bayramov\",\"image\":{\"@type\":\"ImageObject\",\"inLanguage\":\"az\",\"@id\":\"https:\\\/\\\/secure.gravatar.com\\\/avatar\\\/83c075605ba0a4d35d59726aaad89cfa8008d1f01603342c56f1dd79784491bc?s=96&d=mm&r=g\",\"url\":\"https:\\\/\\\/secure.gravatar.com\\\/avatar\\\/83c075605ba0a4d35d59726aaad89cfa8008d1f01603342c56f1dd79784491bc?s=96&d=mm&r=g\",\"contentUrl\":\"https:\\\/\\\/secure.gravatar.com\\\/avatar\\\/83c075605ba0a4d35d59726aaad89cfa8008d1f01603342c56f1dd79784491bc?s=96&d=mm&r=g\",\"caption\":\"R\u0259\u015fad Bayramov\"},\"sameAs\":[\"https:\\\/\\\/ictimai.az\\\/\"],\"url\":\"https:\\\/\\\/ictimai.az\\\/?author=2\"}]}<\/script>\n<!-- \/ Yoast SEO plugin. -->","yoast_head_json":{"title":"\u201c\u018fsg\u0259rin Kitab R\u0259fi\u201d kitab toplama aksiyas\u0131na yenid\u0259n start verilir - \u0130CT\u0130MA\u0130.AZ","robots":{"index":"index","follow":"follow","max-snippet":"max-snippet:-1","max-image-preview":"max-image-preview:large","max-video-preview":"max-video-preview:-1"},"canonical":"https:\/\/ictimai.az\/?p=28953","og_locale":"az_AZ","og_type":"article","og_title":"\u201c\u018fsg\u0259rin Kitab R\u0259fi\u201d kitab toplama aksiyas\u0131na yenid\u0259n start verilir - \u0130CT\u0130MA\u0130.AZ","og_description":"Az\u0259rbaycan Respublikas\u0131 M\u00fcdafi\u0259 Nazirliyinin t\u0259\u015fkilat\u00e7\u0131l\u0131\u011f\u0131, \u201c\u0130R\u018fL\u0130\u201d \u0130ctimai Birliyinin t\u0259r\u0259fda\u015fl\u0131\u011f\u0131 il\u0259 \u201c\u018fsg\u0259rin Kitab R\u0259fi\u201d kitab toplama aksiyas\u0131na yenid\u0259n start verilir. \u201c\u0130R\u018fL\u0130\u201d \u0130ctimai Birliyinin M\u0259tbuat xidm\u0259tind\u0259n bildirilib ki, bu d\u0259f\u0259ki aksiya \u00e7\u0259r\u00e7iv\u0259sind\u0259 d\u0259 elmi, b\u0259dii, publististik v\u0259 dig\u0259r janrlarda kitablar toplanacaq. Sonda toplanm\u0131\u015f kitablar i\u015f\u011faldan azad edilmi\u015f \u0259razil\u0259rd\u0259 xidm\u0259t ed\u0259n \u0259sg\u0259rl\u0259rimiz\u0259 \u00fcst\u00fcnl\u00fck verilm\u0259kl\u0259 b\u00fct\u00fcn h\u0259rbi qulluq\u00e7ular\u0131m\u0131za \u00e7atd\u0131r\u0131lacaq. [&hellip;]","og_url":"https:\/\/ictimai.az\/?p=28953","og_site_name":"\u0130CT\u0130MA\u0130.AZ","article_published_time":"2023-08-01T11:02:12+00:00","article_modified_time":"2023-08-01T11:24:13+00:00","og_image":[{"width":1600,"height":1600,"url":"https:\/\/ictimai.az\/core\/uploads\/2023\/08\/ictimai_39424e6f82189d57f0933a9d6eaf40d8_j79bc4zhtv8g5pqlysue.jpg","type":"image\/jpeg"}],"author":"R\u0259\u015fad Bayramov","twitter_card":"summary_large_image","twitter_misc":{"Written by":"R\u0259\u015fad Bayramov","Est. reading time":"1 minute"},"schema":{"@context":"https:\/\/schema.org","@graph":[{"@type":"Article","@id":"https:\/\/ictimai.az\/?p=28953#article","isPartOf":{"@id":"https:\/\/ictimai.az\/?p=28953"},"author":{"name":"R\u0259\u015fad Bayramov","@id":"https:\/\/ictimai.az\/#\/schema\/person\/1da94bf2c7ab5d83ad349237bec1e6af"},"headline":"\u201c\u018fsg\u0259rin Kitab R\u0259fi\u201d kitab toplama aksiyas\u0131na yenid\u0259n start verilir","datePublished":"2023-08-01T11:02:12+00:00","dateModified":"2023-08-01T11:24:13+00:00","mainEntityOfPage":{"@id":"https:\/\/ictimai.az\/?p=28953"},"wordCount":266,"publisher":{"@id":"https:\/\/ictimai.az\/#organization"},"image":{"@id":"https:\/\/ictimai.az\/?p=28953#primaryimage"},"thumbnailUrl":"https:\/\/ictimai.az\/core\/uploads\/2023\/08\/ictimai_39424e6f82189d57f0933a9d6eaf40d8_j79bc4zhtv8g5pqlysue.jpg","articleSection":["Sosial"],"inLanguage":"az"},{"@type":"WebPage","@id":"https:\/\/ictimai.az\/?p=28953","url":"https:\/\/ictimai.az\/?p=28953","name":"\u201c\u018fsg\u0259rin Kitab R\u0259fi\u201d kitab toplama aksiyas\u0131na yenid\u0259n start verilir - \u0130CT\u0130MA\u0130.AZ","isPartOf":{"@id":"https:\/\/ictimai.az\/#website"},"primaryImageOfPage":{"@id":"https:\/\/ictimai.az\/?p=28953#primaryimage"},"image":{"@id":"https:\/\/ictimai.az\/?p=28953#primaryimage"},"thumbnailUrl":"https:\/\/ictimai.az\/core\/uploads\/2023\/08\/ictimai_39424e6f82189d57f0933a9d6eaf40d8_j79bc4zhtv8g5pqlysue.jpg","datePublished":"2023-08-01T11:02:12+00:00","dateModified":"2023-08-01T11:24:13+00:00","breadcrumb":{"@id":"https:\/\/ictimai.az\/?p=28953#breadcrumb"},"inLanguage":"az","potentialAction":[{"@type":"ReadAction","target":["https:\/\/ictimai.az\/?p=28953"]}]},{"@type":"ImageObject","inLanguage":"az","@id":"https:\/\/ictimai.az\/?p=28953#primaryimage","url":"https:\/\/ictimai.az\/core\/uploads\/2023\/08\/ictimai_39424e6f82189d57f0933a9d6eaf40d8_j79bc4zhtv8g5pqlysue.jpg","contentUrl":"https:\/\/ictimai.az\/core\/uploads\/2023\/08\/ictimai_39424e6f82189d57f0933a9d6eaf40d8_j79bc4zhtv8g5pqlysue.jpg","width":1600,"height":1600},{"@type":"BreadcrumbList","@id":"https:\/\/ictimai.az\/?p=28953#breadcrumb","itemListElement":[{"@type":"ListItem","position":1,"name":"Home","item":"https:\/\/ictimai.az\/"},{"@type":"ListItem","position":2,"name":"\u201c\u018fsg\u0259rin Kitab R\u0259fi\u201d kitab toplama aksiyas\u0131na yenid\u0259n start verilir"}]},{"@type":"WebSite","@id":"https:\/\/ictimai.az\/#website","url":"https:\/\/ictimai.az\/","name":"\u0130CT\u0130MA\u0130.AZ","description":"","publisher":{"@id":"https:\/\/ictimai.az\/#organization"},"potentialAction":[{"@type":"SearchAction","target":{"@type":"EntryPoint","urlTemplate":"https:\/\/ictimai.az\/?s={search_term_string}"},"query-input":{"@type":"PropertyValueSpecification","valueRequired":true,"valueName":"search_term_string"}}],"inLanguage":"az"},{"@type":"Organization","@id":"https:\/\/ictimai.az\/#organization","name":"\u0130CT\u0130MA\u0130.AZ","url":"https:\/\/ictimai.az\/","logo":{"@type":"ImageObject","inLanguage":"az","@id":"https:\/\/ictimai.az\/#\/schema\/logo\/image\/","url":"https:\/\/ictimai.az\/core\/uploads\/2026\/06\/cropped-ictimai_0380d81099c6fe3baae753faceb5481f_p41rg2mzq0uyvextfh3k-768x768-1-3.png","contentUrl":"https:\/\/ictimai.az\/core\/uploads\/2026\/06\/cropped-ictimai_0380d81099c6fe3baae753faceb5481f_p41rg2mzq0uyvextfh3k-768x768-1-3.png","width":768,"height":768,"caption":"\u0130CT\u0130MA\u0130.AZ"},"image":{"@id":"https:\/\/ictimai.az\/#\/schema\/logo\/image\/"}},{"@type":"Person","@id":"https:\/\/ictimai.az\/#\/schema\/person\/1da94bf2c7ab5d83ad349237bec1e6af","name":"R\u0259\u015fad Bayramov","image":{"@type":"ImageObject","inLanguage":"az","@id":"https:\/\/secure.gravatar.com\/avatar\/83c075605ba0a4d35d59726aaad89cfa8008d1f01603342c56f1dd79784491bc?s=96&d=mm&r=g","url":"https:\/\/secure.gravatar.com\/avatar\/83c075605ba0a4d35d59726aaad89cfa8008d1f01603342c56f1dd79784491bc?s=96&d=mm&r=g","contentUrl":"https:\/\/secure.gravatar.com\/avatar\/83c075605ba0a4d35d59726aaad89cfa8008d1f01603342c56f1dd79784491bc?s=96&d=mm&r=g","caption":"R\u0259\u015fad Bayramov"},"sameAs":["https:\/\/ictimai.az\/"],"url":"https:\/\/ictimai.az\/?author=2"}]}},"_links":{"self":[{"href":"https:\/\/ictimai.az\/index.php?rest_route=\/wp\/v2\/posts\/28953","targetHints":{"allow":["GET"]}}],"collection":[{"href":"https:\/\/ictimai.az\/index.php?rest_route=\/wp\/v2\/posts"}],"about":[{"href":"https:\/\/ictimai.az\/index.php?rest_route=\/wp\/v2\/types\/post"}],"author":[{"embeddable":true,"href":"https:\/\/ictimai.az\/index.php?rest_route=\/wp\/v2\/users\/2"}],"replies":[{"embeddable":true,"href":"https:\/\/ictimai.az\/index.php?rest_route=%2Fwp%2Fv2%2Fcomments&post=28953"}],"version-history":[{"count":0,"href":"https:\/\/ictimai.az\/index.php?rest_route=\/wp\/v2\/posts\/28953\/revisions"}],"wp:featuredmedia":[{"embeddable":true,"href":"https:\/\/ictimai.az\/index.php?rest_route=\/wp\/v2\/media\/28956"}],"wp:attachment":[{"href":"https:\/\/ictimai.az\/index.php?rest_route=%2Fwp%2Fv2%2Fmedia&parent=28953"}],"wp:term":[{"taxonomy":"category","embeddable":true,"href":"https:\/\/ictimai.az\/index.php?rest_route=%2Fwp%2Fv2%2Fcategories&post=28953"},{"taxonomy":"post_tag","embeddable":true,"href":"https:\/\/ictimai.az\/index.php?rest_route=%2Fwp%2Fv2%2Ftags&post=28953"}],"curies":[{"name":"wp","href":"https:\/\/api.w.org\/{rel}","templated":true}]}}