{"id":30645,"date":"2023-08-30T15:51:09","date_gmt":"2023-08-30T11:51:09","guid":{"rendered":"https:\/\/ictimai.az\/?p=30645"},"modified":"2023-08-30T15:59:24","modified_gmt":"2023-08-30T11:59:24","slug":"umummilli-lider-heyder-eliyev-ve-azerbaycan-gencliyi","status":"publish","type":"post","link":"https:\/\/ictimai.az\/?p=30645","title":{"rendered":"\u00dcmummilli Lider Heyd\u0259r \u018fliyev v\u0259 Az\u0259rbaycan g\u0259ncliyi"},"content":{"rendered":"<p>Tarixin m\u00fcxt\u0259lif d\u00f6vrl\u0259rind\u0259 h\u0259r bir xalqa m\u0259nsub dahi insalar olmu\u015f, xalq\u0131n t\u0259r\u0259qqisind\u0259, inki\u015faf\u0131nda \u00f6z\u00fcn\u00fcn\u0259 m\u0259xsus iz qoymu\u015flar. Bu insanlar\u0131n yeri, uzaqg\u00f6r\u0259nliyi ill\u0259r, \u0259sirl\u0259r, q\u0259rin\u0259l\u0259r ke\u00e7s\u0259d\u0259 \u0259v\u0259z edilm\u0259z olaraq qal\u0131r. Heyd\u0259r \u018fliyev irsi Az\u0259rbaycan xalq\u0131n\u0131n \u0259n z\u0259ngin m\u0259n\u0259vi s\u0259rv\u0259ti, x\u0259zin\u0259sidir. Onun h\u0259yata ke\u00e7irdiyi \u0259srar\u0259ngiz siyas\u0259ti n\u0259tic\u0259sind\u0259 \u0259ld\u0259 olunan nailiyy\u0259tl\u0259r g\u00f6z qaba\u011f\u0131ndad\u0131r.<\/p>\n<p>\u00d6lk\u0259nin maddi v\u0259 m\u0259n\u0259vi t\u0259r\u0259qqisi ilk n\u00f6vb\u0259d\u0259 c\u0259miyy\u0259tin dinamik t\u0259b\u0259q\u0259si hesab edil\u0259n g\u0259ncl\u0259rd\u0259n, onlar\u0131n sosial-psixoloji durumundan, h\u0259yat v\u0259 \u0259m\u0259k f\u0259aliyy\u0259tind\u0259n as\u0131l\u0131d\u0131r. C\u0259miyy\u0259tin m\u00fct\u0259r\u0259qqi inki\u015faf\u0131nda, h\u0259r t\u0259r\u0259fli \u015f\u0259kild\u0259 t\u0259kmill\u0259\u015fdirilm\u0259sind\u0259 g\u0259ncl\u0259rin b\u00f6y\u00fck rolu vard\u0131r. G\u0259nc n\u0259sil \u00f6lk\u0259nin, xalq\u0131n, mill\u0259tin g\u0259l\u0259c\u0259yi, c\u0259miyy\u0259tin b\u00fcn\u00f6vr\u0259si, d\u00f6vl\u0259tin inki\u015faf\u0131n\u0131n, y\u00fcks\u0259li\u015finin \u0259sas meyar\u0131d\u0131r. Bu s\u0259b\u0259bd\u0259n c\u0259miyy\u0259t t\u0259r\u0259qqi etm\u0259k ist\u0259yirs\u0259 d\u00f6vl\u0259t g\u0259ncl\u0259r siyas\u0259tini d\u00fczg\u00fcn m\u00fc\u0259yy\u0259nl\u0259\u015fdirm\u0259lidir.<\/p>\n<p>Az\u0259rbaycan Respublikas\u0131n\u0131n \u00dcmummilli lideri Heyd\u0259r \u018fliyevin z\u0259ngin irsind\u0259 g\u0259ncl\u0259r siyas\u0259ti m\u00fch\u00fcm yer tutur. \u0130st\u0259r hakimiyy\u0259tinin birinci d\u00f6vr\u00fcnd\u0259, ist\u0259r ikinci d\u0259f\u0259 r\u0259hb\u0259rlik etdiyi d\u00f6vrl\u0259rd\u0259 Dahi lider elm\u0259, t\u0259hsil\u0259, milli-m\u0259n\u0259vi d\u0259y\u0259rl\u0259r\u0259, g\u0259ncl\u0259rin t\u0259rbiy\u0259sin\u0259 x\u00fcsusi diqq\u0259t ay\u0131rm\u0131\u015f, bu sah\u0259d\u0259 m\u00fch\u00fcm f\u0259rman v\u0259 s\u0259r\u0259ncamlar imzalam\u0131\u015fd\u0131r. Heyd\u0259r \u018fliyevin u\u011furlu siyas\u0259ti n\u0259tic\u0259sind\u0259 Az\u0259rbaycan g\u0259ncliyi Az\u0259rbaycan\u0131n i\u015f\u0131ql\u0131 g\u0259l\u0259c\u0259yi olaraq t\u0259hsild\u0259 v\u0259 dig\u0259r sah\u0259l\u0259rd\u0259 m\u00fch\u00fcm add\u0131mlar atm\u0131\u015f, v\u0259t\u0259nini layiqinc\u0259 t\u0259msil etmi\u015f v\u0259 tan\u0131tm\u0131\u015flar<\/p>\n<p>\u00dcmummilli lider Heyd\u0259r \u018fliyev g\u0259ncl\u0259r siyas\u0259tinin u\u011furla h\u0259yata ke\u00e7irilm\u0259si m\u0259qs\u0259di il\u0259 bu sah\u0259nin z\u0259ruri qanunvericilik bazas\u0131n\u0131n formala\u015fd\u0131r\u0131lmas\u0131n\u0131 t\u0259min etdirdi. Eyni zamanda g\u0259ncl\u0259rin sosial, iqtisadi v\u0259 dig\u0259r probleml\u0259rinin h\u0259llin\u0259 y\u00f6n\u0259ldil\u0259n, onlar\u0131n \u00f6z qabiliyy\u0259tl\u0259rinin inki\u015faf etdirm\u0259l\u0259rin\u0259 k\u00f6m\u0259k ed\u0259n f\u0259rmanlar, s\u0259r\u0259ncamlar v\u0259 d\u00f6vl\u0259t proqramlar\u0131 imzaland\u0131. Qanunlar, f\u0259rman, s\u0259r\u0259ncam v\u0259 d\u00f6vl\u0259t proqramlar\u0131 g\u0259nc n\u0259slin m\u00fct\u0259\u015f\u0259kkil q\u00fcvv\u0259 kimi formala\u015fmas\u0131na, onlar\u0131n m\u0259n\u0259vi-ideoloji c\u0259h\u0259td\u0259n tam yetkinl\u0259\u015fm\u0259sin\u0259, sosial probleml\u0259rinin h\u0259llin\u0259, faydal\u0131 m\u0259\u015f\u011fullu\u011funun t\u0259min olunmas\u0131na son d\u0259r\u0259c\u0259 m\u00fcsb\u0259t t\u0259sir g\u00f6st\u0259rmi\u015fdir.<\/p>\n<p>Dahi liderimiz g\u0259ncl\u0259ri \u00f6z diqq\u0259t m\u0259rk\u0259zind\u0259 saxlayaraq s\u00f6yl\u0259yirdi: \u201cM\u00fcst\u0259qil Az\u0259rbaycan\u0131n g\u0259l\u0259c\u0259yi g\u0259ncl\u0259rin \u0259lind\u0259dir, g\u0259ncl\u0259r\u0259 veril\u0259c\u0259kdir. Ona g\u00f6r\u0259 d\u0259 m\u0259kt\u0259bd\u0259 g\u0259ncl\u0259rimizi n\u0259 q\u0259d\u0259r yax\u015f\u0131, h\u0259rt\u0259r\u0259fli haz\u0131rlasalar, m\u00fcst\u0259qil Az\u0259rbaycan\u0131n g\u0259l\u0259c\u0259yi d\u0259 o q\u0259d\u0259r m\u00fcv\u0259ff\u0259qiyy\u0259tli, u\u011furlu, parlaq olacaqd\u0131r\u201d. H\u0259qiq\u0259t\u0259n d\u0259 Az\u0259rbaycan\u0131n m\u00fct\u0259r\u0259qqi g\u0259l\u0259c\u0259yi iti z\u0259kas\u0131, u\u011furlu d\u00fc\u015f\u00fcnc\u0259si, fitri istedad\u0131, z\u0259ngin biliyi olan g\u0259ncl\u0259rin \u0259lind\u0259dir.<\/p>\n<p>\u018fsas\u0131 Heyd\u0259r \u018fliyev t\u0259r\u0259find\u0259n qoyulmu\u015f g\u0259ncl\u0259r siyas\u0259ti \u2013 \u00f6lk\u0259 g\u0259ncl\u0259rinin h\u0259rt\u0259r\u0259fli inki\u015faf\u0131n\u0131, c\u0259miyy\u0259tin h\u0259yat\u0131nda onlar\u0131n f\u0259al i\u015ftirak\u0131n\u0131 t\u0259min etm\u0259k m\u0259qs\u0259di il\u0259 d\u00f6vl\u0259t t\u0259r\u0259find\u0259n m\u00fcvafiq ictimai-siyasi, sosial-iqtisadi, t\u0259\u015fkilati-h\u00fcquqi \u015f\u0259raitin v\u0259 t\u0259minatlar\u0131n yarad\u0131lmas\u0131na y\u00f6n\u0259lmi\u015f t\u0259dbirl\u0259r sistemidir. Bu siyas\u0259tin \u0259sas m\u0259qs\u0259di ya\u015f\u0131 29 \u2013d\u0259k olan insanlar\u0131n ist\u0259r fiziki, ist\u0259r \u0259qli, ist\u0259rs\u0259 d\u0259 m\u0259n\u0259vi inki\u015faf\u0131na h\u0259r t\u0259r\u0259fli \u015f\u0259rait yaratmaq, onlar\u0131n imkan v\u0259 bacar\u0131qlar\u0131n\u0131n realla\u015fd\u0131r\u0131lmas\u0131 istiqam\u0259tind\u0259 m\u00fch\u00fcm add\u0131mlar atmaqdan ibar\u0259tdir. Qeyd etm\u0259k laz\u0131md\u0131r ki, Az\u0259rbaycan Respublikas\u0131n\u0131n g\u0259ncl\u0259r siyas\u0259tinin geni\u015f spekteri g\u0259ncl\u0259rin t\u0259hsili, sa\u011flaml\u0131\u011f\u0131, intellektual v\u0259 m\u0259n\u0259vi inki\u015faf\u0131, asud\u0259 vaxt\u0131n\u0131n t\u0259\u015fkili, \u015f\u0259xsi probleml\u0259rinin h\u0259lli, h\u00fcquqlar\u0131n\u0131n m\u00fcdafi\u0259si, \u00f6lk\u0259nin ictimai-siyasi, m\u0259d\u0259ni h\u0259yat\u0131nda i\u015ftirak\u0131, g\u0259ncl\u0259r t\u0259\u015fkilatlar\u0131n\u0131n f\u0259aliyy\u0259ti, beyn\u0259lxalq \u0259laq\u0259l\u0259ri v\u0259 s. il\u0259 ba\u011fl\u0131 m\u0259s\u0259l\u0259l\u0259ri \u0259hat\u0259 edir.<\/p>\n<p>Heyd\u0259r \u018fliyev xalq\u0131m\u0131z\u0131n ad\u0259t-\u0259n\u0259n\u0259l\u0259rinin, milli-m\u0259n\u0259vi d\u0259y\u0259rl\u0259rimizin qorunub saxlan\u0131lmas\u0131n\u0131 v\u0259 onlar\u0131n \u00f6yr\u0259nilm\u0259sini h\u0259r bir az\u0259rbaycanl\u0131n\u0131n m\u00fcq\u0259dd\u0259s borcu say\u0131rd\u0131. Ulu \u00f6nd\u0259r yax\u015f\u0131 bilirdi ki, g\u0259nc n\u0259slin d\u00fczg\u00fcn t\u0259rbiy\u0259 olunmas\u0131, d\u00fczg\u00fcn istiqam\u0259tl\u0259nm\u0259si v\u0259 yax\u015f\u0131 t\u0259hsil almas\u0131 ilk n\u00f6vb\u0259d\u0259 xalq\u0131n milli-m\u0259n\u0259vi d\u0259y\u0259rl\u0259rini \u00f6yr\u0259nm\u0259kd\u0259n ba\u015flay\u0131r. M\u0259hz bu s\u0259b\u0259bd\u0259n d\u0259 yeti\u015fm\u0259kd\u0259 olan g\u0259nc n\u0259slin m\u0259n\u0259vi t\u0259rbiy\u0259sinin m\u00f6hk\u0259ml\u0259ndirilm\u0259si m\u0259s\u0259l\u0259sini d\u00f6vl\u0259t siyas\u0259tinin m\u00fch\u00fcm istiqam\u0259tl\u0259rind\u0259n biri hesab edirdi. Heyd\u0259r \u018fliyev m\u00fcst\u0259qillik qazand\u0131qdan sonra g\u0259ncl\u0259rl\u0259 ba\u011fl\u0131 ir\u0259li s\u00fcrd\u00fcy\u00fc ideyalar onlar\u0131n m\u0259n\u0259vi inki\u015faf\u0131na, t\u0259r\u0259qqisin\u0259 y\u00f6n\u0259lmi\u015f siys\u0259t idi v\u0259 bu ideyalar art\u0131q konkret i\u015fl\u0259rd\u0259 \u00f6z \u0259ksini tapma\u011fa ba\u015flam\u0131\u015fd\u0131r. G\u0259ncl\u0259r siyas\u0259ti sah\u0259sind\u0259 t\u0259min edilmi\u015f sabit t\u0259r\u0259qqi, d\u00f6vl\u0259t g\u0259ncl\u0259r siyas\u0259tinin d\u0259 milli h\u00fcquqi-qanunveri\u00e7ilik bazas\u0131n\u0131 formala\u015fd\u0131rm\u0131\u015f v\u0259 Az\u0259rbaycan tarixind\u0259 g\u0259ncl\u0259rl\u0259 ba\u011fl\u0131 vahid d\u00f6vl\u0259t siyas\u0259ti h\u0259y\u0259ata ke\u00e7irilm\u0259sin\u0259 z\u0259min yaratm\u0131\u015fd\u0131r.<\/p>\n<p>M\u00fcst\u0259qil Az\u0259rbaycan Respublikas\u0131n\u0131n h\u0259yat\u0131nda 1996-c\u0131 il fevral\u0131n 2-d\u0259 g\u0259ncl\u0259rinin birinci forumunun ke\u00e7irilm\u0259si m\u00fcst\u0259sna \u0259h\u0259miyy\u0259t\u0259 malik bir hadis\u0259 idi. Forum m\u00fcst\u0259qil Az\u0259rbaycan Respublikas\u0131n\u0131n qar\u015f\u0131s\u0131nda duran m\u00fch\u00fcm v\u0259zif\u0259l\u0259rin h\u0259yata ke\u00e7irilm\u0259sind\u0259 g\u0259ncl\u0259rin f\u0259al i\u015ftirak etm\u0259y\u0259 haz\u0131r oldu\u011funu n\u00fcmayi\u015f etdirmi\u015f v\u0259 g\u0259ncl\u0259rl\u0259 i\u015fin n\u0259z\u0259r\u0259\u00e7arpacaq d\u0259r\u0259c\u0259d\u0259 canlanmas\u0131na s\u0259b\u0259b olmu\u015fdur.\u00a0H\u0259min forumda Ulu \u00d6nd\u0259r Heyd\u0259r \u018fliyev nitqind\u0259 demi\u015fdir: \u201cG\u0259ncl\u0259rimiz milli ruhda t\u0259rbiy\u0259 olunmal\u0131d\u0131r, bizim milli-m\u0259n\u0259vi d\u0259y\u0259rl\u0259rimizin \u0259sas\u0131nda t\u0259rbiy\u0259l\u0259nm\u0259lidir. G\u0259ncl\u0259rimiz bizim tariximizi yax\u015f\u0131 bilm\u0259lidir, ke\u00e7mi\u015fi yax\u015f\u0131 bilm\u0259lidir, dilimizi yax\u015f\u0131 bilm\u0259lidir, milli d\u0259y\u0259rl\u0259rimizi yax\u015f\u0131 bilm\u0259lidir. Milli d\u0259y\u0259rl\u0259rimizi, milli \u0259n\u0259n\u0259l\u0259rimizi yax\u015f\u0131 bilm\u0259y\u0259n, tariximizi yax\u015f\u0131 bilm\u0259y\u0259n g\u0259nc v\u0259t\u0259np\u0259rv\u0259r ola bilm\u0259z\u201d..<\/p>\n<p>Az\u0259rbaycan G\u0259ncl\u0259rinin Birinci \u00dcmumrespublika Forumundan bir il sonra 1997-ci il fevral\u0131n 1-d\u0259 is\u0259 Az\u0259rbaycan Respublikas\u0131n\u0131n Prezidentinin imzalad\u0131\u011f\u0131 s\u0259r\u0259ncamla fevral\u0131n ay\u0131n\u0131n 2-si Az\u0259rbaycan g\u0259ncl\u0259ri g\u00fcn\u00fc elan edilmi\u015fdir.<\/p>\n<p>Dahi liderimiz Heyd\u0259r \u018fliyevin g\u0259ncl\u0259r\u0259 qay\u011f\u0131s\u0131 bunlarla kifay\u0259tl\u0259nmirdi. \u00d6lk\u0259nin siyasi-iqtisadi, milli-m\u0259n\u0259vi, m\u0259d\u0259ni h\u0259yat\u0131nda g\u0259ncl\u0259rin f\u0259al i\u015ftirak\u0131 t\u0259min edilmi\u015f, sosial-m\u0259n\u0259vi ehtiyaclar\u0131n\u0131n \u00f6d\u0259nilm\u0259si, c\u0259miyy\u0259t\u0259 layiqli v\u0259t\u0259nda\u015f kimi formala\u015fmalar\u0131 \u00fc\u00e7\u00fcn m\u00fch\u00fcm \u015f\u0259raitin yarad\u0131lmas\u0131, b\u00fct\u00f6vl\u00fckd\u0259 g\u0259nc n\u0259sl\u0259 diqq\u0259t v\u0259 qay\u011f\u0131n\u0131n art\u0131r\u0131lmas\u0131 istiqam\u0259tind\u0259 yeniyetm\u0259 v\u0259 g\u0259ncl\u0259rl\u0259 ba\u011fl\u0131 d\u00f6vl\u0259t siyas\u0259tinin \u0259sas prinsipl\u0259ri m\u00fc\u0259yy\u0259nl\u0259\u015fdirilmi\u015f, t\u0259hsil sah\u0259sind\u0259 m\u00fch\u00fcm add\u0131mlar at\u0131lm\u0131\u015f, g\u0259ncl\u0259rin xarici \u00f6lk\u0259l\u0259rd\u0259 t\u0259hsil almalar\u0131 \u00fc\u00e7\u00fcn \u015f\u0259rait yarad\u0131lm\u0131\u015fd\u0131r.<\/p>\n<p>Heyd\u0259r \u018fliyevin Az\u0259rbaycan Respublikas\u0131na r\u0259hb\u0259rlik etdiyi 1993-2003-c\u00fc ill\u0259ri d\u00f6vl\u0259t g\u0259ncl\u0259r siyas\u0259tinin h\u0259yata ke\u00e7irilm\u0259si istiqam\u0259tind\u0259 m\u00fch\u00fcm d\u00f6n\u0259ml\u0259rd\u0259n hesab etm\u0259k olar.<\/p>\n<p>Bu g\u00fcn Ulu \u00f6nd\u0259rimizin qoydu\u011fu miras m\u00fcasir d\u00f6vrd\u0259 d\u0259 \u00f6z aktuall\u0131\u011f\u0131n\u0131 qoruyur. Ata siyas\u0259tinin layiqli davam\u00e7\u0131s\u0131, Az\u0259rbaycan Respublikas\u0131n\u0131n Prezidenti C\u0259nab \u0130lham \u018fliyev h\u0259r bir sah\u0259d\u0259 oldu\u011fu kimi, \u00f6lk\u0259 g\u0259ncl\u0259rini d\u0259 diqq\u0259td\u0259n k\u0259nar qoymur, h\u0259r bir v\u0259chl\u0259 onlara d\u0259st\u0259k, qay\u011f\u0131 g\u00f6st\u0259rir, g\u0259ncl\u0259r siyas\u0259tin\u0259 sadiqliyini \u00f6z q\u0259rarlar\u0131 il\u0259 t\u0259sdiq edir. Respublikam\u0131zda g\u0259ncl\u0259rin milli-m\u0259n\u0259vi inki\u015faf\u0131, onlar\u0131n v\u0259t\u0259np\u0259rv\u0259rlik t\u0259rbiy\u0259si, xarici \u00f6lk\u0259l\u0259rd\u0259 t\u0259hsili, sosial m\u00fcdafi\u0259y\u0259 ehtiyac\u0131 olanlar\u0131n probleml\u0259rinin h\u0259lli istiqam\u0259tind\u0259 g\u00f6r\u00fcl\u0259n i\u015fl\u0259r, g\u0259ncl\u0259r t\u0259\u015fkilatlar\u0131n\u0131n formala\u015fmas\u0131 v\u0259 inki\u015faf\u0131 \u00fc\u00e7\u00fcn yarad\u0131lan \u015f\u0259rait v\u0259 imkan bu sah\u0259y\u0259 b\u00f6y\u00fck diqq\u0259tin n\u0259tic\u0259sidir.<\/p>\n<p><strong>Bak\u0131 Slavyan Universiteti<\/strong><\/p>\n<p><strong>C\u0259f\u0259rova S\u0259bin\u0259 Namiq q\u0131z\u0131<\/strong><\/p>\n","protected":false},"excerpt":{"rendered":"<p>Tarixin m\u00fcxt\u0259lif d\u00f6vrl\u0259rind\u0259 h\u0259r bir xalqa m\u0259nsub dahi insalar olmu\u015f, xalq\u0131n t\u0259r\u0259qqisind\u0259, inki\u015faf\u0131nda \u00f6z\u00fcn\u00fcn\u0259 m\u0259xsus iz qoymu\u015flar. Bu insanlar\u0131n yeri, uzaqg\u00f6r\u0259nliyi ill\u0259r, \u0259sirl\u0259r, q\u0259rin\u0259l\u0259r ke\u00e7s\u0259d\u0259 \u0259v\u0259z edilm\u0259z olaraq qal\u0131r. Heyd\u0259r \u018fliyev irsi Az\u0259rbaycan xalq\u0131n\u0131n \u0259n z\u0259ngin m\u0259n\u0259vi s\u0259rv\u0259ti, x\u0259zin\u0259sidir. Onun h\u0259yata ke\u00e7irdiyi \u0259srar\u0259ngiz siyas\u0259ti n\u0259tic\u0259sind\u0259 \u0259ld\u0259 olunan nailiyy\u0259tl\u0259r g\u00f6z qaba\u011f\u0131ndad\u0131r. \u00d6lk\u0259nin maddi v\u0259 m\u0259n\u0259vi t\u0259r\u0259qqisi [&hellip;]<\/p>\n","protected":false},"author":2,"featured_media":30646,"comment_status":"closed","ping_status":"closed","sticky":false,"template":"","format":"standard","meta":{"footnotes":""},"categories":[50],"tags":[],"class_list":["post-30645","post","type-post","status-publish","format-standard","has-post-thumbnail","hentry","category-youth"],"yoast_head":"<!-- This site is optimized with the Yoast SEO plugin v28.2 - https:\/\/yoast.com\/product\/yoast-seo-wordpress\/ -->\n<title>\u00dcmummilli Lider Heyd\u0259r \u018fliyev v\u0259 Az\u0259rbaycan g\u0259ncliyi - \u0130CT\u0130MA\u0130.AZ<\/title>\n<meta name=\"robots\" content=\"index, follow, max-snippet:-1, max-image-preview:large, max-video-preview:-1\" \/>\n<link rel=\"canonical\" href=\"https:\/\/ictimai.az\/?p=30645\" \/>\n<meta property=\"og:locale\" content=\"az_AZ\" \/>\n<meta property=\"og:type\" content=\"article\" \/>\n<meta property=\"og:title\" content=\"\u00dcmummilli Lider Heyd\u0259r \u018fliyev v\u0259 Az\u0259rbaycan g\u0259ncliyi - \u0130CT\u0130MA\u0130.AZ\" \/>\n<meta property=\"og:description\" content=\"Tarixin m\u00fcxt\u0259lif d\u00f6vrl\u0259rind\u0259 h\u0259r bir xalqa m\u0259nsub dahi insalar olmu\u015f, xalq\u0131n t\u0259r\u0259qqisind\u0259, inki\u015faf\u0131nda \u00f6z\u00fcn\u00fcn\u0259 m\u0259xsus iz qoymu\u015flar. Bu insanlar\u0131n yeri, uzaqg\u00f6r\u0259nliyi ill\u0259r, \u0259sirl\u0259r, q\u0259rin\u0259l\u0259r ke\u00e7s\u0259d\u0259 \u0259v\u0259z edilm\u0259z olaraq qal\u0131r. Heyd\u0259r \u018fliyev irsi Az\u0259rbaycan xalq\u0131n\u0131n \u0259n z\u0259ngin m\u0259n\u0259vi s\u0259rv\u0259ti, x\u0259zin\u0259sidir. Onun h\u0259yata ke\u00e7irdiyi \u0259srar\u0259ngiz siyas\u0259ti n\u0259tic\u0259sind\u0259 \u0259ld\u0259 olunan nailiyy\u0259tl\u0259r g\u00f6z qaba\u011f\u0131ndad\u0131r. \u00d6lk\u0259nin maddi v\u0259 m\u0259n\u0259vi t\u0259r\u0259qqisi [&hellip;]\" \/>\n<meta property=\"og:url\" content=\"https:\/\/ictimai.az\/?p=30645\" \/>\n<meta property=\"og:site_name\" content=\"\u0130CT\u0130MA\u0130.AZ\" \/>\n<meta property=\"article:published_time\" content=\"2023-08-30T11:51:09+00:00\" \/>\n<meta property=\"article:modified_time\" content=\"2023-08-30T11:59:24+00:00\" \/>\n<meta property=\"og:image\" content=\"https:\/\/ictimai.az\/core\/uploads\/2023\/08\/ictimai_0a72b72697e2ba077b462970550f2054_9fl3cq7iyeo1grxkz085-e1693396731552.jpg\" \/>\n\t<meta property=\"og:image:width\" content=\"567\" \/>\n\t<meta property=\"og:image:height\" content=\"501\" \/>\n\t<meta property=\"og:image:type\" content=\"image\/jpeg\" \/>\n<meta name=\"author\" content=\"R\u0259\u015fad Bayramov\" \/>\n<meta name=\"twitter:card\" content=\"summary_large_image\" \/>\n<meta name=\"twitter:label1\" content=\"Written by\" \/>\n\t<meta name=\"twitter:data1\" content=\"R\u0259\u015fad Bayramov\" \/>\n\t<meta name=\"twitter:label2\" content=\"Est. reading time\" \/>\n\t<meta name=\"twitter:data2\" content=\"8 minutes\" \/>\n<script type=\"application\/ld+json\" class=\"yoast-schema-graph\">{\"@context\":\"https:\\\/\\\/schema.org\",\"@graph\":[{\"@type\":\"Article\",\"@id\":\"https:\\\/\\\/ictimai.az\\\/?p=30645#article\",\"isPartOf\":{\"@id\":\"https:\\\/\\\/ictimai.az\\\/?p=30645\"},\"author\":{\"name\":\"R\u0259\u015fad Bayramov\",\"@id\":\"https:\\\/\\\/ictimai.az\\\/#\\\/schema\\\/person\\\/1da94bf2c7ab5d83ad349237bec1e6af\"},\"headline\":\"\u00dcmummilli Lider Heyd\u0259r \u018fliyev v\u0259 Az\u0259rbaycan g\u0259ncliyi\",\"datePublished\":\"2023-08-30T11:51:09+00:00\",\"dateModified\":\"2023-08-30T11:59:24+00:00\",\"mainEntityOfPage\":{\"@id\":\"https:\\\/\\\/ictimai.az\\\/?p=30645\"},\"wordCount\":1682,\"publisher\":{\"@id\":\"https:\\\/\\\/ictimai.az\\\/#organization\"},\"image\":{\"@id\":\"https:\\\/\\\/ictimai.az\\\/?p=30645#primaryimage\"},\"thumbnailUrl\":\"https:\\\/\\\/ictimai.az\\\/core\\\/uploads\\\/2023\\\/08\\\/ictimai_0a72b72697e2ba077b462970550f2054_9fl3cq7iyeo1grxkz085-e1693396731552.jpg\",\"articleSection\":[\"G\u0259nclik\"],\"inLanguage\":\"az\"},{\"@type\":\"WebPage\",\"@id\":\"https:\\\/\\\/ictimai.az\\\/?p=30645\",\"url\":\"https:\\\/\\\/ictimai.az\\\/?p=30645\",\"name\":\"\u00dcmummilli Lider Heyd\u0259r \u018fliyev v\u0259 Az\u0259rbaycan g\u0259ncliyi - \u0130CT\u0130MA\u0130.AZ\",\"isPartOf\":{\"@id\":\"https:\\\/\\\/ictimai.az\\\/#website\"},\"primaryImageOfPage\":{\"@id\":\"https:\\\/\\\/ictimai.az\\\/?p=30645#primaryimage\"},\"image\":{\"@id\":\"https:\\\/\\\/ictimai.az\\\/?p=30645#primaryimage\"},\"thumbnailUrl\":\"https:\\\/\\\/ictimai.az\\\/core\\\/uploads\\\/2023\\\/08\\\/ictimai_0a72b72697e2ba077b462970550f2054_9fl3cq7iyeo1grxkz085-e1693396731552.jpg\",\"datePublished\":\"2023-08-30T11:51:09+00:00\",\"dateModified\":\"2023-08-30T11:59:24+00:00\",\"breadcrumb\":{\"@id\":\"https:\\\/\\\/ictimai.az\\\/?p=30645#breadcrumb\"},\"inLanguage\":\"az\",\"potentialAction\":[{\"@type\":\"ReadAction\",\"target\":[\"https:\\\/\\\/ictimai.az\\\/?p=30645\"]}]},{\"@type\":\"ImageObject\",\"inLanguage\":\"az\",\"@id\":\"https:\\\/\\\/ictimai.az\\\/?p=30645#primaryimage\",\"url\":\"https:\\\/\\\/ictimai.az\\\/core\\\/uploads\\\/2023\\\/08\\\/ictimai_0a72b72697e2ba077b462970550f2054_9fl3cq7iyeo1grxkz085-e1693396731552.jpg\",\"contentUrl\":\"https:\\\/\\\/ictimai.az\\\/core\\\/uploads\\\/2023\\\/08\\\/ictimai_0a72b72697e2ba077b462970550f2054_9fl3cq7iyeo1grxkz085-e1693396731552.jpg\",\"width\":567,\"height\":501},{\"@type\":\"BreadcrumbList\",\"@id\":\"https:\\\/\\\/ictimai.az\\\/?p=30645#breadcrumb\",\"itemListElement\":[{\"@type\":\"ListItem\",\"position\":1,\"name\":\"Home\",\"item\":\"https:\\\/\\\/ictimai.az\\\/\"},{\"@type\":\"ListItem\",\"position\":2,\"name\":\"\u00dcmummilli Lider Heyd\u0259r \u018fliyev v\u0259 Az\u0259rbaycan g\u0259ncliyi\"}]},{\"@type\":\"WebSite\",\"@id\":\"https:\\\/\\\/ictimai.az\\\/#website\",\"url\":\"https:\\\/\\\/ictimai.az\\\/\",\"name\":\"\u0130CT\u0130MA\u0130.AZ\",\"description\":\"\",\"publisher\":{\"@id\":\"https:\\\/\\\/ictimai.az\\\/#organization\"},\"potentialAction\":[{\"@type\":\"SearchAction\",\"target\":{\"@type\":\"EntryPoint\",\"urlTemplate\":\"https:\\\/\\\/ictimai.az\\\/?s={search_term_string}\"},\"query-input\":{\"@type\":\"PropertyValueSpecification\",\"valueRequired\":true,\"valueName\":\"search_term_string\"}}],\"inLanguage\":\"az\"},{\"@type\":\"Organization\",\"@id\":\"https:\\\/\\\/ictimai.az\\\/#organization\",\"name\":\"\u0130CT\u0130MA\u0130.AZ\",\"url\":\"https:\\\/\\\/ictimai.az\\\/\",\"logo\":{\"@type\":\"ImageObject\",\"inLanguage\":\"az\",\"@id\":\"https:\\\/\\\/ictimai.az\\\/#\\\/schema\\\/logo\\\/image\\\/\",\"url\":\"https:\\\/\\\/ictimai.az\\\/core\\\/uploads\\\/2026\\\/06\\\/cropped-ictimai_0380d81099c6fe3baae753faceb5481f_p41rg2mzq0uyvextfh3k-768x768-1-3.png\",\"contentUrl\":\"https:\\\/\\\/ictimai.az\\\/core\\\/uploads\\\/2026\\\/06\\\/cropped-ictimai_0380d81099c6fe3baae753faceb5481f_p41rg2mzq0uyvextfh3k-768x768-1-3.png\",\"width\":768,\"height\":768,\"caption\":\"\u0130CT\u0130MA\u0130.AZ\"},\"image\":{\"@id\":\"https:\\\/\\\/ictimai.az\\\/#\\\/schema\\\/logo\\\/image\\\/\"}},{\"@type\":\"Person\",\"@id\":\"https:\\\/\\\/ictimai.az\\\/#\\\/schema\\\/person\\\/1da94bf2c7ab5d83ad349237bec1e6af\",\"name\":\"R\u0259\u015fad Bayramov\",\"image\":{\"@type\":\"ImageObject\",\"inLanguage\":\"az\",\"@id\":\"https:\\\/\\\/secure.gravatar.com\\\/avatar\\\/83c075605ba0a4d35d59726aaad89cfa8008d1f01603342c56f1dd79784491bc?s=96&d=mm&r=g\",\"url\":\"https:\\\/\\\/secure.gravatar.com\\\/avatar\\\/83c075605ba0a4d35d59726aaad89cfa8008d1f01603342c56f1dd79784491bc?s=96&d=mm&r=g\",\"contentUrl\":\"https:\\\/\\\/secure.gravatar.com\\\/avatar\\\/83c075605ba0a4d35d59726aaad89cfa8008d1f01603342c56f1dd79784491bc?s=96&d=mm&r=g\",\"caption\":\"R\u0259\u015fad Bayramov\"},\"sameAs\":[\"https:\\\/\\\/ictimai.az\\\/\"],\"url\":\"https:\\\/\\\/ictimai.az\\\/?author=2\"}]}<\/script>\n<!-- \/ Yoast SEO plugin. -->","yoast_head_json":{"title":"\u00dcmummilli Lider Heyd\u0259r \u018fliyev v\u0259 Az\u0259rbaycan g\u0259ncliyi - \u0130CT\u0130MA\u0130.AZ","robots":{"index":"index","follow":"follow","max-snippet":"max-snippet:-1","max-image-preview":"max-image-preview:large","max-video-preview":"max-video-preview:-1"},"canonical":"https:\/\/ictimai.az\/?p=30645","og_locale":"az_AZ","og_type":"article","og_title":"\u00dcmummilli Lider Heyd\u0259r \u018fliyev v\u0259 Az\u0259rbaycan g\u0259ncliyi - \u0130CT\u0130MA\u0130.AZ","og_description":"Tarixin m\u00fcxt\u0259lif d\u00f6vrl\u0259rind\u0259 h\u0259r bir xalqa m\u0259nsub dahi insalar olmu\u015f, xalq\u0131n t\u0259r\u0259qqisind\u0259, inki\u015faf\u0131nda \u00f6z\u00fcn\u00fcn\u0259 m\u0259xsus iz qoymu\u015flar. Bu insanlar\u0131n yeri, uzaqg\u00f6r\u0259nliyi ill\u0259r, \u0259sirl\u0259r, q\u0259rin\u0259l\u0259r ke\u00e7s\u0259d\u0259 \u0259v\u0259z edilm\u0259z olaraq qal\u0131r. Heyd\u0259r \u018fliyev irsi Az\u0259rbaycan xalq\u0131n\u0131n \u0259n z\u0259ngin m\u0259n\u0259vi s\u0259rv\u0259ti, x\u0259zin\u0259sidir. Onun h\u0259yata ke\u00e7irdiyi \u0259srar\u0259ngiz siyas\u0259ti n\u0259tic\u0259sind\u0259 \u0259ld\u0259 olunan nailiyy\u0259tl\u0259r g\u00f6z qaba\u011f\u0131ndad\u0131r. \u00d6lk\u0259nin maddi v\u0259 m\u0259n\u0259vi t\u0259r\u0259qqisi [&hellip;]","og_url":"https:\/\/ictimai.az\/?p=30645","og_site_name":"\u0130CT\u0130MA\u0130.AZ","article_published_time":"2023-08-30T11:51:09+00:00","article_modified_time":"2023-08-30T11:59:24+00:00","og_image":[{"width":567,"height":501,"url":"https:\/\/ictimai.az\/core\/uploads\/2023\/08\/ictimai_0a72b72697e2ba077b462970550f2054_9fl3cq7iyeo1grxkz085-e1693396731552.jpg","type":"image\/jpeg"}],"author":"R\u0259\u015fad Bayramov","twitter_card":"summary_large_image","twitter_misc":{"Written by":"R\u0259\u015fad Bayramov","Est. reading time":"8 minutes"},"schema":{"@context":"https:\/\/schema.org","@graph":[{"@type":"Article","@id":"https:\/\/ictimai.az\/?p=30645#article","isPartOf":{"@id":"https:\/\/ictimai.az\/?p=30645"},"author":{"name":"R\u0259\u015fad Bayramov","@id":"https:\/\/ictimai.az\/#\/schema\/person\/1da94bf2c7ab5d83ad349237bec1e6af"},"headline":"\u00dcmummilli Lider Heyd\u0259r \u018fliyev v\u0259 Az\u0259rbaycan g\u0259ncliyi","datePublished":"2023-08-30T11:51:09+00:00","dateModified":"2023-08-30T11:59:24+00:00","mainEntityOfPage":{"@id":"https:\/\/ictimai.az\/?p=30645"},"wordCount":1682,"publisher":{"@id":"https:\/\/ictimai.az\/#organization"},"image":{"@id":"https:\/\/ictimai.az\/?p=30645#primaryimage"},"thumbnailUrl":"https:\/\/ictimai.az\/core\/uploads\/2023\/08\/ictimai_0a72b72697e2ba077b462970550f2054_9fl3cq7iyeo1grxkz085-e1693396731552.jpg","articleSection":["G\u0259nclik"],"inLanguage":"az"},{"@type":"WebPage","@id":"https:\/\/ictimai.az\/?p=30645","url":"https:\/\/ictimai.az\/?p=30645","name":"\u00dcmummilli Lider Heyd\u0259r \u018fliyev v\u0259 Az\u0259rbaycan g\u0259ncliyi - \u0130CT\u0130MA\u0130.AZ","isPartOf":{"@id":"https:\/\/ictimai.az\/#website"},"primaryImageOfPage":{"@id":"https:\/\/ictimai.az\/?p=30645#primaryimage"},"image":{"@id":"https:\/\/ictimai.az\/?p=30645#primaryimage"},"thumbnailUrl":"https:\/\/ictimai.az\/core\/uploads\/2023\/08\/ictimai_0a72b72697e2ba077b462970550f2054_9fl3cq7iyeo1grxkz085-e1693396731552.jpg","datePublished":"2023-08-30T11:51:09+00:00","dateModified":"2023-08-30T11:59:24+00:00","breadcrumb":{"@id":"https:\/\/ictimai.az\/?p=30645#breadcrumb"},"inLanguage":"az","potentialAction":[{"@type":"ReadAction","target":["https:\/\/ictimai.az\/?p=30645"]}]},{"@type":"ImageObject","inLanguage":"az","@id":"https:\/\/ictimai.az\/?p=30645#primaryimage","url":"https:\/\/ictimai.az\/core\/uploads\/2023\/08\/ictimai_0a72b72697e2ba077b462970550f2054_9fl3cq7iyeo1grxkz085-e1693396731552.jpg","contentUrl":"https:\/\/ictimai.az\/core\/uploads\/2023\/08\/ictimai_0a72b72697e2ba077b462970550f2054_9fl3cq7iyeo1grxkz085-e1693396731552.jpg","width":567,"height":501},{"@type":"BreadcrumbList","@id":"https:\/\/ictimai.az\/?p=30645#breadcrumb","itemListElement":[{"@type":"ListItem","position":1,"name":"Home","item":"https:\/\/ictimai.az\/"},{"@type":"ListItem","position":2,"name":"\u00dcmummilli Lider Heyd\u0259r \u018fliyev v\u0259 Az\u0259rbaycan g\u0259ncliyi"}]},{"@type":"WebSite","@id":"https:\/\/ictimai.az\/#website","url":"https:\/\/ictimai.az\/","name":"\u0130CT\u0130MA\u0130.AZ","description":"","publisher":{"@id":"https:\/\/ictimai.az\/#organization"},"potentialAction":[{"@type":"SearchAction","target":{"@type":"EntryPoint","urlTemplate":"https:\/\/ictimai.az\/?s={search_term_string}"},"query-input":{"@type":"PropertyValueSpecification","valueRequired":true,"valueName":"search_term_string"}}],"inLanguage":"az"},{"@type":"Organization","@id":"https:\/\/ictimai.az\/#organization","name":"\u0130CT\u0130MA\u0130.AZ","url":"https:\/\/ictimai.az\/","logo":{"@type":"ImageObject","inLanguage":"az","@id":"https:\/\/ictimai.az\/#\/schema\/logo\/image\/","url":"https:\/\/ictimai.az\/core\/uploads\/2026\/06\/cropped-ictimai_0380d81099c6fe3baae753faceb5481f_p41rg2mzq0uyvextfh3k-768x768-1-3.png","contentUrl":"https:\/\/ictimai.az\/core\/uploads\/2026\/06\/cropped-ictimai_0380d81099c6fe3baae753faceb5481f_p41rg2mzq0uyvextfh3k-768x768-1-3.png","width":768,"height":768,"caption":"\u0130CT\u0130MA\u0130.AZ"},"image":{"@id":"https:\/\/ictimai.az\/#\/schema\/logo\/image\/"}},{"@type":"Person","@id":"https:\/\/ictimai.az\/#\/schema\/person\/1da94bf2c7ab5d83ad349237bec1e6af","name":"R\u0259\u015fad Bayramov","image":{"@type":"ImageObject","inLanguage":"az","@id":"https:\/\/secure.gravatar.com\/avatar\/83c075605ba0a4d35d59726aaad89cfa8008d1f01603342c56f1dd79784491bc?s=96&d=mm&r=g","url":"https:\/\/secure.gravatar.com\/avatar\/83c075605ba0a4d35d59726aaad89cfa8008d1f01603342c56f1dd79784491bc?s=96&d=mm&r=g","contentUrl":"https:\/\/secure.gravatar.com\/avatar\/83c075605ba0a4d35d59726aaad89cfa8008d1f01603342c56f1dd79784491bc?s=96&d=mm&r=g","caption":"R\u0259\u015fad Bayramov"},"sameAs":["https:\/\/ictimai.az\/"],"url":"https:\/\/ictimai.az\/?author=2"}]}},"_links":{"self":[{"href":"https:\/\/ictimai.az\/index.php?rest_route=\/wp\/v2\/posts\/30645","targetHints":{"allow":["GET"]}}],"collection":[{"href":"https:\/\/ictimai.az\/index.php?rest_route=\/wp\/v2\/posts"}],"about":[{"href":"https:\/\/ictimai.az\/index.php?rest_route=\/wp\/v2\/types\/post"}],"author":[{"embeddable":true,"href":"https:\/\/ictimai.az\/index.php?rest_route=\/wp\/v2\/users\/2"}],"replies":[{"embeddable":true,"href":"https:\/\/ictimai.az\/index.php?rest_route=%2Fwp%2Fv2%2Fcomments&post=30645"}],"version-history":[{"count":0,"href":"https:\/\/ictimai.az\/index.php?rest_route=\/wp\/v2\/posts\/30645\/revisions"}],"wp:featuredmedia":[{"embeddable":true,"href":"https:\/\/ictimai.az\/index.php?rest_route=\/wp\/v2\/media\/30646"}],"wp:attachment":[{"href":"https:\/\/ictimai.az\/index.php?rest_route=%2Fwp%2Fv2%2Fmedia&parent=30645"}],"wp:term":[{"taxonomy":"category","embeddable":true,"href":"https:\/\/ictimai.az\/index.php?rest_route=%2Fwp%2Fv2%2Fcategories&post=30645"},{"taxonomy":"post_tag","embeddable":true,"href":"https:\/\/ictimai.az\/index.php?rest_route=%2Fwp%2Fv2%2Ftags&post=30645"}],"curies":[{"name":"wp","href":"https:\/\/api.w.org\/{rel}","templated":true}]}}