{"id":3114,"date":"2020-05-31T16:28:18","date_gmt":"2020-05-31T12:28:18","guid":{"rendered":"https:\/\/ictimai.az\/?p=3114"},"modified":"2020-05-31T20:27:29","modified_gmt":"2020-05-31T16:27:29","slug":"qenire-pasayevadan-aviabiletlerin-qiymetlerinin-ucuzlasmasi-barede-teklif-video","status":"publish","type":"post","link":"https:\/\/ictimai.az\/?p=3114","title":{"rendered":"Q\u0259nir\u0259 Pa\u015fayevadan aviabiletl\u0259rin qiym\u0259tl\u0259rinin ucuzla\u015fmas\u0131 bar\u0259d\u0259 t\u0259klif &#8211; Video"},"content":{"rendered":"<p><strong>Mill\u0259t v\u0259kili, M\u0259d\u0259niyy\u0259t komit\u0259sinin s\u0259dri Q.Pa\u015fayeva Milli M\u0259clisin plenar iclas\u0131nda &#8220;Az\u0259rbaycan Respublikas\u0131 H\u00f6k\u00fcm\u0259ti il\u0259 T\u00fcrkiy\u0259 Respublikas\u0131 H\u00f6k\u00fcm\u0259ti aras\u0131nda qar\u015f\u0131l\u0131ql\u0131 olaraq vizadan azad etm\u0259 haqq\u0131nda\u201d Sazi\u015fin t\u0259sdiq edilm\u0259si bar\u0259d\u0259 Az\u0259rbaycan Respublikas\u0131 qanununun layih\u0259si haqq\u0131nda \u00e7\u0131x\u0131\u015f edib.<\/strong><\/p>\n<p>T\u00fcrkiy\u0259d\u0259 s\u0259f\u0259rd\u0259 olark\u0259n v\u0259t\u0259nda\u015flar t\u0259r\u0259find\u0259n m\u0259s\u0259l\u0259 il\u0259 ba\u011fl\u0131 \u00e7oxlu sayda m\u00fcraci\u0259tl\u0259r ald\u0131\u011f\u0131n\u0131 dey\u0259n Q\u0259nir\u0259 Pa\u015fayeva bu sazi\u015fin tarixi bir hadis\u0259 oldu\u011funu bildirib. Az\u0259rbaycan T\u00fcrkiy\u0259y\u0259 ged\u0259n insanlar\u0131n say\u0131 \u00e7ox olsa da T\u00fcrkiy\u0259d\u0259n Az\u0259rbaycana g\u0259l\u0259nl\u0259rin \u00e7ox az oldu\u011funu vur\u011fulayan mill\u0259t v\u0259kili 90 g\u00fcnl\u00fck viza sisteminin l\u0259\u011fv olunmas\u0131n\u0131n bu m\u0259s\u0259l\u0259y\u0259 b\u00f6y\u00fck t\u00f6hf\u0259l\u0259r ver\u0259c\u0259yini d\u0259 deyib. Q\u0259nir\u0259 Pa\u015fayeva qarda\u015f T\u00fcrkiy\u0259d\u0259 Avropa \u00f6lk\u0259l\u0259rin\u0259 sat\u0131lan biletl\u0259rin qiym\u0259tinin Az\u0259rbaycanla m\u00fcqayis\u0259d\u0259 daha ucuz olmas\u0131 m\u0259s\u0259l\u0259sin\u0259 d\u0259 toxunub: \u201cT\u00fcrkiy\u0259d\u0259n Az\u0259rbaycana, x\u00fcsusil\u0259 d\u0259 G\u0259nc\u0259 \u015f\u0259h\u0259rin\u0259 aviabiletl\u0259rin qiym\u0259ti \u00e7ox y\u00fcks\u0259kdir. G\u0259nc\u0259d\u0259 olark\u0259n m\u0259n\u0259 bildirdil\u0259r ki, burada yerhaqlar\u0131n\u0131n y\u00fcks\u0259k olmas\u0131 biletl\u0259rin qiym\u0259tin\u0259 d\u0259 \u00f6z t\u0259sirini g\u00f6st\u0259rir. B\u00f6lg\u0259l\u0259rimiz\u0259 g\u0259l\u0259n turistl\u0259rin say\u0131n\u0131n artmas\u0131 birba\u015fa h\u0259min b\u00f6lg\u0259nin iqtisadiyyat\u0131n\u0131n g\u00fccl\u0259nm\u0259sin\u0259 t\u0259sir edir.\u201d<\/p>\n<p>Postpandemiya d\u00f6vr\u00fcnd\u0259 turizmin g\u00fccl\u0259nm\u0259sinin iqtisadiyyat\u0131m\u0131z \u00fc\u00e7\u00fcn vacib m\u0259s\u0259l\u0259 oldu\u011funu vur\u011fulayan Q\u0259nir\u0259 Pa\u015fayeva m\u0259s\u0259l\u0259nin h\u0259lli \u00fc\u00e7\u00fcn aidiyyat\u0131 qurumlara \u00e7a\u011f\u0131r\u0131\u015f edib.<\/p>\n<p>Arzu ed\u0259nl\u0259r buradan izl\u0259y\u0259 bil\u0259rl\u0259r :<\/p>\n<p><iframe loading=\"lazy\" title=\"Q.Pa\u015fayeva \u00f6lk\u0259mizl\u0259 T\u00fcrkiy\u0259 aras\u0131nda aviabilet qiym\u0259tl\u0259rinin ucuzla\u015fmas\u0131 bar\u0259d\u0259 t\u0259klifl\u0259 \u00e7\u0131x\u0131\u015f edib\" width=\"640\" height=\"360\" src=\"https:\/\/www.youtube.com\/embed\/_UbqSCR8AZo?feature=oembed\" frameborder=\"0\" allow=\"accelerometer; autoplay; clipboard-write; encrypted-media; gyroscope; picture-in-picture; web-share\" referrerpolicy=\"strict-origin-when-cross-origin\" allowfullscreen><\/iframe><\/p>\n<p>&nbsp;<\/p>\n","protected":false},"excerpt":{"rendered":"<p>Mill\u0259t v\u0259kili, M\u0259d\u0259niyy\u0259t komit\u0259sinin s\u0259dri Q.Pa\u015fayeva Milli M\u0259clisin plenar iclas\u0131nda &#8220;Az\u0259rbaycan Respublikas\u0131 H\u00f6k\u00fcm\u0259ti il\u0259 T\u00fcrkiy\u0259 Respublikas\u0131 H\u00f6k\u00fcm\u0259ti aras\u0131nda qar\u015f\u0131l\u0131ql\u0131 olaraq vizadan azad etm\u0259 haqq\u0131nda\u201d Sazi\u015fin t\u0259sdiq edilm\u0259si bar\u0259d\u0259 Az\u0259rbaycan Respublikas\u0131 qanununun layih\u0259si haqq\u0131nda \u00e7\u0131x\u0131\u015f edib. T\u00fcrkiy\u0259d\u0259 s\u0259f\u0259rd\u0259 olark\u0259n v\u0259t\u0259nda\u015flar t\u0259r\u0259find\u0259n m\u0259s\u0259l\u0259 il\u0259 ba\u011fl\u0131 \u00e7oxlu sayda m\u00fcraci\u0259tl\u0259r ald\u0131\u011f\u0131n\u0131 dey\u0259n Q\u0259nir\u0259 Pa\u015fayeva bu sazi\u015fin tarixi bir hadis\u0259 [&hellip;]<\/p>\n","protected":false},"author":2,"featured_media":3115,"comment_status":"closed","ping_status":"closed","sticky":false,"template":"","format":"standard","meta":{"footnotes":""},"categories":[2],"tags":[],"class_list":["post-3114","post","type-post","status-publish","format-standard","has-post-thumbnail","hentry","category-trend"],"yoast_head":"<!-- This site is optimized with the Yoast SEO plugin v28.2 - https:\/\/yoast.com\/product\/yoast-seo-wordpress\/ -->\n<title>Q\u0259nir\u0259 Pa\u015fayevadan aviabiletl\u0259rin qiym\u0259tl\u0259rinin ucuzla\u015fmas\u0131 bar\u0259d\u0259 t\u0259klif - Video - \u0130CT\u0130MA\u0130.AZ<\/title>\n<meta name=\"robots\" content=\"index, follow, max-snippet:-1, max-image-preview:large, max-video-preview:-1\" \/>\n<link rel=\"canonical\" href=\"https:\/\/ictimai.az\/?p=3114\" \/>\n<meta property=\"og:locale\" content=\"az_AZ\" \/>\n<meta property=\"og:type\" content=\"article\" \/>\n<meta property=\"og:title\" content=\"Q\u0259nir\u0259 Pa\u015fayevadan aviabiletl\u0259rin qiym\u0259tl\u0259rinin ucuzla\u015fmas\u0131 bar\u0259d\u0259 t\u0259klif - Video - \u0130CT\u0130MA\u0130.AZ\" \/>\n<meta property=\"og:description\" content=\"Mill\u0259t v\u0259kili, M\u0259d\u0259niyy\u0259t komit\u0259sinin s\u0259dri Q.Pa\u015fayeva Milli M\u0259clisin plenar iclas\u0131nda &#8220;Az\u0259rbaycan Respublikas\u0131 H\u00f6k\u00fcm\u0259ti il\u0259 T\u00fcrkiy\u0259 Respublikas\u0131 H\u00f6k\u00fcm\u0259ti aras\u0131nda qar\u015f\u0131l\u0131ql\u0131 olaraq vizadan azad etm\u0259 haqq\u0131nda\u201d Sazi\u015fin t\u0259sdiq edilm\u0259si bar\u0259d\u0259 Az\u0259rbaycan Respublikas\u0131 qanununun layih\u0259si haqq\u0131nda \u00e7\u0131x\u0131\u015f edib. T\u00fcrkiy\u0259d\u0259 s\u0259f\u0259rd\u0259 olark\u0259n v\u0259t\u0259nda\u015flar t\u0259r\u0259find\u0259n m\u0259s\u0259l\u0259 il\u0259 ba\u011fl\u0131 \u00e7oxlu sayda m\u00fcraci\u0259tl\u0259r ald\u0131\u011f\u0131n\u0131 dey\u0259n Q\u0259nir\u0259 Pa\u015fayeva bu sazi\u015fin tarixi bir hadis\u0259 [&hellip;]\" \/>\n<meta property=\"og:url\" content=\"https:\/\/ictimai.az\/?p=3114\" \/>\n<meta property=\"og:site_name\" content=\"\u0130CT\u0130MA\u0130.AZ\" \/>\n<meta property=\"article:published_time\" content=\"2020-05-31T12:28:18+00:00\" \/>\n<meta property=\"article:modified_time\" content=\"2020-05-31T16:27:29+00:00\" \/>\n<meta property=\"og:image\" content=\"https:\/\/ictimai.az\/core\/uploads\/2020\/05\/ictimai_7a27b93dc6334154a888c74764759f4c_5fy48gtrzmje2wa0vnsi.jpg\" \/>\n\t<meta property=\"og:image:width\" content=\"1930\" \/>\n\t<meta property=\"og:image:height\" content=\"1080\" \/>\n\t<meta property=\"og:image:type\" content=\"image\/jpeg\" \/>\n<meta name=\"author\" content=\"R\u0259\u015fad Bayramov\" \/>\n<meta name=\"twitter:card\" content=\"summary_large_image\" \/>\n<meta name=\"twitter:label1\" content=\"Written by\" \/>\n\t<meta name=\"twitter:data1\" content=\"R\u0259\u015fad Bayramov\" \/>\n\t<meta name=\"twitter:label2\" content=\"Est. reading time\" \/>\n\t<meta name=\"twitter:data2\" content=\"2 minutes\" \/>\n<script type=\"application\/ld+json\" class=\"yoast-schema-graph\">{\"@context\":\"https:\\\/\\\/schema.org\",\"@graph\":[{\"@type\":\"Article\",\"@id\":\"https:\\\/\\\/ictimai.az\\\/?p=3114#article\",\"isPartOf\":{\"@id\":\"https:\\\/\\\/ictimai.az\\\/?p=3114\"},\"author\":{\"name\":\"R\u0259\u015fad Bayramov\",\"@id\":\"https:\\\/\\\/ictimai.az\\\/#\\\/schema\\\/person\\\/1da94bf2c7ab5d83ad349237bec1e6af\"},\"headline\":\"Q\u0259nir\u0259 Pa\u015fayevadan aviabiletl\u0259rin qiym\u0259tl\u0259rinin ucuzla\u015fmas\u0131 bar\u0259d\u0259 t\u0259klif &#8211; Video\",\"datePublished\":\"2020-05-31T12:28:18+00:00\",\"dateModified\":\"2020-05-31T16:27:29+00:00\",\"mainEntityOfPage\":{\"@id\":\"https:\\\/\\\/ictimai.az\\\/?p=3114\"},\"wordCount\":359,\"publisher\":{\"@id\":\"https:\\\/\\\/ictimai.az\\\/#organization\"},\"image\":{\"@id\":\"https:\\\/\\\/ictimai.az\\\/?p=3114#primaryimage\"},\"thumbnailUrl\":\"https:\\\/\\\/ictimai.az\\\/core\\\/uploads\\\/2020\\\/05\\\/ictimai_7a27b93dc6334154a888c74764759f4c_5fy48gtrzmje2wa0vnsi.jpg\",\"articleSection\":[\"G\u00fcnd\u0259m\"],\"inLanguage\":\"az\"},{\"@type\":\"WebPage\",\"@id\":\"https:\\\/\\\/ictimai.az\\\/?p=3114\",\"url\":\"https:\\\/\\\/ictimai.az\\\/?p=3114\",\"name\":\"Q\u0259nir\u0259 Pa\u015fayevadan aviabiletl\u0259rin qiym\u0259tl\u0259rinin ucuzla\u015fmas\u0131 bar\u0259d\u0259 t\u0259klif - Video - \u0130CT\u0130MA\u0130.AZ\",\"isPartOf\":{\"@id\":\"https:\\\/\\\/ictimai.az\\\/#website\"},\"primaryImageOfPage\":{\"@id\":\"https:\\\/\\\/ictimai.az\\\/?p=3114#primaryimage\"},\"image\":{\"@id\":\"https:\\\/\\\/ictimai.az\\\/?p=3114#primaryimage\"},\"thumbnailUrl\":\"https:\\\/\\\/ictimai.az\\\/core\\\/uploads\\\/2020\\\/05\\\/ictimai_7a27b93dc6334154a888c74764759f4c_5fy48gtrzmje2wa0vnsi.jpg\",\"datePublished\":\"2020-05-31T12:28:18+00:00\",\"dateModified\":\"2020-05-31T16:27:29+00:00\",\"breadcrumb\":{\"@id\":\"https:\\\/\\\/ictimai.az\\\/?p=3114#breadcrumb\"},\"inLanguage\":\"az\",\"potentialAction\":[{\"@type\":\"ReadAction\",\"target\":[\"https:\\\/\\\/ictimai.az\\\/?p=3114\"]}]},{\"@type\":\"ImageObject\",\"inLanguage\":\"az\",\"@id\":\"https:\\\/\\\/ictimai.az\\\/?p=3114#primaryimage\",\"url\":\"https:\\\/\\\/ictimai.az\\\/core\\\/uploads\\\/2020\\\/05\\\/ictimai_7a27b93dc6334154a888c74764759f4c_5fy48gtrzmje2wa0vnsi.jpg\",\"contentUrl\":\"https:\\\/\\\/ictimai.az\\\/core\\\/uploads\\\/2020\\\/05\\\/ictimai_7a27b93dc6334154a888c74764759f4c_5fy48gtrzmje2wa0vnsi.jpg\",\"width\":1930,\"height\":1080},{\"@type\":\"BreadcrumbList\",\"@id\":\"https:\\\/\\\/ictimai.az\\\/?p=3114#breadcrumb\",\"itemListElement\":[{\"@type\":\"ListItem\",\"position\":1,\"name\":\"Home\",\"item\":\"https:\\\/\\\/ictimai.az\\\/\"},{\"@type\":\"ListItem\",\"position\":2,\"name\":\"Q\u0259nir\u0259 Pa\u015fayevadan aviabiletl\u0259rin qiym\u0259tl\u0259rinin ucuzla\u015fmas\u0131 bar\u0259d\u0259 t\u0259klif &#8211; Video\"}]},{\"@type\":\"WebSite\",\"@id\":\"https:\\\/\\\/ictimai.az\\\/#website\",\"url\":\"https:\\\/\\\/ictimai.az\\\/\",\"name\":\"\u0130CT\u0130MA\u0130.AZ\",\"description\":\"\",\"publisher\":{\"@id\":\"https:\\\/\\\/ictimai.az\\\/#organization\"},\"potentialAction\":[{\"@type\":\"SearchAction\",\"target\":{\"@type\":\"EntryPoint\",\"urlTemplate\":\"https:\\\/\\\/ictimai.az\\\/?s={search_term_string}\"},\"query-input\":{\"@type\":\"PropertyValueSpecification\",\"valueRequired\":true,\"valueName\":\"search_term_string\"}}],\"inLanguage\":\"az\"},{\"@type\":\"Organization\",\"@id\":\"https:\\\/\\\/ictimai.az\\\/#organization\",\"name\":\"\u0130CT\u0130MA\u0130.AZ\",\"url\":\"https:\\\/\\\/ictimai.az\\\/\",\"logo\":{\"@type\":\"ImageObject\",\"inLanguage\":\"az\",\"@id\":\"https:\\\/\\\/ictimai.az\\\/#\\\/schema\\\/logo\\\/image\\\/\",\"url\":\"https:\\\/\\\/ictimai.az\\\/core\\\/uploads\\\/2026\\\/06\\\/cropped-ictimai_0380d81099c6fe3baae753faceb5481f_p41rg2mzq0uyvextfh3k-768x768-1-3.png\",\"contentUrl\":\"https:\\\/\\\/ictimai.az\\\/core\\\/uploads\\\/2026\\\/06\\\/cropped-ictimai_0380d81099c6fe3baae753faceb5481f_p41rg2mzq0uyvextfh3k-768x768-1-3.png\",\"width\":768,\"height\":768,\"caption\":\"\u0130CT\u0130MA\u0130.AZ\"},\"image\":{\"@id\":\"https:\\\/\\\/ictimai.az\\\/#\\\/schema\\\/logo\\\/image\\\/\"}},{\"@type\":\"Person\",\"@id\":\"https:\\\/\\\/ictimai.az\\\/#\\\/schema\\\/person\\\/1da94bf2c7ab5d83ad349237bec1e6af\",\"name\":\"R\u0259\u015fad Bayramov\",\"image\":{\"@type\":\"ImageObject\",\"inLanguage\":\"az\",\"@id\":\"https:\\\/\\\/secure.gravatar.com\\\/avatar\\\/83c075605ba0a4d35d59726aaad89cfa8008d1f01603342c56f1dd79784491bc?s=96&d=mm&r=g\",\"url\":\"https:\\\/\\\/secure.gravatar.com\\\/avatar\\\/83c075605ba0a4d35d59726aaad89cfa8008d1f01603342c56f1dd79784491bc?s=96&d=mm&r=g\",\"contentUrl\":\"https:\\\/\\\/secure.gravatar.com\\\/avatar\\\/83c075605ba0a4d35d59726aaad89cfa8008d1f01603342c56f1dd79784491bc?s=96&d=mm&r=g\",\"caption\":\"R\u0259\u015fad Bayramov\"},\"sameAs\":[\"https:\\\/\\\/ictimai.az\\\/\"],\"url\":\"https:\\\/\\\/ictimai.az\\\/?author=2\"}]}<\/script>\n<!-- \/ Yoast SEO plugin. -->","yoast_head_json":{"title":"Q\u0259nir\u0259 Pa\u015fayevadan aviabiletl\u0259rin qiym\u0259tl\u0259rinin ucuzla\u015fmas\u0131 bar\u0259d\u0259 t\u0259klif - Video - \u0130CT\u0130MA\u0130.AZ","robots":{"index":"index","follow":"follow","max-snippet":"max-snippet:-1","max-image-preview":"max-image-preview:large","max-video-preview":"max-video-preview:-1"},"canonical":"https:\/\/ictimai.az\/?p=3114","og_locale":"az_AZ","og_type":"article","og_title":"Q\u0259nir\u0259 Pa\u015fayevadan aviabiletl\u0259rin qiym\u0259tl\u0259rinin ucuzla\u015fmas\u0131 bar\u0259d\u0259 t\u0259klif - Video - \u0130CT\u0130MA\u0130.AZ","og_description":"Mill\u0259t v\u0259kili, M\u0259d\u0259niyy\u0259t komit\u0259sinin s\u0259dri Q.Pa\u015fayeva Milli M\u0259clisin plenar iclas\u0131nda &#8220;Az\u0259rbaycan Respublikas\u0131 H\u00f6k\u00fcm\u0259ti il\u0259 T\u00fcrkiy\u0259 Respublikas\u0131 H\u00f6k\u00fcm\u0259ti aras\u0131nda qar\u015f\u0131l\u0131ql\u0131 olaraq vizadan azad etm\u0259 haqq\u0131nda\u201d Sazi\u015fin t\u0259sdiq edilm\u0259si bar\u0259d\u0259 Az\u0259rbaycan Respublikas\u0131 qanununun layih\u0259si haqq\u0131nda \u00e7\u0131x\u0131\u015f edib. T\u00fcrkiy\u0259d\u0259 s\u0259f\u0259rd\u0259 olark\u0259n v\u0259t\u0259nda\u015flar t\u0259r\u0259find\u0259n m\u0259s\u0259l\u0259 il\u0259 ba\u011fl\u0131 \u00e7oxlu sayda m\u00fcraci\u0259tl\u0259r ald\u0131\u011f\u0131n\u0131 dey\u0259n Q\u0259nir\u0259 Pa\u015fayeva bu sazi\u015fin tarixi bir hadis\u0259 [&hellip;]","og_url":"https:\/\/ictimai.az\/?p=3114","og_site_name":"\u0130CT\u0130MA\u0130.AZ","article_published_time":"2020-05-31T12:28:18+00:00","article_modified_time":"2020-05-31T16:27:29+00:00","og_image":[{"width":1930,"height":1080,"url":"https:\/\/ictimai.az\/core\/uploads\/2020\/05\/ictimai_7a27b93dc6334154a888c74764759f4c_5fy48gtrzmje2wa0vnsi.jpg","type":"image\/jpeg"}],"author":"R\u0259\u015fad Bayramov","twitter_card":"summary_large_image","twitter_misc":{"Written by":"R\u0259\u015fad Bayramov","Est. reading time":"2 minutes"},"schema":{"@context":"https:\/\/schema.org","@graph":[{"@type":"Article","@id":"https:\/\/ictimai.az\/?p=3114#article","isPartOf":{"@id":"https:\/\/ictimai.az\/?p=3114"},"author":{"name":"R\u0259\u015fad Bayramov","@id":"https:\/\/ictimai.az\/#\/schema\/person\/1da94bf2c7ab5d83ad349237bec1e6af"},"headline":"Q\u0259nir\u0259 Pa\u015fayevadan aviabiletl\u0259rin qiym\u0259tl\u0259rinin ucuzla\u015fmas\u0131 bar\u0259d\u0259 t\u0259klif &#8211; Video","datePublished":"2020-05-31T12:28:18+00:00","dateModified":"2020-05-31T16:27:29+00:00","mainEntityOfPage":{"@id":"https:\/\/ictimai.az\/?p=3114"},"wordCount":359,"publisher":{"@id":"https:\/\/ictimai.az\/#organization"},"image":{"@id":"https:\/\/ictimai.az\/?p=3114#primaryimage"},"thumbnailUrl":"https:\/\/ictimai.az\/core\/uploads\/2020\/05\/ictimai_7a27b93dc6334154a888c74764759f4c_5fy48gtrzmje2wa0vnsi.jpg","articleSection":["G\u00fcnd\u0259m"],"inLanguage":"az"},{"@type":"WebPage","@id":"https:\/\/ictimai.az\/?p=3114","url":"https:\/\/ictimai.az\/?p=3114","name":"Q\u0259nir\u0259 Pa\u015fayevadan aviabiletl\u0259rin qiym\u0259tl\u0259rinin ucuzla\u015fmas\u0131 bar\u0259d\u0259 t\u0259klif - Video - \u0130CT\u0130MA\u0130.AZ","isPartOf":{"@id":"https:\/\/ictimai.az\/#website"},"primaryImageOfPage":{"@id":"https:\/\/ictimai.az\/?p=3114#primaryimage"},"image":{"@id":"https:\/\/ictimai.az\/?p=3114#primaryimage"},"thumbnailUrl":"https:\/\/ictimai.az\/core\/uploads\/2020\/05\/ictimai_7a27b93dc6334154a888c74764759f4c_5fy48gtrzmje2wa0vnsi.jpg","datePublished":"2020-05-31T12:28:18+00:00","dateModified":"2020-05-31T16:27:29+00:00","breadcrumb":{"@id":"https:\/\/ictimai.az\/?p=3114#breadcrumb"},"inLanguage":"az","potentialAction":[{"@type":"ReadAction","target":["https:\/\/ictimai.az\/?p=3114"]}]},{"@type":"ImageObject","inLanguage":"az","@id":"https:\/\/ictimai.az\/?p=3114#primaryimage","url":"https:\/\/ictimai.az\/core\/uploads\/2020\/05\/ictimai_7a27b93dc6334154a888c74764759f4c_5fy48gtrzmje2wa0vnsi.jpg","contentUrl":"https:\/\/ictimai.az\/core\/uploads\/2020\/05\/ictimai_7a27b93dc6334154a888c74764759f4c_5fy48gtrzmje2wa0vnsi.jpg","width":1930,"height":1080},{"@type":"BreadcrumbList","@id":"https:\/\/ictimai.az\/?p=3114#breadcrumb","itemListElement":[{"@type":"ListItem","position":1,"name":"Home","item":"https:\/\/ictimai.az\/"},{"@type":"ListItem","position":2,"name":"Q\u0259nir\u0259 Pa\u015fayevadan aviabiletl\u0259rin qiym\u0259tl\u0259rinin ucuzla\u015fmas\u0131 bar\u0259d\u0259 t\u0259klif &#8211; Video"}]},{"@type":"WebSite","@id":"https:\/\/ictimai.az\/#website","url":"https:\/\/ictimai.az\/","name":"\u0130CT\u0130MA\u0130.AZ","description":"","publisher":{"@id":"https:\/\/ictimai.az\/#organization"},"potentialAction":[{"@type":"SearchAction","target":{"@type":"EntryPoint","urlTemplate":"https:\/\/ictimai.az\/?s={search_term_string}"},"query-input":{"@type":"PropertyValueSpecification","valueRequired":true,"valueName":"search_term_string"}}],"inLanguage":"az"},{"@type":"Organization","@id":"https:\/\/ictimai.az\/#organization","name":"\u0130CT\u0130MA\u0130.AZ","url":"https:\/\/ictimai.az\/","logo":{"@type":"ImageObject","inLanguage":"az","@id":"https:\/\/ictimai.az\/#\/schema\/logo\/image\/","url":"https:\/\/ictimai.az\/core\/uploads\/2026\/06\/cropped-ictimai_0380d81099c6fe3baae753faceb5481f_p41rg2mzq0uyvextfh3k-768x768-1-3.png","contentUrl":"https:\/\/ictimai.az\/core\/uploads\/2026\/06\/cropped-ictimai_0380d81099c6fe3baae753faceb5481f_p41rg2mzq0uyvextfh3k-768x768-1-3.png","width":768,"height":768,"caption":"\u0130CT\u0130MA\u0130.AZ"},"image":{"@id":"https:\/\/ictimai.az\/#\/schema\/logo\/image\/"}},{"@type":"Person","@id":"https:\/\/ictimai.az\/#\/schema\/person\/1da94bf2c7ab5d83ad349237bec1e6af","name":"R\u0259\u015fad Bayramov","image":{"@type":"ImageObject","inLanguage":"az","@id":"https:\/\/secure.gravatar.com\/avatar\/83c075605ba0a4d35d59726aaad89cfa8008d1f01603342c56f1dd79784491bc?s=96&d=mm&r=g","url":"https:\/\/secure.gravatar.com\/avatar\/83c075605ba0a4d35d59726aaad89cfa8008d1f01603342c56f1dd79784491bc?s=96&d=mm&r=g","contentUrl":"https:\/\/secure.gravatar.com\/avatar\/83c075605ba0a4d35d59726aaad89cfa8008d1f01603342c56f1dd79784491bc?s=96&d=mm&r=g","caption":"R\u0259\u015fad Bayramov"},"sameAs":["https:\/\/ictimai.az\/"],"url":"https:\/\/ictimai.az\/?author=2"}]}},"_links":{"self":[{"href":"https:\/\/ictimai.az\/index.php?rest_route=\/wp\/v2\/posts\/3114","targetHints":{"allow":["GET"]}}],"collection":[{"href":"https:\/\/ictimai.az\/index.php?rest_route=\/wp\/v2\/posts"}],"about":[{"href":"https:\/\/ictimai.az\/index.php?rest_route=\/wp\/v2\/types\/post"}],"author":[{"embeddable":true,"href":"https:\/\/ictimai.az\/index.php?rest_route=\/wp\/v2\/users\/2"}],"replies":[{"embeddable":true,"href":"https:\/\/ictimai.az\/index.php?rest_route=%2Fwp%2Fv2%2Fcomments&post=3114"}],"version-history":[{"count":0,"href":"https:\/\/ictimai.az\/index.php?rest_route=\/wp\/v2\/posts\/3114\/revisions"}],"wp:featuredmedia":[{"embeddable":true,"href":"https:\/\/ictimai.az\/index.php?rest_route=\/wp\/v2\/media\/3115"}],"wp:attachment":[{"href":"https:\/\/ictimai.az\/index.php?rest_route=%2Fwp%2Fv2%2Fmedia&parent=3114"}],"wp:term":[{"taxonomy":"category","embeddable":true,"href":"https:\/\/ictimai.az\/index.php?rest_route=%2Fwp%2Fv2%2Fcategories&post=3114"},{"taxonomy":"post_tag","embeddable":true,"href":"https:\/\/ictimai.az\/index.php?rest_route=%2Fwp%2Fv2%2Ftags&post=3114"}],"curies":[{"name":"wp","href":"https:\/\/api.w.org\/{rel}","templated":true}]}}