{"id":3526,"date":"2020-06-17T14:41:06","date_gmt":"2020-06-17T10:41:06","guid":{"rendered":"https:\/\/ictimai.az\/?p=3526"},"modified":"2020-06-18T02:11:39","modified_gmt":"2020-06-17T22:11:39","slug":"agcabedi-asan-xidmet-merkezi-fealiyyete-baslayib-fotolar","status":"publish","type":"post","link":"https:\/\/ictimai.az\/?p=3526","title":{"rendered":"A\u011fcab\u0259di \u201cASAN xidm\u0259t\u201d m\u0259rk\u0259zi f\u0259aliyy\u0259t\u0259 ba\u015flay\u0131b &#8211; Fotolar"},"content":{"rendered":"<p><strong>16 iyun 2020-ci il tarixind\u0259 Az\u0259rbaycan Respublikas\u0131n\u0131n Prezidenti yan\u0131nda V\u0259t\u0259nda\u015flara Xidm\u0259t v\u0259 Sosial \u0130nnovasiyalar \u00fczr\u0259 D\u00f6vl\u0259t Agentliyinin tabeliyind\u0259 olan A\u011fcab\u0259di regional \u201cASAN xidm\u0259t\u201d m\u0259rk\u0259zi f\u0259aliyy\u0259t\u0259 ba\u015flay\u0131b.<\/strong><\/p>\n<p>A\u011fcab\u0259di regional \u201cASAN xidm\u0259t\u201d m\u0259rk\u0259zi A\u011fcab\u0259di, Beyl\u0259qan, Z\u0259rdab, A\u011fdam, \u015eu\u015fa, F\u00fczuli, C\u0259bray\u0131l, Xocal\u0131 v\u0259 Xocav\u0259nd rayonlarda qeydiyyatda olan 814 900-d\u0259n \u00e7ox v\u0259t\u0259nda\u015fla yana\u015f\u0131 \u00f6lk\u0259 \u00fczr\u0259 \u0259razi m\u0259hdudiyy\u0259ti olmadan b\u00fct\u00fcn v\u0259t\u0259nda\u015flara xidm\u0259t g\u00f6st\u0259r\u0259c\u0259k.<\/p>\n<p>Cari ilin 3 iyun tarixind\u0259 Az\u0259rbaycan Respublikas\u0131n\u0131n Prezidenti \u0130lham \u018fliyev A\u011fcab\u0259did\u0259 \u201cASAN H\u0259yat\u201d kompleksinin a\u00e7\u0131l\u0131\u015f\u0131nda i\u015ftirak edib.<\/p>\n<p>Haz\u0131rda 19 \u201cASAN xidm\u0259t\u201d m\u0259rk\u0259zi m\u00f6vcuddur. Onlardan 5-i paytaxt Bak\u0131da, dig\u0259r 14-\u00fc is\u0259 regional m\u0259rk\u0259zl\u0259r olmaqla Sumqay\u0131t, G\u0259nc\u0259, Sabirabad, B\u0259rd\u0259, Q\u0259b\u0259l\u0259, Quba, Masall\u0131, Ming\u0259\u00e7evir, \u0130mi\u015fli, \u015e\u0259ki, \u015eamax\u0131, K\u00fcrd\u0259mir, Tovuz v\u0259 A\u011fcab\u0259did\u0259dir.<\/p>\n<p>\u201cASAN xidm\u0259t\u201d m\u0259rk\u0259zl\u0259rinin f\u0259aliyy\u0259ti il\u0259 ba\u011fl\u0131 \u0259trafl\u0131 m\u0259lumat\u0131 108 \u201c\u00c7a\u011fr\u0131\u201d m\u0259rk\u0259zin\u0259 z\u0259ng etm\u0259kl\u0259 v\u0259 ya www.asan.gov.az sayt\u0131ndan \u0259ld\u0259 etm\u0259k olar.<\/p>\n<p><strong>\u0130ctimai.az\u00a0<\/strong><\/p>\n<p><img loading=\"lazy\" decoding=\"async\" class=\"alignnone size-medium wp-image-3527\" src=\"https:\/\/ictimai.az\/core\/uploads\/2020\/06\/ictimai_a4c11a9e1fd7c0cc9dee2fb108eb39ee_6z0v1oufkxsl4qmg82n5-300x200.jpg\" alt=\"\" width=\"300\" height=\"200\" srcset=\"https:\/\/ictimai.az\/core\/uploads\/2020\/06\/ictimai_a4c11a9e1fd7c0cc9dee2fb108eb39ee_6z0v1oufkxsl4qmg82n5-300x200.jpg 300w, https:\/\/ictimai.az\/core\/uploads\/2020\/06\/ictimai_a4c11a9e1fd7c0cc9dee2fb108eb39ee_6z0v1oufkxsl4qmg82n5-1024x682.jpg 1024w, https:\/\/ictimai.az\/core\/uploads\/2020\/06\/ictimai_a4c11a9e1fd7c0cc9dee2fb108eb39ee_6z0v1oufkxsl4qmg82n5-768x512.jpg 768w, https:\/\/ictimai.az\/core\/uploads\/2020\/06\/ictimai_a4c11a9e1fd7c0cc9dee2fb108eb39ee_6z0v1oufkxsl4qmg82n5.jpg 1280w\" sizes=\"auto, (max-width: 300px) 100vw, 300px\" \/><\/p>\n<p><img loading=\"lazy\" decoding=\"async\" class=\"alignnone size-medium wp-image-3528\" src=\"https:\/\/ictimai.az\/core\/uploads\/2020\/06\/ictimai_86ec671b0d72cd41077ef5ec848cd0f8_kh9gn04qwaoxr8iybpu3-300x200.jpg\" alt=\"\" width=\"300\" height=\"200\" srcset=\"https:\/\/ictimai.az\/core\/uploads\/2020\/06\/ictimai_86ec671b0d72cd41077ef5ec848cd0f8_kh9gn04qwaoxr8iybpu3-300x200.jpg 300w, https:\/\/ictimai.az\/core\/uploads\/2020\/06\/ictimai_86ec671b0d72cd41077ef5ec848cd0f8_kh9gn04qwaoxr8iybpu3-1024x682.jpg 1024w, https:\/\/ictimai.az\/core\/uploads\/2020\/06\/ictimai_86ec671b0d72cd41077ef5ec848cd0f8_kh9gn04qwaoxr8iybpu3-768x512.jpg 768w, https:\/\/ictimai.az\/core\/uploads\/2020\/06\/ictimai_86ec671b0d72cd41077ef5ec848cd0f8_kh9gn04qwaoxr8iybpu3.jpg 1280w\" sizes=\"auto, (max-width: 300px) 100vw, 300px\" \/><\/p>\n<p><img loading=\"lazy\" decoding=\"async\" class=\"alignnone size-medium wp-image-3529\" src=\"https:\/\/ictimai.az\/core\/uploads\/2020\/06\/ictimai_c9af64669e70f1844494bc73a8d05730_3ytl76bknrhoqeugxj4m-300x200.jpg\" alt=\"\" width=\"300\" height=\"200\" srcset=\"https:\/\/ictimai.az\/core\/uploads\/2020\/06\/ictimai_c9af64669e70f1844494bc73a8d05730_3ytl76bknrhoqeugxj4m-300x200.jpg 300w, https:\/\/ictimai.az\/core\/uploads\/2020\/06\/ictimai_c9af64669e70f1844494bc73a8d05730_3ytl76bknrhoqeugxj4m-1024x682.jpg 1024w, https:\/\/ictimai.az\/core\/uploads\/2020\/06\/ictimai_c9af64669e70f1844494bc73a8d05730_3ytl76bknrhoqeugxj4m-768x512.jpg 768w, https:\/\/ictimai.az\/core\/uploads\/2020\/06\/ictimai_c9af64669e70f1844494bc73a8d05730_3ytl76bknrhoqeugxj4m.jpg 1280w\" sizes=\"auto, (max-width: 300px) 100vw, 300px\" \/><\/p>\n<p><img loading=\"lazy\" decoding=\"async\" class=\"alignnone size-medium wp-image-3530\" src=\"https:\/\/ictimai.az\/core\/uploads\/2020\/06\/ictimai_3fc77ff6c5e9f7610c8851c0aa13efd8_wjb3px9625mneh4gocvk-300x200.jpg\" alt=\"\" width=\"300\" height=\"200\" srcset=\"https:\/\/ictimai.az\/core\/uploads\/2020\/06\/ictimai_3fc77ff6c5e9f7610c8851c0aa13efd8_wjb3px9625mneh4gocvk-300x200.jpg 300w, https:\/\/ictimai.az\/core\/uploads\/2020\/06\/ictimai_3fc77ff6c5e9f7610c8851c0aa13efd8_wjb3px9625mneh4gocvk-1024x682.jpg 1024w, https:\/\/ictimai.az\/core\/uploads\/2020\/06\/ictimai_3fc77ff6c5e9f7610c8851c0aa13efd8_wjb3px9625mneh4gocvk-768x512.jpg 768w, https:\/\/ictimai.az\/core\/uploads\/2020\/06\/ictimai_3fc77ff6c5e9f7610c8851c0aa13efd8_wjb3px9625mneh4gocvk.jpg 1280w\" sizes=\"auto, (max-width: 300px) 100vw, 300px\" \/><\/p>\n","protected":false},"excerpt":{"rendered":"<p>16 iyun 2020-ci il tarixind\u0259 Az\u0259rbaycan Respublikas\u0131n\u0131n Prezidenti yan\u0131nda V\u0259t\u0259nda\u015flara Xidm\u0259t v\u0259 Sosial \u0130nnovasiyalar \u00fczr\u0259 D\u00f6vl\u0259t Agentliyinin tabeliyind\u0259 olan A\u011fcab\u0259di regional \u201cASAN xidm\u0259t\u201d m\u0259rk\u0259zi f\u0259aliyy\u0259t\u0259 ba\u015flay\u0131b. A\u011fcab\u0259di regional \u201cASAN xidm\u0259t\u201d m\u0259rk\u0259zi A\u011fcab\u0259di, Beyl\u0259qan, Z\u0259rdab, A\u011fdam, \u015eu\u015fa, F\u00fczuli, C\u0259bray\u0131l, Xocal\u0131 v\u0259 Xocav\u0259nd rayonlarda qeydiyyatda olan 814 900-d\u0259n \u00e7ox v\u0259t\u0259nda\u015fla yana\u015f\u0131 \u00f6lk\u0259 \u00fczr\u0259 \u0259razi m\u0259hdudiyy\u0259ti olmadan b\u00fct\u00fcn [&hellip;]<\/p>\n","protected":false},"author":2,"featured_media":3529,"comment_status":"closed","ping_status":"closed","sticky":false,"template":"","format":"standard","meta":{"footnotes":""},"categories":[2],"tags":[],"class_list":["post-3526","post","type-post","status-publish","format-standard","has-post-thumbnail","hentry","category-trend"],"yoast_head":"<!-- This site is optimized with the Yoast SEO plugin v28.2 - https:\/\/yoast.com\/product\/yoast-seo-wordpress\/ -->\n<title>A\u011fcab\u0259di \u201cASAN xidm\u0259t\u201d m\u0259rk\u0259zi f\u0259aliyy\u0259t\u0259 ba\u015flay\u0131b - Fotolar - \u0130CT\u0130MA\u0130.AZ<\/title>\n<meta name=\"robots\" content=\"index, follow, max-snippet:-1, max-image-preview:large, max-video-preview:-1\" \/>\n<link rel=\"canonical\" href=\"https:\/\/ictimai.az\/?p=3526\" \/>\n<meta property=\"og:locale\" content=\"az_AZ\" \/>\n<meta property=\"og:type\" content=\"article\" \/>\n<meta property=\"og:title\" content=\"A\u011fcab\u0259di \u201cASAN xidm\u0259t\u201d m\u0259rk\u0259zi f\u0259aliyy\u0259t\u0259 ba\u015flay\u0131b - Fotolar - \u0130CT\u0130MA\u0130.AZ\" \/>\n<meta property=\"og:description\" content=\"16 iyun 2020-ci il tarixind\u0259 Az\u0259rbaycan Respublikas\u0131n\u0131n Prezidenti yan\u0131nda V\u0259t\u0259nda\u015flara Xidm\u0259t v\u0259 Sosial \u0130nnovasiyalar \u00fczr\u0259 D\u00f6vl\u0259t Agentliyinin tabeliyind\u0259 olan A\u011fcab\u0259di regional \u201cASAN xidm\u0259t\u201d m\u0259rk\u0259zi f\u0259aliyy\u0259t\u0259 ba\u015flay\u0131b. A\u011fcab\u0259di regional \u201cASAN xidm\u0259t\u201d m\u0259rk\u0259zi A\u011fcab\u0259di, Beyl\u0259qan, Z\u0259rdab, A\u011fdam, \u015eu\u015fa, F\u00fczuli, C\u0259bray\u0131l, Xocal\u0131 v\u0259 Xocav\u0259nd rayonlarda qeydiyyatda olan 814 900-d\u0259n \u00e7ox v\u0259t\u0259nda\u015fla yana\u015f\u0131 \u00f6lk\u0259 \u00fczr\u0259 \u0259razi m\u0259hdudiyy\u0259ti olmadan b\u00fct\u00fcn [&hellip;]\" \/>\n<meta property=\"og:url\" content=\"https:\/\/ictimai.az\/?p=3526\" \/>\n<meta property=\"og:site_name\" content=\"\u0130CT\u0130MA\u0130.AZ\" \/>\n<meta property=\"article:published_time\" content=\"2020-06-17T10:41:06+00:00\" \/>\n<meta property=\"article:modified_time\" content=\"2020-06-17T22:11:39+00:00\" \/>\n<meta property=\"og:image\" content=\"https:\/\/ictimai.az\/core\/uploads\/2020\/06\/ictimai_c9af64669e70f1844494bc73a8d05730_3ytl76bknrhoqeugxj4m.jpg\" \/>\n\t<meta property=\"og:image:width\" content=\"1280\" \/>\n\t<meta property=\"og:image:height\" content=\"853\" \/>\n\t<meta property=\"og:image:type\" content=\"image\/jpeg\" \/>\n<meta name=\"author\" content=\"R\u0259\u015fad Bayramov\" \/>\n<meta name=\"twitter:card\" content=\"summary_large_image\" \/>\n<meta name=\"twitter:label1\" content=\"Written by\" \/>\n\t<meta name=\"twitter:data1\" content=\"R\u0259\u015fad Bayramov\" \/>\n\t<meta name=\"twitter:label2\" content=\"Est. reading time\" \/>\n\t<meta name=\"twitter:data2\" content=\"1 minute\" \/>\n<script type=\"application\/ld+json\" class=\"yoast-schema-graph\">{\"@context\":\"https:\\\/\\\/schema.org\",\"@graph\":[{\"@type\":\"Article\",\"@id\":\"https:\\\/\\\/ictimai.az\\\/?p=3526#article\",\"isPartOf\":{\"@id\":\"https:\\\/\\\/ictimai.az\\\/?p=3526\"},\"author\":{\"name\":\"R\u0259\u015fad Bayramov\",\"@id\":\"https:\\\/\\\/ictimai.az\\\/#\\\/schema\\\/person\\\/1da94bf2c7ab5d83ad349237bec1e6af\"},\"headline\":\"A\u011fcab\u0259di \u201cASAN xidm\u0259t\u201d m\u0259rk\u0259zi f\u0259aliyy\u0259t\u0259 ba\u015flay\u0131b &#8211; Fotolar\",\"datePublished\":\"2020-06-17T10:41:06+00:00\",\"dateModified\":\"2020-06-17T22:11:39+00:00\",\"mainEntityOfPage\":{\"@id\":\"https:\\\/\\\/ictimai.az\\\/?p=3526\"},\"wordCount\":239,\"publisher\":{\"@id\":\"https:\\\/\\\/ictimai.az\\\/#organization\"},\"image\":{\"@id\":\"https:\\\/\\\/ictimai.az\\\/?p=3526#primaryimage\"},\"thumbnailUrl\":\"https:\\\/\\\/ictimai.az\\\/core\\\/uploads\\\/2020\\\/06\\\/ictimai_c9af64669e70f1844494bc73a8d05730_3ytl76bknrhoqeugxj4m.jpg\",\"articleSection\":[\"G\u00fcnd\u0259m\"],\"inLanguage\":\"az\"},{\"@type\":\"WebPage\",\"@id\":\"https:\\\/\\\/ictimai.az\\\/?p=3526\",\"url\":\"https:\\\/\\\/ictimai.az\\\/?p=3526\",\"name\":\"A\u011fcab\u0259di \u201cASAN xidm\u0259t\u201d m\u0259rk\u0259zi f\u0259aliyy\u0259t\u0259 ba\u015flay\u0131b - Fotolar - \u0130CT\u0130MA\u0130.AZ\",\"isPartOf\":{\"@id\":\"https:\\\/\\\/ictimai.az\\\/#website\"},\"primaryImageOfPage\":{\"@id\":\"https:\\\/\\\/ictimai.az\\\/?p=3526#primaryimage\"},\"image\":{\"@id\":\"https:\\\/\\\/ictimai.az\\\/?p=3526#primaryimage\"},\"thumbnailUrl\":\"https:\\\/\\\/ictimai.az\\\/core\\\/uploads\\\/2020\\\/06\\\/ictimai_c9af64669e70f1844494bc73a8d05730_3ytl76bknrhoqeugxj4m.jpg\",\"datePublished\":\"2020-06-17T10:41:06+00:00\",\"dateModified\":\"2020-06-17T22:11:39+00:00\",\"breadcrumb\":{\"@id\":\"https:\\\/\\\/ictimai.az\\\/?p=3526#breadcrumb\"},\"inLanguage\":\"az\",\"potentialAction\":[{\"@type\":\"ReadAction\",\"target\":[\"https:\\\/\\\/ictimai.az\\\/?p=3526\"]}]},{\"@type\":\"ImageObject\",\"inLanguage\":\"az\",\"@id\":\"https:\\\/\\\/ictimai.az\\\/?p=3526#primaryimage\",\"url\":\"https:\\\/\\\/ictimai.az\\\/core\\\/uploads\\\/2020\\\/06\\\/ictimai_c9af64669e70f1844494bc73a8d05730_3ytl76bknrhoqeugxj4m.jpg\",\"contentUrl\":\"https:\\\/\\\/ictimai.az\\\/core\\\/uploads\\\/2020\\\/06\\\/ictimai_c9af64669e70f1844494bc73a8d05730_3ytl76bknrhoqeugxj4m.jpg\",\"width\":1280,\"height\":853},{\"@type\":\"BreadcrumbList\",\"@id\":\"https:\\\/\\\/ictimai.az\\\/?p=3526#breadcrumb\",\"itemListElement\":[{\"@type\":\"ListItem\",\"position\":1,\"name\":\"Home\",\"item\":\"https:\\\/\\\/ictimai.az\\\/\"},{\"@type\":\"ListItem\",\"position\":2,\"name\":\"A\u011fcab\u0259di \u201cASAN xidm\u0259t\u201d m\u0259rk\u0259zi f\u0259aliyy\u0259t\u0259 ba\u015flay\u0131b &#8211; Fotolar\"}]},{\"@type\":\"WebSite\",\"@id\":\"https:\\\/\\\/ictimai.az\\\/#website\",\"url\":\"https:\\\/\\\/ictimai.az\\\/\",\"name\":\"\u0130CT\u0130MA\u0130.AZ\",\"description\":\"\",\"publisher\":{\"@id\":\"https:\\\/\\\/ictimai.az\\\/#organization\"},\"potentialAction\":[{\"@type\":\"SearchAction\",\"target\":{\"@type\":\"EntryPoint\",\"urlTemplate\":\"https:\\\/\\\/ictimai.az\\\/?s={search_term_string}\"},\"query-input\":{\"@type\":\"PropertyValueSpecification\",\"valueRequired\":true,\"valueName\":\"search_term_string\"}}],\"inLanguage\":\"az\"},{\"@type\":\"Organization\",\"@id\":\"https:\\\/\\\/ictimai.az\\\/#organization\",\"name\":\"\u0130CT\u0130MA\u0130.AZ\",\"url\":\"https:\\\/\\\/ictimai.az\\\/\",\"logo\":{\"@type\":\"ImageObject\",\"inLanguage\":\"az\",\"@id\":\"https:\\\/\\\/ictimai.az\\\/#\\\/schema\\\/logo\\\/image\\\/\",\"url\":\"https:\\\/\\\/ictimai.az\\\/core\\\/uploads\\\/2026\\\/06\\\/cropped-ictimai_0380d81099c6fe3baae753faceb5481f_p41rg2mzq0uyvextfh3k-768x768-1-3.png\",\"contentUrl\":\"https:\\\/\\\/ictimai.az\\\/core\\\/uploads\\\/2026\\\/06\\\/cropped-ictimai_0380d81099c6fe3baae753faceb5481f_p41rg2mzq0uyvextfh3k-768x768-1-3.png\",\"width\":768,\"height\":768,\"caption\":\"\u0130CT\u0130MA\u0130.AZ\"},\"image\":{\"@id\":\"https:\\\/\\\/ictimai.az\\\/#\\\/schema\\\/logo\\\/image\\\/\"}},{\"@type\":\"Person\",\"@id\":\"https:\\\/\\\/ictimai.az\\\/#\\\/schema\\\/person\\\/1da94bf2c7ab5d83ad349237bec1e6af\",\"name\":\"R\u0259\u015fad Bayramov\",\"image\":{\"@type\":\"ImageObject\",\"inLanguage\":\"az\",\"@id\":\"https:\\\/\\\/secure.gravatar.com\\\/avatar\\\/83c075605ba0a4d35d59726aaad89cfa8008d1f01603342c56f1dd79784491bc?s=96&d=mm&r=g\",\"url\":\"https:\\\/\\\/secure.gravatar.com\\\/avatar\\\/83c075605ba0a4d35d59726aaad89cfa8008d1f01603342c56f1dd79784491bc?s=96&d=mm&r=g\",\"contentUrl\":\"https:\\\/\\\/secure.gravatar.com\\\/avatar\\\/83c075605ba0a4d35d59726aaad89cfa8008d1f01603342c56f1dd79784491bc?s=96&d=mm&r=g\",\"caption\":\"R\u0259\u015fad Bayramov\"},\"sameAs\":[\"https:\\\/\\\/ictimai.az\\\/\"],\"url\":\"https:\\\/\\\/ictimai.az\\\/?author=2\"}]}<\/script>\n<!-- \/ Yoast SEO plugin. -->","yoast_head_json":{"title":"A\u011fcab\u0259di \u201cASAN xidm\u0259t\u201d m\u0259rk\u0259zi f\u0259aliyy\u0259t\u0259 ba\u015flay\u0131b - Fotolar - \u0130CT\u0130MA\u0130.AZ","robots":{"index":"index","follow":"follow","max-snippet":"max-snippet:-1","max-image-preview":"max-image-preview:large","max-video-preview":"max-video-preview:-1"},"canonical":"https:\/\/ictimai.az\/?p=3526","og_locale":"az_AZ","og_type":"article","og_title":"A\u011fcab\u0259di \u201cASAN xidm\u0259t\u201d m\u0259rk\u0259zi f\u0259aliyy\u0259t\u0259 ba\u015flay\u0131b - Fotolar - \u0130CT\u0130MA\u0130.AZ","og_description":"16 iyun 2020-ci il tarixind\u0259 Az\u0259rbaycan Respublikas\u0131n\u0131n Prezidenti yan\u0131nda V\u0259t\u0259nda\u015flara Xidm\u0259t v\u0259 Sosial \u0130nnovasiyalar \u00fczr\u0259 D\u00f6vl\u0259t Agentliyinin tabeliyind\u0259 olan A\u011fcab\u0259di regional \u201cASAN xidm\u0259t\u201d m\u0259rk\u0259zi f\u0259aliyy\u0259t\u0259 ba\u015flay\u0131b. A\u011fcab\u0259di regional \u201cASAN xidm\u0259t\u201d m\u0259rk\u0259zi A\u011fcab\u0259di, Beyl\u0259qan, Z\u0259rdab, A\u011fdam, \u015eu\u015fa, F\u00fczuli, C\u0259bray\u0131l, Xocal\u0131 v\u0259 Xocav\u0259nd rayonlarda qeydiyyatda olan 814 900-d\u0259n \u00e7ox v\u0259t\u0259nda\u015fla yana\u015f\u0131 \u00f6lk\u0259 \u00fczr\u0259 \u0259razi m\u0259hdudiyy\u0259ti olmadan b\u00fct\u00fcn [&hellip;]","og_url":"https:\/\/ictimai.az\/?p=3526","og_site_name":"\u0130CT\u0130MA\u0130.AZ","article_published_time":"2020-06-17T10:41:06+00:00","article_modified_time":"2020-06-17T22:11:39+00:00","og_image":[{"width":1280,"height":853,"url":"https:\/\/ictimai.az\/core\/uploads\/2020\/06\/ictimai_c9af64669e70f1844494bc73a8d05730_3ytl76bknrhoqeugxj4m.jpg","type":"image\/jpeg"}],"author":"R\u0259\u015fad Bayramov","twitter_card":"summary_large_image","twitter_misc":{"Written by":"R\u0259\u015fad Bayramov","Est. reading time":"1 minute"},"schema":{"@context":"https:\/\/schema.org","@graph":[{"@type":"Article","@id":"https:\/\/ictimai.az\/?p=3526#article","isPartOf":{"@id":"https:\/\/ictimai.az\/?p=3526"},"author":{"name":"R\u0259\u015fad Bayramov","@id":"https:\/\/ictimai.az\/#\/schema\/person\/1da94bf2c7ab5d83ad349237bec1e6af"},"headline":"A\u011fcab\u0259di \u201cASAN xidm\u0259t\u201d m\u0259rk\u0259zi f\u0259aliyy\u0259t\u0259 ba\u015flay\u0131b &#8211; Fotolar","datePublished":"2020-06-17T10:41:06+00:00","dateModified":"2020-06-17T22:11:39+00:00","mainEntityOfPage":{"@id":"https:\/\/ictimai.az\/?p=3526"},"wordCount":239,"publisher":{"@id":"https:\/\/ictimai.az\/#organization"},"image":{"@id":"https:\/\/ictimai.az\/?p=3526#primaryimage"},"thumbnailUrl":"https:\/\/ictimai.az\/core\/uploads\/2020\/06\/ictimai_c9af64669e70f1844494bc73a8d05730_3ytl76bknrhoqeugxj4m.jpg","articleSection":["G\u00fcnd\u0259m"],"inLanguage":"az"},{"@type":"WebPage","@id":"https:\/\/ictimai.az\/?p=3526","url":"https:\/\/ictimai.az\/?p=3526","name":"A\u011fcab\u0259di \u201cASAN xidm\u0259t\u201d m\u0259rk\u0259zi f\u0259aliyy\u0259t\u0259 ba\u015flay\u0131b - Fotolar - \u0130CT\u0130MA\u0130.AZ","isPartOf":{"@id":"https:\/\/ictimai.az\/#website"},"primaryImageOfPage":{"@id":"https:\/\/ictimai.az\/?p=3526#primaryimage"},"image":{"@id":"https:\/\/ictimai.az\/?p=3526#primaryimage"},"thumbnailUrl":"https:\/\/ictimai.az\/core\/uploads\/2020\/06\/ictimai_c9af64669e70f1844494bc73a8d05730_3ytl76bknrhoqeugxj4m.jpg","datePublished":"2020-06-17T10:41:06+00:00","dateModified":"2020-06-17T22:11:39+00:00","breadcrumb":{"@id":"https:\/\/ictimai.az\/?p=3526#breadcrumb"},"inLanguage":"az","potentialAction":[{"@type":"ReadAction","target":["https:\/\/ictimai.az\/?p=3526"]}]},{"@type":"ImageObject","inLanguage":"az","@id":"https:\/\/ictimai.az\/?p=3526#primaryimage","url":"https:\/\/ictimai.az\/core\/uploads\/2020\/06\/ictimai_c9af64669e70f1844494bc73a8d05730_3ytl76bknrhoqeugxj4m.jpg","contentUrl":"https:\/\/ictimai.az\/core\/uploads\/2020\/06\/ictimai_c9af64669e70f1844494bc73a8d05730_3ytl76bknrhoqeugxj4m.jpg","width":1280,"height":853},{"@type":"BreadcrumbList","@id":"https:\/\/ictimai.az\/?p=3526#breadcrumb","itemListElement":[{"@type":"ListItem","position":1,"name":"Home","item":"https:\/\/ictimai.az\/"},{"@type":"ListItem","position":2,"name":"A\u011fcab\u0259di \u201cASAN xidm\u0259t\u201d m\u0259rk\u0259zi f\u0259aliyy\u0259t\u0259 ba\u015flay\u0131b &#8211; Fotolar"}]},{"@type":"WebSite","@id":"https:\/\/ictimai.az\/#website","url":"https:\/\/ictimai.az\/","name":"\u0130CT\u0130MA\u0130.AZ","description":"","publisher":{"@id":"https:\/\/ictimai.az\/#organization"},"potentialAction":[{"@type":"SearchAction","target":{"@type":"EntryPoint","urlTemplate":"https:\/\/ictimai.az\/?s={search_term_string}"},"query-input":{"@type":"PropertyValueSpecification","valueRequired":true,"valueName":"search_term_string"}}],"inLanguage":"az"},{"@type":"Organization","@id":"https:\/\/ictimai.az\/#organization","name":"\u0130CT\u0130MA\u0130.AZ","url":"https:\/\/ictimai.az\/","logo":{"@type":"ImageObject","inLanguage":"az","@id":"https:\/\/ictimai.az\/#\/schema\/logo\/image\/","url":"https:\/\/ictimai.az\/core\/uploads\/2026\/06\/cropped-ictimai_0380d81099c6fe3baae753faceb5481f_p41rg2mzq0uyvextfh3k-768x768-1-3.png","contentUrl":"https:\/\/ictimai.az\/core\/uploads\/2026\/06\/cropped-ictimai_0380d81099c6fe3baae753faceb5481f_p41rg2mzq0uyvextfh3k-768x768-1-3.png","width":768,"height":768,"caption":"\u0130CT\u0130MA\u0130.AZ"},"image":{"@id":"https:\/\/ictimai.az\/#\/schema\/logo\/image\/"}},{"@type":"Person","@id":"https:\/\/ictimai.az\/#\/schema\/person\/1da94bf2c7ab5d83ad349237bec1e6af","name":"R\u0259\u015fad Bayramov","image":{"@type":"ImageObject","inLanguage":"az","@id":"https:\/\/secure.gravatar.com\/avatar\/83c075605ba0a4d35d59726aaad89cfa8008d1f01603342c56f1dd79784491bc?s=96&d=mm&r=g","url":"https:\/\/secure.gravatar.com\/avatar\/83c075605ba0a4d35d59726aaad89cfa8008d1f01603342c56f1dd79784491bc?s=96&d=mm&r=g","contentUrl":"https:\/\/secure.gravatar.com\/avatar\/83c075605ba0a4d35d59726aaad89cfa8008d1f01603342c56f1dd79784491bc?s=96&d=mm&r=g","caption":"R\u0259\u015fad Bayramov"},"sameAs":["https:\/\/ictimai.az\/"],"url":"https:\/\/ictimai.az\/?author=2"}]}},"_links":{"self":[{"href":"https:\/\/ictimai.az\/index.php?rest_route=\/wp\/v2\/posts\/3526","targetHints":{"allow":["GET"]}}],"collection":[{"href":"https:\/\/ictimai.az\/index.php?rest_route=\/wp\/v2\/posts"}],"about":[{"href":"https:\/\/ictimai.az\/index.php?rest_route=\/wp\/v2\/types\/post"}],"author":[{"embeddable":true,"href":"https:\/\/ictimai.az\/index.php?rest_route=\/wp\/v2\/users\/2"}],"replies":[{"embeddable":true,"href":"https:\/\/ictimai.az\/index.php?rest_route=%2Fwp%2Fv2%2Fcomments&post=3526"}],"version-history":[{"count":0,"href":"https:\/\/ictimai.az\/index.php?rest_route=\/wp\/v2\/posts\/3526\/revisions"}],"wp:featuredmedia":[{"embeddable":true,"href":"https:\/\/ictimai.az\/index.php?rest_route=\/wp\/v2\/media\/3529"}],"wp:attachment":[{"href":"https:\/\/ictimai.az\/index.php?rest_route=%2Fwp%2Fv2%2Fmedia&parent=3526"}],"wp:term":[{"taxonomy":"category","embeddable":true,"href":"https:\/\/ictimai.az\/index.php?rest_route=%2Fwp%2Fv2%2Fcategories&post=3526"},{"taxonomy":"post_tag","embeddable":true,"href":"https:\/\/ictimai.az\/index.php?rest_route=%2Fwp%2Fv2%2Ftags&post=3526"}],"curies":[{"name":"wp","href":"https:\/\/api.w.org\/{rel}","templated":true}]}}