{"id":36296,"date":"2023-12-01T09:06:36","date_gmt":"2023-12-01T05:06:36","guid":{"rendered":"https:\/\/ictimai.az\/?p=36296"},"modified":"2023-12-01T09:36:04","modified_gmt":"2023-12-01T05:36:04","slug":"ukraynali-hekim-hemkarlarini-oldurmek-istediyini-etiraf-edib","status":"publish","type":"post","link":"https:\/\/ictimai.az\/?p=36296","title":{"rendered":"Ukraynal\u0131 h\u0259kim h\u0259mkarlar\u0131n\u0131 \u00f6ld\u00fcrm\u0259k ist\u0259diyini etiraf edib"},"content":{"rendered":"<p>Ukrayna Silahl\u0131 Q\u00fcvv\u0259l\u0259rinin (AFU) h\u0259kimi Anastasiya Mutsey bildirib ki, qeyri-pe\u015f\u0259karl\u0131\u011f\u0131 v\u0259 d\u00f6y\u00fc\u015fm\u0259k ist\u0259m\u0259diyi \u00fc\u00e7\u00fcn \u00fc\u00e7 h\u0259mkar\u0131n\u0131 g\u00fcll\u0259l\u0259m\u0259k ist\u0259yib. O, bu bar\u0259d\u0259 Ukrayna telekanallar\u0131ndan birind\u0259 bildirib.<\/p>\n<p>Mucei, zorla s\u0259f\u0259rb\u0259r edilmi\u015f \u00fc\u00e7 ya\u015fl\u0131 \u0259sg\u0259ri d\u00f6y\u00fc\u015f m\u00f6vqel\u0259rin\u0259 aparmal\u0131 oldu\u011fu bir v\u0259ziyy\u0259td\u0259n dan\u0131\u015fd\u0131.<\/p>\n<p>\u201cM\u0259n v\u0259zif\u0259l\u0259r\u0259 r\u0259hb\u0259rlik etdiyim \u00fc\u00e7 baba olub. Fikirl\u0259\u015fdim ki, onlar\u0131 vuracam. O, dayana bilm\u0259y\u0259c\u0259yiniz yerd\u0259 dayand\u0131, daim at\u0259\u015f a\u00e7d\u0131lar, m\u0259n d\u0259 silah\u0131 m\u00fchafiz\u0259d\u0259n \u00e7\u0131xard\u0131m. O dedi: &#8220;\u0130ndi qalxmasan, vurub davam ed\u0259c\u0259m.&#8221; V\u0259 o, qalx\u0131b getdi\u201d, \u2013 Mucei deyib.<\/p>\n<p>M\u0259nb\u0259: TASS<\/p>\n","protected":false},"excerpt":{"rendered":"<p>Ukrayna Silahl\u0131 Q\u00fcvv\u0259l\u0259rinin (AFU) h\u0259kimi Anastasiya Mutsey bildirib ki, qeyri-pe\u015f\u0259karl\u0131\u011f\u0131 v\u0259 d\u00f6y\u00fc\u015fm\u0259k ist\u0259m\u0259diyi \u00fc\u00e7\u00fcn \u00fc\u00e7 h\u0259mkar\u0131n\u0131 g\u00fcll\u0259l\u0259m\u0259k ist\u0259yib. O, bu bar\u0259d\u0259 Ukrayna telekanallar\u0131ndan birind\u0259 bildirib. Mucei, zorla s\u0259f\u0259rb\u0259r edilmi\u015f \u00fc\u00e7 ya\u015fl\u0131 \u0259sg\u0259ri d\u00f6y\u00fc\u015f m\u00f6vqel\u0259rin\u0259 aparmal\u0131 oldu\u011fu bir v\u0259ziyy\u0259td\u0259n dan\u0131\u015fd\u0131. \u201cM\u0259n v\u0259zif\u0259l\u0259r\u0259 r\u0259hb\u0259rlik etdiyim \u00fc\u00e7 baba olub. Fikirl\u0259\u015fdim ki, onlar\u0131 vuracam. O, dayana bilm\u0259y\u0259c\u0259yiniz yerd\u0259 dayand\u0131, [&hellip;]<\/p>\n","protected":false},"author":2,"featured_media":36297,"comment_status":"closed","ping_status":"closed","sticky":false,"template":"","format":"standard","meta":{"footnotes":""},"categories":[36,1],"tags":[],"class_list":["post-36296","post","type-post","status-publish","format-standard","has-post-thumbnail","hentry","category-media","category-society"],"yoast_head":"<!-- This site is optimized with the Yoast SEO plugin v28.2 - https:\/\/yoast.com\/product\/yoast-seo-wordpress\/ -->\n<title>Ukraynal\u0131 h\u0259kim h\u0259mkarlar\u0131n\u0131 \u00f6ld\u00fcrm\u0259k ist\u0259diyini etiraf edib - \u0130CT\u0130MA\u0130.AZ<\/title>\n<meta name=\"robots\" content=\"index, follow, max-snippet:-1, max-image-preview:large, max-video-preview:-1\" \/>\n<link rel=\"canonical\" href=\"https:\/\/ictimai.az\/?p=36296\" \/>\n<meta property=\"og:locale\" content=\"az_AZ\" \/>\n<meta property=\"og:type\" content=\"article\" \/>\n<meta property=\"og:title\" content=\"Ukraynal\u0131 h\u0259kim h\u0259mkarlar\u0131n\u0131 \u00f6ld\u00fcrm\u0259k ist\u0259diyini etiraf edib - \u0130CT\u0130MA\u0130.AZ\" \/>\n<meta property=\"og:description\" content=\"Ukrayna Silahl\u0131 Q\u00fcvv\u0259l\u0259rinin (AFU) h\u0259kimi Anastasiya Mutsey bildirib ki, qeyri-pe\u015f\u0259karl\u0131\u011f\u0131 v\u0259 d\u00f6y\u00fc\u015fm\u0259k ist\u0259m\u0259diyi \u00fc\u00e7\u00fcn \u00fc\u00e7 h\u0259mkar\u0131n\u0131 g\u00fcll\u0259l\u0259m\u0259k ist\u0259yib. O, bu bar\u0259d\u0259 Ukrayna telekanallar\u0131ndan birind\u0259 bildirib. Mucei, zorla s\u0259f\u0259rb\u0259r edilmi\u015f \u00fc\u00e7 ya\u015fl\u0131 \u0259sg\u0259ri d\u00f6y\u00fc\u015f m\u00f6vqel\u0259rin\u0259 aparmal\u0131 oldu\u011fu bir v\u0259ziyy\u0259td\u0259n dan\u0131\u015fd\u0131. \u201cM\u0259n v\u0259zif\u0259l\u0259r\u0259 r\u0259hb\u0259rlik etdiyim \u00fc\u00e7 baba olub. Fikirl\u0259\u015fdim ki, onlar\u0131 vuracam. O, dayana bilm\u0259y\u0259c\u0259yiniz yerd\u0259 dayand\u0131, [&hellip;]\" \/>\n<meta property=\"og:url\" content=\"https:\/\/ictimai.az\/?p=36296\" \/>\n<meta property=\"og:site_name\" content=\"\u0130CT\u0130MA\u0130.AZ\" \/>\n<meta property=\"article:published_time\" content=\"2023-12-01T05:06:36+00:00\" \/>\n<meta property=\"article:modified_time\" content=\"2023-12-01T05:36:04+00:00\" \/>\n<meta property=\"og:image\" content=\"https:\/\/ictimai.az\/core\/uploads\/2023\/12\/ictimai_8bf1ec8fcec53e479efa007672bf9d39_r9ugscfhenk57my2o1bw.jpg\" \/>\n\t<meta property=\"og:image:width\" content=\"1200\" \/>\n\t<meta property=\"og:image:height\" content=\"800\" \/>\n\t<meta property=\"og:image:type\" content=\"image\/jpeg\" \/>\n<meta name=\"author\" content=\"R\u0259\u015fad Bayramov\" \/>\n<meta name=\"twitter:card\" content=\"summary_large_image\" \/>\n<meta name=\"twitter:label1\" content=\"Written by\" \/>\n\t<meta name=\"twitter:data1\" content=\"R\u0259\u015fad Bayramov\" \/>\n\t<meta name=\"twitter:label2\" content=\"Est. reading time\" \/>\n\t<meta name=\"twitter:data2\" content=\"1 minute\" \/>\n<script type=\"application\/ld+json\" class=\"yoast-schema-graph\">{\"@context\":\"https:\\\/\\\/schema.org\",\"@graph\":[{\"@type\":\"Article\",\"@id\":\"https:\\\/\\\/ictimai.az\\\/?p=36296#article\",\"isPartOf\":{\"@id\":\"https:\\\/\\\/ictimai.az\\\/?p=36296\"},\"author\":{\"name\":\"R\u0259\u015fad Bayramov\",\"@id\":\"https:\\\/\\\/ictimai.az\\\/#\\\/schema\\\/person\\\/1da94bf2c7ab5d83ad349237bec1e6af\"},\"headline\":\"Ukraynal\u0131 h\u0259kim h\u0259mkarlar\u0131n\u0131 \u00f6ld\u00fcrm\u0259k ist\u0259diyini etiraf edib\",\"datePublished\":\"2023-12-01T05:06:36+00:00\",\"dateModified\":\"2023-12-01T05:36:04+00:00\",\"mainEntityOfPage\":{\"@id\":\"https:\\\/\\\/ictimai.az\\\/?p=36296\"},\"wordCount\":141,\"publisher\":{\"@id\":\"https:\\\/\\\/ictimai.az\\\/#organization\"},\"image\":{\"@id\":\"https:\\\/\\\/ictimai.az\\\/?p=36296#primaryimage\"},\"thumbnailUrl\":\"https:\\\/\\\/ictimai.az\\\/core\\\/uploads\\\/2023\\\/12\\\/ictimai_8bf1ec8fcec53e479efa007672bf9d39_r9ugscfhenk57my2o1bw.jpg\",\"articleSection\":[\"MED\u0130A\",\"Sosial\"],\"inLanguage\":\"az\"},{\"@type\":\"WebPage\",\"@id\":\"https:\\\/\\\/ictimai.az\\\/?p=36296\",\"url\":\"https:\\\/\\\/ictimai.az\\\/?p=36296\",\"name\":\"Ukraynal\u0131 h\u0259kim h\u0259mkarlar\u0131n\u0131 \u00f6ld\u00fcrm\u0259k ist\u0259diyini etiraf edib - \u0130CT\u0130MA\u0130.AZ\",\"isPartOf\":{\"@id\":\"https:\\\/\\\/ictimai.az\\\/#website\"},\"primaryImageOfPage\":{\"@id\":\"https:\\\/\\\/ictimai.az\\\/?p=36296#primaryimage\"},\"image\":{\"@id\":\"https:\\\/\\\/ictimai.az\\\/?p=36296#primaryimage\"},\"thumbnailUrl\":\"https:\\\/\\\/ictimai.az\\\/core\\\/uploads\\\/2023\\\/12\\\/ictimai_8bf1ec8fcec53e479efa007672bf9d39_r9ugscfhenk57my2o1bw.jpg\",\"datePublished\":\"2023-12-01T05:06:36+00:00\",\"dateModified\":\"2023-12-01T05:36:04+00:00\",\"breadcrumb\":{\"@id\":\"https:\\\/\\\/ictimai.az\\\/?p=36296#breadcrumb\"},\"inLanguage\":\"az\",\"potentialAction\":[{\"@type\":\"ReadAction\",\"target\":[\"https:\\\/\\\/ictimai.az\\\/?p=36296\"]}]},{\"@type\":\"ImageObject\",\"inLanguage\":\"az\",\"@id\":\"https:\\\/\\\/ictimai.az\\\/?p=36296#primaryimage\",\"url\":\"https:\\\/\\\/ictimai.az\\\/core\\\/uploads\\\/2023\\\/12\\\/ictimai_8bf1ec8fcec53e479efa007672bf9d39_r9ugscfhenk57my2o1bw.jpg\",\"contentUrl\":\"https:\\\/\\\/ictimai.az\\\/core\\\/uploads\\\/2023\\\/12\\\/ictimai_8bf1ec8fcec53e479efa007672bf9d39_r9ugscfhenk57my2o1bw.jpg\",\"width\":1200,\"height\":800},{\"@type\":\"BreadcrumbList\",\"@id\":\"https:\\\/\\\/ictimai.az\\\/?p=36296#breadcrumb\",\"itemListElement\":[{\"@type\":\"ListItem\",\"position\":1,\"name\":\"Home\",\"item\":\"https:\\\/\\\/ictimai.az\\\/\"},{\"@type\":\"ListItem\",\"position\":2,\"name\":\"Ukraynal\u0131 h\u0259kim h\u0259mkarlar\u0131n\u0131 \u00f6ld\u00fcrm\u0259k ist\u0259diyini etiraf edib\"}]},{\"@type\":\"WebSite\",\"@id\":\"https:\\\/\\\/ictimai.az\\\/#website\",\"url\":\"https:\\\/\\\/ictimai.az\\\/\",\"name\":\"\u0130CT\u0130MA\u0130.AZ\",\"description\":\"\",\"publisher\":{\"@id\":\"https:\\\/\\\/ictimai.az\\\/#organization\"},\"potentialAction\":[{\"@type\":\"SearchAction\",\"target\":{\"@type\":\"EntryPoint\",\"urlTemplate\":\"https:\\\/\\\/ictimai.az\\\/?s={search_term_string}\"},\"query-input\":{\"@type\":\"PropertyValueSpecification\",\"valueRequired\":true,\"valueName\":\"search_term_string\"}}],\"inLanguage\":\"az\"},{\"@type\":\"Organization\",\"@id\":\"https:\\\/\\\/ictimai.az\\\/#organization\",\"name\":\"\u0130CT\u0130MA\u0130.AZ\",\"url\":\"https:\\\/\\\/ictimai.az\\\/\",\"logo\":{\"@type\":\"ImageObject\",\"inLanguage\":\"az\",\"@id\":\"https:\\\/\\\/ictimai.az\\\/#\\\/schema\\\/logo\\\/image\\\/\",\"url\":\"https:\\\/\\\/ictimai.az\\\/core\\\/uploads\\\/2026\\\/06\\\/cropped-ictimai_0380d81099c6fe3baae753faceb5481f_p41rg2mzq0uyvextfh3k-768x768-1-3.png\",\"contentUrl\":\"https:\\\/\\\/ictimai.az\\\/core\\\/uploads\\\/2026\\\/06\\\/cropped-ictimai_0380d81099c6fe3baae753faceb5481f_p41rg2mzq0uyvextfh3k-768x768-1-3.png\",\"width\":768,\"height\":768,\"caption\":\"\u0130CT\u0130MA\u0130.AZ\"},\"image\":{\"@id\":\"https:\\\/\\\/ictimai.az\\\/#\\\/schema\\\/logo\\\/image\\\/\"}},{\"@type\":\"Person\",\"@id\":\"https:\\\/\\\/ictimai.az\\\/#\\\/schema\\\/person\\\/1da94bf2c7ab5d83ad349237bec1e6af\",\"name\":\"R\u0259\u015fad Bayramov\",\"image\":{\"@type\":\"ImageObject\",\"inLanguage\":\"az\",\"@id\":\"https:\\\/\\\/secure.gravatar.com\\\/avatar\\\/83c075605ba0a4d35d59726aaad89cfa8008d1f01603342c56f1dd79784491bc?s=96&d=mm&r=g\",\"url\":\"https:\\\/\\\/secure.gravatar.com\\\/avatar\\\/83c075605ba0a4d35d59726aaad89cfa8008d1f01603342c56f1dd79784491bc?s=96&d=mm&r=g\",\"contentUrl\":\"https:\\\/\\\/secure.gravatar.com\\\/avatar\\\/83c075605ba0a4d35d59726aaad89cfa8008d1f01603342c56f1dd79784491bc?s=96&d=mm&r=g\",\"caption\":\"R\u0259\u015fad Bayramov\"},\"sameAs\":[\"https:\\\/\\\/ictimai.az\\\/\"],\"url\":\"https:\\\/\\\/ictimai.az\\\/?author=2\"}]}<\/script>\n<!-- \/ Yoast SEO plugin. -->","yoast_head_json":{"title":"Ukraynal\u0131 h\u0259kim h\u0259mkarlar\u0131n\u0131 \u00f6ld\u00fcrm\u0259k ist\u0259diyini etiraf edib - \u0130CT\u0130MA\u0130.AZ","robots":{"index":"index","follow":"follow","max-snippet":"max-snippet:-1","max-image-preview":"max-image-preview:large","max-video-preview":"max-video-preview:-1"},"canonical":"https:\/\/ictimai.az\/?p=36296","og_locale":"az_AZ","og_type":"article","og_title":"Ukraynal\u0131 h\u0259kim h\u0259mkarlar\u0131n\u0131 \u00f6ld\u00fcrm\u0259k ist\u0259diyini etiraf edib - \u0130CT\u0130MA\u0130.AZ","og_description":"Ukrayna Silahl\u0131 Q\u00fcvv\u0259l\u0259rinin (AFU) h\u0259kimi Anastasiya Mutsey bildirib ki, qeyri-pe\u015f\u0259karl\u0131\u011f\u0131 v\u0259 d\u00f6y\u00fc\u015fm\u0259k ist\u0259m\u0259diyi \u00fc\u00e7\u00fcn \u00fc\u00e7 h\u0259mkar\u0131n\u0131 g\u00fcll\u0259l\u0259m\u0259k ist\u0259yib. O, bu bar\u0259d\u0259 Ukrayna telekanallar\u0131ndan birind\u0259 bildirib. Mucei, zorla s\u0259f\u0259rb\u0259r edilmi\u015f \u00fc\u00e7 ya\u015fl\u0131 \u0259sg\u0259ri d\u00f6y\u00fc\u015f m\u00f6vqel\u0259rin\u0259 aparmal\u0131 oldu\u011fu bir v\u0259ziyy\u0259td\u0259n dan\u0131\u015fd\u0131. \u201cM\u0259n v\u0259zif\u0259l\u0259r\u0259 r\u0259hb\u0259rlik etdiyim \u00fc\u00e7 baba olub. Fikirl\u0259\u015fdim ki, onlar\u0131 vuracam. O, dayana bilm\u0259y\u0259c\u0259yiniz yerd\u0259 dayand\u0131, [&hellip;]","og_url":"https:\/\/ictimai.az\/?p=36296","og_site_name":"\u0130CT\u0130MA\u0130.AZ","article_published_time":"2023-12-01T05:06:36+00:00","article_modified_time":"2023-12-01T05:36:04+00:00","og_image":[{"width":1200,"height":800,"url":"https:\/\/ictimai.az\/core\/uploads\/2023\/12\/ictimai_8bf1ec8fcec53e479efa007672bf9d39_r9ugscfhenk57my2o1bw.jpg","type":"image\/jpeg"}],"author":"R\u0259\u015fad Bayramov","twitter_card":"summary_large_image","twitter_misc":{"Written by":"R\u0259\u015fad Bayramov","Est. reading time":"1 minute"},"schema":{"@context":"https:\/\/schema.org","@graph":[{"@type":"Article","@id":"https:\/\/ictimai.az\/?p=36296#article","isPartOf":{"@id":"https:\/\/ictimai.az\/?p=36296"},"author":{"name":"R\u0259\u015fad Bayramov","@id":"https:\/\/ictimai.az\/#\/schema\/person\/1da94bf2c7ab5d83ad349237bec1e6af"},"headline":"Ukraynal\u0131 h\u0259kim h\u0259mkarlar\u0131n\u0131 \u00f6ld\u00fcrm\u0259k ist\u0259diyini etiraf edib","datePublished":"2023-12-01T05:06:36+00:00","dateModified":"2023-12-01T05:36:04+00:00","mainEntityOfPage":{"@id":"https:\/\/ictimai.az\/?p=36296"},"wordCount":141,"publisher":{"@id":"https:\/\/ictimai.az\/#organization"},"image":{"@id":"https:\/\/ictimai.az\/?p=36296#primaryimage"},"thumbnailUrl":"https:\/\/ictimai.az\/core\/uploads\/2023\/12\/ictimai_8bf1ec8fcec53e479efa007672bf9d39_r9ugscfhenk57my2o1bw.jpg","articleSection":["MED\u0130A","Sosial"],"inLanguage":"az"},{"@type":"WebPage","@id":"https:\/\/ictimai.az\/?p=36296","url":"https:\/\/ictimai.az\/?p=36296","name":"Ukraynal\u0131 h\u0259kim h\u0259mkarlar\u0131n\u0131 \u00f6ld\u00fcrm\u0259k ist\u0259diyini etiraf edib - \u0130CT\u0130MA\u0130.AZ","isPartOf":{"@id":"https:\/\/ictimai.az\/#website"},"primaryImageOfPage":{"@id":"https:\/\/ictimai.az\/?p=36296#primaryimage"},"image":{"@id":"https:\/\/ictimai.az\/?p=36296#primaryimage"},"thumbnailUrl":"https:\/\/ictimai.az\/core\/uploads\/2023\/12\/ictimai_8bf1ec8fcec53e479efa007672bf9d39_r9ugscfhenk57my2o1bw.jpg","datePublished":"2023-12-01T05:06:36+00:00","dateModified":"2023-12-01T05:36:04+00:00","breadcrumb":{"@id":"https:\/\/ictimai.az\/?p=36296#breadcrumb"},"inLanguage":"az","potentialAction":[{"@type":"ReadAction","target":["https:\/\/ictimai.az\/?p=36296"]}]},{"@type":"ImageObject","inLanguage":"az","@id":"https:\/\/ictimai.az\/?p=36296#primaryimage","url":"https:\/\/ictimai.az\/core\/uploads\/2023\/12\/ictimai_8bf1ec8fcec53e479efa007672bf9d39_r9ugscfhenk57my2o1bw.jpg","contentUrl":"https:\/\/ictimai.az\/core\/uploads\/2023\/12\/ictimai_8bf1ec8fcec53e479efa007672bf9d39_r9ugscfhenk57my2o1bw.jpg","width":1200,"height":800},{"@type":"BreadcrumbList","@id":"https:\/\/ictimai.az\/?p=36296#breadcrumb","itemListElement":[{"@type":"ListItem","position":1,"name":"Home","item":"https:\/\/ictimai.az\/"},{"@type":"ListItem","position":2,"name":"Ukraynal\u0131 h\u0259kim h\u0259mkarlar\u0131n\u0131 \u00f6ld\u00fcrm\u0259k ist\u0259diyini etiraf edib"}]},{"@type":"WebSite","@id":"https:\/\/ictimai.az\/#website","url":"https:\/\/ictimai.az\/","name":"\u0130CT\u0130MA\u0130.AZ","description":"","publisher":{"@id":"https:\/\/ictimai.az\/#organization"},"potentialAction":[{"@type":"SearchAction","target":{"@type":"EntryPoint","urlTemplate":"https:\/\/ictimai.az\/?s={search_term_string}"},"query-input":{"@type":"PropertyValueSpecification","valueRequired":true,"valueName":"search_term_string"}}],"inLanguage":"az"},{"@type":"Organization","@id":"https:\/\/ictimai.az\/#organization","name":"\u0130CT\u0130MA\u0130.AZ","url":"https:\/\/ictimai.az\/","logo":{"@type":"ImageObject","inLanguage":"az","@id":"https:\/\/ictimai.az\/#\/schema\/logo\/image\/","url":"https:\/\/ictimai.az\/core\/uploads\/2026\/06\/cropped-ictimai_0380d81099c6fe3baae753faceb5481f_p41rg2mzq0uyvextfh3k-768x768-1-3.png","contentUrl":"https:\/\/ictimai.az\/core\/uploads\/2026\/06\/cropped-ictimai_0380d81099c6fe3baae753faceb5481f_p41rg2mzq0uyvextfh3k-768x768-1-3.png","width":768,"height":768,"caption":"\u0130CT\u0130MA\u0130.AZ"},"image":{"@id":"https:\/\/ictimai.az\/#\/schema\/logo\/image\/"}},{"@type":"Person","@id":"https:\/\/ictimai.az\/#\/schema\/person\/1da94bf2c7ab5d83ad349237bec1e6af","name":"R\u0259\u015fad Bayramov","image":{"@type":"ImageObject","inLanguage":"az","@id":"https:\/\/secure.gravatar.com\/avatar\/83c075605ba0a4d35d59726aaad89cfa8008d1f01603342c56f1dd79784491bc?s=96&d=mm&r=g","url":"https:\/\/secure.gravatar.com\/avatar\/83c075605ba0a4d35d59726aaad89cfa8008d1f01603342c56f1dd79784491bc?s=96&d=mm&r=g","contentUrl":"https:\/\/secure.gravatar.com\/avatar\/83c075605ba0a4d35d59726aaad89cfa8008d1f01603342c56f1dd79784491bc?s=96&d=mm&r=g","caption":"R\u0259\u015fad Bayramov"},"sameAs":["https:\/\/ictimai.az\/"],"url":"https:\/\/ictimai.az\/?author=2"}]}},"_links":{"self":[{"href":"https:\/\/ictimai.az\/index.php?rest_route=\/wp\/v2\/posts\/36296","targetHints":{"allow":["GET"]}}],"collection":[{"href":"https:\/\/ictimai.az\/index.php?rest_route=\/wp\/v2\/posts"}],"about":[{"href":"https:\/\/ictimai.az\/index.php?rest_route=\/wp\/v2\/types\/post"}],"author":[{"embeddable":true,"href":"https:\/\/ictimai.az\/index.php?rest_route=\/wp\/v2\/users\/2"}],"replies":[{"embeddable":true,"href":"https:\/\/ictimai.az\/index.php?rest_route=%2Fwp%2Fv2%2Fcomments&post=36296"}],"version-history":[{"count":0,"href":"https:\/\/ictimai.az\/index.php?rest_route=\/wp\/v2\/posts\/36296\/revisions"}],"wp:featuredmedia":[{"embeddable":true,"href":"https:\/\/ictimai.az\/index.php?rest_route=\/wp\/v2\/media\/36297"}],"wp:attachment":[{"href":"https:\/\/ictimai.az\/index.php?rest_route=%2Fwp%2Fv2%2Fmedia&parent=36296"}],"wp:term":[{"taxonomy":"category","embeddable":true,"href":"https:\/\/ictimai.az\/index.php?rest_route=%2Fwp%2Fv2%2Fcategories&post=36296"},{"taxonomy":"post_tag","embeddable":true,"href":"https:\/\/ictimai.az\/index.php?rest_route=%2Fwp%2Fv2%2Ftags&post=36296"}],"curies":[{"name":"wp","href":"https:\/\/api.w.org\/{rel}","templated":true}]}}