{"id":3668,"date":"2020-06-23T17:13:01","date_gmt":"2020-06-23T13:13:01","guid":{"rendered":"https:\/\/ictimai.az\/?p=3668"},"modified":"2020-06-24T04:09:51","modified_gmt":"2020-06-24T00:09:51","slug":"vladimir-putinin-rus-torpaqlari-mesajinda-goyce-ve-zengezura-yer-varmi","status":"publish","type":"post","link":"https:\/\/ictimai.az\/?p=3668","title":{"rendered":"Vladimir Putinin \u201crus torpaqlar\u0131\u201d mesaj\u0131nda G\u00f6y\u00e7\u0259 v\u0259 Z\u0259ng\u0259zura yer varm\u0131?"},"content":{"rendered":"<p><strong>Rusiya prezidenti Vladimir Putin bir ne\u00e7\u0259 g\u00fcn \u0259vv\u0259l Rusiya d\u00f6vl\u0259t televiziyas\u0131na verdiyi m\u00fcsahib\u0259sind\u0259 SSR\u0130\u2013y\u0259 daxil olark\u0259n b\u0259zi ke\u00e7mi\u015f Sovet respublikalar\u0131na Rusiyadan v\u0259 rus xalq\u0131ndan xeyli sayda torpa\u011f\u0131n k\u0259sil\u0259r\u0259k onlara pe\u015fk\u0259\u015f \u00e7\u0259kildiyind\u0259n v\u0259 bu respublikalar SSR\u0130-nin t\u0259rkibind\u0259n bu torpaqlarla birlikd\u0259 \u00e7\u0131xd\u0131\u011f\u0131ndan gileyl\u0259nib.<\/strong><\/p>\n<p>Putin qeyd edib ki, Sovet konstitusiyas\u0131nda SSR\u0130-d\u0259n \u00e7\u0131xma qaydalar\u0131 tam ayd\u0131n olaraq g\u00f6st\u0259rilm\u0259diyind\u0259n, bu respublikalar daxil olduqlar\u0131 torpaqlarla \u00e7\u0131xmal\u0131, onlara sonradan verilmi\u015f torpaqlar\u0131 geri qaytarmal\u0131 idil\u0259r.<\/p>\n<p>Rusiya prezidentinin bu s\u00f6zl\u0259ri bir \u00e7ox ke\u00e7mi\u015f SSR\u0130-y\u0259 daxil olan respublikalar\u0131n ictimaiyy\u0259ti t\u0259r\u0259find\u0259n birm\u0259nal\u0131 qar\u015f\u0131lanmay\u0131b, q\u0131naq v\u0259 diskussiya obyektin\u0259 \u00e7evrilib.<\/p>\n<p><iframe loading=\"lazy\" title=\"\u0421\u043e\u0432\u0435\u0442\u0441\u043a\u0438\u0435 \u0440\u0435\u0441\u043f\u0443\u0431\u043b\u0438\u043a\u0438 \u0432\u044b\u0448\u043b\u0438 \u0438\u0437 \u0441\u043e\u0441\u0442\u0430\u0432\u0430 \u0421\u0421\u0421\u0420 \u0437\u0430\u0431\u0440\u0430\u0432 \u0440\u043e\u0441\u0441\u0438\u0439\u0441\u043a\u0438\u0435 \u0437\u0435\u043c\u043b\u0438 \/ \u041f\u0443\u0442\u0438\u043d\" src=\"https:\/\/www.youtube.com\/embed\/DOHR-aqY6CI?start=180&amp;feature=oembed\" width=\"500\" height=\"281\" frameborder=\"0\" allowfullscreen=\"allowfullscreen\" data-mce-fragment=\"1\"><\/iframe><\/p>\n<p>Bir s\u0131ra ekspertl\u0259r Putinin s\u00f6zl\u0259rini referendum qaba\u011f\u0131 daxili auditoriyaya \u00fcnvanland\u0131\u011f\u0131n\u0131 iddia edir. Lakin b\u0259zil\u0259ri bu s\u00f6zl\u0259ri ke\u00e7mi\u015f Sovet respublikalar\u0131na, x\u00fcsus\u0259n d\u0259 Ukrayna, Belarus v\u0259 Qazax\u0131stana \u00fcnvanland\u0131\u011f\u0131n\u0131 deyir. M\u0259nim fikrimc\u0259, h\u0259r iki faktor burada rol oynay\u0131r.<\/p>\n<p>D\u00fcn\u0259n Rusiya prezidentinin m\u0259tbuat katibi Dmitriy Peskov Putinin s\u00f6zl\u0259rinin d\u00fcz anla\u015f\u0131lmad\u0131\u011f\u0131n\u0131 v\u0259 Rusiyan\u0131n qon\u015fular\u0131na qar\u015f\u0131 he\u00e7 bir \u0259razi iddialar\u0131n\u0131n olmad\u0131\u011f\u0131n\u0131 b\u0259yan edib. Lakin iki qon\u015fu \u00f6lk\u0259nin \u0259razisini i\u015f\u011fal ed\u0259n bir d\u00f6vl\u0259tin qon\u015fular\u0131na qar\u015f\u0131 \u0259razi iddialar\u0131n\u0131n olmamas\u0131 fikri d\u00fcz\u00fc inand\u0131r\u0131c\u0131 deyil.<\/p>\n<p>Amma m\u0259n \u201ctorpaq h\u0259diyy\u0259si\u201d m\u0259s\u0259l\u0259sinin \u00fcz\u0259rind\u0259 bir q\u0259d\u0259r durmaq ist\u0259rdim. S\u0259b\u0259bi is\u0259, SSR\u0130-d\u0259 ged\u0259n bu \u201ctorpaq ba\u011f\u0131\u015flama\u201d prosesind\u0259 Az\u0259rbaycan\u0131n xeyli torpaq itirm\u0259sidir.<\/p>\n<figure class=\"wp-block-image size-large is-resized\">\n<figure id=\"attachment_11588\" class=\"wp-caption alignright\" aria-describedby=\"caption-attachment-11588\"><img loading=\"lazy\" decoding=\"async\" class=\"wp-image-11588 size-medium\" src=\"https:\/\/busaat.az\/core\/uploads\/2020\/06\/busaat_ada028823a6d34770df91f264e911213_k8q2scrv9alw1x0zitn5-300x235.jpg\" sizes=\"auto, (max-width: 300px) 100vw, 300px\" srcset=\"https:\/\/busaat.az\/core\/uploads\/2020\/06\/busaat_ada028823a6d34770df91f264e911213_k8q2scrv9alw1x0zitn5-300x235.jpg 300w, https:\/\/busaat.az\/core\/uploads\/2020\/06\/busaat_ada028823a6d34770df91f264e911213_k8q2scrv9alw1x0zitn5-768x601.jpg 768w, https:\/\/busaat.az\/core\/uploads\/2020\/06\/busaat_ada028823a6d34770df91f264e911213_k8q2scrv9alw1x0zitn5.jpg 1024w\" alt=\"\u018fli Hac\u0131zad\u0259\" width=\"300\" height=\"235\" \/><figcaption id=\"caption-attachment-11588\" class=\"wp-caption-text\">\u018fli Hac\u0131zad\u0259<\/figcaption><\/figure><figcaption><\/figcaption>Bel\u0259 ki, 1918\u2013ci ild\u0259 erm\u0259nil\u0259r \u0130r\u0259van xanl\u0131\u011f\u0131n\u0131n tarixi torpaqlar\u0131n\u0131 \u0259hat\u0259 ed\u0259n erm\u0259ni Ararat Respublikas\u0131 yaradark\u0259n bu d\u00f6vl\u0259tin \u0259razisi 10 min kv.km-d\u0259n az idi. 1918-20-ci ill\u0259r \u0259rzind\u0259 G\u00fcrc\u00fcstan, T\u00fcrkiy\u0259 v\u0259 Az\u0259rbaycan \u0259razil\u0259rini z\u0259bt ed\u0259n Erm\u0259nistan bu \u0259razini xeyli geni\u015fl\u0259ndirir. Lakin 1920-ci ilin sonunda T\u00fcrkiy\u0259 il\u0259 m\u00fcharib\u0259 avantyuras\u0131na gir\u0259n erm\u0259ni h\u00f6kum\u0259ti tez bir zamanda m\u00fcharib\u0259ni uduzur v\u0259 bu m\u0259\u011flubiyy\u0259tin n\u0259tic\u0259si kimi he\u00e7 vaxt q\u00fcvv\u0259y\u0259 minm\u0259y\u0259n Aleksandropolda (G\u00fcmr\u00fc) 1920\u2013ci ilin 2 dekabr\u0131nda T\u00fcrkiy\u0259 il\u0259 sazi\u015f imzalay\u0131r. Sazi\u015f\u0259 g\u00f6r\u0259, Erm\u0259nistan yenid\u0259n 1918-ci ilin s\u0259rh\u0259dl\u0259rin\u0259, y\u0259ni 10 min kv. km. h\u00fcdudlar\u0131na qay\u0131d\u0131rd\u0131. H\u0259m\u00e7inin, Erm\u0259nistan\u0131n g\u0259l\u0259c\u0259kd\u0259 i\u015f\u011fal\u00e7\u0131l\u0131q siyas\u0259tinin qar\u015f\u0131s\u0131n\u0131n al\u0131nmas\u0131 \u00fc\u00e7\u00fcn Erm\u0259nistan ordusunun formal xarakter da\u015f\u0131mas\u0131 da n\u0259z\u0259rd\u0259 tutulurdu.<\/figure>\n<p>Lakin m\u00fcqavil\u0259nin ba\u011flanmas\u0131ndan bir ne\u00e7\u0259 saat \u0259vv\u0259l, y\u0259ni dekabr\u0131n 2-d\u0259n 3-\u0259 ke\u00e7\u0259n gec\u0259 \u0130r\u0259vanda ba\u015f vermi\u015f \u201cinqilab\u201d v\u0259 Erm\u0259nistan\u0131n Sovet Rusiyas\u0131 t\u0259r\u0259find\u0259n ilhaq\u0131 bu sazi\u015fin q\u00fcvv\u0259y\u0259 minm\u0259sin\u0259 imkan vermir.<\/p>\n<p>Bel\u0259likl\u0259, Sovet Rusiyas\u0131 t\u0259r\u0259find\u0259n 10 min kv. km. \u0259razi il\u0259 ilhaq olunan Erm\u0259nistan 1991\u2013ci ild\u0259 SSR\u0130-nin t\u0259rkibind\u0259n 30 min kv. km. \u0259razi il\u0259 \u00e7\u0131x\u0131r. B\u0259s bu \u0259razi art\u0131m\u0131 n\u0259yin hesab\u0131na m\u00fcmk\u00fcn olur?<\/p>\n<p>Erm\u0259nistan \u0259razsisi qism\u0259n G\u00fcrc\u00fcstan torpaqlar\u0131, b\u00f6y\u00fck hiss\u0259si is\u0259 Az\u0259rbaycan torpaqlar\u0131 hesab\u0131na geni\u015fl\u0259ndirilir.<\/p>\n<p>Bel\u0259 ki, Sovet Rusiyas\u0131 1920-ci ilin aprelind\u0259 Az\u0259rbaycan Xalq C\u00fcmhuriyy\u0259tini i\u015f\u011fal etdikd\u0259, AXC-nin \u0259razisi 113900 kv. km. idi. 1991\u2013ci ild\u0259 Az\u0259rbaycan \u00f6z m\u00fcst\u0259qilliyini b\u0259rpa etdikd\u0259 is\u0259 Az\u0259rbaycan Respublikas\u0131n\u0131n \u0259razisi 86600 kv. km. idi.<\/p>\n<figure class=\"wp-block-image size-large\"><img loading=\"lazy\" decoding=\"async\" class=\"alignnone size-full wp-image-11587\" src=\"https:\/\/busaat.az\/core\/uploads\/2020\/06\/busaat_c105c37956f5d8843ad321f76e3ab427_b57mt9fgl4nkyqahi0zv.jpg\" sizes=\"auto, (max-width: 950px) 100vw, 950px\" srcset=\"https:\/\/busaat.az\/core\/uploads\/2020\/06\/busaat_c105c37956f5d8843ad321f76e3ab427_b57mt9fgl4nkyqahi0zv.jpg 950w, https:\/\/busaat.az\/core\/uploads\/2020\/06\/busaat_c105c37956f5d8843ad321f76e3ab427_b57mt9fgl4nkyqahi0zv-300x221.jpg 300w, https:\/\/busaat.az\/core\/uploads\/2020\/06\/busaat_c105c37956f5d8843ad321f76e3ab427_b57mt9fgl4nkyqahi0zv-768x566.jpg 768w\" alt=\"\" width=\"950\" height=\"700\" \/><\/figure>\n<p>Bel\u0259likl\u0259, Sovet zaman\u0131 27000 kv. km. \u0259razinin (Albaniya respublikas\u0131n\u0131n \u0259razisin\u0259 b\u0259rab\u0259r bir \u0259razid\u0259n s\u00f6hb\u0259t gedir) Az\u0259rbaycandan qopar\u0131ld\u0131\u011f\u0131 v\u0259 m\u00fcxt\u0259lif qon\u015fu \u00f6lk\u0259l\u0259r aras\u0131nda payla\u015f\u0131ld\u0131\u011f\u0131 faktd\u0131r. Bu \u0259razil\u0259rin b\u00f6y\u00fck hiss\u0259sinin is\u0259 (\u0259l\u0259xsus, G\u00f6y\u00e7\u0259 v\u0259 Z\u0259ng\u0259zur mahallar\u0131) Erm\u0259nistana verildiyini g\u00f6r\u00fcr\u00fck.<\/p>\n<p>M\u0259hz buna g\u00f6r\u0259, Erm\u0259nistan indiki m\u00f6vcud olan s\u0259rh\u0259dl\u0259r\u0259 malikdir. M\u0259n h\u0259l\u0259 i\u015f\u011fal olunmu\u015f Da\u011fl\u0131q Qaraba\u011f v\u0259 \u0259traf rayonlar\u0131 qoyuram bir q\u0131ra\u011fa. Odur ki, Vladimir Putin b\u0259lk\u0259 bil\u0259r\u0259kd\u0259n, b\u0259lk\u0259 d\u0259 bilm\u0259y\u0259r\u0259kd\u0259n s\u0259rh\u0259dl\u0259r v\u0259 ba\u011f\u0131\u015flanm\u0131\u015f torpaqlar disskusiyas\u0131n\u0131 yenid\u0259n a\u00e7m\u0131\u015f oldu. \u018fg\u0259r s\u00f6hb\u0259t tarixi \u0259dal\u0259t prinsipind\u0259n v\u0259 bir s\u0131ra torpaqlar\u0131n tarixi m\u0259nsubiyy\u0259tind\u0259n gedirs\u0259, onda ilk olaraq Rusiyan\u0131n m\u00fctt\u0259fiqi (Qafqazda forpostu) Erm\u0259nistan\u0131n s\u0259rh\u0259dl\u0259ri yenid\u0259n g\u00f6zd\u0259n ke\u00e7irilm\u0259lidir. Az\u0259rbaycan Respublikas\u0131 AXC-nin varisi kimi itirilmi\u015f torpaqlara iddia etm\u0259k \u00fc\u00e7\u00fcn h\u0259m h\u00fcquqi, h\u0259m d\u0259 m\u0259n\u0259vi \u0259saslara malikdir.<\/p>\n<p><strong><em>\u018fli Hac\u0131zad\u0259 politoloq, \u201c<a href=\"https:\/\/tgme.org\/\" target=\"_blank\" rel=\"noreferrer noopener\">The Greater Middle East<\/a>\u201d layih\u0259sinin r\u0259hb\u0259ri<\/em><\/strong><\/p>\n","protected":false},"excerpt":{"rendered":"<p>Rusiya prezidenti Vladimir Putin bir ne\u00e7\u0259 g\u00fcn \u0259vv\u0259l Rusiya d\u00f6vl\u0259t televiziyas\u0131na verdiyi m\u00fcsahib\u0259sind\u0259 SSR\u0130\u2013y\u0259 daxil olark\u0259n b\u0259zi ke\u00e7mi\u015f Sovet respublikalar\u0131na Rusiyadan v\u0259 rus xalq\u0131ndan xeyli sayda torpa\u011f\u0131n k\u0259sil\u0259r\u0259k onlara pe\u015fk\u0259\u015f \u00e7\u0259kildiyind\u0259n v\u0259 bu respublikalar SSR\u0130-nin t\u0259rkibind\u0259n bu torpaqlarla birlikd\u0259 \u00e7\u0131xd\u0131\u011f\u0131ndan gileyl\u0259nib. Putin qeyd edib ki, Sovet konstitusiyas\u0131nda SSR\u0130-d\u0259n \u00e7\u0131xma qaydalar\u0131 tam ayd\u0131n olaraq g\u00f6st\u0259rilm\u0259diyind\u0259n, bu [&hellip;]<\/p>\n","protected":false},"author":2,"featured_media":3669,"comment_status":"closed","ping_status":"closed","sticky":false,"template":"","format":"standard","meta":{"footnotes":""},"categories":[15],"tags":[],"class_list":["post-3668","post","type-post","status-publish","format-standard","has-post-thumbnail","hentry","category-politics"],"yoast_head":"<!-- This site is optimized with the Yoast SEO plugin v28.2 - https:\/\/yoast.com\/product\/yoast-seo-wordpress\/ -->\n<title>Vladimir Putinin \u201crus torpaqlar\u0131\u201d mesaj\u0131nda G\u00f6y\u00e7\u0259 v\u0259 Z\u0259ng\u0259zura yer varm\u0131? - \u0130CT\u0130MA\u0130.AZ<\/title>\n<meta name=\"robots\" content=\"index, follow, max-snippet:-1, max-image-preview:large, max-video-preview:-1\" \/>\n<link rel=\"canonical\" href=\"https:\/\/ictimai.az\/?p=3668\" \/>\n<meta property=\"og:locale\" content=\"az_AZ\" \/>\n<meta property=\"og:type\" content=\"article\" \/>\n<meta property=\"og:title\" content=\"Vladimir Putinin \u201crus torpaqlar\u0131\u201d mesaj\u0131nda G\u00f6y\u00e7\u0259 v\u0259 Z\u0259ng\u0259zura yer varm\u0131? - \u0130CT\u0130MA\u0130.AZ\" \/>\n<meta property=\"og:description\" content=\"Rusiya prezidenti Vladimir Putin bir ne\u00e7\u0259 g\u00fcn \u0259vv\u0259l Rusiya d\u00f6vl\u0259t televiziyas\u0131na verdiyi m\u00fcsahib\u0259sind\u0259 SSR\u0130\u2013y\u0259 daxil olark\u0259n b\u0259zi ke\u00e7mi\u015f Sovet respublikalar\u0131na Rusiyadan v\u0259 rus xalq\u0131ndan xeyli sayda torpa\u011f\u0131n k\u0259sil\u0259r\u0259k onlara pe\u015fk\u0259\u015f \u00e7\u0259kildiyind\u0259n v\u0259 bu respublikalar SSR\u0130-nin t\u0259rkibind\u0259n bu torpaqlarla birlikd\u0259 \u00e7\u0131xd\u0131\u011f\u0131ndan gileyl\u0259nib. Putin qeyd edib ki, Sovet konstitusiyas\u0131nda SSR\u0130-d\u0259n \u00e7\u0131xma qaydalar\u0131 tam ayd\u0131n olaraq g\u00f6st\u0259rilm\u0259diyind\u0259n, bu [&hellip;]\" \/>\n<meta property=\"og:url\" content=\"https:\/\/ictimai.az\/?p=3668\" \/>\n<meta property=\"og:site_name\" content=\"\u0130CT\u0130MA\u0130.AZ\" \/>\n<meta property=\"article:published_time\" content=\"2020-06-23T13:13:01+00:00\" \/>\n<meta property=\"article:modified_time\" content=\"2020-06-24T00:09:51+00:00\" \/>\n<meta property=\"og:image\" content=\"https:\/\/ictimai.az\/core\/uploads\/2020\/06\/ictimai_25f9f7809af04647041cfb6512845ecb_54i3t8ekuhmc16zw72vx.jpg\" \/>\n\t<meta property=\"og:image:width\" content=\"620\" \/>\n\t<meta property=\"og:image:height\" content=\"460\" \/>\n\t<meta property=\"og:image:type\" content=\"image\/jpeg\" \/>\n<meta name=\"author\" content=\"R\u0259\u015fad Bayramov\" \/>\n<meta name=\"twitter:card\" content=\"summary_large_image\" \/>\n<meta name=\"twitter:label1\" content=\"Written by\" \/>\n\t<meta name=\"twitter:data1\" content=\"R\u0259\u015fad Bayramov\" \/>\n\t<meta name=\"twitter:label2\" content=\"Est. reading time\" \/>\n\t<meta name=\"twitter:data2\" content=\"4 minutes\" \/>\n<script type=\"application\/ld+json\" class=\"yoast-schema-graph\">{\"@context\":\"https:\\\/\\\/schema.org\",\"@graph\":[{\"@type\":\"Article\",\"@id\":\"https:\\\/\\\/ictimai.az\\\/?p=3668#article\",\"isPartOf\":{\"@id\":\"https:\\\/\\\/ictimai.az\\\/?p=3668\"},\"author\":{\"name\":\"R\u0259\u015fad Bayramov\",\"@id\":\"https:\\\/\\\/ictimai.az\\\/#\\\/schema\\\/person\\\/1da94bf2c7ab5d83ad349237bec1e6af\"},\"headline\":\"Vladimir Putinin \u201crus torpaqlar\u0131\u201d mesaj\u0131nda G\u00f6y\u00e7\u0259 v\u0259 Z\u0259ng\u0259zura yer varm\u0131?\",\"datePublished\":\"2020-06-23T13:13:01+00:00\",\"dateModified\":\"2020-06-24T00:09:51+00:00\",\"mainEntityOfPage\":{\"@id\":\"https:\\\/\\\/ictimai.az\\\/?p=3668\"},\"wordCount\":863,\"publisher\":{\"@id\":\"https:\\\/\\\/ictimai.az\\\/#organization\"},\"image\":{\"@id\":\"https:\\\/\\\/ictimai.az\\\/?p=3668#primaryimage\"},\"thumbnailUrl\":\"https:\\\/\\\/ictimai.az\\\/core\\\/uploads\\\/2020\\\/06\\\/ictimai_25f9f7809af04647041cfb6512845ecb_54i3t8ekuhmc16zw72vx.jpg\",\"articleSection\":[\"Siyas\u0259t\"],\"inLanguage\":\"az\"},{\"@type\":\"WebPage\",\"@id\":\"https:\\\/\\\/ictimai.az\\\/?p=3668\",\"url\":\"https:\\\/\\\/ictimai.az\\\/?p=3668\",\"name\":\"Vladimir Putinin \u201crus torpaqlar\u0131\u201d mesaj\u0131nda G\u00f6y\u00e7\u0259 v\u0259 Z\u0259ng\u0259zura yer varm\u0131? - \u0130CT\u0130MA\u0130.AZ\",\"isPartOf\":{\"@id\":\"https:\\\/\\\/ictimai.az\\\/#website\"},\"primaryImageOfPage\":{\"@id\":\"https:\\\/\\\/ictimai.az\\\/?p=3668#primaryimage\"},\"image\":{\"@id\":\"https:\\\/\\\/ictimai.az\\\/?p=3668#primaryimage\"},\"thumbnailUrl\":\"https:\\\/\\\/ictimai.az\\\/core\\\/uploads\\\/2020\\\/06\\\/ictimai_25f9f7809af04647041cfb6512845ecb_54i3t8ekuhmc16zw72vx.jpg\",\"datePublished\":\"2020-06-23T13:13:01+00:00\",\"dateModified\":\"2020-06-24T00:09:51+00:00\",\"breadcrumb\":{\"@id\":\"https:\\\/\\\/ictimai.az\\\/?p=3668#breadcrumb\"},\"inLanguage\":\"az\",\"potentialAction\":[{\"@type\":\"ReadAction\",\"target\":[\"https:\\\/\\\/ictimai.az\\\/?p=3668\"]}]},{\"@type\":\"ImageObject\",\"inLanguage\":\"az\",\"@id\":\"https:\\\/\\\/ictimai.az\\\/?p=3668#primaryimage\",\"url\":\"https:\\\/\\\/ictimai.az\\\/core\\\/uploads\\\/2020\\\/06\\\/ictimai_25f9f7809af04647041cfb6512845ecb_54i3t8ekuhmc16zw72vx.jpg\",\"contentUrl\":\"https:\\\/\\\/ictimai.az\\\/core\\\/uploads\\\/2020\\\/06\\\/ictimai_25f9f7809af04647041cfb6512845ecb_54i3t8ekuhmc16zw72vx.jpg\",\"width\":620,\"height\":460},{\"@type\":\"BreadcrumbList\",\"@id\":\"https:\\\/\\\/ictimai.az\\\/?p=3668#breadcrumb\",\"itemListElement\":[{\"@type\":\"ListItem\",\"position\":1,\"name\":\"Home\",\"item\":\"https:\\\/\\\/ictimai.az\\\/\"},{\"@type\":\"ListItem\",\"position\":2,\"name\":\"Vladimir Putinin \u201crus torpaqlar\u0131\u201d mesaj\u0131nda G\u00f6y\u00e7\u0259 v\u0259 Z\u0259ng\u0259zura yer varm\u0131?\"}]},{\"@type\":\"WebSite\",\"@id\":\"https:\\\/\\\/ictimai.az\\\/#website\",\"url\":\"https:\\\/\\\/ictimai.az\\\/\",\"name\":\"\u0130CT\u0130MA\u0130.AZ\",\"description\":\"\",\"publisher\":{\"@id\":\"https:\\\/\\\/ictimai.az\\\/#organization\"},\"potentialAction\":[{\"@type\":\"SearchAction\",\"target\":{\"@type\":\"EntryPoint\",\"urlTemplate\":\"https:\\\/\\\/ictimai.az\\\/?s={search_term_string}\"},\"query-input\":{\"@type\":\"PropertyValueSpecification\",\"valueRequired\":true,\"valueName\":\"search_term_string\"}}],\"inLanguage\":\"az\"},{\"@type\":\"Organization\",\"@id\":\"https:\\\/\\\/ictimai.az\\\/#organization\",\"name\":\"\u0130CT\u0130MA\u0130.AZ\",\"url\":\"https:\\\/\\\/ictimai.az\\\/\",\"logo\":{\"@type\":\"ImageObject\",\"inLanguage\":\"az\",\"@id\":\"https:\\\/\\\/ictimai.az\\\/#\\\/schema\\\/logo\\\/image\\\/\",\"url\":\"https:\\\/\\\/ictimai.az\\\/core\\\/uploads\\\/2026\\\/06\\\/cropped-ictimai_0380d81099c6fe3baae753faceb5481f_p41rg2mzq0uyvextfh3k-768x768-1-3.png\",\"contentUrl\":\"https:\\\/\\\/ictimai.az\\\/core\\\/uploads\\\/2026\\\/06\\\/cropped-ictimai_0380d81099c6fe3baae753faceb5481f_p41rg2mzq0uyvextfh3k-768x768-1-3.png\",\"width\":768,\"height\":768,\"caption\":\"\u0130CT\u0130MA\u0130.AZ\"},\"image\":{\"@id\":\"https:\\\/\\\/ictimai.az\\\/#\\\/schema\\\/logo\\\/image\\\/\"}},{\"@type\":\"Person\",\"@id\":\"https:\\\/\\\/ictimai.az\\\/#\\\/schema\\\/person\\\/1da94bf2c7ab5d83ad349237bec1e6af\",\"name\":\"R\u0259\u015fad Bayramov\",\"image\":{\"@type\":\"ImageObject\",\"inLanguage\":\"az\",\"@id\":\"https:\\\/\\\/secure.gravatar.com\\\/avatar\\\/83c075605ba0a4d35d59726aaad89cfa8008d1f01603342c56f1dd79784491bc?s=96&d=mm&r=g\",\"url\":\"https:\\\/\\\/secure.gravatar.com\\\/avatar\\\/83c075605ba0a4d35d59726aaad89cfa8008d1f01603342c56f1dd79784491bc?s=96&d=mm&r=g\",\"contentUrl\":\"https:\\\/\\\/secure.gravatar.com\\\/avatar\\\/83c075605ba0a4d35d59726aaad89cfa8008d1f01603342c56f1dd79784491bc?s=96&d=mm&r=g\",\"caption\":\"R\u0259\u015fad Bayramov\"},\"sameAs\":[\"https:\\\/\\\/ictimai.az\\\/\"],\"url\":\"https:\\\/\\\/ictimai.az\\\/?author=2\"}]}<\/script>\n<!-- \/ Yoast SEO plugin. -->","yoast_head_json":{"title":"Vladimir Putinin \u201crus torpaqlar\u0131\u201d mesaj\u0131nda G\u00f6y\u00e7\u0259 v\u0259 Z\u0259ng\u0259zura yer varm\u0131? - \u0130CT\u0130MA\u0130.AZ","robots":{"index":"index","follow":"follow","max-snippet":"max-snippet:-1","max-image-preview":"max-image-preview:large","max-video-preview":"max-video-preview:-1"},"canonical":"https:\/\/ictimai.az\/?p=3668","og_locale":"az_AZ","og_type":"article","og_title":"Vladimir Putinin \u201crus torpaqlar\u0131\u201d mesaj\u0131nda G\u00f6y\u00e7\u0259 v\u0259 Z\u0259ng\u0259zura yer varm\u0131? - \u0130CT\u0130MA\u0130.AZ","og_description":"Rusiya prezidenti Vladimir Putin bir ne\u00e7\u0259 g\u00fcn \u0259vv\u0259l Rusiya d\u00f6vl\u0259t televiziyas\u0131na verdiyi m\u00fcsahib\u0259sind\u0259 SSR\u0130\u2013y\u0259 daxil olark\u0259n b\u0259zi ke\u00e7mi\u015f Sovet respublikalar\u0131na Rusiyadan v\u0259 rus xalq\u0131ndan xeyli sayda torpa\u011f\u0131n k\u0259sil\u0259r\u0259k onlara pe\u015fk\u0259\u015f \u00e7\u0259kildiyind\u0259n v\u0259 bu respublikalar SSR\u0130-nin t\u0259rkibind\u0259n bu torpaqlarla birlikd\u0259 \u00e7\u0131xd\u0131\u011f\u0131ndan gileyl\u0259nib. Putin qeyd edib ki, Sovet konstitusiyas\u0131nda SSR\u0130-d\u0259n \u00e7\u0131xma qaydalar\u0131 tam ayd\u0131n olaraq g\u00f6st\u0259rilm\u0259diyind\u0259n, bu [&hellip;]","og_url":"https:\/\/ictimai.az\/?p=3668","og_site_name":"\u0130CT\u0130MA\u0130.AZ","article_published_time":"2020-06-23T13:13:01+00:00","article_modified_time":"2020-06-24T00:09:51+00:00","og_image":[{"width":620,"height":460,"url":"https:\/\/ictimai.az\/core\/uploads\/2020\/06\/ictimai_25f9f7809af04647041cfb6512845ecb_54i3t8ekuhmc16zw72vx.jpg","type":"image\/jpeg"}],"author":"R\u0259\u015fad Bayramov","twitter_card":"summary_large_image","twitter_misc":{"Written by":"R\u0259\u015fad Bayramov","Est. reading time":"4 minutes"},"schema":{"@context":"https:\/\/schema.org","@graph":[{"@type":"Article","@id":"https:\/\/ictimai.az\/?p=3668#article","isPartOf":{"@id":"https:\/\/ictimai.az\/?p=3668"},"author":{"name":"R\u0259\u015fad Bayramov","@id":"https:\/\/ictimai.az\/#\/schema\/person\/1da94bf2c7ab5d83ad349237bec1e6af"},"headline":"Vladimir Putinin \u201crus torpaqlar\u0131\u201d mesaj\u0131nda G\u00f6y\u00e7\u0259 v\u0259 Z\u0259ng\u0259zura yer varm\u0131?","datePublished":"2020-06-23T13:13:01+00:00","dateModified":"2020-06-24T00:09:51+00:00","mainEntityOfPage":{"@id":"https:\/\/ictimai.az\/?p=3668"},"wordCount":863,"publisher":{"@id":"https:\/\/ictimai.az\/#organization"},"image":{"@id":"https:\/\/ictimai.az\/?p=3668#primaryimage"},"thumbnailUrl":"https:\/\/ictimai.az\/core\/uploads\/2020\/06\/ictimai_25f9f7809af04647041cfb6512845ecb_54i3t8ekuhmc16zw72vx.jpg","articleSection":["Siyas\u0259t"],"inLanguage":"az"},{"@type":"WebPage","@id":"https:\/\/ictimai.az\/?p=3668","url":"https:\/\/ictimai.az\/?p=3668","name":"Vladimir Putinin \u201crus torpaqlar\u0131\u201d mesaj\u0131nda G\u00f6y\u00e7\u0259 v\u0259 Z\u0259ng\u0259zura yer varm\u0131? - \u0130CT\u0130MA\u0130.AZ","isPartOf":{"@id":"https:\/\/ictimai.az\/#website"},"primaryImageOfPage":{"@id":"https:\/\/ictimai.az\/?p=3668#primaryimage"},"image":{"@id":"https:\/\/ictimai.az\/?p=3668#primaryimage"},"thumbnailUrl":"https:\/\/ictimai.az\/core\/uploads\/2020\/06\/ictimai_25f9f7809af04647041cfb6512845ecb_54i3t8ekuhmc16zw72vx.jpg","datePublished":"2020-06-23T13:13:01+00:00","dateModified":"2020-06-24T00:09:51+00:00","breadcrumb":{"@id":"https:\/\/ictimai.az\/?p=3668#breadcrumb"},"inLanguage":"az","potentialAction":[{"@type":"ReadAction","target":["https:\/\/ictimai.az\/?p=3668"]}]},{"@type":"ImageObject","inLanguage":"az","@id":"https:\/\/ictimai.az\/?p=3668#primaryimage","url":"https:\/\/ictimai.az\/core\/uploads\/2020\/06\/ictimai_25f9f7809af04647041cfb6512845ecb_54i3t8ekuhmc16zw72vx.jpg","contentUrl":"https:\/\/ictimai.az\/core\/uploads\/2020\/06\/ictimai_25f9f7809af04647041cfb6512845ecb_54i3t8ekuhmc16zw72vx.jpg","width":620,"height":460},{"@type":"BreadcrumbList","@id":"https:\/\/ictimai.az\/?p=3668#breadcrumb","itemListElement":[{"@type":"ListItem","position":1,"name":"Home","item":"https:\/\/ictimai.az\/"},{"@type":"ListItem","position":2,"name":"Vladimir Putinin \u201crus torpaqlar\u0131\u201d mesaj\u0131nda G\u00f6y\u00e7\u0259 v\u0259 Z\u0259ng\u0259zura yer varm\u0131?"}]},{"@type":"WebSite","@id":"https:\/\/ictimai.az\/#website","url":"https:\/\/ictimai.az\/","name":"\u0130CT\u0130MA\u0130.AZ","description":"","publisher":{"@id":"https:\/\/ictimai.az\/#organization"},"potentialAction":[{"@type":"SearchAction","target":{"@type":"EntryPoint","urlTemplate":"https:\/\/ictimai.az\/?s={search_term_string}"},"query-input":{"@type":"PropertyValueSpecification","valueRequired":true,"valueName":"search_term_string"}}],"inLanguage":"az"},{"@type":"Organization","@id":"https:\/\/ictimai.az\/#organization","name":"\u0130CT\u0130MA\u0130.AZ","url":"https:\/\/ictimai.az\/","logo":{"@type":"ImageObject","inLanguage":"az","@id":"https:\/\/ictimai.az\/#\/schema\/logo\/image\/","url":"https:\/\/ictimai.az\/core\/uploads\/2026\/06\/cropped-ictimai_0380d81099c6fe3baae753faceb5481f_p41rg2mzq0uyvextfh3k-768x768-1-3.png","contentUrl":"https:\/\/ictimai.az\/core\/uploads\/2026\/06\/cropped-ictimai_0380d81099c6fe3baae753faceb5481f_p41rg2mzq0uyvextfh3k-768x768-1-3.png","width":768,"height":768,"caption":"\u0130CT\u0130MA\u0130.AZ"},"image":{"@id":"https:\/\/ictimai.az\/#\/schema\/logo\/image\/"}},{"@type":"Person","@id":"https:\/\/ictimai.az\/#\/schema\/person\/1da94bf2c7ab5d83ad349237bec1e6af","name":"R\u0259\u015fad Bayramov","image":{"@type":"ImageObject","inLanguage":"az","@id":"https:\/\/secure.gravatar.com\/avatar\/83c075605ba0a4d35d59726aaad89cfa8008d1f01603342c56f1dd79784491bc?s=96&d=mm&r=g","url":"https:\/\/secure.gravatar.com\/avatar\/83c075605ba0a4d35d59726aaad89cfa8008d1f01603342c56f1dd79784491bc?s=96&d=mm&r=g","contentUrl":"https:\/\/secure.gravatar.com\/avatar\/83c075605ba0a4d35d59726aaad89cfa8008d1f01603342c56f1dd79784491bc?s=96&d=mm&r=g","caption":"R\u0259\u015fad Bayramov"},"sameAs":["https:\/\/ictimai.az\/"],"url":"https:\/\/ictimai.az\/?author=2"}]}},"_links":{"self":[{"href":"https:\/\/ictimai.az\/index.php?rest_route=\/wp\/v2\/posts\/3668","targetHints":{"allow":["GET"]}}],"collection":[{"href":"https:\/\/ictimai.az\/index.php?rest_route=\/wp\/v2\/posts"}],"about":[{"href":"https:\/\/ictimai.az\/index.php?rest_route=\/wp\/v2\/types\/post"}],"author":[{"embeddable":true,"href":"https:\/\/ictimai.az\/index.php?rest_route=\/wp\/v2\/users\/2"}],"replies":[{"embeddable":true,"href":"https:\/\/ictimai.az\/index.php?rest_route=%2Fwp%2Fv2%2Fcomments&post=3668"}],"version-history":[{"count":0,"href":"https:\/\/ictimai.az\/index.php?rest_route=\/wp\/v2\/posts\/3668\/revisions"}],"wp:featuredmedia":[{"embeddable":true,"href":"https:\/\/ictimai.az\/index.php?rest_route=\/wp\/v2\/media\/3669"}],"wp:attachment":[{"href":"https:\/\/ictimai.az\/index.php?rest_route=%2Fwp%2Fv2%2Fmedia&parent=3668"}],"wp:term":[{"taxonomy":"category","embeddable":true,"href":"https:\/\/ictimai.az\/index.php?rest_route=%2Fwp%2Fv2%2Fcategories&post=3668"},{"taxonomy":"post_tag","embeddable":true,"href":"https:\/\/ictimai.az\/index.php?rest_route=%2Fwp%2Fv2%2Ftags&post=3668"}],"curies":[{"name":"wp","href":"https:\/\/api.w.org\/{rel}","templated":true}]}}