{"id":3675,"date":"2020-06-24T12:24:53","date_gmt":"2020-06-24T08:24:53","guid":{"rendered":"https:\/\/ictimai.az\/?p=3675"},"modified":"2020-06-24T20:45:36","modified_gmt":"2020-06-24T16:45:36","slug":"son-deqiqe-bu-selahiyyetler-sehiyye-nazirliyine-verildi","status":"publish","type":"post","link":"https:\/\/ictimai.az\/?p=3675","title":{"rendered":"Son d\u0259qiq\u0259: Bu s\u0259lahiyy\u0259tl\u0259r S\u0259hiyy\u0259 Nazirliyin\u0259 verildi"},"content":{"rendered":"<p><strong>D\u00fcn\u0259n koronavirus infeksiyas\u0131na yoluxmu\u015f \u015f\u0259xsl\u0259r\u0259 ev \u015f\u0259raitind\u0259 ambulator-poliklinik, t\u0259cili v\u0259 t\u0259xir\u0259sal\u0131nmaz tibbi yard\u0131m\u0131n S\u0259hiyy\u0259 Nazirliyi, stasionar m\u00fcalic\u0259nin Tibbi \u018frazi B\u00f6lm\u0259l\u0259rinin \u0130dar\u0259etm\u0259 Birliyi t\u0259r\u0259find\u0259n h\u0259yata ke\u00e7irilm\u0259si bar\u0259d\u0259 m\u0259lumat yay\u0131l\u0131b.<\/strong><\/p>\n<p>S\u0259hiyy\u0259 Nazirliyind\u0259n\u00a0Oxu.Az-\u0131n sor\u011fusuna cavab olaraq bildirilib ki, d\u00f6vl\u0259t tibb m\u00fc\u0259ssis\u0259l\u0259rinin idar\u0259 edilm\u0259si Prezident \u0130lham \u018fliyevin f\u0259rman\u0131 il\u0259 Tibbi \u018frazi B\u00f6lm\u0259l\u0259rinin \u0130dar\u0259etm\u0259 Birliyin\u0259 (T\u018fB\u0130B) h\u0259val\u0259 olunub:<\/p>\n<p>\u201cNazirl\u0259r Kabineti yan\u0131nda operativ q\u0259rargah m\u00fcv\u0259qq\u0259ti olaraq S\u0259hiyy\u0259 Nazirliyin\u0259 Bak\u0131 \u015f\u0259h\u0259rind\u0259ki poliklinikalara metodiki t\u00f6vsiy\u0259l\u0259r verm\u0259yi tap\u015f\u0131r\u0131b\u201d.<\/p>\n<p>\u201cTibbi \u018frazi B\u00f6lm\u0259l\u0259rini \u0130dar\u0259etm\u0259 Birliyi\u201d publik h\u00fcquqi \u015f\u0259xs (bundan sonra \u2013 T\u018fB\u0130B) Az\u0259rbaycan Respublikas\u0131 Prezidentinin 2018-ci il 20 dekabr tarixli 418 n\u00f6mr\u0259li F\u0259rman\u0131na \u0259sas\u0259n yarad\u0131l\u0131b. F\u0259rman\u0131n icras\u0131 m\u0259qs\u0259dil\u0259 12 apreld\u0259 Nazirl\u0259r Kabineti T\u018fB\u0130B-in tabeliyind\u0259ki tibb m\u00fc\u0259ssis\u0259l\u0259rinin siyah\u0131s\u0131n\u0131n t\u0259sdiq edilm\u0259si bar\u0259d\u0259 q\u0259rar q\u0259bul edib. Q\u0259rar 2020-ci ilin yanvar\u0131n 1-d\u0259 q\u00fcvv\u0259y\u0259 min\u0259c\u0259k.<\/p>\n<p>T\u018fB\u0130B-in \u0259sas v\u0259zif\u0259si icbari tibbi s\u0131\u011fortan\u0131n t\u0259tbiqi il\u0259 \u0259laq\u0259dar tibb m\u00fc\u0259ssis\u0259l\u0259rinin idar\u0259edilm\u0259sini v\u0259 bu sah\u0259d\u0259 n\u0259zar\u0259ti h\u0259yata ke\u00e7irm\u0259kdir.<\/p>\n<p>T\u018fB\u0130B-in f\u0259aliyy\u0259tinin \u0259sas m\u0259qs\u0259di tabeliyind\u0259 olan tibb m\u00fc\u0259ssis\u0259l\u0259rind\u0259 \u0259halinin sa\u011flaml\u0131\u011f\u0131n\u0131n qorunmas\u0131 \u00fc\u00e7\u00fcn tibbi xidm\u0259tl\u0259rin t\u0259\u015fkilini t\u0259min etm\u0259kd\u0259n v\u0259 tibbi xidm\u0259tl\u0259rin keyfiyy\u0259tinin y\u00fcks\u0259ldilm\u0259si \u00fc\u00e7\u00fcn t\u0259dbirl\u0259r g\u00f6rm\u0259kd\u0259n ibar\u0259tdir.<\/p>\n<p>Qeyd ed\u0259k ki, bu q\u0259rarla \u00f6lk\u0259d\u0259 sanitariya-epidemioloji v\u0259ziyy\u0259t\u0259 n\u0259zar\u0259t t\u0259dbirl\u0259rinin t\u0259kmill\u0259\u015fdirilm\u0259si v\u0259 koronavirus pandemiyas\u0131 il\u0259 m\u00fcbariz\u0259nin g\u00fccl\u0259ndirilm\u0259si m\u0259qs\u0259dil\u0259 bir s\u0131ra t\u0259dbirl\u0259r icra olunur. H\u0259yata ke\u00e7iril\u0259n n\u00f6vb\u0259ti \u0259h\u0259miyy\u0259tli t\u0259dbirl\u0259rd\u0259n biri d\u0259 yeni n\u00f6v koronavirus (COVID-19) infeksiyas\u0131na yoluxmu\u015f \u015f\u0259xsl\u0259r\u0259 h\u0259m ambulator-poliklinik, t\u0259cili v\u0259 t\u0259xir\u0259sal\u0131nmaz tibbi yard\u0131m\u0131n, h\u0259m d\u0259 stasionar m\u00fcalic\u0259nin keyfiyy\u0259tli g\u00f6st\u0259rilm\u0259si, bu sah\u0259l\u0259r\u0259 ayr\u0131-ayr\u0131l\u0131qda diqq\u0259tin y\u00f6n\u0259ldilm\u0259si v\u0259 prosesl\u0259rin icras\u0131n\u0131n g\u00fccl\u0259ndirilm\u0259sidir.<\/p>\n<p><strong>\u0130ctimai.az\u00a0<\/strong><\/p>\n","protected":false},"excerpt":{"rendered":"<p>D\u00fcn\u0259n koronavirus infeksiyas\u0131na yoluxmu\u015f \u015f\u0259xsl\u0259r\u0259 ev \u015f\u0259raitind\u0259 ambulator-poliklinik, t\u0259cili v\u0259 t\u0259xir\u0259sal\u0131nmaz tibbi yard\u0131m\u0131n S\u0259hiyy\u0259 Nazirliyi, stasionar m\u00fcalic\u0259nin Tibbi \u018frazi B\u00f6lm\u0259l\u0259rinin \u0130dar\u0259etm\u0259 Birliyi t\u0259r\u0259find\u0259n h\u0259yata ke\u00e7irilm\u0259si bar\u0259d\u0259 m\u0259lumat yay\u0131l\u0131b. S\u0259hiyy\u0259 Nazirliyind\u0259n\u00a0Oxu.Az-\u0131n sor\u011fusuna cavab olaraq bildirilib ki, d\u00f6vl\u0259t tibb m\u00fc\u0259ssis\u0259l\u0259rinin idar\u0259 edilm\u0259si Prezident \u0130lham \u018fliyevin f\u0259rman\u0131 il\u0259 Tibbi \u018frazi B\u00f6lm\u0259l\u0259rinin \u0130dar\u0259etm\u0259 Birliyin\u0259 (T\u018fB\u0130B) h\u0259val\u0259 olunub: \u201cNazirl\u0259r Kabineti [&hellip;]<\/p>\n","protected":false},"author":2,"featured_media":3676,"comment_status":"closed","ping_status":"closed","sticky":false,"template":"","format":"standard","meta":{"footnotes":""},"categories":[41],"tags":[],"class_list":["post-3675","post","type-post","status-publish","format-standard","has-post-thumbnail","hentry","category-life"],"yoast_head":"<!-- This site is optimized with the Yoast SEO plugin v28.2 - https:\/\/yoast.com\/product\/yoast-seo-wordpress\/ -->\n<title>Son d\u0259qiq\u0259: Bu s\u0259lahiyy\u0259tl\u0259r S\u0259hiyy\u0259 Nazirliyin\u0259 verildi - \u0130CT\u0130MA\u0130.AZ<\/title>\n<meta name=\"robots\" content=\"index, follow, max-snippet:-1, max-image-preview:large, max-video-preview:-1\" \/>\n<link rel=\"canonical\" href=\"https:\/\/ictimai.az\/?p=3675\" \/>\n<meta property=\"og:locale\" content=\"az_AZ\" \/>\n<meta property=\"og:type\" content=\"article\" \/>\n<meta property=\"og:title\" content=\"Son d\u0259qiq\u0259: Bu s\u0259lahiyy\u0259tl\u0259r S\u0259hiyy\u0259 Nazirliyin\u0259 verildi - \u0130CT\u0130MA\u0130.AZ\" \/>\n<meta property=\"og:description\" content=\"D\u00fcn\u0259n koronavirus infeksiyas\u0131na yoluxmu\u015f \u015f\u0259xsl\u0259r\u0259 ev \u015f\u0259raitind\u0259 ambulator-poliklinik, t\u0259cili v\u0259 t\u0259xir\u0259sal\u0131nmaz tibbi yard\u0131m\u0131n S\u0259hiyy\u0259 Nazirliyi, stasionar m\u00fcalic\u0259nin Tibbi \u018frazi B\u00f6lm\u0259l\u0259rinin \u0130dar\u0259etm\u0259 Birliyi t\u0259r\u0259find\u0259n h\u0259yata ke\u00e7irilm\u0259si bar\u0259d\u0259 m\u0259lumat yay\u0131l\u0131b. S\u0259hiyy\u0259 Nazirliyind\u0259n\u00a0Oxu.Az-\u0131n sor\u011fusuna cavab olaraq bildirilib ki, d\u00f6vl\u0259t tibb m\u00fc\u0259ssis\u0259l\u0259rinin idar\u0259 edilm\u0259si Prezident \u0130lham \u018fliyevin f\u0259rman\u0131 il\u0259 Tibbi \u018frazi B\u00f6lm\u0259l\u0259rinin \u0130dar\u0259etm\u0259 Birliyin\u0259 (T\u018fB\u0130B) h\u0259val\u0259 olunub: \u201cNazirl\u0259r Kabineti [&hellip;]\" \/>\n<meta property=\"og:url\" content=\"https:\/\/ictimai.az\/?p=3675\" \/>\n<meta property=\"og:site_name\" content=\"\u0130CT\u0130MA\u0130.AZ\" \/>\n<meta property=\"article:published_time\" content=\"2020-06-24T08:24:53+00:00\" \/>\n<meta property=\"article:modified_time\" content=\"2020-06-24T16:45:36+00:00\" \/>\n<meta property=\"og:image\" content=\"https:\/\/ictimai.az\/core\/uploads\/2020\/06\/ictimai_60bd3c48a81f2ebca0477312a8998ebe_cvgaork57s1qpb40hf8i.jpg\" \/>\n\t<meta property=\"og:image:width\" content=\"620\" \/>\n\t<meta property=\"og:image:height\" content=\"335\" \/>\n\t<meta property=\"og:image:type\" content=\"image\/jpeg\" \/>\n<meta name=\"author\" content=\"R\u0259\u015fad Bayramov\" \/>\n<meta name=\"twitter:card\" content=\"summary_large_image\" \/>\n<meta name=\"twitter:label1\" content=\"Written by\" \/>\n\t<meta name=\"twitter:data1\" content=\"R\u0259\u015fad Bayramov\" \/>\n\t<meta name=\"twitter:label2\" content=\"Est. reading time\" \/>\n\t<meta name=\"twitter:data2\" content=\"2 minutes\" \/>\n<script type=\"application\/ld+json\" class=\"yoast-schema-graph\">{\"@context\":\"https:\\\/\\\/schema.org\",\"@graph\":[{\"@type\":\"Article\",\"@id\":\"https:\\\/\\\/ictimai.az\\\/?p=3675#article\",\"isPartOf\":{\"@id\":\"https:\\\/\\\/ictimai.az\\\/?p=3675\"},\"author\":{\"name\":\"R\u0259\u015fad Bayramov\",\"@id\":\"https:\\\/\\\/ictimai.az\\\/#\\\/schema\\\/person\\\/1da94bf2c7ab5d83ad349237bec1e6af\"},\"headline\":\"Son d\u0259qiq\u0259: Bu s\u0259lahiyy\u0259tl\u0259r S\u0259hiyy\u0259 Nazirliyin\u0259 verildi\",\"datePublished\":\"2020-06-24T08:24:53+00:00\",\"dateModified\":\"2020-06-24T16:45:36+00:00\",\"mainEntityOfPage\":{\"@id\":\"https:\\\/\\\/ictimai.az\\\/?p=3675\"},\"wordCount\":447,\"publisher\":{\"@id\":\"https:\\\/\\\/ictimai.az\\\/#organization\"},\"image\":{\"@id\":\"https:\\\/\\\/ictimai.az\\\/?p=3675#primaryimage\"},\"thumbnailUrl\":\"https:\\\/\\\/ictimai.az\\\/core\\\/uploads\\\/2020\\\/06\\\/ictimai_60bd3c48a81f2ebca0477312a8998ebe_cvgaork57s1qpb40hf8i.jpg\",\"articleSection\":[\"Sa\u011flaml\u0131q\"],\"inLanguage\":\"az\"},{\"@type\":\"WebPage\",\"@id\":\"https:\\\/\\\/ictimai.az\\\/?p=3675\",\"url\":\"https:\\\/\\\/ictimai.az\\\/?p=3675\",\"name\":\"Son d\u0259qiq\u0259: Bu s\u0259lahiyy\u0259tl\u0259r S\u0259hiyy\u0259 Nazirliyin\u0259 verildi - \u0130CT\u0130MA\u0130.AZ\",\"isPartOf\":{\"@id\":\"https:\\\/\\\/ictimai.az\\\/#website\"},\"primaryImageOfPage\":{\"@id\":\"https:\\\/\\\/ictimai.az\\\/?p=3675#primaryimage\"},\"image\":{\"@id\":\"https:\\\/\\\/ictimai.az\\\/?p=3675#primaryimage\"},\"thumbnailUrl\":\"https:\\\/\\\/ictimai.az\\\/core\\\/uploads\\\/2020\\\/06\\\/ictimai_60bd3c48a81f2ebca0477312a8998ebe_cvgaork57s1qpb40hf8i.jpg\",\"datePublished\":\"2020-06-24T08:24:53+00:00\",\"dateModified\":\"2020-06-24T16:45:36+00:00\",\"breadcrumb\":{\"@id\":\"https:\\\/\\\/ictimai.az\\\/?p=3675#breadcrumb\"},\"inLanguage\":\"az\",\"potentialAction\":[{\"@type\":\"ReadAction\",\"target\":[\"https:\\\/\\\/ictimai.az\\\/?p=3675\"]}]},{\"@type\":\"ImageObject\",\"inLanguage\":\"az\",\"@id\":\"https:\\\/\\\/ictimai.az\\\/?p=3675#primaryimage\",\"url\":\"https:\\\/\\\/ictimai.az\\\/core\\\/uploads\\\/2020\\\/06\\\/ictimai_60bd3c48a81f2ebca0477312a8998ebe_cvgaork57s1qpb40hf8i.jpg\",\"contentUrl\":\"https:\\\/\\\/ictimai.az\\\/core\\\/uploads\\\/2020\\\/06\\\/ictimai_60bd3c48a81f2ebca0477312a8998ebe_cvgaork57s1qpb40hf8i.jpg\",\"width\":620,\"height\":335},{\"@type\":\"BreadcrumbList\",\"@id\":\"https:\\\/\\\/ictimai.az\\\/?p=3675#breadcrumb\",\"itemListElement\":[{\"@type\":\"ListItem\",\"position\":1,\"name\":\"Home\",\"item\":\"https:\\\/\\\/ictimai.az\\\/\"},{\"@type\":\"ListItem\",\"position\":2,\"name\":\"Son d\u0259qiq\u0259: Bu s\u0259lahiyy\u0259tl\u0259r S\u0259hiyy\u0259 Nazirliyin\u0259 verildi\"}]},{\"@type\":\"WebSite\",\"@id\":\"https:\\\/\\\/ictimai.az\\\/#website\",\"url\":\"https:\\\/\\\/ictimai.az\\\/\",\"name\":\"\u0130CT\u0130MA\u0130.AZ\",\"description\":\"\",\"publisher\":{\"@id\":\"https:\\\/\\\/ictimai.az\\\/#organization\"},\"potentialAction\":[{\"@type\":\"SearchAction\",\"target\":{\"@type\":\"EntryPoint\",\"urlTemplate\":\"https:\\\/\\\/ictimai.az\\\/?s={search_term_string}\"},\"query-input\":{\"@type\":\"PropertyValueSpecification\",\"valueRequired\":true,\"valueName\":\"search_term_string\"}}],\"inLanguage\":\"az\"},{\"@type\":\"Organization\",\"@id\":\"https:\\\/\\\/ictimai.az\\\/#organization\",\"name\":\"\u0130CT\u0130MA\u0130.AZ\",\"url\":\"https:\\\/\\\/ictimai.az\\\/\",\"logo\":{\"@type\":\"ImageObject\",\"inLanguage\":\"az\",\"@id\":\"https:\\\/\\\/ictimai.az\\\/#\\\/schema\\\/logo\\\/image\\\/\",\"url\":\"https:\\\/\\\/ictimai.az\\\/core\\\/uploads\\\/2026\\\/06\\\/cropped-ictimai_0380d81099c6fe3baae753faceb5481f_p41rg2mzq0uyvextfh3k-768x768-1-3.png\",\"contentUrl\":\"https:\\\/\\\/ictimai.az\\\/core\\\/uploads\\\/2026\\\/06\\\/cropped-ictimai_0380d81099c6fe3baae753faceb5481f_p41rg2mzq0uyvextfh3k-768x768-1-3.png\",\"width\":768,\"height\":768,\"caption\":\"\u0130CT\u0130MA\u0130.AZ\"},\"image\":{\"@id\":\"https:\\\/\\\/ictimai.az\\\/#\\\/schema\\\/logo\\\/image\\\/\"}},{\"@type\":\"Person\",\"@id\":\"https:\\\/\\\/ictimai.az\\\/#\\\/schema\\\/person\\\/1da94bf2c7ab5d83ad349237bec1e6af\",\"name\":\"R\u0259\u015fad Bayramov\",\"image\":{\"@type\":\"ImageObject\",\"inLanguage\":\"az\",\"@id\":\"https:\\\/\\\/secure.gravatar.com\\\/avatar\\\/83c075605ba0a4d35d59726aaad89cfa8008d1f01603342c56f1dd79784491bc?s=96&d=mm&r=g\",\"url\":\"https:\\\/\\\/secure.gravatar.com\\\/avatar\\\/83c075605ba0a4d35d59726aaad89cfa8008d1f01603342c56f1dd79784491bc?s=96&d=mm&r=g\",\"contentUrl\":\"https:\\\/\\\/secure.gravatar.com\\\/avatar\\\/83c075605ba0a4d35d59726aaad89cfa8008d1f01603342c56f1dd79784491bc?s=96&d=mm&r=g\",\"caption\":\"R\u0259\u015fad Bayramov\"},\"sameAs\":[\"https:\\\/\\\/ictimai.az\\\/\"],\"url\":\"https:\\\/\\\/ictimai.az\\\/?author=2\"}]}<\/script>\n<!-- \/ Yoast SEO plugin. -->","yoast_head_json":{"title":"Son d\u0259qiq\u0259: Bu s\u0259lahiyy\u0259tl\u0259r S\u0259hiyy\u0259 Nazirliyin\u0259 verildi - \u0130CT\u0130MA\u0130.AZ","robots":{"index":"index","follow":"follow","max-snippet":"max-snippet:-1","max-image-preview":"max-image-preview:large","max-video-preview":"max-video-preview:-1"},"canonical":"https:\/\/ictimai.az\/?p=3675","og_locale":"az_AZ","og_type":"article","og_title":"Son d\u0259qiq\u0259: Bu s\u0259lahiyy\u0259tl\u0259r S\u0259hiyy\u0259 Nazirliyin\u0259 verildi - \u0130CT\u0130MA\u0130.AZ","og_description":"D\u00fcn\u0259n koronavirus infeksiyas\u0131na yoluxmu\u015f \u015f\u0259xsl\u0259r\u0259 ev \u015f\u0259raitind\u0259 ambulator-poliklinik, t\u0259cili v\u0259 t\u0259xir\u0259sal\u0131nmaz tibbi yard\u0131m\u0131n S\u0259hiyy\u0259 Nazirliyi, stasionar m\u00fcalic\u0259nin Tibbi \u018frazi B\u00f6lm\u0259l\u0259rinin \u0130dar\u0259etm\u0259 Birliyi t\u0259r\u0259find\u0259n h\u0259yata ke\u00e7irilm\u0259si bar\u0259d\u0259 m\u0259lumat yay\u0131l\u0131b. S\u0259hiyy\u0259 Nazirliyind\u0259n\u00a0Oxu.Az-\u0131n sor\u011fusuna cavab olaraq bildirilib ki, d\u00f6vl\u0259t tibb m\u00fc\u0259ssis\u0259l\u0259rinin idar\u0259 edilm\u0259si Prezident \u0130lham \u018fliyevin f\u0259rman\u0131 il\u0259 Tibbi \u018frazi B\u00f6lm\u0259l\u0259rinin \u0130dar\u0259etm\u0259 Birliyin\u0259 (T\u018fB\u0130B) h\u0259val\u0259 olunub: \u201cNazirl\u0259r Kabineti [&hellip;]","og_url":"https:\/\/ictimai.az\/?p=3675","og_site_name":"\u0130CT\u0130MA\u0130.AZ","article_published_time":"2020-06-24T08:24:53+00:00","article_modified_time":"2020-06-24T16:45:36+00:00","og_image":[{"width":620,"height":335,"url":"https:\/\/ictimai.az\/core\/uploads\/2020\/06\/ictimai_60bd3c48a81f2ebca0477312a8998ebe_cvgaork57s1qpb40hf8i.jpg","type":"image\/jpeg"}],"author":"R\u0259\u015fad Bayramov","twitter_card":"summary_large_image","twitter_misc":{"Written by":"R\u0259\u015fad Bayramov","Est. reading time":"2 minutes"},"schema":{"@context":"https:\/\/schema.org","@graph":[{"@type":"Article","@id":"https:\/\/ictimai.az\/?p=3675#article","isPartOf":{"@id":"https:\/\/ictimai.az\/?p=3675"},"author":{"name":"R\u0259\u015fad Bayramov","@id":"https:\/\/ictimai.az\/#\/schema\/person\/1da94bf2c7ab5d83ad349237bec1e6af"},"headline":"Son d\u0259qiq\u0259: Bu s\u0259lahiyy\u0259tl\u0259r S\u0259hiyy\u0259 Nazirliyin\u0259 verildi","datePublished":"2020-06-24T08:24:53+00:00","dateModified":"2020-06-24T16:45:36+00:00","mainEntityOfPage":{"@id":"https:\/\/ictimai.az\/?p=3675"},"wordCount":447,"publisher":{"@id":"https:\/\/ictimai.az\/#organization"},"image":{"@id":"https:\/\/ictimai.az\/?p=3675#primaryimage"},"thumbnailUrl":"https:\/\/ictimai.az\/core\/uploads\/2020\/06\/ictimai_60bd3c48a81f2ebca0477312a8998ebe_cvgaork57s1qpb40hf8i.jpg","articleSection":["Sa\u011flaml\u0131q"],"inLanguage":"az"},{"@type":"WebPage","@id":"https:\/\/ictimai.az\/?p=3675","url":"https:\/\/ictimai.az\/?p=3675","name":"Son d\u0259qiq\u0259: Bu s\u0259lahiyy\u0259tl\u0259r S\u0259hiyy\u0259 Nazirliyin\u0259 verildi - \u0130CT\u0130MA\u0130.AZ","isPartOf":{"@id":"https:\/\/ictimai.az\/#website"},"primaryImageOfPage":{"@id":"https:\/\/ictimai.az\/?p=3675#primaryimage"},"image":{"@id":"https:\/\/ictimai.az\/?p=3675#primaryimage"},"thumbnailUrl":"https:\/\/ictimai.az\/core\/uploads\/2020\/06\/ictimai_60bd3c48a81f2ebca0477312a8998ebe_cvgaork57s1qpb40hf8i.jpg","datePublished":"2020-06-24T08:24:53+00:00","dateModified":"2020-06-24T16:45:36+00:00","breadcrumb":{"@id":"https:\/\/ictimai.az\/?p=3675#breadcrumb"},"inLanguage":"az","potentialAction":[{"@type":"ReadAction","target":["https:\/\/ictimai.az\/?p=3675"]}]},{"@type":"ImageObject","inLanguage":"az","@id":"https:\/\/ictimai.az\/?p=3675#primaryimage","url":"https:\/\/ictimai.az\/core\/uploads\/2020\/06\/ictimai_60bd3c48a81f2ebca0477312a8998ebe_cvgaork57s1qpb40hf8i.jpg","contentUrl":"https:\/\/ictimai.az\/core\/uploads\/2020\/06\/ictimai_60bd3c48a81f2ebca0477312a8998ebe_cvgaork57s1qpb40hf8i.jpg","width":620,"height":335},{"@type":"BreadcrumbList","@id":"https:\/\/ictimai.az\/?p=3675#breadcrumb","itemListElement":[{"@type":"ListItem","position":1,"name":"Home","item":"https:\/\/ictimai.az\/"},{"@type":"ListItem","position":2,"name":"Son d\u0259qiq\u0259: Bu s\u0259lahiyy\u0259tl\u0259r S\u0259hiyy\u0259 Nazirliyin\u0259 verildi"}]},{"@type":"WebSite","@id":"https:\/\/ictimai.az\/#website","url":"https:\/\/ictimai.az\/","name":"\u0130CT\u0130MA\u0130.AZ","description":"","publisher":{"@id":"https:\/\/ictimai.az\/#organization"},"potentialAction":[{"@type":"SearchAction","target":{"@type":"EntryPoint","urlTemplate":"https:\/\/ictimai.az\/?s={search_term_string}"},"query-input":{"@type":"PropertyValueSpecification","valueRequired":true,"valueName":"search_term_string"}}],"inLanguage":"az"},{"@type":"Organization","@id":"https:\/\/ictimai.az\/#organization","name":"\u0130CT\u0130MA\u0130.AZ","url":"https:\/\/ictimai.az\/","logo":{"@type":"ImageObject","inLanguage":"az","@id":"https:\/\/ictimai.az\/#\/schema\/logo\/image\/","url":"https:\/\/ictimai.az\/core\/uploads\/2026\/06\/cropped-ictimai_0380d81099c6fe3baae753faceb5481f_p41rg2mzq0uyvextfh3k-768x768-1-3.png","contentUrl":"https:\/\/ictimai.az\/core\/uploads\/2026\/06\/cropped-ictimai_0380d81099c6fe3baae753faceb5481f_p41rg2mzq0uyvextfh3k-768x768-1-3.png","width":768,"height":768,"caption":"\u0130CT\u0130MA\u0130.AZ"},"image":{"@id":"https:\/\/ictimai.az\/#\/schema\/logo\/image\/"}},{"@type":"Person","@id":"https:\/\/ictimai.az\/#\/schema\/person\/1da94bf2c7ab5d83ad349237bec1e6af","name":"R\u0259\u015fad Bayramov","image":{"@type":"ImageObject","inLanguage":"az","@id":"https:\/\/secure.gravatar.com\/avatar\/83c075605ba0a4d35d59726aaad89cfa8008d1f01603342c56f1dd79784491bc?s=96&d=mm&r=g","url":"https:\/\/secure.gravatar.com\/avatar\/83c075605ba0a4d35d59726aaad89cfa8008d1f01603342c56f1dd79784491bc?s=96&d=mm&r=g","contentUrl":"https:\/\/secure.gravatar.com\/avatar\/83c075605ba0a4d35d59726aaad89cfa8008d1f01603342c56f1dd79784491bc?s=96&d=mm&r=g","caption":"R\u0259\u015fad Bayramov"},"sameAs":["https:\/\/ictimai.az\/"],"url":"https:\/\/ictimai.az\/?author=2"}]}},"_links":{"self":[{"href":"https:\/\/ictimai.az\/index.php?rest_route=\/wp\/v2\/posts\/3675","targetHints":{"allow":["GET"]}}],"collection":[{"href":"https:\/\/ictimai.az\/index.php?rest_route=\/wp\/v2\/posts"}],"about":[{"href":"https:\/\/ictimai.az\/index.php?rest_route=\/wp\/v2\/types\/post"}],"author":[{"embeddable":true,"href":"https:\/\/ictimai.az\/index.php?rest_route=\/wp\/v2\/users\/2"}],"replies":[{"embeddable":true,"href":"https:\/\/ictimai.az\/index.php?rest_route=%2Fwp%2Fv2%2Fcomments&post=3675"}],"version-history":[{"count":0,"href":"https:\/\/ictimai.az\/index.php?rest_route=\/wp\/v2\/posts\/3675\/revisions"}],"wp:featuredmedia":[{"embeddable":true,"href":"https:\/\/ictimai.az\/index.php?rest_route=\/wp\/v2\/media\/3676"}],"wp:attachment":[{"href":"https:\/\/ictimai.az\/index.php?rest_route=%2Fwp%2Fv2%2Fmedia&parent=3675"}],"wp:term":[{"taxonomy":"category","embeddable":true,"href":"https:\/\/ictimai.az\/index.php?rest_route=%2Fwp%2Fv2%2Fcategories&post=3675"},{"taxonomy":"post_tag","embeddable":true,"href":"https:\/\/ictimai.az\/index.php?rest_route=%2Fwp%2Fv2%2Ftags&post=3675"}],"curies":[{"name":"wp","href":"https:\/\/api.w.org\/{rel}","templated":true}]}}