{"id":3746,"date":"2020-06-26T13:46:35","date_gmt":"2020-06-26T09:46:35","guid":{"rendered":"https:\/\/ictimai.az\/?p=3746"},"modified":"2020-06-27T02:30:01","modified_gmt":"2020-06-26T22:30:01","slug":"26-iyun-azerbaycan-respublikasi-silahli-quvveler-gunu-munasibeti-ile-onlayn-bayram-tedbiri-kecirilib-fotolar","status":"publish","type":"post","link":"https:\/\/ictimai.az\/?p=3746","title":{"rendered":"26 iyun\u2013Az\u0259rbaycan Respublikas\u0131 Silahl\u0131 Q\u00fcvv\u0259l\u0259r g\u00fcn\u00fc&#8221; m\u00fcnasib\u0259ti il\u0259 onlayn bayram t\u0259dbiri ke\u00e7irilib &#8211; Fotolar"},"content":{"rendered":"<p>&#8220;<strong>26 iyun\u2013Az\u0259rbaycan Respublikas\u0131 Silahl\u0131 Q\u00fcvv\u0259l\u0259r g\u00fcn\u00fc&#8221; m\u00fcnasib\u0259ti il\u0259 onlayn bayram t\u0259dbiri ke\u00e7irilmi\u015fdir.<\/strong><\/p>\n<p>25 iyun 2020-ci il tarixd\u0259 N\u0259rimanov Rayon G\u0259ncl\u0259r v\u0259 \u0130dman \u0130dar\u0259sinin v\u0259 &#8220;Airmixes&#8221;in birg\u0259 t\u0259\u015fkilat\u00e7\u0131l\u0131\u011f\u0131 il\u0259 &#8220;26 iyun\u2013Az\u0259rbaycan Respublikas\u0131 Silahl\u0131 Q\u00fcvv\u0259l\u0259r g\u00fcn\u00fc&#8221; m\u00fcnasib\u0259ti il\u0259 onlayn bayram t\u0259dbiri ke\u00e7irilmi\u015fdir.<br \/>\nT\u0259dbird\u0259 N\u0259rimanov Rayon G\u0259ncl\u0259r v\u0259 \u0130dman \u0130dar\u0259sinin r\u0259isi N\u0259c\u0259f Novruzov, Az\u0259rbaycan Kooperasiya Universitetinin M\u0259tbuat v\u0259 \u0130ctimai \u0130\u015fl\u0259r Xidm\u0259tinin r\u0259hb\u0259ri Tamerlan \u018fkb\u0259rov, AzTV-nin &#8220;\u018fsas m\u0259s\u0259l\u0259&#8221; verli\u015fin apar\u0131c\u0131s\u0131 v\u0259 m\u0259tbuat katibi R\u00fcf\u0259t Rzayev, &#8220;Az\u0259rbaycan \u018flil Velosiped\u00e7il\u0259r\u0259 D\u0259st\u0259k&#8221; \u0130ctimai Birliyinin s\u0259dri Amid H\u0259s\u0259nquliyev, N\u0259rimanov B\u0259l\u0259diyy\u0259sinin s\u0259dr m\u00fcavini V\u00fcsal C\u0259f\u0259rli, X\u0131z\u0131 rayon YAP G\u0259ncl\u0259r Birliyinin s\u0259dri \u0130man A\u011fayev, Qarada\u011f rayon YAP G\u0259ncl\u0259r Birliyinin s\u0259dri S\u0259id M\u0259mm\u0259dzad\u0259, T\u00fcrkiy\u0259-Az\u0259rbaycan g\u0259ncl\u0259ri qurumunun r\u0259hb\u0259ri R\u0259\u015fid H\u0259s\u0259n Mustafazad\u0259, D\u00fcnya Yadda\u015f Federasiyas\u0131n\u0131n Az\u0259rbaycan t\u0259msil\u00e7isi, Utrain \u015e\u0259xsi \u0130nki\u015faf M\u0259rk\u0259zinin r\u0259hb\u0259ri Mir\u015fahin \u018flizad\u0259, Loqos Psixoloji Xidm\u0259t v\u0259 T\u0259dqiqatlar M\u0259rk\u0259zi \u0130ctimai Birliyinin Regionlarla i\u015f \u015f\u00f6b\u0259sinin r\u0259hb\u0259ri \u00dcmid\u0259 R\u0259himova, \u0130mi\u015fli rayon YAP G\u0259ncl\u0259r Birliyinin s\u0259dr muavini Malik A\u011fazad\u0259, &#8220;AirMix&#8221; grup k\u00f6n\u00fcll\u00fcl\u0259r \u00fczr\u0259 s\u0259dri X\u0259yal\u0259 H\u0259s\u0259nova, ali v\u0259 orta ixtisas t\u0259hsil m\u00fc\u0259ssis\u0259l\u0259rinin t\u0259l\u0259b\u0259-g\u0259ncl\u0259r t\u0259\u015fkilatlar\u0131n\u0131n s\u0259dr, m\u00fcavinl\u0259ri v\u0259 f\u0259al g\u0259ncl\u0259r i\u015ftirak etmi\u015fl\u0259r.<br \/>\nT\u0259dbird\u0259 \u00e7\u0131x\u0131\u015f ed\u0259nl\u0259r t\u0259dbir i\u015ftirak\u00e7\u0131lar\u0131n\u0131 Silahl\u0131 Q\u00fcvv\u0259l\u0259r G\u00fcn\u00fc m\u00fcnasib\u0259ti il\u0259 t\u0259brik edib v\u0259 Ulu \u00f6nd\u0259r Heyd\u0259r \u018fliyevin 1998-ci il may\u0131n 22-d\u0259 imzalad\u0131\u011f\u0131 F\u0259rmanla 26 iyun tarixinin Silahl\u0131 Q\u00fcvv\u0259l\u0259r g\u00fcn\u00fc elan edildiyini vur\u011fulayaraq Az\u0259rbaycanda g\u00fccl\u00fc, q\u00fcdr\u0259tli v\u0259 y\u00fcks\u0259k d\u00f6y\u00fc\u015f haz\u0131rl\u0131\u011f\u0131na malik ordu yarad\u0131lmas\u0131n\u0131n \u00dcmummilli Liderin ad\u0131 il\u0259 ba\u011fl\u0131 oldu\u011funu bildiribl\u0259r. Natiql\u0259r Az\u0259rbaycan ordusunun yaranma tarixi bar\u0259d\u0259 dan\u0131\u015faraq 1918-ci il 26 iyun tarixli f\u0259rmanla yarad\u0131lm\u0131\u015f Az\u0259rbaycan Milli Ordusunun q\u0131sa m\u00fcdd\u0259td\u0259 Osmanl\u0131 d\u00f6vl\u0259tinin Qafqaz \u0130slam Ordusu il\u0259 birlikd\u0259 Bak\u0131n\u0131 v\u0259 \u0259traf q\u0259zalar\u0131 erm\u0259ni-bol\u015fevik i\u015f\u011fal\u0131ndan xilas etdiyini bildirdil\u0259r. 1920-ci ilin aprelind\u0259 Az\u0259rbaycan\u0131n Sovet i\u015f\u011fal\u0131ndan sonra milli ordusunun l\u0259\u011fv edilm\u0259si, yaln\u0131z Az\u0259rbaycan\u0131n d\u00f6vl\u0259t m\u00fcst\u0259qilliyinin b\u0259rpas\u0131ndan sonra, 1991-ci il oktyabr\u0131n 9-da Az\u0259rbaycan Respublikas\u0131n\u0131n Ali Sovetind\u0259 milli ordunun yarad\u0131lmas\u0131 haqq\u0131nda q\u0259rar\u0131n q\u0259bul edilm\u0259si, Prezident Heyd\u0259r \u018fliyevin 22 may 1998-ci il tarixli S\u0259r\u0259ncam\u0131na \u0259sas\u0259n, \u018flahidd\u0259 Az\u0259rbaycan Korpusunun yarand\u0131\u011f\u0131 g\u00fcn \u2013 26 iyunun Az\u0259rbaycan Respublikas\u0131n\u0131n Silahl\u0131 Q\u00fcvv\u0259l\u0259r G\u00fcn\u00fc elan olunmas\u0131 v\u0259 h\u0259r il bu tarixin r\u0259smi d\u00f6vl\u0259t bayram\u0131 kimi qeyd edilm\u0259si bar\u0259d\u0259 dan\u0131\u015fd\u0131lar. Az\u0259rbaycan Respublikas\u0131n\u0131n Prezidenti, Ali Ba\u015f Komandan \u0130lham \u018fliyevin h\u0259yata ke\u00e7irdiyi t\u0259dbirl\u0259r say\u0259sind\u0259 silahl\u0131 q\u00fcvv\u0259l\u0259r modernl\u0259\u015fdirilib v\u0259 b\u00f6lg\u0259nin \u0259n g\u00fccl\u00fc ordusuna \u00e7evrilib. Bu g\u00fcn Az\u0259rbaycan ordusu Ali Ba\u015f Komandan\u0131n \u0259mri il\u0259 \u00f6lk\u0259mizin \u0259razi b\u00fct\u00f6vl\u00fcy\u00fcn\u00fc b\u0259rpa etm\u0259k q\u00fcdr\u0259tin\u0259 malikdir.<br \/>\nOnlayn t\u0259dbirin sonunda m\u00fc\u011f\u0259nni Cavid H\u00fcseynov v\u0259t\u0259np\u0259rv\u0259r mahn\u0131lar ifa ed\u0259r\u0259k t\u0259dbir i\u015ftirak\u00e7\u0131lar\u0131na xo\u015f \u0259hval-ruhiyy\u0259 b\u0259x\u015f etdi.<\/p>\n<p><strong>\u0130ctimai.az\u00a0<\/strong><\/p>\n<p><img loading=\"lazy\" decoding=\"async\" class=\"alignnone size-medium wp-image-3750\" src=\"https:\/\/ictimai.az\/core\/uploads\/2020\/06\/ictimai_336a5c70c2b5245b11d2a250d2320fd2_tf0vob1wp6mhg72c5y3q-300x229.jpg\" alt=\"\" width=\"300\" height=\"229\" srcset=\"https:\/\/ictimai.az\/core\/uploads\/2020\/06\/ictimai_336a5c70c2b5245b11d2a250d2320fd2_tf0vob1wp6mhg72c5y3q-300x229.jpg 300w, https:\/\/ictimai.az\/core\/uploads\/2020\/06\/ictimai_336a5c70c2b5245b11d2a250d2320fd2_tf0vob1wp6mhg72c5y3q-1024x782.jpg 1024w, https:\/\/ictimai.az\/core\/uploads\/2020\/06\/ictimai_336a5c70c2b5245b11d2a250d2320fd2_tf0vob1wp6mhg72c5y3q-768x587.jpg 768w, https:\/\/ictimai.az\/core\/uploads\/2020\/06\/ictimai_336a5c70c2b5245b11d2a250d2320fd2_tf0vob1wp6mhg72c5y3q.jpg 1080w\" sizes=\"auto, (max-width: 300px) 100vw, 300px\" \/><\/p>\n<p><img loading=\"lazy\" decoding=\"async\" class=\"alignnone size-medium wp-image-3747\" src=\"https:\/\/ictimai.az\/core\/uploads\/2020\/06\/ictimai_1d391892fbe90eb2b0fd5e6b86f3bfdf_e2n9ph0flixqwsoa3mrt-300x226.jpg\" alt=\"\" width=\"300\" height=\"226\" srcset=\"https:\/\/ictimai.az\/core\/uploads\/2020\/06\/ictimai_1d391892fbe90eb2b0fd5e6b86f3bfdf_e2n9ph0flixqwsoa3mrt-300x225.jpg 300w, https:\/\/ictimai.az\/core\/uploads\/2020\/06\/ictimai_1d391892fbe90eb2b0fd5e6b86f3bfdf_e2n9ph0flixqwsoa3mrt-1024x772.jpg 1024w, https:\/\/ictimai.az\/core\/uploads\/2020\/06\/ictimai_1d391892fbe90eb2b0fd5e6b86f3bfdf_e2n9ph0flixqwsoa3mrt-768x579.jpg 768w, https:\/\/ictimai.az\/core\/uploads\/2020\/06\/ictimai_1d391892fbe90eb2b0fd5e6b86f3bfdf_e2n9ph0flixqwsoa3mrt.jpg 1080w\" sizes=\"auto, (max-width: 300px) 100vw, 300px\" \/><\/p>\n<p><img loading=\"lazy\" decoding=\"async\" class=\"alignnone size-medium wp-image-3748\" src=\"https:\/\/ictimai.az\/core\/uploads\/2020\/06\/ictimai_a9292182a2f6daf156c539b2ebcdfacc_9x8t15s3fgi0qyljbhnu-300x206.jpg\" alt=\"\" width=\"300\" height=\"206\" srcset=\"https:\/\/ictimai.az\/core\/uploads\/2020\/06\/ictimai_a9292182a2f6daf156c539b2ebcdfacc_9x8t15s3fgi0qyljbhnu-300x206.jpg 300w, https:\/\/ictimai.az\/core\/uploads\/2020\/06\/ictimai_a9292182a2f6daf156c539b2ebcdfacc_9x8t15s3fgi0qyljbhnu-1024x704.jpg 1024w, https:\/\/ictimai.az\/core\/uploads\/2020\/06\/ictimai_a9292182a2f6daf156c539b2ebcdfacc_9x8t15s3fgi0qyljbhnu-768x528.jpg 768w, https:\/\/ictimai.az\/core\/uploads\/2020\/06\/ictimai_a9292182a2f6daf156c539b2ebcdfacc_9x8t15s3fgi0qyljbhnu.jpg 1074w\" sizes=\"auto, (max-width: 300px) 100vw, 300px\" \/><\/p>\n<p><img loading=\"lazy\" decoding=\"async\" class=\"alignnone size-medium wp-image-3749\" src=\"https:\/\/ictimai.az\/core\/uploads\/2020\/06\/ictimai_7889a9200e0076776f4263bc5046c5d8_au7y4e360nm9hpjlvf2i-300x235.jpg\" alt=\"\" width=\"300\" height=\"235\" srcset=\"https:\/\/ictimai.az\/core\/uploads\/2020\/06\/ictimai_7889a9200e0076776f4263bc5046c5d8_au7y4e360nm9hpjlvf2i-300x235.jpg 300w, https:\/\/ictimai.az\/core\/uploads\/2020\/06\/ictimai_7889a9200e0076776f4263bc5046c5d8_au7y4e360nm9hpjlvf2i-768x600.jpg 768w, https:\/\/ictimai.az\/core\/uploads\/2020\/06\/ictimai_7889a9200e0076776f4263bc5046c5d8_au7y4e360nm9hpjlvf2i.jpg 999w\" sizes=\"auto, (max-width: 300px) 100vw, 300px\" \/><\/p>\n<p>&nbsp;<\/p>\n","protected":false},"excerpt":{"rendered":"<p>&#8220;26 iyun\u2013Az\u0259rbaycan Respublikas\u0131 Silahl\u0131 Q\u00fcvv\u0259l\u0259r g\u00fcn\u00fc&#8221; m\u00fcnasib\u0259ti il\u0259 onlayn bayram t\u0259dbiri ke\u00e7irilmi\u015fdir. 25 iyun 2020-ci il tarixd\u0259 N\u0259rimanov Rayon G\u0259ncl\u0259r v\u0259 \u0130dman \u0130dar\u0259sinin v\u0259 &#8220;Airmixes&#8221;in birg\u0259 t\u0259\u015fkilat\u00e7\u0131l\u0131\u011f\u0131 il\u0259 &#8220;26 iyun\u2013Az\u0259rbaycan Respublikas\u0131 Silahl\u0131 Q\u00fcvv\u0259l\u0259r g\u00fcn\u00fc&#8221; m\u00fcnasib\u0259ti il\u0259 onlayn bayram t\u0259dbiri ke\u00e7irilmi\u015fdir. T\u0259dbird\u0259 N\u0259rimanov Rayon G\u0259ncl\u0259r v\u0259 \u0130dman \u0130dar\u0259sinin r\u0259isi N\u0259c\u0259f Novruzov, Az\u0259rbaycan Kooperasiya Universitetinin M\u0259tbuat v\u0259 [&hellip;]<\/p>\n","protected":false},"author":2,"featured_media":3748,"comment_status":"closed","ping_status":"closed","sticky":false,"template":"","format":"standard","meta":{"footnotes":""},"categories":[50],"tags":[],"class_list":["post-3746","post","type-post","status-publish","format-standard","has-post-thumbnail","hentry","category-youth"],"yoast_head":"<!-- This site is optimized with the Yoast SEO plugin v28.2 - https:\/\/yoast.com\/product\/yoast-seo-wordpress\/ -->\n<title>26 iyun\u2013Az\u0259rbaycan Respublikas\u0131 Silahl\u0131 Q\u00fcvv\u0259l\u0259r g\u00fcn\u00fc&quot; m\u00fcnasib\u0259ti il\u0259 onlayn bayram t\u0259dbiri ke\u00e7irilib - Fotolar - \u0130CT\u0130MA\u0130.AZ<\/title>\n<meta name=\"robots\" content=\"index, follow, max-snippet:-1, max-image-preview:large, max-video-preview:-1\" \/>\n<link rel=\"canonical\" href=\"https:\/\/ictimai.az\/?p=3746\" \/>\n<meta property=\"og:locale\" content=\"az_AZ\" \/>\n<meta property=\"og:type\" content=\"article\" \/>\n<meta property=\"og:title\" content=\"26 iyun\u2013Az\u0259rbaycan Respublikas\u0131 Silahl\u0131 Q\u00fcvv\u0259l\u0259r g\u00fcn\u00fc&quot; m\u00fcnasib\u0259ti il\u0259 onlayn bayram t\u0259dbiri ke\u00e7irilib - Fotolar - \u0130CT\u0130MA\u0130.AZ\" \/>\n<meta property=\"og:description\" content=\"&#8220;26 iyun\u2013Az\u0259rbaycan Respublikas\u0131 Silahl\u0131 Q\u00fcvv\u0259l\u0259r g\u00fcn\u00fc&#8221; m\u00fcnasib\u0259ti il\u0259 onlayn bayram t\u0259dbiri ke\u00e7irilmi\u015fdir. 25 iyun 2020-ci il tarixd\u0259 N\u0259rimanov Rayon G\u0259ncl\u0259r v\u0259 \u0130dman \u0130dar\u0259sinin v\u0259 &#8220;Airmixes&#8221;in birg\u0259 t\u0259\u015fkilat\u00e7\u0131l\u0131\u011f\u0131 il\u0259 &#8220;26 iyun\u2013Az\u0259rbaycan Respublikas\u0131 Silahl\u0131 Q\u00fcvv\u0259l\u0259r g\u00fcn\u00fc&#8221; m\u00fcnasib\u0259ti il\u0259 onlayn bayram t\u0259dbiri ke\u00e7irilmi\u015fdir. T\u0259dbird\u0259 N\u0259rimanov Rayon G\u0259ncl\u0259r v\u0259 \u0130dman \u0130dar\u0259sinin r\u0259isi N\u0259c\u0259f Novruzov, Az\u0259rbaycan Kooperasiya Universitetinin M\u0259tbuat v\u0259 [&hellip;]\" \/>\n<meta property=\"og:url\" content=\"https:\/\/ictimai.az\/?p=3746\" \/>\n<meta property=\"og:site_name\" content=\"\u0130CT\u0130MA\u0130.AZ\" \/>\n<meta property=\"article:published_time\" content=\"2020-06-26T09:46:35+00:00\" \/>\n<meta property=\"article:modified_time\" content=\"2020-06-26T22:30:01+00:00\" \/>\n<meta property=\"og:image\" content=\"https:\/\/ictimai.az\/core\/uploads\/2020\/06\/ictimai_a9292182a2f6daf156c539b2ebcdfacc_9x8t15s3fgi0qyljbhnu.jpg\" \/>\n\t<meta property=\"og:image:width\" content=\"1074\" \/>\n\t<meta property=\"og:image:height\" content=\"738\" \/>\n\t<meta property=\"og:image:type\" content=\"image\/jpeg\" \/>\n<meta name=\"author\" content=\"R\u0259\u015fad Bayramov\" \/>\n<meta name=\"twitter:card\" content=\"summary_large_image\" \/>\n<meta name=\"twitter:label1\" content=\"Written by\" \/>\n\t<meta name=\"twitter:data1\" content=\"R\u0259\u015fad Bayramov\" \/>\n\t<meta name=\"twitter:label2\" content=\"Est. reading time\" \/>\n\t<meta name=\"twitter:data2\" content=\"3 minutes\" \/>\n<script type=\"application\/ld+json\" class=\"yoast-schema-graph\">{\"@context\":\"https:\\\/\\\/schema.org\",\"@graph\":[{\"@type\":\"Article\",\"@id\":\"https:\\\/\\\/ictimai.az\\\/?p=3746#article\",\"isPartOf\":{\"@id\":\"https:\\\/\\\/ictimai.az\\\/?p=3746\"},\"author\":{\"name\":\"R\u0259\u015fad Bayramov\",\"@id\":\"https:\\\/\\\/ictimai.az\\\/#\\\/schema\\\/person\\\/1da94bf2c7ab5d83ad349237bec1e6af\"},\"headline\":\"26 iyun\u2013Az\u0259rbaycan Respublikas\u0131 Silahl\u0131 Q\u00fcvv\u0259l\u0259r g\u00fcn\u00fc&#8221; m\u00fcnasib\u0259ti il\u0259 onlayn bayram t\u0259dbiri ke\u00e7irilib &#8211; Fotolar\",\"datePublished\":\"2020-06-26T09:46:35+00:00\",\"dateModified\":\"2020-06-26T22:30:01+00:00\",\"mainEntityOfPage\":{\"@id\":\"https:\\\/\\\/ictimai.az\\\/?p=3746\"},\"wordCount\":681,\"publisher\":{\"@id\":\"https:\\\/\\\/ictimai.az\\\/#organization\"},\"image\":{\"@id\":\"https:\\\/\\\/ictimai.az\\\/?p=3746#primaryimage\"},\"thumbnailUrl\":\"https:\\\/\\\/ictimai.az\\\/core\\\/uploads\\\/2020\\\/06\\\/ictimai_a9292182a2f6daf156c539b2ebcdfacc_9x8t15s3fgi0qyljbhnu.jpg\",\"articleSection\":[\"G\u0259nclik\"],\"inLanguage\":\"az\"},{\"@type\":\"WebPage\",\"@id\":\"https:\\\/\\\/ictimai.az\\\/?p=3746\",\"url\":\"https:\\\/\\\/ictimai.az\\\/?p=3746\",\"name\":\"26 iyun\u2013Az\u0259rbaycan Respublikas\u0131 Silahl\u0131 Q\u00fcvv\u0259l\u0259r g\u00fcn\u00fc\\\" m\u00fcnasib\u0259ti il\u0259 onlayn bayram t\u0259dbiri ke\u00e7irilib - Fotolar - \u0130CT\u0130MA\u0130.AZ\",\"isPartOf\":{\"@id\":\"https:\\\/\\\/ictimai.az\\\/#website\"},\"primaryImageOfPage\":{\"@id\":\"https:\\\/\\\/ictimai.az\\\/?p=3746#primaryimage\"},\"image\":{\"@id\":\"https:\\\/\\\/ictimai.az\\\/?p=3746#primaryimage\"},\"thumbnailUrl\":\"https:\\\/\\\/ictimai.az\\\/core\\\/uploads\\\/2020\\\/06\\\/ictimai_a9292182a2f6daf156c539b2ebcdfacc_9x8t15s3fgi0qyljbhnu.jpg\",\"datePublished\":\"2020-06-26T09:46:35+00:00\",\"dateModified\":\"2020-06-26T22:30:01+00:00\",\"breadcrumb\":{\"@id\":\"https:\\\/\\\/ictimai.az\\\/?p=3746#breadcrumb\"},\"inLanguage\":\"az\",\"potentialAction\":[{\"@type\":\"ReadAction\",\"target\":[\"https:\\\/\\\/ictimai.az\\\/?p=3746\"]}]},{\"@type\":\"ImageObject\",\"inLanguage\":\"az\",\"@id\":\"https:\\\/\\\/ictimai.az\\\/?p=3746#primaryimage\",\"url\":\"https:\\\/\\\/ictimai.az\\\/core\\\/uploads\\\/2020\\\/06\\\/ictimai_a9292182a2f6daf156c539b2ebcdfacc_9x8t15s3fgi0qyljbhnu.jpg\",\"contentUrl\":\"https:\\\/\\\/ictimai.az\\\/core\\\/uploads\\\/2020\\\/06\\\/ictimai_a9292182a2f6daf156c539b2ebcdfacc_9x8t15s3fgi0qyljbhnu.jpg\",\"width\":1074,\"height\":738},{\"@type\":\"BreadcrumbList\",\"@id\":\"https:\\\/\\\/ictimai.az\\\/?p=3746#breadcrumb\",\"itemListElement\":[{\"@type\":\"ListItem\",\"position\":1,\"name\":\"Home\",\"item\":\"https:\\\/\\\/ictimai.az\\\/\"},{\"@type\":\"ListItem\",\"position\":2,\"name\":\"26 iyun\u2013Az\u0259rbaycan Respublikas\u0131 Silahl\u0131 Q\u00fcvv\u0259l\u0259r g\u00fcn\u00fc&#8221; m\u00fcnasib\u0259ti il\u0259 onlayn bayram t\u0259dbiri ke\u00e7irilib &#8211; Fotolar\"}]},{\"@type\":\"WebSite\",\"@id\":\"https:\\\/\\\/ictimai.az\\\/#website\",\"url\":\"https:\\\/\\\/ictimai.az\\\/\",\"name\":\"\u0130CT\u0130MA\u0130.AZ\",\"description\":\"\",\"publisher\":{\"@id\":\"https:\\\/\\\/ictimai.az\\\/#organization\"},\"potentialAction\":[{\"@type\":\"SearchAction\",\"target\":{\"@type\":\"EntryPoint\",\"urlTemplate\":\"https:\\\/\\\/ictimai.az\\\/?s={search_term_string}\"},\"query-input\":{\"@type\":\"PropertyValueSpecification\",\"valueRequired\":true,\"valueName\":\"search_term_string\"}}],\"inLanguage\":\"az\"},{\"@type\":\"Organization\",\"@id\":\"https:\\\/\\\/ictimai.az\\\/#organization\",\"name\":\"\u0130CT\u0130MA\u0130.AZ\",\"url\":\"https:\\\/\\\/ictimai.az\\\/\",\"logo\":{\"@type\":\"ImageObject\",\"inLanguage\":\"az\",\"@id\":\"https:\\\/\\\/ictimai.az\\\/#\\\/schema\\\/logo\\\/image\\\/\",\"url\":\"https:\\\/\\\/ictimai.az\\\/core\\\/uploads\\\/2026\\\/06\\\/cropped-ictimai_0380d81099c6fe3baae753faceb5481f_p41rg2mzq0uyvextfh3k-768x768-1-3.png\",\"contentUrl\":\"https:\\\/\\\/ictimai.az\\\/core\\\/uploads\\\/2026\\\/06\\\/cropped-ictimai_0380d81099c6fe3baae753faceb5481f_p41rg2mzq0uyvextfh3k-768x768-1-3.png\",\"width\":768,\"height\":768,\"caption\":\"\u0130CT\u0130MA\u0130.AZ\"},\"image\":{\"@id\":\"https:\\\/\\\/ictimai.az\\\/#\\\/schema\\\/logo\\\/image\\\/\"}},{\"@type\":\"Person\",\"@id\":\"https:\\\/\\\/ictimai.az\\\/#\\\/schema\\\/person\\\/1da94bf2c7ab5d83ad349237bec1e6af\",\"name\":\"R\u0259\u015fad Bayramov\",\"image\":{\"@type\":\"ImageObject\",\"inLanguage\":\"az\",\"@id\":\"https:\\\/\\\/secure.gravatar.com\\\/avatar\\\/83c075605ba0a4d35d59726aaad89cfa8008d1f01603342c56f1dd79784491bc?s=96&d=mm&r=g\",\"url\":\"https:\\\/\\\/secure.gravatar.com\\\/avatar\\\/83c075605ba0a4d35d59726aaad89cfa8008d1f01603342c56f1dd79784491bc?s=96&d=mm&r=g\",\"contentUrl\":\"https:\\\/\\\/secure.gravatar.com\\\/avatar\\\/83c075605ba0a4d35d59726aaad89cfa8008d1f01603342c56f1dd79784491bc?s=96&d=mm&r=g\",\"caption\":\"R\u0259\u015fad Bayramov\"},\"sameAs\":[\"https:\\\/\\\/ictimai.az\\\/\"],\"url\":\"https:\\\/\\\/ictimai.az\\\/?author=2\"}]}<\/script>\n<!-- \/ Yoast SEO plugin. -->","yoast_head_json":{"title":"26 iyun\u2013Az\u0259rbaycan Respublikas\u0131 Silahl\u0131 Q\u00fcvv\u0259l\u0259r g\u00fcn\u00fc\" m\u00fcnasib\u0259ti il\u0259 onlayn bayram t\u0259dbiri ke\u00e7irilib - Fotolar - \u0130CT\u0130MA\u0130.AZ","robots":{"index":"index","follow":"follow","max-snippet":"max-snippet:-1","max-image-preview":"max-image-preview:large","max-video-preview":"max-video-preview:-1"},"canonical":"https:\/\/ictimai.az\/?p=3746","og_locale":"az_AZ","og_type":"article","og_title":"26 iyun\u2013Az\u0259rbaycan Respublikas\u0131 Silahl\u0131 Q\u00fcvv\u0259l\u0259r g\u00fcn\u00fc\" m\u00fcnasib\u0259ti il\u0259 onlayn bayram t\u0259dbiri ke\u00e7irilib - Fotolar - \u0130CT\u0130MA\u0130.AZ","og_description":"&#8220;26 iyun\u2013Az\u0259rbaycan Respublikas\u0131 Silahl\u0131 Q\u00fcvv\u0259l\u0259r g\u00fcn\u00fc&#8221; m\u00fcnasib\u0259ti il\u0259 onlayn bayram t\u0259dbiri ke\u00e7irilmi\u015fdir. 25 iyun 2020-ci il tarixd\u0259 N\u0259rimanov Rayon G\u0259ncl\u0259r v\u0259 \u0130dman \u0130dar\u0259sinin v\u0259 &#8220;Airmixes&#8221;in birg\u0259 t\u0259\u015fkilat\u00e7\u0131l\u0131\u011f\u0131 il\u0259 &#8220;26 iyun\u2013Az\u0259rbaycan Respublikas\u0131 Silahl\u0131 Q\u00fcvv\u0259l\u0259r g\u00fcn\u00fc&#8221; m\u00fcnasib\u0259ti il\u0259 onlayn bayram t\u0259dbiri ke\u00e7irilmi\u015fdir. T\u0259dbird\u0259 N\u0259rimanov Rayon G\u0259ncl\u0259r v\u0259 \u0130dman \u0130dar\u0259sinin r\u0259isi N\u0259c\u0259f Novruzov, Az\u0259rbaycan Kooperasiya Universitetinin M\u0259tbuat v\u0259 [&hellip;]","og_url":"https:\/\/ictimai.az\/?p=3746","og_site_name":"\u0130CT\u0130MA\u0130.AZ","article_published_time":"2020-06-26T09:46:35+00:00","article_modified_time":"2020-06-26T22:30:01+00:00","og_image":[{"width":1074,"height":738,"url":"https:\/\/ictimai.az\/core\/uploads\/2020\/06\/ictimai_a9292182a2f6daf156c539b2ebcdfacc_9x8t15s3fgi0qyljbhnu.jpg","type":"image\/jpeg"}],"author":"R\u0259\u015fad Bayramov","twitter_card":"summary_large_image","twitter_misc":{"Written by":"R\u0259\u015fad Bayramov","Est. reading time":"3 minutes"},"schema":{"@context":"https:\/\/schema.org","@graph":[{"@type":"Article","@id":"https:\/\/ictimai.az\/?p=3746#article","isPartOf":{"@id":"https:\/\/ictimai.az\/?p=3746"},"author":{"name":"R\u0259\u015fad Bayramov","@id":"https:\/\/ictimai.az\/#\/schema\/person\/1da94bf2c7ab5d83ad349237bec1e6af"},"headline":"26 iyun\u2013Az\u0259rbaycan Respublikas\u0131 Silahl\u0131 Q\u00fcvv\u0259l\u0259r g\u00fcn\u00fc&#8221; m\u00fcnasib\u0259ti il\u0259 onlayn bayram t\u0259dbiri ke\u00e7irilib &#8211; Fotolar","datePublished":"2020-06-26T09:46:35+00:00","dateModified":"2020-06-26T22:30:01+00:00","mainEntityOfPage":{"@id":"https:\/\/ictimai.az\/?p=3746"},"wordCount":681,"publisher":{"@id":"https:\/\/ictimai.az\/#organization"},"image":{"@id":"https:\/\/ictimai.az\/?p=3746#primaryimage"},"thumbnailUrl":"https:\/\/ictimai.az\/core\/uploads\/2020\/06\/ictimai_a9292182a2f6daf156c539b2ebcdfacc_9x8t15s3fgi0qyljbhnu.jpg","articleSection":["G\u0259nclik"],"inLanguage":"az"},{"@type":"WebPage","@id":"https:\/\/ictimai.az\/?p=3746","url":"https:\/\/ictimai.az\/?p=3746","name":"26 iyun\u2013Az\u0259rbaycan Respublikas\u0131 Silahl\u0131 Q\u00fcvv\u0259l\u0259r g\u00fcn\u00fc\" m\u00fcnasib\u0259ti il\u0259 onlayn bayram t\u0259dbiri ke\u00e7irilib - Fotolar - \u0130CT\u0130MA\u0130.AZ","isPartOf":{"@id":"https:\/\/ictimai.az\/#website"},"primaryImageOfPage":{"@id":"https:\/\/ictimai.az\/?p=3746#primaryimage"},"image":{"@id":"https:\/\/ictimai.az\/?p=3746#primaryimage"},"thumbnailUrl":"https:\/\/ictimai.az\/core\/uploads\/2020\/06\/ictimai_a9292182a2f6daf156c539b2ebcdfacc_9x8t15s3fgi0qyljbhnu.jpg","datePublished":"2020-06-26T09:46:35+00:00","dateModified":"2020-06-26T22:30:01+00:00","breadcrumb":{"@id":"https:\/\/ictimai.az\/?p=3746#breadcrumb"},"inLanguage":"az","potentialAction":[{"@type":"ReadAction","target":["https:\/\/ictimai.az\/?p=3746"]}]},{"@type":"ImageObject","inLanguage":"az","@id":"https:\/\/ictimai.az\/?p=3746#primaryimage","url":"https:\/\/ictimai.az\/core\/uploads\/2020\/06\/ictimai_a9292182a2f6daf156c539b2ebcdfacc_9x8t15s3fgi0qyljbhnu.jpg","contentUrl":"https:\/\/ictimai.az\/core\/uploads\/2020\/06\/ictimai_a9292182a2f6daf156c539b2ebcdfacc_9x8t15s3fgi0qyljbhnu.jpg","width":1074,"height":738},{"@type":"BreadcrumbList","@id":"https:\/\/ictimai.az\/?p=3746#breadcrumb","itemListElement":[{"@type":"ListItem","position":1,"name":"Home","item":"https:\/\/ictimai.az\/"},{"@type":"ListItem","position":2,"name":"26 iyun\u2013Az\u0259rbaycan Respublikas\u0131 Silahl\u0131 Q\u00fcvv\u0259l\u0259r g\u00fcn\u00fc&#8221; m\u00fcnasib\u0259ti il\u0259 onlayn bayram t\u0259dbiri ke\u00e7irilib &#8211; Fotolar"}]},{"@type":"WebSite","@id":"https:\/\/ictimai.az\/#website","url":"https:\/\/ictimai.az\/","name":"\u0130CT\u0130MA\u0130.AZ","description":"","publisher":{"@id":"https:\/\/ictimai.az\/#organization"},"potentialAction":[{"@type":"SearchAction","target":{"@type":"EntryPoint","urlTemplate":"https:\/\/ictimai.az\/?s={search_term_string}"},"query-input":{"@type":"PropertyValueSpecification","valueRequired":true,"valueName":"search_term_string"}}],"inLanguage":"az"},{"@type":"Organization","@id":"https:\/\/ictimai.az\/#organization","name":"\u0130CT\u0130MA\u0130.AZ","url":"https:\/\/ictimai.az\/","logo":{"@type":"ImageObject","inLanguage":"az","@id":"https:\/\/ictimai.az\/#\/schema\/logo\/image\/","url":"https:\/\/ictimai.az\/core\/uploads\/2026\/06\/cropped-ictimai_0380d81099c6fe3baae753faceb5481f_p41rg2mzq0uyvextfh3k-768x768-1-3.png","contentUrl":"https:\/\/ictimai.az\/core\/uploads\/2026\/06\/cropped-ictimai_0380d81099c6fe3baae753faceb5481f_p41rg2mzq0uyvextfh3k-768x768-1-3.png","width":768,"height":768,"caption":"\u0130CT\u0130MA\u0130.AZ"},"image":{"@id":"https:\/\/ictimai.az\/#\/schema\/logo\/image\/"}},{"@type":"Person","@id":"https:\/\/ictimai.az\/#\/schema\/person\/1da94bf2c7ab5d83ad349237bec1e6af","name":"R\u0259\u015fad Bayramov","image":{"@type":"ImageObject","inLanguage":"az","@id":"https:\/\/secure.gravatar.com\/avatar\/83c075605ba0a4d35d59726aaad89cfa8008d1f01603342c56f1dd79784491bc?s=96&d=mm&r=g","url":"https:\/\/secure.gravatar.com\/avatar\/83c075605ba0a4d35d59726aaad89cfa8008d1f01603342c56f1dd79784491bc?s=96&d=mm&r=g","contentUrl":"https:\/\/secure.gravatar.com\/avatar\/83c075605ba0a4d35d59726aaad89cfa8008d1f01603342c56f1dd79784491bc?s=96&d=mm&r=g","caption":"R\u0259\u015fad Bayramov"},"sameAs":["https:\/\/ictimai.az\/"],"url":"https:\/\/ictimai.az\/?author=2"}]}},"_links":{"self":[{"href":"https:\/\/ictimai.az\/index.php?rest_route=\/wp\/v2\/posts\/3746","targetHints":{"allow":["GET"]}}],"collection":[{"href":"https:\/\/ictimai.az\/index.php?rest_route=\/wp\/v2\/posts"}],"about":[{"href":"https:\/\/ictimai.az\/index.php?rest_route=\/wp\/v2\/types\/post"}],"author":[{"embeddable":true,"href":"https:\/\/ictimai.az\/index.php?rest_route=\/wp\/v2\/users\/2"}],"replies":[{"embeddable":true,"href":"https:\/\/ictimai.az\/index.php?rest_route=%2Fwp%2Fv2%2Fcomments&post=3746"}],"version-history":[{"count":0,"href":"https:\/\/ictimai.az\/index.php?rest_route=\/wp\/v2\/posts\/3746\/revisions"}],"wp:featuredmedia":[{"embeddable":true,"href":"https:\/\/ictimai.az\/index.php?rest_route=\/wp\/v2\/media\/3748"}],"wp:attachment":[{"href":"https:\/\/ictimai.az\/index.php?rest_route=%2Fwp%2Fv2%2Fmedia&parent=3746"}],"wp:term":[{"taxonomy":"category","embeddable":true,"href":"https:\/\/ictimai.az\/index.php?rest_route=%2Fwp%2Fv2%2Fcategories&post=3746"},{"taxonomy":"post_tag","embeddable":true,"href":"https:\/\/ictimai.az\/index.php?rest_route=%2Fwp%2Fv2%2Ftags&post=3746"}],"curies":[{"name":"wp","href":"https:\/\/api.w.org\/{rel}","templated":true}]}}