{"id":38088,"date":"2023-12-28T10:11:20","date_gmt":"2023-12-28T06:11:20","guid":{"rendered":"https:\/\/ictimai.az\/?p=38088"},"modified":"2023-12-28T10:11:20","modified_gmt":"2023-12-28T06:11:20","slug":"avropa-komissiyasinin-kecmis-sedri-jak-delors-vefat-edib","status":"publish","type":"post","link":"https:\/\/ictimai.az\/?p=38088","title":{"rendered":"Avropa Komissiyas\u0131n\u0131n ke\u00e7mi\u015f s\u0259dri Jak Delors v\u0259fat edib"},"content":{"rendered":"<p>Avropa Komissiyas\u0131n\u0131n s\u0259kkizinci prezidenti Jak Delor 98 ya\u015f\u0131nda v\u0259fat edib. Bu bar\u0259d\u0259 \u201cFrance 24\u201d telekanal\u0131 m\u0259lumat yay\u0131b.<\/p>\n<p>N\u0259\u015fr qeyd edir ki, Delorun \u00f6l\u00fcm\u00fcn\u00fc onun q\u0131z\u0131 Martine Obri elan edib. Onun s\u00f6zl\u0259rin\u0259 g\u00f6r\u0259, AK-nin ke\u00e7mi\u015f s\u0259dri \u00e7\u0259r\u015f\u0259nb\u0259 g\u00fcn\u00fc, dekabr\u0131n 27-d\u0259 Parisd\u0259ki evind\u0259 yuxuda d\u00fcnyas\u0131n\u0131 d\u0259yi\u015fib.<\/p>\n<p>Delor 1981-1984-c\u00fc ill\u0259rd\u0259 prezident Fransua Mitteran\u0131n yan\u0131nda Fransan\u0131n maliyy\u0259 naziri v\u0259zif\u0259sind\u0259 \u00e7al\u0131\u015f\u0131b.<\/p>\n<p>M\u0259nb\u0259: France 24<\/p>\n","protected":false},"excerpt":{"rendered":"<p>Avropa Komissiyas\u0131n\u0131n s\u0259kkizinci prezidenti Jak Delor 98 ya\u015f\u0131nda v\u0259fat edib. Bu bar\u0259d\u0259 \u201cFrance 24\u201d telekanal\u0131 m\u0259lumat yay\u0131b. N\u0259\u015fr qeyd edir ki, Delorun \u00f6l\u00fcm\u00fcn\u00fc onun q\u0131z\u0131 Martine Obri elan edib. Onun s\u00f6zl\u0259rin\u0259 g\u00f6r\u0259, AK-nin ke\u00e7mi\u015f s\u0259dri \u00e7\u0259r\u015f\u0259nb\u0259 g\u00fcn\u00fc, dekabr\u0131n 27-d\u0259 Parisd\u0259ki evind\u0259 yuxuda d\u00fcnyas\u0131n\u0131 d\u0259yi\u015fib. Delor 1981-1984-c\u00fc ill\u0259rd\u0259 prezident Fransua Mitteran\u0131n yan\u0131nda Fransan\u0131n maliyy\u0259 naziri v\u0259zif\u0259sind\u0259 [&hellip;]<\/p>\n","protected":false},"author":2,"featured_media":38089,"comment_status":"closed","ping_status":"closed","sticky":false,"template":"","format":"standard","meta":{"footnotes":""},"categories":[36,1],"tags":[],"class_list":["post-38088","post","type-post","status-publish","format-standard","has-post-thumbnail","hentry","category-media","category-society"],"yoast_head":"<!-- This site is optimized with the Yoast SEO plugin v28.2 - https:\/\/yoast.com\/product\/yoast-seo-wordpress\/ -->\n<title>Avropa Komissiyas\u0131n\u0131n ke\u00e7mi\u015f s\u0259dri Jak Delors v\u0259fat edib - \u0130CT\u0130MA\u0130.AZ<\/title>\n<meta name=\"robots\" content=\"index, follow, max-snippet:-1, max-image-preview:large, max-video-preview:-1\" \/>\n<link rel=\"canonical\" href=\"https:\/\/ictimai.az\/?p=38088\" \/>\n<meta property=\"og:locale\" content=\"az_AZ\" \/>\n<meta property=\"og:type\" content=\"article\" \/>\n<meta property=\"og:title\" content=\"Avropa Komissiyas\u0131n\u0131n ke\u00e7mi\u015f s\u0259dri Jak Delors v\u0259fat edib - \u0130CT\u0130MA\u0130.AZ\" \/>\n<meta property=\"og:description\" content=\"Avropa Komissiyas\u0131n\u0131n s\u0259kkizinci prezidenti Jak Delor 98 ya\u015f\u0131nda v\u0259fat edib. Bu bar\u0259d\u0259 \u201cFrance 24\u201d telekanal\u0131 m\u0259lumat yay\u0131b. N\u0259\u015fr qeyd edir ki, Delorun \u00f6l\u00fcm\u00fcn\u00fc onun q\u0131z\u0131 Martine Obri elan edib. Onun s\u00f6zl\u0259rin\u0259 g\u00f6r\u0259, AK-nin ke\u00e7mi\u015f s\u0259dri \u00e7\u0259r\u015f\u0259nb\u0259 g\u00fcn\u00fc, dekabr\u0131n 27-d\u0259 Parisd\u0259ki evind\u0259 yuxuda d\u00fcnyas\u0131n\u0131 d\u0259yi\u015fib. Delor 1981-1984-c\u00fc ill\u0259rd\u0259 prezident Fransua Mitteran\u0131n yan\u0131nda Fransan\u0131n maliyy\u0259 naziri v\u0259zif\u0259sind\u0259 [&hellip;]\" \/>\n<meta property=\"og:url\" content=\"https:\/\/ictimai.az\/?p=38088\" \/>\n<meta property=\"og:site_name\" content=\"\u0130CT\u0130MA\u0130.AZ\" \/>\n<meta property=\"article:published_time\" content=\"2023-12-28T06:11:20+00:00\" \/>\n<meta property=\"og:image\" content=\"https:\/\/ictimai.az\/core\/uploads\/2023\/12\/ictimai_e111d8e12b0eccac5f5e956bc9676ec2_rlcegpvs1in7tkx0am9y.jpg\" \/>\n\t<meta property=\"og:image:width\" content=\"895\" \/>\n\t<meta property=\"og:image:height\" content=\"504\" \/>\n\t<meta property=\"og:image:type\" content=\"image\/jpeg\" \/>\n<meta name=\"author\" content=\"R\u0259\u015fad Bayramov\" \/>\n<meta name=\"twitter:card\" content=\"summary_large_image\" \/>\n<meta name=\"twitter:label1\" content=\"Written by\" \/>\n\t<meta name=\"twitter:data1\" content=\"R\u0259\u015fad Bayramov\" \/>\n<script type=\"application\/ld+json\" class=\"yoast-schema-graph\">{\"@context\":\"https:\\\/\\\/schema.org\",\"@graph\":[{\"@type\":\"Article\",\"@id\":\"https:\\\/\\\/ictimai.az\\\/?p=38088#article\",\"isPartOf\":{\"@id\":\"https:\\\/\\\/ictimai.az\\\/?p=38088\"},\"author\":{\"name\":\"R\u0259\u015fad Bayramov\",\"@id\":\"https:\\\/\\\/ictimai.az\\\/#\\\/schema\\\/person\\\/1da94bf2c7ab5d83ad349237bec1e6af\"},\"headline\":\"Avropa Komissiyas\u0131n\u0131n ke\u00e7mi\u015f s\u0259dri Jak Delors v\u0259fat edib\",\"datePublished\":\"2023-12-28T06:11:20+00:00\",\"mainEntityOfPage\":{\"@id\":\"https:\\\/\\\/ictimai.az\\\/?p=38088\"},\"wordCount\":103,\"publisher\":{\"@id\":\"https:\\\/\\\/ictimai.az\\\/#organization\"},\"image\":{\"@id\":\"https:\\\/\\\/ictimai.az\\\/?p=38088#primaryimage\"},\"thumbnailUrl\":\"https:\\\/\\\/ictimai.az\\\/core\\\/uploads\\\/2023\\\/12\\\/ictimai_e111d8e12b0eccac5f5e956bc9676ec2_rlcegpvs1in7tkx0am9y.jpg\",\"articleSection\":[\"MED\u0130A\",\"Sosial\"],\"inLanguage\":\"az\"},{\"@type\":\"WebPage\",\"@id\":\"https:\\\/\\\/ictimai.az\\\/?p=38088\",\"url\":\"https:\\\/\\\/ictimai.az\\\/?p=38088\",\"name\":\"Avropa Komissiyas\u0131n\u0131n ke\u00e7mi\u015f s\u0259dri Jak Delors v\u0259fat edib - \u0130CT\u0130MA\u0130.AZ\",\"isPartOf\":{\"@id\":\"https:\\\/\\\/ictimai.az\\\/#website\"},\"primaryImageOfPage\":{\"@id\":\"https:\\\/\\\/ictimai.az\\\/?p=38088#primaryimage\"},\"image\":{\"@id\":\"https:\\\/\\\/ictimai.az\\\/?p=38088#primaryimage\"},\"thumbnailUrl\":\"https:\\\/\\\/ictimai.az\\\/core\\\/uploads\\\/2023\\\/12\\\/ictimai_e111d8e12b0eccac5f5e956bc9676ec2_rlcegpvs1in7tkx0am9y.jpg\",\"datePublished\":\"2023-12-28T06:11:20+00:00\",\"breadcrumb\":{\"@id\":\"https:\\\/\\\/ictimai.az\\\/?p=38088#breadcrumb\"},\"inLanguage\":\"az\",\"potentialAction\":[{\"@type\":\"ReadAction\",\"target\":[\"https:\\\/\\\/ictimai.az\\\/?p=38088\"]}]},{\"@type\":\"ImageObject\",\"inLanguage\":\"az\",\"@id\":\"https:\\\/\\\/ictimai.az\\\/?p=38088#primaryimage\",\"url\":\"https:\\\/\\\/ictimai.az\\\/core\\\/uploads\\\/2023\\\/12\\\/ictimai_e111d8e12b0eccac5f5e956bc9676ec2_rlcegpvs1in7tkx0am9y.jpg\",\"contentUrl\":\"https:\\\/\\\/ictimai.az\\\/core\\\/uploads\\\/2023\\\/12\\\/ictimai_e111d8e12b0eccac5f5e956bc9676ec2_rlcegpvs1in7tkx0am9y.jpg\",\"width\":895,\"height\":504},{\"@type\":\"BreadcrumbList\",\"@id\":\"https:\\\/\\\/ictimai.az\\\/?p=38088#breadcrumb\",\"itemListElement\":[{\"@type\":\"ListItem\",\"position\":1,\"name\":\"Home\",\"item\":\"https:\\\/\\\/ictimai.az\\\/\"},{\"@type\":\"ListItem\",\"position\":2,\"name\":\"Avropa Komissiyas\u0131n\u0131n ke\u00e7mi\u015f s\u0259dri Jak Delors v\u0259fat edib\"}]},{\"@type\":\"WebSite\",\"@id\":\"https:\\\/\\\/ictimai.az\\\/#website\",\"url\":\"https:\\\/\\\/ictimai.az\\\/\",\"name\":\"\u0130CT\u0130MA\u0130.AZ\",\"description\":\"\",\"publisher\":{\"@id\":\"https:\\\/\\\/ictimai.az\\\/#organization\"},\"potentialAction\":[{\"@type\":\"SearchAction\",\"target\":{\"@type\":\"EntryPoint\",\"urlTemplate\":\"https:\\\/\\\/ictimai.az\\\/?s={search_term_string}\"},\"query-input\":{\"@type\":\"PropertyValueSpecification\",\"valueRequired\":true,\"valueName\":\"search_term_string\"}}],\"inLanguage\":\"az\"},{\"@type\":\"Organization\",\"@id\":\"https:\\\/\\\/ictimai.az\\\/#organization\",\"name\":\"\u0130CT\u0130MA\u0130.AZ\",\"url\":\"https:\\\/\\\/ictimai.az\\\/\",\"logo\":{\"@type\":\"ImageObject\",\"inLanguage\":\"az\",\"@id\":\"https:\\\/\\\/ictimai.az\\\/#\\\/schema\\\/logo\\\/image\\\/\",\"url\":\"https:\\\/\\\/ictimai.az\\\/core\\\/uploads\\\/2026\\\/06\\\/cropped-ictimai_0380d81099c6fe3baae753faceb5481f_p41rg2mzq0uyvextfh3k-768x768-1-3.png\",\"contentUrl\":\"https:\\\/\\\/ictimai.az\\\/core\\\/uploads\\\/2026\\\/06\\\/cropped-ictimai_0380d81099c6fe3baae753faceb5481f_p41rg2mzq0uyvextfh3k-768x768-1-3.png\",\"width\":768,\"height\":768,\"caption\":\"\u0130CT\u0130MA\u0130.AZ\"},\"image\":{\"@id\":\"https:\\\/\\\/ictimai.az\\\/#\\\/schema\\\/logo\\\/image\\\/\"}},{\"@type\":\"Person\",\"@id\":\"https:\\\/\\\/ictimai.az\\\/#\\\/schema\\\/person\\\/1da94bf2c7ab5d83ad349237bec1e6af\",\"name\":\"R\u0259\u015fad Bayramov\",\"image\":{\"@type\":\"ImageObject\",\"inLanguage\":\"az\",\"@id\":\"https:\\\/\\\/secure.gravatar.com\\\/avatar\\\/83c075605ba0a4d35d59726aaad89cfa8008d1f01603342c56f1dd79784491bc?s=96&d=mm&r=g\",\"url\":\"https:\\\/\\\/secure.gravatar.com\\\/avatar\\\/83c075605ba0a4d35d59726aaad89cfa8008d1f01603342c56f1dd79784491bc?s=96&d=mm&r=g\",\"contentUrl\":\"https:\\\/\\\/secure.gravatar.com\\\/avatar\\\/83c075605ba0a4d35d59726aaad89cfa8008d1f01603342c56f1dd79784491bc?s=96&d=mm&r=g\",\"caption\":\"R\u0259\u015fad Bayramov\"},\"sameAs\":[\"https:\\\/\\\/ictimai.az\\\/\"],\"url\":\"https:\\\/\\\/ictimai.az\\\/?author=2\"}]}<\/script>\n<!-- \/ Yoast SEO plugin. -->","yoast_head_json":{"title":"Avropa Komissiyas\u0131n\u0131n ke\u00e7mi\u015f s\u0259dri Jak Delors v\u0259fat edib - \u0130CT\u0130MA\u0130.AZ","robots":{"index":"index","follow":"follow","max-snippet":"max-snippet:-1","max-image-preview":"max-image-preview:large","max-video-preview":"max-video-preview:-1"},"canonical":"https:\/\/ictimai.az\/?p=38088","og_locale":"az_AZ","og_type":"article","og_title":"Avropa Komissiyas\u0131n\u0131n ke\u00e7mi\u015f s\u0259dri Jak Delors v\u0259fat edib - \u0130CT\u0130MA\u0130.AZ","og_description":"Avropa Komissiyas\u0131n\u0131n s\u0259kkizinci prezidenti Jak Delor 98 ya\u015f\u0131nda v\u0259fat edib. Bu bar\u0259d\u0259 \u201cFrance 24\u201d telekanal\u0131 m\u0259lumat yay\u0131b. N\u0259\u015fr qeyd edir ki, Delorun \u00f6l\u00fcm\u00fcn\u00fc onun q\u0131z\u0131 Martine Obri elan edib. Onun s\u00f6zl\u0259rin\u0259 g\u00f6r\u0259, AK-nin ke\u00e7mi\u015f s\u0259dri \u00e7\u0259r\u015f\u0259nb\u0259 g\u00fcn\u00fc, dekabr\u0131n 27-d\u0259 Parisd\u0259ki evind\u0259 yuxuda d\u00fcnyas\u0131n\u0131 d\u0259yi\u015fib. Delor 1981-1984-c\u00fc ill\u0259rd\u0259 prezident Fransua Mitteran\u0131n yan\u0131nda Fransan\u0131n maliyy\u0259 naziri v\u0259zif\u0259sind\u0259 [&hellip;]","og_url":"https:\/\/ictimai.az\/?p=38088","og_site_name":"\u0130CT\u0130MA\u0130.AZ","article_published_time":"2023-12-28T06:11:20+00:00","og_image":[{"width":895,"height":504,"url":"https:\/\/ictimai.az\/core\/uploads\/2023\/12\/ictimai_e111d8e12b0eccac5f5e956bc9676ec2_rlcegpvs1in7tkx0am9y.jpg","type":"image\/jpeg"}],"author":"R\u0259\u015fad Bayramov","twitter_card":"summary_large_image","twitter_misc":{"Written by":"R\u0259\u015fad Bayramov"},"schema":{"@context":"https:\/\/schema.org","@graph":[{"@type":"Article","@id":"https:\/\/ictimai.az\/?p=38088#article","isPartOf":{"@id":"https:\/\/ictimai.az\/?p=38088"},"author":{"name":"R\u0259\u015fad Bayramov","@id":"https:\/\/ictimai.az\/#\/schema\/person\/1da94bf2c7ab5d83ad349237bec1e6af"},"headline":"Avropa Komissiyas\u0131n\u0131n ke\u00e7mi\u015f s\u0259dri Jak Delors v\u0259fat edib","datePublished":"2023-12-28T06:11:20+00:00","mainEntityOfPage":{"@id":"https:\/\/ictimai.az\/?p=38088"},"wordCount":103,"publisher":{"@id":"https:\/\/ictimai.az\/#organization"},"image":{"@id":"https:\/\/ictimai.az\/?p=38088#primaryimage"},"thumbnailUrl":"https:\/\/ictimai.az\/core\/uploads\/2023\/12\/ictimai_e111d8e12b0eccac5f5e956bc9676ec2_rlcegpvs1in7tkx0am9y.jpg","articleSection":["MED\u0130A","Sosial"],"inLanguage":"az"},{"@type":"WebPage","@id":"https:\/\/ictimai.az\/?p=38088","url":"https:\/\/ictimai.az\/?p=38088","name":"Avropa Komissiyas\u0131n\u0131n ke\u00e7mi\u015f s\u0259dri Jak Delors v\u0259fat edib - \u0130CT\u0130MA\u0130.AZ","isPartOf":{"@id":"https:\/\/ictimai.az\/#website"},"primaryImageOfPage":{"@id":"https:\/\/ictimai.az\/?p=38088#primaryimage"},"image":{"@id":"https:\/\/ictimai.az\/?p=38088#primaryimage"},"thumbnailUrl":"https:\/\/ictimai.az\/core\/uploads\/2023\/12\/ictimai_e111d8e12b0eccac5f5e956bc9676ec2_rlcegpvs1in7tkx0am9y.jpg","datePublished":"2023-12-28T06:11:20+00:00","breadcrumb":{"@id":"https:\/\/ictimai.az\/?p=38088#breadcrumb"},"inLanguage":"az","potentialAction":[{"@type":"ReadAction","target":["https:\/\/ictimai.az\/?p=38088"]}]},{"@type":"ImageObject","inLanguage":"az","@id":"https:\/\/ictimai.az\/?p=38088#primaryimage","url":"https:\/\/ictimai.az\/core\/uploads\/2023\/12\/ictimai_e111d8e12b0eccac5f5e956bc9676ec2_rlcegpvs1in7tkx0am9y.jpg","contentUrl":"https:\/\/ictimai.az\/core\/uploads\/2023\/12\/ictimai_e111d8e12b0eccac5f5e956bc9676ec2_rlcegpvs1in7tkx0am9y.jpg","width":895,"height":504},{"@type":"BreadcrumbList","@id":"https:\/\/ictimai.az\/?p=38088#breadcrumb","itemListElement":[{"@type":"ListItem","position":1,"name":"Home","item":"https:\/\/ictimai.az\/"},{"@type":"ListItem","position":2,"name":"Avropa Komissiyas\u0131n\u0131n ke\u00e7mi\u015f s\u0259dri Jak Delors v\u0259fat edib"}]},{"@type":"WebSite","@id":"https:\/\/ictimai.az\/#website","url":"https:\/\/ictimai.az\/","name":"\u0130CT\u0130MA\u0130.AZ","description":"","publisher":{"@id":"https:\/\/ictimai.az\/#organization"},"potentialAction":[{"@type":"SearchAction","target":{"@type":"EntryPoint","urlTemplate":"https:\/\/ictimai.az\/?s={search_term_string}"},"query-input":{"@type":"PropertyValueSpecification","valueRequired":true,"valueName":"search_term_string"}}],"inLanguage":"az"},{"@type":"Organization","@id":"https:\/\/ictimai.az\/#organization","name":"\u0130CT\u0130MA\u0130.AZ","url":"https:\/\/ictimai.az\/","logo":{"@type":"ImageObject","inLanguage":"az","@id":"https:\/\/ictimai.az\/#\/schema\/logo\/image\/","url":"https:\/\/ictimai.az\/core\/uploads\/2026\/06\/cropped-ictimai_0380d81099c6fe3baae753faceb5481f_p41rg2mzq0uyvextfh3k-768x768-1-3.png","contentUrl":"https:\/\/ictimai.az\/core\/uploads\/2026\/06\/cropped-ictimai_0380d81099c6fe3baae753faceb5481f_p41rg2mzq0uyvextfh3k-768x768-1-3.png","width":768,"height":768,"caption":"\u0130CT\u0130MA\u0130.AZ"},"image":{"@id":"https:\/\/ictimai.az\/#\/schema\/logo\/image\/"}},{"@type":"Person","@id":"https:\/\/ictimai.az\/#\/schema\/person\/1da94bf2c7ab5d83ad349237bec1e6af","name":"R\u0259\u015fad Bayramov","image":{"@type":"ImageObject","inLanguage":"az","@id":"https:\/\/secure.gravatar.com\/avatar\/83c075605ba0a4d35d59726aaad89cfa8008d1f01603342c56f1dd79784491bc?s=96&d=mm&r=g","url":"https:\/\/secure.gravatar.com\/avatar\/83c075605ba0a4d35d59726aaad89cfa8008d1f01603342c56f1dd79784491bc?s=96&d=mm&r=g","contentUrl":"https:\/\/secure.gravatar.com\/avatar\/83c075605ba0a4d35d59726aaad89cfa8008d1f01603342c56f1dd79784491bc?s=96&d=mm&r=g","caption":"R\u0259\u015fad Bayramov"},"sameAs":["https:\/\/ictimai.az\/"],"url":"https:\/\/ictimai.az\/?author=2"}]}},"_links":{"self":[{"href":"https:\/\/ictimai.az\/index.php?rest_route=\/wp\/v2\/posts\/38088","targetHints":{"allow":["GET"]}}],"collection":[{"href":"https:\/\/ictimai.az\/index.php?rest_route=\/wp\/v2\/posts"}],"about":[{"href":"https:\/\/ictimai.az\/index.php?rest_route=\/wp\/v2\/types\/post"}],"author":[{"embeddable":true,"href":"https:\/\/ictimai.az\/index.php?rest_route=\/wp\/v2\/users\/2"}],"replies":[{"embeddable":true,"href":"https:\/\/ictimai.az\/index.php?rest_route=%2Fwp%2Fv2%2Fcomments&post=38088"}],"version-history":[{"count":0,"href":"https:\/\/ictimai.az\/index.php?rest_route=\/wp\/v2\/posts\/38088\/revisions"}],"wp:featuredmedia":[{"embeddable":true,"href":"https:\/\/ictimai.az\/index.php?rest_route=\/wp\/v2\/media\/38089"}],"wp:attachment":[{"href":"https:\/\/ictimai.az\/index.php?rest_route=%2Fwp%2Fv2%2Fmedia&parent=38088"}],"wp:term":[{"taxonomy":"category","embeddable":true,"href":"https:\/\/ictimai.az\/index.php?rest_route=%2Fwp%2Fv2%2Fcategories&post=38088"},{"taxonomy":"post_tag","embeddable":true,"href":"https:\/\/ictimai.az\/index.php?rest_route=%2Fwp%2Fv2%2Ftags&post=38088"}],"curies":[{"name":"wp","href":"https:\/\/api.w.org\/{rel}","templated":true}]}}