{"id":3863,"date":"2020-06-30T17:40:03","date_gmt":"2020-06-30T13:40:03","guid":{"rendered":"https:\/\/ictimai.az\/?p=3863"},"modified":"2020-06-30T18:55:00","modified_gmt":"2020-06-30T14:55:00","slug":"berde-seherinde-himnimize-hormetsizlik-foto-video","status":"publish","type":"post","link":"https:\/\/ictimai.az\/?p=3863","title":{"rendered":"B\u0259rd\u0259 \u015f\u0259h\u0259rind\u0259 himnimiz\u0259 h\u00f6rm\u0259tsizlik \u2013 FOTO\/V\u0130DEO"},"content":{"rendered":"<p>B\u0259rd\u0259 \u015f\u0259h\u0259rind\u0259 yerl\u0259\u015f\u0259n Bayraq Meydan\u0131nda xo\u015fag\u0259lm\u0259z hal ya\u015fan\u0131b.<\/p>\n<p><strong>\u201cYeni G\u00fcnd\u0259m\u201d<\/strong>\u00a0in \u0259m\u0259kda\u015f\u0131n\u0131n m\u0259lumat\u0131na g\u00f6r\u0259, rayonun m\u0259rk\u0259zind\u0259 yerl\u0259\u015f\u0259n Bayraq Meydan\u0131nda D\u00f6vl\u0259t Himnin\u0259 bax\u0131ms\u0131zl\u0131q hiss olunur.<\/p>\n<p>Bel\u0259 ki, himnin s\u00f6zl\u0259rinin b\u0259zi h\u0259rf v\u0259 s\u00f6zl\u0259ri qopub v\u0259 bu problem aradan qald\u0131r\u0131lmay\u0131b.<\/p>\n<p>Qeyd ed\u0259k ki, 2012-ci ild\u0259 Prezident \u0130lham \u018fliyev B\u0259rd\u0259 rayonuna s\u0259f\u0259ri zaman\u0131 Bayraq Meydan\u0131 il\u0259 \u015f\u0259xs\u0259n tan\u0131\u015f olub.<\/p>\n<p>B\u0259rd\u0259 Rayon \u0130cra Hakimiyy\u0259ti il\u0259 \u0259laq\u0259 yaratmaq ist\u0259s\u0259k d\u0259, z\u0259ngl\u0259rimiz cavabs\u0131z qald\u0131.<\/p>\n<p>Qar\u015f\u0131 t\u0259r\u0259fin fikirl\u0259rini d\u0259rc etm\u0259y\u0259 haz\u0131r\u0131q.<\/p>\n<p>S\u00f6z\u00fcged\u0259n m\u0259s\u0259l\u0259 il\u0259 ba\u011fl\u0131 foto v\u0259 videonu t\u0259qdim edirik:<\/p>\n<div class=\"media-gallery container-fluid\">\n<div class=\"row\">\n<div class=\"col col-xs-4 margin-bottom\"><a href=\"https:\/\/yenigundem.az\/wp-content\/uploads\/2020\/06\/yenigundem_afb7f4e229145c1a916eeec2d713b546_8q3v9nkmgbtjz1lx274s.jpg\" data-fancybox=\"images\"><img decoding=\"async\" class=\"img-responsive\" src=\"https:\/\/yenigundem.az\/wp-content\/uploads\/2020\/06\/yenigundem_afb7f4e229145c1a916eeec2d713b546_8q3v9nkmgbtjz1lx274s-150x150.jpg\" alt=\"\" \/><\/a><\/div>\n<div class=\"col col-xs-4 margin-bottom\"><a href=\"https:\/\/yenigundem.az\/wp-content\/uploads\/2020\/06\/yenigundem_a8fb2e3298a3b01eafdc0624162ad448_1jg63xzvfp29qsiuhnc8.jpg\" data-fancybox=\"images\"><img decoding=\"async\" class=\"img-responsive\" src=\"https:\/\/yenigundem.az\/wp-content\/uploads\/2020\/06\/yenigundem_a8fb2e3298a3b01eafdc0624162ad448_1jg63xzvfp29qsiuhnc8-150x150.jpg\" alt=\"\" \/><\/a><\/div>\n<div class=\"col col-xs-4 margin-bottom\"><a href=\"https:\/\/yenigundem.az\/wp-content\/uploads\/2020\/06\/yenigundem_6a34050e9e98bf51cc2645c15ed63a57_g3za20yeroj9u86fpkbm.jpg\" data-fancybox=\"images\"><img decoding=\"async\" class=\"img-responsive\" src=\"https:\/\/yenigundem.az\/wp-content\/uploads\/2020\/06\/yenigundem_6a34050e9e98bf51cc2645c15ed63a57_g3za20yeroj9u86fpkbm-150x150.jpg\" alt=\"\" \/><\/a><\/div>\n<\/div>\n<div class=\"row\">\n<div class=\"col col-xs-4 margin-bottom\"><a href=\"https:\/\/yenigundem.az\/wp-content\/uploads\/2020\/06\/yenigundem_6fb4ba3e62d029f687949b1248799dad_ia4mxtpcrz6kblqs8fo0.jpg\" data-fancybox=\"images\"><img decoding=\"async\" class=\"img-responsive\" src=\"https:\/\/yenigundem.az\/wp-content\/uploads\/2020\/06\/yenigundem_6fb4ba3e62d029f687949b1248799dad_ia4mxtpcrz6kblqs8fo0-150x150.jpg\" alt=\"\" \/><\/a><\/div>\n<div class=\"col col-xs-4 margin-bottom\"><a href=\"https:\/\/yenigundem.az\/wp-content\/uploads\/2020\/06\/yenigundem_3b4394a42c436114b10d649a6b20f7ed_3cogjy12iu7rxfq8a0sl.jpg\" data-fancybox=\"images\"><img decoding=\"async\" class=\"img-responsive\" src=\"https:\/\/yenigundem.az\/wp-content\/uploads\/2020\/06\/yenigundem_3b4394a42c436114b10d649a6b20f7ed_3cogjy12iu7rxfq8a0sl-150x150.jpg\" alt=\"\" \/><\/a><\/div>\n<\/div>\n<\/div>\n<div><\/div>\n<div><\/div>\n<p><iframe loading=\"lazy\" title=\"Vidadi \u0130sayevd\u0259n d\u00f6vl\u0259t himnin\u0259 say\u011f\u0131s\u0131zl\u0131q: B\u0259rd\u0259d\u0259 r\u0259zal\u0259t\" width=\"640\" height=\"360\" src=\"https:\/\/www.youtube.com\/embed\/DwFrM1qn-bk?feature=oembed\" frameborder=\"0\" allow=\"accelerometer; autoplay; clipboard-write; encrypted-media; gyroscope; picture-in-picture; web-share\" referrerpolicy=\"strict-origin-when-cross-origin\" allowfullscreen><\/iframe><\/p>\n<div><\/div>\n","protected":false},"excerpt":{"rendered":"<p>B\u0259rd\u0259 \u015f\u0259h\u0259rind\u0259 yerl\u0259\u015f\u0259n Bayraq Meydan\u0131nda xo\u015fag\u0259lm\u0259z hal ya\u015fan\u0131b. \u201cYeni G\u00fcnd\u0259m\u201d\u00a0in \u0259m\u0259kda\u015f\u0131n\u0131n m\u0259lumat\u0131na g\u00f6r\u0259, rayonun m\u0259rk\u0259zind\u0259 yerl\u0259\u015f\u0259n Bayraq Meydan\u0131nda D\u00f6vl\u0259t Himnin\u0259 bax\u0131ms\u0131zl\u0131q hiss olunur. Bel\u0259 ki, himnin s\u00f6zl\u0259rinin b\u0259zi h\u0259rf v\u0259 s\u00f6zl\u0259ri qopub v\u0259 bu problem aradan qald\u0131r\u0131lmay\u0131b. Qeyd ed\u0259k ki, 2012-ci ild\u0259 Prezident \u0130lham \u018fliyev B\u0259rd\u0259 rayonuna s\u0259f\u0259ri zaman\u0131 Bayraq Meydan\u0131 il\u0259 \u015f\u0259xs\u0259n tan\u0131\u015f olub. [&hellip;]<\/p>\n","protected":false},"author":2,"featured_media":3864,"comment_status":"closed","ping_status":"closed","sticky":false,"template":"","format":"standard","meta":{"footnotes":""},"categories":[10,2,9,8],"tags":[],"class_list":["post-3863","post","type-post","status-publish","format-standard","has-post-thumbnail","hentry","category-banner","category-trend","category-featured","category-exclusiv"],"yoast_head":"<!-- This site is optimized with the Yoast SEO plugin v28.2 - https:\/\/yoast.com\/product\/yoast-seo-wordpress\/ -->\n<title>B\u0259rd\u0259 \u015f\u0259h\u0259rind\u0259 himnimiz\u0259 h\u00f6rm\u0259tsizlik \u2013 FOTO\/V\u0130DEO - \u0130CT\u0130MA\u0130.AZ<\/title>\n<meta name=\"robots\" content=\"index, follow, max-snippet:-1, max-image-preview:large, max-video-preview:-1\" \/>\n<link rel=\"canonical\" href=\"https:\/\/ictimai.az\/?p=3863\" \/>\n<meta property=\"og:locale\" content=\"az_AZ\" \/>\n<meta property=\"og:type\" content=\"article\" \/>\n<meta property=\"og:title\" content=\"B\u0259rd\u0259 \u015f\u0259h\u0259rind\u0259 himnimiz\u0259 h\u00f6rm\u0259tsizlik \u2013 FOTO\/V\u0130DEO - \u0130CT\u0130MA\u0130.AZ\" \/>\n<meta property=\"og:description\" content=\"B\u0259rd\u0259 \u015f\u0259h\u0259rind\u0259 yerl\u0259\u015f\u0259n Bayraq Meydan\u0131nda xo\u015fag\u0259lm\u0259z hal ya\u015fan\u0131b. \u201cYeni G\u00fcnd\u0259m\u201d\u00a0in \u0259m\u0259kda\u015f\u0131n\u0131n m\u0259lumat\u0131na g\u00f6r\u0259, rayonun m\u0259rk\u0259zind\u0259 yerl\u0259\u015f\u0259n Bayraq Meydan\u0131nda D\u00f6vl\u0259t Himnin\u0259 bax\u0131ms\u0131zl\u0131q hiss olunur. Bel\u0259 ki, himnin s\u00f6zl\u0259rinin b\u0259zi h\u0259rf v\u0259 s\u00f6zl\u0259ri qopub v\u0259 bu problem aradan qald\u0131r\u0131lmay\u0131b. Qeyd ed\u0259k ki, 2012-ci ild\u0259 Prezident \u0130lham \u018fliyev B\u0259rd\u0259 rayonuna s\u0259f\u0259ri zaman\u0131 Bayraq Meydan\u0131 il\u0259 \u015f\u0259xs\u0259n tan\u0131\u015f olub. [&hellip;]\" \/>\n<meta property=\"og:url\" content=\"https:\/\/ictimai.az\/?p=3863\" \/>\n<meta property=\"og:site_name\" content=\"\u0130CT\u0130MA\u0130.AZ\" \/>\n<meta property=\"article:published_time\" content=\"2020-06-30T13:40:03+00:00\" \/>\n<meta property=\"article:modified_time\" content=\"2020-06-30T14:55:00+00:00\" \/>\n<meta property=\"og:image\" content=\"https:\/\/ictimai.az\/core\/uploads\/2020\/06\/ictimai_a25de781186f3ef2bb342c9772847c0a_i7j1wrsctvz8b20oga95.jpg\" \/>\n\t<meta property=\"og:image:width\" content=\"1920\" \/>\n\t<meta property=\"og:image:height\" content=\"1920\" \/>\n\t<meta property=\"og:image:type\" content=\"image\/jpeg\" \/>\n<meta name=\"author\" content=\"R\u0259\u015fad Bayramov\" \/>\n<meta name=\"twitter:card\" content=\"summary_large_image\" \/>\n<meta name=\"twitter:label1\" content=\"Written by\" \/>\n\t<meta name=\"twitter:data1\" content=\"R\u0259\u015fad Bayramov\" \/>\n\t<meta name=\"twitter:label2\" content=\"Est. reading time\" \/>\n\t<meta name=\"twitter:data2\" content=\"1 minute\" \/>\n<script type=\"application\/ld+json\" class=\"yoast-schema-graph\">{\"@context\":\"https:\\\/\\\/schema.org\",\"@graph\":[{\"@type\":\"Article\",\"@id\":\"https:\\\/\\\/ictimai.az\\\/?p=3863#article\",\"isPartOf\":{\"@id\":\"https:\\\/\\\/ictimai.az\\\/?p=3863\"},\"author\":{\"name\":\"R\u0259\u015fad Bayramov\",\"@id\":\"https:\\\/\\\/ictimai.az\\\/#\\\/schema\\\/person\\\/1da94bf2c7ab5d83ad349237bec1e6af\"},\"headline\":\"B\u0259rd\u0259 \u015f\u0259h\u0259rind\u0259 himnimiz\u0259 h\u00f6rm\u0259tsizlik \u2013 FOTO\\\/V\u0130DEO\",\"datePublished\":\"2020-06-30T13:40:03+00:00\",\"dateModified\":\"2020-06-30T14:55:00+00:00\",\"mainEntityOfPage\":{\"@id\":\"https:\\\/\\\/ictimai.az\\\/?p=3863\"},\"wordCount\":160,\"publisher\":{\"@id\":\"https:\\\/\\\/ictimai.az\\\/#organization\"},\"image\":{\"@id\":\"https:\\\/\\\/ictimai.az\\\/?p=3863#primaryimage\"},\"thumbnailUrl\":\"https:\\\/\\\/ictimai.az\\\/core\\\/uploads\\\/2020\\\/06\\\/ictimai_a25de781186f3ef2bb342c9772847c0a_i7j1wrsctvz8b20oga95.jpg\",\"articleSection\":[\"Banner\",\"G\u00fcnd\u0259m\",\"Man\u015fet\",\"\u00d6z\u0259l\"],\"inLanguage\":\"az\"},{\"@type\":\"WebPage\",\"@id\":\"https:\\\/\\\/ictimai.az\\\/?p=3863\",\"url\":\"https:\\\/\\\/ictimai.az\\\/?p=3863\",\"name\":\"B\u0259rd\u0259 \u015f\u0259h\u0259rind\u0259 himnimiz\u0259 h\u00f6rm\u0259tsizlik \u2013 FOTO\\\/V\u0130DEO - \u0130CT\u0130MA\u0130.AZ\",\"isPartOf\":{\"@id\":\"https:\\\/\\\/ictimai.az\\\/#website\"},\"primaryImageOfPage\":{\"@id\":\"https:\\\/\\\/ictimai.az\\\/?p=3863#primaryimage\"},\"image\":{\"@id\":\"https:\\\/\\\/ictimai.az\\\/?p=3863#primaryimage\"},\"thumbnailUrl\":\"https:\\\/\\\/ictimai.az\\\/core\\\/uploads\\\/2020\\\/06\\\/ictimai_a25de781186f3ef2bb342c9772847c0a_i7j1wrsctvz8b20oga95.jpg\",\"datePublished\":\"2020-06-30T13:40:03+00:00\",\"dateModified\":\"2020-06-30T14:55:00+00:00\",\"breadcrumb\":{\"@id\":\"https:\\\/\\\/ictimai.az\\\/?p=3863#breadcrumb\"},\"inLanguage\":\"az\",\"potentialAction\":[{\"@type\":\"ReadAction\",\"target\":[\"https:\\\/\\\/ictimai.az\\\/?p=3863\"]}]},{\"@type\":\"ImageObject\",\"inLanguage\":\"az\",\"@id\":\"https:\\\/\\\/ictimai.az\\\/?p=3863#primaryimage\",\"url\":\"https:\\\/\\\/ictimai.az\\\/core\\\/uploads\\\/2020\\\/06\\\/ictimai_a25de781186f3ef2bb342c9772847c0a_i7j1wrsctvz8b20oga95.jpg\",\"contentUrl\":\"https:\\\/\\\/ictimai.az\\\/core\\\/uploads\\\/2020\\\/06\\\/ictimai_a25de781186f3ef2bb342c9772847c0a_i7j1wrsctvz8b20oga95.jpg\",\"width\":1920,\"height\":1920},{\"@type\":\"BreadcrumbList\",\"@id\":\"https:\\\/\\\/ictimai.az\\\/?p=3863#breadcrumb\",\"itemListElement\":[{\"@type\":\"ListItem\",\"position\":1,\"name\":\"Home\",\"item\":\"https:\\\/\\\/ictimai.az\\\/\"},{\"@type\":\"ListItem\",\"position\":2,\"name\":\"B\u0259rd\u0259 \u015f\u0259h\u0259rind\u0259 himnimiz\u0259 h\u00f6rm\u0259tsizlik \u2013 FOTO\\\/V\u0130DEO\"}]},{\"@type\":\"WebSite\",\"@id\":\"https:\\\/\\\/ictimai.az\\\/#website\",\"url\":\"https:\\\/\\\/ictimai.az\\\/\",\"name\":\"\u0130CT\u0130MA\u0130.AZ\",\"description\":\"\",\"publisher\":{\"@id\":\"https:\\\/\\\/ictimai.az\\\/#organization\"},\"potentialAction\":[{\"@type\":\"SearchAction\",\"target\":{\"@type\":\"EntryPoint\",\"urlTemplate\":\"https:\\\/\\\/ictimai.az\\\/?s={search_term_string}\"},\"query-input\":{\"@type\":\"PropertyValueSpecification\",\"valueRequired\":true,\"valueName\":\"search_term_string\"}}],\"inLanguage\":\"az\"},{\"@type\":\"Organization\",\"@id\":\"https:\\\/\\\/ictimai.az\\\/#organization\",\"name\":\"\u0130CT\u0130MA\u0130.AZ\",\"url\":\"https:\\\/\\\/ictimai.az\\\/\",\"logo\":{\"@type\":\"ImageObject\",\"inLanguage\":\"az\",\"@id\":\"https:\\\/\\\/ictimai.az\\\/#\\\/schema\\\/logo\\\/image\\\/\",\"url\":\"https:\\\/\\\/ictimai.az\\\/core\\\/uploads\\\/2026\\\/06\\\/cropped-ictimai_0380d81099c6fe3baae753faceb5481f_p41rg2mzq0uyvextfh3k-768x768-1-3.png\",\"contentUrl\":\"https:\\\/\\\/ictimai.az\\\/core\\\/uploads\\\/2026\\\/06\\\/cropped-ictimai_0380d81099c6fe3baae753faceb5481f_p41rg2mzq0uyvextfh3k-768x768-1-3.png\",\"width\":768,\"height\":768,\"caption\":\"\u0130CT\u0130MA\u0130.AZ\"},\"image\":{\"@id\":\"https:\\\/\\\/ictimai.az\\\/#\\\/schema\\\/logo\\\/image\\\/\"}},{\"@type\":\"Person\",\"@id\":\"https:\\\/\\\/ictimai.az\\\/#\\\/schema\\\/person\\\/1da94bf2c7ab5d83ad349237bec1e6af\",\"name\":\"R\u0259\u015fad Bayramov\",\"image\":{\"@type\":\"ImageObject\",\"inLanguage\":\"az\",\"@id\":\"https:\\\/\\\/secure.gravatar.com\\\/avatar\\\/83c075605ba0a4d35d59726aaad89cfa8008d1f01603342c56f1dd79784491bc?s=96&d=mm&r=g\",\"url\":\"https:\\\/\\\/secure.gravatar.com\\\/avatar\\\/83c075605ba0a4d35d59726aaad89cfa8008d1f01603342c56f1dd79784491bc?s=96&d=mm&r=g\",\"contentUrl\":\"https:\\\/\\\/secure.gravatar.com\\\/avatar\\\/83c075605ba0a4d35d59726aaad89cfa8008d1f01603342c56f1dd79784491bc?s=96&d=mm&r=g\",\"caption\":\"R\u0259\u015fad Bayramov\"},\"sameAs\":[\"https:\\\/\\\/ictimai.az\\\/\"],\"url\":\"https:\\\/\\\/ictimai.az\\\/?author=2\"}]}<\/script>\n<!-- \/ Yoast SEO plugin. -->","yoast_head_json":{"title":"B\u0259rd\u0259 \u015f\u0259h\u0259rind\u0259 himnimiz\u0259 h\u00f6rm\u0259tsizlik \u2013 FOTO\/V\u0130DEO - \u0130CT\u0130MA\u0130.AZ","robots":{"index":"index","follow":"follow","max-snippet":"max-snippet:-1","max-image-preview":"max-image-preview:large","max-video-preview":"max-video-preview:-1"},"canonical":"https:\/\/ictimai.az\/?p=3863","og_locale":"az_AZ","og_type":"article","og_title":"B\u0259rd\u0259 \u015f\u0259h\u0259rind\u0259 himnimiz\u0259 h\u00f6rm\u0259tsizlik \u2013 FOTO\/V\u0130DEO - \u0130CT\u0130MA\u0130.AZ","og_description":"B\u0259rd\u0259 \u015f\u0259h\u0259rind\u0259 yerl\u0259\u015f\u0259n Bayraq Meydan\u0131nda xo\u015fag\u0259lm\u0259z hal ya\u015fan\u0131b. \u201cYeni G\u00fcnd\u0259m\u201d\u00a0in \u0259m\u0259kda\u015f\u0131n\u0131n m\u0259lumat\u0131na g\u00f6r\u0259, rayonun m\u0259rk\u0259zind\u0259 yerl\u0259\u015f\u0259n Bayraq Meydan\u0131nda D\u00f6vl\u0259t Himnin\u0259 bax\u0131ms\u0131zl\u0131q hiss olunur. Bel\u0259 ki, himnin s\u00f6zl\u0259rinin b\u0259zi h\u0259rf v\u0259 s\u00f6zl\u0259ri qopub v\u0259 bu problem aradan qald\u0131r\u0131lmay\u0131b. Qeyd ed\u0259k ki, 2012-ci ild\u0259 Prezident \u0130lham \u018fliyev B\u0259rd\u0259 rayonuna s\u0259f\u0259ri zaman\u0131 Bayraq Meydan\u0131 il\u0259 \u015f\u0259xs\u0259n tan\u0131\u015f olub. [&hellip;]","og_url":"https:\/\/ictimai.az\/?p=3863","og_site_name":"\u0130CT\u0130MA\u0130.AZ","article_published_time":"2020-06-30T13:40:03+00:00","article_modified_time":"2020-06-30T14:55:00+00:00","og_image":[{"width":1920,"height":1920,"url":"https:\/\/ictimai.az\/core\/uploads\/2020\/06\/ictimai_a25de781186f3ef2bb342c9772847c0a_i7j1wrsctvz8b20oga95.jpg","type":"image\/jpeg"}],"author":"R\u0259\u015fad Bayramov","twitter_card":"summary_large_image","twitter_misc":{"Written by":"R\u0259\u015fad Bayramov","Est. reading time":"1 minute"},"schema":{"@context":"https:\/\/schema.org","@graph":[{"@type":"Article","@id":"https:\/\/ictimai.az\/?p=3863#article","isPartOf":{"@id":"https:\/\/ictimai.az\/?p=3863"},"author":{"name":"R\u0259\u015fad Bayramov","@id":"https:\/\/ictimai.az\/#\/schema\/person\/1da94bf2c7ab5d83ad349237bec1e6af"},"headline":"B\u0259rd\u0259 \u015f\u0259h\u0259rind\u0259 himnimiz\u0259 h\u00f6rm\u0259tsizlik \u2013 FOTO\/V\u0130DEO","datePublished":"2020-06-30T13:40:03+00:00","dateModified":"2020-06-30T14:55:00+00:00","mainEntityOfPage":{"@id":"https:\/\/ictimai.az\/?p=3863"},"wordCount":160,"publisher":{"@id":"https:\/\/ictimai.az\/#organization"},"image":{"@id":"https:\/\/ictimai.az\/?p=3863#primaryimage"},"thumbnailUrl":"https:\/\/ictimai.az\/core\/uploads\/2020\/06\/ictimai_a25de781186f3ef2bb342c9772847c0a_i7j1wrsctvz8b20oga95.jpg","articleSection":["Banner","G\u00fcnd\u0259m","Man\u015fet","\u00d6z\u0259l"],"inLanguage":"az"},{"@type":"WebPage","@id":"https:\/\/ictimai.az\/?p=3863","url":"https:\/\/ictimai.az\/?p=3863","name":"B\u0259rd\u0259 \u015f\u0259h\u0259rind\u0259 himnimiz\u0259 h\u00f6rm\u0259tsizlik \u2013 FOTO\/V\u0130DEO - \u0130CT\u0130MA\u0130.AZ","isPartOf":{"@id":"https:\/\/ictimai.az\/#website"},"primaryImageOfPage":{"@id":"https:\/\/ictimai.az\/?p=3863#primaryimage"},"image":{"@id":"https:\/\/ictimai.az\/?p=3863#primaryimage"},"thumbnailUrl":"https:\/\/ictimai.az\/core\/uploads\/2020\/06\/ictimai_a25de781186f3ef2bb342c9772847c0a_i7j1wrsctvz8b20oga95.jpg","datePublished":"2020-06-30T13:40:03+00:00","dateModified":"2020-06-30T14:55:00+00:00","breadcrumb":{"@id":"https:\/\/ictimai.az\/?p=3863#breadcrumb"},"inLanguage":"az","potentialAction":[{"@type":"ReadAction","target":["https:\/\/ictimai.az\/?p=3863"]}]},{"@type":"ImageObject","inLanguage":"az","@id":"https:\/\/ictimai.az\/?p=3863#primaryimage","url":"https:\/\/ictimai.az\/core\/uploads\/2020\/06\/ictimai_a25de781186f3ef2bb342c9772847c0a_i7j1wrsctvz8b20oga95.jpg","contentUrl":"https:\/\/ictimai.az\/core\/uploads\/2020\/06\/ictimai_a25de781186f3ef2bb342c9772847c0a_i7j1wrsctvz8b20oga95.jpg","width":1920,"height":1920},{"@type":"BreadcrumbList","@id":"https:\/\/ictimai.az\/?p=3863#breadcrumb","itemListElement":[{"@type":"ListItem","position":1,"name":"Home","item":"https:\/\/ictimai.az\/"},{"@type":"ListItem","position":2,"name":"B\u0259rd\u0259 \u015f\u0259h\u0259rind\u0259 himnimiz\u0259 h\u00f6rm\u0259tsizlik \u2013 FOTO\/V\u0130DEO"}]},{"@type":"WebSite","@id":"https:\/\/ictimai.az\/#website","url":"https:\/\/ictimai.az\/","name":"\u0130CT\u0130MA\u0130.AZ","description":"","publisher":{"@id":"https:\/\/ictimai.az\/#organization"},"potentialAction":[{"@type":"SearchAction","target":{"@type":"EntryPoint","urlTemplate":"https:\/\/ictimai.az\/?s={search_term_string}"},"query-input":{"@type":"PropertyValueSpecification","valueRequired":true,"valueName":"search_term_string"}}],"inLanguage":"az"},{"@type":"Organization","@id":"https:\/\/ictimai.az\/#organization","name":"\u0130CT\u0130MA\u0130.AZ","url":"https:\/\/ictimai.az\/","logo":{"@type":"ImageObject","inLanguage":"az","@id":"https:\/\/ictimai.az\/#\/schema\/logo\/image\/","url":"https:\/\/ictimai.az\/core\/uploads\/2026\/06\/cropped-ictimai_0380d81099c6fe3baae753faceb5481f_p41rg2mzq0uyvextfh3k-768x768-1-3.png","contentUrl":"https:\/\/ictimai.az\/core\/uploads\/2026\/06\/cropped-ictimai_0380d81099c6fe3baae753faceb5481f_p41rg2mzq0uyvextfh3k-768x768-1-3.png","width":768,"height":768,"caption":"\u0130CT\u0130MA\u0130.AZ"},"image":{"@id":"https:\/\/ictimai.az\/#\/schema\/logo\/image\/"}},{"@type":"Person","@id":"https:\/\/ictimai.az\/#\/schema\/person\/1da94bf2c7ab5d83ad349237bec1e6af","name":"R\u0259\u015fad Bayramov","image":{"@type":"ImageObject","inLanguage":"az","@id":"https:\/\/secure.gravatar.com\/avatar\/83c075605ba0a4d35d59726aaad89cfa8008d1f01603342c56f1dd79784491bc?s=96&d=mm&r=g","url":"https:\/\/secure.gravatar.com\/avatar\/83c075605ba0a4d35d59726aaad89cfa8008d1f01603342c56f1dd79784491bc?s=96&d=mm&r=g","contentUrl":"https:\/\/secure.gravatar.com\/avatar\/83c075605ba0a4d35d59726aaad89cfa8008d1f01603342c56f1dd79784491bc?s=96&d=mm&r=g","caption":"R\u0259\u015fad Bayramov"},"sameAs":["https:\/\/ictimai.az\/"],"url":"https:\/\/ictimai.az\/?author=2"}]}},"_links":{"self":[{"href":"https:\/\/ictimai.az\/index.php?rest_route=\/wp\/v2\/posts\/3863","targetHints":{"allow":["GET"]}}],"collection":[{"href":"https:\/\/ictimai.az\/index.php?rest_route=\/wp\/v2\/posts"}],"about":[{"href":"https:\/\/ictimai.az\/index.php?rest_route=\/wp\/v2\/types\/post"}],"author":[{"embeddable":true,"href":"https:\/\/ictimai.az\/index.php?rest_route=\/wp\/v2\/users\/2"}],"replies":[{"embeddable":true,"href":"https:\/\/ictimai.az\/index.php?rest_route=%2Fwp%2Fv2%2Fcomments&post=3863"}],"version-history":[{"count":0,"href":"https:\/\/ictimai.az\/index.php?rest_route=\/wp\/v2\/posts\/3863\/revisions"}],"wp:featuredmedia":[{"embeddable":true,"href":"https:\/\/ictimai.az\/index.php?rest_route=\/wp\/v2\/media\/3864"}],"wp:attachment":[{"href":"https:\/\/ictimai.az\/index.php?rest_route=%2Fwp%2Fv2%2Fmedia&parent=3863"}],"wp:term":[{"taxonomy":"category","embeddable":true,"href":"https:\/\/ictimai.az\/index.php?rest_route=%2Fwp%2Fv2%2Fcategories&post=3863"},{"taxonomy":"post_tag","embeddable":true,"href":"https:\/\/ictimai.az\/index.php?rest_route=%2Fwp%2Fv2%2Ftags&post=3863"}],"curies":[{"name":"wp","href":"https:\/\/api.w.org\/{rel}","templated":true}]}}