{"id":3870,"date":"2020-06-30T18:21:24","date_gmt":"2020-06-30T14:21:24","guid":{"rendered":"https:\/\/ictimai.az\/?p=3870"},"modified":"2020-07-01T02:34:53","modified_gmt":"2020-06-30T22:34:53","slug":"sert-karantin-rejimi-uzadilacaq-aciqlama","status":"publish","type":"post","link":"https:\/\/ictimai.az\/?p=3870","title":{"rendered":"S\u0259rt karantin rejimi uzad\u0131lacaq &#8211; A\u00e7\u0131qlama"},"content":{"rendered":"<p><strong>&#8220;Az\u0259rbaycanda iyulun 5-d\u0259n sonra karantin rejiminin iki h\u0259ft\u0259lik uzad\u0131lmas\u0131 \u00fc\u00e7\u00fcn t\u0259klifl\u0259r var. Fikir ondan ibar\u0259tdir ki, karantin rejimi uzad\u0131ls\u0131n&#8221;.\u00a0<\/strong><\/p>\n<p>&#8220;Qafqazinfo&#8221;nun verdiyi x\u0259b\u0259r\u0259 g\u00f6r\u0259, bunu Prezidentin k\u00f6m\u0259k\u00e7isi Hikm\u0259t Hac\u0131yev bu g\u00fcn Operativ Q\u0259rargah\u0131n ke\u00e7iril\u0259n brifinqind\u0259 deyib.<\/p>\n<p>O bildirib ki, Az\u0259rbaycan h\u00f6kum\u0259ti koronavirusa qar\u015f\u0131 m\u00fcbariz\u0259 t\u0259dbirl\u0259ri \u00e7\u0259r\u00e7iv\u0259sind\u0259 v\u0259t\u0259nda\u015flarla m\u00fct\u0259madi m\u00fcnasib\u0259tl\u0259r qurur: &#8220;D\u00fcnya miqyas\u0131nda koronavirusla ba\u011fl\u0131 v\u0259ziyy\u0259t he\u00e7 d\u0259 \u00fcr\u0259ka\u00e7an deyil. Qar\u015f\u0131da b\u00fct\u00fcn d\u00f6vl\u0259tl\u0259ri qeyri-m\u00fc\u0259yy\u0259nlik g\u00f6zl\u0259yir, virusa nec\u0259 qalib g\u0259lin\u0259c\u0259yin\u0259 dair konkret cavab yoxdur. Yoxsulluq, i\u015fsizlik, acl\u0131q kimi probleml\u0259ri koronavirus daha da a\u011f\u0131rla\u015fd\u0131r\u0131r. Ekspertl\u0259rin fikrinc\u0259, d\u00fcnya iqtisadiyyat\u0131n\u0131 1933-c\u00fc ild\u0259n b\u0259ri g\u00f6r\u00fcnm\u0259y\u0259n bir t\u0259n\u0259zz\u00fcl g\u00f6zl\u0259yir. D\u00fcnyan\u0131n h\u0259r bir yerind\u0259 koronavirus tam aradan qalxmay\u0131nca d\u00fcnyan\u0131n ba\u015fqa bir yerind\u0259 rahat olmaq m\u00fcmk\u00fcn olmayacaq. M\u00fc\u0259yy\u0259n \u00f6lk\u0259l\u0259rd\u0259 a\u00e7\u0131lmalar olandan sonra virusun yay\u0131lmas\u0131na g\u00f6r\u0259 yenid\u0259n qapanmalara gedildi&#8221;.<\/p>\n<p><strong>\u0130ctimai.az\u00a0<\/strong><\/p>\n","protected":false},"excerpt":{"rendered":"<p>&#8220;Az\u0259rbaycanda iyulun 5-d\u0259n sonra karantin rejiminin iki h\u0259ft\u0259lik uzad\u0131lmas\u0131 \u00fc\u00e7\u00fcn t\u0259klifl\u0259r var. Fikir ondan ibar\u0259tdir ki, karantin rejimi uzad\u0131ls\u0131n&#8221;.\u00a0 &#8220;Qafqazinfo&#8221;nun verdiyi x\u0259b\u0259r\u0259 g\u00f6r\u0259, bunu Prezidentin k\u00f6m\u0259k\u00e7isi Hikm\u0259t Hac\u0131yev bu g\u00fcn Operativ Q\u0259rargah\u0131n ke\u00e7iril\u0259n brifinqind\u0259 deyib. O bildirib ki, Az\u0259rbaycan h\u00f6kum\u0259ti koronavirusa qar\u015f\u0131 m\u00fcbariz\u0259 t\u0259dbirl\u0259ri \u00e7\u0259r\u00e7iv\u0259sind\u0259 v\u0259t\u0259nda\u015flarla m\u00fct\u0259madi m\u00fcnasib\u0259tl\u0259r qurur: &#8220;D\u00fcnya miqyas\u0131nda koronavirusla ba\u011fl\u0131 v\u0259ziyy\u0259t he\u00e7 [&hellip;]<\/p>\n","protected":false},"author":2,"featured_media":3871,"comment_status":"closed","ping_status":"closed","sticky":false,"template":"","format":"standard","meta":{"footnotes":""},"categories":[2],"tags":[],"class_list":["post-3870","post","type-post","status-publish","format-standard","has-post-thumbnail","hentry","category-trend"],"yoast_head":"<!-- This site is optimized with the Yoast SEO plugin v28.2 - https:\/\/yoast.com\/product\/yoast-seo-wordpress\/ -->\n<title>S\u0259rt karantin rejimi uzad\u0131lacaq - A\u00e7\u0131qlama - \u0130CT\u0130MA\u0130.AZ<\/title>\n<meta name=\"robots\" content=\"index, follow, max-snippet:-1, max-image-preview:large, max-video-preview:-1\" \/>\n<link rel=\"canonical\" href=\"https:\/\/ictimai.az\/?p=3870\" \/>\n<meta property=\"og:locale\" content=\"az_AZ\" \/>\n<meta property=\"og:type\" content=\"article\" \/>\n<meta property=\"og:title\" content=\"S\u0259rt karantin rejimi uzad\u0131lacaq - A\u00e7\u0131qlama - \u0130CT\u0130MA\u0130.AZ\" \/>\n<meta property=\"og:description\" content=\"&#8220;Az\u0259rbaycanda iyulun 5-d\u0259n sonra karantin rejiminin iki h\u0259ft\u0259lik uzad\u0131lmas\u0131 \u00fc\u00e7\u00fcn t\u0259klifl\u0259r var. Fikir ondan ibar\u0259tdir ki, karantin rejimi uzad\u0131ls\u0131n&#8221;.\u00a0 &#8220;Qafqazinfo&#8221;nun verdiyi x\u0259b\u0259r\u0259 g\u00f6r\u0259, bunu Prezidentin k\u00f6m\u0259k\u00e7isi Hikm\u0259t Hac\u0131yev bu g\u00fcn Operativ Q\u0259rargah\u0131n ke\u00e7iril\u0259n brifinqind\u0259 deyib. O bildirib ki, Az\u0259rbaycan h\u00f6kum\u0259ti koronavirusa qar\u015f\u0131 m\u00fcbariz\u0259 t\u0259dbirl\u0259ri \u00e7\u0259r\u00e7iv\u0259sind\u0259 v\u0259t\u0259nda\u015flarla m\u00fct\u0259madi m\u00fcnasib\u0259tl\u0259r qurur: &#8220;D\u00fcnya miqyas\u0131nda koronavirusla ba\u011fl\u0131 v\u0259ziyy\u0259t he\u00e7 [&hellip;]\" \/>\n<meta property=\"og:url\" content=\"https:\/\/ictimai.az\/?p=3870\" \/>\n<meta property=\"og:site_name\" content=\"\u0130CT\u0130MA\u0130.AZ\" \/>\n<meta property=\"article:published_time\" content=\"2020-06-30T14:21:24+00:00\" \/>\n<meta property=\"article:modified_time\" content=\"2020-06-30T22:34:53+00:00\" \/>\n<meta property=\"og:image\" content=\"https:\/\/ictimai.az\/core\/uploads\/2020\/06\/ictimai_9be45b10a0bca0b183983a60066af4af_yk3ngcr745bota0p18uj.jpg\" \/>\n\t<meta property=\"og:image:width\" content=\"620\" \/>\n\t<meta property=\"og:image:height\" content=\"394\" \/>\n\t<meta property=\"og:image:type\" content=\"image\/jpeg\" \/>\n<meta name=\"author\" content=\"R\u0259\u015fad Bayramov\" \/>\n<meta name=\"twitter:card\" content=\"summary_large_image\" \/>\n<meta name=\"twitter:label1\" content=\"Written by\" \/>\n\t<meta name=\"twitter:data1\" content=\"R\u0259\u015fad Bayramov\" \/>\n\t<meta name=\"twitter:label2\" content=\"Est. reading time\" \/>\n\t<meta name=\"twitter:data2\" content=\"1 minute\" \/>\n<script type=\"application\/ld+json\" class=\"yoast-schema-graph\">{\"@context\":\"https:\\\/\\\/schema.org\",\"@graph\":[{\"@type\":\"Article\",\"@id\":\"https:\\\/\\\/ictimai.az\\\/?p=3870#article\",\"isPartOf\":{\"@id\":\"https:\\\/\\\/ictimai.az\\\/?p=3870\"},\"author\":{\"name\":\"R\u0259\u015fad Bayramov\",\"@id\":\"https:\\\/\\\/ictimai.az\\\/#\\\/schema\\\/person\\\/1da94bf2c7ab5d83ad349237bec1e6af\"},\"headline\":\"S\u0259rt karantin rejimi uzad\u0131lacaq &#8211; A\u00e7\u0131qlama\",\"datePublished\":\"2020-06-30T14:21:24+00:00\",\"dateModified\":\"2020-06-30T22:34:53+00:00\",\"mainEntityOfPage\":{\"@id\":\"https:\\\/\\\/ictimai.az\\\/?p=3870\"},\"wordCount\":228,\"publisher\":{\"@id\":\"https:\\\/\\\/ictimai.az\\\/#organization\"},\"image\":{\"@id\":\"https:\\\/\\\/ictimai.az\\\/?p=3870#primaryimage\"},\"thumbnailUrl\":\"https:\\\/\\\/ictimai.az\\\/core\\\/uploads\\\/2020\\\/06\\\/ictimai_9be45b10a0bca0b183983a60066af4af_yk3ngcr745bota0p18uj.jpg\",\"articleSection\":[\"G\u00fcnd\u0259m\"],\"inLanguage\":\"az\"},{\"@type\":\"WebPage\",\"@id\":\"https:\\\/\\\/ictimai.az\\\/?p=3870\",\"url\":\"https:\\\/\\\/ictimai.az\\\/?p=3870\",\"name\":\"S\u0259rt karantin rejimi uzad\u0131lacaq - A\u00e7\u0131qlama - \u0130CT\u0130MA\u0130.AZ\",\"isPartOf\":{\"@id\":\"https:\\\/\\\/ictimai.az\\\/#website\"},\"primaryImageOfPage\":{\"@id\":\"https:\\\/\\\/ictimai.az\\\/?p=3870#primaryimage\"},\"image\":{\"@id\":\"https:\\\/\\\/ictimai.az\\\/?p=3870#primaryimage\"},\"thumbnailUrl\":\"https:\\\/\\\/ictimai.az\\\/core\\\/uploads\\\/2020\\\/06\\\/ictimai_9be45b10a0bca0b183983a60066af4af_yk3ngcr745bota0p18uj.jpg\",\"datePublished\":\"2020-06-30T14:21:24+00:00\",\"dateModified\":\"2020-06-30T22:34:53+00:00\",\"breadcrumb\":{\"@id\":\"https:\\\/\\\/ictimai.az\\\/?p=3870#breadcrumb\"},\"inLanguage\":\"az\",\"potentialAction\":[{\"@type\":\"ReadAction\",\"target\":[\"https:\\\/\\\/ictimai.az\\\/?p=3870\"]}]},{\"@type\":\"ImageObject\",\"inLanguage\":\"az\",\"@id\":\"https:\\\/\\\/ictimai.az\\\/?p=3870#primaryimage\",\"url\":\"https:\\\/\\\/ictimai.az\\\/core\\\/uploads\\\/2020\\\/06\\\/ictimai_9be45b10a0bca0b183983a60066af4af_yk3ngcr745bota0p18uj.jpg\",\"contentUrl\":\"https:\\\/\\\/ictimai.az\\\/core\\\/uploads\\\/2020\\\/06\\\/ictimai_9be45b10a0bca0b183983a60066af4af_yk3ngcr745bota0p18uj.jpg\",\"width\":620,\"height\":394},{\"@type\":\"BreadcrumbList\",\"@id\":\"https:\\\/\\\/ictimai.az\\\/?p=3870#breadcrumb\",\"itemListElement\":[{\"@type\":\"ListItem\",\"position\":1,\"name\":\"Home\",\"item\":\"https:\\\/\\\/ictimai.az\\\/\"},{\"@type\":\"ListItem\",\"position\":2,\"name\":\"S\u0259rt karantin rejimi uzad\u0131lacaq &#8211; A\u00e7\u0131qlama\"}]},{\"@type\":\"WebSite\",\"@id\":\"https:\\\/\\\/ictimai.az\\\/#website\",\"url\":\"https:\\\/\\\/ictimai.az\\\/\",\"name\":\"\u0130CT\u0130MA\u0130.AZ\",\"description\":\"\",\"publisher\":{\"@id\":\"https:\\\/\\\/ictimai.az\\\/#organization\"},\"potentialAction\":[{\"@type\":\"SearchAction\",\"target\":{\"@type\":\"EntryPoint\",\"urlTemplate\":\"https:\\\/\\\/ictimai.az\\\/?s={search_term_string}\"},\"query-input\":{\"@type\":\"PropertyValueSpecification\",\"valueRequired\":true,\"valueName\":\"search_term_string\"}}],\"inLanguage\":\"az\"},{\"@type\":\"Organization\",\"@id\":\"https:\\\/\\\/ictimai.az\\\/#organization\",\"name\":\"\u0130CT\u0130MA\u0130.AZ\",\"url\":\"https:\\\/\\\/ictimai.az\\\/\",\"logo\":{\"@type\":\"ImageObject\",\"inLanguage\":\"az\",\"@id\":\"https:\\\/\\\/ictimai.az\\\/#\\\/schema\\\/logo\\\/image\\\/\",\"url\":\"https:\\\/\\\/ictimai.az\\\/core\\\/uploads\\\/2026\\\/06\\\/cropped-ictimai_0380d81099c6fe3baae753faceb5481f_p41rg2mzq0uyvextfh3k-768x768-1-3.png\",\"contentUrl\":\"https:\\\/\\\/ictimai.az\\\/core\\\/uploads\\\/2026\\\/06\\\/cropped-ictimai_0380d81099c6fe3baae753faceb5481f_p41rg2mzq0uyvextfh3k-768x768-1-3.png\",\"width\":768,\"height\":768,\"caption\":\"\u0130CT\u0130MA\u0130.AZ\"},\"image\":{\"@id\":\"https:\\\/\\\/ictimai.az\\\/#\\\/schema\\\/logo\\\/image\\\/\"}},{\"@type\":\"Person\",\"@id\":\"https:\\\/\\\/ictimai.az\\\/#\\\/schema\\\/person\\\/1da94bf2c7ab5d83ad349237bec1e6af\",\"name\":\"R\u0259\u015fad Bayramov\",\"image\":{\"@type\":\"ImageObject\",\"inLanguage\":\"az\",\"@id\":\"https:\\\/\\\/secure.gravatar.com\\\/avatar\\\/83c075605ba0a4d35d59726aaad89cfa8008d1f01603342c56f1dd79784491bc?s=96&d=mm&r=g\",\"url\":\"https:\\\/\\\/secure.gravatar.com\\\/avatar\\\/83c075605ba0a4d35d59726aaad89cfa8008d1f01603342c56f1dd79784491bc?s=96&d=mm&r=g\",\"contentUrl\":\"https:\\\/\\\/secure.gravatar.com\\\/avatar\\\/83c075605ba0a4d35d59726aaad89cfa8008d1f01603342c56f1dd79784491bc?s=96&d=mm&r=g\",\"caption\":\"R\u0259\u015fad Bayramov\"},\"sameAs\":[\"https:\\\/\\\/ictimai.az\\\/\"],\"url\":\"https:\\\/\\\/ictimai.az\\\/?author=2\"}]}<\/script>\n<!-- \/ Yoast SEO plugin. -->","yoast_head_json":{"title":"S\u0259rt karantin rejimi uzad\u0131lacaq - A\u00e7\u0131qlama - \u0130CT\u0130MA\u0130.AZ","robots":{"index":"index","follow":"follow","max-snippet":"max-snippet:-1","max-image-preview":"max-image-preview:large","max-video-preview":"max-video-preview:-1"},"canonical":"https:\/\/ictimai.az\/?p=3870","og_locale":"az_AZ","og_type":"article","og_title":"S\u0259rt karantin rejimi uzad\u0131lacaq - A\u00e7\u0131qlama - \u0130CT\u0130MA\u0130.AZ","og_description":"&#8220;Az\u0259rbaycanda iyulun 5-d\u0259n sonra karantin rejiminin iki h\u0259ft\u0259lik uzad\u0131lmas\u0131 \u00fc\u00e7\u00fcn t\u0259klifl\u0259r var. Fikir ondan ibar\u0259tdir ki, karantin rejimi uzad\u0131ls\u0131n&#8221;.\u00a0 &#8220;Qafqazinfo&#8221;nun verdiyi x\u0259b\u0259r\u0259 g\u00f6r\u0259, bunu Prezidentin k\u00f6m\u0259k\u00e7isi Hikm\u0259t Hac\u0131yev bu g\u00fcn Operativ Q\u0259rargah\u0131n ke\u00e7iril\u0259n brifinqind\u0259 deyib. O bildirib ki, Az\u0259rbaycan h\u00f6kum\u0259ti koronavirusa qar\u015f\u0131 m\u00fcbariz\u0259 t\u0259dbirl\u0259ri \u00e7\u0259r\u00e7iv\u0259sind\u0259 v\u0259t\u0259nda\u015flarla m\u00fct\u0259madi m\u00fcnasib\u0259tl\u0259r qurur: &#8220;D\u00fcnya miqyas\u0131nda koronavirusla ba\u011fl\u0131 v\u0259ziyy\u0259t he\u00e7 [&hellip;]","og_url":"https:\/\/ictimai.az\/?p=3870","og_site_name":"\u0130CT\u0130MA\u0130.AZ","article_published_time":"2020-06-30T14:21:24+00:00","article_modified_time":"2020-06-30T22:34:53+00:00","og_image":[{"width":620,"height":394,"url":"https:\/\/ictimai.az\/core\/uploads\/2020\/06\/ictimai_9be45b10a0bca0b183983a60066af4af_yk3ngcr745bota0p18uj.jpg","type":"image\/jpeg"}],"author":"R\u0259\u015fad Bayramov","twitter_card":"summary_large_image","twitter_misc":{"Written by":"R\u0259\u015fad Bayramov","Est. reading time":"1 minute"},"schema":{"@context":"https:\/\/schema.org","@graph":[{"@type":"Article","@id":"https:\/\/ictimai.az\/?p=3870#article","isPartOf":{"@id":"https:\/\/ictimai.az\/?p=3870"},"author":{"name":"R\u0259\u015fad Bayramov","@id":"https:\/\/ictimai.az\/#\/schema\/person\/1da94bf2c7ab5d83ad349237bec1e6af"},"headline":"S\u0259rt karantin rejimi uzad\u0131lacaq &#8211; A\u00e7\u0131qlama","datePublished":"2020-06-30T14:21:24+00:00","dateModified":"2020-06-30T22:34:53+00:00","mainEntityOfPage":{"@id":"https:\/\/ictimai.az\/?p=3870"},"wordCount":228,"publisher":{"@id":"https:\/\/ictimai.az\/#organization"},"image":{"@id":"https:\/\/ictimai.az\/?p=3870#primaryimage"},"thumbnailUrl":"https:\/\/ictimai.az\/core\/uploads\/2020\/06\/ictimai_9be45b10a0bca0b183983a60066af4af_yk3ngcr745bota0p18uj.jpg","articleSection":["G\u00fcnd\u0259m"],"inLanguage":"az"},{"@type":"WebPage","@id":"https:\/\/ictimai.az\/?p=3870","url":"https:\/\/ictimai.az\/?p=3870","name":"S\u0259rt karantin rejimi uzad\u0131lacaq - A\u00e7\u0131qlama - \u0130CT\u0130MA\u0130.AZ","isPartOf":{"@id":"https:\/\/ictimai.az\/#website"},"primaryImageOfPage":{"@id":"https:\/\/ictimai.az\/?p=3870#primaryimage"},"image":{"@id":"https:\/\/ictimai.az\/?p=3870#primaryimage"},"thumbnailUrl":"https:\/\/ictimai.az\/core\/uploads\/2020\/06\/ictimai_9be45b10a0bca0b183983a60066af4af_yk3ngcr745bota0p18uj.jpg","datePublished":"2020-06-30T14:21:24+00:00","dateModified":"2020-06-30T22:34:53+00:00","breadcrumb":{"@id":"https:\/\/ictimai.az\/?p=3870#breadcrumb"},"inLanguage":"az","potentialAction":[{"@type":"ReadAction","target":["https:\/\/ictimai.az\/?p=3870"]}]},{"@type":"ImageObject","inLanguage":"az","@id":"https:\/\/ictimai.az\/?p=3870#primaryimage","url":"https:\/\/ictimai.az\/core\/uploads\/2020\/06\/ictimai_9be45b10a0bca0b183983a60066af4af_yk3ngcr745bota0p18uj.jpg","contentUrl":"https:\/\/ictimai.az\/core\/uploads\/2020\/06\/ictimai_9be45b10a0bca0b183983a60066af4af_yk3ngcr745bota0p18uj.jpg","width":620,"height":394},{"@type":"BreadcrumbList","@id":"https:\/\/ictimai.az\/?p=3870#breadcrumb","itemListElement":[{"@type":"ListItem","position":1,"name":"Home","item":"https:\/\/ictimai.az\/"},{"@type":"ListItem","position":2,"name":"S\u0259rt karantin rejimi uzad\u0131lacaq &#8211; A\u00e7\u0131qlama"}]},{"@type":"WebSite","@id":"https:\/\/ictimai.az\/#website","url":"https:\/\/ictimai.az\/","name":"\u0130CT\u0130MA\u0130.AZ","description":"","publisher":{"@id":"https:\/\/ictimai.az\/#organization"},"potentialAction":[{"@type":"SearchAction","target":{"@type":"EntryPoint","urlTemplate":"https:\/\/ictimai.az\/?s={search_term_string}"},"query-input":{"@type":"PropertyValueSpecification","valueRequired":true,"valueName":"search_term_string"}}],"inLanguage":"az"},{"@type":"Organization","@id":"https:\/\/ictimai.az\/#organization","name":"\u0130CT\u0130MA\u0130.AZ","url":"https:\/\/ictimai.az\/","logo":{"@type":"ImageObject","inLanguage":"az","@id":"https:\/\/ictimai.az\/#\/schema\/logo\/image\/","url":"https:\/\/ictimai.az\/core\/uploads\/2026\/06\/cropped-ictimai_0380d81099c6fe3baae753faceb5481f_p41rg2mzq0uyvextfh3k-768x768-1-3.png","contentUrl":"https:\/\/ictimai.az\/core\/uploads\/2026\/06\/cropped-ictimai_0380d81099c6fe3baae753faceb5481f_p41rg2mzq0uyvextfh3k-768x768-1-3.png","width":768,"height":768,"caption":"\u0130CT\u0130MA\u0130.AZ"},"image":{"@id":"https:\/\/ictimai.az\/#\/schema\/logo\/image\/"}},{"@type":"Person","@id":"https:\/\/ictimai.az\/#\/schema\/person\/1da94bf2c7ab5d83ad349237bec1e6af","name":"R\u0259\u015fad Bayramov","image":{"@type":"ImageObject","inLanguage":"az","@id":"https:\/\/secure.gravatar.com\/avatar\/83c075605ba0a4d35d59726aaad89cfa8008d1f01603342c56f1dd79784491bc?s=96&d=mm&r=g","url":"https:\/\/secure.gravatar.com\/avatar\/83c075605ba0a4d35d59726aaad89cfa8008d1f01603342c56f1dd79784491bc?s=96&d=mm&r=g","contentUrl":"https:\/\/secure.gravatar.com\/avatar\/83c075605ba0a4d35d59726aaad89cfa8008d1f01603342c56f1dd79784491bc?s=96&d=mm&r=g","caption":"R\u0259\u015fad Bayramov"},"sameAs":["https:\/\/ictimai.az\/"],"url":"https:\/\/ictimai.az\/?author=2"}]}},"_links":{"self":[{"href":"https:\/\/ictimai.az\/index.php?rest_route=\/wp\/v2\/posts\/3870","targetHints":{"allow":["GET"]}}],"collection":[{"href":"https:\/\/ictimai.az\/index.php?rest_route=\/wp\/v2\/posts"}],"about":[{"href":"https:\/\/ictimai.az\/index.php?rest_route=\/wp\/v2\/types\/post"}],"author":[{"embeddable":true,"href":"https:\/\/ictimai.az\/index.php?rest_route=\/wp\/v2\/users\/2"}],"replies":[{"embeddable":true,"href":"https:\/\/ictimai.az\/index.php?rest_route=%2Fwp%2Fv2%2Fcomments&post=3870"}],"version-history":[{"count":0,"href":"https:\/\/ictimai.az\/index.php?rest_route=\/wp\/v2\/posts\/3870\/revisions"}],"wp:featuredmedia":[{"embeddable":true,"href":"https:\/\/ictimai.az\/index.php?rest_route=\/wp\/v2\/media\/3871"}],"wp:attachment":[{"href":"https:\/\/ictimai.az\/index.php?rest_route=%2Fwp%2Fv2%2Fmedia&parent=3870"}],"wp:term":[{"taxonomy":"category","embeddable":true,"href":"https:\/\/ictimai.az\/index.php?rest_route=%2Fwp%2Fv2%2Fcategories&post=3870"},{"taxonomy":"post_tag","embeddable":true,"href":"https:\/\/ictimai.az\/index.php?rest_route=%2Fwp%2Fv2%2Ftags&post=3870"}],"curies":[{"name":"wp","href":"https:\/\/api.w.org\/{rel}","templated":true}]}}