{"id":42453,"date":"2024-03-01T12:28:23","date_gmt":"2024-03-01T08:28:23","guid":{"rendered":"https:\/\/ictimai.az\/?p=42453"},"modified":"2024-03-01T13:04:42","modified_gmt":"2024-03-01T09:04:42","slug":"belediyye-uzvlerinin-de-sayi-azaldilacaq","status":"publish","type":"post","link":"https:\/\/ictimai.az\/?p=42453","title":{"rendered":"B\u0259l\u0259diyy\u0259 \u00fczvl\u0259rinin d\u0259 say\u0131 azald\u0131lacaq"},"content":{"rendered":"<p>\u201cBiz t\u0259klif etmi\u015fik b\u0259l\u0259diyy\u0259 \u00fczvl\u0259rinin say\u0131 azald\u0131ls\u0131n\u201d.<\/p>\n<p>APA x\u0259b\u0259r verir ki, bunu Milli M\u0259clisin Regional m\u0259s\u0259l\u0259l\u0259r komit\u0259sinin bu g\u00fcn ke\u00e7iril\u0259n iclas\u0131nda komit\u0259 s\u0259dri Siyavu\u015f Novruzov deyib.<\/p>\n<p>Komit\u0259 s\u0259dri bildirib ki, birl\u0259\u015f\u0259n b\u0259l\u0259diyy\u0259l\u0259r bunu h\u0259ll ets\u0259 d\u0259, m\u0259s\u0259l\u0259 tam h\u0259llini tapmay\u0131b:<\/p>\n<p>\u201cB\u0259l\u0259diyy\u0259 \u00fczvl\u0259rinin say\u0131 3-11 n\u0259f\u0259r m\u00fc\u0259yy\u0259n olunsa, daha yax\u015f\u0131 olar. Eyni zamanda siyasi partiyalar da bu prosesd\u0259 i\u015ftirak etm\u0259lidir. 1600 b\u0259l\u0259diyy\u0259y\u0259 16 min adam namiz\u0259d ir\u0259li s\u00fcrm\u0259k bir \u00e7ox partiya \u00fc\u00e7\u00fcn \u00e7\u0259tindir. He\u00e7 olmasa 50% i\u015ftirak da partiyalar \u00fc\u00e7\u00fcn \u00e7\u0259tinlik yarad\u0131r. \u00dczvl\u0259rin say\u0131n\u0131n, b\u0259l\u0259diyy\u0259l\u0259rin say\u0131n\u0131n azald\u0131lmas\u0131 siyasi partiyalar\u0131n da i\u015ftirak\u0131 \u00fc\u00e7\u00fcn imkan yaradacaq. B\u0259l\u0259diyy\u0259 se\u00e7kil\u0259rin\u0259 q\u0259d\u0259r birl\u0259\u015fm\u0259 prosesini h\u0259yata ke\u00e7ir\u0259c\u0259yik. Azad olunmu\u015f \u0259razil\u0259rd\u0259 quruculuq i\u015fl\u0259ri apar\u0131landa k\u0259ndl\u0259rin birl\u0259\u015fm\u0259si prosesi h\u0259yata ke\u00e7irilir. Bu \u00e7ox do\u011fru add\u0131md\u0131r. Pay torpaqlar\u0131 ist\u0259nil\u0259n yerd\u0259 veril\u0259 bil\u0259r. Qalan hallarda ya\u015fay\u0131\u015f massivl\u0259ri birl\u0259\u015fdirilib, \u0259v\u0259zin\u0259 b\u00f6y\u00fck ya\u015fay\u0131\u015f massivi sal\u0131nmal\u0131d\u0131r\u201d.<\/p>\n<p>Qeyd ed\u0259k ki, bu g\u00fcn Milli M\u0259clisd\u0259 b\u0259l\u0259diyy\u0259l\u0259rin birl\u0259\u015fm\u0259si v\u0259 l\u0259\u011fv edilm\u0259si il\u0259 ba\u011fl\u0131 qanun layih\u0259si m\u00fczakir\u0259 olunur.<\/p>\n","protected":false},"excerpt":{"rendered":"<p>\u201cBiz t\u0259klif etmi\u015fik b\u0259l\u0259diyy\u0259 \u00fczvl\u0259rinin say\u0131 azald\u0131ls\u0131n\u201d. APA x\u0259b\u0259r verir ki, bunu Milli M\u0259clisin Regional m\u0259s\u0259l\u0259l\u0259r komit\u0259sinin bu g\u00fcn ke\u00e7iril\u0259n iclas\u0131nda komit\u0259 s\u0259dri Siyavu\u015f Novruzov deyib. Komit\u0259 s\u0259dri bildirib ki, birl\u0259\u015f\u0259n b\u0259l\u0259diyy\u0259l\u0259r bunu h\u0259ll ets\u0259 d\u0259, m\u0259s\u0259l\u0259 tam h\u0259llini tapmay\u0131b: \u201cB\u0259l\u0259diyy\u0259 \u00fczvl\u0259rinin say\u0131 3-11 n\u0259f\u0259r m\u00fc\u0259yy\u0259n olunsa, daha yax\u015f\u0131 olar. Eyni zamanda siyasi partiyalar da [&hellip;]<\/p>\n","protected":false},"author":2,"featured_media":0,"comment_status":"closed","ping_status":"closed","sticky":false,"template":"","format":"standard","meta":{"footnotes":""},"categories":[2],"tags":[],"class_list":["post-42453","post","type-post","status-publish","format-standard","hentry","category-trend"],"yoast_head":"<!-- This site is optimized with the Yoast SEO plugin v28.2 - https:\/\/yoast.com\/product\/yoast-seo-wordpress\/ -->\n<title>B\u0259l\u0259diyy\u0259 \u00fczvl\u0259rinin d\u0259 say\u0131 azald\u0131lacaq - \u0130CT\u0130MA\u0130.AZ<\/title>\n<meta name=\"robots\" content=\"index, follow, max-snippet:-1, max-image-preview:large, max-video-preview:-1\" \/>\n<link rel=\"canonical\" href=\"https:\/\/ictimai.az\/?p=42453\" \/>\n<meta property=\"og:locale\" content=\"az_AZ\" \/>\n<meta property=\"og:type\" content=\"article\" \/>\n<meta property=\"og:title\" content=\"B\u0259l\u0259diyy\u0259 \u00fczvl\u0259rinin d\u0259 say\u0131 azald\u0131lacaq - \u0130CT\u0130MA\u0130.AZ\" \/>\n<meta property=\"og:description\" content=\"\u201cBiz t\u0259klif etmi\u015fik b\u0259l\u0259diyy\u0259 \u00fczvl\u0259rinin say\u0131 azald\u0131ls\u0131n\u201d. APA x\u0259b\u0259r verir ki, bunu Milli M\u0259clisin Regional m\u0259s\u0259l\u0259l\u0259r komit\u0259sinin bu g\u00fcn ke\u00e7iril\u0259n iclas\u0131nda komit\u0259 s\u0259dri Siyavu\u015f Novruzov deyib. Komit\u0259 s\u0259dri bildirib ki, birl\u0259\u015f\u0259n b\u0259l\u0259diyy\u0259l\u0259r bunu h\u0259ll ets\u0259 d\u0259, m\u0259s\u0259l\u0259 tam h\u0259llini tapmay\u0131b: \u201cB\u0259l\u0259diyy\u0259 \u00fczvl\u0259rinin say\u0131 3-11 n\u0259f\u0259r m\u00fc\u0259yy\u0259n olunsa, daha yax\u015f\u0131 olar. Eyni zamanda siyasi partiyalar da [&hellip;]\" \/>\n<meta property=\"og:url\" content=\"https:\/\/ictimai.az\/?p=42453\" \/>\n<meta property=\"og:site_name\" content=\"\u0130CT\u0130MA\u0130.AZ\" \/>\n<meta property=\"article:published_time\" content=\"2024-03-01T08:28:23+00:00\" \/>\n<meta property=\"article:modified_time\" content=\"2024-03-01T09:04:42+00:00\" \/>\n<meta name=\"author\" content=\"R\u0259\u015fad Bayramov\" \/>\n<meta name=\"twitter:card\" content=\"summary_large_image\" \/>\n<meta name=\"twitter:label1\" content=\"Written by\" \/>\n\t<meta name=\"twitter:data1\" content=\"R\u0259\u015fad Bayramov\" \/>\n\t<meta name=\"twitter:label2\" content=\"Est. reading time\" \/>\n\t<meta name=\"twitter:data2\" content=\"1 minute\" \/>\n<script type=\"application\/ld+json\" class=\"yoast-schema-graph\">{\"@context\":\"https:\\\/\\\/schema.org\",\"@graph\":[{\"@type\":\"Article\",\"@id\":\"https:\\\/\\\/ictimai.az\\\/?p=42453#article\",\"isPartOf\":{\"@id\":\"https:\\\/\\\/ictimai.az\\\/?p=42453\"},\"author\":{\"name\":\"R\u0259\u015fad Bayramov\",\"@id\":\"https:\\\/\\\/ictimai.az\\\/#\\\/schema\\\/person\\\/1da94bf2c7ab5d83ad349237bec1e6af\"},\"headline\":\"B\u0259l\u0259diyy\u0259 \u00fczvl\u0259rinin d\u0259 say\u0131 azald\u0131lacaq\",\"datePublished\":\"2024-03-01T08:28:23+00:00\",\"dateModified\":\"2024-03-01T09:04:42+00:00\",\"mainEntityOfPage\":{\"@id\":\"https:\\\/\\\/ictimai.az\\\/?p=42453\"},\"wordCount\":267,\"publisher\":{\"@id\":\"https:\\\/\\\/ictimai.az\\\/#organization\"},\"articleSection\":[\"G\u00fcnd\u0259m\"],\"inLanguage\":\"az\"},{\"@type\":\"WebPage\",\"@id\":\"https:\\\/\\\/ictimai.az\\\/?p=42453\",\"url\":\"https:\\\/\\\/ictimai.az\\\/?p=42453\",\"name\":\"B\u0259l\u0259diyy\u0259 \u00fczvl\u0259rinin d\u0259 say\u0131 azald\u0131lacaq - \u0130CT\u0130MA\u0130.AZ\",\"isPartOf\":{\"@id\":\"https:\\\/\\\/ictimai.az\\\/#website\"},\"datePublished\":\"2024-03-01T08:28:23+00:00\",\"dateModified\":\"2024-03-01T09:04:42+00:00\",\"breadcrumb\":{\"@id\":\"https:\\\/\\\/ictimai.az\\\/?p=42453#breadcrumb\"},\"inLanguage\":\"az\",\"potentialAction\":[{\"@type\":\"ReadAction\",\"target\":[\"https:\\\/\\\/ictimai.az\\\/?p=42453\"]}]},{\"@type\":\"BreadcrumbList\",\"@id\":\"https:\\\/\\\/ictimai.az\\\/?p=42453#breadcrumb\",\"itemListElement\":[{\"@type\":\"ListItem\",\"position\":1,\"name\":\"Home\",\"item\":\"https:\\\/\\\/ictimai.az\\\/\"},{\"@type\":\"ListItem\",\"position\":2,\"name\":\"B\u0259l\u0259diyy\u0259 \u00fczvl\u0259rinin d\u0259 say\u0131 azald\u0131lacaq\"}]},{\"@type\":\"WebSite\",\"@id\":\"https:\\\/\\\/ictimai.az\\\/#website\",\"url\":\"https:\\\/\\\/ictimai.az\\\/\",\"name\":\"\u0130CT\u0130MA\u0130.AZ\",\"description\":\"\",\"publisher\":{\"@id\":\"https:\\\/\\\/ictimai.az\\\/#organization\"},\"potentialAction\":[{\"@type\":\"SearchAction\",\"target\":{\"@type\":\"EntryPoint\",\"urlTemplate\":\"https:\\\/\\\/ictimai.az\\\/?s={search_term_string}\"},\"query-input\":{\"@type\":\"PropertyValueSpecification\",\"valueRequired\":true,\"valueName\":\"search_term_string\"}}],\"inLanguage\":\"az\"},{\"@type\":\"Organization\",\"@id\":\"https:\\\/\\\/ictimai.az\\\/#organization\",\"name\":\"\u0130CT\u0130MA\u0130.AZ\",\"url\":\"https:\\\/\\\/ictimai.az\\\/\",\"logo\":{\"@type\":\"ImageObject\",\"inLanguage\":\"az\",\"@id\":\"https:\\\/\\\/ictimai.az\\\/#\\\/schema\\\/logo\\\/image\\\/\",\"url\":\"https:\\\/\\\/ictimai.az\\\/core\\\/uploads\\\/2026\\\/06\\\/cropped-ictimai_0380d81099c6fe3baae753faceb5481f_p41rg2mzq0uyvextfh3k-768x768-1-3.png\",\"contentUrl\":\"https:\\\/\\\/ictimai.az\\\/core\\\/uploads\\\/2026\\\/06\\\/cropped-ictimai_0380d81099c6fe3baae753faceb5481f_p41rg2mzq0uyvextfh3k-768x768-1-3.png\",\"width\":768,\"height\":768,\"caption\":\"\u0130CT\u0130MA\u0130.AZ\"},\"image\":{\"@id\":\"https:\\\/\\\/ictimai.az\\\/#\\\/schema\\\/logo\\\/image\\\/\"}},{\"@type\":\"Person\",\"@id\":\"https:\\\/\\\/ictimai.az\\\/#\\\/schema\\\/person\\\/1da94bf2c7ab5d83ad349237bec1e6af\",\"name\":\"R\u0259\u015fad Bayramov\",\"image\":{\"@type\":\"ImageObject\",\"inLanguage\":\"az\",\"@id\":\"https:\\\/\\\/secure.gravatar.com\\\/avatar\\\/83c075605ba0a4d35d59726aaad89cfa8008d1f01603342c56f1dd79784491bc?s=96&d=mm&r=g\",\"url\":\"https:\\\/\\\/secure.gravatar.com\\\/avatar\\\/83c075605ba0a4d35d59726aaad89cfa8008d1f01603342c56f1dd79784491bc?s=96&d=mm&r=g\",\"contentUrl\":\"https:\\\/\\\/secure.gravatar.com\\\/avatar\\\/83c075605ba0a4d35d59726aaad89cfa8008d1f01603342c56f1dd79784491bc?s=96&d=mm&r=g\",\"caption\":\"R\u0259\u015fad Bayramov\"},\"sameAs\":[\"https:\\\/\\\/ictimai.az\\\/\"],\"url\":\"https:\\\/\\\/ictimai.az\\\/?author=2\"}]}<\/script>\n<!-- \/ Yoast SEO plugin. -->","yoast_head_json":{"title":"B\u0259l\u0259diyy\u0259 \u00fczvl\u0259rinin d\u0259 say\u0131 azald\u0131lacaq - \u0130CT\u0130MA\u0130.AZ","robots":{"index":"index","follow":"follow","max-snippet":"max-snippet:-1","max-image-preview":"max-image-preview:large","max-video-preview":"max-video-preview:-1"},"canonical":"https:\/\/ictimai.az\/?p=42453","og_locale":"az_AZ","og_type":"article","og_title":"B\u0259l\u0259diyy\u0259 \u00fczvl\u0259rinin d\u0259 say\u0131 azald\u0131lacaq - \u0130CT\u0130MA\u0130.AZ","og_description":"\u201cBiz t\u0259klif etmi\u015fik b\u0259l\u0259diyy\u0259 \u00fczvl\u0259rinin say\u0131 azald\u0131ls\u0131n\u201d. APA x\u0259b\u0259r verir ki, bunu Milli M\u0259clisin Regional m\u0259s\u0259l\u0259l\u0259r komit\u0259sinin bu g\u00fcn ke\u00e7iril\u0259n iclas\u0131nda komit\u0259 s\u0259dri Siyavu\u015f Novruzov deyib. Komit\u0259 s\u0259dri bildirib ki, birl\u0259\u015f\u0259n b\u0259l\u0259diyy\u0259l\u0259r bunu h\u0259ll ets\u0259 d\u0259, m\u0259s\u0259l\u0259 tam h\u0259llini tapmay\u0131b: \u201cB\u0259l\u0259diyy\u0259 \u00fczvl\u0259rinin say\u0131 3-11 n\u0259f\u0259r m\u00fc\u0259yy\u0259n olunsa, daha yax\u015f\u0131 olar. Eyni zamanda siyasi partiyalar da [&hellip;]","og_url":"https:\/\/ictimai.az\/?p=42453","og_site_name":"\u0130CT\u0130MA\u0130.AZ","article_published_time":"2024-03-01T08:28:23+00:00","article_modified_time":"2024-03-01T09:04:42+00:00","author":"R\u0259\u015fad Bayramov","twitter_card":"summary_large_image","twitter_misc":{"Written by":"R\u0259\u015fad Bayramov","Est. reading time":"1 minute"},"schema":{"@context":"https:\/\/schema.org","@graph":[{"@type":"Article","@id":"https:\/\/ictimai.az\/?p=42453#article","isPartOf":{"@id":"https:\/\/ictimai.az\/?p=42453"},"author":{"name":"R\u0259\u015fad Bayramov","@id":"https:\/\/ictimai.az\/#\/schema\/person\/1da94bf2c7ab5d83ad349237bec1e6af"},"headline":"B\u0259l\u0259diyy\u0259 \u00fczvl\u0259rinin d\u0259 say\u0131 azald\u0131lacaq","datePublished":"2024-03-01T08:28:23+00:00","dateModified":"2024-03-01T09:04:42+00:00","mainEntityOfPage":{"@id":"https:\/\/ictimai.az\/?p=42453"},"wordCount":267,"publisher":{"@id":"https:\/\/ictimai.az\/#organization"},"articleSection":["G\u00fcnd\u0259m"],"inLanguage":"az"},{"@type":"WebPage","@id":"https:\/\/ictimai.az\/?p=42453","url":"https:\/\/ictimai.az\/?p=42453","name":"B\u0259l\u0259diyy\u0259 \u00fczvl\u0259rinin d\u0259 say\u0131 azald\u0131lacaq - \u0130CT\u0130MA\u0130.AZ","isPartOf":{"@id":"https:\/\/ictimai.az\/#website"},"datePublished":"2024-03-01T08:28:23+00:00","dateModified":"2024-03-01T09:04:42+00:00","breadcrumb":{"@id":"https:\/\/ictimai.az\/?p=42453#breadcrumb"},"inLanguage":"az","potentialAction":[{"@type":"ReadAction","target":["https:\/\/ictimai.az\/?p=42453"]}]},{"@type":"BreadcrumbList","@id":"https:\/\/ictimai.az\/?p=42453#breadcrumb","itemListElement":[{"@type":"ListItem","position":1,"name":"Home","item":"https:\/\/ictimai.az\/"},{"@type":"ListItem","position":2,"name":"B\u0259l\u0259diyy\u0259 \u00fczvl\u0259rinin d\u0259 say\u0131 azald\u0131lacaq"}]},{"@type":"WebSite","@id":"https:\/\/ictimai.az\/#website","url":"https:\/\/ictimai.az\/","name":"\u0130CT\u0130MA\u0130.AZ","description":"","publisher":{"@id":"https:\/\/ictimai.az\/#organization"},"potentialAction":[{"@type":"SearchAction","target":{"@type":"EntryPoint","urlTemplate":"https:\/\/ictimai.az\/?s={search_term_string}"},"query-input":{"@type":"PropertyValueSpecification","valueRequired":true,"valueName":"search_term_string"}}],"inLanguage":"az"},{"@type":"Organization","@id":"https:\/\/ictimai.az\/#organization","name":"\u0130CT\u0130MA\u0130.AZ","url":"https:\/\/ictimai.az\/","logo":{"@type":"ImageObject","inLanguage":"az","@id":"https:\/\/ictimai.az\/#\/schema\/logo\/image\/","url":"https:\/\/ictimai.az\/core\/uploads\/2026\/06\/cropped-ictimai_0380d81099c6fe3baae753faceb5481f_p41rg2mzq0uyvextfh3k-768x768-1-3.png","contentUrl":"https:\/\/ictimai.az\/core\/uploads\/2026\/06\/cropped-ictimai_0380d81099c6fe3baae753faceb5481f_p41rg2mzq0uyvextfh3k-768x768-1-3.png","width":768,"height":768,"caption":"\u0130CT\u0130MA\u0130.AZ"},"image":{"@id":"https:\/\/ictimai.az\/#\/schema\/logo\/image\/"}},{"@type":"Person","@id":"https:\/\/ictimai.az\/#\/schema\/person\/1da94bf2c7ab5d83ad349237bec1e6af","name":"R\u0259\u015fad Bayramov","image":{"@type":"ImageObject","inLanguage":"az","@id":"https:\/\/secure.gravatar.com\/avatar\/83c075605ba0a4d35d59726aaad89cfa8008d1f01603342c56f1dd79784491bc?s=96&d=mm&r=g","url":"https:\/\/secure.gravatar.com\/avatar\/83c075605ba0a4d35d59726aaad89cfa8008d1f01603342c56f1dd79784491bc?s=96&d=mm&r=g","contentUrl":"https:\/\/secure.gravatar.com\/avatar\/83c075605ba0a4d35d59726aaad89cfa8008d1f01603342c56f1dd79784491bc?s=96&d=mm&r=g","caption":"R\u0259\u015fad Bayramov"},"sameAs":["https:\/\/ictimai.az\/"],"url":"https:\/\/ictimai.az\/?author=2"}]}},"_links":{"self":[{"href":"https:\/\/ictimai.az\/index.php?rest_route=\/wp\/v2\/posts\/42453","targetHints":{"allow":["GET"]}}],"collection":[{"href":"https:\/\/ictimai.az\/index.php?rest_route=\/wp\/v2\/posts"}],"about":[{"href":"https:\/\/ictimai.az\/index.php?rest_route=\/wp\/v2\/types\/post"}],"author":[{"embeddable":true,"href":"https:\/\/ictimai.az\/index.php?rest_route=\/wp\/v2\/users\/2"}],"replies":[{"embeddable":true,"href":"https:\/\/ictimai.az\/index.php?rest_route=%2Fwp%2Fv2%2Fcomments&post=42453"}],"version-history":[{"count":0,"href":"https:\/\/ictimai.az\/index.php?rest_route=\/wp\/v2\/posts\/42453\/revisions"}],"wp:attachment":[{"href":"https:\/\/ictimai.az\/index.php?rest_route=%2Fwp%2Fv2%2Fmedia&parent=42453"}],"wp:term":[{"taxonomy":"category","embeddable":true,"href":"https:\/\/ictimai.az\/index.php?rest_route=%2Fwp%2Fv2%2Fcategories&post=42453"},{"taxonomy":"post_tag","embeddable":true,"href":"https:\/\/ictimai.az\/index.php?rest_route=%2Fwp%2Fv2%2Ftags&post=42453"}],"curies":[{"name":"wp","href":"https:\/\/api.w.org\/{rel}","templated":true}]}}