{"id":4604,"date":"2020-07-28T14:48:25","date_gmt":"2020-07-28T10:48:25","guid":{"rendered":"https:\/\/ictimai.az\/?p=4604"},"modified":"2020-07-28T20:42:16","modified_gmt":"2020-07-28T16:42:16","slug":"qenire-pasayevadan-azerbaycan-turkiye-herbi-telimleri-haqda-paylasim-video","status":"publish","type":"post","link":"https:\/\/ictimai.az\/?p=4604","title":{"rendered":"Q\u0259nir\u0259 Pa\u015fayevadan Az\u0259rbaycan-T\u00fcrkiy\u0259 h\u0259rbi t\u0259liml\u0259ri haqda payla\u015f\u0131m &#8211; Video"},"content":{"rendered":"<p>Bir Mill\u0259t iki Do\u0308vl\u0259t! Az\u0259rbaycan-Tu\u0308rkiy\u0259!<\/p>\n<p>Q\u0259hr\u0259man Tu\u0308rk ordusunu go\u0308z\u0259l Naxc\u0327\u0131van\u0131m\u0131zda \u0259ziz h\u0259rbic\u0327il\u0259rimizl\u0259 v\u0259 \u0259sg\u0259rl\u0259rimizl\u0259 birlikd\u0259 go\u0308rm\u0259k insana c\u0327ox duyg\u0306ulu anlar yas\u0327ad\u0131r. Bu m\u0259nz\u0259r\u0259 du\u0308s\u0327m\u0259n\u0259 ciddi mesajd\u0131r. Sad\u0259c\u0259 is\u0327g\u0306alc\u0327\u0131 erm\u0259ni zehniyy\u0259tin\u0259 veril\u0259n mesaj deyil. Eyni zamanda bu is\u0327g\u0306alc\u0327\u0131n\u0131n arxas\u0131ndak\u0131 ac\u0327\u0131q v\u0259 gizli d\u0259st\u0259kc\u0327il\u0259r\u0259, havadarlara da c\u0327ox ciddi bir mesajd\u0131r. U\u0308mumilli liderimiz Heyd\u0259r \u018fliyevin h\u0259r zaman xu\u0308susi diqq\u0259t yetirdiyi v\u0259 bu gu\u0308n d\u0259 c\u0259nab Prezidentimiz t\u0259r\u0259find\u0259n \u0259n yu\u0308ks\u0259k s\u0259viyy\u0259d\u0259 at\u0131lan add\u0131mlarla daha da gu\u0308cl\u0259n\u0259n Az\u0259rbaycan &#8211; Tu\u0308rkiy\u0259 birliyi bu regionda Az\u0259rbaycan v\u0259 Tu\u0308rkiy\u0259 il\u0259 b\u0259rab\u0259r bu\u0308tu\u0308nlu\u0308kd\u0259 Tu\u0308rk du\u0308nyas\u0131n\u0131n gu\u0308cl\u0259nm\u0259sind\u0259 d\u0259 bo\u0308yu\u0308k rol oynay\u0131r. Eyni zamanda qardas\u0327 Tu\u0308rkiy\u0259mizin Prezidenti c\u0259nab R\u0259c\u0259b Tayyib \u018frdog\u0306an\u0131n, Tu\u0308rkiy\u0259 r\u0259sml\u0259ri, siyasil\u0259ri v\u0259 Tu\u0308rk xalq\u0131n\u0131n Tovuz istiqam\u0259tind\u0259 bas\u0327 ver\u0259n erm\u0259ni t\u0259xribatlar\u0131 zaman\u0131 bu\u0308tu\u0308n du\u0308nyaya Az\u0259rbaycan t\u0259k deyil, onun yan\u0131nday\u0131q dey\u0259 verdiyi mesaj\u0131 sad\u0259c\u0259 bu gu\u0308nki n\u0259sill\u0259r deyil, g\u0259l\u0259c\u0259k n\u0259sill\u0259r d\u0259 s\u0327u\u0308kranla anacaq. C\u0259nab Prezidentimizin h\u0259r zaman so\u0308yl\u0259diyi Az\u0259rbaycan\u0131n gu\u0308cu\u0308 Tu\u0308rkiy\u0259nin, Tu\u0308rkiy\u0259nin gu\u0308cu\u0308 Az\u0259rbaycan\u0131n gu\u0308cu\u0308du\u0308r v\u0259 bir-birimizi daha da gu\u0308cl\u0259ndirm\u0259k, birliyimizi daha da mo\u0308hk\u0259ml\u0259ndirm\u0259k bizim siyas\u0259timizd\u0259 \u0259sas yer tutur fikrini, bu istiqam\u0259td\u0259 go\u0308ru\u0308l\u0259n bo\u0308yu\u0308k is\u0327l\u0259ri d\u0259 bugu\u0308nki v\u0259 g\u0259l\u0259c\u0259k n\u0259sill\u0259r h\u0259r zaman s\u0327u\u0308kranla anacaq. C\u0327u\u0308nki bu birliyin gu\u0308cl\u0259nm\u0259si \u0259slind\u0259 Tu\u0308rk du\u0308nyas\u0131n\u0131n daha da gu\u0308cl\u0259nm\u0259si dem\u0259kdir. O\u0308z V\u0259t\u0259niniz\u0259 xos\u0327 g\u0259ldiniz Tu\u0308rk ordusu!<\/p>\n<p><strong>\u0130ctimai.az\u00a0<\/strong><\/p>\n<div style=\"width: 576px;\" class=\"wp-video\"><video class=\"wp-video-shortcode\" id=\"video-4604-1\" width=\"576\" height=\"320\" preload=\"metadata\" controls=\"controls\"><source type=\"video\/mp4\" src=\"https:\/\/ictimai.az\/core\/uploads\/2020\/07\/ictimai_b57bb3a445d8608631f3a92dc47017f7_kvx4h96pou7wqe1sz582.mp4?_=1\" \/><a href=\"https:\/\/ictimai.az\/core\/uploads\/2020\/07\/ictimai_b57bb3a445d8608631f3a92dc47017f7_kvx4h96pou7wqe1sz582.mp4\">https:\/\/ictimai.az\/core\/uploads\/2020\/07\/ictimai_b57bb3a445d8608631f3a92dc47017f7_kvx4h96pou7wqe1sz582.mp4<\/a><\/video><\/div>\n","protected":false},"excerpt":{"rendered":"<p>Bir Mill\u0259t iki Do\u0308vl\u0259t! Az\u0259rbaycan-Tu\u0308rkiy\u0259! Q\u0259hr\u0259man Tu\u0308rk ordusunu go\u0308z\u0259l Naxc\u0327\u0131van\u0131m\u0131zda \u0259ziz h\u0259rbic\u0327il\u0259rimizl\u0259 v\u0259 \u0259sg\u0259rl\u0259rimizl\u0259 birlikd\u0259 go\u0308rm\u0259k insana c\u0327ox duyg\u0306ulu anlar yas\u0327ad\u0131r. Bu m\u0259nz\u0259r\u0259 du\u0308s\u0327m\u0259n\u0259 ciddi mesajd\u0131r. Sad\u0259c\u0259 is\u0327g\u0306alc\u0327\u0131 erm\u0259ni zehniyy\u0259tin\u0259 veril\u0259n mesaj deyil. Eyni zamanda bu is\u0327g\u0306alc\u0327\u0131n\u0131n arxas\u0131ndak\u0131 ac\u0327\u0131q v\u0259 gizli d\u0259st\u0259kc\u0327il\u0259r\u0259, havadarlara da c\u0327ox ciddi bir mesajd\u0131r. U\u0308mumilli liderimiz Heyd\u0259r \u018fliyevin h\u0259r zaman xu\u0308susi [&hellip;]<\/p>\n","protected":false},"author":2,"featured_media":3927,"comment_status":"closed","ping_status":"closed","sticky":false,"template":"","format":"standard","meta":{"footnotes":""},"categories":[2],"tags":[],"class_list":["post-4604","post","type-post","status-publish","format-standard","has-post-thumbnail","hentry","category-trend"],"yoast_head":"<!-- This site is optimized with the Yoast SEO plugin v28.2 - https:\/\/yoast.com\/product\/yoast-seo-wordpress\/ -->\n<title>Q\u0259nir\u0259 Pa\u015fayevadan Az\u0259rbaycan-T\u00fcrkiy\u0259 h\u0259rbi t\u0259liml\u0259ri haqda payla\u015f\u0131m - Video - \u0130CT\u0130MA\u0130.AZ<\/title>\n<meta name=\"robots\" content=\"index, follow, max-snippet:-1, max-image-preview:large, max-video-preview:-1\" \/>\n<link rel=\"canonical\" href=\"https:\/\/ictimai.az\/?p=4604\" \/>\n<meta property=\"og:locale\" content=\"az_AZ\" \/>\n<meta property=\"og:type\" content=\"article\" \/>\n<meta property=\"og:title\" content=\"Q\u0259nir\u0259 Pa\u015fayevadan Az\u0259rbaycan-T\u00fcrkiy\u0259 h\u0259rbi t\u0259liml\u0259ri haqda payla\u015f\u0131m - Video - \u0130CT\u0130MA\u0130.AZ\" \/>\n<meta property=\"og:description\" content=\"Bir Mill\u0259t iki Do\u0308vl\u0259t! Az\u0259rbaycan-Tu\u0308rkiy\u0259! Q\u0259hr\u0259man Tu\u0308rk ordusunu go\u0308z\u0259l Naxc\u0327\u0131van\u0131m\u0131zda \u0259ziz h\u0259rbic\u0327il\u0259rimizl\u0259 v\u0259 \u0259sg\u0259rl\u0259rimizl\u0259 birlikd\u0259 go\u0308rm\u0259k insana c\u0327ox duyg\u0306ulu anlar yas\u0327ad\u0131r. Bu m\u0259nz\u0259r\u0259 du\u0308s\u0327m\u0259n\u0259 ciddi mesajd\u0131r. Sad\u0259c\u0259 is\u0327g\u0306alc\u0327\u0131 erm\u0259ni zehniyy\u0259tin\u0259 veril\u0259n mesaj deyil. Eyni zamanda bu is\u0327g\u0306alc\u0327\u0131n\u0131n arxas\u0131ndak\u0131 ac\u0327\u0131q v\u0259 gizli d\u0259st\u0259kc\u0327il\u0259r\u0259, havadarlara da c\u0327ox ciddi bir mesajd\u0131r. U\u0308mumilli liderimiz Heyd\u0259r \u018fliyevin h\u0259r zaman xu\u0308susi [&hellip;]\" \/>\n<meta property=\"og:url\" content=\"https:\/\/ictimai.az\/?p=4604\" \/>\n<meta property=\"og:site_name\" content=\"\u0130CT\u0130MA\u0130.AZ\" \/>\n<meta property=\"article:published_time\" content=\"2020-07-28T10:48:25+00:00\" \/>\n<meta property=\"article:modified_time\" content=\"2020-07-28T16:42:16+00:00\" \/>\n<meta property=\"og:image\" content=\"https:\/\/ictimai.az\/core\/uploads\/2020\/07\/ictimai_000359f1a7511154c263f06abaeccee2_yrznbh3mgwkl86ajvxc4.jpg\" \/>\n\t<meta property=\"og:image:width\" content=\"832\" \/>\n\t<meta property=\"og:image:height\" content=\"520\" \/>\n\t<meta property=\"og:image:type\" content=\"image\/jpeg\" \/>\n<meta name=\"author\" content=\"R\u0259\u015fad Bayramov\" \/>\n<meta name=\"twitter:card\" content=\"summary_large_image\" \/>\n<meta name=\"twitter:label1\" content=\"Written by\" \/>\n\t<meta name=\"twitter:data1\" content=\"R\u0259\u015fad Bayramov\" \/>\n\t<meta name=\"twitter:label2\" content=\"Est. reading time\" \/>\n\t<meta name=\"twitter:data2\" content=\"2 minutes\" \/>\n<script type=\"application\/ld+json\" class=\"yoast-schema-graph\">{\"@context\":\"https:\\\/\\\/schema.org\",\"@graph\":[{\"@type\":\"Article\",\"@id\":\"https:\\\/\\\/ictimai.az\\\/?p=4604#article\",\"isPartOf\":{\"@id\":\"https:\\\/\\\/ictimai.az\\\/?p=4604\"},\"author\":{\"name\":\"R\u0259\u015fad Bayramov\",\"@id\":\"https:\\\/\\\/ictimai.az\\\/#\\\/schema\\\/person\\\/1da94bf2c7ab5d83ad349237bec1e6af\"},\"headline\":\"Q\u0259nir\u0259 Pa\u015fayevadan Az\u0259rbaycan-T\u00fcrkiy\u0259 h\u0259rbi t\u0259liml\u0259ri haqda payla\u015f\u0131m &#8211; Video\",\"datePublished\":\"2020-07-28T10:48:25+00:00\",\"dateModified\":\"2020-07-28T16:42:16+00:00\",\"mainEntityOfPage\":{\"@id\":\"https:\\\/\\\/ictimai.az\\\/?p=4604\"},\"wordCount\":417,\"publisher\":{\"@id\":\"https:\\\/\\\/ictimai.az\\\/#organization\"},\"image\":{\"@id\":\"https:\\\/\\\/ictimai.az\\\/?p=4604#primaryimage\"},\"thumbnailUrl\":\"https:\\\/\\\/ictimai.az\\\/core\\\/uploads\\\/2020\\\/07\\\/ictimai_000359f1a7511154c263f06abaeccee2_yrznbh3mgwkl86ajvxc4.jpg\",\"articleSection\":[\"G\u00fcnd\u0259m\"],\"inLanguage\":\"az\"},{\"@type\":\"WebPage\",\"@id\":\"https:\\\/\\\/ictimai.az\\\/?p=4604\",\"url\":\"https:\\\/\\\/ictimai.az\\\/?p=4604\",\"name\":\"Q\u0259nir\u0259 Pa\u015fayevadan Az\u0259rbaycan-T\u00fcrkiy\u0259 h\u0259rbi t\u0259liml\u0259ri haqda payla\u015f\u0131m - Video - \u0130CT\u0130MA\u0130.AZ\",\"isPartOf\":{\"@id\":\"https:\\\/\\\/ictimai.az\\\/#website\"},\"primaryImageOfPage\":{\"@id\":\"https:\\\/\\\/ictimai.az\\\/?p=4604#primaryimage\"},\"image\":{\"@id\":\"https:\\\/\\\/ictimai.az\\\/?p=4604#primaryimage\"},\"thumbnailUrl\":\"https:\\\/\\\/ictimai.az\\\/core\\\/uploads\\\/2020\\\/07\\\/ictimai_000359f1a7511154c263f06abaeccee2_yrznbh3mgwkl86ajvxc4.jpg\",\"datePublished\":\"2020-07-28T10:48:25+00:00\",\"dateModified\":\"2020-07-28T16:42:16+00:00\",\"breadcrumb\":{\"@id\":\"https:\\\/\\\/ictimai.az\\\/?p=4604#breadcrumb\"},\"inLanguage\":\"az\",\"potentialAction\":[{\"@type\":\"ReadAction\",\"target\":[\"https:\\\/\\\/ictimai.az\\\/?p=4604\"]}]},{\"@type\":\"ImageObject\",\"inLanguage\":\"az\",\"@id\":\"https:\\\/\\\/ictimai.az\\\/?p=4604#primaryimage\",\"url\":\"https:\\\/\\\/ictimai.az\\\/core\\\/uploads\\\/2020\\\/07\\\/ictimai_000359f1a7511154c263f06abaeccee2_yrznbh3mgwkl86ajvxc4.jpg\",\"contentUrl\":\"https:\\\/\\\/ictimai.az\\\/core\\\/uploads\\\/2020\\\/07\\\/ictimai_000359f1a7511154c263f06abaeccee2_yrznbh3mgwkl86ajvxc4.jpg\",\"width\":832,\"height\":520},{\"@type\":\"BreadcrumbList\",\"@id\":\"https:\\\/\\\/ictimai.az\\\/?p=4604#breadcrumb\",\"itemListElement\":[{\"@type\":\"ListItem\",\"position\":1,\"name\":\"Home\",\"item\":\"https:\\\/\\\/ictimai.az\\\/\"},{\"@type\":\"ListItem\",\"position\":2,\"name\":\"Q\u0259nir\u0259 Pa\u015fayevadan Az\u0259rbaycan-T\u00fcrkiy\u0259 h\u0259rbi t\u0259liml\u0259ri haqda payla\u015f\u0131m &#8211; Video\"}]},{\"@type\":\"WebSite\",\"@id\":\"https:\\\/\\\/ictimai.az\\\/#website\",\"url\":\"https:\\\/\\\/ictimai.az\\\/\",\"name\":\"\u0130CT\u0130MA\u0130.AZ\",\"description\":\"\",\"publisher\":{\"@id\":\"https:\\\/\\\/ictimai.az\\\/#organization\"},\"potentialAction\":[{\"@type\":\"SearchAction\",\"target\":{\"@type\":\"EntryPoint\",\"urlTemplate\":\"https:\\\/\\\/ictimai.az\\\/?s={search_term_string}\"},\"query-input\":{\"@type\":\"PropertyValueSpecification\",\"valueRequired\":true,\"valueName\":\"search_term_string\"}}],\"inLanguage\":\"az\"},{\"@type\":\"Organization\",\"@id\":\"https:\\\/\\\/ictimai.az\\\/#organization\",\"name\":\"\u0130CT\u0130MA\u0130.AZ\",\"url\":\"https:\\\/\\\/ictimai.az\\\/\",\"logo\":{\"@type\":\"ImageObject\",\"inLanguage\":\"az\",\"@id\":\"https:\\\/\\\/ictimai.az\\\/#\\\/schema\\\/logo\\\/image\\\/\",\"url\":\"https:\\\/\\\/ictimai.az\\\/core\\\/uploads\\\/2026\\\/06\\\/cropped-ictimai_0380d81099c6fe3baae753faceb5481f_p41rg2mzq0uyvextfh3k-768x768-1-3.png\",\"contentUrl\":\"https:\\\/\\\/ictimai.az\\\/core\\\/uploads\\\/2026\\\/06\\\/cropped-ictimai_0380d81099c6fe3baae753faceb5481f_p41rg2mzq0uyvextfh3k-768x768-1-3.png\",\"width\":768,\"height\":768,\"caption\":\"\u0130CT\u0130MA\u0130.AZ\"},\"image\":{\"@id\":\"https:\\\/\\\/ictimai.az\\\/#\\\/schema\\\/logo\\\/image\\\/\"}},{\"@type\":\"Person\",\"@id\":\"https:\\\/\\\/ictimai.az\\\/#\\\/schema\\\/person\\\/1da94bf2c7ab5d83ad349237bec1e6af\",\"name\":\"R\u0259\u015fad Bayramov\",\"image\":{\"@type\":\"ImageObject\",\"inLanguage\":\"az\",\"@id\":\"https:\\\/\\\/secure.gravatar.com\\\/avatar\\\/83c075605ba0a4d35d59726aaad89cfa8008d1f01603342c56f1dd79784491bc?s=96&d=mm&r=g\",\"url\":\"https:\\\/\\\/secure.gravatar.com\\\/avatar\\\/83c075605ba0a4d35d59726aaad89cfa8008d1f01603342c56f1dd79784491bc?s=96&d=mm&r=g\",\"contentUrl\":\"https:\\\/\\\/secure.gravatar.com\\\/avatar\\\/83c075605ba0a4d35d59726aaad89cfa8008d1f01603342c56f1dd79784491bc?s=96&d=mm&r=g\",\"caption\":\"R\u0259\u015fad Bayramov\"},\"sameAs\":[\"https:\\\/\\\/ictimai.az\\\/\"],\"url\":\"https:\\\/\\\/ictimai.az\\\/?author=2\"}]}<\/script>\n<!-- \/ Yoast SEO plugin. -->","yoast_head_json":{"title":"Q\u0259nir\u0259 Pa\u015fayevadan Az\u0259rbaycan-T\u00fcrkiy\u0259 h\u0259rbi t\u0259liml\u0259ri haqda payla\u015f\u0131m - Video - \u0130CT\u0130MA\u0130.AZ","robots":{"index":"index","follow":"follow","max-snippet":"max-snippet:-1","max-image-preview":"max-image-preview:large","max-video-preview":"max-video-preview:-1"},"canonical":"https:\/\/ictimai.az\/?p=4604","og_locale":"az_AZ","og_type":"article","og_title":"Q\u0259nir\u0259 Pa\u015fayevadan Az\u0259rbaycan-T\u00fcrkiy\u0259 h\u0259rbi t\u0259liml\u0259ri haqda payla\u015f\u0131m - Video - \u0130CT\u0130MA\u0130.AZ","og_description":"Bir Mill\u0259t iki Do\u0308vl\u0259t! Az\u0259rbaycan-Tu\u0308rkiy\u0259! Q\u0259hr\u0259man Tu\u0308rk ordusunu go\u0308z\u0259l Naxc\u0327\u0131van\u0131m\u0131zda \u0259ziz h\u0259rbic\u0327il\u0259rimizl\u0259 v\u0259 \u0259sg\u0259rl\u0259rimizl\u0259 birlikd\u0259 go\u0308rm\u0259k insana c\u0327ox duyg\u0306ulu anlar yas\u0327ad\u0131r. Bu m\u0259nz\u0259r\u0259 du\u0308s\u0327m\u0259n\u0259 ciddi mesajd\u0131r. Sad\u0259c\u0259 is\u0327g\u0306alc\u0327\u0131 erm\u0259ni zehniyy\u0259tin\u0259 veril\u0259n mesaj deyil. Eyni zamanda bu is\u0327g\u0306alc\u0327\u0131n\u0131n arxas\u0131ndak\u0131 ac\u0327\u0131q v\u0259 gizli d\u0259st\u0259kc\u0327il\u0259r\u0259, havadarlara da c\u0327ox ciddi bir mesajd\u0131r. U\u0308mumilli liderimiz Heyd\u0259r \u018fliyevin h\u0259r zaman xu\u0308susi [&hellip;]","og_url":"https:\/\/ictimai.az\/?p=4604","og_site_name":"\u0130CT\u0130MA\u0130.AZ","article_published_time":"2020-07-28T10:48:25+00:00","article_modified_time":"2020-07-28T16:42:16+00:00","og_image":[{"width":832,"height":520,"url":"https:\/\/ictimai.az\/core\/uploads\/2020\/07\/ictimai_000359f1a7511154c263f06abaeccee2_yrznbh3mgwkl86ajvxc4.jpg","type":"image\/jpeg"}],"author":"R\u0259\u015fad Bayramov","twitter_card":"summary_large_image","twitter_misc":{"Written by":"R\u0259\u015fad Bayramov","Est. reading time":"2 minutes"},"schema":{"@context":"https:\/\/schema.org","@graph":[{"@type":"Article","@id":"https:\/\/ictimai.az\/?p=4604#article","isPartOf":{"@id":"https:\/\/ictimai.az\/?p=4604"},"author":{"name":"R\u0259\u015fad Bayramov","@id":"https:\/\/ictimai.az\/#\/schema\/person\/1da94bf2c7ab5d83ad349237bec1e6af"},"headline":"Q\u0259nir\u0259 Pa\u015fayevadan Az\u0259rbaycan-T\u00fcrkiy\u0259 h\u0259rbi t\u0259liml\u0259ri haqda payla\u015f\u0131m &#8211; Video","datePublished":"2020-07-28T10:48:25+00:00","dateModified":"2020-07-28T16:42:16+00:00","mainEntityOfPage":{"@id":"https:\/\/ictimai.az\/?p=4604"},"wordCount":417,"publisher":{"@id":"https:\/\/ictimai.az\/#organization"},"image":{"@id":"https:\/\/ictimai.az\/?p=4604#primaryimage"},"thumbnailUrl":"https:\/\/ictimai.az\/core\/uploads\/2020\/07\/ictimai_000359f1a7511154c263f06abaeccee2_yrznbh3mgwkl86ajvxc4.jpg","articleSection":["G\u00fcnd\u0259m"],"inLanguage":"az"},{"@type":"WebPage","@id":"https:\/\/ictimai.az\/?p=4604","url":"https:\/\/ictimai.az\/?p=4604","name":"Q\u0259nir\u0259 Pa\u015fayevadan Az\u0259rbaycan-T\u00fcrkiy\u0259 h\u0259rbi t\u0259liml\u0259ri haqda payla\u015f\u0131m - Video - \u0130CT\u0130MA\u0130.AZ","isPartOf":{"@id":"https:\/\/ictimai.az\/#website"},"primaryImageOfPage":{"@id":"https:\/\/ictimai.az\/?p=4604#primaryimage"},"image":{"@id":"https:\/\/ictimai.az\/?p=4604#primaryimage"},"thumbnailUrl":"https:\/\/ictimai.az\/core\/uploads\/2020\/07\/ictimai_000359f1a7511154c263f06abaeccee2_yrznbh3mgwkl86ajvxc4.jpg","datePublished":"2020-07-28T10:48:25+00:00","dateModified":"2020-07-28T16:42:16+00:00","breadcrumb":{"@id":"https:\/\/ictimai.az\/?p=4604#breadcrumb"},"inLanguage":"az","potentialAction":[{"@type":"ReadAction","target":["https:\/\/ictimai.az\/?p=4604"]}]},{"@type":"ImageObject","inLanguage":"az","@id":"https:\/\/ictimai.az\/?p=4604#primaryimage","url":"https:\/\/ictimai.az\/core\/uploads\/2020\/07\/ictimai_000359f1a7511154c263f06abaeccee2_yrznbh3mgwkl86ajvxc4.jpg","contentUrl":"https:\/\/ictimai.az\/core\/uploads\/2020\/07\/ictimai_000359f1a7511154c263f06abaeccee2_yrznbh3mgwkl86ajvxc4.jpg","width":832,"height":520},{"@type":"BreadcrumbList","@id":"https:\/\/ictimai.az\/?p=4604#breadcrumb","itemListElement":[{"@type":"ListItem","position":1,"name":"Home","item":"https:\/\/ictimai.az\/"},{"@type":"ListItem","position":2,"name":"Q\u0259nir\u0259 Pa\u015fayevadan Az\u0259rbaycan-T\u00fcrkiy\u0259 h\u0259rbi t\u0259liml\u0259ri haqda payla\u015f\u0131m &#8211; Video"}]},{"@type":"WebSite","@id":"https:\/\/ictimai.az\/#website","url":"https:\/\/ictimai.az\/","name":"\u0130CT\u0130MA\u0130.AZ","description":"","publisher":{"@id":"https:\/\/ictimai.az\/#organization"},"potentialAction":[{"@type":"SearchAction","target":{"@type":"EntryPoint","urlTemplate":"https:\/\/ictimai.az\/?s={search_term_string}"},"query-input":{"@type":"PropertyValueSpecification","valueRequired":true,"valueName":"search_term_string"}}],"inLanguage":"az"},{"@type":"Organization","@id":"https:\/\/ictimai.az\/#organization","name":"\u0130CT\u0130MA\u0130.AZ","url":"https:\/\/ictimai.az\/","logo":{"@type":"ImageObject","inLanguage":"az","@id":"https:\/\/ictimai.az\/#\/schema\/logo\/image\/","url":"https:\/\/ictimai.az\/core\/uploads\/2026\/06\/cropped-ictimai_0380d81099c6fe3baae753faceb5481f_p41rg2mzq0uyvextfh3k-768x768-1-3.png","contentUrl":"https:\/\/ictimai.az\/core\/uploads\/2026\/06\/cropped-ictimai_0380d81099c6fe3baae753faceb5481f_p41rg2mzq0uyvextfh3k-768x768-1-3.png","width":768,"height":768,"caption":"\u0130CT\u0130MA\u0130.AZ"},"image":{"@id":"https:\/\/ictimai.az\/#\/schema\/logo\/image\/"}},{"@type":"Person","@id":"https:\/\/ictimai.az\/#\/schema\/person\/1da94bf2c7ab5d83ad349237bec1e6af","name":"R\u0259\u015fad Bayramov","image":{"@type":"ImageObject","inLanguage":"az","@id":"https:\/\/secure.gravatar.com\/avatar\/83c075605ba0a4d35d59726aaad89cfa8008d1f01603342c56f1dd79784491bc?s=96&d=mm&r=g","url":"https:\/\/secure.gravatar.com\/avatar\/83c075605ba0a4d35d59726aaad89cfa8008d1f01603342c56f1dd79784491bc?s=96&d=mm&r=g","contentUrl":"https:\/\/secure.gravatar.com\/avatar\/83c075605ba0a4d35d59726aaad89cfa8008d1f01603342c56f1dd79784491bc?s=96&d=mm&r=g","caption":"R\u0259\u015fad Bayramov"},"sameAs":["https:\/\/ictimai.az\/"],"url":"https:\/\/ictimai.az\/?author=2"}]}},"_links":{"self":[{"href":"https:\/\/ictimai.az\/index.php?rest_route=\/wp\/v2\/posts\/4604","targetHints":{"allow":["GET"]}}],"collection":[{"href":"https:\/\/ictimai.az\/index.php?rest_route=\/wp\/v2\/posts"}],"about":[{"href":"https:\/\/ictimai.az\/index.php?rest_route=\/wp\/v2\/types\/post"}],"author":[{"embeddable":true,"href":"https:\/\/ictimai.az\/index.php?rest_route=\/wp\/v2\/users\/2"}],"replies":[{"embeddable":true,"href":"https:\/\/ictimai.az\/index.php?rest_route=%2Fwp%2Fv2%2Fcomments&post=4604"}],"version-history":[{"count":0,"href":"https:\/\/ictimai.az\/index.php?rest_route=\/wp\/v2\/posts\/4604\/revisions"}],"wp:featuredmedia":[{"embeddable":true,"href":"https:\/\/ictimai.az\/index.php?rest_route=\/wp\/v2\/media\/3927"}],"wp:attachment":[{"href":"https:\/\/ictimai.az\/index.php?rest_route=%2Fwp%2Fv2%2Fmedia&parent=4604"}],"wp:term":[{"taxonomy":"category","embeddable":true,"href":"https:\/\/ictimai.az\/index.php?rest_route=%2Fwp%2Fv2%2Fcategories&post=4604"},{"taxonomy":"post_tag","embeddable":true,"href":"https:\/\/ictimai.az\/index.php?rest_route=%2Fwp%2Fv2%2Ftags&post=4604"}],"curies":[{"name":"wp","href":"https:\/\/api.w.org\/{rel}","templated":true}]}}