{"id":51303,"date":"2024-07-11T17:17:17","date_gmt":"2024-07-11T13:17:17","guid":{"rendered":"https:\/\/ictimai.az\/?p=51303"},"modified":"2024-07-11T17:17:17","modified_gmt":"2024-07-11T13:17:17","slug":"xalq-artistinin-nevesine-yuksek-vezife-verildi","status":"publish","type":"post","link":"https:\/\/ictimai.az\/?p=51303","title":{"rendered":"Xalq artistinin n\u0259v\u0259sin\u0259 y\u00fcks\u0259k v\u0259zif\u0259 verildi"},"content":{"rendered":"<p>Az\u0259rbaycan Respublikas\u0131n\u0131n Kino Agentliyin\u0259 direktor m\u00fcavini t\u0259yin edilib.<\/p>\n<p>Bu bar\u0259d\u0259 APA-n\u0131n sor\u011fusuna cavab olaraq M\u0259d\u0259niyy\u0259t Nazirliyind\u0259n m\u0259lumat verilib.<\/p>\n<p>Bildirilib ki, m\u0259d\u0259niyy\u0259t naziri Adil K\u0259rimlinin \u0259mri il\u0259 Qurban Pirimov bu v\u0259zif\u0259y\u0259 t\u0259yin edilib.<\/p>\n<p>Xat\u0131rladaq ki, o, Xalq artisti tarz\u0259n Quban Pirimovun n\u0259v\u0259sidir.<\/p>\n","protected":false},"excerpt":{"rendered":"<p>Az\u0259rbaycan Respublikas\u0131n\u0131n Kino Agentliyin\u0259 direktor m\u00fcavini t\u0259yin edilib. Bu bar\u0259d\u0259 APA-n\u0131n sor\u011fusuna cavab olaraq M\u0259d\u0259niyy\u0259t Nazirliyind\u0259n m\u0259lumat verilib. Bildirilib ki, m\u0259d\u0259niyy\u0259t naziri Adil K\u0259rimlinin \u0259mri il\u0259 Qurban Pirimov bu v\u0259zif\u0259y\u0259 t\u0259yin edilib. Xat\u0131rladaq ki, o, Xalq artisti tarz\u0259n Quban Pirimovun n\u0259v\u0259sidir.<\/p>\n","protected":false},"author":2,"featured_media":51304,"comment_status":"closed","ping_status":"closed","sticky":false,"template":"","format":"standard","meta":{"footnotes":""},"categories":[38],"tags":[],"class_list":["post-51303","post","type-post","status-publish","format-standard","has-post-thumbnail","hentry","category-culture"],"yoast_head":"<!-- This site is optimized with the Yoast SEO plugin v28.2 - https:\/\/yoast.com\/product\/yoast-seo-wordpress\/ -->\n<title>Xalq artistinin n\u0259v\u0259sin\u0259 y\u00fcks\u0259k v\u0259zif\u0259 verildi - \u0130CT\u0130MA\u0130.AZ<\/title>\n<meta name=\"robots\" content=\"index, follow, max-snippet:-1, max-image-preview:large, max-video-preview:-1\" \/>\n<link rel=\"canonical\" href=\"https:\/\/ictimai.az\/?p=51303\" \/>\n<meta property=\"og:locale\" content=\"az_AZ\" \/>\n<meta property=\"og:type\" content=\"article\" \/>\n<meta property=\"og:title\" content=\"Xalq artistinin n\u0259v\u0259sin\u0259 y\u00fcks\u0259k v\u0259zif\u0259 verildi - \u0130CT\u0130MA\u0130.AZ\" \/>\n<meta property=\"og:description\" content=\"Az\u0259rbaycan Respublikas\u0131n\u0131n Kino Agentliyin\u0259 direktor m\u00fcavini t\u0259yin edilib. Bu bar\u0259d\u0259 APA-n\u0131n sor\u011fusuna cavab olaraq M\u0259d\u0259niyy\u0259t Nazirliyind\u0259n m\u0259lumat verilib. Bildirilib ki, m\u0259d\u0259niyy\u0259t naziri Adil K\u0259rimlinin \u0259mri il\u0259 Qurban Pirimov bu v\u0259zif\u0259y\u0259 t\u0259yin edilib. Xat\u0131rladaq ki, o, Xalq artisti tarz\u0259n Quban Pirimovun n\u0259v\u0259sidir.\" \/>\n<meta property=\"og:url\" content=\"https:\/\/ictimai.az\/?p=51303\" \/>\n<meta property=\"og:site_name\" content=\"\u0130CT\u0130MA\u0130.AZ\" \/>\n<meta property=\"article:published_time\" content=\"2024-07-11T13:17:17+00:00\" \/>\n<meta property=\"og:image\" content=\"https:\/\/ictimai.az\/core\/uploads\/2024\/07\/ictimai_effb786254bc431dc41214616932c8e9_s7m82li0jvf5gepq9bn1.webp\" \/>\n\t<meta property=\"og:image:width\" content=\"640\" \/>\n\t<meta property=\"og:image:height\" content=\"427\" \/>\n\t<meta property=\"og:image:type\" content=\"image\/webp\" \/>\n<meta name=\"author\" content=\"R\u0259\u015fad Bayramov\" \/>\n<meta name=\"twitter:card\" content=\"summary_large_image\" \/>\n<meta name=\"twitter:label1\" content=\"Written by\" \/>\n\t<meta name=\"twitter:data1\" content=\"R\u0259\u015fad Bayramov\" \/>\n<script type=\"application\/ld+json\" class=\"yoast-schema-graph\">{\"@context\":\"https:\\\/\\\/schema.org\",\"@graph\":[{\"@type\":\"Article\",\"@id\":\"https:\\\/\\\/ictimai.az\\\/?p=51303#article\",\"isPartOf\":{\"@id\":\"https:\\\/\\\/ictimai.az\\\/?p=51303\"},\"author\":{\"name\":\"R\u0259\u015fad Bayramov\",\"@id\":\"https:\\\/\\\/ictimai.az\\\/#\\\/schema\\\/person\\\/1da94bf2c7ab5d83ad349237bec1e6af\"},\"headline\":\"Xalq artistinin n\u0259v\u0259sin\u0259 y\u00fcks\u0259k v\u0259zif\u0259 verildi\",\"datePublished\":\"2024-07-11T13:17:17+00:00\",\"mainEntityOfPage\":{\"@id\":\"https:\\\/\\\/ictimai.az\\\/?p=51303\"},\"wordCount\":76,\"publisher\":{\"@id\":\"https:\\\/\\\/ictimai.az\\\/#organization\"},\"image\":{\"@id\":\"https:\\\/\\\/ictimai.az\\\/?p=51303#primaryimage\"},\"thumbnailUrl\":\"https:\\\/\\\/ictimai.az\\\/core\\\/uploads\\\/2024\\\/07\\\/ictimai_effb786254bc431dc41214616932c8e9_s7m82li0jvf5gepq9bn1.webp\",\"articleSection\":[\"\u015eou - M\u0259d\u0259niyy\u0259t\"],\"inLanguage\":\"az\"},{\"@type\":\"WebPage\",\"@id\":\"https:\\\/\\\/ictimai.az\\\/?p=51303\",\"url\":\"https:\\\/\\\/ictimai.az\\\/?p=51303\",\"name\":\"Xalq artistinin n\u0259v\u0259sin\u0259 y\u00fcks\u0259k v\u0259zif\u0259 verildi - \u0130CT\u0130MA\u0130.AZ\",\"isPartOf\":{\"@id\":\"https:\\\/\\\/ictimai.az\\\/#website\"},\"primaryImageOfPage\":{\"@id\":\"https:\\\/\\\/ictimai.az\\\/?p=51303#primaryimage\"},\"image\":{\"@id\":\"https:\\\/\\\/ictimai.az\\\/?p=51303#primaryimage\"},\"thumbnailUrl\":\"https:\\\/\\\/ictimai.az\\\/core\\\/uploads\\\/2024\\\/07\\\/ictimai_effb786254bc431dc41214616932c8e9_s7m82li0jvf5gepq9bn1.webp\",\"datePublished\":\"2024-07-11T13:17:17+00:00\",\"breadcrumb\":{\"@id\":\"https:\\\/\\\/ictimai.az\\\/?p=51303#breadcrumb\"},\"inLanguage\":\"az\",\"potentialAction\":[{\"@type\":\"ReadAction\",\"target\":[\"https:\\\/\\\/ictimai.az\\\/?p=51303\"]}]},{\"@type\":\"ImageObject\",\"inLanguage\":\"az\",\"@id\":\"https:\\\/\\\/ictimai.az\\\/?p=51303#primaryimage\",\"url\":\"https:\\\/\\\/ictimai.az\\\/core\\\/uploads\\\/2024\\\/07\\\/ictimai_effb786254bc431dc41214616932c8e9_s7m82li0jvf5gepq9bn1.webp\",\"contentUrl\":\"https:\\\/\\\/ictimai.az\\\/core\\\/uploads\\\/2024\\\/07\\\/ictimai_effb786254bc431dc41214616932c8e9_s7m82li0jvf5gepq9bn1.webp\",\"width\":640,\"height\":427},{\"@type\":\"BreadcrumbList\",\"@id\":\"https:\\\/\\\/ictimai.az\\\/?p=51303#breadcrumb\",\"itemListElement\":[{\"@type\":\"ListItem\",\"position\":1,\"name\":\"Home\",\"item\":\"https:\\\/\\\/ictimai.az\\\/\"},{\"@type\":\"ListItem\",\"position\":2,\"name\":\"Xalq artistinin n\u0259v\u0259sin\u0259 y\u00fcks\u0259k v\u0259zif\u0259 verildi\"}]},{\"@type\":\"WebSite\",\"@id\":\"https:\\\/\\\/ictimai.az\\\/#website\",\"url\":\"https:\\\/\\\/ictimai.az\\\/\",\"name\":\"\u0130CT\u0130MA\u0130.AZ\",\"description\":\"\",\"publisher\":{\"@id\":\"https:\\\/\\\/ictimai.az\\\/#organization\"},\"potentialAction\":[{\"@type\":\"SearchAction\",\"target\":{\"@type\":\"EntryPoint\",\"urlTemplate\":\"https:\\\/\\\/ictimai.az\\\/?s={search_term_string}\"},\"query-input\":{\"@type\":\"PropertyValueSpecification\",\"valueRequired\":true,\"valueName\":\"search_term_string\"}}],\"inLanguage\":\"az\"},{\"@type\":\"Organization\",\"@id\":\"https:\\\/\\\/ictimai.az\\\/#organization\",\"name\":\"\u0130CT\u0130MA\u0130.AZ\",\"url\":\"https:\\\/\\\/ictimai.az\\\/\",\"logo\":{\"@type\":\"ImageObject\",\"inLanguage\":\"az\",\"@id\":\"https:\\\/\\\/ictimai.az\\\/#\\\/schema\\\/logo\\\/image\\\/\",\"url\":\"https:\\\/\\\/ictimai.az\\\/core\\\/uploads\\\/2026\\\/06\\\/cropped-ictimai_0380d81099c6fe3baae753faceb5481f_p41rg2mzq0uyvextfh3k-768x768-1-3.png\",\"contentUrl\":\"https:\\\/\\\/ictimai.az\\\/core\\\/uploads\\\/2026\\\/06\\\/cropped-ictimai_0380d81099c6fe3baae753faceb5481f_p41rg2mzq0uyvextfh3k-768x768-1-3.png\",\"width\":768,\"height\":768,\"caption\":\"\u0130CT\u0130MA\u0130.AZ\"},\"image\":{\"@id\":\"https:\\\/\\\/ictimai.az\\\/#\\\/schema\\\/logo\\\/image\\\/\"}},{\"@type\":\"Person\",\"@id\":\"https:\\\/\\\/ictimai.az\\\/#\\\/schema\\\/person\\\/1da94bf2c7ab5d83ad349237bec1e6af\",\"name\":\"R\u0259\u015fad Bayramov\",\"image\":{\"@type\":\"ImageObject\",\"inLanguage\":\"az\",\"@id\":\"https:\\\/\\\/secure.gravatar.com\\\/avatar\\\/83c075605ba0a4d35d59726aaad89cfa8008d1f01603342c56f1dd79784491bc?s=96&d=mm&r=g\",\"url\":\"https:\\\/\\\/secure.gravatar.com\\\/avatar\\\/83c075605ba0a4d35d59726aaad89cfa8008d1f01603342c56f1dd79784491bc?s=96&d=mm&r=g\",\"contentUrl\":\"https:\\\/\\\/secure.gravatar.com\\\/avatar\\\/83c075605ba0a4d35d59726aaad89cfa8008d1f01603342c56f1dd79784491bc?s=96&d=mm&r=g\",\"caption\":\"R\u0259\u015fad Bayramov\"},\"sameAs\":[\"https:\\\/\\\/ictimai.az\\\/\"],\"url\":\"https:\\\/\\\/ictimai.az\\\/?author=2\"}]}<\/script>\n<!-- \/ Yoast SEO plugin. -->","yoast_head_json":{"title":"Xalq artistinin n\u0259v\u0259sin\u0259 y\u00fcks\u0259k v\u0259zif\u0259 verildi - \u0130CT\u0130MA\u0130.AZ","robots":{"index":"index","follow":"follow","max-snippet":"max-snippet:-1","max-image-preview":"max-image-preview:large","max-video-preview":"max-video-preview:-1"},"canonical":"https:\/\/ictimai.az\/?p=51303","og_locale":"az_AZ","og_type":"article","og_title":"Xalq artistinin n\u0259v\u0259sin\u0259 y\u00fcks\u0259k v\u0259zif\u0259 verildi - \u0130CT\u0130MA\u0130.AZ","og_description":"Az\u0259rbaycan Respublikas\u0131n\u0131n Kino Agentliyin\u0259 direktor m\u00fcavini t\u0259yin edilib. Bu bar\u0259d\u0259 APA-n\u0131n sor\u011fusuna cavab olaraq M\u0259d\u0259niyy\u0259t Nazirliyind\u0259n m\u0259lumat verilib. Bildirilib ki, m\u0259d\u0259niyy\u0259t naziri Adil K\u0259rimlinin \u0259mri il\u0259 Qurban Pirimov bu v\u0259zif\u0259y\u0259 t\u0259yin edilib. Xat\u0131rladaq ki, o, Xalq artisti tarz\u0259n Quban Pirimovun n\u0259v\u0259sidir.","og_url":"https:\/\/ictimai.az\/?p=51303","og_site_name":"\u0130CT\u0130MA\u0130.AZ","article_published_time":"2024-07-11T13:17:17+00:00","og_image":[{"width":640,"height":427,"url":"https:\/\/ictimai.az\/core\/uploads\/2024\/07\/ictimai_effb786254bc431dc41214616932c8e9_s7m82li0jvf5gepq9bn1.webp","type":"image\/webp"}],"author":"R\u0259\u015fad Bayramov","twitter_card":"summary_large_image","twitter_misc":{"Written by":"R\u0259\u015fad Bayramov"},"schema":{"@context":"https:\/\/schema.org","@graph":[{"@type":"Article","@id":"https:\/\/ictimai.az\/?p=51303#article","isPartOf":{"@id":"https:\/\/ictimai.az\/?p=51303"},"author":{"name":"R\u0259\u015fad Bayramov","@id":"https:\/\/ictimai.az\/#\/schema\/person\/1da94bf2c7ab5d83ad349237bec1e6af"},"headline":"Xalq artistinin n\u0259v\u0259sin\u0259 y\u00fcks\u0259k v\u0259zif\u0259 verildi","datePublished":"2024-07-11T13:17:17+00:00","mainEntityOfPage":{"@id":"https:\/\/ictimai.az\/?p=51303"},"wordCount":76,"publisher":{"@id":"https:\/\/ictimai.az\/#organization"},"image":{"@id":"https:\/\/ictimai.az\/?p=51303#primaryimage"},"thumbnailUrl":"https:\/\/ictimai.az\/core\/uploads\/2024\/07\/ictimai_effb786254bc431dc41214616932c8e9_s7m82li0jvf5gepq9bn1.webp","articleSection":["\u015eou - M\u0259d\u0259niyy\u0259t"],"inLanguage":"az"},{"@type":"WebPage","@id":"https:\/\/ictimai.az\/?p=51303","url":"https:\/\/ictimai.az\/?p=51303","name":"Xalq artistinin n\u0259v\u0259sin\u0259 y\u00fcks\u0259k v\u0259zif\u0259 verildi - \u0130CT\u0130MA\u0130.AZ","isPartOf":{"@id":"https:\/\/ictimai.az\/#website"},"primaryImageOfPage":{"@id":"https:\/\/ictimai.az\/?p=51303#primaryimage"},"image":{"@id":"https:\/\/ictimai.az\/?p=51303#primaryimage"},"thumbnailUrl":"https:\/\/ictimai.az\/core\/uploads\/2024\/07\/ictimai_effb786254bc431dc41214616932c8e9_s7m82li0jvf5gepq9bn1.webp","datePublished":"2024-07-11T13:17:17+00:00","breadcrumb":{"@id":"https:\/\/ictimai.az\/?p=51303#breadcrumb"},"inLanguage":"az","potentialAction":[{"@type":"ReadAction","target":["https:\/\/ictimai.az\/?p=51303"]}]},{"@type":"ImageObject","inLanguage":"az","@id":"https:\/\/ictimai.az\/?p=51303#primaryimage","url":"https:\/\/ictimai.az\/core\/uploads\/2024\/07\/ictimai_effb786254bc431dc41214616932c8e9_s7m82li0jvf5gepq9bn1.webp","contentUrl":"https:\/\/ictimai.az\/core\/uploads\/2024\/07\/ictimai_effb786254bc431dc41214616932c8e9_s7m82li0jvf5gepq9bn1.webp","width":640,"height":427},{"@type":"BreadcrumbList","@id":"https:\/\/ictimai.az\/?p=51303#breadcrumb","itemListElement":[{"@type":"ListItem","position":1,"name":"Home","item":"https:\/\/ictimai.az\/"},{"@type":"ListItem","position":2,"name":"Xalq artistinin n\u0259v\u0259sin\u0259 y\u00fcks\u0259k v\u0259zif\u0259 verildi"}]},{"@type":"WebSite","@id":"https:\/\/ictimai.az\/#website","url":"https:\/\/ictimai.az\/","name":"\u0130CT\u0130MA\u0130.AZ","description":"","publisher":{"@id":"https:\/\/ictimai.az\/#organization"},"potentialAction":[{"@type":"SearchAction","target":{"@type":"EntryPoint","urlTemplate":"https:\/\/ictimai.az\/?s={search_term_string}"},"query-input":{"@type":"PropertyValueSpecification","valueRequired":true,"valueName":"search_term_string"}}],"inLanguage":"az"},{"@type":"Organization","@id":"https:\/\/ictimai.az\/#organization","name":"\u0130CT\u0130MA\u0130.AZ","url":"https:\/\/ictimai.az\/","logo":{"@type":"ImageObject","inLanguage":"az","@id":"https:\/\/ictimai.az\/#\/schema\/logo\/image\/","url":"https:\/\/ictimai.az\/core\/uploads\/2026\/06\/cropped-ictimai_0380d81099c6fe3baae753faceb5481f_p41rg2mzq0uyvextfh3k-768x768-1-3.png","contentUrl":"https:\/\/ictimai.az\/core\/uploads\/2026\/06\/cropped-ictimai_0380d81099c6fe3baae753faceb5481f_p41rg2mzq0uyvextfh3k-768x768-1-3.png","width":768,"height":768,"caption":"\u0130CT\u0130MA\u0130.AZ"},"image":{"@id":"https:\/\/ictimai.az\/#\/schema\/logo\/image\/"}},{"@type":"Person","@id":"https:\/\/ictimai.az\/#\/schema\/person\/1da94bf2c7ab5d83ad349237bec1e6af","name":"R\u0259\u015fad Bayramov","image":{"@type":"ImageObject","inLanguage":"az","@id":"https:\/\/secure.gravatar.com\/avatar\/83c075605ba0a4d35d59726aaad89cfa8008d1f01603342c56f1dd79784491bc?s=96&d=mm&r=g","url":"https:\/\/secure.gravatar.com\/avatar\/83c075605ba0a4d35d59726aaad89cfa8008d1f01603342c56f1dd79784491bc?s=96&d=mm&r=g","contentUrl":"https:\/\/secure.gravatar.com\/avatar\/83c075605ba0a4d35d59726aaad89cfa8008d1f01603342c56f1dd79784491bc?s=96&d=mm&r=g","caption":"R\u0259\u015fad Bayramov"},"sameAs":["https:\/\/ictimai.az\/"],"url":"https:\/\/ictimai.az\/?author=2"}]}},"_links":{"self":[{"href":"https:\/\/ictimai.az\/index.php?rest_route=\/wp\/v2\/posts\/51303","targetHints":{"allow":["GET"]}}],"collection":[{"href":"https:\/\/ictimai.az\/index.php?rest_route=\/wp\/v2\/posts"}],"about":[{"href":"https:\/\/ictimai.az\/index.php?rest_route=\/wp\/v2\/types\/post"}],"author":[{"embeddable":true,"href":"https:\/\/ictimai.az\/index.php?rest_route=\/wp\/v2\/users\/2"}],"replies":[{"embeddable":true,"href":"https:\/\/ictimai.az\/index.php?rest_route=%2Fwp%2Fv2%2Fcomments&post=51303"}],"version-history":[{"count":0,"href":"https:\/\/ictimai.az\/index.php?rest_route=\/wp\/v2\/posts\/51303\/revisions"}],"wp:featuredmedia":[{"embeddable":true,"href":"https:\/\/ictimai.az\/index.php?rest_route=\/wp\/v2\/media\/51304"}],"wp:attachment":[{"href":"https:\/\/ictimai.az\/index.php?rest_route=%2Fwp%2Fv2%2Fmedia&parent=51303"}],"wp:term":[{"taxonomy":"category","embeddable":true,"href":"https:\/\/ictimai.az\/index.php?rest_route=%2Fwp%2Fv2%2Fcategories&post=51303"},{"taxonomy":"post_tag","embeddable":true,"href":"https:\/\/ictimai.az\/index.php?rest_route=%2Fwp%2Fv2%2Ftags&post=51303"}],"curies":[{"name":"wp","href":"https:\/\/api.w.org\/{rel}","templated":true}]}}