{"id":51376,"date":"2024-07-12T18:31:01","date_gmt":"2024-07-12T14:31:01","guid":{"rendered":"https:\/\/ictimai.az\/?p=51376"},"modified":"2024-07-12T17:15:37","modified_gmt":"2024-07-12T13:15:37","slug":"bakida-taksiler-arasindaki-reqabet-ehemiyyetli-derecede-azalib","status":"publish","type":"post","link":"https:\/\/ictimai.az\/?p=51376","title":{"rendered":"Bak\u0131da taksil\u0259r aras\u0131ndak\u0131 r\u0259qab\u0259t \u0259h\u0259miyy\u0259tli d\u0259r\u0259c\u0259d\u0259 azal\u0131b"},"content":{"rendered":"<p>&#8220;Bak\u0131da taksil\u0259r aras\u0131ndak\u0131 r\u0259qab\u0259t \u0259h\u0259miyy\u0259tli d\u0259r\u0259c\u0259d\u0259 azal\u0131b&#8221;.<\/p>\n<p>&#8220;Report&#8221; x\u0259b\u0259r verir ki, bunu Elm v\u0259 T\u0259hsil Nazirliyinin \u0130qtisadiyyat \u0130nstitutunun direktoru Nazim \u0130manov bildirib.<\/p>\n<p>Onun s\u00f6zl\u0259rin\u0259 g\u00f6r\u0259, bu, taksil\u0259rin say\u0131n\u0131n azalmas\u0131n\u0131n n\u0259tic\u0259sidir.<\/p>\n<p>Bununla bel\u0259, direktor hesab edir ki, d\u00f6vl\u0259tin ili k\u00f6hn\u0259 avtomobill\u0259ri taksi f\u0259aliyy\u0259tind\u0259n k\u0259narla\u015fd\u0131rmas\u0131 bu sah\u0259d\u0259 qiym\u0259tl\u0259rl\u0259 yana\u015f\u0131, keyfiyy\u0259ti d\u0259 art\u0131r\u0131b.<\/p>\n<p>&#8220;Taksi sah\u0259sind\u0259 m\u0259nf\u0259\u0259t artd\u0131qca, kapital\u0131n sah\u0259l\u0259raras\u0131 ax\u0131n\u0131 da ba\u015flayacaq. Haz\u0131rda bu sah\u0259d\u0259 sad\u0259 kapital ax\u0131n\u0131 m\u00fc\u015fahid\u0259 olunur; ma\u015f\u0131n v\u0259 lisenziya alaraq taksi sektoruna qo\u015fulmaq m\u00fcmk\u00fcnd\u00fcr. T\u0259dric\u0259n taksi bazar\u0131nda t\u0259klif artacaq v\u0259 bu zaman qiym\u0259tl\u0259r sabitl\u0259\u015f\u0259c\u0259k. N\u0259tic\u0259d\u0259 v\u0259t\u0259nda\u015flar \u0259vv\u0259lkind\u0259n bir az y\u00fcks\u0259k qiym\u0259t\u0259 daha keyfiyy\u0259tli taksi xidm\u0259tind\u0259n istifad\u0259 ed\u0259 bil\u0259c\u0259kl\u0259r&#8221;, &#8211; dey\u0259 N.\u0130manov qeyd edib.<\/p>\n","protected":false},"excerpt":{"rendered":"<p>&#8220;Bak\u0131da taksil\u0259r aras\u0131ndak\u0131 r\u0259qab\u0259t \u0259h\u0259miyy\u0259tli d\u0259r\u0259c\u0259d\u0259 azal\u0131b&#8221;. &#8220;Report&#8221; x\u0259b\u0259r verir ki, bunu Elm v\u0259 T\u0259hsil Nazirliyinin \u0130qtisadiyyat \u0130nstitutunun direktoru Nazim \u0130manov bildirib. Onun s\u00f6zl\u0259rin\u0259 g\u00f6r\u0259, bu, taksil\u0259rin say\u0131n\u0131n azalmas\u0131n\u0131n n\u0259tic\u0259sidir. Bununla bel\u0259, direktor hesab edir ki, d\u00f6vl\u0259tin ili k\u00f6hn\u0259 avtomobill\u0259ri taksi f\u0259aliyy\u0259tind\u0259n k\u0259narla\u015fd\u0131rmas\u0131 bu sah\u0259d\u0259 qiym\u0259tl\u0259rl\u0259 yana\u015f\u0131, keyfiyy\u0259ti d\u0259 art\u0131r\u0131b. &#8220;Taksi sah\u0259sind\u0259 m\u0259nf\u0259\u0259t artd\u0131qca, kapital\u0131n [&hellip;]<\/p>\n","protected":false},"author":2,"featured_media":27880,"comment_status":"closed","ping_status":"closed","sticky":false,"template":"","format":"standard","meta":{"footnotes":""},"categories":[1],"tags":[],"class_list":["post-51376","post","type-post","status-publish","format-standard","has-post-thumbnail","hentry","category-society"],"yoast_head":"<!-- This site is optimized with the Yoast SEO plugin v28.2 - https:\/\/yoast.com\/product\/yoast-seo-wordpress\/ -->\n<title>Bak\u0131da taksil\u0259r aras\u0131ndak\u0131 r\u0259qab\u0259t \u0259h\u0259miyy\u0259tli d\u0259r\u0259c\u0259d\u0259 azal\u0131b - \u0130CT\u0130MA\u0130.AZ<\/title>\n<meta name=\"robots\" content=\"index, follow, max-snippet:-1, max-image-preview:large, max-video-preview:-1\" \/>\n<link rel=\"canonical\" href=\"https:\/\/ictimai.az\/?p=51376\" \/>\n<meta property=\"og:locale\" content=\"az_AZ\" \/>\n<meta property=\"og:type\" content=\"article\" \/>\n<meta property=\"og:title\" content=\"Bak\u0131da taksil\u0259r aras\u0131ndak\u0131 r\u0259qab\u0259t \u0259h\u0259miyy\u0259tli d\u0259r\u0259c\u0259d\u0259 azal\u0131b - \u0130CT\u0130MA\u0130.AZ\" \/>\n<meta property=\"og:description\" content=\"&#8220;Bak\u0131da taksil\u0259r aras\u0131ndak\u0131 r\u0259qab\u0259t \u0259h\u0259miyy\u0259tli d\u0259r\u0259c\u0259d\u0259 azal\u0131b&#8221;. &#8220;Report&#8221; x\u0259b\u0259r verir ki, bunu Elm v\u0259 T\u0259hsil Nazirliyinin \u0130qtisadiyyat \u0130nstitutunun direktoru Nazim \u0130manov bildirib. Onun s\u00f6zl\u0259rin\u0259 g\u00f6r\u0259, bu, taksil\u0259rin say\u0131n\u0131n azalmas\u0131n\u0131n n\u0259tic\u0259sidir. Bununla bel\u0259, direktor hesab edir ki, d\u00f6vl\u0259tin ili k\u00f6hn\u0259 avtomobill\u0259ri taksi f\u0259aliyy\u0259tind\u0259n k\u0259narla\u015fd\u0131rmas\u0131 bu sah\u0259d\u0259 qiym\u0259tl\u0259rl\u0259 yana\u015f\u0131, keyfiyy\u0259ti d\u0259 art\u0131r\u0131b. &#8220;Taksi sah\u0259sind\u0259 m\u0259nf\u0259\u0259t artd\u0131qca, kapital\u0131n [&hellip;]\" \/>\n<meta property=\"og:url\" content=\"https:\/\/ictimai.az\/?p=51376\" \/>\n<meta property=\"og:site_name\" content=\"\u0130CT\u0130MA\u0130.AZ\" \/>\n<meta property=\"article:published_time\" content=\"2024-07-12T14:31:01+00:00\" \/>\n<meta property=\"og:image\" content=\"https:\/\/ictimai.az\/core\/uploads\/2023\/07\/ictimai_85845bf3c0729171cd6928fb11153cc0_7t8xaw3qisuvc0j1e2gm.jpg\" \/>\n\t<meta property=\"og:image:width\" content=\"620\" \/>\n\t<meta property=\"og:image:height\" content=\"413\" \/>\n\t<meta property=\"og:image:type\" content=\"image\/jpeg\" \/>\n<meta name=\"author\" content=\"R\u0259\u015fad Bayramov\" \/>\n<meta name=\"twitter:card\" content=\"summary_large_image\" \/>\n<meta name=\"twitter:label1\" content=\"Written by\" \/>\n\t<meta name=\"twitter:data1\" content=\"R\u0259\u015fad Bayramov\" \/>\n\t<meta name=\"twitter:label2\" content=\"Est. reading time\" \/>\n\t<meta name=\"twitter:data2\" content=\"1 minute\" \/>\n<script type=\"application\/ld+json\" class=\"yoast-schema-graph\">{\"@context\":\"https:\\\/\\\/schema.org\",\"@graph\":[{\"@type\":\"Article\",\"@id\":\"https:\\\/\\\/ictimai.az\\\/?p=51376#article\",\"isPartOf\":{\"@id\":\"https:\\\/\\\/ictimai.az\\\/?p=51376\"},\"author\":{\"name\":\"R\u0259\u015fad Bayramov\",\"@id\":\"https:\\\/\\\/ictimai.az\\\/#\\\/schema\\\/person\\\/1da94bf2c7ab5d83ad349237bec1e6af\"},\"headline\":\"Bak\u0131da taksil\u0259r aras\u0131ndak\u0131 r\u0259qab\u0259t \u0259h\u0259miyy\u0259tli d\u0259r\u0259c\u0259d\u0259 azal\u0131b\",\"datePublished\":\"2024-07-12T14:31:01+00:00\",\"mainEntityOfPage\":{\"@id\":\"https:\\\/\\\/ictimai.az\\\/?p=51376\"},\"wordCount\":205,\"publisher\":{\"@id\":\"https:\\\/\\\/ictimai.az\\\/#organization\"},\"image\":{\"@id\":\"https:\\\/\\\/ictimai.az\\\/?p=51376#primaryimage\"},\"thumbnailUrl\":\"https:\\\/\\\/ictimai.az\\\/core\\\/uploads\\\/2023\\\/07\\\/ictimai_85845bf3c0729171cd6928fb11153cc0_7t8xaw3qisuvc0j1e2gm.jpg\",\"articleSection\":[\"Sosial\"],\"inLanguage\":\"az\"},{\"@type\":\"WebPage\",\"@id\":\"https:\\\/\\\/ictimai.az\\\/?p=51376\",\"url\":\"https:\\\/\\\/ictimai.az\\\/?p=51376\",\"name\":\"Bak\u0131da taksil\u0259r aras\u0131ndak\u0131 r\u0259qab\u0259t \u0259h\u0259miyy\u0259tli d\u0259r\u0259c\u0259d\u0259 azal\u0131b - \u0130CT\u0130MA\u0130.AZ\",\"isPartOf\":{\"@id\":\"https:\\\/\\\/ictimai.az\\\/#website\"},\"primaryImageOfPage\":{\"@id\":\"https:\\\/\\\/ictimai.az\\\/?p=51376#primaryimage\"},\"image\":{\"@id\":\"https:\\\/\\\/ictimai.az\\\/?p=51376#primaryimage\"},\"thumbnailUrl\":\"https:\\\/\\\/ictimai.az\\\/core\\\/uploads\\\/2023\\\/07\\\/ictimai_85845bf3c0729171cd6928fb11153cc0_7t8xaw3qisuvc0j1e2gm.jpg\",\"datePublished\":\"2024-07-12T14:31:01+00:00\",\"breadcrumb\":{\"@id\":\"https:\\\/\\\/ictimai.az\\\/?p=51376#breadcrumb\"},\"inLanguage\":\"az\",\"potentialAction\":[{\"@type\":\"ReadAction\",\"target\":[\"https:\\\/\\\/ictimai.az\\\/?p=51376\"]}]},{\"@type\":\"ImageObject\",\"inLanguage\":\"az\",\"@id\":\"https:\\\/\\\/ictimai.az\\\/?p=51376#primaryimage\",\"url\":\"https:\\\/\\\/ictimai.az\\\/core\\\/uploads\\\/2023\\\/07\\\/ictimai_85845bf3c0729171cd6928fb11153cc0_7t8xaw3qisuvc0j1e2gm.jpg\",\"contentUrl\":\"https:\\\/\\\/ictimai.az\\\/core\\\/uploads\\\/2023\\\/07\\\/ictimai_85845bf3c0729171cd6928fb11153cc0_7t8xaw3qisuvc0j1e2gm.jpg\",\"width\":620,\"height\":413},{\"@type\":\"BreadcrumbList\",\"@id\":\"https:\\\/\\\/ictimai.az\\\/?p=51376#breadcrumb\",\"itemListElement\":[{\"@type\":\"ListItem\",\"position\":1,\"name\":\"Home\",\"item\":\"https:\\\/\\\/ictimai.az\\\/\"},{\"@type\":\"ListItem\",\"position\":2,\"name\":\"Bak\u0131da taksil\u0259r aras\u0131ndak\u0131 r\u0259qab\u0259t \u0259h\u0259miyy\u0259tli d\u0259r\u0259c\u0259d\u0259 azal\u0131b\"}]},{\"@type\":\"WebSite\",\"@id\":\"https:\\\/\\\/ictimai.az\\\/#website\",\"url\":\"https:\\\/\\\/ictimai.az\\\/\",\"name\":\"\u0130CT\u0130MA\u0130.AZ\",\"description\":\"\",\"publisher\":{\"@id\":\"https:\\\/\\\/ictimai.az\\\/#organization\"},\"potentialAction\":[{\"@type\":\"SearchAction\",\"target\":{\"@type\":\"EntryPoint\",\"urlTemplate\":\"https:\\\/\\\/ictimai.az\\\/?s={search_term_string}\"},\"query-input\":{\"@type\":\"PropertyValueSpecification\",\"valueRequired\":true,\"valueName\":\"search_term_string\"}}],\"inLanguage\":\"az\"},{\"@type\":\"Organization\",\"@id\":\"https:\\\/\\\/ictimai.az\\\/#organization\",\"name\":\"\u0130CT\u0130MA\u0130.AZ\",\"url\":\"https:\\\/\\\/ictimai.az\\\/\",\"logo\":{\"@type\":\"ImageObject\",\"inLanguage\":\"az\",\"@id\":\"https:\\\/\\\/ictimai.az\\\/#\\\/schema\\\/logo\\\/image\\\/\",\"url\":\"https:\\\/\\\/ictimai.az\\\/core\\\/uploads\\\/2026\\\/06\\\/cropped-ictimai_0380d81099c6fe3baae753faceb5481f_p41rg2mzq0uyvextfh3k-768x768-1-3.png\",\"contentUrl\":\"https:\\\/\\\/ictimai.az\\\/core\\\/uploads\\\/2026\\\/06\\\/cropped-ictimai_0380d81099c6fe3baae753faceb5481f_p41rg2mzq0uyvextfh3k-768x768-1-3.png\",\"width\":768,\"height\":768,\"caption\":\"\u0130CT\u0130MA\u0130.AZ\"},\"image\":{\"@id\":\"https:\\\/\\\/ictimai.az\\\/#\\\/schema\\\/logo\\\/image\\\/\"}},{\"@type\":\"Person\",\"@id\":\"https:\\\/\\\/ictimai.az\\\/#\\\/schema\\\/person\\\/1da94bf2c7ab5d83ad349237bec1e6af\",\"name\":\"R\u0259\u015fad Bayramov\",\"image\":{\"@type\":\"ImageObject\",\"inLanguage\":\"az\",\"@id\":\"https:\\\/\\\/secure.gravatar.com\\\/avatar\\\/83c075605ba0a4d35d59726aaad89cfa8008d1f01603342c56f1dd79784491bc?s=96&d=mm&r=g\",\"url\":\"https:\\\/\\\/secure.gravatar.com\\\/avatar\\\/83c075605ba0a4d35d59726aaad89cfa8008d1f01603342c56f1dd79784491bc?s=96&d=mm&r=g\",\"contentUrl\":\"https:\\\/\\\/secure.gravatar.com\\\/avatar\\\/83c075605ba0a4d35d59726aaad89cfa8008d1f01603342c56f1dd79784491bc?s=96&d=mm&r=g\",\"caption\":\"R\u0259\u015fad Bayramov\"},\"sameAs\":[\"https:\\\/\\\/ictimai.az\\\/\"],\"url\":\"https:\\\/\\\/ictimai.az\\\/?author=2\"}]}<\/script>\n<!-- \/ Yoast SEO plugin. -->","yoast_head_json":{"title":"Bak\u0131da taksil\u0259r aras\u0131ndak\u0131 r\u0259qab\u0259t \u0259h\u0259miyy\u0259tli d\u0259r\u0259c\u0259d\u0259 azal\u0131b - \u0130CT\u0130MA\u0130.AZ","robots":{"index":"index","follow":"follow","max-snippet":"max-snippet:-1","max-image-preview":"max-image-preview:large","max-video-preview":"max-video-preview:-1"},"canonical":"https:\/\/ictimai.az\/?p=51376","og_locale":"az_AZ","og_type":"article","og_title":"Bak\u0131da taksil\u0259r aras\u0131ndak\u0131 r\u0259qab\u0259t \u0259h\u0259miyy\u0259tli d\u0259r\u0259c\u0259d\u0259 azal\u0131b - \u0130CT\u0130MA\u0130.AZ","og_description":"&#8220;Bak\u0131da taksil\u0259r aras\u0131ndak\u0131 r\u0259qab\u0259t \u0259h\u0259miyy\u0259tli d\u0259r\u0259c\u0259d\u0259 azal\u0131b&#8221;. &#8220;Report&#8221; x\u0259b\u0259r verir ki, bunu Elm v\u0259 T\u0259hsil Nazirliyinin \u0130qtisadiyyat \u0130nstitutunun direktoru Nazim \u0130manov bildirib. Onun s\u00f6zl\u0259rin\u0259 g\u00f6r\u0259, bu, taksil\u0259rin say\u0131n\u0131n azalmas\u0131n\u0131n n\u0259tic\u0259sidir. Bununla bel\u0259, direktor hesab edir ki, d\u00f6vl\u0259tin ili k\u00f6hn\u0259 avtomobill\u0259ri taksi f\u0259aliyy\u0259tind\u0259n k\u0259narla\u015fd\u0131rmas\u0131 bu sah\u0259d\u0259 qiym\u0259tl\u0259rl\u0259 yana\u015f\u0131, keyfiyy\u0259ti d\u0259 art\u0131r\u0131b. &#8220;Taksi sah\u0259sind\u0259 m\u0259nf\u0259\u0259t artd\u0131qca, kapital\u0131n [&hellip;]","og_url":"https:\/\/ictimai.az\/?p=51376","og_site_name":"\u0130CT\u0130MA\u0130.AZ","article_published_time":"2024-07-12T14:31:01+00:00","og_image":[{"width":620,"height":413,"url":"https:\/\/ictimai.az\/core\/uploads\/2023\/07\/ictimai_85845bf3c0729171cd6928fb11153cc0_7t8xaw3qisuvc0j1e2gm.jpg","type":"image\/jpeg"}],"author":"R\u0259\u015fad Bayramov","twitter_card":"summary_large_image","twitter_misc":{"Written by":"R\u0259\u015fad Bayramov","Est. reading time":"1 minute"},"schema":{"@context":"https:\/\/schema.org","@graph":[{"@type":"Article","@id":"https:\/\/ictimai.az\/?p=51376#article","isPartOf":{"@id":"https:\/\/ictimai.az\/?p=51376"},"author":{"name":"R\u0259\u015fad Bayramov","@id":"https:\/\/ictimai.az\/#\/schema\/person\/1da94bf2c7ab5d83ad349237bec1e6af"},"headline":"Bak\u0131da taksil\u0259r aras\u0131ndak\u0131 r\u0259qab\u0259t \u0259h\u0259miyy\u0259tli d\u0259r\u0259c\u0259d\u0259 azal\u0131b","datePublished":"2024-07-12T14:31:01+00:00","mainEntityOfPage":{"@id":"https:\/\/ictimai.az\/?p=51376"},"wordCount":205,"publisher":{"@id":"https:\/\/ictimai.az\/#organization"},"image":{"@id":"https:\/\/ictimai.az\/?p=51376#primaryimage"},"thumbnailUrl":"https:\/\/ictimai.az\/core\/uploads\/2023\/07\/ictimai_85845bf3c0729171cd6928fb11153cc0_7t8xaw3qisuvc0j1e2gm.jpg","articleSection":["Sosial"],"inLanguage":"az"},{"@type":"WebPage","@id":"https:\/\/ictimai.az\/?p=51376","url":"https:\/\/ictimai.az\/?p=51376","name":"Bak\u0131da taksil\u0259r aras\u0131ndak\u0131 r\u0259qab\u0259t \u0259h\u0259miyy\u0259tli d\u0259r\u0259c\u0259d\u0259 azal\u0131b - \u0130CT\u0130MA\u0130.AZ","isPartOf":{"@id":"https:\/\/ictimai.az\/#website"},"primaryImageOfPage":{"@id":"https:\/\/ictimai.az\/?p=51376#primaryimage"},"image":{"@id":"https:\/\/ictimai.az\/?p=51376#primaryimage"},"thumbnailUrl":"https:\/\/ictimai.az\/core\/uploads\/2023\/07\/ictimai_85845bf3c0729171cd6928fb11153cc0_7t8xaw3qisuvc0j1e2gm.jpg","datePublished":"2024-07-12T14:31:01+00:00","breadcrumb":{"@id":"https:\/\/ictimai.az\/?p=51376#breadcrumb"},"inLanguage":"az","potentialAction":[{"@type":"ReadAction","target":["https:\/\/ictimai.az\/?p=51376"]}]},{"@type":"ImageObject","inLanguage":"az","@id":"https:\/\/ictimai.az\/?p=51376#primaryimage","url":"https:\/\/ictimai.az\/core\/uploads\/2023\/07\/ictimai_85845bf3c0729171cd6928fb11153cc0_7t8xaw3qisuvc0j1e2gm.jpg","contentUrl":"https:\/\/ictimai.az\/core\/uploads\/2023\/07\/ictimai_85845bf3c0729171cd6928fb11153cc0_7t8xaw3qisuvc0j1e2gm.jpg","width":620,"height":413},{"@type":"BreadcrumbList","@id":"https:\/\/ictimai.az\/?p=51376#breadcrumb","itemListElement":[{"@type":"ListItem","position":1,"name":"Home","item":"https:\/\/ictimai.az\/"},{"@type":"ListItem","position":2,"name":"Bak\u0131da taksil\u0259r aras\u0131ndak\u0131 r\u0259qab\u0259t \u0259h\u0259miyy\u0259tli d\u0259r\u0259c\u0259d\u0259 azal\u0131b"}]},{"@type":"WebSite","@id":"https:\/\/ictimai.az\/#website","url":"https:\/\/ictimai.az\/","name":"\u0130CT\u0130MA\u0130.AZ","description":"","publisher":{"@id":"https:\/\/ictimai.az\/#organization"},"potentialAction":[{"@type":"SearchAction","target":{"@type":"EntryPoint","urlTemplate":"https:\/\/ictimai.az\/?s={search_term_string}"},"query-input":{"@type":"PropertyValueSpecification","valueRequired":true,"valueName":"search_term_string"}}],"inLanguage":"az"},{"@type":"Organization","@id":"https:\/\/ictimai.az\/#organization","name":"\u0130CT\u0130MA\u0130.AZ","url":"https:\/\/ictimai.az\/","logo":{"@type":"ImageObject","inLanguage":"az","@id":"https:\/\/ictimai.az\/#\/schema\/logo\/image\/","url":"https:\/\/ictimai.az\/core\/uploads\/2026\/06\/cropped-ictimai_0380d81099c6fe3baae753faceb5481f_p41rg2mzq0uyvextfh3k-768x768-1-3.png","contentUrl":"https:\/\/ictimai.az\/core\/uploads\/2026\/06\/cropped-ictimai_0380d81099c6fe3baae753faceb5481f_p41rg2mzq0uyvextfh3k-768x768-1-3.png","width":768,"height":768,"caption":"\u0130CT\u0130MA\u0130.AZ"},"image":{"@id":"https:\/\/ictimai.az\/#\/schema\/logo\/image\/"}},{"@type":"Person","@id":"https:\/\/ictimai.az\/#\/schema\/person\/1da94bf2c7ab5d83ad349237bec1e6af","name":"R\u0259\u015fad Bayramov","image":{"@type":"ImageObject","inLanguage":"az","@id":"https:\/\/secure.gravatar.com\/avatar\/83c075605ba0a4d35d59726aaad89cfa8008d1f01603342c56f1dd79784491bc?s=96&d=mm&r=g","url":"https:\/\/secure.gravatar.com\/avatar\/83c075605ba0a4d35d59726aaad89cfa8008d1f01603342c56f1dd79784491bc?s=96&d=mm&r=g","contentUrl":"https:\/\/secure.gravatar.com\/avatar\/83c075605ba0a4d35d59726aaad89cfa8008d1f01603342c56f1dd79784491bc?s=96&d=mm&r=g","caption":"R\u0259\u015fad Bayramov"},"sameAs":["https:\/\/ictimai.az\/"],"url":"https:\/\/ictimai.az\/?author=2"}]}},"_links":{"self":[{"href":"https:\/\/ictimai.az\/index.php?rest_route=\/wp\/v2\/posts\/51376","targetHints":{"allow":["GET"]}}],"collection":[{"href":"https:\/\/ictimai.az\/index.php?rest_route=\/wp\/v2\/posts"}],"about":[{"href":"https:\/\/ictimai.az\/index.php?rest_route=\/wp\/v2\/types\/post"}],"author":[{"embeddable":true,"href":"https:\/\/ictimai.az\/index.php?rest_route=\/wp\/v2\/users\/2"}],"replies":[{"embeddable":true,"href":"https:\/\/ictimai.az\/index.php?rest_route=%2Fwp%2Fv2%2Fcomments&post=51376"}],"version-history":[{"count":0,"href":"https:\/\/ictimai.az\/index.php?rest_route=\/wp\/v2\/posts\/51376\/revisions"}],"wp:featuredmedia":[{"embeddable":true,"href":"https:\/\/ictimai.az\/index.php?rest_route=\/wp\/v2\/media\/27880"}],"wp:attachment":[{"href":"https:\/\/ictimai.az\/index.php?rest_route=%2Fwp%2Fv2%2Fmedia&parent=51376"}],"wp:term":[{"taxonomy":"category","embeddable":true,"href":"https:\/\/ictimai.az\/index.php?rest_route=%2Fwp%2Fv2%2Fcategories&post=51376"},{"taxonomy":"post_tag","embeddable":true,"href":"https:\/\/ictimai.az\/index.php?rest_route=%2Fwp%2Fv2%2Ftags&post=51376"}],"curies":[{"name":"wp","href":"https:\/\/api.w.org\/{rel}","templated":true}]}}