{"id":5276,"date":"2020-08-24T00:10:37","date_gmt":"2020-08-23T20:10:37","guid":{"rendered":"https:\/\/ictimai.az\/?p=5276"},"modified":"2020-08-25T01:08:22","modified_gmt":"2020-08-24T21:08:22","slug":"atamoglan-babayev-jurnalisti-mehkeme-ile-hedeleyir","status":"publish","type":"post","link":"https:\/\/ictimai.az\/?p=5276","title":{"rendered":"Atamo\u011flan Babayev jurnalisti m\u0259hk\u0259m\u0259 il\u0259 h\u0259d\u0259l\u0259yir\u2026"},"content":{"rendered":"<p>El\u00e7im M\u0259h\u0259mm\u0259d o\u011flu Ta\u011f\u0131yev<\/p>\n<p>Vicdanl\u0131 bir media \u0259m\u0259kda\u015f\u0131 olaraq bir\u00e7ox rayonlarda sakinl\u0259rl\u0259 g\u00f6r\u00fc\u015f\u00fcr\u0259m onlar\u0131 narahat ed\u0259n probleml\u0259ri il\u0259 maraqlan\u0131ram v\u0259 ictimail\u0259\u015fdirir\u0259m.<\/p>\n<p>Bu yol m\u0259nim \u0259qid\u0259md\u0259 bir se\u00e7imdir ki, D\u00f6vl\u0259tin\u0259,V\u0259t\u0259nin\u0259 sadiq olmuyan,xalq\u0131n haqq\u0131na gir\u0259n m\u0259murlara qar\u015f\u0131 s\u0259rt m\u00fcbariz\u0259 aparmaqd\u0131r.<\/p>\n<p>Son zamanlar Agcab\u0259di rayon Hindarx q\u0259s\u0259b\u0259sind\u0259 yaranm\u0131\u015f \u00e7\u0259tinlikl\u0259rl\u0259 ba\u011fl\u0131,m\u0259mur \u00f6zba\u015fnal\u0131\u011f\u0131 il\u0259 ba\u011fl\u0131 redaksiyam\u0131za m\u00fcraci\u0259tl\u0259r daxil olur.<\/p>\n<p><img loading=\"lazy\" decoding=\"async\" class=\"alignnone size-medium wp-image-53758\" src=\"https:\/\/yenigundem.az\/wp-content\/uploads\/2020\/08\/yenigundem_3ea70b63648c0277bfa26a775e0c946c_v18ip5sj7byan4gre9ck-300x129.jpg\" sizes=\"auto, (max-width: 300px) 100vw, 300px\" srcset=\"https:\/\/yenigundem.az\/wp-content\/uploads\/2020\/08\/yenigundem_3ea70b63648c0277bfa26a775e0c946c_v18ip5sj7byan4gre9ck-300x129.jpg 300w, https:\/\/yenigundem.az\/wp-content\/uploads\/2020\/08\/yenigundem_3ea70b63648c0277bfa26a775e0c946c_v18ip5sj7byan4gre9ck.jpg 768w\" alt=\"\" width=\"300\" height=\"129\" \/><img loading=\"lazy\" decoding=\"async\" class=\"wp-image-8785\" src=\"https:\/\/pressxeber.com\/news\/wp-content\/uploads\/2020\/08\/PicsArt_08-16-11.19.48-1.jpg\" sizes=\"auto, (max-width: 1677px) 100vw, 1677px\" srcset=\"https:\/\/pressxeber.com\/news\/wp-content\/uploads\/2020\/08\/PicsArt_08-16-11.19.48-1.jpg 1677w, https:\/\/pressxeber.com\/news\/wp-content\/uploads\/2020\/08\/PicsArt_08-16-11.19.48-1-768x331.jpg 768w, https:\/\/pressxeber.com\/news\/wp-content\/uploads\/2020\/08\/PicsArt_08-16-11.19.48-1-1536x661.jpg 1536w\" alt=\"\" width=\"1677\" height=\"722\" \/><\/p>\n<figure class=\"wp-block-image size-large\"><figcaption>\u018fvv\u0259ll\u0259r Aqrolizinq Agcab\u0259di Regional N\u00fcmay\u0259nd\u0259liyind\u0259 \u00e7al\u0131\u015fan v\u0259 \u00e7al\u0131\u015fd\u0131\u011f\u0131 m\u00fcdd\u0259td\u0259 Aqrolizinqi \u00e7ap\u0131b-talayan,D\u00f6vl\u0259t\u0259 m\u0259xsus texnikalar\u0131 \u00f6z\u0259ll\u0259\u015fdir\u0259r\u0259k ya\u015fad\u0131\u011f\u0131 k\u00fcrdl\u0259r k\u0259ndind\u0259ki parka y\u0131\u011fmas\u0131 s\u00fcbut edirki Atamo\u011fla Babayev v\u0259zif\u0259 s\u0259lahiyy\u0259tind\u0259n bel\u0259 istifad\u0259 edib. G\u00f6r\u0259s\u0259n Atamo\u011flan Babayev bu \u0259m\u0259ll\u0259ri il\u0259 n\u0259yi s\u00fcbut etm\u0259k ist\u0259yir? Biz\u0259d\u0259 maraql\u0131d\u0131r.<\/figcaption><\/figure>\n<p>Agcab\u0259di rayon Hindarx q\u0259s\u0259b\u0259sind\u0259 says\u0131s\u0131z hesabs\u0131z \u0259kin sah\u0259l\u0259ri,obyektl\u0259ri olan Babayev bu c\u00fcr var-varyata sahib olma\u011f\u0131n\u0131n bir ad\u0131 var r\u00fc\u015fv\u0259t v\u0259 \u00f6zba\u015fnal\u0131q.<\/p>\n<p>M\u00f6ht\u0259r\u0259m Prezidentimiz \u0130lham \u018fliyev c\u0259nablar\u0131n\u0131n \u0259halinin i\u00e7m\u0259li v\u0259 h\u0259y\u0259tyan\u0131 habel\u0259 \u0259kin sah\u0259l\u0259rinin suvar\u0131lmas\u0131 il\u0259 t\u0259min olunmas\u0131 m\u0259qs\u0259di il\u0259 ay\u0131rd\u0131\u011f\u0131 subartizan quyular\u0131n\u0131 m\u0259nims\u0259m\u0259si,ist\u0259diyi \u0259razil\u0259rd\u0259 b\u0259rpa etdirm\u0259si v\u0259 pulla sat\u0131\u015fa \u00e7\u0131xarmas\u0131 bunu s\u00fcbut edir ki, Atamo\u011flan Babayev D\u00f6vl\u0259tin ay\u0131rd\u0131\u011f\u0131 v\u0259saiti bel\u0259 talay\u0131r. Bu c\u00fcr i\u015fl\u0259rd\u0259n rayon r\u0259hb\u0259rinin x\u0259b\u0259ri olsa bel\u0259 \u0259h\u0259miyy\u0259t vermir.<\/p>\n<p>Hesab edir\u0259m ki, M\u00f6ht\u0259r\u0259m Prezidentimiz bununla ba\u011fl\u0131 ciddi t\u0259dbirl\u0259rin g\u00f6r\u00fclm\u0259sin\u0259 dair tap\u015f\u0131r\u0131qlar\u0131n\u0131 ver\u0259c\u0259kdir.<\/p>\n<figure class=\"wp-block-image size-large\"><img loading=\"lazy\" decoding=\"async\" class=\"wp-image-8790\" src=\"https:\/\/pressxeber.com\/news\/wp-content\/uploads\/2020\/08\/PicsArt_08-11-05.51.59-1.jpg\" sizes=\"auto, (max-width: 1580px) 100vw, 1580px\" srcset=\"https:\/\/pressxeber.com\/news\/wp-content\/uploads\/2020\/08\/PicsArt_08-11-05.51.59-1.jpg 1580w, https:\/\/pressxeber.com\/news\/wp-content\/uploads\/2020\/08\/PicsArt_08-11-05.51.59-1-768x419.jpg 768w, https:\/\/pressxeber.com\/news\/wp-content\/uploads\/2020\/08\/PicsArt_08-11-05.51.59-1-1536x838.jpg 1536w\" alt=\"\" width=\"1580\" height=\"862\" \/><img loading=\"lazy\" decoding=\"async\" class=\"alignnone size-medium wp-image-53760\" src=\"https:\/\/yenigundem.az\/wp-content\/uploads\/2020\/08\/yenigundem_cc2ebcaccc35885030bd2a391d2d1479_mn2l5096pqy3arjx4ze8-300x164.jpg\" sizes=\"auto, (max-width: 300px) 100vw, 300px\" srcset=\"https:\/\/yenigundem.az\/wp-content\/uploads\/2020\/08\/yenigundem_cc2ebcaccc35885030bd2a391d2d1479_mn2l5096pqy3arjx4ze8-300x164.jpg 300w, https:\/\/yenigundem.az\/wp-content\/uploads\/2020\/08\/yenigundem_cc2ebcaccc35885030bd2a391d2d1479_mn2l5096pqy3arjx4ze8.jpg 768w\" alt=\"\" width=\"300\" height=\"164\" \/><\/figure>\n<p>M\u0259n d\u0259f\u0259l\u0259rl\u0259 yaranm\u0131\u015f \u00e7\u0259tinlikl\u0259rl\u0259 ba\u011fl\u0131 Hindarx q\u0259s\u0259b\u0259sind\u0259 olmu\u015fam v\u0259t\u0259nda\u015flar\u0131n m\u00fcraci\u0259tl\u0259rini dinl\u0259mi\u015f\u0259m v\u0259 i\u015f\u0131qlqnd\u0131rm\u0131\u015fam. Buna \u0259h\u0259miyy\u0259t verm\u0259y\u0259n Babayev m\u0259n\u0259 m\u00fcxt\u0259lif sakinl\u0259r\u0259 z\u0259ng etdir\u0259r\u0259k m\u0259hk\u0259m\u0259 v\u0259 polis orqan\u0131 il\u0259 h\u0259d\u0259l\u0259yir.<\/p>\n<p><img loading=\"lazy\" decoding=\"async\" class=\"alignnone size-medium wp-image-53757\" src=\"https:\/\/yenigundem.az\/wp-content\/uploads\/2020\/08\/yenigundem_bd613ef30c8198c35135768fdd18da14_7p8veoi1u2aqzstg0wjm-300x151.jpg\" sizes=\"auto, (max-width: 300px) 100vw, 300px\" srcset=\"https:\/\/yenigundem.az\/wp-content\/uploads\/2020\/08\/yenigundem_bd613ef30c8198c35135768fdd18da14_7p8veoi1u2aqzstg0wjm-300x151.jpg 300w, https:\/\/yenigundem.az\/wp-content\/uploads\/2020\/08\/yenigundem_bd613ef30c8198c35135768fdd18da14_7p8veoi1u2aqzstg0wjm-1024x516.jpg 1024w, https:\/\/yenigundem.az\/wp-content\/uploads\/2020\/08\/yenigundem_bd613ef30c8198c35135768fdd18da14_7p8veoi1u2aqzstg0wjm-768x387.jpg 768w, https:\/\/yenigundem.az\/wp-content\/uploads\/2020\/08\/yenigundem_bd613ef30c8198c35135768fdd18da14_7p8veoi1u2aqzstg0wjm-1536x774.jpg 1536w, https:\/\/yenigundem.az\/wp-content\/uploads\/2020\/08\/yenigundem_bd613ef30c8198c35135768fdd18da14_7p8veoi1u2aqzstg0wjm.jpg 1669w\" alt=\"\" width=\"300\" height=\"151\" \/><\/p>\n<figure class=\"wp-block-image size-large\"><img loading=\"lazy\" decoding=\"async\" class=\"wp-image-8787\" src=\"https:\/\/pressxeber.com\/news\/wp-content\/uploads\/2020\/08\/PicsArt_08-23-10.19.46.jpg\" sizes=\"auto, (max-width: 1669px) 100vw, 1669px\" srcset=\"https:\/\/pressxeber.com\/news\/wp-content\/uploads\/2020\/08\/PicsArt_08-23-10.19.46.jpg 1669w, https:\/\/pressxeber.com\/news\/wp-content\/uploads\/2020\/08\/PicsArt_08-23-10.19.46-768x387.jpg 768w, https:\/\/pressxeber.com\/news\/wp-content\/uploads\/2020\/08\/PicsArt_08-23-10.19.46-1536x774.jpg 1536w\" alt=\"\" width=\"1669\" height=\"841\" \/><figcaption><strong>H\u00f6rm\u0259tli Atamo\u011flan Babayev Sizin pulunuz \u00e7ox ola bil\u0259r v\u0259 pulunuza g\u00fcv\u0259n\u0259r\u0259k ist\u0259diyiniz h\u0259r\u0259k\u0259ti ed\u0259 bil\u0259rsiniz<\/strong><\/figcaption><\/figure>\n<p><strong>Unutmay\u0131n ki, Sizin says\u0131z hesabs\u0131z pulunuzun olma\u011f\u0131na bqxmayaraq m\u0259nimd\u0259 azad v\u0259 m\u00fcst\u0259qil bir media \u0259m\u0259kda\u015f\u0131 olaraq M\u00f6ht\u0259r\u0259m Prezidentim var.<\/strong><\/p>\n<p><img loading=\"lazy\" decoding=\"async\" class=\"alignnone size-medium wp-image-53762\" src=\"https:\/\/yenigundem.az\/wp-content\/uploads\/2020\/08\/yenigundem_cc41be0cfb6aee5e5e95479643bdaa18_2fbteg390aq4xrvpc8os-300x225.jpg\" sizes=\"auto, (max-width: 300px) 100vw, 300px\" srcset=\"https:\/\/yenigundem.az\/wp-content\/uploads\/2020\/08\/yenigundem_cc41be0cfb6aee5e5e95479643bdaa18_2fbteg390aq4xrvpc8os-300x225.jpg 300w, https:\/\/yenigundem.az\/wp-content\/uploads\/2020\/08\/yenigundem_cc41be0cfb6aee5e5e95479643bdaa18_2fbteg390aq4xrvpc8os.jpg 768w\" alt=\"\" width=\"300\" height=\"225\" \/><\/p>\n<figure class=\"wp-block-image size-large\"><img loading=\"lazy\" decoding=\"async\" class=\"wp-image-8788\" src=\"https:\/\/pressxeber.com\/news\/wp-content\/uploads\/2020\/08\/IMG_20200705_183235-1-scaled.jpg\" sizes=\"auto, (max-width: 2560px) 100vw, 2560px\" srcset=\"https:\/\/pressxeber.com\/news\/wp-content\/uploads\/2020\/08\/IMG_20200705_183235-1-scaled.jpg 2560w, https:\/\/pressxeber.com\/news\/wp-content\/uploads\/2020\/08\/IMG_20200705_183235-1-768x576.jpg 768w, https:\/\/pressxeber.com\/news\/wp-content\/uploads\/2020\/08\/IMG_20200705_183235-1-1536x1152.jpg 1536w, https:\/\/pressxeber.com\/news\/wp-content\/uploads\/2020\/08\/IMG_20200705_183235-1-2048x1536.jpg 2048w\" alt=\"\" width=\"2560\" height=\"1920\" \/><figcaption>Buyur s\u0259nin bu c\u00fcr \u00e7irkin \u0259m\u0259ll\u0259rin,xalq\u0131 su il\u0259 imtahan etdiyin g\u00f6z \u00f6n\u00fcnd\u0259dir. M\u0259ni m\u0259hk\u0259m\u0259 il\u0259 h\u0259d\u0259l\u0259y\u0259n Babayev Aqrolizinqi \u00e7ap\u0131b taladi\u011f\u0131n kimi indid\u0259 Subartizan idar\u0259sind\u0259 at oynad\u0131rsan<\/figcaption><\/figure>\n<p>Unutmaki, El\u00e7in Ta\u011f\u0131yev \u0259qid\u0259sini pula satan media n\u00fcmay\u0259nd\u0259si deyil !<\/p>\n<figure class=\"wp-block-image size-large\"><img loading=\"lazy\" decoding=\"async\" class=\"wp-image-8789\" src=\"https:\/\/pressxeber.com\/news\/wp-content\/uploads\/2020\/08\/IMG_20200810_201236-2.jpg\" sizes=\"auto, (max-width: 1080px) 100vw, 1080px\" srcset=\"https:\/\/pressxeber.com\/news\/wp-content\/uploads\/2020\/08\/IMG_20200810_201236-2.jpg 1080w, https:\/\/pressxeber.com\/news\/wp-content\/uploads\/2020\/08\/IMG_20200810_201236-2-768x415.jpg 768w\" alt=\"\" width=\"1080\" height=\"583\" \/><img loading=\"lazy\" decoding=\"async\" class=\"alignnone size-medium wp-image-53764\" src=\"https:\/\/yenigundem.az\/wp-content\/uploads\/2020\/08\/yenigundem_ae5e04fae27e0fb16cf9546c66874815_ztxuo2yjiak1lvg8ceqh-300x162.jpg\" sizes=\"auto, (max-width: 300px) 100vw, 300px\" srcset=\"https:\/\/yenigundem.az\/wp-content\/uploads\/2020\/08\/yenigundem_ae5e04fae27e0fb16cf9546c66874815_ztxuo2yjiak1lvg8ceqh-300x162.jpg 300w, https:\/\/yenigundem.az\/wp-content\/uploads\/2020\/08\/yenigundem_ae5e04fae27e0fb16cf9546c66874815_ztxuo2yjiak1lvg8ceqh.jpg 768w\" alt=\"\" width=\"300\" height=\"162\" \/><figcaption>Agcab\u0259di rayonunda s\u0259ninkimi m\u0259murlar\u0131n v\u0259zif\u0259 s\u0259lahiyy\u0259tl\u0259rind\u0259n sui-istifad\u0259 etm\u0259l\u0259rin\u0259 az qal\u0131b.<\/figcaption><\/figure>\n<figure class=\"wp-block-embed-youtube wp-block-embed is-type-video is-provider-youtube wp-embed-aspect-16-9 wp-has-aspect-ratio\">\n<div class=\"wp-block-embed__wrapper\"><iframe loading=\"lazy\" title=\"SON D\u018fQ\u0130Q\u018f: AGCAB\u018fD\u0130D\u018f AQROL\u0130Z\u0130NQ\u0130 TALAYAN ATAMO\u011eLAN BABAYEV K\u0130ML\u018fR\u018f ARXALANIR.\" src=\"https:\/\/www.youtube.com\/embed\/v1hvXEf0HpY?feature=oembed\" width=\"1040\" height=\"585\" frameborder=\"0\" allowfullscreen=\"allowfullscreen\" data-mce-fragment=\"1\"><\/iframe><\/div>\n<\/figure>\n<p>Ard\u0131 var izl\u0259m\u0259yi unutmay\u0131n.<\/p>\n<p>Qar\u015f\u0131 t\u0259r\u0259find\u0259 fikirl\u0259rini dinl\u0259m\u0259y\u0259 bununla yana\u015f\u0131 say\u0131tda d\u0259rc etm\u0259y\u0259 haz\u0131ram.<\/p>\n<p><strong>El\u00e7in Ta\u011f\u0131yev \u0130ctimai-F\u0259al, Prezident\u0259 d\u0259st\u0259k, H\u00fcquq N\u0259zar\u0259ti q\u0259zetinin Redaktor m\u00fcavini, Pressxeber.com say\u0131t\u0131n\u0131n Ba\u015f redaktoru.<\/strong><\/p>\n<p><strong>Pressxeber.com<\/strong><\/p>\n","protected":false},"excerpt":{"rendered":"<p>El\u00e7im M\u0259h\u0259mm\u0259d o\u011flu Ta\u011f\u0131yev Vicdanl\u0131 bir media \u0259m\u0259kda\u015f\u0131 olaraq bir\u00e7ox rayonlarda sakinl\u0259rl\u0259 g\u00f6r\u00fc\u015f\u00fcr\u0259m onlar\u0131 narahat ed\u0259n probleml\u0259ri il\u0259 maraqlan\u0131ram v\u0259 ictimail\u0259\u015fdirir\u0259m. Bu yol m\u0259nim \u0259qid\u0259md\u0259 bir se\u00e7imdir ki, D\u00f6vl\u0259tin\u0259,V\u0259t\u0259nin\u0259 sadiq olmuyan,xalq\u0131n haqq\u0131na gir\u0259n m\u0259murlara qar\u015f\u0131 s\u0259rt m\u00fcbariz\u0259 aparmaqd\u0131r. Son zamanlar Agcab\u0259di rayon Hindarx q\u0259s\u0259b\u0259sind\u0259 yaranm\u0131\u015f \u00e7\u0259tinlikl\u0259rl\u0259 ba\u011fl\u0131,m\u0259mur \u00f6zba\u015fnal\u0131\u011f\u0131 il\u0259 ba\u011fl\u0131 redaksiyam\u0131za m\u00fcraci\u0259tl\u0259r daxil olur. \u018fvv\u0259ll\u0259r [&hellip;]<\/p>\n","protected":false},"author":2,"featured_media":5277,"comment_status":"closed","ping_status":"closed","sticky":false,"template":"","format":"standard","meta":{"footnotes":""},"categories":[2,1],"tags":[],"class_list":["post-5276","post","type-post","status-publish","format-standard","has-post-thumbnail","hentry","category-trend","category-society"],"yoast_head":"<!-- This site is optimized with the Yoast SEO plugin v28.2 - https:\/\/yoast.com\/product\/yoast-seo-wordpress\/ -->\n<title>Atamo\u011flan Babayev jurnalisti m\u0259hk\u0259m\u0259 il\u0259 h\u0259d\u0259l\u0259yir\u2026 - \u0130CT\u0130MA\u0130.AZ<\/title>\n<meta name=\"robots\" content=\"index, follow, max-snippet:-1, max-image-preview:large, max-video-preview:-1\" \/>\n<link rel=\"canonical\" href=\"https:\/\/ictimai.az\/?p=5276\" \/>\n<meta property=\"og:locale\" content=\"az_AZ\" \/>\n<meta property=\"og:type\" content=\"article\" \/>\n<meta property=\"og:title\" content=\"Atamo\u011flan Babayev jurnalisti m\u0259hk\u0259m\u0259 il\u0259 h\u0259d\u0259l\u0259yir\u2026 - \u0130CT\u0130MA\u0130.AZ\" \/>\n<meta property=\"og:description\" content=\"El\u00e7im M\u0259h\u0259mm\u0259d o\u011flu Ta\u011f\u0131yev Vicdanl\u0131 bir media \u0259m\u0259kda\u015f\u0131 olaraq bir\u00e7ox rayonlarda sakinl\u0259rl\u0259 g\u00f6r\u00fc\u015f\u00fcr\u0259m onlar\u0131 narahat ed\u0259n probleml\u0259ri il\u0259 maraqlan\u0131ram v\u0259 ictimail\u0259\u015fdirir\u0259m. Bu yol m\u0259nim \u0259qid\u0259md\u0259 bir se\u00e7imdir ki, D\u00f6vl\u0259tin\u0259,V\u0259t\u0259nin\u0259 sadiq olmuyan,xalq\u0131n haqq\u0131na gir\u0259n m\u0259murlara qar\u015f\u0131 s\u0259rt m\u00fcbariz\u0259 aparmaqd\u0131r. Son zamanlar Agcab\u0259di rayon Hindarx q\u0259s\u0259b\u0259sind\u0259 yaranm\u0131\u015f \u00e7\u0259tinlikl\u0259rl\u0259 ba\u011fl\u0131,m\u0259mur \u00f6zba\u015fnal\u0131\u011f\u0131 il\u0259 ba\u011fl\u0131 redaksiyam\u0131za m\u00fcraci\u0259tl\u0259r daxil olur. \u018fvv\u0259ll\u0259r [&hellip;]\" \/>\n<meta property=\"og:url\" content=\"https:\/\/ictimai.az\/?p=5276\" \/>\n<meta property=\"og:site_name\" content=\"\u0130CT\u0130MA\u0130.AZ\" \/>\n<meta property=\"article:published_time\" content=\"2020-08-23T20:10:37+00:00\" \/>\n<meta property=\"article:modified_time\" content=\"2020-08-24T21:08:22+00:00\" \/>\n<meta property=\"og:image\" content=\"https:\/\/ictimai.az\/core\/uploads\/2020\/08\/ictimai_bd613ef30c8198c35135768fdd18da14_ixf0p3shzmelartk179b.jpg\" \/>\n\t<meta property=\"og:image:width\" content=\"1669\" \/>\n\t<meta property=\"og:image:height\" content=\"841\" \/>\n\t<meta property=\"og:image:type\" content=\"image\/jpeg\" \/>\n<meta name=\"author\" content=\"R\u0259\u015fad Bayramov\" \/>\n<meta name=\"twitter:card\" content=\"summary_large_image\" \/>\n<meta name=\"twitter:label1\" content=\"Written by\" \/>\n\t<meta name=\"twitter:data1\" content=\"R\u0259\u015fad Bayramov\" \/>\n\t<meta name=\"twitter:label2\" content=\"Est. reading time\" \/>\n\t<meta name=\"twitter:data2\" content=\"3 minutes\" \/>\n<script type=\"application\/ld+json\" class=\"yoast-schema-graph\">{\"@context\":\"https:\\\/\\\/schema.org\",\"@graph\":[{\"@type\":\"Article\",\"@id\":\"https:\\\/\\\/ictimai.az\\\/?p=5276#article\",\"isPartOf\":{\"@id\":\"https:\\\/\\\/ictimai.az\\\/?p=5276\"},\"author\":{\"name\":\"R\u0259\u015fad Bayramov\",\"@id\":\"https:\\\/\\\/ictimai.az\\\/#\\\/schema\\\/person\\\/1da94bf2c7ab5d83ad349237bec1e6af\"},\"headline\":\"Atamo\u011flan Babayev jurnalisti m\u0259hk\u0259m\u0259 il\u0259 h\u0259d\u0259l\u0259yir\u2026\",\"datePublished\":\"2020-08-23T20:10:37+00:00\",\"dateModified\":\"2020-08-24T21:08:22+00:00\",\"mainEntityOfPage\":{\"@id\":\"https:\\\/\\\/ictimai.az\\\/?p=5276\"},\"wordCount\":620,\"publisher\":{\"@id\":\"https:\\\/\\\/ictimai.az\\\/#organization\"},\"image\":{\"@id\":\"https:\\\/\\\/ictimai.az\\\/?p=5276#primaryimage\"},\"thumbnailUrl\":\"https:\\\/\\\/ictimai.az\\\/core\\\/uploads\\\/2020\\\/08\\\/ictimai_bd613ef30c8198c35135768fdd18da14_ixf0p3shzmelartk179b.jpg\",\"articleSection\":[\"G\u00fcnd\u0259m\",\"Sosial\"],\"inLanguage\":\"az\"},{\"@type\":\"WebPage\",\"@id\":\"https:\\\/\\\/ictimai.az\\\/?p=5276\",\"url\":\"https:\\\/\\\/ictimai.az\\\/?p=5276\",\"name\":\"Atamo\u011flan Babayev jurnalisti m\u0259hk\u0259m\u0259 il\u0259 h\u0259d\u0259l\u0259yir\u2026 - \u0130CT\u0130MA\u0130.AZ\",\"isPartOf\":{\"@id\":\"https:\\\/\\\/ictimai.az\\\/#website\"},\"primaryImageOfPage\":{\"@id\":\"https:\\\/\\\/ictimai.az\\\/?p=5276#primaryimage\"},\"image\":{\"@id\":\"https:\\\/\\\/ictimai.az\\\/?p=5276#primaryimage\"},\"thumbnailUrl\":\"https:\\\/\\\/ictimai.az\\\/core\\\/uploads\\\/2020\\\/08\\\/ictimai_bd613ef30c8198c35135768fdd18da14_ixf0p3shzmelartk179b.jpg\",\"datePublished\":\"2020-08-23T20:10:37+00:00\",\"dateModified\":\"2020-08-24T21:08:22+00:00\",\"breadcrumb\":{\"@id\":\"https:\\\/\\\/ictimai.az\\\/?p=5276#breadcrumb\"},\"inLanguage\":\"az\",\"potentialAction\":[{\"@type\":\"ReadAction\",\"target\":[\"https:\\\/\\\/ictimai.az\\\/?p=5276\"]}]},{\"@type\":\"ImageObject\",\"inLanguage\":\"az\",\"@id\":\"https:\\\/\\\/ictimai.az\\\/?p=5276#primaryimage\",\"url\":\"https:\\\/\\\/ictimai.az\\\/core\\\/uploads\\\/2020\\\/08\\\/ictimai_bd613ef30c8198c35135768fdd18da14_ixf0p3shzmelartk179b.jpg\",\"contentUrl\":\"https:\\\/\\\/ictimai.az\\\/core\\\/uploads\\\/2020\\\/08\\\/ictimai_bd613ef30c8198c35135768fdd18da14_ixf0p3shzmelartk179b.jpg\",\"width\":1669,\"height\":841},{\"@type\":\"BreadcrumbList\",\"@id\":\"https:\\\/\\\/ictimai.az\\\/?p=5276#breadcrumb\",\"itemListElement\":[{\"@type\":\"ListItem\",\"position\":1,\"name\":\"Home\",\"item\":\"https:\\\/\\\/ictimai.az\\\/\"},{\"@type\":\"ListItem\",\"position\":2,\"name\":\"Atamo\u011flan Babayev jurnalisti m\u0259hk\u0259m\u0259 il\u0259 h\u0259d\u0259l\u0259yir\u2026\"}]},{\"@type\":\"WebSite\",\"@id\":\"https:\\\/\\\/ictimai.az\\\/#website\",\"url\":\"https:\\\/\\\/ictimai.az\\\/\",\"name\":\"\u0130CT\u0130MA\u0130.AZ\",\"description\":\"\",\"publisher\":{\"@id\":\"https:\\\/\\\/ictimai.az\\\/#organization\"},\"potentialAction\":[{\"@type\":\"SearchAction\",\"target\":{\"@type\":\"EntryPoint\",\"urlTemplate\":\"https:\\\/\\\/ictimai.az\\\/?s={search_term_string}\"},\"query-input\":{\"@type\":\"PropertyValueSpecification\",\"valueRequired\":true,\"valueName\":\"search_term_string\"}}],\"inLanguage\":\"az\"},{\"@type\":\"Organization\",\"@id\":\"https:\\\/\\\/ictimai.az\\\/#organization\",\"name\":\"\u0130CT\u0130MA\u0130.AZ\",\"url\":\"https:\\\/\\\/ictimai.az\\\/\",\"logo\":{\"@type\":\"ImageObject\",\"inLanguage\":\"az\",\"@id\":\"https:\\\/\\\/ictimai.az\\\/#\\\/schema\\\/logo\\\/image\\\/\",\"url\":\"https:\\\/\\\/ictimai.az\\\/core\\\/uploads\\\/2026\\\/06\\\/cropped-ictimai_0380d81099c6fe3baae753faceb5481f_p41rg2mzq0uyvextfh3k-768x768-1-3.png\",\"contentUrl\":\"https:\\\/\\\/ictimai.az\\\/core\\\/uploads\\\/2026\\\/06\\\/cropped-ictimai_0380d81099c6fe3baae753faceb5481f_p41rg2mzq0uyvextfh3k-768x768-1-3.png\",\"width\":768,\"height\":768,\"caption\":\"\u0130CT\u0130MA\u0130.AZ\"},\"image\":{\"@id\":\"https:\\\/\\\/ictimai.az\\\/#\\\/schema\\\/logo\\\/image\\\/\"}},{\"@type\":\"Person\",\"@id\":\"https:\\\/\\\/ictimai.az\\\/#\\\/schema\\\/person\\\/1da94bf2c7ab5d83ad349237bec1e6af\",\"name\":\"R\u0259\u015fad Bayramov\",\"image\":{\"@type\":\"ImageObject\",\"inLanguage\":\"az\",\"@id\":\"https:\\\/\\\/secure.gravatar.com\\\/avatar\\\/83c075605ba0a4d35d59726aaad89cfa8008d1f01603342c56f1dd79784491bc?s=96&d=mm&r=g\",\"url\":\"https:\\\/\\\/secure.gravatar.com\\\/avatar\\\/83c075605ba0a4d35d59726aaad89cfa8008d1f01603342c56f1dd79784491bc?s=96&d=mm&r=g\",\"contentUrl\":\"https:\\\/\\\/secure.gravatar.com\\\/avatar\\\/83c075605ba0a4d35d59726aaad89cfa8008d1f01603342c56f1dd79784491bc?s=96&d=mm&r=g\",\"caption\":\"R\u0259\u015fad Bayramov\"},\"sameAs\":[\"https:\\\/\\\/ictimai.az\\\/\"],\"url\":\"https:\\\/\\\/ictimai.az\\\/?author=2\"}]}<\/script>\n<!-- \/ Yoast SEO plugin. -->","yoast_head_json":{"title":"Atamo\u011flan Babayev jurnalisti m\u0259hk\u0259m\u0259 il\u0259 h\u0259d\u0259l\u0259yir\u2026 - \u0130CT\u0130MA\u0130.AZ","robots":{"index":"index","follow":"follow","max-snippet":"max-snippet:-1","max-image-preview":"max-image-preview:large","max-video-preview":"max-video-preview:-1"},"canonical":"https:\/\/ictimai.az\/?p=5276","og_locale":"az_AZ","og_type":"article","og_title":"Atamo\u011flan Babayev jurnalisti m\u0259hk\u0259m\u0259 il\u0259 h\u0259d\u0259l\u0259yir\u2026 - \u0130CT\u0130MA\u0130.AZ","og_description":"El\u00e7im M\u0259h\u0259mm\u0259d o\u011flu Ta\u011f\u0131yev Vicdanl\u0131 bir media \u0259m\u0259kda\u015f\u0131 olaraq bir\u00e7ox rayonlarda sakinl\u0259rl\u0259 g\u00f6r\u00fc\u015f\u00fcr\u0259m onlar\u0131 narahat ed\u0259n probleml\u0259ri il\u0259 maraqlan\u0131ram v\u0259 ictimail\u0259\u015fdirir\u0259m. Bu yol m\u0259nim \u0259qid\u0259md\u0259 bir se\u00e7imdir ki, D\u00f6vl\u0259tin\u0259,V\u0259t\u0259nin\u0259 sadiq olmuyan,xalq\u0131n haqq\u0131na gir\u0259n m\u0259murlara qar\u015f\u0131 s\u0259rt m\u00fcbariz\u0259 aparmaqd\u0131r. Son zamanlar Agcab\u0259di rayon Hindarx q\u0259s\u0259b\u0259sind\u0259 yaranm\u0131\u015f \u00e7\u0259tinlikl\u0259rl\u0259 ba\u011fl\u0131,m\u0259mur \u00f6zba\u015fnal\u0131\u011f\u0131 il\u0259 ba\u011fl\u0131 redaksiyam\u0131za m\u00fcraci\u0259tl\u0259r daxil olur. \u018fvv\u0259ll\u0259r [&hellip;]","og_url":"https:\/\/ictimai.az\/?p=5276","og_site_name":"\u0130CT\u0130MA\u0130.AZ","article_published_time":"2020-08-23T20:10:37+00:00","article_modified_time":"2020-08-24T21:08:22+00:00","og_image":[{"width":1669,"height":841,"url":"https:\/\/ictimai.az\/core\/uploads\/2020\/08\/ictimai_bd613ef30c8198c35135768fdd18da14_ixf0p3shzmelartk179b.jpg","type":"image\/jpeg"}],"author":"R\u0259\u015fad Bayramov","twitter_card":"summary_large_image","twitter_misc":{"Written by":"R\u0259\u015fad Bayramov","Est. reading time":"3 minutes"},"schema":{"@context":"https:\/\/schema.org","@graph":[{"@type":"Article","@id":"https:\/\/ictimai.az\/?p=5276#article","isPartOf":{"@id":"https:\/\/ictimai.az\/?p=5276"},"author":{"name":"R\u0259\u015fad Bayramov","@id":"https:\/\/ictimai.az\/#\/schema\/person\/1da94bf2c7ab5d83ad349237bec1e6af"},"headline":"Atamo\u011flan Babayev jurnalisti m\u0259hk\u0259m\u0259 il\u0259 h\u0259d\u0259l\u0259yir\u2026","datePublished":"2020-08-23T20:10:37+00:00","dateModified":"2020-08-24T21:08:22+00:00","mainEntityOfPage":{"@id":"https:\/\/ictimai.az\/?p=5276"},"wordCount":620,"publisher":{"@id":"https:\/\/ictimai.az\/#organization"},"image":{"@id":"https:\/\/ictimai.az\/?p=5276#primaryimage"},"thumbnailUrl":"https:\/\/ictimai.az\/core\/uploads\/2020\/08\/ictimai_bd613ef30c8198c35135768fdd18da14_ixf0p3shzmelartk179b.jpg","articleSection":["G\u00fcnd\u0259m","Sosial"],"inLanguage":"az"},{"@type":"WebPage","@id":"https:\/\/ictimai.az\/?p=5276","url":"https:\/\/ictimai.az\/?p=5276","name":"Atamo\u011flan Babayev jurnalisti m\u0259hk\u0259m\u0259 il\u0259 h\u0259d\u0259l\u0259yir\u2026 - \u0130CT\u0130MA\u0130.AZ","isPartOf":{"@id":"https:\/\/ictimai.az\/#website"},"primaryImageOfPage":{"@id":"https:\/\/ictimai.az\/?p=5276#primaryimage"},"image":{"@id":"https:\/\/ictimai.az\/?p=5276#primaryimage"},"thumbnailUrl":"https:\/\/ictimai.az\/core\/uploads\/2020\/08\/ictimai_bd613ef30c8198c35135768fdd18da14_ixf0p3shzmelartk179b.jpg","datePublished":"2020-08-23T20:10:37+00:00","dateModified":"2020-08-24T21:08:22+00:00","breadcrumb":{"@id":"https:\/\/ictimai.az\/?p=5276#breadcrumb"},"inLanguage":"az","potentialAction":[{"@type":"ReadAction","target":["https:\/\/ictimai.az\/?p=5276"]}]},{"@type":"ImageObject","inLanguage":"az","@id":"https:\/\/ictimai.az\/?p=5276#primaryimage","url":"https:\/\/ictimai.az\/core\/uploads\/2020\/08\/ictimai_bd613ef30c8198c35135768fdd18da14_ixf0p3shzmelartk179b.jpg","contentUrl":"https:\/\/ictimai.az\/core\/uploads\/2020\/08\/ictimai_bd613ef30c8198c35135768fdd18da14_ixf0p3shzmelartk179b.jpg","width":1669,"height":841},{"@type":"BreadcrumbList","@id":"https:\/\/ictimai.az\/?p=5276#breadcrumb","itemListElement":[{"@type":"ListItem","position":1,"name":"Home","item":"https:\/\/ictimai.az\/"},{"@type":"ListItem","position":2,"name":"Atamo\u011flan Babayev jurnalisti m\u0259hk\u0259m\u0259 il\u0259 h\u0259d\u0259l\u0259yir\u2026"}]},{"@type":"WebSite","@id":"https:\/\/ictimai.az\/#website","url":"https:\/\/ictimai.az\/","name":"\u0130CT\u0130MA\u0130.AZ","description":"","publisher":{"@id":"https:\/\/ictimai.az\/#organization"},"potentialAction":[{"@type":"SearchAction","target":{"@type":"EntryPoint","urlTemplate":"https:\/\/ictimai.az\/?s={search_term_string}"},"query-input":{"@type":"PropertyValueSpecification","valueRequired":true,"valueName":"search_term_string"}}],"inLanguage":"az"},{"@type":"Organization","@id":"https:\/\/ictimai.az\/#organization","name":"\u0130CT\u0130MA\u0130.AZ","url":"https:\/\/ictimai.az\/","logo":{"@type":"ImageObject","inLanguage":"az","@id":"https:\/\/ictimai.az\/#\/schema\/logo\/image\/","url":"https:\/\/ictimai.az\/core\/uploads\/2026\/06\/cropped-ictimai_0380d81099c6fe3baae753faceb5481f_p41rg2mzq0uyvextfh3k-768x768-1-3.png","contentUrl":"https:\/\/ictimai.az\/core\/uploads\/2026\/06\/cropped-ictimai_0380d81099c6fe3baae753faceb5481f_p41rg2mzq0uyvextfh3k-768x768-1-3.png","width":768,"height":768,"caption":"\u0130CT\u0130MA\u0130.AZ"},"image":{"@id":"https:\/\/ictimai.az\/#\/schema\/logo\/image\/"}},{"@type":"Person","@id":"https:\/\/ictimai.az\/#\/schema\/person\/1da94bf2c7ab5d83ad349237bec1e6af","name":"R\u0259\u015fad Bayramov","image":{"@type":"ImageObject","inLanguage":"az","@id":"https:\/\/secure.gravatar.com\/avatar\/83c075605ba0a4d35d59726aaad89cfa8008d1f01603342c56f1dd79784491bc?s=96&d=mm&r=g","url":"https:\/\/secure.gravatar.com\/avatar\/83c075605ba0a4d35d59726aaad89cfa8008d1f01603342c56f1dd79784491bc?s=96&d=mm&r=g","contentUrl":"https:\/\/secure.gravatar.com\/avatar\/83c075605ba0a4d35d59726aaad89cfa8008d1f01603342c56f1dd79784491bc?s=96&d=mm&r=g","caption":"R\u0259\u015fad Bayramov"},"sameAs":["https:\/\/ictimai.az\/"],"url":"https:\/\/ictimai.az\/?author=2"}]}},"_links":{"self":[{"href":"https:\/\/ictimai.az\/index.php?rest_route=\/wp\/v2\/posts\/5276","targetHints":{"allow":["GET"]}}],"collection":[{"href":"https:\/\/ictimai.az\/index.php?rest_route=\/wp\/v2\/posts"}],"about":[{"href":"https:\/\/ictimai.az\/index.php?rest_route=\/wp\/v2\/types\/post"}],"author":[{"embeddable":true,"href":"https:\/\/ictimai.az\/index.php?rest_route=\/wp\/v2\/users\/2"}],"replies":[{"embeddable":true,"href":"https:\/\/ictimai.az\/index.php?rest_route=%2Fwp%2Fv2%2Fcomments&post=5276"}],"version-history":[{"count":0,"href":"https:\/\/ictimai.az\/index.php?rest_route=\/wp\/v2\/posts\/5276\/revisions"}],"wp:featuredmedia":[{"embeddable":true,"href":"https:\/\/ictimai.az\/index.php?rest_route=\/wp\/v2\/media\/5277"}],"wp:attachment":[{"href":"https:\/\/ictimai.az\/index.php?rest_route=%2Fwp%2Fv2%2Fmedia&parent=5276"}],"wp:term":[{"taxonomy":"category","embeddable":true,"href":"https:\/\/ictimai.az\/index.php?rest_route=%2Fwp%2Fv2%2Fcategories&post=5276"},{"taxonomy":"post_tag","embeddable":true,"href":"https:\/\/ictimai.az\/index.php?rest_route=%2Fwp%2Fv2%2Ftags&post=5276"}],"curies":[{"name":"wp","href":"https:\/\/api.w.org\/{rel}","templated":true}]}}