{"id":5291,"date":"2020-08-24T17:31:35","date_gmt":"2020-08-24T13:31:35","guid":{"rendered":"https:\/\/ictimai.az\/?p=5291"},"modified":"2020-08-25T01:04:07","modified_gmt":"2020-08-24T21:04:07","slug":"sahibkarlarin-yeni-davranis-qaydalarina-emel-etmesi-zeruridir","status":"publish","type":"post","link":"https:\/\/ictimai.az\/?p=5291","title":{"rendered":"Sahibkarlar\u0131n yeni davran\u0131\u015f qaydalar\u0131na \u0259m\u0259l etm\u0259si z\u0259ruridir"},"content":{"rendered":"<p>M\u00fcasir d\u00fcnyan\u0131n t\u0259\u015fvi\u015fin\u0259 s\u0259b\u0259b olan qlobal probleml\u0259r silsil\u0259sind\u0259 bu g\u00fcn \u00f6n s\u0131rada koronavirus pandemiyas\u0131 dayan\u0131r.<\/p>\n<p>Bu prosesin \u0259n t\u0259hl\u00fck\u0259li c\u0259h\u0259ti h\u0259m d\u0259 ondad\u0131r ki, o, qlobal s\u0259ciyy\u0259 da\u015f\u0131yaraq, b\u00fct\u00fcn b\u0259\u015f\u0259riyy\u0259ti t\u0259hdid alt\u0131na alm\u0131\u015fd\u0131r. D\u00fcnyan\u0131 b\u00fcr\u00fcy\u0259n pandemiya, eyni zamanda, b\u00fct\u00fcn d\u00f6vl\u0259tl\u0259ri, c\u0259miyy\u0259tl\u0259ri dal\u011favari d\u0259yi\u015fiklikl\u0259r v\u0259 iqtisadiyyatlar\u0131n z\u0259ifl\u0259m\u0259si, i\u015fsizliyin artmas\u0131, istehlak prosesinin z\u0259ifl\u0259m\u0259si prosesl\u0259ri il\u0259 \u00fcz-\u00fcz\u0259 qoydu. \u00d6lk\u0259mizd\u0259 is\u0259 Az\u0259rbaycan Respublikas\u0131 Prezidentinin operativ t\u0259dbirl\u0259ri, ist\u0259r tikinti sektorunda, ist\u0259r sosial sah\u0259d\u0259, ist\u0259rs\u0259 d\u0259 k\u0259nd t\u0259s\u0259rr\u00fcfat\u0131, el\u0259c\u0259 d\u0259 i\u015fsizl\u0259rl\u0259 ba\u011fl\u0131 m\u00fcavin\u0259tl\u0259rin art\u0131r\u0131lmas\u0131 v\u0259 dig\u0259r m\u0259s\u0259l\u0259l\u0259rl\u0259 s\u00fcr\u0259tli, olduqca sistemli q\u0259rar v\u0259 tap\u015f\u0131r\u0131qlar\u0131 karantin rejiminin g\u00fccl\u0259ndirilm\u0259si, infeksiyan\u0131n qar\u015f\u0131s\u0131n\u0131n al\u0131nmas\u0131 istiqam\u0259tind\u0259 g\u00f6r\u00fcl\u0259n t\u0259dbirl\u0259r b\u00fct\u00fcnl\u00fckd\u0259 \u0259h\u0259miyy\u0259tli v\u0259 sistemli dinamikaya malik oldu.<br \/>\nPandemiya il\u0259 m\u00fcbariz\u0259d\u0259 \u0259sas amil olan iqtisadiyyat\u0131n dayan\u0131ql\u0131l\u0131\u011f\u0131n\u0131n t\u0259mini v\u0259 m\u00fcvafiq s\u0259m\u0259r\u0259li sosial add\u0131mlar\u0131n at\u0131lmas\u0131 h\u0259yati \u00f6n\u0259m da\u015f\u0131y\u0131r. Az\u0259rbaycan d\u00f6vl\u0259ti bu istiqam\u0259td\u0259 \u00e7ox t\u0259sirli t\u0259dbirl\u0259r g\u00f6rm\u00fc\u015fd\u00fcr. 5 milyona yax\u0131n insan geni\u015f sosial paketl\u0259 \u0259hat\u0259 edilib. D\u00f6vl\u0259t sektorunda \u00e7al\u0131\u015fan m\u0259cbur\u0259n i\u015fl\u0259m\u0259y\u0259n 900 min insan d\u00f6vl\u0259t t\u0259r\u0259find\u0259n \u0259m\u0259khaqq\u0131 alm\u0131\u015fd\u0131r. 760 min insana laz\u0131mi maliyy\u0259 d\u0259st\u0259yi g\u00f6st\u0259rilm\u0259si n\u0259tic\u0259sind\u0259 onlar\u0131n i\u015f yerl\u0259ri qorunub. Alt\u0131 y\u00fcz min i\u015fsiz, o c\u00fcml\u0259d\u0259n qeyri-formal m\u0259\u015f\u011fulluqda f\u0259aliyy\u0259t g\u00f6st\u0259r\u0259n v\u0259 m\u00fcv\u0259qq\u0259ti olaraq \u00f6z i\u015fini itir\u0259n, azt\u0259minatl\u0131 t\u0259b\u0259q\u0259y\u0259 aid olanlara d\u00f6vl\u0259t qay\u011f\u0131s\u0131 say\u0259sind\u0259 art\u0131q bir ne\u00e7\u0259 ay \u0259rzind\u0259 190 manat m\u00fcavin\u0259t verilib. Realla\u015fan sosial d\u0259st\u0259k davam etdirilir v\u0259 avqust ay\u0131nda da bu m\u00fcavin\u0259t ayr\u0131l\u0131r. Bu d\u00f6vr\u0259 diqq\u0259t etdikd\u0259 ayd\u0131n g\u00f6r\u00fcn\u00fcr ki, sadalananlar g\u00f6r\u00fclm\u00fc\u015f i\u015fl\u0259rin yaln\u0131z bir hiss\u0259sidir.<br \/>\nCOVID-19 pandemiyas\u0131n\u0131n qar\u015f\u0131s\u0131n\u0131n al\u0131nmas\u0131 m\u0259qs\u0259dil\u0259 h\u00f6kum\u0259tin f\u0259rqli istiqam\u0259tl\u0259rd\u0259ki add\u0131mlar\u0131 daha da intensivl\u0259\u015fib. C\u0259miyy\u0259td\u0259 bu m\u0259s\u0259l\u0259 il\u0259 ba\u011fl\u0131 v\u0259t\u0259nda\u015flar\u0131n, i\u015f adamlar\u0131n\u0131n prosesd\u0259 f\u0259al i\u015ftirak etm\u0259sin\u0259 s\u0259sl\u0259y\u0259n \u00e7a\u011f\u0131r\u0131\u015flar \u00fcst\u00fcnl\u00fck t\u0259\u015fkil edir. B\u00fct\u00fcn bunlara baxmayaraq, pandemiyan\u0131n n\u0259 zaman azalaca\u011f\u0131 v\u0259 ya bit\u0259c\u0259yi bar\u0259d\u0259 m\u0259lumatlar\u0131n verilm\u0259si h\u0259l\u0259 d\u0259 m\u00fcmk\u00fcn deyil. X\u0259st\u0259liyin qar\u015f\u0131s\u0131n\u0131n al\u0131nmas\u0131nda h\u0259l\u0259lik yegan\u0259 vasit\u0259 olan \u00f6z\u00fcn\u00fct\u0259crid prosesi n\u0259 q\u0259d\u0259r s\u00fcr\u0259tl\u0259n\u0259rs\u0259, onun qar\u015f\u0131s\u0131n\u0131n al\u0131nmas\u0131 da asanla\u015far. Bu i\u015fd\u0259 sahibkarlar\u0131n, i\u015f adamlar\u0131n\u0131n rolu is\u0259 x\u00fcsusil\u0259 qeyd edilm\u0259lidir.<br \/>\nB\u00fct\u00fcn bunlar\u0131n fonunda onu qeyd etm\u0259liy\u0259m ki, bu g\u00fcn \u0259halinin sa\u011flaml\u0131\u011f\u0131 h\u0259m iqtisadi dayan\u0131ql\u0131\u011f\u0131n, h\u0259m d\u0259 sosial rifah\u0131n t\u0259m\u0259li oldu\u011fu \u00fc\u00e7\u00fcn \u0259n b\u00f6y\u00fck z\u0259rb\u0259ni d\u00f6vl\u0259t \u00f6z \u00fcz\u0259rin\u0259 \u00e7\u0259kib v\u0259 n\u0259tic\u0259d\u0259 \u0259halinin sa\u011flaml\u0131\u011f\u0131n\u0131n t\u0259hl\u00fck\u0259sizliyi ciddi \u015f\u0259kild\u0259 qorunur. Haz\u0131rda pandemiya aradan qalxanad\u0259k \u0259halinin sa\u011flaml\u0131\u011f\u0131n\u0131n qorunmas\u0131 d\u00f6vl\u0259t siyas\u0259tind\u0259 prioritetdir. \u018ffsuslar olsun ki, karantin rejiminin nisb\u0259t\u0259n yum\u015fald\u0131lmas\u0131ndan sonra v\u0259t\u0259nda\u015flar\u0131m\u0131z\u0131n \u0259ks\u0259riyy\u0259ti ictimai ia\u015f\u0259 obyektl\u0259rind\u0259 qoyulan qaydalara riay\u0259t etm\u0259k ist\u0259mirl\u0259r. Bununla \u0259laq\u0259dar, x\u00fcsusi karantin rejimi qaydalar\u0131na \u0259m\u0259l olunmas\u0131na n\u0259zar\u0259t m\u0259qs\u0259dil\u0259 Az\u0259rbaycan \u0130qtisadiyyat Nazirliyi v\u0259 onun tabeliyind\u0259ki qurumlar\u0131n i\u015f\u00e7il\u0259ri t\u0259r\u0259find\u0259n x\u00fcsusi monitorinq qruplar\u0131n\u0131n i\u015f v\u0259 xidm\u0259t sah\u0259l\u0259rind\u0259, obyektl\u0259rd\u0259 v\u0259 istehsal m\u00fc\u0259ssis\u0259l\u0259rind\u0259 sanitar-epidemioloji t\u0259l\u0259bl\u0259r\u0259 uy\u011funlu\u011fu yoxlamas\u0131 \u00f6z sosial m\u0259suliyy\u0259tini ayd\u0131n d\u0259rk ed\u0259n Az\u0259rbaycan sahibkarlar\u0131na n\u0259zar\u0259t mexanizminin g\u00fccl\u0259ndirilm\u0259si bax\u0131m\u0131ndan effektiv yoldur. D\u00fc\u015f\u00fcn\u00fcr\u0259m ki, bu m\u0259s\u0259l\u0259d\u0259 sahibkarlar\u0131m\u0131z h\u0259m yet\u0259rinc\u0259 m\u0259suliyy\u0259t hissi, h\u0259m d\u0259 iqtisadiyyata dayaq durmaq \u0259zmi n\u00fcmayi\u015f etdir\u0259r\u0259k i\u015f v\u0259 xidm\u0259t sah\u0259l\u0259rind\u0259 sosial davran\u0131\u015f qaydalar\u0131na v\u0259 sanitar-epidemioloji t\u0259l\u0259bl\u0259rin ciddi \u015f\u0259kild\u0259 \u0259m\u0259l edilm\u0259sin\u0259 n\u0259zar\u0259ti g\u00fccl\u0259ndir\u0259c\u0259kl\u0259r.<\/p>\n<p><strong>Anar M\u018fMM\u018fDOV<br \/>\nMilli M\u0259clisin deputat\u0131<\/strong><\/p>\n","protected":false},"excerpt":{"rendered":"<p>M\u00fcasir d\u00fcnyan\u0131n t\u0259\u015fvi\u015fin\u0259 s\u0259b\u0259b olan qlobal probleml\u0259r silsil\u0259sind\u0259 bu g\u00fcn \u00f6n s\u0131rada koronavirus pandemiyas\u0131 dayan\u0131r. Bu prosesin \u0259n t\u0259hl\u00fck\u0259li c\u0259h\u0259ti h\u0259m d\u0259 ondad\u0131r ki, o, qlobal s\u0259ciyy\u0259 da\u015f\u0131yaraq, b\u00fct\u00fcn b\u0259\u015f\u0259riyy\u0259ti t\u0259hdid alt\u0131na alm\u0131\u015fd\u0131r. D\u00fcnyan\u0131 b\u00fcr\u00fcy\u0259n pandemiya, eyni zamanda, b\u00fct\u00fcn d\u00f6vl\u0259tl\u0259ri, c\u0259miyy\u0259tl\u0259ri dal\u011favari d\u0259yi\u015fiklikl\u0259r v\u0259 iqtisadiyyatlar\u0131n z\u0259ifl\u0259m\u0259si, i\u015fsizliyin artmas\u0131, istehlak prosesinin z\u0259ifl\u0259m\u0259si prosesl\u0259ri il\u0259 \u00fcz-\u00fcz\u0259 qoydu. [&hellip;]<\/p>\n","protected":false},"author":2,"featured_media":4583,"comment_status":"closed","ping_status":"closed","sticky":false,"template":"","format":"standard","meta":{"footnotes":""},"categories":[2,1],"tags":[],"class_list":["post-5291","post","type-post","status-publish","format-standard","has-post-thumbnail","hentry","category-trend","category-society"],"yoast_head":"<!-- This site is optimized with the Yoast SEO plugin v28.2 - https:\/\/yoast.com\/product\/yoast-seo-wordpress\/ -->\n<title>Sahibkarlar\u0131n yeni davran\u0131\u015f qaydalar\u0131na \u0259m\u0259l etm\u0259si z\u0259ruridir - \u0130CT\u0130MA\u0130.AZ<\/title>\n<meta name=\"robots\" content=\"index, follow, max-snippet:-1, max-image-preview:large, max-video-preview:-1\" \/>\n<link rel=\"canonical\" href=\"https:\/\/ictimai.az\/?p=5291\" \/>\n<meta property=\"og:locale\" content=\"az_AZ\" \/>\n<meta property=\"og:type\" content=\"article\" \/>\n<meta property=\"og:title\" content=\"Sahibkarlar\u0131n yeni davran\u0131\u015f qaydalar\u0131na \u0259m\u0259l etm\u0259si z\u0259ruridir - \u0130CT\u0130MA\u0130.AZ\" \/>\n<meta property=\"og:description\" content=\"M\u00fcasir d\u00fcnyan\u0131n t\u0259\u015fvi\u015fin\u0259 s\u0259b\u0259b olan qlobal probleml\u0259r silsil\u0259sind\u0259 bu g\u00fcn \u00f6n s\u0131rada koronavirus pandemiyas\u0131 dayan\u0131r. Bu prosesin \u0259n t\u0259hl\u00fck\u0259li c\u0259h\u0259ti h\u0259m d\u0259 ondad\u0131r ki, o, qlobal s\u0259ciyy\u0259 da\u015f\u0131yaraq, b\u00fct\u00fcn b\u0259\u015f\u0259riyy\u0259ti t\u0259hdid alt\u0131na alm\u0131\u015fd\u0131r. D\u00fcnyan\u0131 b\u00fcr\u00fcy\u0259n pandemiya, eyni zamanda, b\u00fct\u00fcn d\u00f6vl\u0259tl\u0259ri, c\u0259miyy\u0259tl\u0259ri dal\u011favari d\u0259yi\u015fiklikl\u0259r v\u0259 iqtisadiyyatlar\u0131n z\u0259ifl\u0259m\u0259si, i\u015fsizliyin artmas\u0131, istehlak prosesinin z\u0259ifl\u0259m\u0259si prosesl\u0259ri il\u0259 \u00fcz-\u00fcz\u0259 qoydu. [&hellip;]\" \/>\n<meta property=\"og:url\" content=\"https:\/\/ictimai.az\/?p=5291\" \/>\n<meta property=\"og:site_name\" content=\"\u0130CT\u0130MA\u0130.AZ\" \/>\n<meta property=\"article:published_time\" content=\"2020-08-24T13:31:35+00:00\" \/>\n<meta property=\"article:modified_time\" content=\"2020-08-24T21:04:07+00:00\" \/>\n<meta property=\"og:image\" content=\"https:\/\/ictimai.az\/core\/uploads\/2020\/07\/ictimai_88a0626b20b7c20e44828a7468df6525_rujogknp67vmtzcys4e3.jpg\" \/>\n\t<meta property=\"og:image:width\" content=\"450\" \/>\n\t<meta property=\"og:image:height\" content=\"306\" \/>\n\t<meta property=\"og:image:type\" content=\"image\/jpeg\" \/>\n<meta name=\"author\" content=\"R\u0259\u015fad Bayramov\" \/>\n<meta name=\"twitter:card\" content=\"summary_large_image\" \/>\n<meta name=\"twitter:label1\" content=\"Written by\" \/>\n\t<meta name=\"twitter:data1\" content=\"R\u0259\u015fad Bayramov\" \/>\n\t<meta name=\"twitter:label2\" content=\"Est. reading time\" \/>\n\t<meta name=\"twitter:data2\" content=\"4 minutes\" \/>\n<script type=\"application\/ld+json\" class=\"yoast-schema-graph\">{\"@context\":\"https:\\\/\\\/schema.org\",\"@graph\":[{\"@type\":\"Article\",\"@id\":\"https:\\\/\\\/ictimai.az\\\/?p=5291#article\",\"isPartOf\":{\"@id\":\"https:\\\/\\\/ictimai.az\\\/?p=5291\"},\"author\":{\"name\":\"R\u0259\u015fad Bayramov\",\"@id\":\"https:\\\/\\\/ictimai.az\\\/#\\\/schema\\\/person\\\/1da94bf2c7ab5d83ad349237bec1e6af\"},\"headline\":\"Sahibkarlar\u0131n yeni davran\u0131\u015f qaydalar\u0131na \u0259m\u0259l etm\u0259si z\u0259ruridir\",\"datePublished\":\"2020-08-24T13:31:35+00:00\",\"dateModified\":\"2020-08-24T21:04:07+00:00\",\"mainEntityOfPage\":{\"@id\":\"https:\\\/\\\/ictimai.az\\\/?p=5291\"},\"wordCount\":875,\"publisher\":{\"@id\":\"https:\\\/\\\/ictimai.az\\\/#organization\"},\"image\":{\"@id\":\"https:\\\/\\\/ictimai.az\\\/?p=5291#primaryimage\"},\"thumbnailUrl\":\"https:\\\/\\\/ictimai.az\\\/core\\\/uploads\\\/2020\\\/07\\\/ictimai_88a0626b20b7c20e44828a7468df6525_rujogknp67vmtzcys4e3.jpg\",\"articleSection\":[\"G\u00fcnd\u0259m\",\"Sosial\"],\"inLanguage\":\"az\"},{\"@type\":\"WebPage\",\"@id\":\"https:\\\/\\\/ictimai.az\\\/?p=5291\",\"url\":\"https:\\\/\\\/ictimai.az\\\/?p=5291\",\"name\":\"Sahibkarlar\u0131n yeni davran\u0131\u015f qaydalar\u0131na \u0259m\u0259l etm\u0259si z\u0259ruridir - \u0130CT\u0130MA\u0130.AZ\",\"isPartOf\":{\"@id\":\"https:\\\/\\\/ictimai.az\\\/#website\"},\"primaryImageOfPage\":{\"@id\":\"https:\\\/\\\/ictimai.az\\\/?p=5291#primaryimage\"},\"image\":{\"@id\":\"https:\\\/\\\/ictimai.az\\\/?p=5291#primaryimage\"},\"thumbnailUrl\":\"https:\\\/\\\/ictimai.az\\\/core\\\/uploads\\\/2020\\\/07\\\/ictimai_88a0626b20b7c20e44828a7468df6525_rujogknp67vmtzcys4e3.jpg\",\"datePublished\":\"2020-08-24T13:31:35+00:00\",\"dateModified\":\"2020-08-24T21:04:07+00:00\",\"breadcrumb\":{\"@id\":\"https:\\\/\\\/ictimai.az\\\/?p=5291#breadcrumb\"},\"inLanguage\":\"az\",\"potentialAction\":[{\"@type\":\"ReadAction\",\"target\":[\"https:\\\/\\\/ictimai.az\\\/?p=5291\"]}]},{\"@type\":\"ImageObject\",\"inLanguage\":\"az\",\"@id\":\"https:\\\/\\\/ictimai.az\\\/?p=5291#primaryimage\",\"url\":\"https:\\\/\\\/ictimai.az\\\/core\\\/uploads\\\/2020\\\/07\\\/ictimai_88a0626b20b7c20e44828a7468df6525_rujogknp67vmtzcys4e3.jpg\",\"contentUrl\":\"https:\\\/\\\/ictimai.az\\\/core\\\/uploads\\\/2020\\\/07\\\/ictimai_88a0626b20b7c20e44828a7468df6525_rujogknp67vmtzcys4e3.jpg\",\"width\":450,\"height\":306},{\"@type\":\"BreadcrumbList\",\"@id\":\"https:\\\/\\\/ictimai.az\\\/?p=5291#breadcrumb\",\"itemListElement\":[{\"@type\":\"ListItem\",\"position\":1,\"name\":\"Home\",\"item\":\"https:\\\/\\\/ictimai.az\\\/\"},{\"@type\":\"ListItem\",\"position\":2,\"name\":\"Sahibkarlar\u0131n yeni davran\u0131\u015f qaydalar\u0131na \u0259m\u0259l etm\u0259si z\u0259ruridir\"}]},{\"@type\":\"WebSite\",\"@id\":\"https:\\\/\\\/ictimai.az\\\/#website\",\"url\":\"https:\\\/\\\/ictimai.az\\\/\",\"name\":\"\u0130CT\u0130MA\u0130.AZ\",\"description\":\"\",\"publisher\":{\"@id\":\"https:\\\/\\\/ictimai.az\\\/#organization\"},\"potentialAction\":[{\"@type\":\"SearchAction\",\"target\":{\"@type\":\"EntryPoint\",\"urlTemplate\":\"https:\\\/\\\/ictimai.az\\\/?s={search_term_string}\"},\"query-input\":{\"@type\":\"PropertyValueSpecification\",\"valueRequired\":true,\"valueName\":\"search_term_string\"}}],\"inLanguage\":\"az\"},{\"@type\":\"Organization\",\"@id\":\"https:\\\/\\\/ictimai.az\\\/#organization\",\"name\":\"\u0130CT\u0130MA\u0130.AZ\",\"url\":\"https:\\\/\\\/ictimai.az\\\/\",\"logo\":{\"@type\":\"ImageObject\",\"inLanguage\":\"az\",\"@id\":\"https:\\\/\\\/ictimai.az\\\/#\\\/schema\\\/logo\\\/image\\\/\",\"url\":\"https:\\\/\\\/ictimai.az\\\/core\\\/uploads\\\/2026\\\/06\\\/cropped-ictimai_0380d81099c6fe3baae753faceb5481f_p41rg2mzq0uyvextfh3k-768x768-1-3.png\",\"contentUrl\":\"https:\\\/\\\/ictimai.az\\\/core\\\/uploads\\\/2026\\\/06\\\/cropped-ictimai_0380d81099c6fe3baae753faceb5481f_p41rg2mzq0uyvextfh3k-768x768-1-3.png\",\"width\":768,\"height\":768,\"caption\":\"\u0130CT\u0130MA\u0130.AZ\"},\"image\":{\"@id\":\"https:\\\/\\\/ictimai.az\\\/#\\\/schema\\\/logo\\\/image\\\/\"}},{\"@type\":\"Person\",\"@id\":\"https:\\\/\\\/ictimai.az\\\/#\\\/schema\\\/person\\\/1da94bf2c7ab5d83ad349237bec1e6af\",\"name\":\"R\u0259\u015fad Bayramov\",\"image\":{\"@type\":\"ImageObject\",\"inLanguage\":\"az\",\"@id\":\"https:\\\/\\\/secure.gravatar.com\\\/avatar\\\/83c075605ba0a4d35d59726aaad89cfa8008d1f01603342c56f1dd79784491bc?s=96&d=mm&r=g\",\"url\":\"https:\\\/\\\/secure.gravatar.com\\\/avatar\\\/83c075605ba0a4d35d59726aaad89cfa8008d1f01603342c56f1dd79784491bc?s=96&d=mm&r=g\",\"contentUrl\":\"https:\\\/\\\/secure.gravatar.com\\\/avatar\\\/83c075605ba0a4d35d59726aaad89cfa8008d1f01603342c56f1dd79784491bc?s=96&d=mm&r=g\",\"caption\":\"R\u0259\u015fad Bayramov\"},\"sameAs\":[\"https:\\\/\\\/ictimai.az\\\/\"],\"url\":\"https:\\\/\\\/ictimai.az\\\/?author=2\"}]}<\/script>\n<!-- \/ Yoast SEO plugin. -->","yoast_head_json":{"title":"Sahibkarlar\u0131n yeni davran\u0131\u015f qaydalar\u0131na \u0259m\u0259l etm\u0259si z\u0259ruridir - \u0130CT\u0130MA\u0130.AZ","robots":{"index":"index","follow":"follow","max-snippet":"max-snippet:-1","max-image-preview":"max-image-preview:large","max-video-preview":"max-video-preview:-1"},"canonical":"https:\/\/ictimai.az\/?p=5291","og_locale":"az_AZ","og_type":"article","og_title":"Sahibkarlar\u0131n yeni davran\u0131\u015f qaydalar\u0131na \u0259m\u0259l etm\u0259si z\u0259ruridir - \u0130CT\u0130MA\u0130.AZ","og_description":"M\u00fcasir d\u00fcnyan\u0131n t\u0259\u015fvi\u015fin\u0259 s\u0259b\u0259b olan qlobal probleml\u0259r silsil\u0259sind\u0259 bu g\u00fcn \u00f6n s\u0131rada koronavirus pandemiyas\u0131 dayan\u0131r. Bu prosesin \u0259n t\u0259hl\u00fck\u0259li c\u0259h\u0259ti h\u0259m d\u0259 ondad\u0131r ki, o, qlobal s\u0259ciyy\u0259 da\u015f\u0131yaraq, b\u00fct\u00fcn b\u0259\u015f\u0259riyy\u0259ti t\u0259hdid alt\u0131na alm\u0131\u015fd\u0131r. D\u00fcnyan\u0131 b\u00fcr\u00fcy\u0259n pandemiya, eyni zamanda, b\u00fct\u00fcn d\u00f6vl\u0259tl\u0259ri, c\u0259miyy\u0259tl\u0259ri dal\u011favari d\u0259yi\u015fiklikl\u0259r v\u0259 iqtisadiyyatlar\u0131n z\u0259ifl\u0259m\u0259si, i\u015fsizliyin artmas\u0131, istehlak prosesinin z\u0259ifl\u0259m\u0259si prosesl\u0259ri il\u0259 \u00fcz-\u00fcz\u0259 qoydu. [&hellip;]","og_url":"https:\/\/ictimai.az\/?p=5291","og_site_name":"\u0130CT\u0130MA\u0130.AZ","article_published_time":"2020-08-24T13:31:35+00:00","article_modified_time":"2020-08-24T21:04:07+00:00","og_image":[{"width":450,"height":306,"url":"https:\/\/ictimai.az\/core\/uploads\/2020\/07\/ictimai_88a0626b20b7c20e44828a7468df6525_rujogknp67vmtzcys4e3.jpg","type":"image\/jpeg"}],"author":"R\u0259\u015fad Bayramov","twitter_card":"summary_large_image","twitter_misc":{"Written by":"R\u0259\u015fad Bayramov","Est. reading time":"4 minutes"},"schema":{"@context":"https:\/\/schema.org","@graph":[{"@type":"Article","@id":"https:\/\/ictimai.az\/?p=5291#article","isPartOf":{"@id":"https:\/\/ictimai.az\/?p=5291"},"author":{"name":"R\u0259\u015fad Bayramov","@id":"https:\/\/ictimai.az\/#\/schema\/person\/1da94bf2c7ab5d83ad349237bec1e6af"},"headline":"Sahibkarlar\u0131n yeni davran\u0131\u015f qaydalar\u0131na \u0259m\u0259l etm\u0259si z\u0259ruridir","datePublished":"2020-08-24T13:31:35+00:00","dateModified":"2020-08-24T21:04:07+00:00","mainEntityOfPage":{"@id":"https:\/\/ictimai.az\/?p=5291"},"wordCount":875,"publisher":{"@id":"https:\/\/ictimai.az\/#organization"},"image":{"@id":"https:\/\/ictimai.az\/?p=5291#primaryimage"},"thumbnailUrl":"https:\/\/ictimai.az\/core\/uploads\/2020\/07\/ictimai_88a0626b20b7c20e44828a7468df6525_rujogknp67vmtzcys4e3.jpg","articleSection":["G\u00fcnd\u0259m","Sosial"],"inLanguage":"az"},{"@type":"WebPage","@id":"https:\/\/ictimai.az\/?p=5291","url":"https:\/\/ictimai.az\/?p=5291","name":"Sahibkarlar\u0131n yeni davran\u0131\u015f qaydalar\u0131na \u0259m\u0259l etm\u0259si z\u0259ruridir - \u0130CT\u0130MA\u0130.AZ","isPartOf":{"@id":"https:\/\/ictimai.az\/#website"},"primaryImageOfPage":{"@id":"https:\/\/ictimai.az\/?p=5291#primaryimage"},"image":{"@id":"https:\/\/ictimai.az\/?p=5291#primaryimage"},"thumbnailUrl":"https:\/\/ictimai.az\/core\/uploads\/2020\/07\/ictimai_88a0626b20b7c20e44828a7468df6525_rujogknp67vmtzcys4e3.jpg","datePublished":"2020-08-24T13:31:35+00:00","dateModified":"2020-08-24T21:04:07+00:00","breadcrumb":{"@id":"https:\/\/ictimai.az\/?p=5291#breadcrumb"},"inLanguage":"az","potentialAction":[{"@type":"ReadAction","target":["https:\/\/ictimai.az\/?p=5291"]}]},{"@type":"ImageObject","inLanguage":"az","@id":"https:\/\/ictimai.az\/?p=5291#primaryimage","url":"https:\/\/ictimai.az\/core\/uploads\/2020\/07\/ictimai_88a0626b20b7c20e44828a7468df6525_rujogknp67vmtzcys4e3.jpg","contentUrl":"https:\/\/ictimai.az\/core\/uploads\/2020\/07\/ictimai_88a0626b20b7c20e44828a7468df6525_rujogknp67vmtzcys4e3.jpg","width":450,"height":306},{"@type":"BreadcrumbList","@id":"https:\/\/ictimai.az\/?p=5291#breadcrumb","itemListElement":[{"@type":"ListItem","position":1,"name":"Home","item":"https:\/\/ictimai.az\/"},{"@type":"ListItem","position":2,"name":"Sahibkarlar\u0131n yeni davran\u0131\u015f qaydalar\u0131na \u0259m\u0259l etm\u0259si z\u0259ruridir"}]},{"@type":"WebSite","@id":"https:\/\/ictimai.az\/#website","url":"https:\/\/ictimai.az\/","name":"\u0130CT\u0130MA\u0130.AZ","description":"","publisher":{"@id":"https:\/\/ictimai.az\/#organization"},"potentialAction":[{"@type":"SearchAction","target":{"@type":"EntryPoint","urlTemplate":"https:\/\/ictimai.az\/?s={search_term_string}"},"query-input":{"@type":"PropertyValueSpecification","valueRequired":true,"valueName":"search_term_string"}}],"inLanguage":"az"},{"@type":"Organization","@id":"https:\/\/ictimai.az\/#organization","name":"\u0130CT\u0130MA\u0130.AZ","url":"https:\/\/ictimai.az\/","logo":{"@type":"ImageObject","inLanguage":"az","@id":"https:\/\/ictimai.az\/#\/schema\/logo\/image\/","url":"https:\/\/ictimai.az\/core\/uploads\/2026\/06\/cropped-ictimai_0380d81099c6fe3baae753faceb5481f_p41rg2mzq0uyvextfh3k-768x768-1-3.png","contentUrl":"https:\/\/ictimai.az\/core\/uploads\/2026\/06\/cropped-ictimai_0380d81099c6fe3baae753faceb5481f_p41rg2mzq0uyvextfh3k-768x768-1-3.png","width":768,"height":768,"caption":"\u0130CT\u0130MA\u0130.AZ"},"image":{"@id":"https:\/\/ictimai.az\/#\/schema\/logo\/image\/"}},{"@type":"Person","@id":"https:\/\/ictimai.az\/#\/schema\/person\/1da94bf2c7ab5d83ad349237bec1e6af","name":"R\u0259\u015fad Bayramov","image":{"@type":"ImageObject","inLanguage":"az","@id":"https:\/\/secure.gravatar.com\/avatar\/83c075605ba0a4d35d59726aaad89cfa8008d1f01603342c56f1dd79784491bc?s=96&d=mm&r=g","url":"https:\/\/secure.gravatar.com\/avatar\/83c075605ba0a4d35d59726aaad89cfa8008d1f01603342c56f1dd79784491bc?s=96&d=mm&r=g","contentUrl":"https:\/\/secure.gravatar.com\/avatar\/83c075605ba0a4d35d59726aaad89cfa8008d1f01603342c56f1dd79784491bc?s=96&d=mm&r=g","caption":"R\u0259\u015fad Bayramov"},"sameAs":["https:\/\/ictimai.az\/"],"url":"https:\/\/ictimai.az\/?author=2"}]}},"_links":{"self":[{"href":"https:\/\/ictimai.az\/index.php?rest_route=\/wp\/v2\/posts\/5291","targetHints":{"allow":["GET"]}}],"collection":[{"href":"https:\/\/ictimai.az\/index.php?rest_route=\/wp\/v2\/posts"}],"about":[{"href":"https:\/\/ictimai.az\/index.php?rest_route=\/wp\/v2\/types\/post"}],"author":[{"embeddable":true,"href":"https:\/\/ictimai.az\/index.php?rest_route=\/wp\/v2\/users\/2"}],"replies":[{"embeddable":true,"href":"https:\/\/ictimai.az\/index.php?rest_route=%2Fwp%2Fv2%2Fcomments&post=5291"}],"version-history":[{"count":0,"href":"https:\/\/ictimai.az\/index.php?rest_route=\/wp\/v2\/posts\/5291\/revisions"}],"wp:featuredmedia":[{"embeddable":true,"href":"https:\/\/ictimai.az\/index.php?rest_route=\/wp\/v2\/media\/4583"}],"wp:attachment":[{"href":"https:\/\/ictimai.az\/index.php?rest_route=%2Fwp%2Fv2%2Fmedia&parent=5291"}],"wp:term":[{"taxonomy":"category","embeddable":true,"href":"https:\/\/ictimai.az\/index.php?rest_route=%2Fwp%2Fv2%2Fcategories&post=5291"},{"taxonomy":"post_tag","embeddable":true,"href":"https:\/\/ictimai.az\/index.php?rest_route=%2Fwp%2Fv2%2Ftags&post=5291"}],"curies":[{"name":"wp","href":"https:\/\/api.w.org\/{rel}","templated":true}]}}