{"id":5515,"date":"2020-09-03T10:05:27","date_gmt":"2020-09-03T06:05:27","guid":{"rendered":"https:\/\/ictimai.az\/?p=5515"},"modified":"2020-09-21T13:11:09","modified_gmt":"2020-09-21T09:11:09","slug":"is-adami-metanet-suleymanzade-teltif-edildi-foto","status":"publish","type":"post","link":"https:\/\/ictimai.az\/?p=5515","title":{"rendered":"\u0130\u015f adam\u0131 M\u0259tan\u0259t S\u00fcleymanzad\u0259 t\u0259ltif edildi &#8211; FOTO"},"content":{"rendered":"<p>\u201cMak Marine LTD\u201d \u015firk\u0259tinin r\u0259hb\u0259ri, i\u015f adam\u0131 M\u0259tan\u0259t S\u00fcleymanzad\u0259 Az\u0259rbaycan Respublikas\u0131n\u0131n ictimai h\u0259yat\u0131nda s\u0259m\u0259r\u0259li f\u0259aliyy\u0259tl\u0259rin\u0259 g\u00f6r\u0259,\u00a0 xeyriyy\u0259\u00e7i i\u015f adam\u0131 ad\u0131na layiq g\u00f6r\u00fcl\u00fcb.<\/p>\n<p><strong>\u201cYeni G\u00fcnd\u0259m\u201d<\/strong>in m\u0259lumat\u0131na g\u00f6r\u0259, \u201cAzteletv.az\u201d internet televiziyas\u0131n\u0131n ke\u00e7irdiyi r\u0259y sor\u011fusunun n\u0259tic\u0259l\u0259rin\u0259 \u0259sas\u0259n, Respublikam\u0131zda h\u00fcquqi d\u00f6vl\u0259t quruculu\u011fu prossesinin h\u0259yata ke\u00e7irilm\u0259sind\u0259, v\u0259t\u0259nda\u015f c\u0259miyy\u0259tinin formala\u015fmas\u0131nda, uzaqg\u00f6r\u0259n v\u0259 istedadl\u0131 idar\u0259\u00e7iliyi, Az\u0259rbaycan\u0131n \u0259min-amanl\u0131\u011f\u0131 v\u0259 \u00e7i\u00e7\u0259kl\u0259nm\u0259si \u00fc\u00e7\u00fcn g\u00f6st\u0259rdiyi s\u0259yl\u0259r\u0259, y\u00fcr\u00fcd\u00fcl\u0259n daxili v\u0259 xarici siyas\u0259tin d\u0259st\u0259kl\u0259nm\u0259sind\u0259, karyeras\u0131nda n\u00fcfuzlu g\u00fcnd\u0259n-g\u00fcn\u0259 artmas\u0131n\u0131,\u00a0 \u0259n asas\u0131 xeyriyy\u0259\u00e7i i\u015f adam\u0131 olaraq da\u015f\u0131d\u0131\u011f\u0131 v\u0259zif\u0259sind\u0259 \u0259dal\u0259t prinsipinin qorunmas\u0131nda, h\u0259m\u00e7inin K\u0130V n\u00fcmay\u0259nd\u0259l\u0259ri il\u0259 saxlad\u0131\u011f\u0131 s\u0259mimi, dost m\u00fcnasib\u0259tini n\u0259z\u0259r\u0259 alaraq xeyriyy\u0259\u00e7i i\u015f adam\u0131 ad\u0131na layiq g\u00f6r\u00fclm\u00fc\u015fd\u00fcr.<\/p>\n<p>Qeyd ed\u0259k ki, i\u015f adam\u0131 M\u0259tan\u0259t S\u00fcleymanzad\u0259\u00a0<strong>\u201cMak Marine LTD\u201d<\/strong>\u00a0\u015firk\u0259tinin r\u0259hb\u0259ri olaraq bir \u00e7ox lahiy\u0259l\u0259rd\u0259 i\u015ftirak ed\u0259r\u0259k m\u00fckafatlara layiq g\u00f6r\u00fclm\u00fc\u015fd\u00fcr.<\/p>\n<p>Bu m\u00fcnasib\u0259tl\u0259 M\u0259tan\u0259t xan\u0131m\u0131 b\u00fct\u00fcn kollektivi t\u0259brik edir v\u0259 bundan da y\u00fcks\u0259k adlara layiq g\u00f6r\u00fclm\u0259sini arzulay\u0131r.<\/p>\n<p><strong>\u201cG\u00fcnd\u0259m Media Group\u201dun r\u0259hb\u0259ri<\/strong>\u00a0<b>T\u0259briz M\u0259h\u0259rr\u0259mo\u011fluda M\u0259tan\u0259t xan\u0131m\u0131 bu m\u00fcnasib\u0259til\u0259 t\u0259brik edir, ona uzun v\u0259 sa\u011flam \u00f6m\u00fcr, f\u0259aliyy\u0259tind\u0259 u\u011furlar arzulay\u0131r!<\/b><\/p>\n<div class=\"media-gallery container-fluid\">\n<div class=\"row\">\n<div class=\"col col-xs-4 margin-bottom\"><\/div>\n<\/div>\n<\/div>\n<div class=\"media-gallery container-fluid\">\n<div class=\"row\"><\/div>\n<\/div>\n","protected":false},"excerpt":{"rendered":"<p>\u201cMak Marine LTD\u201d \u015firk\u0259tinin r\u0259hb\u0259ri, i\u015f adam\u0131 M\u0259tan\u0259t S\u00fcleymanzad\u0259 Az\u0259rbaycan Respublikas\u0131n\u0131n ictimai h\u0259yat\u0131nda s\u0259m\u0259r\u0259li f\u0259aliyy\u0259tl\u0259rin\u0259 g\u00f6r\u0259,\u00a0 xeyriyy\u0259\u00e7i i\u015f adam\u0131 ad\u0131na layiq g\u00f6r\u00fcl\u00fcb. \u201cYeni G\u00fcnd\u0259m\u201din m\u0259lumat\u0131na g\u00f6r\u0259, \u201cAzteletv.az\u201d internet televiziyas\u0131n\u0131n ke\u00e7irdiyi r\u0259y sor\u011fusunun n\u0259tic\u0259l\u0259rin\u0259 \u0259sas\u0259n, Respublikam\u0131zda h\u00fcquqi d\u00f6vl\u0259t quruculu\u011fu prossesinin h\u0259yata ke\u00e7irilm\u0259sind\u0259, v\u0259t\u0259nda\u015f c\u0259miyy\u0259tinin formala\u015fmas\u0131nda, uzaqg\u00f6r\u0259n v\u0259 istedadl\u0131 idar\u0259\u00e7iliyi, Az\u0259rbaycan\u0131n \u0259min-amanl\u0131\u011f\u0131 v\u0259 \u00e7i\u00e7\u0259kl\u0259nm\u0259si \u00fc\u00e7\u00fcn g\u00f6st\u0259rdiyi s\u0259yl\u0259r\u0259, [&hellip;]<\/p>\n","protected":false},"author":2,"featured_media":5516,"comment_status":"closed","ping_status":"closed","sticky":false,"template":"","format":"standard","meta":{"footnotes":""},"categories":[1],"tags":[],"class_list":["post-5515","post","type-post","status-publish","format-standard","has-post-thumbnail","hentry","category-society"],"yoast_head":"<!-- This site is optimized with the Yoast SEO plugin v28.2 - https:\/\/yoast.com\/product\/yoast-seo-wordpress\/ -->\n<title>\u0130\u015f adam\u0131 M\u0259tan\u0259t S\u00fcleymanzad\u0259 t\u0259ltif edildi - FOTO - \u0130CT\u0130MA\u0130.AZ<\/title>\n<meta name=\"robots\" content=\"index, follow, max-snippet:-1, max-image-preview:large, max-video-preview:-1\" \/>\n<link rel=\"canonical\" href=\"https:\/\/ictimai.az\/?p=5515\" \/>\n<meta property=\"og:locale\" content=\"az_AZ\" \/>\n<meta property=\"og:type\" content=\"article\" \/>\n<meta property=\"og:title\" content=\"\u0130\u015f adam\u0131 M\u0259tan\u0259t S\u00fcleymanzad\u0259 t\u0259ltif edildi - FOTO - \u0130CT\u0130MA\u0130.AZ\" \/>\n<meta property=\"og:description\" content=\"\u201cMak Marine LTD\u201d \u015firk\u0259tinin r\u0259hb\u0259ri, i\u015f adam\u0131 M\u0259tan\u0259t S\u00fcleymanzad\u0259 Az\u0259rbaycan Respublikas\u0131n\u0131n ictimai h\u0259yat\u0131nda s\u0259m\u0259r\u0259li f\u0259aliyy\u0259tl\u0259rin\u0259 g\u00f6r\u0259,\u00a0 xeyriyy\u0259\u00e7i i\u015f adam\u0131 ad\u0131na layiq g\u00f6r\u00fcl\u00fcb. \u201cYeni G\u00fcnd\u0259m\u201din m\u0259lumat\u0131na g\u00f6r\u0259, \u201cAzteletv.az\u201d internet televiziyas\u0131n\u0131n ke\u00e7irdiyi r\u0259y sor\u011fusunun n\u0259tic\u0259l\u0259rin\u0259 \u0259sas\u0259n, Respublikam\u0131zda h\u00fcquqi d\u00f6vl\u0259t quruculu\u011fu prossesinin h\u0259yata ke\u00e7irilm\u0259sind\u0259, v\u0259t\u0259nda\u015f c\u0259miyy\u0259tinin formala\u015fmas\u0131nda, uzaqg\u00f6r\u0259n v\u0259 istedadl\u0131 idar\u0259\u00e7iliyi, Az\u0259rbaycan\u0131n \u0259min-amanl\u0131\u011f\u0131 v\u0259 \u00e7i\u00e7\u0259kl\u0259nm\u0259si \u00fc\u00e7\u00fcn g\u00f6st\u0259rdiyi s\u0259yl\u0259r\u0259, [&hellip;]\" \/>\n<meta property=\"og:url\" content=\"https:\/\/ictimai.az\/?p=5515\" \/>\n<meta property=\"og:site_name\" content=\"\u0130CT\u0130MA\u0130.AZ\" \/>\n<meta property=\"article:published_time\" content=\"2020-09-03T06:05:27+00:00\" \/>\n<meta property=\"article:modified_time\" content=\"2020-09-21T09:11:09+00:00\" \/>\n<meta property=\"og:image\" content=\"https:\/\/ictimai.az\/core\/uploads\/2020\/09\/ictimai_d4580ff227b959865a06331caf7e7bee_tra36ney7p48bj5109fm.jpg\" \/>\n\t<meta property=\"og:image:width\" content=\"620\" \/>\n\t<meta property=\"og:image:height\" content=\"460\" \/>\n\t<meta property=\"og:image:type\" content=\"image\/jpeg\" \/>\n<meta name=\"author\" content=\"R\u0259\u015fad Bayramov\" \/>\n<meta name=\"twitter:card\" content=\"summary_large_image\" \/>\n<meta name=\"twitter:label1\" content=\"Written by\" \/>\n\t<meta name=\"twitter:data1\" content=\"R\u0259\u015fad Bayramov\" \/>\n\t<meta name=\"twitter:label2\" content=\"Est. reading time\" \/>\n\t<meta name=\"twitter:data2\" content=\"2 minutes\" \/>\n<script type=\"application\/ld+json\" class=\"yoast-schema-graph\">{\"@context\":\"https:\\\/\\\/schema.org\",\"@graph\":[{\"@type\":\"Article\",\"@id\":\"https:\\\/\\\/ictimai.az\\\/?p=5515#article\",\"isPartOf\":{\"@id\":\"https:\\\/\\\/ictimai.az\\\/?p=5515\"},\"author\":{\"name\":\"R\u0259\u015fad Bayramov\",\"@id\":\"https:\\\/\\\/ictimai.az\\\/#\\\/schema\\\/person\\\/1da94bf2c7ab5d83ad349237bec1e6af\"},\"headline\":\"\u0130\u015f adam\u0131 M\u0259tan\u0259t S\u00fcleymanzad\u0259 t\u0259ltif edildi &#8211; FOTO\",\"datePublished\":\"2020-09-03T06:05:27+00:00\",\"dateModified\":\"2020-09-21T09:11:09+00:00\",\"mainEntityOfPage\":{\"@id\":\"https:\\\/\\\/ictimai.az\\\/?p=5515\"},\"wordCount\":317,\"publisher\":{\"@id\":\"https:\\\/\\\/ictimai.az\\\/#organization\"},\"image\":{\"@id\":\"https:\\\/\\\/ictimai.az\\\/?p=5515#primaryimage\"},\"thumbnailUrl\":\"https:\\\/\\\/ictimai.az\\\/core\\\/uploads\\\/2020\\\/09\\\/ictimai_d4580ff227b959865a06331caf7e7bee_tra36ney7p48bj5109fm.jpg\",\"articleSection\":[\"Sosial\"],\"inLanguage\":\"az\"},{\"@type\":\"WebPage\",\"@id\":\"https:\\\/\\\/ictimai.az\\\/?p=5515\",\"url\":\"https:\\\/\\\/ictimai.az\\\/?p=5515\",\"name\":\"\u0130\u015f adam\u0131 M\u0259tan\u0259t S\u00fcleymanzad\u0259 t\u0259ltif edildi - FOTO - \u0130CT\u0130MA\u0130.AZ\",\"isPartOf\":{\"@id\":\"https:\\\/\\\/ictimai.az\\\/#website\"},\"primaryImageOfPage\":{\"@id\":\"https:\\\/\\\/ictimai.az\\\/?p=5515#primaryimage\"},\"image\":{\"@id\":\"https:\\\/\\\/ictimai.az\\\/?p=5515#primaryimage\"},\"thumbnailUrl\":\"https:\\\/\\\/ictimai.az\\\/core\\\/uploads\\\/2020\\\/09\\\/ictimai_d4580ff227b959865a06331caf7e7bee_tra36ney7p48bj5109fm.jpg\",\"datePublished\":\"2020-09-03T06:05:27+00:00\",\"dateModified\":\"2020-09-21T09:11:09+00:00\",\"breadcrumb\":{\"@id\":\"https:\\\/\\\/ictimai.az\\\/?p=5515#breadcrumb\"},\"inLanguage\":\"az\",\"potentialAction\":[{\"@type\":\"ReadAction\",\"target\":[\"https:\\\/\\\/ictimai.az\\\/?p=5515\"]}]},{\"@type\":\"ImageObject\",\"inLanguage\":\"az\",\"@id\":\"https:\\\/\\\/ictimai.az\\\/?p=5515#primaryimage\",\"url\":\"https:\\\/\\\/ictimai.az\\\/core\\\/uploads\\\/2020\\\/09\\\/ictimai_d4580ff227b959865a06331caf7e7bee_tra36ney7p48bj5109fm.jpg\",\"contentUrl\":\"https:\\\/\\\/ictimai.az\\\/core\\\/uploads\\\/2020\\\/09\\\/ictimai_d4580ff227b959865a06331caf7e7bee_tra36ney7p48bj5109fm.jpg\",\"width\":620,\"height\":460},{\"@type\":\"BreadcrumbList\",\"@id\":\"https:\\\/\\\/ictimai.az\\\/?p=5515#breadcrumb\",\"itemListElement\":[{\"@type\":\"ListItem\",\"position\":1,\"name\":\"Home\",\"item\":\"https:\\\/\\\/ictimai.az\\\/\"},{\"@type\":\"ListItem\",\"position\":2,\"name\":\"\u0130\u015f adam\u0131 M\u0259tan\u0259t S\u00fcleymanzad\u0259 t\u0259ltif edildi &#8211; FOTO\"}]},{\"@type\":\"WebSite\",\"@id\":\"https:\\\/\\\/ictimai.az\\\/#website\",\"url\":\"https:\\\/\\\/ictimai.az\\\/\",\"name\":\"\u0130CT\u0130MA\u0130.AZ\",\"description\":\"\",\"publisher\":{\"@id\":\"https:\\\/\\\/ictimai.az\\\/#organization\"},\"potentialAction\":[{\"@type\":\"SearchAction\",\"target\":{\"@type\":\"EntryPoint\",\"urlTemplate\":\"https:\\\/\\\/ictimai.az\\\/?s={search_term_string}\"},\"query-input\":{\"@type\":\"PropertyValueSpecification\",\"valueRequired\":true,\"valueName\":\"search_term_string\"}}],\"inLanguage\":\"az\"},{\"@type\":\"Organization\",\"@id\":\"https:\\\/\\\/ictimai.az\\\/#organization\",\"name\":\"\u0130CT\u0130MA\u0130.AZ\",\"url\":\"https:\\\/\\\/ictimai.az\\\/\",\"logo\":{\"@type\":\"ImageObject\",\"inLanguage\":\"az\",\"@id\":\"https:\\\/\\\/ictimai.az\\\/#\\\/schema\\\/logo\\\/image\\\/\",\"url\":\"https:\\\/\\\/ictimai.az\\\/core\\\/uploads\\\/2026\\\/06\\\/cropped-ictimai_0380d81099c6fe3baae753faceb5481f_p41rg2mzq0uyvextfh3k-768x768-1-3.png\",\"contentUrl\":\"https:\\\/\\\/ictimai.az\\\/core\\\/uploads\\\/2026\\\/06\\\/cropped-ictimai_0380d81099c6fe3baae753faceb5481f_p41rg2mzq0uyvextfh3k-768x768-1-3.png\",\"width\":768,\"height\":768,\"caption\":\"\u0130CT\u0130MA\u0130.AZ\"},\"image\":{\"@id\":\"https:\\\/\\\/ictimai.az\\\/#\\\/schema\\\/logo\\\/image\\\/\"}},{\"@type\":\"Person\",\"@id\":\"https:\\\/\\\/ictimai.az\\\/#\\\/schema\\\/person\\\/1da94bf2c7ab5d83ad349237bec1e6af\",\"name\":\"R\u0259\u015fad Bayramov\",\"image\":{\"@type\":\"ImageObject\",\"inLanguage\":\"az\",\"@id\":\"https:\\\/\\\/secure.gravatar.com\\\/avatar\\\/83c075605ba0a4d35d59726aaad89cfa8008d1f01603342c56f1dd79784491bc?s=96&d=mm&r=g\",\"url\":\"https:\\\/\\\/secure.gravatar.com\\\/avatar\\\/83c075605ba0a4d35d59726aaad89cfa8008d1f01603342c56f1dd79784491bc?s=96&d=mm&r=g\",\"contentUrl\":\"https:\\\/\\\/secure.gravatar.com\\\/avatar\\\/83c075605ba0a4d35d59726aaad89cfa8008d1f01603342c56f1dd79784491bc?s=96&d=mm&r=g\",\"caption\":\"R\u0259\u015fad Bayramov\"},\"sameAs\":[\"https:\\\/\\\/ictimai.az\\\/\"],\"url\":\"https:\\\/\\\/ictimai.az\\\/?author=2\"}]}<\/script>\n<!-- \/ Yoast SEO plugin. -->","yoast_head_json":{"title":"\u0130\u015f adam\u0131 M\u0259tan\u0259t S\u00fcleymanzad\u0259 t\u0259ltif edildi - FOTO - \u0130CT\u0130MA\u0130.AZ","robots":{"index":"index","follow":"follow","max-snippet":"max-snippet:-1","max-image-preview":"max-image-preview:large","max-video-preview":"max-video-preview:-1"},"canonical":"https:\/\/ictimai.az\/?p=5515","og_locale":"az_AZ","og_type":"article","og_title":"\u0130\u015f adam\u0131 M\u0259tan\u0259t S\u00fcleymanzad\u0259 t\u0259ltif edildi - FOTO - \u0130CT\u0130MA\u0130.AZ","og_description":"\u201cMak Marine LTD\u201d \u015firk\u0259tinin r\u0259hb\u0259ri, i\u015f adam\u0131 M\u0259tan\u0259t S\u00fcleymanzad\u0259 Az\u0259rbaycan Respublikas\u0131n\u0131n ictimai h\u0259yat\u0131nda s\u0259m\u0259r\u0259li f\u0259aliyy\u0259tl\u0259rin\u0259 g\u00f6r\u0259,\u00a0 xeyriyy\u0259\u00e7i i\u015f adam\u0131 ad\u0131na layiq g\u00f6r\u00fcl\u00fcb. \u201cYeni G\u00fcnd\u0259m\u201din m\u0259lumat\u0131na g\u00f6r\u0259, \u201cAzteletv.az\u201d internet televiziyas\u0131n\u0131n ke\u00e7irdiyi r\u0259y sor\u011fusunun n\u0259tic\u0259l\u0259rin\u0259 \u0259sas\u0259n, Respublikam\u0131zda h\u00fcquqi d\u00f6vl\u0259t quruculu\u011fu prossesinin h\u0259yata ke\u00e7irilm\u0259sind\u0259, v\u0259t\u0259nda\u015f c\u0259miyy\u0259tinin formala\u015fmas\u0131nda, uzaqg\u00f6r\u0259n v\u0259 istedadl\u0131 idar\u0259\u00e7iliyi, Az\u0259rbaycan\u0131n \u0259min-amanl\u0131\u011f\u0131 v\u0259 \u00e7i\u00e7\u0259kl\u0259nm\u0259si \u00fc\u00e7\u00fcn g\u00f6st\u0259rdiyi s\u0259yl\u0259r\u0259, [&hellip;]","og_url":"https:\/\/ictimai.az\/?p=5515","og_site_name":"\u0130CT\u0130MA\u0130.AZ","article_published_time":"2020-09-03T06:05:27+00:00","article_modified_time":"2020-09-21T09:11:09+00:00","og_image":[{"width":620,"height":460,"url":"https:\/\/ictimai.az\/core\/uploads\/2020\/09\/ictimai_d4580ff227b959865a06331caf7e7bee_tra36ney7p48bj5109fm.jpg","type":"image\/jpeg"}],"author":"R\u0259\u015fad Bayramov","twitter_card":"summary_large_image","twitter_misc":{"Written by":"R\u0259\u015fad Bayramov","Est. reading time":"2 minutes"},"schema":{"@context":"https:\/\/schema.org","@graph":[{"@type":"Article","@id":"https:\/\/ictimai.az\/?p=5515#article","isPartOf":{"@id":"https:\/\/ictimai.az\/?p=5515"},"author":{"name":"R\u0259\u015fad Bayramov","@id":"https:\/\/ictimai.az\/#\/schema\/person\/1da94bf2c7ab5d83ad349237bec1e6af"},"headline":"\u0130\u015f adam\u0131 M\u0259tan\u0259t S\u00fcleymanzad\u0259 t\u0259ltif edildi &#8211; FOTO","datePublished":"2020-09-03T06:05:27+00:00","dateModified":"2020-09-21T09:11:09+00:00","mainEntityOfPage":{"@id":"https:\/\/ictimai.az\/?p=5515"},"wordCount":317,"publisher":{"@id":"https:\/\/ictimai.az\/#organization"},"image":{"@id":"https:\/\/ictimai.az\/?p=5515#primaryimage"},"thumbnailUrl":"https:\/\/ictimai.az\/core\/uploads\/2020\/09\/ictimai_d4580ff227b959865a06331caf7e7bee_tra36ney7p48bj5109fm.jpg","articleSection":["Sosial"],"inLanguage":"az"},{"@type":"WebPage","@id":"https:\/\/ictimai.az\/?p=5515","url":"https:\/\/ictimai.az\/?p=5515","name":"\u0130\u015f adam\u0131 M\u0259tan\u0259t S\u00fcleymanzad\u0259 t\u0259ltif edildi - FOTO - \u0130CT\u0130MA\u0130.AZ","isPartOf":{"@id":"https:\/\/ictimai.az\/#website"},"primaryImageOfPage":{"@id":"https:\/\/ictimai.az\/?p=5515#primaryimage"},"image":{"@id":"https:\/\/ictimai.az\/?p=5515#primaryimage"},"thumbnailUrl":"https:\/\/ictimai.az\/core\/uploads\/2020\/09\/ictimai_d4580ff227b959865a06331caf7e7bee_tra36ney7p48bj5109fm.jpg","datePublished":"2020-09-03T06:05:27+00:00","dateModified":"2020-09-21T09:11:09+00:00","breadcrumb":{"@id":"https:\/\/ictimai.az\/?p=5515#breadcrumb"},"inLanguage":"az","potentialAction":[{"@type":"ReadAction","target":["https:\/\/ictimai.az\/?p=5515"]}]},{"@type":"ImageObject","inLanguage":"az","@id":"https:\/\/ictimai.az\/?p=5515#primaryimage","url":"https:\/\/ictimai.az\/core\/uploads\/2020\/09\/ictimai_d4580ff227b959865a06331caf7e7bee_tra36ney7p48bj5109fm.jpg","contentUrl":"https:\/\/ictimai.az\/core\/uploads\/2020\/09\/ictimai_d4580ff227b959865a06331caf7e7bee_tra36ney7p48bj5109fm.jpg","width":620,"height":460},{"@type":"BreadcrumbList","@id":"https:\/\/ictimai.az\/?p=5515#breadcrumb","itemListElement":[{"@type":"ListItem","position":1,"name":"Home","item":"https:\/\/ictimai.az\/"},{"@type":"ListItem","position":2,"name":"\u0130\u015f adam\u0131 M\u0259tan\u0259t S\u00fcleymanzad\u0259 t\u0259ltif edildi &#8211; FOTO"}]},{"@type":"WebSite","@id":"https:\/\/ictimai.az\/#website","url":"https:\/\/ictimai.az\/","name":"\u0130CT\u0130MA\u0130.AZ","description":"","publisher":{"@id":"https:\/\/ictimai.az\/#organization"},"potentialAction":[{"@type":"SearchAction","target":{"@type":"EntryPoint","urlTemplate":"https:\/\/ictimai.az\/?s={search_term_string}"},"query-input":{"@type":"PropertyValueSpecification","valueRequired":true,"valueName":"search_term_string"}}],"inLanguage":"az"},{"@type":"Organization","@id":"https:\/\/ictimai.az\/#organization","name":"\u0130CT\u0130MA\u0130.AZ","url":"https:\/\/ictimai.az\/","logo":{"@type":"ImageObject","inLanguage":"az","@id":"https:\/\/ictimai.az\/#\/schema\/logo\/image\/","url":"https:\/\/ictimai.az\/core\/uploads\/2026\/06\/cropped-ictimai_0380d81099c6fe3baae753faceb5481f_p41rg2mzq0uyvextfh3k-768x768-1-3.png","contentUrl":"https:\/\/ictimai.az\/core\/uploads\/2026\/06\/cropped-ictimai_0380d81099c6fe3baae753faceb5481f_p41rg2mzq0uyvextfh3k-768x768-1-3.png","width":768,"height":768,"caption":"\u0130CT\u0130MA\u0130.AZ"},"image":{"@id":"https:\/\/ictimai.az\/#\/schema\/logo\/image\/"}},{"@type":"Person","@id":"https:\/\/ictimai.az\/#\/schema\/person\/1da94bf2c7ab5d83ad349237bec1e6af","name":"R\u0259\u015fad Bayramov","image":{"@type":"ImageObject","inLanguage":"az","@id":"https:\/\/secure.gravatar.com\/avatar\/83c075605ba0a4d35d59726aaad89cfa8008d1f01603342c56f1dd79784491bc?s=96&d=mm&r=g","url":"https:\/\/secure.gravatar.com\/avatar\/83c075605ba0a4d35d59726aaad89cfa8008d1f01603342c56f1dd79784491bc?s=96&d=mm&r=g","contentUrl":"https:\/\/secure.gravatar.com\/avatar\/83c075605ba0a4d35d59726aaad89cfa8008d1f01603342c56f1dd79784491bc?s=96&d=mm&r=g","caption":"R\u0259\u015fad Bayramov"},"sameAs":["https:\/\/ictimai.az\/"],"url":"https:\/\/ictimai.az\/?author=2"}]}},"_links":{"self":[{"href":"https:\/\/ictimai.az\/index.php?rest_route=\/wp\/v2\/posts\/5515","targetHints":{"allow":["GET"]}}],"collection":[{"href":"https:\/\/ictimai.az\/index.php?rest_route=\/wp\/v2\/posts"}],"about":[{"href":"https:\/\/ictimai.az\/index.php?rest_route=\/wp\/v2\/types\/post"}],"author":[{"embeddable":true,"href":"https:\/\/ictimai.az\/index.php?rest_route=\/wp\/v2\/users\/2"}],"replies":[{"embeddable":true,"href":"https:\/\/ictimai.az\/index.php?rest_route=%2Fwp%2Fv2%2Fcomments&post=5515"}],"version-history":[{"count":0,"href":"https:\/\/ictimai.az\/index.php?rest_route=\/wp\/v2\/posts\/5515\/revisions"}],"wp:featuredmedia":[{"embeddable":true,"href":"https:\/\/ictimai.az\/index.php?rest_route=\/wp\/v2\/media\/5516"}],"wp:attachment":[{"href":"https:\/\/ictimai.az\/index.php?rest_route=%2Fwp%2Fv2%2Fmedia&parent=5515"}],"wp:term":[{"taxonomy":"category","embeddable":true,"href":"https:\/\/ictimai.az\/index.php?rest_route=%2Fwp%2Fv2%2Fcategories&post=5515"},{"taxonomy":"post_tag","embeddable":true,"href":"https:\/\/ictimai.az\/index.php?rest_route=%2Fwp%2Fv2%2Ftags&post=5515"}],"curies":[{"name":"wp","href":"https:\/\/api.w.org\/{rel}","templated":true}]}}