{"id":5649,"date":"2020-09-11T15:03:00","date_gmt":"2020-09-11T11:03:00","guid":{"rendered":"https:\/\/ictimai.az\/?p=5649"},"modified":"2020-09-11T16:25:55","modified_gmt":"2020-09-11T12:25:55","slug":"metrodan-istifade-qaydalari-aciqlandi","status":"publish","type":"post","link":"https:\/\/ictimai.az\/?p=5649","title":{"rendered":"Metrodan istifad\u0259 qaydalar\u0131 a\u00e7\u0131qland\u0131"},"content":{"rendered":"<p>Nazirl\u0259r Kabineti yan\u0131nda Operativ Q\u0259rargah Bak\u0131 metropoliteninin s\u0259rni\u015finda\u015f\u0131ma f\u0259aliyy\u0259tinin 14 sentyabr 2020-ci il s\u0259h\u0259r saat 06:00-dan b\u0259rpa olunmas\u0131n\u0131 q\u0259rara al\u0131b.<\/p>\n<p>\u201cBak\u0131 Metropoliteni\u201d QSC-d\u0259n veril\u0259n m\u0259lumata g\u00f6r\u0259, yeni n\u00f6v koronavirus (\u201cCOVID-19\u201d) pandemiyas\u0131n\u0131n yay\u0131lmas\u0131n\u0131n qar\u015f\u0131s\u0131n\u0131 almaq v\u0259 insanlar\u0131n sa\u011flaml\u0131q t\u0259hl\u00fck\u0259sizliyini t\u0259min etm\u0259k m\u0259qs\u0259dil\u0259 Az\u0259rbaycan Respublikas\u0131 \u0259razisind\u0259 elan edilmi\u015f x\u00fcsusi rejimli karantin m\u00fcdd\u0259ti ba\u015fa \u00e7atana q\u0259d\u0259r Bak\u0131 metropoliteninin f\u0259aliyy\u0259ti Az\u0259rbaycan Respublikas\u0131 Nazirl\u0259r Kabineti yan\u0131nda Operativ Q\u0259rargah\u0131n m\u00fcvafiq q\u0259rarlar\u0131, tap\u015f\u0131r\u0131q v\u0259 t\u00f6vsiy\u0259l\u0259rin\u0259 uy\u011fun t\u0259min edil\u0259c\u0259k.<\/p>\n<p>Qeyd edil\u0259nl\u0259r \u0259sas g\u00f6t\u00fcr\u00fcl\u0259r\u0259k, metropolitend\u0259n istifad\u0259 ed\u0259n s\u0259rni\u015finl\u0259rin n\u0259z\u0259rin\u0259 \u00e7atd\u0131r\u0131l\u0131r:<\/p>\n<p>1. Bak\u0131 metropoliteninin s\u0259rni\u015finda\u015f\u0131ma f\u0259aliyy\u0259ti 14 sentyabr 2020-ci il s\u0259h\u0259r saat 06:00-dan b\u0259rpa olunur. Bak\u0131 metropoliteninin stansiyalar\u0131 saat 06:00-dan 24:00-d\u0259k s\u0259rni\u015finl\u0259rin giri\u015fin\u0259 a\u00e7\u0131q olacaq.<\/p>\n<p>2. Bak\u0131 metropoliteni g\u00fccl\u0259ndirilmi\u015f i\u015f rejimind\u0259 f\u0259aliyy\u0259t g\u00f6st\u0259r\u0259c\u0259k.<\/p>\n<p>3. Texniki imkanlar n\u0259z\u0259r\u0259 al\u0131nmaqla, qatarlar\u0131n h\u0259r\u0259k\u0259ti maksimal h\u0259r\u0259k\u0259t qrafiki il\u0259 t\u0259min olunacaq.<\/p>\n<p>4. \u018flil arabalar\u0131ndan istifad\u0259 ed\u0259n s\u0259rni\u015finl\u0259rin da\u015f\u0131nmas\u0131 xidm\u0259tinin f\u0259aliyy\u0259ti b\u0259rpa edil\u0259c\u0259k.<\/p>\n<p>5. \u201c\u0130ctimai n\u0259qliyyatda koronavirus infeksiyas\u0131n\u0131n profilaktikas\u0131na dair metodiki g\u00f6st\u0259ri\u015f\u201d\u0259 uy\u011fun olaraq, Bak\u0131 metropoliteni stansiyalar\u0131n\u0131n \u0259razisind\u0259 v\u0259 qatarlarda m\u00fctl\u0259q qaydada tibbi maskalardan istifad\u0259 edilm\u0259li v\u0259 sosial m\u0259saf\u0259 g\u00f6zl\u0259nilm\u0259lidir. Tibbi maska taxmadan metropolitend\u0259n istifad\u0259 qada\u011fand\u0131r! S\u0259rni\u015finl\u0259rin diqq\u0259tin\u0259 \u00e7atd\u0131r\u0131l\u0131r ki, tibbi maska a\u011f\u0131z v\u0259 burun bo\u015flu\u011funu tam \u00f6rtm\u0259lidir.<\/p>\n<p>6. Tibbi maskadan istifad\u0259 olunmamas\u0131na g\u00f6r\u0259 m\u00fcvafiq qaydada inzibati m\u0259suliyy\u0259t t\u0259tbiq edilir.<\/p>\n<p>7. Stansiyalar\u0131n giri\u015fl\u0259rind\u0259 s\u0259rni\u015finl\u0259rin tibbi maskadan istifad\u0259 etm\u0259si t\u0259l\u0259b olunacaq.<\/p>\n<p>8. Stansiyalara daxil olan s\u0259rni\u015finl\u0259rin h\u0259rar\u0259ti, se\u00e7m\u0259 qaydada olmaqla, m\u00fcvafiq tibbi avadanl\u0131q vasit\u0259si il\u0259 yoxlan\u0131lacaq.<\/p>\n<p>9. Sosial m\u0259saf\u0259nin qorunmas\u0131n\u0131, tibbi maskadan istifad\u0259ni, sanitar-gigiyenik qaydalara riay\u0259t olunmas\u0131n\u0131 t\u0259min etm\u0259k m\u0259qs\u0259dil\u0259 s\u0259rni\u015finl\u0259rin audio, vizual, statik m\u0259lumatland\u0131r\u0131lmas\u0131 \u00fcsullar\u0131ndan istifad\u0259 olunacaq, stansiya v\u0259 qatarlardak\u0131 oturacaqlarda m\u0259lumatland\u0131r\u0131c\u0131 i\u015far\u0259l\u0259r qoyulacaq, z\u0259rur\u0259t yarand\u0131\u011f\u0131 halda, s\u0259rni\u015finl\u0259rin rabit\u0259 vasit\u0259l\u0259ri v\u0259 s\u0259sucaldanlarla m\u0259lumatland\u0131r\u0131lmas\u0131 t\u0259min olunub.<\/p>\n<p>10. Bak\u0131 metropoliteni stansiyalar\u0131nda f\u0259aliyy\u0259t g\u00f6st\u0259r\u0259n aptekl\u0259r\u0259 tibbi maska sat\u0131\u015f\u0131 \u00fc\u00e7\u00fcn \u015f\u0259rait yarad\u0131l\u0131b.<\/p>\n<p>11. S\u0259rni\u015finl\u0259rin sosial m\u0259saf\u0259ni qorumas\u0131, metropoliten\u0259 t\u0259hl\u00fck\u0259siz v\u0259 nizaml\u0131 daxil olmas\u0131n\u0131 t\u0259min etm\u0259k m\u0259qs\u0259dil\u0259 istiqam\u0259tl\u0259ndiricil\u0259r qoyulacaq. Bunu n\u0259z\u0259r\u0259 alaraq, s\u0259rni\u015finl\u0259rd\u0259n stansiyalara daxil olark\u0259n tibbi maskadan d\u00fczg\u00fcn istifad\u0259 etm\u0259kl\u0259 sosial m\u0259saf\u0259 saxlamalar\u0131 v\u0259 t\u0259hl\u00fck\u0259sizlik qaydalar\u0131na riay\u0259t etm\u0259l\u0259ri xahi\u015f olunur.<\/p>\n<p>12. Stansiya v\u0259 qatarlar\u0131n dezinfeksiya olunmas\u0131 \u0259vv\u0259lki qaydada m\u00fc\u0259yy\u0259n edilmi\u015f qrafik \u00fczr\u0259 t\u0259min edil\u0259c\u0259k.<\/p>\n<p><strong>\u0130ctimai.az\u00a0<\/strong><\/p>\n","protected":false},"excerpt":{"rendered":"<p>Nazirl\u0259r Kabineti yan\u0131nda Operativ Q\u0259rargah Bak\u0131 metropoliteninin s\u0259rni\u015finda\u015f\u0131ma f\u0259aliyy\u0259tinin 14 sentyabr 2020-ci il s\u0259h\u0259r saat 06:00-dan b\u0259rpa olunmas\u0131n\u0131 q\u0259rara al\u0131b. \u201cBak\u0131 Metropoliteni\u201d QSC-d\u0259n veril\u0259n m\u0259lumata g\u00f6r\u0259, yeni n\u00f6v koronavirus (\u201cCOVID-19\u201d) pandemiyas\u0131n\u0131n yay\u0131lmas\u0131n\u0131n qar\u015f\u0131s\u0131n\u0131 almaq v\u0259 insanlar\u0131n sa\u011flaml\u0131q t\u0259hl\u00fck\u0259sizliyini t\u0259min etm\u0259k m\u0259qs\u0259dil\u0259 Az\u0259rbaycan Respublikas\u0131 \u0259razisind\u0259 elan edilmi\u015f x\u00fcsusi rejimli karantin m\u00fcdd\u0259ti ba\u015fa \u00e7atana q\u0259d\u0259r Bak\u0131 metropoliteninin [&hellip;]<\/p>\n","protected":false},"author":2,"featured_media":0,"comment_status":"closed","ping_status":"closed","sticky":false,"template":"","format":"standard","meta":{"footnotes":""},"categories":[1],"tags":[],"class_list":["post-5649","post","type-post","status-publish","format-standard","hentry","category-society"],"yoast_head":"<!-- This site is optimized with the Yoast SEO plugin v28.2 - https:\/\/yoast.com\/product\/yoast-seo-wordpress\/ -->\n<title>Metrodan istifad\u0259 qaydalar\u0131 a\u00e7\u0131qland\u0131 - \u0130CT\u0130MA\u0130.AZ<\/title>\n<meta name=\"robots\" content=\"index, follow, max-snippet:-1, max-image-preview:large, max-video-preview:-1\" \/>\n<link rel=\"canonical\" href=\"https:\/\/ictimai.az\/?p=5649\" \/>\n<meta property=\"og:locale\" content=\"az_AZ\" \/>\n<meta property=\"og:type\" content=\"article\" \/>\n<meta property=\"og:title\" content=\"Metrodan istifad\u0259 qaydalar\u0131 a\u00e7\u0131qland\u0131 - \u0130CT\u0130MA\u0130.AZ\" \/>\n<meta property=\"og:description\" content=\"Nazirl\u0259r Kabineti yan\u0131nda Operativ Q\u0259rargah Bak\u0131 metropoliteninin s\u0259rni\u015finda\u015f\u0131ma f\u0259aliyy\u0259tinin 14 sentyabr 2020-ci il s\u0259h\u0259r saat 06:00-dan b\u0259rpa olunmas\u0131n\u0131 q\u0259rara al\u0131b. \u201cBak\u0131 Metropoliteni\u201d QSC-d\u0259n veril\u0259n m\u0259lumata g\u00f6r\u0259, yeni n\u00f6v koronavirus (\u201cCOVID-19\u201d) pandemiyas\u0131n\u0131n yay\u0131lmas\u0131n\u0131n qar\u015f\u0131s\u0131n\u0131 almaq v\u0259 insanlar\u0131n sa\u011flaml\u0131q t\u0259hl\u00fck\u0259sizliyini t\u0259min etm\u0259k m\u0259qs\u0259dil\u0259 Az\u0259rbaycan Respublikas\u0131 \u0259razisind\u0259 elan edilmi\u015f x\u00fcsusi rejimli karantin m\u00fcdd\u0259ti ba\u015fa \u00e7atana q\u0259d\u0259r Bak\u0131 metropoliteninin [&hellip;]\" \/>\n<meta property=\"og:url\" content=\"https:\/\/ictimai.az\/?p=5649\" \/>\n<meta property=\"og:site_name\" content=\"\u0130CT\u0130MA\u0130.AZ\" \/>\n<meta property=\"article:published_time\" content=\"2020-09-11T11:03:00+00:00\" \/>\n<meta property=\"article:modified_time\" content=\"2020-09-11T12:25:55+00:00\" \/>\n<meta name=\"author\" content=\"R\u0259\u015fad Bayramov\" \/>\n<meta name=\"twitter:card\" content=\"summary_large_image\" \/>\n<meta name=\"twitter:label1\" content=\"Written by\" \/>\n\t<meta name=\"twitter:data1\" content=\"R\u0259\u015fad Bayramov\" \/>\n\t<meta name=\"twitter:label2\" content=\"Est. reading time\" \/>\n\t<meta name=\"twitter:data2\" content=\"3 minutes\" \/>\n<script type=\"application\/ld+json\" class=\"yoast-schema-graph\">{\"@context\":\"https:\\\/\\\/schema.org\",\"@graph\":[{\"@type\":\"Article\",\"@id\":\"https:\\\/\\\/ictimai.az\\\/?p=5649#article\",\"isPartOf\":{\"@id\":\"https:\\\/\\\/ictimai.az\\\/?p=5649\"},\"author\":{\"name\":\"R\u0259\u015fad Bayramov\",\"@id\":\"https:\\\/\\\/ictimai.az\\\/#\\\/schema\\\/person\\\/1da94bf2c7ab5d83ad349237bec1e6af\"},\"headline\":\"Metrodan istifad\u0259 qaydalar\u0131 a\u00e7\u0131qland\u0131\",\"datePublished\":\"2020-09-11T11:03:00+00:00\",\"dateModified\":\"2020-09-11T12:25:55+00:00\",\"mainEntityOfPage\":{\"@id\":\"https:\\\/\\\/ictimai.az\\\/?p=5649\"},\"wordCount\":580,\"publisher\":{\"@id\":\"https:\\\/\\\/ictimai.az\\\/#organization\"},\"articleSection\":[\"Sosial\"],\"inLanguage\":\"az\"},{\"@type\":\"WebPage\",\"@id\":\"https:\\\/\\\/ictimai.az\\\/?p=5649\",\"url\":\"https:\\\/\\\/ictimai.az\\\/?p=5649\",\"name\":\"Metrodan istifad\u0259 qaydalar\u0131 a\u00e7\u0131qland\u0131 - \u0130CT\u0130MA\u0130.AZ\",\"isPartOf\":{\"@id\":\"https:\\\/\\\/ictimai.az\\\/#website\"},\"datePublished\":\"2020-09-11T11:03:00+00:00\",\"dateModified\":\"2020-09-11T12:25:55+00:00\",\"breadcrumb\":{\"@id\":\"https:\\\/\\\/ictimai.az\\\/?p=5649#breadcrumb\"},\"inLanguage\":\"az\",\"potentialAction\":[{\"@type\":\"ReadAction\",\"target\":[\"https:\\\/\\\/ictimai.az\\\/?p=5649\"]}]},{\"@type\":\"BreadcrumbList\",\"@id\":\"https:\\\/\\\/ictimai.az\\\/?p=5649#breadcrumb\",\"itemListElement\":[{\"@type\":\"ListItem\",\"position\":1,\"name\":\"Home\",\"item\":\"https:\\\/\\\/ictimai.az\\\/\"},{\"@type\":\"ListItem\",\"position\":2,\"name\":\"Metrodan istifad\u0259 qaydalar\u0131 a\u00e7\u0131qland\u0131\"}]},{\"@type\":\"WebSite\",\"@id\":\"https:\\\/\\\/ictimai.az\\\/#website\",\"url\":\"https:\\\/\\\/ictimai.az\\\/\",\"name\":\"\u0130CT\u0130MA\u0130.AZ\",\"description\":\"\",\"publisher\":{\"@id\":\"https:\\\/\\\/ictimai.az\\\/#organization\"},\"potentialAction\":[{\"@type\":\"SearchAction\",\"target\":{\"@type\":\"EntryPoint\",\"urlTemplate\":\"https:\\\/\\\/ictimai.az\\\/?s={search_term_string}\"},\"query-input\":{\"@type\":\"PropertyValueSpecification\",\"valueRequired\":true,\"valueName\":\"search_term_string\"}}],\"inLanguage\":\"az\"},{\"@type\":\"Organization\",\"@id\":\"https:\\\/\\\/ictimai.az\\\/#organization\",\"name\":\"\u0130CT\u0130MA\u0130.AZ\",\"url\":\"https:\\\/\\\/ictimai.az\\\/\",\"logo\":{\"@type\":\"ImageObject\",\"inLanguage\":\"az\",\"@id\":\"https:\\\/\\\/ictimai.az\\\/#\\\/schema\\\/logo\\\/image\\\/\",\"url\":\"https:\\\/\\\/ictimai.az\\\/core\\\/uploads\\\/2026\\\/06\\\/cropped-ictimai_0380d81099c6fe3baae753faceb5481f_p41rg2mzq0uyvextfh3k-768x768-1-3.png\",\"contentUrl\":\"https:\\\/\\\/ictimai.az\\\/core\\\/uploads\\\/2026\\\/06\\\/cropped-ictimai_0380d81099c6fe3baae753faceb5481f_p41rg2mzq0uyvextfh3k-768x768-1-3.png\",\"width\":768,\"height\":768,\"caption\":\"\u0130CT\u0130MA\u0130.AZ\"},\"image\":{\"@id\":\"https:\\\/\\\/ictimai.az\\\/#\\\/schema\\\/logo\\\/image\\\/\"}},{\"@type\":\"Person\",\"@id\":\"https:\\\/\\\/ictimai.az\\\/#\\\/schema\\\/person\\\/1da94bf2c7ab5d83ad349237bec1e6af\",\"name\":\"R\u0259\u015fad Bayramov\",\"image\":{\"@type\":\"ImageObject\",\"inLanguage\":\"az\",\"@id\":\"https:\\\/\\\/secure.gravatar.com\\\/avatar\\\/83c075605ba0a4d35d59726aaad89cfa8008d1f01603342c56f1dd79784491bc?s=96&d=mm&r=g\",\"url\":\"https:\\\/\\\/secure.gravatar.com\\\/avatar\\\/83c075605ba0a4d35d59726aaad89cfa8008d1f01603342c56f1dd79784491bc?s=96&d=mm&r=g\",\"contentUrl\":\"https:\\\/\\\/secure.gravatar.com\\\/avatar\\\/83c075605ba0a4d35d59726aaad89cfa8008d1f01603342c56f1dd79784491bc?s=96&d=mm&r=g\",\"caption\":\"R\u0259\u015fad Bayramov\"},\"sameAs\":[\"https:\\\/\\\/ictimai.az\\\/\"],\"url\":\"https:\\\/\\\/ictimai.az\\\/?author=2\"}]}<\/script>\n<!-- \/ Yoast SEO plugin. -->","yoast_head_json":{"title":"Metrodan istifad\u0259 qaydalar\u0131 a\u00e7\u0131qland\u0131 - \u0130CT\u0130MA\u0130.AZ","robots":{"index":"index","follow":"follow","max-snippet":"max-snippet:-1","max-image-preview":"max-image-preview:large","max-video-preview":"max-video-preview:-1"},"canonical":"https:\/\/ictimai.az\/?p=5649","og_locale":"az_AZ","og_type":"article","og_title":"Metrodan istifad\u0259 qaydalar\u0131 a\u00e7\u0131qland\u0131 - \u0130CT\u0130MA\u0130.AZ","og_description":"Nazirl\u0259r Kabineti yan\u0131nda Operativ Q\u0259rargah Bak\u0131 metropoliteninin s\u0259rni\u015finda\u015f\u0131ma f\u0259aliyy\u0259tinin 14 sentyabr 2020-ci il s\u0259h\u0259r saat 06:00-dan b\u0259rpa olunmas\u0131n\u0131 q\u0259rara al\u0131b. \u201cBak\u0131 Metropoliteni\u201d QSC-d\u0259n veril\u0259n m\u0259lumata g\u00f6r\u0259, yeni n\u00f6v koronavirus (\u201cCOVID-19\u201d) pandemiyas\u0131n\u0131n yay\u0131lmas\u0131n\u0131n qar\u015f\u0131s\u0131n\u0131 almaq v\u0259 insanlar\u0131n sa\u011flaml\u0131q t\u0259hl\u00fck\u0259sizliyini t\u0259min etm\u0259k m\u0259qs\u0259dil\u0259 Az\u0259rbaycan Respublikas\u0131 \u0259razisind\u0259 elan edilmi\u015f x\u00fcsusi rejimli karantin m\u00fcdd\u0259ti ba\u015fa \u00e7atana q\u0259d\u0259r Bak\u0131 metropoliteninin [&hellip;]","og_url":"https:\/\/ictimai.az\/?p=5649","og_site_name":"\u0130CT\u0130MA\u0130.AZ","article_published_time":"2020-09-11T11:03:00+00:00","article_modified_time":"2020-09-11T12:25:55+00:00","author":"R\u0259\u015fad Bayramov","twitter_card":"summary_large_image","twitter_misc":{"Written by":"R\u0259\u015fad Bayramov","Est. reading time":"3 minutes"},"schema":{"@context":"https:\/\/schema.org","@graph":[{"@type":"Article","@id":"https:\/\/ictimai.az\/?p=5649#article","isPartOf":{"@id":"https:\/\/ictimai.az\/?p=5649"},"author":{"name":"R\u0259\u015fad Bayramov","@id":"https:\/\/ictimai.az\/#\/schema\/person\/1da94bf2c7ab5d83ad349237bec1e6af"},"headline":"Metrodan istifad\u0259 qaydalar\u0131 a\u00e7\u0131qland\u0131","datePublished":"2020-09-11T11:03:00+00:00","dateModified":"2020-09-11T12:25:55+00:00","mainEntityOfPage":{"@id":"https:\/\/ictimai.az\/?p=5649"},"wordCount":580,"publisher":{"@id":"https:\/\/ictimai.az\/#organization"},"articleSection":["Sosial"],"inLanguage":"az"},{"@type":"WebPage","@id":"https:\/\/ictimai.az\/?p=5649","url":"https:\/\/ictimai.az\/?p=5649","name":"Metrodan istifad\u0259 qaydalar\u0131 a\u00e7\u0131qland\u0131 - \u0130CT\u0130MA\u0130.AZ","isPartOf":{"@id":"https:\/\/ictimai.az\/#website"},"datePublished":"2020-09-11T11:03:00+00:00","dateModified":"2020-09-11T12:25:55+00:00","breadcrumb":{"@id":"https:\/\/ictimai.az\/?p=5649#breadcrumb"},"inLanguage":"az","potentialAction":[{"@type":"ReadAction","target":["https:\/\/ictimai.az\/?p=5649"]}]},{"@type":"BreadcrumbList","@id":"https:\/\/ictimai.az\/?p=5649#breadcrumb","itemListElement":[{"@type":"ListItem","position":1,"name":"Home","item":"https:\/\/ictimai.az\/"},{"@type":"ListItem","position":2,"name":"Metrodan istifad\u0259 qaydalar\u0131 a\u00e7\u0131qland\u0131"}]},{"@type":"WebSite","@id":"https:\/\/ictimai.az\/#website","url":"https:\/\/ictimai.az\/","name":"\u0130CT\u0130MA\u0130.AZ","description":"","publisher":{"@id":"https:\/\/ictimai.az\/#organization"},"potentialAction":[{"@type":"SearchAction","target":{"@type":"EntryPoint","urlTemplate":"https:\/\/ictimai.az\/?s={search_term_string}"},"query-input":{"@type":"PropertyValueSpecification","valueRequired":true,"valueName":"search_term_string"}}],"inLanguage":"az"},{"@type":"Organization","@id":"https:\/\/ictimai.az\/#organization","name":"\u0130CT\u0130MA\u0130.AZ","url":"https:\/\/ictimai.az\/","logo":{"@type":"ImageObject","inLanguage":"az","@id":"https:\/\/ictimai.az\/#\/schema\/logo\/image\/","url":"https:\/\/ictimai.az\/core\/uploads\/2026\/06\/cropped-ictimai_0380d81099c6fe3baae753faceb5481f_p41rg2mzq0uyvextfh3k-768x768-1-3.png","contentUrl":"https:\/\/ictimai.az\/core\/uploads\/2026\/06\/cropped-ictimai_0380d81099c6fe3baae753faceb5481f_p41rg2mzq0uyvextfh3k-768x768-1-3.png","width":768,"height":768,"caption":"\u0130CT\u0130MA\u0130.AZ"},"image":{"@id":"https:\/\/ictimai.az\/#\/schema\/logo\/image\/"}},{"@type":"Person","@id":"https:\/\/ictimai.az\/#\/schema\/person\/1da94bf2c7ab5d83ad349237bec1e6af","name":"R\u0259\u015fad Bayramov","image":{"@type":"ImageObject","inLanguage":"az","@id":"https:\/\/secure.gravatar.com\/avatar\/83c075605ba0a4d35d59726aaad89cfa8008d1f01603342c56f1dd79784491bc?s=96&d=mm&r=g","url":"https:\/\/secure.gravatar.com\/avatar\/83c075605ba0a4d35d59726aaad89cfa8008d1f01603342c56f1dd79784491bc?s=96&d=mm&r=g","contentUrl":"https:\/\/secure.gravatar.com\/avatar\/83c075605ba0a4d35d59726aaad89cfa8008d1f01603342c56f1dd79784491bc?s=96&d=mm&r=g","caption":"R\u0259\u015fad Bayramov"},"sameAs":["https:\/\/ictimai.az\/"],"url":"https:\/\/ictimai.az\/?author=2"}]}},"_links":{"self":[{"href":"https:\/\/ictimai.az\/index.php?rest_route=\/wp\/v2\/posts\/5649","targetHints":{"allow":["GET"]}}],"collection":[{"href":"https:\/\/ictimai.az\/index.php?rest_route=\/wp\/v2\/posts"}],"about":[{"href":"https:\/\/ictimai.az\/index.php?rest_route=\/wp\/v2\/types\/post"}],"author":[{"embeddable":true,"href":"https:\/\/ictimai.az\/index.php?rest_route=\/wp\/v2\/users\/2"}],"replies":[{"embeddable":true,"href":"https:\/\/ictimai.az\/index.php?rest_route=%2Fwp%2Fv2%2Fcomments&post=5649"}],"version-history":[{"count":0,"href":"https:\/\/ictimai.az\/index.php?rest_route=\/wp\/v2\/posts\/5649\/revisions"}],"wp:attachment":[{"href":"https:\/\/ictimai.az\/index.php?rest_route=%2Fwp%2Fv2%2Fmedia&parent=5649"}],"wp:term":[{"taxonomy":"category","embeddable":true,"href":"https:\/\/ictimai.az\/index.php?rest_route=%2Fwp%2Fv2%2Fcategories&post=5649"},{"taxonomy":"post_tag","embeddable":true,"href":"https:\/\/ictimai.az\/index.php?rest_route=%2Fwp%2Fv2%2Ftags&post=5649"}],"curies":[{"name":"wp","href":"https:\/\/api.w.org\/{rel}","templated":true}]}}