{"id":5666,"date":"2020-09-13T12:01:07","date_gmt":"2020-09-13T08:01:07","guid":{"rendered":"https:\/\/ictimai.az\/?p=5666"},"modified":"2020-09-15T01:17:16","modified_gmt":"2020-09-14T21:17:16","slug":"afaq-besirqizinin-oglu-mekteb-direktoru-olan-gelinini-bosayir","status":"publish","type":"post","link":"https:\/\/ictimai.az\/?p=5666","title":{"rendered":"Afaq B\u0259\u015firq\u0131z\u0131n\u0131n o\u011flu m\u0259kt\u0259b direktoru olan g\u0259linini bo\u015fay\u0131r"},"content":{"rendered":"<p>Afaq B\u0259\u015firq\u0131z\u0131n\u0131n o\u011flu m\u0259kt\u0259b direktoru olan g\u0259linini bo\u015fay\u0131r.<\/p>\n<p>Unikal.org-un\u00a0\u0259ld\u0259 etdiyi m\u0259lumata g\u00f6r\u0259, xalq artistinin o\u011flu T\u0259hm\u0259zov S\u0259mral \u018fhm\u0259d o\u011flu nikah\u0131n pozulmas\u0131 il\u0259 ba\u011fl\u0131 Yasamal Rayon M\u0259hk\u0259m\u0259sin\u0259 m\u00fcraci\u0259t edib.<\/p>\n<p>M\u0259hk\u0259m\u0259 prosesinin haz\u0131rl\u0131q iclas\u0131 sentyabr ay\u0131n\u0131n 16-da hakim Orxan M\u0259mm\u0259dlinin s\u0259drliyi il\u0259 ke\u00e7iril\u0259c\u0259k. Cavabdeh qismind\u0259 T\u0259hm\u0259zova K\u00f6n\u00fcl Arif q\u0131z\u0131 tan\u0131n\u0131b.<\/p>\n<p>Xat\u0131rladaq ki, \u00f6t\u0259n ay\u0131n 14-d\u0259 Bak\u0131da 7 no\u0308mr\u0259li tam orta m\u0259kt\u0259bd\u0259 direktor v\u0259zif\u0259sin\u0259 yaranm\u0131s\u0327 vakansiya\u00a0 il\u0259 bag\u0306l\u0131 m\u0259kt\u0259bin direktor v\u0259zif\u0259si u\u0308zr\u0259 \u0259m\u0259k funksiyalar\u0131n\u0131n mu\u0308v\u0259qq\u0259ti icras\u0131 T\u0259lim\u0259 D\u0259st\u0259k M\u0259rk\u0259zinin T\u0259drisin idar\u0259olunmas\u0131 bo\u0308lm\u0259sinin mu\u0308diri T\u0259hm\u0259zova K\u00f6n\u00fcl Arif q\u0131z\u0131na h\u0259val\u0259 edilib.<\/p>\n<p><strong>\u0130ctimai.az\u00a0<\/strong><\/p>\n","protected":false},"excerpt":{"rendered":"<p>Afaq B\u0259\u015firq\u0131z\u0131n\u0131n o\u011flu m\u0259kt\u0259b direktoru olan g\u0259linini bo\u015fay\u0131r. Unikal.org-un\u00a0\u0259ld\u0259 etdiyi m\u0259lumata g\u00f6r\u0259, xalq artistinin o\u011flu T\u0259hm\u0259zov S\u0259mral \u018fhm\u0259d o\u011flu nikah\u0131n pozulmas\u0131 il\u0259 ba\u011fl\u0131 Yasamal Rayon M\u0259hk\u0259m\u0259sin\u0259 m\u00fcraci\u0259t edib. M\u0259hk\u0259m\u0259 prosesinin haz\u0131rl\u0131q iclas\u0131 sentyabr ay\u0131n\u0131n 16-da hakim Orxan M\u0259mm\u0259dlinin s\u0259drliyi il\u0259 ke\u00e7iril\u0259c\u0259k. Cavabdeh qismind\u0259 T\u0259hm\u0259zova K\u00f6n\u00fcl Arif q\u0131z\u0131 tan\u0131n\u0131b. Xat\u0131rladaq ki, \u00f6t\u0259n ay\u0131n 14-d\u0259 Bak\u0131da 7 [&hellip;]<\/p>\n","protected":false},"author":2,"featured_media":5667,"comment_status":"closed","ping_status":"closed","sticky":false,"template":"","format":"standard","meta":{"footnotes":""},"categories":[2],"tags":[],"class_list":["post-5666","post","type-post","status-publish","format-standard","has-post-thumbnail","hentry","category-trend"],"yoast_head":"<!-- This site is optimized with the Yoast SEO plugin v28.2 - https:\/\/yoast.com\/product\/yoast-seo-wordpress\/ -->\n<title>Afaq B\u0259\u015firq\u0131z\u0131n\u0131n o\u011flu m\u0259kt\u0259b direktoru olan g\u0259linini bo\u015fay\u0131r - \u0130CT\u0130MA\u0130.AZ<\/title>\n<meta name=\"robots\" content=\"index, follow, max-snippet:-1, max-image-preview:large, max-video-preview:-1\" \/>\n<link rel=\"canonical\" href=\"https:\/\/ictimai.az\/?p=5666\" \/>\n<meta property=\"og:locale\" content=\"az_AZ\" \/>\n<meta property=\"og:type\" content=\"article\" \/>\n<meta property=\"og:title\" content=\"Afaq B\u0259\u015firq\u0131z\u0131n\u0131n o\u011flu m\u0259kt\u0259b direktoru olan g\u0259linini bo\u015fay\u0131r - \u0130CT\u0130MA\u0130.AZ\" \/>\n<meta property=\"og:description\" content=\"Afaq B\u0259\u015firq\u0131z\u0131n\u0131n o\u011flu m\u0259kt\u0259b direktoru olan g\u0259linini bo\u015fay\u0131r. Unikal.org-un\u00a0\u0259ld\u0259 etdiyi m\u0259lumata g\u00f6r\u0259, xalq artistinin o\u011flu T\u0259hm\u0259zov S\u0259mral \u018fhm\u0259d o\u011flu nikah\u0131n pozulmas\u0131 il\u0259 ba\u011fl\u0131 Yasamal Rayon M\u0259hk\u0259m\u0259sin\u0259 m\u00fcraci\u0259t edib. M\u0259hk\u0259m\u0259 prosesinin haz\u0131rl\u0131q iclas\u0131 sentyabr ay\u0131n\u0131n 16-da hakim Orxan M\u0259mm\u0259dlinin s\u0259drliyi il\u0259 ke\u00e7iril\u0259c\u0259k. Cavabdeh qismind\u0259 T\u0259hm\u0259zova K\u00f6n\u00fcl Arif q\u0131z\u0131 tan\u0131n\u0131b. Xat\u0131rladaq ki, \u00f6t\u0259n ay\u0131n 14-d\u0259 Bak\u0131da 7 [&hellip;]\" \/>\n<meta property=\"og:url\" content=\"https:\/\/ictimai.az\/?p=5666\" \/>\n<meta property=\"og:site_name\" content=\"\u0130CT\u0130MA\u0130.AZ\" \/>\n<meta property=\"article:published_time\" content=\"2020-09-13T08:01:07+00:00\" \/>\n<meta property=\"article:modified_time\" content=\"2020-09-14T21:17:16+00:00\" \/>\n<meta property=\"og:image\" content=\"https:\/\/ictimai.az\/core\/uploads\/2020\/09\/ictimai_865ffcc8cc0a53bcf22c14f3819f1582_o1pe5y2wm3nlx7gkus0z.jpg\" \/>\n\t<meta property=\"og:image:width\" content=\"600\" \/>\n\t<meta property=\"og:image:height\" content=\"400\" \/>\n\t<meta property=\"og:image:type\" content=\"image\/jpeg\" \/>\n<meta name=\"author\" content=\"R\u0259\u015fad Bayramov\" \/>\n<meta name=\"twitter:card\" content=\"summary_large_image\" \/>\n<meta name=\"twitter:label1\" content=\"Written by\" \/>\n\t<meta name=\"twitter:data1\" content=\"R\u0259\u015fad Bayramov\" \/>\n\t<meta name=\"twitter:label2\" content=\"Est. reading time\" \/>\n\t<meta name=\"twitter:data2\" content=\"1 minute\" \/>\n<script type=\"application\/ld+json\" class=\"yoast-schema-graph\">{\"@context\":\"https:\\\/\\\/schema.org\",\"@graph\":[{\"@type\":\"Article\",\"@id\":\"https:\\\/\\\/ictimai.az\\\/?p=5666#article\",\"isPartOf\":{\"@id\":\"https:\\\/\\\/ictimai.az\\\/?p=5666\"},\"author\":{\"name\":\"R\u0259\u015fad Bayramov\",\"@id\":\"https:\\\/\\\/ictimai.az\\\/#\\\/schema\\\/person\\\/1da94bf2c7ab5d83ad349237bec1e6af\"},\"headline\":\"Afaq B\u0259\u015firq\u0131z\u0131n\u0131n o\u011flu m\u0259kt\u0259b direktoru olan g\u0259linini bo\u015fay\u0131r\",\"datePublished\":\"2020-09-13T08:01:07+00:00\",\"dateModified\":\"2020-09-14T21:17:16+00:00\",\"mainEntityOfPage\":{\"@id\":\"https:\\\/\\\/ictimai.az\\\/?p=5666\"},\"wordCount\":191,\"publisher\":{\"@id\":\"https:\\\/\\\/ictimai.az\\\/#organization\"},\"image\":{\"@id\":\"https:\\\/\\\/ictimai.az\\\/?p=5666#primaryimage\"},\"thumbnailUrl\":\"https:\\\/\\\/ictimai.az\\\/core\\\/uploads\\\/2020\\\/09\\\/ictimai_865ffcc8cc0a53bcf22c14f3819f1582_o1pe5y2wm3nlx7gkus0z.jpg\",\"articleSection\":[\"G\u00fcnd\u0259m\"],\"inLanguage\":\"az\"},{\"@type\":\"WebPage\",\"@id\":\"https:\\\/\\\/ictimai.az\\\/?p=5666\",\"url\":\"https:\\\/\\\/ictimai.az\\\/?p=5666\",\"name\":\"Afaq B\u0259\u015firq\u0131z\u0131n\u0131n o\u011flu m\u0259kt\u0259b direktoru olan g\u0259linini bo\u015fay\u0131r - \u0130CT\u0130MA\u0130.AZ\",\"isPartOf\":{\"@id\":\"https:\\\/\\\/ictimai.az\\\/#website\"},\"primaryImageOfPage\":{\"@id\":\"https:\\\/\\\/ictimai.az\\\/?p=5666#primaryimage\"},\"image\":{\"@id\":\"https:\\\/\\\/ictimai.az\\\/?p=5666#primaryimage\"},\"thumbnailUrl\":\"https:\\\/\\\/ictimai.az\\\/core\\\/uploads\\\/2020\\\/09\\\/ictimai_865ffcc8cc0a53bcf22c14f3819f1582_o1pe5y2wm3nlx7gkus0z.jpg\",\"datePublished\":\"2020-09-13T08:01:07+00:00\",\"dateModified\":\"2020-09-14T21:17:16+00:00\",\"breadcrumb\":{\"@id\":\"https:\\\/\\\/ictimai.az\\\/?p=5666#breadcrumb\"},\"inLanguage\":\"az\",\"potentialAction\":[{\"@type\":\"ReadAction\",\"target\":[\"https:\\\/\\\/ictimai.az\\\/?p=5666\"]}]},{\"@type\":\"ImageObject\",\"inLanguage\":\"az\",\"@id\":\"https:\\\/\\\/ictimai.az\\\/?p=5666#primaryimage\",\"url\":\"https:\\\/\\\/ictimai.az\\\/core\\\/uploads\\\/2020\\\/09\\\/ictimai_865ffcc8cc0a53bcf22c14f3819f1582_o1pe5y2wm3nlx7gkus0z.jpg\",\"contentUrl\":\"https:\\\/\\\/ictimai.az\\\/core\\\/uploads\\\/2020\\\/09\\\/ictimai_865ffcc8cc0a53bcf22c14f3819f1582_o1pe5y2wm3nlx7gkus0z.jpg\",\"width\":600,\"height\":400},{\"@type\":\"BreadcrumbList\",\"@id\":\"https:\\\/\\\/ictimai.az\\\/?p=5666#breadcrumb\",\"itemListElement\":[{\"@type\":\"ListItem\",\"position\":1,\"name\":\"Home\",\"item\":\"https:\\\/\\\/ictimai.az\\\/\"},{\"@type\":\"ListItem\",\"position\":2,\"name\":\"Afaq B\u0259\u015firq\u0131z\u0131n\u0131n o\u011flu m\u0259kt\u0259b direktoru olan g\u0259linini bo\u015fay\u0131r\"}]},{\"@type\":\"WebSite\",\"@id\":\"https:\\\/\\\/ictimai.az\\\/#website\",\"url\":\"https:\\\/\\\/ictimai.az\\\/\",\"name\":\"\u0130CT\u0130MA\u0130.AZ\",\"description\":\"\",\"publisher\":{\"@id\":\"https:\\\/\\\/ictimai.az\\\/#organization\"},\"potentialAction\":[{\"@type\":\"SearchAction\",\"target\":{\"@type\":\"EntryPoint\",\"urlTemplate\":\"https:\\\/\\\/ictimai.az\\\/?s={search_term_string}\"},\"query-input\":{\"@type\":\"PropertyValueSpecification\",\"valueRequired\":true,\"valueName\":\"search_term_string\"}}],\"inLanguage\":\"az\"},{\"@type\":\"Organization\",\"@id\":\"https:\\\/\\\/ictimai.az\\\/#organization\",\"name\":\"\u0130CT\u0130MA\u0130.AZ\",\"url\":\"https:\\\/\\\/ictimai.az\\\/\",\"logo\":{\"@type\":\"ImageObject\",\"inLanguage\":\"az\",\"@id\":\"https:\\\/\\\/ictimai.az\\\/#\\\/schema\\\/logo\\\/image\\\/\",\"url\":\"https:\\\/\\\/ictimai.az\\\/core\\\/uploads\\\/2026\\\/06\\\/cropped-ictimai_0380d81099c6fe3baae753faceb5481f_p41rg2mzq0uyvextfh3k-768x768-1-3.png\",\"contentUrl\":\"https:\\\/\\\/ictimai.az\\\/core\\\/uploads\\\/2026\\\/06\\\/cropped-ictimai_0380d81099c6fe3baae753faceb5481f_p41rg2mzq0uyvextfh3k-768x768-1-3.png\",\"width\":768,\"height\":768,\"caption\":\"\u0130CT\u0130MA\u0130.AZ\"},\"image\":{\"@id\":\"https:\\\/\\\/ictimai.az\\\/#\\\/schema\\\/logo\\\/image\\\/\"}},{\"@type\":\"Person\",\"@id\":\"https:\\\/\\\/ictimai.az\\\/#\\\/schema\\\/person\\\/1da94bf2c7ab5d83ad349237bec1e6af\",\"name\":\"R\u0259\u015fad Bayramov\",\"image\":{\"@type\":\"ImageObject\",\"inLanguage\":\"az\",\"@id\":\"https:\\\/\\\/secure.gravatar.com\\\/avatar\\\/83c075605ba0a4d35d59726aaad89cfa8008d1f01603342c56f1dd79784491bc?s=96&d=mm&r=g\",\"url\":\"https:\\\/\\\/secure.gravatar.com\\\/avatar\\\/83c075605ba0a4d35d59726aaad89cfa8008d1f01603342c56f1dd79784491bc?s=96&d=mm&r=g\",\"contentUrl\":\"https:\\\/\\\/secure.gravatar.com\\\/avatar\\\/83c075605ba0a4d35d59726aaad89cfa8008d1f01603342c56f1dd79784491bc?s=96&d=mm&r=g\",\"caption\":\"R\u0259\u015fad Bayramov\"},\"sameAs\":[\"https:\\\/\\\/ictimai.az\\\/\"],\"url\":\"https:\\\/\\\/ictimai.az\\\/?author=2\"}]}<\/script>\n<!-- \/ Yoast SEO plugin. -->","yoast_head_json":{"title":"Afaq B\u0259\u015firq\u0131z\u0131n\u0131n o\u011flu m\u0259kt\u0259b direktoru olan g\u0259linini bo\u015fay\u0131r - \u0130CT\u0130MA\u0130.AZ","robots":{"index":"index","follow":"follow","max-snippet":"max-snippet:-1","max-image-preview":"max-image-preview:large","max-video-preview":"max-video-preview:-1"},"canonical":"https:\/\/ictimai.az\/?p=5666","og_locale":"az_AZ","og_type":"article","og_title":"Afaq B\u0259\u015firq\u0131z\u0131n\u0131n o\u011flu m\u0259kt\u0259b direktoru olan g\u0259linini bo\u015fay\u0131r - \u0130CT\u0130MA\u0130.AZ","og_description":"Afaq B\u0259\u015firq\u0131z\u0131n\u0131n o\u011flu m\u0259kt\u0259b direktoru olan g\u0259linini bo\u015fay\u0131r. Unikal.org-un\u00a0\u0259ld\u0259 etdiyi m\u0259lumata g\u00f6r\u0259, xalq artistinin o\u011flu T\u0259hm\u0259zov S\u0259mral \u018fhm\u0259d o\u011flu nikah\u0131n pozulmas\u0131 il\u0259 ba\u011fl\u0131 Yasamal Rayon M\u0259hk\u0259m\u0259sin\u0259 m\u00fcraci\u0259t edib. M\u0259hk\u0259m\u0259 prosesinin haz\u0131rl\u0131q iclas\u0131 sentyabr ay\u0131n\u0131n 16-da hakim Orxan M\u0259mm\u0259dlinin s\u0259drliyi il\u0259 ke\u00e7iril\u0259c\u0259k. Cavabdeh qismind\u0259 T\u0259hm\u0259zova K\u00f6n\u00fcl Arif q\u0131z\u0131 tan\u0131n\u0131b. Xat\u0131rladaq ki, \u00f6t\u0259n ay\u0131n 14-d\u0259 Bak\u0131da 7 [&hellip;]","og_url":"https:\/\/ictimai.az\/?p=5666","og_site_name":"\u0130CT\u0130MA\u0130.AZ","article_published_time":"2020-09-13T08:01:07+00:00","article_modified_time":"2020-09-14T21:17:16+00:00","og_image":[{"width":600,"height":400,"url":"https:\/\/ictimai.az\/core\/uploads\/2020\/09\/ictimai_865ffcc8cc0a53bcf22c14f3819f1582_o1pe5y2wm3nlx7gkus0z.jpg","type":"image\/jpeg"}],"author":"R\u0259\u015fad Bayramov","twitter_card":"summary_large_image","twitter_misc":{"Written by":"R\u0259\u015fad Bayramov","Est. reading time":"1 minute"},"schema":{"@context":"https:\/\/schema.org","@graph":[{"@type":"Article","@id":"https:\/\/ictimai.az\/?p=5666#article","isPartOf":{"@id":"https:\/\/ictimai.az\/?p=5666"},"author":{"name":"R\u0259\u015fad Bayramov","@id":"https:\/\/ictimai.az\/#\/schema\/person\/1da94bf2c7ab5d83ad349237bec1e6af"},"headline":"Afaq B\u0259\u015firq\u0131z\u0131n\u0131n o\u011flu m\u0259kt\u0259b direktoru olan g\u0259linini bo\u015fay\u0131r","datePublished":"2020-09-13T08:01:07+00:00","dateModified":"2020-09-14T21:17:16+00:00","mainEntityOfPage":{"@id":"https:\/\/ictimai.az\/?p=5666"},"wordCount":191,"publisher":{"@id":"https:\/\/ictimai.az\/#organization"},"image":{"@id":"https:\/\/ictimai.az\/?p=5666#primaryimage"},"thumbnailUrl":"https:\/\/ictimai.az\/core\/uploads\/2020\/09\/ictimai_865ffcc8cc0a53bcf22c14f3819f1582_o1pe5y2wm3nlx7gkus0z.jpg","articleSection":["G\u00fcnd\u0259m"],"inLanguage":"az"},{"@type":"WebPage","@id":"https:\/\/ictimai.az\/?p=5666","url":"https:\/\/ictimai.az\/?p=5666","name":"Afaq B\u0259\u015firq\u0131z\u0131n\u0131n o\u011flu m\u0259kt\u0259b direktoru olan g\u0259linini bo\u015fay\u0131r - \u0130CT\u0130MA\u0130.AZ","isPartOf":{"@id":"https:\/\/ictimai.az\/#website"},"primaryImageOfPage":{"@id":"https:\/\/ictimai.az\/?p=5666#primaryimage"},"image":{"@id":"https:\/\/ictimai.az\/?p=5666#primaryimage"},"thumbnailUrl":"https:\/\/ictimai.az\/core\/uploads\/2020\/09\/ictimai_865ffcc8cc0a53bcf22c14f3819f1582_o1pe5y2wm3nlx7gkus0z.jpg","datePublished":"2020-09-13T08:01:07+00:00","dateModified":"2020-09-14T21:17:16+00:00","breadcrumb":{"@id":"https:\/\/ictimai.az\/?p=5666#breadcrumb"},"inLanguage":"az","potentialAction":[{"@type":"ReadAction","target":["https:\/\/ictimai.az\/?p=5666"]}]},{"@type":"ImageObject","inLanguage":"az","@id":"https:\/\/ictimai.az\/?p=5666#primaryimage","url":"https:\/\/ictimai.az\/core\/uploads\/2020\/09\/ictimai_865ffcc8cc0a53bcf22c14f3819f1582_o1pe5y2wm3nlx7gkus0z.jpg","contentUrl":"https:\/\/ictimai.az\/core\/uploads\/2020\/09\/ictimai_865ffcc8cc0a53bcf22c14f3819f1582_o1pe5y2wm3nlx7gkus0z.jpg","width":600,"height":400},{"@type":"BreadcrumbList","@id":"https:\/\/ictimai.az\/?p=5666#breadcrumb","itemListElement":[{"@type":"ListItem","position":1,"name":"Home","item":"https:\/\/ictimai.az\/"},{"@type":"ListItem","position":2,"name":"Afaq B\u0259\u015firq\u0131z\u0131n\u0131n o\u011flu m\u0259kt\u0259b direktoru olan g\u0259linini bo\u015fay\u0131r"}]},{"@type":"WebSite","@id":"https:\/\/ictimai.az\/#website","url":"https:\/\/ictimai.az\/","name":"\u0130CT\u0130MA\u0130.AZ","description":"","publisher":{"@id":"https:\/\/ictimai.az\/#organization"},"potentialAction":[{"@type":"SearchAction","target":{"@type":"EntryPoint","urlTemplate":"https:\/\/ictimai.az\/?s={search_term_string}"},"query-input":{"@type":"PropertyValueSpecification","valueRequired":true,"valueName":"search_term_string"}}],"inLanguage":"az"},{"@type":"Organization","@id":"https:\/\/ictimai.az\/#organization","name":"\u0130CT\u0130MA\u0130.AZ","url":"https:\/\/ictimai.az\/","logo":{"@type":"ImageObject","inLanguage":"az","@id":"https:\/\/ictimai.az\/#\/schema\/logo\/image\/","url":"https:\/\/ictimai.az\/core\/uploads\/2026\/06\/cropped-ictimai_0380d81099c6fe3baae753faceb5481f_p41rg2mzq0uyvextfh3k-768x768-1-3.png","contentUrl":"https:\/\/ictimai.az\/core\/uploads\/2026\/06\/cropped-ictimai_0380d81099c6fe3baae753faceb5481f_p41rg2mzq0uyvextfh3k-768x768-1-3.png","width":768,"height":768,"caption":"\u0130CT\u0130MA\u0130.AZ"},"image":{"@id":"https:\/\/ictimai.az\/#\/schema\/logo\/image\/"}},{"@type":"Person","@id":"https:\/\/ictimai.az\/#\/schema\/person\/1da94bf2c7ab5d83ad349237bec1e6af","name":"R\u0259\u015fad Bayramov","image":{"@type":"ImageObject","inLanguage":"az","@id":"https:\/\/secure.gravatar.com\/avatar\/83c075605ba0a4d35d59726aaad89cfa8008d1f01603342c56f1dd79784491bc?s=96&d=mm&r=g","url":"https:\/\/secure.gravatar.com\/avatar\/83c075605ba0a4d35d59726aaad89cfa8008d1f01603342c56f1dd79784491bc?s=96&d=mm&r=g","contentUrl":"https:\/\/secure.gravatar.com\/avatar\/83c075605ba0a4d35d59726aaad89cfa8008d1f01603342c56f1dd79784491bc?s=96&d=mm&r=g","caption":"R\u0259\u015fad Bayramov"},"sameAs":["https:\/\/ictimai.az\/"],"url":"https:\/\/ictimai.az\/?author=2"}]}},"_links":{"self":[{"href":"https:\/\/ictimai.az\/index.php?rest_route=\/wp\/v2\/posts\/5666","targetHints":{"allow":["GET"]}}],"collection":[{"href":"https:\/\/ictimai.az\/index.php?rest_route=\/wp\/v2\/posts"}],"about":[{"href":"https:\/\/ictimai.az\/index.php?rest_route=\/wp\/v2\/types\/post"}],"author":[{"embeddable":true,"href":"https:\/\/ictimai.az\/index.php?rest_route=\/wp\/v2\/users\/2"}],"replies":[{"embeddable":true,"href":"https:\/\/ictimai.az\/index.php?rest_route=%2Fwp%2Fv2%2Fcomments&post=5666"}],"version-history":[{"count":0,"href":"https:\/\/ictimai.az\/index.php?rest_route=\/wp\/v2\/posts\/5666\/revisions"}],"wp:featuredmedia":[{"embeddable":true,"href":"https:\/\/ictimai.az\/index.php?rest_route=\/wp\/v2\/media\/5667"}],"wp:attachment":[{"href":"https:\/\/ictimai.az\/index.php?rest_route=%2Fwp%2Fv2%2Fmedia&parent=5666"}],"wp:term":[{"taxonomy":"category","embeddable":true,"href":"https:\/\/ictimai.az\/index.php?rest_route=%2Fwp%2Fv2%2Fcategories&post=5666"},{"taxonomy":"post_tag","embeddable":true,"href":"https:\/\/ictimai.az\/index.php?rest_route=%2Fwp%2Fv2%2Ftags&post=5666"}],"curies":[{"name":"wp","href":"https:\/\/api.w.org\/{rel}","templated":true}]}}