{"id":5679,"date":"2020-09-14T13:57:01","date_gmt":"2020-09-14T09:57:01","guid":{"rendered":"https:\/\/ictimai.az\/?p=5679"},"modified":"2020-09-15T01:15:46","modified_gmt":"2020-09-14T21:15:46","slug":"baki-metropoliteninin-idare-reisi-vezifesinden-azad-edildi","status":"publish","type":"post","link":"https:\/\/ictimai.az\/?p=5679","title":{"rendered":"\u201cBak\u0131 Metropoliteni\u201dnin idar\u0259 r\u0259isi v\u0259zif\u0259sind\u0259n azad edildi"},"content":{"rendered":"<p>\u201cBak\u0131 Metropoliteni\u201d QSC-nin 2014-c\u00fc ild\u0259n h\u00fcquq idar\u0259sinin r\u0259isi i\u015fl\u0259y\u0259n Adil Ataki\u015fiyev v\u0259zif\u0259sind\u0259n azad edilib.<\/p>\n<p>\u201cReport\u201d x\u0259b\u0259r verir ki, o, Az\u0259rbaycan H\u0259mkarlar \u0130ttifaqlar\u0131 Konfederasiyas\u0131n\u0131n (AH\u0130K) Elektroenergetika v\u0259 Elektrotexnika S\u0259nayesi \u0130\u015f\u00e7il\u0259ri H\u0259mkarlar \u0130ttifaq\u0131 Respublika Komit\u0259sinin s\u0259dri t\u0259yin olunub.<\/p>\n<p>Bir q\u0259d\u0259r \u0259vv\u0259l is\u0259 metronun \u0130nsan resurslar\u0131 v\u0259 xidm\u0259t departamentinin r\u0259isi T\u0259rlan Dada\u015fov, \u0130nsan resurslar\u0131 \u015f\u00f6b\u0259sinin r\u0259isi \u018fli \u018fliyevin v\u0259zif\u0259l\u0259ri d\u0259yi\u015fdirilib. Bel\u0259 ki, T.Dada\u015fov Aparat r\u0259hb\u0259ri, \u018f.\u018fliyev is\u0259 \u0130nsan resurslar\u0131 v\u0259 layih\u0259l\u0259rin idar\u0259edilm\u0259si departamentinin r\u0259isi v\u0259zif\u0259l\u0259rin\u0259 t\u0259yin edilib.<\/p>\n<p><strong>\u0130ctimai.az\u00a0<\/strong><\/p>\n","protected":false},"excerpt":{"rendered":"<p>\u201cBak\u0131 Metropoliteni\u201d QSC-nin 2014-c\u00fc ild\u0259n h\u00fcquq idar\u0259sinin r\u0259isi i\u015fl\u0259y\u0259n Adil Ataki\u015fiyev v\u0259zif\u0259sind\u0259n azad edilib. \u201cReport\u201d x\u0259b\u0259r verir ki, o, Az\u0259rbaycan H\u0259mkarlar \u0130ttifaqlar\u0131 Konfederasiyas\u0131n\u0131n (AH\u0130K) Elektroenergetika v\u0259 Elektrotexnika S\u0259nayesi \u0130\u015f\u00e7il\u0259ri H\u0259mkarlar \u0130ttifaq\u0131 Respublika Komit\u0259sinin s\u0259dri t\u0259yin olunub. Bir q\u0259d\u0259r \u0259vv\u0259l is\u0259 metronun \u0130nsan resurslar\u0131 v\u0259 xidm\u0259t departamentinin r\u0259isi T\u0259rlan Dada\u015fov, \u0130nsan resurslar\u0131 \u015f\u00f6b\u0259sinin r\u0259isi \u018fli \u018fliyevin [&hellip;]<\/p>\n","protected":false},"author":2,"featured_media":5680,"comment_status":"closed","ping_status":"closed","sticky":false,"template":"","format":"standard","meta":{"footnotes":""},"categories":[2],"tags":[],"class_list":["post-5679","post","type-post","status-publish","format-standard","has-post-thumbnail","hentry","category-trend"],"yoast_head":"<!-- This site is optimized with the Yoast SEO plugin v28.2 - https:\/\/yoast.com\/product\/yoast-seo-wordpress\/ -->\n<title>\u201cBak\u0131 Metropoliteni\u201dnin idar\u0259 r\u0259isi v\u0259zif\u0259sind\u0259n azad edildi - \u0130CT\u0130MA\u0130.AZ<\/title>\n<meta name=\"robots\" content=\"index, follow, max-snippet:-1, max-image-preview:large, max-video-preview:-1\" \/>\n<link rel=\"canonical\" href=\"https:\/\/ictimai.az\/?p=5679\" \/>\n<meta property=\"og:locale\" content=\"az_AZ\" \/>\n<meta property=\"og:type\" content=\"article\" \/>\n<meta property=\"og:title\" content=\"\u201cBak\u0131 Metropoliteni\u201dnin idar\u0259 r\u0259isi v\u0259zif\u0259sind\u0259n azad edildi - \u0130CT\u0130MA\u0130.AZ\" \/>\n<meta property=\"og:description\" content=\"\u201cBak\u0131 Metropoliteni\u201d QSC-nin 2014-c\u00fc ild\u0259n h\u00fcquq idar\u0259sinin r\u0259isi i\u015fl\u0259y\u0259n Adil Ataki\u015fiyev v\u0259zif\u0259sind\u0259n azad edilib. \u201cReport\u201d x\u0259b\u0259r verir ki, o, Az\u0259rbaycan H\u0259mkarlar \u0130ttifaqlar\u0131 Konfederasiyas\u0131n\u0131n (AH\u0130K) Elektroenergetika v\u0259 Elektrotexnika S\u0259nayesi \u0130\u015f\u00e7il\u0259ri H\u0259mkarlar \u0130ttifaq\u0131 Respublika Komit\u0259sinin s\u0259dri t\u0259yin olunub. Bir q\u0259d\u0259r \u0259vv\u0259l is\u0259 metronun \u0130nsan resurslar\u0131 v\u0259 xidm\u0259t departamentinin r\u0259isi T\u0259rlan Dada\u015fov, \u0130nsan resurslar\u0131 \u015f\u00f6b\u0259sinin r\u0259isi \u018fli \u018fliyevin [&hellip;]\" \/>\n<meta property=\"og:url\" content=\"https:\/\/ictimai.az\/?p=5679\" \/>\n<meta property=\"og:site_name\" content=\"\u0130CT\u0130MA\u0130.AZ\" \/>\n<meta property=\"article:published_time\" content=\"2020-09-14T09:57:01+00:00\" \/>\n<meta property=\"article:modified_time\" content=\"2020-09-14T21:15:46+00:00\" \/>\n<meta property=\"og:image\" content=\"https:\/\/ictimai.az\/core\/uploads\/2020\/09\/ictimai_3a9012d443af5ada91644ab7c41c164e_pzusfbh9wx147o5njgqy.jpg\" \/>\n\t<meta property=\"og:image:width\" content=\"620\" \/>\n\t<meta property=\"og:image:height\" content=\"387\" \/>\n\t<meta property=\"og:image:type\" content=\"image\/jpeg\" \/>\n<meta name=\"author\" content=\"R\u0259\u015fad Bayramov\" \/>\n<meta name=\"twitter:card\" content=\"summary_large_image\" \/>\n<meta name=\"twitter:label1\" content=\"Written by\" \/>\n\t<meta name=\"twitter:data1\" content=\"R\u0259\u015fad Bayramov\" \/>\n\t<meta name=\"twitter:label2\" content=\"Est. reading time\" \/>\n\t<meta name=\"twitter:data2\" content=\"1 minute\" \/>\n<script type=\"application\/ld+json\" class=\"yoast-schema-graph\">{\"@context\":\"https:\\\/\\\/schema.org\",\"@graph\":[{\"@type\":\"Article\",\"@id\":\"https:\\\/\\\/ictimai.az\\\/?p=5679#article\",\"isPartOf\":{\"@id\":\"https:\\\/\\\/ictimai.az\\\/?p=5679\"},\"author\":{\"name\":\"R\u0259\u015fad Bayramov\",\"@id\":\"https:\\\/\\\/ictimai.az\\\/#\\\/schema\\\/person\\\/1da94bf2c7ab5d83ad349237bec1e6af\"},\"headline\":\"\u201cBak\u0131 Metropoliteni\u201dnin idar\u0259 r\u0259isi v\u0259zif\u0259sind\u0259n azad edildi\",\"datePublished\":\"2020-09-14T09:57:01+00:00\",\"dateModified\":\"2020-09-14T21:15:46+00:00\",\"mainEntityOfPage\":{\"@id\":\"https:\\\/\\\/ictimai.az\\\/?p=5679\"},\"wordCount\":139,\"publisher\":{\"@id\":\"https:\\\/\\\/ictimai.az\\\/#organization\"},\"image\":{\"@id\":\"https:\\\/\\\/ictimai.az\\\/?p=5679#primaryimage\"},\"thumbnailUrl\":\"https:\\\/\\\/ictimai.az\\\/core\\\/uploads\\\/2020\\\/09\\\/ictimai_3a9012d443af5ada91644ab7c41c164e_pzusfbh9wx147o5njgqy.jpg\",\"articleSection\":[\"G\u00fcnd\u0259m\"],\"inLanguage\":\"az\"},{\"@type\":\"WebPage\",\"@id\":\"https:\\\/\\\/ictimai.az\\\/?p=5679\",\"url\":\"https:\\\/\\\/ictimai.az\\\/?p=5679\",\"name\":\"\u201cBak\u0131 Metropoliteni\u201dnin idar\u0259 r\u0259isi v\u0259zif\u0259sind\u0259n azad edildi - \u0130CT\u0130MA\u0130.AZ\",\"isPartOf\":{\"@id\":\"https:\\\/\\\/ictimai.az\\\/#website\"},\"primaryImageOfPage\":{\"@id\":\"https:\\\/\\\/ictimai.az\\\/?p=5679#primaryimage\"},\"image\":{\"@id\":\"https:\\\/\\\/ictimai.az\\\/?p=5679#primaryimage\"},\"thumbnailUrl\":\"https:\\\/\\\/ictimai.az\\\/core\\\/uploads\\\/2020\\\/09\\\/ictimai_3a9012d443af5ada91644ab7c41c164e_pzusfbh9wx147o5njgqy.jpg\",\"datePublished\":\"2020-09-14T09:57:01+00:00\",\"dateModified\":\"2020-09-14T21:15:46+00:00\",\"breadcrumb\":{\"@id\":\"https:\\\/\\\/ictimai.az\\\/?p=5679#breadcrumb\"},\"inLanguage\":\"az\",\"potentialAction\":[{\"@type\":\"ReadAction\",\"target\":[\"https:\\\/\\\/ictimai.az\\\/?p=5679\"]}]},{\"@type\":\"ImageObject\",\"inLanguage\":\"az\",\"@id\":\"https:\\\/\\\/ictimai.az\\\/?p=5679#primaryimage\",\"url\":\"https:\\\/\\\/ictimai.az\\\/core\\\/uploads\\\/2020\\\/09\\\/ictimai_3a9012d443af5ada91644ab7c41c164e_pzusfbh9wx147o5njgqy.jpg\",\"contentUrl\":\"https:\\\/\\\/ictimai.az\\\/core\\\/uploads\\\/2020\\\/09\\\/ictimai_3a9012d443af5ada91644ab7c41c164e_pzusfbh9wx147o5njgqy.jpg\",\"width\":620,\"height\":387},{\"@type\":\"BreadcrumbList\",\"@id\":\"https:\\\/\\\/ictimai.az\\\/?p=5679#breadcrumb\",\"itemListElement\":[{\"@type\":\"ListItem\",\"position\":1,\"name\":\"Home\",\"item\":\"https:\\\/\\\/ictimai.az\\\/\"},{\"@type\":\"ListItem\",\"position\":2,\"name\":\"\u201cBak\u0131 Metropoliteni\u201dnin idar\u0259 r\u0259isi v\u0259zif\u0259sind\u0259n azad edildi\"}]},{\"@type\":\"WebSite\",\"@id\":\"https:\\\/\\\/ictimai.az\\\/#website\",\"url\":\"https:\\\/\\\/ictimai.az\\\/\",\"name\":\"\u0130CT\u0130MA\u0130.AZ\",\"description\":\"\",\"publisher\":{\"@id\":\"https:\\\/\\\/ictimai.az\\\/#organization\"},\"potentialAction\":[{\"@type\":\"SearchAction\",\"target\":{\"@type\":\"EntryPoint\",\"urlTemplate\":\"https:\\\/\\\/ictimai.az\\\/?s={search_term_string}\"},\"query-input\":{\"@type\":\"PropertyValueSpecification\",\"valueRequired\":true,\"valueName\":\"search_term_string\"}}],\"inLanguage\":\"az\"},{\"@type\":\"Organization\",\"@id\":\"https:\\\/\\\/ictimai.az\\\/#organization\",\"name\":\"\u0130CT\u0130MA\u0130.AZ\",\"url\":\"https:\\\/\\\/ictimai.az\\\/\",\"logo\":{\"@type\":\"ImageObject\",\"inLanguage\":\"az\",\"@id\":\"https:\\\/\\\/ictimai.az\\\/#\\\/schema\\\/logo\\\/image\\\/\",\"url\":\"https:\\\/\\\/ictimai.az\\\/core\\\/uploads\\\/2026\\\/06\\\/cropped-ictimai_0380d81099c6fe3baae753faceb5481f_p41rg2mzq0uyvextfh3k-768x768-1-3.png\",\"contentUrl\":\"https:\\\/\\\/ictimai.az\\\/core\\\/uploads\\\/2026\\\/06\\\/cropped-ictimai_0380d81099c6fe3baae753faceb5481f_p41rg2mzq0uyvextfh3k-768x768-1-3.png\",\"width\":768,\"height\":768,\"caption\":\"\u0130CT\u0130MA\u0130.AZ\"},\"image\":{\"@id\":\"https:\\\/\\\/ictimai.az\\\/#\\\/schema\\\/logo\\\/image\\\/\"}},{\"@type\":\"Person\",\"@id\":\"https:\\\/\\\/ictimai.az\\\/#\\\/schema\\\/person\\\/1da94bf2c7ab5d83ad349237bec1e6af\",\"name\":\"R\u0259\u015fad Bayramov\",\"image\":{\"@type\":\"ImageObject\",\"inLanguage\":\"az\",\"@id\":\"https:\\\/\\\/secure.gravatar.com\\\/avatar\\\/83c075605ba0a4d35d59726aaad89cfa8008d1f01603342c56f1dd79784491bc?s=96&d=mm&r=g\",\"url\":\"https:\\\/\\\/secure.gravatar.com\\\/avatar\\\/83c075605ba0a4d35d59726aaad89cfa8008d1f01603342c56f1dd79784491bc?s=96&d=mm&r=g\",\"contentUrl\":\"https:\\\/\\\/secure.gravatar.com\\\/avatar\\\/83c075605ba0a4d35d59726aaad89cfa8008d1f01603342c56f1dd79784491bc?s=96&d=mm&r=g\",\"caption\":\"R\u0259\u015fad Bayramov\"},\"sameAs\":[\"https:\\\/\\\/ictimai.az\\\/\"],\"url\":\"https:\\\/\\\/ictimai.az\\\/?author=2\"}]}<\/script>\n<!-- \/ Yoast SEO plugin. -->","yoast_head_json":{"title":"\u201cBak\u0131 Metropoliteni\u201dnin idar\u0259 r\u0259isi v\u0259zif\u0259sind\u0259n azad edildi - \u0130CT\u0130MA\u0130.AZ","robots":{"index":"index","follow":"follow","max-snippet":"max-snippet:-1","max-image-preview":"max-image-preview:large","max-video-preview":"max-video-preview:-1"},"canonical":"https:\/\/ictimai.az\/?p=5679","og_locale":"az_AZ","og_type":"article","og_title":"\u201cBak\u0131 Metropoliteni\u201dnin idar\u0259 r\u0259isi v\u0259zif\u0259sind\u0259n azad edildi - \u0130CT\u0130MA\u0130.AZ","og_description":"\u201cBak\u0131 Metropoliteni\u201d QSC-nin 2014-c\u00fc ild\u0259n h\u00fcquq idar\u0259sinin r\u0259isi i\u015fl\u0259y\u0259n Adil Ataki\u015fiyev v\u0259zif\u0259sind\u0259n azad edilib. \u201cReport\u201d x\u0259b\u0259r verir ki, o, Az\u0259rbaycan H\u0259mkarlar \u0130ttifaqlar\u0131 Konfederasiyas\u0131n\u0131n (AH\u0130K) Elektroenergetika v\u0259 Elektrotexnika S\u0259nayesi \u0130\u015f\u00e7il\u0259ri H\u0259mkarlar \u0130ttifaq\u0131 Respublika Komit\u0259sinin s\u0259dri t\u0259yin olunub. Bir q\u0259d\u0259r \u0259vv\u0259l is\u0259 metronun \u0130nsan resurslar\u0131 v\u0259 xidm\u0259t departamentinin r\u0259isi T\u0259rlan Dada\u015fov, \u0130nsan resurslar\u0131 \u015f\u00f6b\u0259sinin r\u0259isi \u018fli \u018fliyevin [&hellip;]","og_url":"https:\/\/ictimai.az\/?p=5679","og_site_name":"\u0130CT\u0130MA\u0130.AZ","article_published_time":"2020-09-14T09:57:01+00:00","article_modified_time":"2020-09-14T21:15:46+00:00","og_image":[{"width":620,"height":387,"url":"https:\/\/ictimai.az\/core\/uploads\/2020\/09\/ictimai_3a9012d443af5ada91644ab7c41c164e_pzusfbh9wx147o5njgqy.jpg","type":"image\/jpeg"}],"author":"R\u0259\u015fad Bayramov","twitter_card":"summary_large_image","twitter_misc":{"Written by":"R\u0259\u015fad Bayramov","Est. reading time":"1 minute"},"schema":{"@context":"https:\/\/schema.org","@graph":[{"@type":"Article","@id":"https:\/\/ictimai.az\/?p=5679#article","isPartOf":{"@id":"https:\/\/ictimai.az\/?p=5679"},"author":{"name":"R\u0259\u015fad Bayramov","@id":"https:\/\/ictimai.az\/#\/schema\/person\/1da94bf2c7ab5d83ad349237bec1e6af"},"headline":"\u201cBak\u0131 Metropoliteni\u201dnin idar\u0259 r\u0259isi v\u0259zif\u0259sind\u0259n azad edildi","datePublished":"2020-09-14T09:57:01+00:00","dateModified":"2020-09-14T21:15:46+00:00","mainEntityOfPage":{"@id":"https:\/\/ictimai.az\/?p=5679"},"wordCount":139,"publisher":{"@id":"https:\/\/ictimai.az\/#organization"},"image":{"@id":"https:\/\/ictimai.az\/?p=5679#primaryimage"},"thumbnailUrl":"https:\/\/ictimai.az\/core\/uploads\/2020\/09\/ictimai_3a9012d443af5ada91644ab7c41c164e_pzusfbh9wx147o5njgqy.jpg","articleSection":["G\u00fcnd\u0259m"],"inLanguage":"az"},{"@type":"WebPage","@id":"https:\/\/ictimai.az\/?p=5679","url":"https:\/\/ictimai.az\/?p=5679","name":"\u201cBak\u0131 Metropoliteni\u201dnin idar\u0259 r\u0259isi v\u0259zif\u0259sind\u0259n azad edildi - \u0130CT\u0130MA\u0130.AZ","isPartOf":{"@id":"https:\/\/ictimai.az\/#website"},"primaryImageOfPage":{"@id":"https:\/\/ictimai.az\/?p=5679#primaryimage"},"image":{"@id":"https:\/\/ictimai.az\/?p=5679#primaryimage"},"thumbnailUrl":"https:\/\/ictimai.az\/core\/uploads\/2020\/09\/ictimai_3a9012d443af5ada91644ab7c41c164e_pzusfbh9wx147o5njgqy.jpg","datePublished":"2020-09-14T09:57:01+00:00","dateModified":"2020-09-14T21:15:46+00:00","breadcrumb":{"@id":"https:\/\/ictimai.az\/?p=5679#breadcrumb"},"inLanguage":"az","potentialAction":[{"@type":"ReadAction","target":["https:\/\/ictimai.az\/?p=5679"]}]},{"@type":"ImageObject","inLanguage":"az","@id":"https:\/\/ictimai.az\/?p=5679#primaryimage","url":"https:\/\/ictimai.az\/core\/uploads\/2020\/09\/ictimai_3a9012d443af5ada91644ab7c41c164e_pzusfbh9wx147o5njgqy.jpg","contentUrl":"https:\/\/ictimai.az\/core\/uploads\/2020\/09\/ictimai_3a9012d443af5ada91644ab7c41c164e_pzusfbh9wx147o5njgqy.jpg","width":620,"height":387},{"@type":"BreadcrumbList","@id":"https:\/\/ictimai.az\/?p=5679#breadcrumb","itemListElement":[{"@type":"ListItem","position":1,"name":"Home","item":"https:\/\/ictimai.az\/"},{"@type":"ListItem","position":2,"name":"\u201cBak\u0131 Metropoliteni\u201dnin idar\u0259 r\u0259isi v\u0259zif\u0259sind\u0259n azad edildi"}]},{"@type":"WebSite","@id":"https:\/\/ictimai.az\/#website","url":"https:\/\/ictimai.az\/","name":"\u0130CT\u0130MA\u0130.AZ","description":"","publisher":{"@id":"https:\/\/ictimai.az\/#organization"},"potentialAction":[{"@type":"SearchAction","target":{"@type":"EntryPoint","urlTemplate":"https:\/\/ictimai.az\/?s={search_term_string}"},"query-input":{"@type":"PropertyValueSpecification","valueRequired":true,"valueName":"search_term_string"}}],"inLanguage":"az"},{"@type":"Organization","@id":"https:\/\/ictimai.az\/#organization","name":"\u0130CT\u0130MA\u0130.AZ","url":"https:\/\/ictimai.az\/","logo":{"@type":"ImageObject","inLanguage":"az","@id":"https:\/\/ictimai.az\/#\/schema\/logo\/image\/","url":"https:\/\/ictimai.az\/core\/uploads\/2026\/06\/cropped-ictimai_0380d81099c6fe3baae753faceb5481f_p41rg2mzq0uyvextfh3k-768x768-1-3.png","contentUrl":"https:\/\/ictimai.az\/core\/uploads\/2026\/06\/cropped-ictimai_0380d81099c6fe3baae753faceb5481f_p41rg2mzq0uyvextfh3k-768x768-1-3.png","width":768,"height":768,"caption":"\u0130CT\u0130MA\u0130.AZ"},"image":{"@id":"https:\/\/ictimai.az\/#\/schema\/logo\/image\/"}},{"@type":"Person","@id":"https:\/\/ictimai.az\/#\/schema\/person\/1da94bf2c7ab5d83ad349237bec1e6af","name":"R\u0259\u015fad Bayramov","image":{"@type":"ImageObject","inLanguage":"az","@id":"https:\/\/secure.gravatar.com\/avatar\/83c075605ba0a4d35d59726aaad89cfa8008d1f01603342c56f1dd79784491bc?s=96&d=mm&r=g","url":"https:\/\/secure.gravatar.com\/avatar\/83c075605ba0a4d35d59726aaad89cfa8008d1f01603342c56f1dd79784491bc?s=96&d=mm&r=g","contentUrl":"https:\/\/secure.gravatar.com\/avatar\/83c075605ba0a4d35d59726aaad89cfa8008d1f01603342c56f1dd79784491bc?s=96&d=mm&r=g","caption":"R\u0259\u015fad Bayramov"},"sameAs":["https:\/\/ictimai.az\/"],"url":"https:\/\/ictimai.az\/?author=2"}]}},"_links":{"self":[{"href":"https:\/\/ictimai.az\/index.php?rest_route=\/wp\/v2\/posts\/5679","targetHints":{"allow":["GET"]}}],"collection":[{"href":"https:\/\/ictimai.az\/index.php?rest_route=\/wp\/v2\/posts"}],"about":[{"href":"https:\/\/ictimai.az\/index.php?rest_route=\/wp\/v2\/types\/post"}],"author":[{"embeddable":true,"href":"https:\/\/ictimai.az\/index.php?rest_route=\/wp\/v2\/users\/2"}],"replies":[{"embeddable":true,"href":"https:\/\/ictimai.az\/index.php?rest_route=%2Fwp%2Fv2%2Fcomments&post=5679"}],"version-history":[{"count":0,"href":"https:\/\/ictimai.az\/index.php?rest_route=\/wp\/v2\/posts\/5679\/revisions"}],"wp:featuredmedia":[{"embeddable":true,"href":"https:\/\/ictimai.az\/index.php?rest_route=\/wp\/v2\/media\/5680"}],"wp:attachment":[{"href":"https:\/\/ictimai.az\/index.php?rest_route=%2Fwp%2Fv2%2Fmedia&parent=5679"}],"wp:term":[{"taxonomy":"category","embeddable":true,"href":"https:\/\/ictimai.az\/index.php?rest_route=%2Fwp%2Fv2%2Fcategories&post=5679"},{"taxonomy":"post_tag","embeddable":true,"href":"https:\/\/ictimai.az\/index.php?rest_route=%2Fwp%2Fv2%2Ftags&post=5679"}],"curies":[{"name":"wp","href":"https:\/\/api.w.org\/{rel}","templated":true}]}}