{"id":59415,"date":"2024-10-31T09:34:57","date_gmt":"2024-10-31T05:34:57","guid":{"rendered":"https:\/\/ictimai.az\/?p=59415"},"modified":"2024-10-31T11:07:41","modified_gmt":"2024-10-31T07:07:41","slug":"kim-cen-in-ballistik-raketin-buraxilmasini-dusmenlere-xeberdarliq-adlandirib","status":"publish","type":"post","link":"https:\/\/ictimai.az\/?p=59415","title":{"rendered":"Kim \u00c7en In ballistik raketin burax\u0131lmas\u0131n\u0131 d\u00fc\u015fm\u0259nl\u0259r\u0259 x\u0259b\u0259rdarl\u0131q adland\u0131r\u0131b"},"content":{"rendered":"<p>\u015eimali Koreya lideri Kim \u00c7en In qit\u0259l\u0259raras\u0131 ballistik raketin burax\u0131l\u0131\u015f\u0131n\u0131 regionda g\u0259rginliyin artmas\u0131 fonunda \u00f6lk\u0259nin t\u0259hl\u00fck\u0259sizliyini t\u0259hdid ed\u0259n d\u00fc\u015fm\u0259nl\u0259r\u0259 x\u0259b\u0259rdarl\u0131q adland\u0131r\u0131b.<\/p>\n<p>Bu bar\u0259d\u0259 \u201cReuters\u201d Koreya M\u0259rk\u0259zi Teleqraf Agentliyin\u0259 (KCNA) istinad\u0259n yaz\u0131r.<\/p>\n<p>S\u0131naqda i\u015ftirak ed\u0259n Kim \u00c7en In deyib ki, bu s\u0131naq \u00f6lk\u0259nin t\u0259hl\u00fck\u0259sizliyini t\u0259hdid ed\u0259n d\u00fc\u015fm\u0259nl\u0259r\u0259 x\u0259b\u0259rdarl\u0131qd\u0131r.<\/p>\n<p>\u201cS\u0131naq son vaxtlar regionda v\u0259ziyy\u0259ti q\u0259sd\u0259n g\u0259rginl\u0259\u015fdir\u0259n v\u0259 respublikam\u0131z\u0131n t\u0259hl\u00fck\u0259sizliyin\u0259 t\u0259hdid yaradan d\u00fc\u015fm\u0259nl\u0259r\u0259 cavab verm\u0259k irad\u0259miz bar\u0259d\u0259 m\u0259lumatland\u0131rmaq m\u0259qs\u0259din\u0259 tam cavab ver\u0259n m\u0259qs\u0259dy\u00f6nl\u00fc h\u0259rbi \u0259m\u0259liyyatd\u0131r\u201d.<\/p>\n","protected":false},"excerpt":{"rendered":"<p>\u015eimali Koreya lideri Kim \u00c7en In qit\u0259l\u0259raras\u0131 ballistik raketin burax\u0131l\u0131\u015f\u0131n\u0131 regionda g\u0259rginliyin artmas\u0131 fonunda \u00f6lk\u0259nin t\u0259hl\u00fck\u0259sizliyini t\u0259hdid ed\u0259n d\u00fc\u015fm\u0259nl\u0259r\u0259 x\u0259b\u0259rdarl\u0131q adland\u0131r\u0131b. Bu bar\u0259d\u0259 \u201cReuters\u201d Koreya M\u0259rk\u0259zi Teleqraf Agentliyin\u0259 (KCNA) istinad\u0259n yaz\u0131r. S\u0131naqda i\u015ftirak ed\u0259n Kim \u00c7en In deyib ki, bu s\u0131naq \u00f6lk\u0259nin t\u0259hl\u00fck\u0259sizliyini t\u0259hdid ed\u0259n d\u00fc\u015fm\u0259nl\u0259r\u0259 x\u0259b\u0259rdarl\u0131qd\u0131r. \u201cS\u0131naq son vaxtlar regionda v\u0259ziyy\u0259ti q\u0259sd\u0259n g\u0259rginl\u0259\u015fdir\u0259n v\u0259 [&hellip;]<\/p>\n","protected":false},"author":2,"featured_media":59416,"comment_status":"closed","ping_status":"closed","sticky":false,"template":"","format":"standard","meta":{"footnotes":""},"categories":[36,15],"tags":[],"class_list":["post-59415","post","type-post","status-publish","format-standard","has-post-thumbnail","hentry","category-media","category-politics"],"yoast_head":"<!-- This site is optimized with the Yoast SEO plugin v28.2 - https:\/\/yoast.com\/product\/yoast-seo-wordpress\/ -->\n<title>Kim \u00c7en In ballistik raketin burax\u0131lmas\u0131n\u0131 d\u00fc\u015fm\u0259nl\u0259r\u0259 x\u0259b\u0259rdarl\u0131q adland\u0131r\u0131b - \u0130CT\u0130MA\u0130.AZ<\/title>\n<meta name=\"robots\" content=\"index, follow, max-snippet:-1, max-image-preview:large, max-video-preview:-1\" \/>\n<link rel=\"canonical\" href=\"https:\/\/ictimai.az\/?p=59415\" \/>\n<meta property=\"og:locale\" content=\"az_AZ\" \/>\n<meta property=\"og:type\" content=\"article\" \/>\n<meta property=\"og:title\" content=\"Kim \u00c7en In ballistik raketin burax\u0131lmas\u0131n\u0131 d\u00fc\u015fm\u0259nl\u0259r\u0259 x\u0259b\u0259rdarl\u0131q adland\u0131r\u0131b - \u0130CT\u0130MA\u0130.AZ\" \/>\n<meta property=\"og:description\" content=\"\u015eimali Koreya lideri Kim \u00c7en In qit\u0259l\u0259raras\u0131 ballistik raketin burax\u0131l\u0131\u015f\u0131n\u0131 regionda g\u0259rginliyin artmas\u0131 fonunda \u00f6lk\u0259nin t\u0259hl\u00fck\u0259sizliyini t\u0259hdid ed\u0259n d\u00fc\u015fm\u0259nl\u0259r\u0259 x\u0259b\u0259rdarl\u0131q adland\u0131r\u0131b. Bu bar\u0259d\u0259 \u201cReuters\u201d Koreya M\u0259rk\u0259zi Teleqraf Agentliyin\u0259 (KCNA) istinad\u0259n yaz\u0131r. S\u0131naqda i\u015ftirak ed\u0259n Kim \u00c7en In deyib ki, bu s\u0131naq \u00f6lk\u0259nin t\u0259hl\u00fck\u0259sizliyini t\u0259hdid ed\u0259n d\u00fc\u015fm\u0259nl\u0259r\u0259 x\u0259b\u0259rdarl\u0131qd\u0131r. \u201cS\u0131naq son vaxtlar regionda v\u0259ziyy\u0259ti q\u0259sd\u0259n g\u0259rginl\u0259\u015fdir\u0259n v\u0259 [&hellip;]\" \/>\n<meta property=\"og:url\" content=\"https:\/\/ictimai.az\/?p=59415\" \/>\n<meta property=\"og:site_name\" content=\"\u0130CT\u0130MA\u0130.AZ\" \/>\n<meta property=\"article:published_time\" content=\"2024-10-31T05:34:57+00:00\" \/>\n<meta property=\"article:modified_time\" content=\"2024-10-31T07:07:41+00:00\" \/>\n<meta property=\"og:image\" content=\"https:\/\/ictimai.az\/core\/uploads\/2024\/10\/ictimai_2a67e51f1b9acd621fd5f51e5f201527_e86247shvkfor1zqiu5m.jpg\" \/>\n\t<meta property=\"og:image:width\" content=\"895\" \/>\n\t<meta property=\"og:image:height\" content=\"505\" \/>\n\t<meta property=\"og:image:type\" content=\"image\/jpeg\" \/>\n<meta name=\"author\" content=\"R\u0259\u015fad Bayramov\" \/>\n<meta name=\"twitter:card\" content=\"summary_large_image\" \/>\n<meta name=\"twitter:label1\" content=\"Written by\" \/>\n\t<meta name=\"twitter:data1\" content=\"R\u0259\u015fad Bayramov\" \/>\n\t<meta name=\"twitter:label2\" content=\"Est. reading time\" \/>\n\t<meta name=\"twitter:data2\" content=\"1 minute\" \/>\n<script type=\"application\/ld+json\" class=\"yoast-schema-graph\">{\"@context\":\"https:\\\/\\\/schema.org\",\"@graph\":[{\"@type\":\"Article\",\"@id\":\"https:\\\/\\\/ictimai.az\\\/?p=59415#article\",\"isPartOf\":{\"@id\":\"https:\\\/\\\/ictimai.az\\\/?p=59415\"},\"author\":{\"name\":\"R\u0259\u015fad Bayramov\",\"@id\":\"https:\\\/\\\/ictimai.az\\\/#\\\/schema\\\/person\\\/1da94bf2c7ab5d83ad349237bec1e6af\"},\"headline\":\"Kim \u00c7en In ballistik raketin burax\u0131lmas\u0131n\u0131 d\u00fc\u015fm\u0259nl\u0259r\u0259 x\u0259b\u0259rdarl\u0131q adland\u0131r\u0131b\",\"datePublished\":\"2024-10-31T05:34:57+00:00\",\"dateModified\":\"2024-10-31T07:07:41+00:00\",\"mainEntityOfPage\":{\"@id\":\"https:\\\/\\\/ictimai.az\\\/?p=59415\"},\"wordCount\":163,\"publisher\":{\"@id\":\"https:\\\/\\\/ictimai.az\\\/#organization\"},\"image\":{\"@id\":\"https:\\\/\\\/ictimai.az\\\/?p=59415#primaryimage\"},\"thumbnailUrl\":\"https:\\\/\\\/ictimai.az\\\/core\\\/uploads\\\/2024\\\/10\\\/ictimai_2a67e51f1b9acd621fd5f51e5f201527_e86247shvkfor1zqiu5m.jpg\",\"articleSection\":[\"MED\u0130A\",\"Siyas\u0259t\"],\"inLanguage\":\"az\"},{\"@type\":\"WebPage\",\"@id\":\"https:\\\/\\\/ictimai.az\\\/?p=59415\",\"url\":\"https:\\\/\\\/ictimai.az\\\/?p=59415\",\"name\":\"Kim \u00c7en In ballistik raketin burax\u0131lmas\u0131n\u0131 d\u00fc\u015fm\u0259nl\u0259r\u0259 x\u0259b\u0259rdarl\u0131q adland\u0131r\u0131b - \u0130CT\u0130MA\u0130.AZ\",\"isPartOf\":{\"@id\":\"https:\\\/\\\/ictimai.az\\\/#website\"},\"primaryImageOfPage\":{\"@id\":\"https:\\\/\\\/ictimai.az\\\/?p=59415#primaryimage\"},\"image\":{\"@id\":\"https:\\\/\\\/ictimai.az\\\/?p=59415#primaryimage\"},\"thumbnailUrl\":\"https:\\\/\\\/ictimai.az\\\/core\\\/uploads\\\/2024\\\/10\\\/ictimai_2a67e51f1b9acd621fd5f51e5f201527_e86247shvkfor1zqiu5m.jpg\",\"datePublished\":\"2024-10-31T05:34:57+00:00\",\"dateModified\":\"2024-10-31T07:07:41+00:00\",\"breadcrumb\":{\"@id\":\"https:\\\/\\\/ictimai.az\\\/?p=59415#breadcrumb\"},\"inLanguage\":\"az\",\"potentialAction\":[{\"@type\":\"ReadAction\",\"target\":[\"https:\\\/\\\/ictimai.az\\\/?p=59415\"]}]},{\"@type\":\"ImageObject\",\"inLanguage\":\"az\",\"@id\":\"https:\\\/\\\/ictimai.az\\\/?p=59415#primaryimage\",\"url\":\"https:\\\/\\\/ictimai.az\\\/core\\\/uploads\\\/2024\\\/10\\\/ictimai_2a67e51f1b9acd621fd5f51e5f201527_e86247shvkfor1zqiu5m.jpg\",\"contentUrl\":\"https:\\\/\\\/ictimai.az\\\/core\\\/uploads\\\/2024\\\/10\\\/ictimai_2a67e51f1b9acd621fd5f51e5f201527_e86247shvkfor1zqiu5m.jpg\",\"width\":895,\"height\":505},{\"@type\":\"BreadcrumbList\",\"@id\":\"https:\\\/\\\/ictimai.az\\\/?p=59415#breadcrumb\",\"itemListElement\":[{\"@type\":\"ListItem\",\"position\":1,\"name\":\"Home\",\"item\":\"https:\\\/\\\/ictimai.az\\\/\"},{\"@type\":\"ListItem\",\"position\":2,\"name\":\"Kim \u00c7en In ballistik raketin burax\u0131lmas\u0131n\u0131 d\u00fc\u015fm\u0259nl\u0259r\u0259 x\u0259b\u0259rdarl\u0131q adland\u0131r\u0131b\"}]},{\"@type\":\"WebSite\",\"@id\":\"https:\\\/\\\/ictimai.az\\\/#website\",\"url\":\"https:\\\/\\\/ictimai.az\\\/\",\"name\":\"\u0130CT\u0130MA\u0130.AZ\",\"description\":\"\",\"publisher\":{\"@id\":\"https:\\\/\\\/ictimai.az\\\/#organization\"},\"potentialAction\":[{\"@type\":\"SearchAction\",\"target\":{\"@type\":\"EntryPoint\",\"urlTemplate\":\"https:\\\/\\\/ictimai.az\\\/?s={search_term_string}\"},\"query-input\":{\"@type\":\"PropertyValueSpecification\",\"valueRequired\":true,\"valueName\":\"search_term_string\"}}],\"inLanguage\":\"az\"},{\"@type\":\"Organization\",\"@id\":\"https:\\\/\\\/ictimai.az\\\/#organization\",\"name\":\"\u0130CT\u0130MA\u0130.AZ\",\"url\":\"https:\\\/\\\/ictimai.az\\\/\",\"logo\":{\"@type\":\"ImageObject\",\"inLanguage\":\"az\",\"@id\":\"https:\\\/\\\/ictimai.az\\\/#\\\/schema\\\/logo\\\/image\\\/\",\"url\":\"https:\\\/\\\/ictimai.az\\\/core\\\/uploads\\\/2026\\\/06\\\/cropped-ictimai_0380d81099c6fe3baae753faceb5481f_p41rg2mzq0uyvextfh3k-768x768-1-3.png\",\"contentUrl\":\"https:\\\/\\\/ictimai.az\\\/core\\\/uploads\\\/2026\\\/06\\\/cropped-ictimai_0380d81099c6fe3baae753faceb5481f_p41rg2mzq0uyvextfh3k-768x768-1-3.png\",\"width\":768,\"height\":768,\"caption\":\"\u0130CT\u0130MA\u0130.AZ\"},\"image\":{\"@id\":\"https:\\\/\\\/ictimai.az\\\/#\\\/schema\\\/logo\\\/image\\\/\"}},{\"@type\":\"Person\",\"@id\":\"https:\\\/\\\/ictimai.az\\\/#\\\/schema\\\/person\\\/1da94bf2c7ab5d83ad349237bec1e6af\",\"name\":\"R\u0259\u015fad Bayramov\",\"image\":{\"@type\":\"ImageObject\",\"inLanguage\":\"az\",\"@id\":\"https:\\\/\\\/secure.gravatar.com\\\/avatar\\\/83c075605ba0a4d35d59726aaad89cfa8008d1f01603342c56f1dd79784491bc?s=96&d=mm&r=g\",\"url\":\"https:\\\/\\\/secure.gravatar.com\\\/avatar\\\/83c075605ba0a4d35d59726aaad89cfa8008d1f01603342c56f1dd79784491bc?s=96&d=mm&r=g\",\"contentUrl\":\"https:\\\/\\\/secure.gravatar.com\\\/avatar\\\/83c075605ba0a4d35d59726aaad89cfa8008d1f01603342c56f1dd79784491bc?s=96&d=mm&r=g\",\"caption\":\"R\u0259\u015fad Bayramov\"},\"sameAs\":[\"https:\\\/\\\/ictimai.az\\\/\"],\"url\":\"https:\\\/\\\/ictimai.az\\\/?author=2\"}]}<\/script>\n<!-- \/ Yoast SEO plugin. -->","yoast_head_json":{"title":"Kim \u00c7en In ballistik raketin burax\u0131lmas\u0131n\u0131 d\u00fc\u015fm\u0259nl\u0259r\u0259 x\u0259b\u0259rdarl\u0131q adland\u0131r\u0131b - \u0130CT\u0130MA\u0130.AZ","robots":{"index":"index","follow":"follow","max-snippet":"max-snippet:-1","max-image-preview":"max-image-preview:large","max-video-preview":"max-video-preview:-1"},"canonical":"https:\/\/ictimai.az\/?p=59415","og_locale":"az_AZ","og_type":"article","og_title":"Kim \u00c7en In ballistik raketin burax\u0131lmas\u0131n\u0131 d\u00fc\u015fm\u0259nl\u0259r\u0259 x\u0259b\u0259rdarl\u0131q adland\u0131r\u0131b - \u0130CT\u0130MA\u0130.AZ","og_description":"\u015eimali Koreya lideri Kim \u00c7en In qit\u0259l\u0259raras\u0131 ballistik raketin burax\u0131l\u0131\u015f\u0131n\u0131 regionda g\u0259rginliyin artmas\u0131 fonunda \u00f6lk\u0259nin t\u0259hl\u00fck\u0259sizliyini t\u0259hdid ed\u0259n d\u00fc\u015fm\u0259nl\u0259r\u0259 x\u0259b\u0259rdarl\u0131q adland\u0131r\u0131b. Bu bar\u0259d\u0259 \u201cReuters\u201d Koreya M\u0259rk\u0259zi Teleqraf Agentliyin\u0259 (KCNA) istinad\u0259n yaz\u0131r. S\u0131naqda i\u015ftirak ed\u0259n Kim \u00c7en In deyib ki, bu s\u0131naq \u00f6lk\u0259nin t\u0259hl\u00fck\u0259sizliyini t\u0259hdid ed\u0259n d\u00fc\u015fm\u0259nl\u0259r\u0259 x\u0259b\u0259rdarl\u0131qd\u0131r. \u201cS\u0131naq son vaxtlar regionda v\u0259ziyy\u0259ti q\u0259sd\u0259n g\u0259rginl\u0259\u015fdir\u0259n v\u0259 [&hellip;]","og_url":"https:\/\/ictimai.az\/?p=59415","og_site_name":"\u0130CT\u0130MA\u0130.AZ","article_published_time":"2024-10-31T05:34:57+00:00","article_modified_time":"2024-10-31T07:07:41+00:00","og_image":[{"width":895,"height":505,"url":"https:\/\/ictimai.az\/core\/uploads\/2024\/10\/ictimai_2a67e51f1b9acd621fd5f51e5f201527_e86247shvkfor1zqiu5m.jpg","type":"image\/jpeg"}],"author":"R\u0259\u015fad Bayramov","twitter_card":"summary_large_image","twitter_misc":{"Written by":"R\u0259\u015fad Bayramov","Est. reading time":"1 minute"},"schema":{"@context":"https:\/\/schema.org","@graph":[{"@type":"Article","@id":"https:\/\/ictimai.az\/?p=59415#article","isPartOf":{"@id":"https:\/\/ictimai.az\/?p=59415"},"author":{"name":"R\u0259\u015fad Bayramov","@id":"https:\/\/ictimai.az\/#\/schema\/person\/1da94bf2c7ab5d83ad349237bec1e6af"},"headline":"Kim \u00c7en In ballistik raketin burax\u0131lmas\u0131n\u0131 d\u00fc\u015fm\u0259nl\u0259r\u0259 x\u0259b\u0259rdarl\u0131q adland\u0131r\u0131b","datePublished":"2024-10-31T05:34:57+00:00","dateModified":"2024-10-31T07:07:41+00:00","mainEntityOfPage":{"@id":"https:\/\/ictimai.az\/?p=59415"},"wordCount":163,"publisher":{"@id":"https:\/\/ictimai.az\/#organization"},"image":{"@id":"https:\/\/ictimai.az\/?p=59415#primaryimage"},"thumbnailUrl":"https:\/\/ictimai.az\/core\/uploads\/2024\/10\/ictimai_2a67e51f1b9acd621fd5f51e5f201527_e86247shvkfor1zqiu5m.jpg","articleSection":["MED\u0130A","Siyas\u0259t"],"inLanguage":"az"},{"@type":"WebPage","@id":"https:\/\/ictimai.az\/?p=59415","url":"https:\/\/ictimai.az\/?p=59415","name":"Kim \u00c7en In ballistik raketin burax\u0131lmas\u0131n\u0131 d\u00fc\u015fm\u0259nl\u0259r\u0259 x\u0259b\u0259rdarl\u0131q adland\u0131r\u0131b - \u0130CT\u0130MA\u0130.AZ","isPartOf":{"@id":"https:\/\/ictimai.az\/#website"},"primaryImageOfPage":{"@id":"https:\/\/ictimai.az\/?p=59415#primaryimage"},"image":{"@id":"https:\/\/ictimai.az\/?p=59415#primaryimage"},"thumbnailUrl":"https:\/\/ictimai.az\/core\/uploads\/2024\/10\/ictimai_2a67e51f1b9acd621fd5f51e5f201527_e86247shvkfor1zqiu5m.jpg","datePublished":"2024-10-31T05:34:57+00:00","dateModified":"2024-10-31T07:07:41+00:00","breadcrumb":{"@id":"https:\/\/ictimai.az\/?p=59415#breadcrumb"},"inLanguage":"az","potentialAction":[{"@type":"ReadAction","target":["https:\/\/ictimai.az\/?p=59415"]}]},{"@type":"ImageObject","inLanguage":"az","@id":"https:\/\/ictimai.az\/?p=59415#primaryimage","url":"https:\/\/ictimai.az\/core\/uploads\/2024\/10\/ictimai_2a67e51f1b9acd621fd5f51e5f201527_e86247shvkfor1zqiu5m.jpg","contentUrl":"https:\/\/ictimai.az\/core\/uploads\/2024\/10\/ictimai_2a67e51f1b9acd621fd5f51e5f201527_e86247shvkfor1zqiu5m.jpg","width":895,"height":505},{"@type":"BreadcrumbList","@id":"https:\/\/ictimai.az\/?p=59415#breadcrumb","itemListElement":[{"@type":"ListItem","position":1,"name":"Home","item":"https:\/\/ictimai.az\/"},{"@type":"ListItem","position":2,"name":"Kim \u00c7en In ballistik raketin burax\u0131lmas\u0131n\u0131 d\u00fc\u015fm\u0259nl\u0259r\u0259 x\u0259b\u0259rdarl\u0131q adland\u0131r\u0131b"}]},{"@type":"WebSite","@id":"https:\/\/ictimai.az\/#website","url":"https:\/\/ictimai.az\/","name":"\u0130CT\u0130MA\u0130.AZ","description":"","publisher":{"@id":"https:\/\/ictimai.az\/#organization"},"potentialAction":[{"@type":"SearchAction","target":{"@type":"EntryPoint","urlTemplate":"https:\/\/ictimai.az\/?s={search_term_string}"},"query-input":{"@type":"PropertyValueSpecification","valueRequired":true,"valueName":"search_term_string"}}],"inLanguage":"az"},{"@type":"Organization","@id":"https:\/\/ictimai.az\/#organization","name":"\u0130CT\u0130MA\u0130.AZ","url":"https:\/\/ictimai.az\/","logo":{"@type":"ImageObject","inLanguage":"az","@id":"https:\/\/ictimai.az\/#\/schema\/logo\/image\/","url":"https:\/\/ictimai.az\/core\/uploads\/2026\/06\/cropped-ictimai_0380d81099c6fe3baae753faceb5481f_p41rg2mzq0uyvextfh3k-768x768-1-3.png","contentUrl":"https:\/\/ictimai.az\/core\/uploads\/2026\/06\/cropped-ictimai_0380d81099c6fe3baae753faceb5481f_p41rg2mzq0uyvextfh3k-768x768-1-3.png","width":768,"height":768,"caption":"\u0130CT\u0130MA\u0130.AZ"},"image":{"@id":"https:\/\/ictimai.az\/#\/schema\/logo\/image\/"}},{"@type":"Person","@id":"https:\/\/ictimai.az\/#\/schema\/person\/1da94bf2c7ab5d83ad349237bec1e6af","name":"R\u0259\u015fad Bayramov","image":{"@type":"ImageObject","inLanguage":"az","@id":"https:\/\/secure.gravatar.com\/avatar\/83c075605ba0a4d35d59726aaad89cfa8008d1f01603342c56f1dd79784491bc?s=96&d=mm&r=g","url":"https:\/\/secure.gravatar.com\/avatar\/83c075605ba0a4d35d59726aaad89cfa8008d1f01603342c56f1dd79784491bc?s=96&d=mm&r=g","contentUrl":"https:\/\/secure.gravatar.com\/avatar\/83c075605ba0a4d35d59726aaad89cfa8008d1f01603342c56f1dd79784491bc?s=96&d=mm&r=g","caption":"R\u0259\u015fad Bayramov"},"sameAs":["https:\/\/ictimai.az\/"],"url":"https:\/\/ictimai.az\/?author=2"}]}},"_links":{"self":[{"href":"https:\/\/ictimai.az\/index.php?rest_route=\/wp\/v2\/posts\/59415","targetHints":{"allow":["GET"]}}],"collection":[{"href":"https:\/\/ictimai.az\/index.php?rest_route=\/wp\/v2\/posts"}],"about":[{"href":"https:\/\/ictimai.az\/index.php?rest_route=\/wp\/v2\/types\/post"}],"author":[{"embeddable":true,"href":"https:\/\/ictimai.az\/index.php?rest_route=\/wp\/v2\/users\/2"}],"replies":[{"embeddable":true,"href":"https:\/\/ictimai.az\/index.php?rest_route=%2Fwp%2Fv2%2Fcomments&post=59415"}],"version-history":[{"count":0,"href":"https:\/\/ictimai.az\/index.php?rest_route=\/wp\/v2\/posts\/59415\/revisions"}],"wp:featuredmedia":[{"embeddable":true,"href":"https:\/\/ictimai.az\/index.php?rest_route=\/wp\/v2\/media\/59416"}],"wp:attachment":[{"href":"https:\/\/ictimai.az\/index.php?rest_route=%2Fwp%2Fv2%2Fmedia&parent=59415"}],"wp:term":[{"taxonomy":"category","embeddable":true,"href":"https:\/\/ictimai.az\/index.php?rest_route=%2Fwp%2Fv2%2Fcategories&post=59415"},{"taxonomy":"post_tag","embeddable":true,"href":"https:\/\/ictimai.az\/index.php?rest_route=%2Fwp%2Fv2%2Ftags&post=59415"}],"curies":[{"name":"wp","href":"https:\/\/api.w.org\/{rel}","templated":true}]}}