{"id":6022,"date":"2020-09-29T23:33:18","date_gmt":"2020-09-29T19:33:18","guid":{"rendered":"https:\/\/ictimai.az\/?p=6022"},"modified":"2020-09-30T00:59:23","modified_gmt":"2020-09-29T20:59:23","slug":"ermeni-esgerleri-sengerde-aglayir-bizi-tek-qoyublar-video","status":"publish","type":"post","link":"https:\/\/ictimai.az\/?p=6022","title":{"rendered":"Erm\u0259ni \u0259sg\u0259rl\u0259ri s\u0259ng\u0259rd\u0259 a\u011flay\u0131r: \u201cBizi t\u0259k qoyublar\u201d &#8211; V\u0130DEO"},"content":{"rendered":"<p>X\u0259b\u0259r verdiyimiz kimi, Erm\u0259nistan\u0131n t\u0259xribat\u0131ndan sonra Az\u0259rbaycan Ordusunun \u0259ks-h\u00fccum \u0259m\u0259liyyat\u0131 n\u0259tic\u0259sind\u0259 d\u00fc\u015fm\u0259n ordusu ciddi itkil\u0259r\u0259 m\u0259ruz qal\u0131b.<\/p>\n<p>\u201cCaliber\u201d \u201cYouTube\u201d kanal\u0131 m\u00fcharib\u0259 zonas\u0131ndan yeni video g\u00f6r\u00fcnt\u00fcl\u0259r yay\u0131mlay\u0131b.<\/p>\n<p>G\u00f6r\u00fcnt\u00fcl\u0259rd\u0259 s\u0259ng\u0259rd\u0259n ba\u015f\u0131n\u0131 qald\u0131rma\u011fa imkan tapmayan erm\u0259ni \u0259sg\u0259rl\u0259ri yer al\u0131b. \u018fsg\u0259rl\u0259rd\u0259n birinin \u201cGoPro\u201d kameras\u0131 il\u0259 \u00e7\u0259kildiyi ehtimal olunan videoda onun h\u0259y\u0259canla v\u0259 t\u0259la\u015fla \u201cBizi burda t\u0259k qoyublar\u201d dey\u0259 q\u0131\u015fq\u0131rmas\u0131 \u0259ks olunub.<\/p>\n<p>Onun dig\u0259r yolda\u015f\u0131 is\u0259 \u0259ll\u0259ri il\u0259 qulaqlar\u0131n\u0131 tutaraq a\u011flay\u0131r.<\/p>\n<p>S\u00f6z\u00fcged\u0259n videonu t\u0259qdim edirik:<\/p>\n<p><iframe loading=\"lazy\" title=\"\u041a\u0430\u0440\u0430\u0431\u0430\u0445! \u0410\u0440\u043c\u044f\u043d\u0441\u043a\u0438\u0435 \u0421\u043e\u043b\u0434\u0430\u0442\u044b \u0412 \u041e\u043a\u043e\u043f\u0435 \u041f\u043e\u0434 \u041e\u0431\u0441\u0442\u0440\u0435\u043b\u043e\u043c. &quot;\u041d\u0430\u0441 \u0431\u0440\u043e\u0441\u0438\u043b\u0438!&quot; \u0412\u0438\u0434\u0435\u043e \u0418\u0437 \u0410\u0440\u043c\u044f\u043d\u0441\u043a\u0438\u0445 \u0421\u043e\u0446\u0441\u0435\u0442\u0435\u0439.\" width=\"640\" height=\"360\" src=\"https:\/\/www.youtube.com\/embed\/d6VIdnwsh6g?feature=oembed\" frameborder=\"0\" allow=\"accelerometer; autoplay; clipboard-write; encrypted-media; gyroscope; picture-in-picture; web-share\" referrerpolicy=\"strict-origin-when-cross-origin\" allowfullscreen><\/iframe><\/p>\n","protected":false},"excerpt":{"rendered":"<p>X\u0259b\u0259r verdiyimiz kimi, Erm\u0259nistan\u0131n t\u0259xribat\u0131ndan sonra Az\u0259rbaycan Ordusunun \u0259ks-h\u00fccum \u0259m\u0259liyyat\u0131 n\u0259tic\u0259sind\u0259 d\u00fc\u015fm\u0259n ordusu ciddi itkil\u0259r\u0259 m\u0259ruz qal\u0131b. \u201cCaliber\u201d \u201cYouTube\u201d kanal\u0131 m\u00fcharib\u0259 zonas\u0131ndan yeni video g\u00f6r\u00fcnt\u00fcl\u0259r yay\u0131mlay\u0131b. G\u00f6r\u00fcnt\u00fcl\u0259rd\u0259 s\u0259ng\u0259rd\u0259n ba\u015f\u0131n\u0131 qald\u0131rma\u011fa imkan tapmayan erm\u0259ni \u0259sg\u0259rl\u0259ri yer al\u0131b. \u018fsg\u0259rl\u0259rd\u0259n birinin \u201cGoPro\u201d kameras\u0131 il\u0259 \u00e7\u0259kildiyi ehtimal olunan videoda onun h\u0259y\u0259canla v\u0259 t\u0259la\u015fla \u201cBizi burda t\u0259k qoyublar\u201d dey\u0259 q\u0131\u015fq\u0131rmas\u0131 [&hellip;]<\/p>\n","protected":false},"author":2,"featured_media":5937,"comment_status":"closed","ping_status":"closed","sticky":false,"template":"","format":"standard","meta":{"footnotes":""},"categories":[2],"tags":[],"class_list":["post-6022","post","type-post","status-publish","format-standard","has-post-thumbnail","hentry","category-trend"],"yoast_head":"<!-- This site is optimized with the Yoast SEO plugin v28.2 - https:\/\/yoast.com\/product\/yoast-seo-wordpress\/ -->\n<title>Erm\u0259ni \u0259sg\u0259rl\u0259ri s\u0259ng\u0259rd\u0259 a\u011flay\u0131r: \u201cBizi t\u0259k qoyublar\u201d - V\u0130DEO - \u0130CT\u0130MA\u0130.AZ<\/title>\n<meta name=\"robots\" content=\"index, follow, max-snippet:-1, max-image-preview:large, max-video-preview:-1\" \/>\n<link rel=\"canonical\" href=\"https:\/\/ictimai.az\/?p=6022\" \/>\n<meta property=\"og:locale\" content=\"az_AZ\" \/>\n<meta property=\"og:type\" content=\"article\" \/>\n<meta property=\"og:title\" content=\"Erm\u0259ni \u0259sg\u0259rl\u0259ri s\u0259ng\u0259rd\u0259 a\u011flay\u0131r: \u201cBizi t\u0259k qoyublar\u201d - V\u0130DEO - \u0130CT\u0130MA\u0130.AZ\" \/>\n<meta property=\"og:description\" content=\"X\u0259b\u0259r verdiyimiz kimi, Erm\u0259nistan\u0131n t\u0259xribat\u0131ndan sonra Az\u0259rbaycan Ordusunun \u0259ks-h\u00fccum \u0259m\u0259liyyat\u0131 n\u0259tic\u0259sind\u0259 d\u00fc\u015fm\u0259n ordusu ciddi itkil\u0259r\u0259 m\u0259ruz qal\u0131b. \u201cCaliber\u201d \u201cYouTube\u201d kanal\u0131 m\u00fcharib\u0259 zonas\u0131ndan yeni video g\u00f6r\u00fcnt\u00fcl\u0259r yay\u0131mlay\u0131b. G\u00f6r\u00fcnt\u00fcl\u0259rd\u0259 s\u0259ng\u0259rd\u0259n ba\u015f\u0131n\u0131 qald\u0131rma\u011fa imkan tapmayan erm\u0259ni \u0259sg\u0259rl\u0259ri yer al\u0131b. \u018fsg\u0259rl\u0259rd\u0259n birinin \u201cGoPro\u201d kameras\u0131 il\u0259 \u00e7\u0259kildiyi ehtimal olunan videoda onun h\u0259y\u0259canla v\u0259 t\u0259la\u015fla \u201cBizi burda t\u0259k qoyublar\u201d dey\u0259 q\u0131\u015fq\u0131rmas\u0131 [&hellip;]\" \/>\n<meta property=\"og:url\" content=\"https:\/\/ictimai.az\/?p=6022\" \/>\n<meta property=\"og:site_name\" content=\"\u0130CT\u0130MA\u0130.AZ\" \/>\n<meta property=\"article:published_time\" content=\"2020-09-29T19:33:18+00:00\" \/>\n<meta property=\"article:modified_time\" content=\"2020-09-29T20:59:23+00:00\" \/>\n<meta property=\"og:image\" content=\"https:\/\/ictimai.az\/core\/uploads\/2020\/09\/ictimai_464db9fcec7906d4a0bf621d01ab727f_g8wi4kfmh1evj7pxosbq.jpg\" \/>\n\t<meta property=\"og:image:width\" content=\"620\" \/>\n\t<meta property=\"og:image:height\" content=\"349\" \/>\n\t<meta property=\"og:image:type\" content=\"image\/jpeg\" \/>\n<meta name=\"author\" content=\"R\u0259\u015fad Bayramov\" \/>\n<meta name=\"twitter:card\" content=\"summary_large_image\" \/>\n<meta name=\"twitter:label1\" content=\"Written by\" \/>\n\t<meta name=\"twitter:data1\" content=\"R\u0259\u015fad Bayramov\" \/>\n\t<meta name=\"twitter:label2\" content=\"Est. reading time\" \/>\n\t<meta name=\"twitter:data2\" content=\"1 minute\" \/>\n<script type=\"application\/ld+json\" class=\"yoast-schema-graph\">{\"@context\":\"https:\\\/\\\/schema.org\",\"@graph\":[{\"@type\":\"Article\",\"@id\":\"https:\\\/\\\/ictimai.az\\\/?p=6022#article\",\"isPartOf\":{\"@id\":\"https:\\\/\\\/ictimai.az\\\/?p=6022\"},\"author\":{\"name\":\"R\u0259\u015fad Bayramov\",\"@id\":\"https:\\\/\\\/ictimai.az\\\/#\\\/schema\\\/person\\\/1da94bf2c7ab5d83ad349237bec1e6af\"},\"headline\":\"Erm\u0259ni \u0259sg\u0259rl\u0259ri s\u0259ng\u0259rd\u0259 a\u011flay\u0131r: \u201cBizi t\u0259k qoyublar\u201d &#8211; V\u0130DEO\",\"datePublished\":\"2020-09-29T19:33:18+00:00\",\"dateModified\":\"2020-09-29T20:59:23+00:00\",\"mainEntityOfPage\":{\"@id\":\"https:\\\/\\\/ictimai.az\\\/?p=6022\"},\"wordCount\":151,\"publisher\":{\"@id\":\"https:\\\/\\\/ictimai.az\\\/#organization\"},\"image\":{\"@id\":\"https:\\\/\\\/ictimai.az\\\/?p=6022#primaryimage\"},\"thumbnailUrl\":\"https:\\\/\\\/ictimai.az\\\/core\\\/uploads\\\/2020\\\/09\\\/ictimai_464db9fcec7906d4a0bf621d01ab727f_g8wi4kfmh1evj7pxosbq.jpg\",\"articleSection\":[\"G\u00fcnd\u0259m\"],\"inLanguage\":\"az\"},{\"@type\":\"WebPage\",\"@id\":\"https:\\\/\\\/ictimai.az\\\/?p=6022\",\"url\":\"https:\\\/\\\/ictimai.az\\\/?p=6022\",\"name\":\"Erm\u0259ni \u0259sg\u0259rl\u0259ri s\u0259ng\u0259rd\u0259 a\u011flay\u0131r: \u201cBizi t\u0259k qoyublar\u201d - V\u0130DEO - \u0130CT\u0130MA\u0130.AZ\",\"isPartOf\":{\"@id\":\"https:\\\/\\\/ictimai.az\\\/#website\"},\"primaryImageOfPage\":{\"@id\":\"https:\\\/\\\/ictimai.az\\\/?p=6022#primaryimage\"},\"image\":{\"@id\":\"https:\\\/\\\/ictimai.az\\\/?p=6022#primaryimage\"},\"thumbnailUrl\":\"https:\\\/\\\/ictimai.az\\\/core\\\/uploads\\\/2020\\\/09\\\/ictimai_464db9fcec7906d4a0bf621d01ab727f_g8wi4kfmh1evj7pxosbq.jpg\",\"datePublished\":\"2020-09-29T19:33:18+00:00\",\"dateModified\":\"2020-09-29T20:59:23+00:00\",\"breadcrumb\":{\"@id\":\"https:\\\/\\\/ictimai.az\\\/?p=6022#breadcrumb\"},\"inLanguage\":\"az\",\"potentialAction\":[{\"@type\":\"ReadAction\",\"target\":[\"https:\\\/\\\/ictimai.az\\\/?p=6022\"]}]},{\"@type\":\"ImageObject\",\"inLanguage\":\"az\",\"@id\":\"https:\\\/\\\/ictimai.az\\\/?p=6022#primaryimage\",\"url\":\"https:\\\/\\\/ictimai.az\\\/core\\\/uploads\\\/2020\\\/09\\\/ictimai_464db9fcec7906d4a0bf621d01ab727f_g8wi4kfmh1evj7pxosbq.jpg\",\"contentUrl\":\"https:\\\/\\\/ictimai.az\\\/core\\\/uploads\\\/2020\\\/09\\\/ictimai_464db9fcec7906d4a0bf621d01ab727f_g8wi4kfmh1evj7pxosbq.jpg\",\"width\":620,\"height\":349},{\"@type\":\"BreadcrumbList\",\"@id\":\"https:\\\/\\\/ictimai.az\\\/?p=6022#breadcrumb\",\"itemListElement\":[{\"@type\":\"ListItem\",\"position\":1,\"name\":\"Home\",\"item\":\"https:\\\/\\\/ictimai.az\\\/\"},{\"@type\":\"ListItem\",\"position\":2,\"name\":\"Erm\u0259ni \u0259sg\u0259rl\u0259ri s\u0259ng\u0259rd\u0259 a\u011flay\u0131r: \u201cBizi t\u0259k qoyublar\u201d &#8211; V\u0130DEO\"}]},{\"@type\":\"WebSite\",\"@id\":\"https:\\\/\\\/ictimai.az\\\/#website\",\"url\":\"https:\\\/\\\/ictimai.az\\\/\",\"name\":\"\u0130CT\u0130MA\u0130.AZ\",\"description\":\"\",\"publisher\":{\"@id\":\"https:\\\/\\\/ictimai.az\\\/#organization\"},\"potentialAction\":[{\"@type\":\"SearchAction\",\"target\":{\"@type\":\"EntryPoint\",\"urlTemplate\":\"https:\\\/\\\/ictimai.az\\\/?s={search_term_string}\"},\"query-input\":{\"@type\":\"PropertyValueSpecification\",\"valueRequired\":true,\"valueName\":\"search_term_string\"}}],\"inLanguage\":\"az\"},{\"@type\":\"Organization\",\"@id\":\"https:\\\/\\\/ictimai.az\\\/#organization\",\"name\":\"\u0130CT\u0130MA\u0130.AZ\",\"url\":\"https:\\\/\\\/ictimai.az\\\/\",\"logo\":{\"@type\":\"ImageObject\",\"inLanguage\":\"az\",\"@id\":\"https:\\\/\\\/ictimai.az\\\/#\\\/schema\\\/logo\\\/image\\\/\",\"url\":\"https:\\\/\\\/ictimai.az\\\/core\\\/uploads\\\/2026\\\/06\\\/cropped-ictimai_0380d81099c6fe3baae753faceb5481f_p41rg2mzq0uyvextfh3k-768x768-1-3.png\",\"contentUrl\":\"https:\\\/\\\/ictimai.az\\\/core\\\/uploads\\\/2026\\\/06\\\/cropped-ictimai_0380d81099c6fe3baae753faceb5481f_p41rg2mzq0uyvextfh3k-768x768-1-3.png\",\"width\":768,\"height\":768,\"caption\":\"\u0130CT\u0130MA\u0130.AZ\"},\"image\":{\"@id\":\"https:\\\/\\\/ictimai.az\\\/#\\\/schema\\\/logo\\\/image\\\/\"}},{\"@type\":\"Person\",\"@id\":\"https:\\\/\\\/ictimai.az\\\/#\\\/schema\\\/person\\\/1da94bf2c7ab5d83ad349237bec1e6af\",\"name\":\"R\u0259\u015fad Bayramov\",\"image\":{\"@type\":\"ImageObject\",\"inLanguage\":\"az\",\"@id\":\"https:\\\/\\\/secure.gravatar.com\\\/avatar\\\/83c075605ba0a4d35d59726aaad89cfa8008d1f01603342c56f1dd79784491bc?s=96&d=mm&r=g\",\"url\":\"https:\\\/\\\/secure.gravatar.com\\\/avatar\\\/83c075605ba0a4d35d59726aaad89cfa8008d1f01603342c56f1dd79784491bc?s=96&d=mm&r=g\",\"contentUrl\":\"https:\\\/\\\/secure.gravatar.com\\\/avatar\\\/83c075605ba0a4d35d59726aaad89cfa8008d1f01603342c56f1dd79784491bc?s=96&d=mm&r=g\",\"caption\":\"R\u0259\u015fad Bayramov\"},\"sameAs\":[\"https:\\\/\\\/ictimai.az\\\/\"],\"url\":\"https:\\\/\\\/ictimai.az\\\/?author=2\"}]}<\/script>\n<!-- \/ Yoast SEO plugin. -->","yoast_head_json":{"title":"Erm\u0259ni \u0259sg\u0259rl\u0259ri s\u0259ng\u0259rd\u0259 a\u011flay\u0131r: \u201cBizi t\u0259k qoyublar\u201d - V\u0130DEO - \u0130CT\u0130MA\u0130.AZ","robots":{"index":"index","follow":"follow","max-snippet":"max-snippet:-1","max-image-preview":"max-image-preview:large","max-video-preview":"max-video-preview:-1"},"canonical":"https:\/\/ictimai.az\/?p=6022","og_locale":"az_AZ","og_type":"article","og_title":"Erm\u0259ni \u0259sg\u0259rl\u0259ri s\u0259ng\u0259rd\u0259 a\u011flay\u0131r: \u201cBizi t\u0259k qoyublar\u201d - V\u0130DEO - \u0130CT\u0130MA\u0130.AZ","og_description":"X\u0259b\u0259r verdiyimiz kimi, Erm\u0259nistan\u0131n t\u0259xribat\u0131ndan sonra Az\u0259rbaycan Ordusunun \u0259ks-h\u00fccum \u0259m\u0259liyyat\u0131 n\u0259tic\u0259sind\u0259 d\u00fc\u015fm\u0259n ordusu ciddi itkil\u0259r\u0259 m\u0259ruz qal\u0131b. \u201cCaliber\u201d \u201cYouTube\u201d kanal\u0131 m\u00fcharib\u0259 zonas\u0131ndan yeni video g\u00f6r\u00fcnt\u00fcl\u0259r yay\u0131mlay\u0131b. G\u00f6r\u00fcnt\u00fcl\u0259rd\u0259 s\u0259ng\u0259rd\u0259n ba\u015f\u0131n\u0131 qald\u0131rma\u011fa imkan tapmayan erm\u0259ni \u0259sg\u0259rl\u0259ri yer al\u0131b. \u018fsg\u0259rl\u0259rd\u0259n birinin \u201cGoPro\u201d kameras\u0131 il\u0259 \u00e7\u0259kildiyi ehtimal olunan videoda onun h\u0259y\u0259canla v\u0259 t\u0259la\u015fla \u201cBizi burda t\u0259k qoyublar\u201d dey\u0259 q\u0131\u015fq\u0131rmas\u0131 [&hellip;]","og_url":"https:\/\/ictimai.az\/?p=6022","og_site_name":"\u0130CT\u0130MA\u0130.AZ","article_published_time":"2020-09-29T19:33:18+00:00","article_modified_time":"2020-09-29T20:59:23+00:00","og_image":[{"width":620,"height":349,"url":"https:\/\/ictimai.az\/core\/uploads\/2020\/09\/ictimai_464db9fcec7906d4a0bf621d01ab727f_g8wi4kfmh1evj7pxosbq.jpg","type":"image\/jpeg"}],"author":"R\u0259\u015fad Bayramov","twitter_card":"summary_large_image","twitter_misc":{"Written by":"R\u0259\u015fad Bayramov","Est. reading time":"1 minute"},"schema":{"@context":"https:\/\/schema.org","@graph":[{"@type":"Article","@id":"https:\/\/ictimai.az\/?p=6022#article","isPartOf":{"@id":"https:\/\/ictimai.az\/?p=6022"},"author":{"name":"R\u0259\u015fad Bayramov","@id":"https:\/\/ictimai.az\/#\/schema\/person\/1da94bf2c7ab5d83ad349237bec1e6af"},"headline":"Erm\u0259ni \u0259sg\u0259rl\u0259ri s\u0259ng\u0259rd\u0259 a\u011flay\u0131r: \u201cBizi t\u0259k qoyublar\u201d &#8211; V\u0130DEO","datePublished":"2020-09-29T19:33:18+00:00","dateModified":"2020-09-29T20:59:23+00:00","mainEntityOfPage":{"@id":"https:\/\/ictimai.az\/?p=6022"},"wordCount":151,"publisher":{"@id":"https:\/\/ictimai.az\/#organization"},"image":{"@id":"https:\/\/ictimai.az\/?p=6022#primaryimage"},"thumbnailUrl":"https:\/\/ictimai.az\/core\/uploads\/2020\/09\/ictimai_464db9fcec7906d4a0bf621d01ab727f_g8wi4kfmh1evj7pxosbq.jpg","articleSection":["G\u00fcnd\u0259m"],"inLanguage":"az"},{"@type":"WebPage","@id":"https:\/\/ictimai.az\/?p=6022","url":"https:\/\/ictimai.az\/?p=6022","name":"Erm\u0259ni \u0259sg\u0259rl\u0259ri s\u0259ng\u0259rd\u0259 a\u011flay\u0131r: \u201cBizi t\u0259k qoyublar\u201d - V\u0130DEO - \u0130CT\u0130MA\u0130.AZ","isPartOf":{"@id":"https:\/\/ictimai.az\/#website"},"primaryImageOfPage":{"@id":"https:\/\/ictimai.az\/?p=6022#primaryimage"},"image":{"@id":"https:\/\/ictimai.az\/?p=6022#primaryimage"},"thumbnailUrl":"https:\/\/ictimai.az\/core\/uploads\/2020\/09\/ictimai_464db9fcec7906d4a0bf621d01ab727f_g8wi4kfmh1evj7pxosbq.jpg","datePublished":"2020-09-29T19:33:18+00:00","dateModified":"2020-09-29T20:59:23+00:00","breadcrumb":{"@id":"https:\/\/ictimai.az\/?p=6022#breadcrumb"},"inLanguage":"az","potentialAction":[{"@type":"ReadAction","target":["https:\/\/ictimai.az\/?p=6022"]}]},{"@type":"ImageObject","inLanguage":"az","@id":"https:\/\/ictimai.az\/?p=6022#primaryimage","url":"https:\/\/ictimai.az\/core\/uploads\/2020\/09\/ictimai_464db9fcec7906d4a0bf621d01ab727f_g8wi4kfmh1evj7pxosbq.jpg","contentUrl":"https:\/\/ictimai.az\/core\/uploads\/2020\/09\/ictimai_464db9fcec7906d4a0bf621d01ab727f_g8wi4kfmh1evj7pxosbq.jpg","width":620,"height":349},{"@type":"BreadcrumbList","@id":"https:\/\/ictimai.az\/?p=6022#breadcrumb","itemListElement":[{"@type":"ListItem","position":1,"name":"Home","item":"https:\/\/ictimai.az\/"},{"@type":"ListItem","position":2,"name":"Erm\u0259ni \u0259sg\u0259rl\u0259ri s\u0259ng\u0259rd\u0259 a\u011flay\u0131r: \u201cBizi t\u0259k qoyublar\u201d &#8211; V\u0130DEO"}]},{"@type":"WebSite","@id":"https:\/\/ictimai.az\/#website","url":"https:\/\/ictimai.az\/","name":"\u0130CT\u0130MA\u0130.AZ","description":"","publisher":{"@id":"https:\/\/ictimai.az\/#organization"},"potentialAction":[{"@type":"SearchAction","target":{"@type":"EntryPoint","urlTemplate":"https:\/\/ictimai.az\/?s={search_term_string}"},"query-input":{"@type":"PropertyValueSpecification","valueRequired":true,"valueName":"search_term_string"}}],"inLanguage":"az"},{"@type":"Organization","@id":"https:\/\/ictimai.az\/#organization","name":"\u0130CT\u0130MA\u0130.AZ","url":"https:\/\/ictimai.az\/","logo":{"@type":"ImageObject","inLanguage":"az","@id":"https:\/\/ictimai.az\/#\/schema\/logo\/image\/","url":"https:\/\/ictimai.az\/core\/uploads\/2026\/06\/cropped-ictimai_0380d81099c6fe3baae753faceb5481f_p41rg2mzq0uyvextfh3k-768x768-1-3.png","contentUrl":"https:\/\/ictimai.az\/core\/uploads\/2026\/06\/cropped-ictimai_0380d81099c6fe3baae753faceb5481f_p41rg2mzq0uyvextfh3k-768x768-1-3.png","width":768,"height":768,"caption":"\u0130CT\u0130MA\u0130.AZ"},"image":{"@id":"https:\/\/ictimai.az\/#\/schema\/logo\/image\/"}},{"@type":"Person","@id":"https:\/\/ictimai.az\/#\/schema\/person\/1da94bf2c7ab5d83ad349237bec1e6af","name":"R\u0259\u015fad Bayramov","image":{"@type":"ImageObject","inLanguage":"az","@id":"https:\/\/secure.gravatar.com\/avatar\/83c075605ba0a4d35d59726aaad89cfa8008d1f01603342c56f1dd79784491bc?s=96&d=mm&r=g","url":"https:\/\/secure.gravatar.com\/avatar\/83c075605ba0a4d35d59726aaad89cfa8008d1f01603342c56f1dd79784491bc?s=96&d=mm&r=g","contentUrl":"https:\/\/secure.gravatar.com\/avatar\/83c075605ba0a4d35d59726aaad89cfa8008d1f01603342c56f1dd79784491bc?s=96&d=mm&r=g","caption":"R\u0259\u015fad Bayramov"},"sameAs":["https:\/\/ictimai.az\/"],"url":"https:\/\/ictimai.az\/?author=2"}]}},"_links":{"self":[{"href":"https:\/\/ictimai.az\/index.php?rest_route=\/wp\/v2\/posts\/6022","targetHints":{"allow":["GET"]}}],"collection":[{"href":"https:\/\/ictimai.az\/index.php?rest_route=\/wp\/v2\/posts"}],"about":[{"href":"https:\/\/ictimai.az\/index.php?rest_route=\/wp\/v2\/types\/post"}],"author":[{"embeddable":true,"href":"https:\/\/ictimai.az\/index.php?rest_route=\/wp\/v2\/users\/2"}],"replies":[{"embeddable":true,"href":"https:\/\/ictimai.az\/index.php?rest_route=%2Fwp%2Fv2%2Fcomments&post=6022"}],"version-history":[{"count":0,"href":"https:\/\/ictimai.az\/index.php?rest_route=\/wp\/v2\/posts\/6022\/revisions"}],"wp:featuredmedia":[{"embeddable":true,"href":"https:\/\/ictimai.az\/index.php?rest_route=\/wp\/v2\/media\/5937"}],"wp:attachment":[{"href":"https:\/\/ictimai.az\/index.php?rest_route=%2Fwp%2Fv2%2Fmedia&parent=6022"}],"wp:term":[{"taxonomy":"category","embeddable":true,"href":"https:\/\/ictimai.az\/index.php?rest_route=%2Fwp%2Fv2%2Fcategories&post=6022"},{"taxonomy":"post_tag","embeddable":true,"href":"https:\/\/ictimai.az\/index.php?rest_route=%2Fwp%2Fv2%2Ftags&post=6022"}],"curies":[{"name":"wp","href":"https:\/\/api.w.org\/{rel}","templated":true}]}}