{"id":6033,"date":"2020-09-30T13:18:54","date_gmt":"2020-09-30T09:18:54","guid":{"rendered":"https:\/\/ictimai.az\/?p=6033"},"modified":"2020-09-30T16:07:28","modified_gmt":"2020-09-30T12:07:28","slug":"qelebeye-dogru-geden-son-azadliq-herekati","status":"publish","type":"post","link":"https:\/\/ictimai.az\/?p=6033","title":{"rendered":"Q\u0259l\u0259b\u0259y\u0259 do\u011fru ged\u0259n son azadl\u0131q h\u0259r\u0259kat\u0131"},"content":{"rendered":"<p>Son g\u00fcnl\u0259rd\u0259 minl\u0259rl\u0259 g\u0259ncin k\u00f6n\u00fcll\u00fc olaraq c\u0259bh\u0259y\u0259 yollanaraq torpaqlar\u0131m\u0131z\u0131n i\u015f\u011faldan azad olunmas\u0131 istiqam\u0259tind\u0259 d\u00f6vl\u0259timiz\u0259 v\u0259 ordumuza d\u0259st\u0259k olmas\u0131 Ali Ba\u015f Komandana v\u0259 Silahl\u0131 Q\u00fcvv\u0259l\u0259rimiz\u0259 olan etimad\u0131n g\u00f6st\u0259ricisidir. Bu etimad, bu ist\u0259k \u0259slind\u0259 zaman-zaman xalq\u0131n q\u0259lbind\u0259 yaranm\u0131\u015fd\u0131r. Az\u0259rbaycan Prezidenti, Ali Ba\u015f Komandan\u0131n d\u00f6y\u00fc\u015f\u0259 haz\u0131rl\u0131q \u018fmrinin sevincl\u0259 qar\u015f\u0131lanmas\u0131 bu g\u00fcn h\u0259r bir az\u0259rbaycanl\u0131n\u0131n q\u0259lbind\u0259 ya\u015fayan V\u0259t\u0259n sevgisi kimi \u0259n \u00fclvi hisl\u0259rin y\u00fcks\u0259k oldu\u011fundan x\u0259b\u0259r verdi.<\/p>\n<p>T\u0259bi ki, m\u00fcharib\u0259nin \u00f6z qanunlar\u0131 var. Sentyabr ay\u0131n\u0131n 27-d\u0259 n\u00f6vb\u0259ti d\u0259f\u0259 erm\u0259ni t\u0259xribat\u0131na cavab olaraq \u0259ks h\u00fccuma ke\u00e7\u0259n ordu q\u00fcvv\u0259l\u0259rimiz \u00e7ox q\u0131sa zaman \u0259rzind\u0259 ir\u0259lil\u0259yi\u015f\u0259 nail oldu. \u00d6lk\u0259d\u0259 h\u0259rbi v\u0259ziyy\u0259tin elan olunmas\u0131 v\u0259 Az\u0259rbaycan Respublikas\u0131 Prezidentinin s\u00f6z\u00fcged\u0259n F\u0259rman\u0131n\u0131n xalq t\u0259r\u0259find\u0259n d\u0259st\u0259kl\u0259nm\u0259si d\u00fcnya ictimaiyy\u0259tin\u0259 \u00fcnvanlanm\u0131\u015f siyasi mesajd\u0131r. Bu, Az\u0259rbaycan xalq\u0131n\u0131n ruh y\u00fcks\u0259kliyi v\u0259 haqq u\u011frunda m\u00fcbariz\u0259y\u0259 haz\u0131r olmas\u0131 bar\u0259d\u0259 mesajd\u0131r. N\u0259hay\u0259t ki, bu xalq-d\u00f6vl\u0259t-ordu birliyinin y\u00fcks\u0259k olmas\u0131n\u0131n d\u00fcnya ictimaiyy\u0259tin\u0259 \u00fcnvanlanm\u0131\u015f bir mesajd\u0131r.<\/p>\n<p>Sevindirici hald\u0131r ki, bu g\u00fcn Az\u0259rbaycan c\u0259miyy\u0259ti h\u0259r zaman oldu\u011fundan daha b\u00f6y\u00fck milli h\u0259mr\u0259ylik n\u00fcmayi\u015f etdirir. \u00d6lk\u0259nin siyasi tarixind\u0259 ilk d\u0259f\u0259 olaraq 50 siyasi partiya r\u0259hb\u0259rinin Ali Ba\u015f Komandan, Prezident \u0130lham \u018fliyevin yan\u0131nda olduqlar\u0131na dair birg\u0259 b\u0259yanat\u0131 milli birliyinin \u0259n ali t\u0259c\u0259ss\u00fcm\u00fcd\u00fcr. Bu h\u0259mr\u0259ylik, bu birlik xalq\u0131n q\u0259lbind\u0259n g\u0259l\u0259n se\u00e7imidir. Bu h\u0259mr\u0259yliy\u0259 xalq \u00f6z\u00fc se\u00e7im ed\u0259r\u0259k q\u0259rar verib.<\/p>\n<p>Bu bir h\u0259qiq\u0259tdir ki, Az\u0259rbaycan Ordusu bu g\u00fcn \u0259n \u00e7\u0259tin d\u00f6y\u00fc\u015f tap\u015f\u0131r\u0131qlar\u0131n\u0131 yerin\u0259 yetirm\u0259y\u0259 qadirdir. Az\u0259rbaycan Ordusu \u00e7ox g\u00fccl\u00fc, pe\u015f\u0259kar v\u0259 q\u00fcdr\u0259tlidir. Silahl\u0131 Q\u00fcvv\u0259l\u0259rimizin d\u00fc\u015fm\u0259ni a\u011f\u0131r itkil\u0259r\u0259 m\u0259ruz qoyaraq \u0259ld\u0259 etdiyi q\u0259l\u0259b\u0259l\u0259r d\u0259 bunu dem\u0259y\u0259 tam \u0259sas verir. Bu g\u00fcn bizim \u00fc\u00e7\u00fcn, h\u0259r bir az\u0259rbaycanl\u0131 \u00fc\u00e7\u00fcn tarixi bir g\u00fcnd\u00fcr. B\u0259\u015f\u0259r boyu h\u0259r bir m\u00fcharib\u0259d\u0259 d\u00f6n\u00fc\u015f n\u00f6qt\u0259si olan h\u0259lledici d\u00f6y\u00fc\u015f v\u0259 yadda qalan g\u00fcn olur. S\u00f6zs\u00fcz ki, 27 sentyabr tarixi d\u0259 Az\u0259rbaycan xalq\u0131n\u0131n tarixin\u0259 Aprel d\u00f6y\u00fc\u015fl\u0259ri v\u0259 Nax\u015f\u0131van d\u00f6y\u00fc\u015fl\u0259ri kimi q\u0131z\u0131l h\u0259rfl\u0259rl\u0259 yaz\u0131lacaq. Lakin xalq\u0131m\u0131z v\u0259 d\u00f6vl\u0259timiz ba\u015fa d\u00fc\u015f\u00fcr ki, bu h\u0259l\u0259 tam q\u0259l\u0259b\u0259 deyil. Bu q\u0259l\u0259b\u0259y\u0259 ged\u0259n yolun ba\u015flan\u011f\u0131c\u0131d\u0131r. 30 il s\u0259birl\u0259 g\u00f6zl\u0259diyimiz, sonu m\u00f6ht\u0259\u015f\u0259m bir q\u0259l\u0259b\u0259 olacaq bu yolun sonuna \u00e7ox az qal\u0131b. 27 sentyabr tarixind\u0259 \u0259ld\u0259 etdiyimiz u\u011furlar sad\u0259c\u0259 bir ba\u015flan\u011f\u0131cd\u0131r \u2013 torpaqlar\u0131m\u0131z\u0131n azad olunmas\u0131 u\u011frunda getdiyimiz yolun ba\u015flan\u011f\u0131c\u0131. Tarix\u0259 q\u0131z\u0131l h\u0259rfl\u0259rl\u0259 yaz\u0131lacaq Q\u0259l\u0259b\u0259y\u0259 do\u011fru ged\u0259n son azadl\u0131q h\u0259r\u0259kat\u0131n\u0131n sonu.<\/p>\n<p>Son g\u00fcnl\u0259rd\u0259 minl\u0259rl\u0259 g\u0259ncin k\u00f6n\u00fcll\u00fc olaraq c\u0259bh\u0259y\u0259 yollanaraq torpaqlar\u0131m\u0131z\u0131n i\u015f\u011faldan azad olunmas\u0131 istiqam\u0259tind\u0259 d\u00f6vl\u0259timiz\u0259 v\u0259 ordumuza d\u0259st\u0259k olmas\u0131 Ali Ba\u015f Komandana v\u0259 Silahl\u0131 Q\u00fcvv\u0259l\u0259rimiz\u0259 olan etimad\u0131n g\u00f6st\u0259ricisidir. Bu etimad, bu ist\u0259k \u0259slind\u0259 zaman-zaman xalq\u0131n q\u0259lbind\u0259 yaranm\u0131\u015fd\u0131r. Az\u0259rbaycan Prezidenti, Ali Ba\u015f Komandan\u0131n d\u00f6y\u00fc\u015f\u0259 haz\u0131rl\u0131q \u018fmrinin sevincl\u0259 qar\u015f\u0131lanmas\u0131 bu g\u00fcn h\u0259r bir az\u0259rbaycanl\u0131n\u0131n q\u0259lbind\u0259 ya\u015fayan V\u0259t\u0259n sevgisi kimi \u0259n \u00fclvi hisl\u0259rin y\u00fcks\u0259k oldu\u011fundan x\u0259b\u0259r verdi.<\/p>\n<p>T\u0259bi ki, m\u00fcharib\u0259nin \u00f6z qanunlar\u0131 var. Sentyabr ay\u0131n\u0131n 27-d\u0259 n\u00f6vb\u0259ti d\u0259f\u0259 erm\u0259ni t\u0259xribat\u0131na cavab olaraq \u0259ks h\u00fccuma ke\u00e7\u0259n ordu q\u00fcvv\u0259l\u0259rimiz \u00e7ox q\u0131sa zaman \u0259rzind\u0259 ir\u0259lil\u0259yi\u015f\u0259 nail oldu. \u00d6lk\u0259d\u0259 h\u0259rbi v\u0259ziyy\u0259tin elan olunmas\u0131 v\u0259 Az\u0259rbaycan Respublikas\u0131 Prezidentinin s\u00f6z\u00fcged\u0259n F\u0259rman\u0131n\u0131n xalq t\u0259r\u0259find\u0259n d\u0259st\u0259kl\u0259nm\u0259si d\u00fcnya ictimaiyy\u0259tin\u0259 \u00fcnvanlanm\u0131\u015f siyasi mesajd\u0131r. Bu, Az\u0259rbaycan xalq\u0131n\u0131n ruh y\u00fcks\u0259kliyi v\u0259 haqq u\u011frunda m\u00fcbariz\u0259y\u0259 haz\u0131r olmas\u0131 bar\u0259d\u0259 mesajd\u0131r. N\u0259hay\u0259t ki, bu xalq-d\u00f6vl\u0259t-ordu birliyinin y\u00fcks\u0259k olmas\u0131n\u0131n d\u00fcnya ictimaiyy\u0259tin\u0259 \u00fcnvanlanm\u0131\u015f bir mesajd\u0131r.<\/p>\n<p>Sevindirici hald\u0131r ki, bu g\u00fcn Az\u0259rbaycan c\u0259miyy\u0259ti h\u0259r zaman oldu\u011fundan daha b\u00f6y\u00fck milli h\u0259mr\u0259ylik n\u00fcmayi\u015f etdirir. \u00d6lk\u0259nin siyasi tarixind\u0259 ilk d\u0259f\u0259 olaraq 50 siyasi partiya r\u0259hb\u0259rinin Ali Ba\u015f Komandan, Prezident \u0130lham \u018fliyevin yan\u0131nda olduqlar\u0131na dair birg\u0259 b\u0259yanat\u0131 milli birliyinin \u0259n ali t\u0259c\u0259ss\u00fcm\u00fcd\u00fcr. Bu h\u0259mr\u0259ylik, bu birlik xalq\u0131n q\u0259lbind\u0259n g\u0259l\u0259n se\u00e7imidir. Bu h\u0259mr\u0259yliy\u0259 xalq \u00f6z\u00fc se\u00e7im ed\u0259r\u0259k q\u0259rar verib.<\/p>\n<p>Bu bir h\u0259qiq\u0259tdir ki, Az\u0259rbaycan Ordusu bu g\u00fcn \u0259n \u00e7\u0259tin d\u00f6y\u00fc\u015f tap\u015f\u0131r\u0131qlar\u0131n\u0131 yerin\u0259 yetirm\u0259y\u0259 qadirdir. Az\u0259rbaycan Ordusu \u00e7ox g\u00fccl\u00fc, pe\u015f\u0259kar v\u0259 q\u00fcdr\u0259tlidir. Silahl\u0131 Q\u00fcvv\u0259l\u0259rimizin d\u00fc\u015fm\u0259ni a\u011f\u0131r itkil\u0259r\u0259 m\u0259ruz qoyaraq \u0259ld\u0259 etdiyi q\u0259l\u0259b\u0259l\u0259r d\u0259 bunu dem\u0259y\u0259 tam \u0259sas verir. Bu g\u00fcn bizim \u00fc\u00e7\u00fcn, h\u0259r bir az\u0259rbaycanl\u0131 \u00fc\u00e7\u00fcn tarixi bir g\u00fcnd\u00fcr. B\u0259\u015f\u0259r boyu h\u0259r bir m\u00fcharib\u0259d\u0259 d\u00f6n\u00fc\u015f n\u00f6qt\u0259si olan h\u0259lledici d\u00f6y\u00fc\u015f v\u0259 yadda qalan g\u00fcn olur. S\u00f6zs\u00fcz ki, 27 sentyabr tarixi d\u0259 Az\u0259rbaycan xalq\u0131n\u0131n tarixin\u0259 Aprel d\u00f6y\u00fc\u015fl\u0259ri v\u0259 Nax\u015f\u0131van d\u00f6y\u00fc\u015fl\u0259ri kimi q\u0131z\u0131l h\u0259rfl\u0259rl\u0259 yaz\u0131lacaq. Lakin xalq\u0131m\u0131z v\u0259 d\u00f6vl\u0259timiz ba\u015fa d\u00fc\u015f\u00fcr ki, bu h\u0259l\u0259 tam q\u0259l\u0259b\u0259 deyil. Bu q\u0259l\u0259b\u0259y\u0259 ged\u0259n yolun ba\u015flan\u011f\u0131c\u0131d\u0131r. 30 il s\u0259birl\u0259 g\u00f6zl\u0259diyimiz, sonu m\u00f6ht\u0259\u015f\u0259m bir q\u0259l\u0259b\u0259 olacaq bu yolun sonuna \u00e7ox az qal\u0131b. 27 sentyabr tarixind\u0259 \u0259ld\u0259 etdiyimiz u\u011furlar sad\u0259c\u0259 bir ba\u015flan\u011f\u0131cd\u0131r \u2013 torpaqlar\u0131m\u0131z\u0131n azad olunmas\u0131 u\u011frunda getdiyimiz yolun ba\u015flan\u011f\u0131c\u0131. Tarix\u0259 q\u0131z\u0131l h\u0259rfl\u0259rl\u0259 yaz\u0131lacaq Q\u0259l\u0259b\u0259y\u0259 do\u011fru ged\u0259n son azadl\u0131q h\u0259r\u0259kat\u0131n\u0131n sonu.<\/p>\n<p><strong>Anar M\u018fMM\u018fDOV<\/strong><br \/>\n<strong>Milli M\u0259clisin deputat\u0131<\/strong><\/p>\n","protected":false},"excerpt":{"rendered":"<p>Son g\u00fcnl\u0259rd\u0259 minl\u0259rl\u0259 g\u0259ncin k\u00f6n\u00fcll\u00fc olaraq c\u0259bh\u0259y\u0259 yollanaraq torpaqlar\u0131m\u0131z\u0131n i\u015f\u011faldan azad olunmas\u0131 istiqam\u0259tind\u0259 d\u00f6vl\u0259timiz\u0259 v\u0259 ordumuza d\u0259st\u0259k olmas\u0131 Ali Ba\u015f Komandana v\u0259 Silahl\u0131 Q\u00fcvv\u0259l\u0259rimiz\u0259 olan etimad\u0131n g\u00f6st\u0259ricisidir. Bu etimad, bu ist\u0259k \u0259slind\u0259 zaman-zaman xalq\u0131n q\u0259lbind\u0259 yaranm\u0131\u015fd\u0131r. Az\u0259rbaycan Prezidenti, Ali Ba\u015f Komandan\u0131n d\u00f6y\u00fc\u015f\u0259 haz\u0131rl\u0131q \u018fmrinin sevincl\u0259 qar\u015f\u0131lanmas\u0131 bu g\u00fcn h\u0259r bir az\u0259rbaycanl\u0131n\u0131n q\u0259lbind\u0259 ya\u015fayan V\u0259t\u0259n sevgisi [&hellip;]<\/p>\n","protected":false},"author":2,"featured_media":4583,"comment_status":"closed","ping_status":"closed","sticky":false,"template":"","format":"standard","meta":{"footnotes":""},"categories":[15,1],"tags":[],"class_list":["post-6033","post","type-post","status-publish","format-standard","has-post-thumbnail","hentry","category-politics","category-society"],"yoast_head":"<!-- This site is optimized with the Yoast SEO plugin v28.2 - https:\/\/yoast.com\/product\/yoast-seo-wordpress\/ -->\n<title>Q\u0259l\u0259b\u0259y\u0259 do\u011fru ged\u0259n son azadl\u0131q h\u0259r\u0259kat\u0131 - \u0130CT\u0130MA\u0130.AZ<\/title>\n<meta name=\"robots\" content=\"index, follow, max-snippet:-1, max-image-preview:large, max-video-preview:-1\" \/>\n<link rel=\"canonical\" href=\"https:\/\/ictimai.az\/?p=6033\" \/>\n<meta property=\"og:locale\" content=\"az_AZ\" \/>\n<meta property=\"og:type\" content=\"article\" \/>\n<meta property=\"og:title\" content=\"Q\u0259l\u0259b\u0259y\u0259 do\u011fru ged\u0259n son azadl\u0131q h\u0259r\u0259kat\u0131 - \u0130CT\u0130MA\u0130.AZ\" \/>\n<meta property=\"og:description\" content=\"Son g\u00fcnl\u0259rd\u0259 minl\u0259rl\u0259 g\u0259ncin k\u00f6n\u00fcll\u00fc olaraq c\u0259bh\u0259y\u0259 yollanaraq torpaqlar\u0131m\u0131z\u0131n i\u015f\u011faldan azad olunmas\u0131 istiqam\u0259tind\u0259 d\u00f6vl\u0259timiz\u0259 v\u0259 ordumuza d\u0259st\u0259k olmas\u0131 Ali Ba\u015f Komandana v\u0259 Silahl\u0131 Q\u00fcvv\u0259l\u0259rimiz\u0259 olan etimad\u0131n g\u00f6st\u0259ricisidir. Bu etimad, bu ist\u0259k \u0259slind\u0259 zaman-zaman xalq\u0131n q\u0259lbind\u0259 yaranm\u0131\u015fd\u0131r. Az\u0259rbaycan Prezidenti, Ali Ba\u015f Komandan\u0131n d\u00f6y\u00fc\u015f\u0259 haz\u0131rl\u0131q \u018fmrinin sevincl\u0259 qar\u015f\u0131lanmas\u0131 bu g\u00fcn h\u0259r bir az\u0259rbaycanl\u0131n\u0131n q\u0259lbind\u0259 ya\u015fayan V\u0259t\u0259n sevgisi [&hellip;]\" \/>\n<meta property=\"og:url\" content=\"https:\/\/ictimai.az\/?p=6033\" \/>\n<meta property=\"og:site_name\" content=\"\u0130CT\u0130MA\u0130.AZ\" \/>\n<meta property=\"article:published_time\" content=\"2020-09-30T09:18:54+00:00\" \/>\n<meta property=\"article:modified_time\" content=\"2020-09-30T12:07:28+00:00\" \/>\n<meta property=\"og:image\" content=\"https:\/\/ictimai.az\/core\/uploads\/2020\/07\/ictimai_88a0626b20b7c20e44828a7468df6525_rujogknp67vmtzcys4e3.jpg\" \/>\n\t<meta property=\"og:image:width\" content=\"450\" \/>\n\t<meta property=\"og:image:height\" content=\"306\" \/>\n\t<meta property=\"og:image:type\" content=\"image\/jpeg\" \/>\n<meta name=\"author\" content=\"R\u0259\u015fad Bayramov\" \/>\n<meta name=\"twitter:card\" content=\"summary_large_image\" \/>\n<meta name=\"twitter:label1\" content=\"Written by\" \/>\n\t<meta name=\"twitter:data1\" content=\"R\u0259\u015fad Bayramov\" \/>\n\t<meta name=\"twitter:label2\" content=\"Est. reading time\" \/>\n\t<meta name=\"twitter:data2\" content=\"6 minutes\" \/>\n<script type=\"application\/ld+json\" class=\"yoast-schema-graph\">{\"@context\":\"https:\\\/\\\/schema.org\",\"@graph\":[{\"@type\":\"Article\",\"@id\":\"https:\\\/\\\/ictimai.az\\\/?p=6033#article\",\"isPartOf\":{\"@id\":\"https:\\\/\\\/ictimai.az\\\/?p=6033\"},\"author\":{\"name\":\"R\u0259\u015fad Bayramov\",\"@id\":\"https:\\\/\\\/ictimai.az\\\/#\\\/schema\\\/person\\\/1da94bf2c7ab5d83ad349237bec1e6af\"},\"headline\":\"Q\u0259l\u0259b\u0259y\u0259 do\u011fru ged\u0259n son azadl\u0131q h\u0259r\u0259kat\u0131\",\"datePublished\":\"2020-09-30T09:18:54+00:00\",\"dateModified\":\"2020-09-30T12:07:28+00:00\",\"mainEntityOfPage\":{\"@id\":\"https:\\\/\\\/ictimai.az\\\/?p=6033\"},\"wordCount\":1198,\"publisher\":{\"@id\":\"https:\\\/\\\/ictimai.az\\\/#organization\"},\"image\":{\"@id\":\"https:\\\/\\\/ictimai.az\\\/?p=6033#primaryimage\"},\"thumbnailUrl\":\"https:\\\/\\\/ictimai.az\\\/core\\\/uploads\\\/2020\\\/07\\\/ictimai_88a0626b20b7c20e44828a7468df6525_rujogknp67vmtzcys4e3.jpg\",\"articleSection\":[\"Siyas\u0259t\",\"Sosial\"],\"inLanguage\":\"az\"},{\"@type\":\"WebPage\",\"@id\":\"https:\\\/\\\/ictimai.az\\\/?p=6033\",\"url\":\"https:\\\/\\\/ictimai.az\\\/?p=6033\",\"name\":\"Q\u0259l\u0259b\u0259y\u0259 do\u011fru ged\u0259n son azadl\u0131q h\u0259r\u0259kat\u0131 - \u0130CT\u0130MA\u0130.AZ\",\"isPartOf\":{\"@id\":\"https:\\\/\\\/ictimai.az\\\/#website\"},\"primaryImageOfPage\":{\"@id\":\"https:\\\/\\\/ictimai.az\\\/?p=6033#primaryimage\"},\"image\":{\"@id\":\"https:\\\/\\\/ictimai.az\\\/?p=6033#primaryimage\"},\"thumbnailUrl\":\"https:\\\/\\\/ictimai.az\\\/core\\\/uploads\\\/2020\\\/07\\\/ictimai_88a0626b20b7c20e44828a7468df6525_rujogknp67vmtzcys4e3.jpg\",\"datePublished\":\"2020-09-30T09:18:54+00:00\",\"dateModified\":\"2020-09-30T12:07:28+00:00\",\"breadcrumb\":{\"@id\":\"https:\\\/\\\/ictimai.az\\\/?p=6033#breadcrumb\"},\"inLanguage\":\"az\",\"potentialAction\":[{\"@type\":\"ReadAction\",\"target\":[\"https:\\\/\\\/ictimai.az\\\/?p=6033\"]}]},{\"@type\":\"ImageObject\",\"inLanguage\":\"az\",\"@id\":\"https:\\\/\\\/ictimai.az\\\/?p=6033#primaryimage\",\"url\":\"https:\\\/\\\/ictimai.az\\\/core\\\/uploads\\\/2020\\\/07\\\/ictimai_88a0626b20b7c20e44828a7468df6525_rujogknp67vmtzcys4e3.jpg\",\"contentUrl\":\"https:\\\/\\\/ictimai.az\\\/core\\\/uploads\\\/2020\\\/07\\\/ictimai_88a0626b20b7c20e44828a7468df6525_rujogknp67vmtzcys4e3.jpg\",\"width\":450,\"height\":306},{\"@type\":\"BreadcrumbList\",\"@id\":\"https:\\\/\\\/ictimai.az\\\/?p=6033#breadcrumb\",\"itemListElement\":[{\"@type\":\"ListItem\",\"position\":1,\"name\":\"Home\",\"item\":\"https:\\\/\\\/ictimai.az\\\/\"},{\"@type\":\"ListItem\",\"position\":2,\"name\":\"Q\u0259l\u0259b\u0259y\u0259 do\u011fru ged\u0259n son azadl\u0131q h\u0259r\u0259kat\u0131\"}]},{\"@type\":\"WebSite\",\"@id\":\"https:\\\/\\\/ictimai.az\\\/#website\",\"url\":\"https:\\\/\\\/ictimai.az\\\/\",\"name\":\"\u0130CT\u0130MA\u0130.AZ\",\"description\":\"\",\"publisher\":{\"@id\":\"https:\\\/\\\/ictimai.az\\\/#organization\"},\"potentialAction\":[{\"@type\":\"SearchAction\",\"target\":{\"@type\":\"EntryPoint\",\"urlTemplate\":\"https:\\\/\\\/ictimai.az\\\/?s={search_term_string}\"},\"query-input\":{\"@type\":\"PropertyValueSpecification\",\"valueRequired\":true,\"valueName\":\"search_term_string\"}}],\"inLanguage\":\"az\"},{\"@type\":\"Organization\",\"@id\":\"https:\\\/\\\/ictimai.az\\\/#organization\",\"name\":\"\u0130CT\u0130MA\u0130.AZ\",\"url\":\"https:\\\/\\\/ictimai.az\\\/\",\"logo\":{\"@type\":\"ImageObject\",\"inLanguage\":\"az\",\"@id\":\"https:\\\/\\\/ictimai.az\\\/#\\\/schema\\\/logo\\\/image\\\/\",\"url\":\"https:\\\/\\\/ictimai.az\\\/core\\\/uploads\\\/2026\\\/06\\\/cropped-ictimai_0380d81099c6fe3baae753faceb5481f_p41rg2mzq0uyvextfh3k-768x768-1-3.png\",\"contentUrl\":\"https:\\\/\\\/ictimai.az\\\/core\\\/uploads\\\/2026\\\/06\\\/cropped-ictimai_0380d81099c6fe3baae753faceb5481f_p41rg2mzq0uyvextfh3k-768x768-1-3.png\",\"width\":768,\"height\":768,\"caption\":\"\u0130CT\u0130MA\u0130.AZ\"},\"image\":{\"@id\":\"https:\\\/\\\/ictimai.az\\\/#\\\/schema\\\/logo\\\/image\\\/\"}},{\"@type\":\"Person\",\"@id\":\"https:\\\/\\\/ictimai.az\\\/#\\\/schema\\\/person\\\/1da94bf2c7ab5d83ad349237bec1e6af\",\"name\":\"R\u0259\u015fad Bayramov\",\"image\":{\"@type\":\"ImageObject\",\"inLanguage\":\"az\",\"@id\":\"https:\\\/\\\/secure.gravatar.com\\\/avatar\\\/83c075605ba0a4d35d59726aaad89cfa8008d1f01603342c56f1dd79784491bc?s=96&d=mm&r=g\",\"url\":\"https:\\\/\\\/secure.gravatar.com\\\/avatar\\\/83c075605ba0a4d35d59726aaad89cfa8008d1f01603342c56f1dd79784491bc?s=96&d=mm&r=g\",\"contentUrl\":\"https:\\\/\\\/secure.gravatar.com\\\/avatar\\\/83c075605ba0a4d35d59726aaad89cfa8008d1f01603342c56f1dd79784491bc?s=96&d=mm&r=g\",\"caption\":\"R\u0259\u015fad Bayramov\"},\"sameAs\":[\"https:\\\/\\\/ictimai.az\\\/\"],\"url\":\"https:\\\/\\\/ictimai.az\\\/?author=2\"}]}<\/script>\n<!-- \/ Yoast SEO plugin. -->","yoast_head_json":{"title":"Q\u0259l\u0259b\u0259y\u0259 do\u011fru ged\u0259n son azadl\u0131q h\u0259r\u0259kat\u0131 - \u0130CT\u0130MA\u0130.AZ","robots":{"index":"index","follow":"follow","max-snippet":"max-snippet:-1","max-image-preview":"max-image-preview:large","max-video-preview":"max-video-preview:-1"},"canonical":"https:\/\/ictimai.az\/?p=6033","og_locale":"az_AZ","og_type":"article","og_title":"Q\u0259l\u0259b\u0259y\u0259 do\u011fru ged\u0259n son azadl\u0131q h\u0259r\u0259kat\u0131 - \u0130CT\u0130MA\u0130.AZ","og_description":"Son g\u00fcnl\u0259rd\u0259 minl\u0259rl\u0259 g\u0259ncin k\u00f6n\u00fcll\u00fc olaraq c\u0259bh\u0259y\u0259 yollanaraq torpaqlar\u0131m\u0131z\u0131n i\u015f\u011faldan azad olunmas\u0131 istiqam\u0259tind\u0259 d\u00f6vl\u0259timiz\u0259 v\u0259 ordumuza d\u0259st\u0259k olmas\u0131 Ali Ba\u015f Komandana v\u0259 Silahl\u0131 Q\u00fcvv\u0259l\u0259rimiz\u0259 olan etimad\u0131n g\u00f6st\u0259ricisidir. Bu etimad, bu ist\u0259k \u0259slind\u0259 zaman-zaman xalq\u0131n q\u0259lbind\u0259 yaranm\u0131\u015fd\u0131r. Az\u0259rbaycan Prezidenti, Ali Ba\u015f Komandan\u0131n d\u00f6y\u00fc\u015f\u0259 haz\u0131rl\u0131q \u018fmrinin sevincl\u0259 qar\u015f\u0131lanmas\u0131 bu g\u00fcn h\u0259r bir az\u0259rbaycanl\u0131n\u0131n q\u0259lbind\u0259 ya\u015fayan V\u0259t\u0259n sevgisi [&hellip;]","og_url":"https:\/\/ictimai.az\/?p=6033","og_site_name":"\u0130CT\u0130MA\u0130.AZ","article_published_time":"2020-09-30T09:18:54+00:00","article_modified_time":"2020-09-30T12:07:28+00:00","og_image":[{"width":450,"height":306,"url":"https:\/\/ictimai.az\/core\/uploads\/2020\/07\/ictimai_88a0626b20b7c20e44828a7468df6525_rujogknp67vmtzcys4e3.jpg","type":"image\/jpeg"}],"author":"R\u0259\u015fad Bayramov","twitter_card":"summary_large_image","twitter_misc":{"Written by":"R\u0259\u015fad Bayramov","Est. reading time":"6 minutes"},"schema":{"@context":"https:\/\/schema.org","@graph":[{"@type":"Article","@id":"https:\/\/ictimai.az\/?p=6033#article","isPartOf":{"@id":"https:\/\/ictimai.az\/?p=6033"},"author":{"name":"R\u0259\u015fad Bayramov","@id":"https:\/\/ictimai.az\/#\/schema\/person\/1da94bf2c7ab5d83ad349237bec1e6af"},"headline":"Q\u0259l\u0259b\u0259y\u0259 do\u011fru ged\u0259n son azadl\u0131q h\u0259r\u0259kat\u0131","datePublished":"2020-09-30T09:18:54+00:00","dateModified":"2020-09-30T12:07:28+00:00","mainEntityOfPage":{"@id":"https:\/\/ictimai.az\/?p=6033"},"wordCount":1198,"publisher":{"@id":"https:\/\/ictimai.az\/#organization"},"image":{"@id":"https:\/\/ictimai.az\/?p=6033#primaryimage"},"thumbnailUrl":"https:\/\/ictimai.az\/core\/uploads\/2020\/07\/ictimai_88a0626b20b7c20e44828a7468df6525_rujogknp67vmtzcys4e3.jpg","articleSection":["Siyas\u0259t","Sosial"],"inLanguage":"az"},{"@type":"WebPage","@id":"https:\/\/ictimai.az\/?p=6033","url":"https:\/\/ictimai.az\/?p=6033","name":"Q\u0259l\u0259b\u0259y\u0259 do\u011fru ged\u0259n son azadl\u0131q h\u0259r\u0259kat\u0131 - \u0130CT\u0130MA\u0130.AZ","isPartOf":{"@id":"https:\/\/ictimai.az\/#website"},"primaryImageOfPage":{"@id":"https:\/\/ictimai.az\/?p=6033#primaryimage"},"image":{"@id":"https:\/\/ictimai.az\/?p=6033#primaryimage"},"thumbnailUrl":"https:\/\/ictimai.az\/core\/uploads\/2020\/07\/ictimai_88a0626b20b7c20e44828a7468df6525_rujogknp67vmtzcys4e3.jpg","datePublished":"2020-09-30T09:18:54+00:00","dateModified":"2020-09-30T12:07:28+00:00","breadcrumb":{"@id":"https:\/\/ictimai.az\/?p=6033#breadcrumb"},"inLanguage":"az","potentialAction":[{"@type":"ReadAction","target":["https:\/\/ictimai.az\/?p=6033"]}]},{"@type":"ImageObject","inLanguage":"az","@id":"https:\/\/ictimai.az\/?p=6033#primaryimage","url":"https:\/\/ictimai.az\/core\/uploads\/2020\/07\/ictimai_88a0626b20b7c20e44828a7468df6525_rujogknp67vmtzcys4e3.jpg","contentUrl":"https:\/\/ictimai.az\/core\/uploads\/2020\/07\/ictimai_88a0626b20b7c20e44828a7468df6525_rujogknp67vmtzcys4e3.jpg","width":450,"height":306},{"@type":"BreadcrumbList","@id":"https:\/\/ictimai.az\/?p=6033#breadcrumb","itemListElement":[{"@type":"ListItem","position":1,"name":"Home","item":"https:\/\/ictimai.az\/"},{"@type":"ListItem","position":2,"name":"Q\u0259l\u0259b\u0259y\u0259 do\u011fru ged\u0259n son azadl\u0131q h\u0259r\u0259kat\u0131"}]},{"@type":"WebSite","@id":"https:\/\/ictimai.az\/#website","url":"https:\/\/ictimai.az\/","name":"\u0130CT\u0130MA\u0130.AZ","description":"","publisher":{"@id":"https:\/\/ictimai.az\/#organization"},"potentialAction":[{"@type":"SearchAction","target":{"@type":"EntryPoint","urlTemplate":"https:\/\/ictimai.az\/?s={search_term_string}"},"query-input":{"@type":"PropertyValueSpecification","valueRequired":true,"valueName":"search_term_string"}}],"inLanguage":"az"},{"@type":"Organization","@id":"https:\/\/ictimai.az\/#organization","name":"\u0130CT\u0130MA\u0130.AZ","url":"https:\/\/ictimai.az\/","logo":{"@type":"ImageObject","inLanguage":"az","@id":"https:\/\/ictimai.az\/#\/schema\/logo\/image\/","url":"https:\/\/ictimai.az\/core\/uploads\/2026\/06\/cropped-ictimai_0380d81099c6fe3baae753faceb5481f_p41rg2mzq0uyvextfh3k-768x768-1-3.png","contentUrl":"https:\/\/ictimai.az\/core\/uploads\/2026\/06\/cropped-ictimai_0380d81099c6fe3baae753faceb5481f_p41rg2mzq0uyvextfh3k-768x768-1-3.png","width":768,"height":768,"caption":"\u0130CT\u0130MA\u0130.AZ"},"image":{"@id":"https:\/\/ictimai.az\/#\/schema\/logo\/image\/"}},{"@type":"Person","@id":"https:\/\/ictimai.az\/#\/schema\/person\/1da94bf2c7ab5d83ad349237bec1e6af","name":"R\u0259\u015fad Bayramov","image":{"@type":"ImageObject","inLanguage":"az","@id":"https:\/\/secure.gravatar.com\/avatar\/83c075605ba0a4d35d59726aaad89cfa8008d1f01603342c56f1dd79784491bc?s=96&d=mm&r=g","url":"https:\/\/secure.gravatar.com\/avatar\/83c075605ba0a4d35d59726aaad89cfa8008d1f01603342c56f1dd79784491bc?s=96&d=mm&r=g","contentUrl":"https:\/\/secure.gravatar.com\/avatar\/83c075605ba0a4d35d59726aaad89cfa8008d1f01603342c56f1dd79784491bc?s=96&d=mm&r=g","caption":"R\u0259\u015fad Bayramov"},"sameAs":["https:\/\/ictimai.az\/"],"url":"https:\/\/ictimai.az\/?author=2"}]}},"_links":{"self":[{"href":"https:\/\/ictimai.az\/index.php?rest_route=\/wp\/v2\/posts\/6033","targetHints":{"allow":["GET"]}}],"collection":[{"href":"https:\/\/ictimai.az\/index.php?rest_route=\/wp\/v2\/posts"}],"about":[{"href":"https:\/\/ictimai.az\/index.php?rest_route=\/wp\/v2\/types\/post"}],"author":[{"embeddable":true,"href":"https:\/\/ictimai.az\/index.php?rest_route=\/wp\/v2\/users\/2"}],"replies":[{"embeddable":true,"href":"https:\/\/ictimai.az\/index.php?rest_route=%2Fwp%2Fv2%2Fcomments&post=6033"}],"version-history":[{"count":0,"href":"https:\/\/ictimai.az\/index.php?rest_route=\/wp\/v2\/posts\/6033\/revisions"}],"wp:featuredmedia":[{"embeddable":true,"href":"https:\/\/ictimai.az\/index.php?rest_route=\/wp\/v2\/media\/4583"}],"wp:attachment":[{"href":"https:\/\/ictimai.az\/index.php?rest_route=%2Fwp%2Fv2%2Fmedia&parent=6033"}],"wp:term":[{"taxonomy":"category","embeddable":true,"href":"https:\/\/ictimai.az\/index.php?rest_route=%2Fwp%2Fv2%2Fcategories&post=6033"},{"taxonomy":"post_tag","embeddable":true,"href":"https:\/\/ictimai.az\/index.php?rest_route=%2Fwp%2Fv2%2Ftags&post=6033"}],"curies":[{"name":"wp","href":"https:\/\/api.w.org\/{rel}","templated":true}]}}