{"id":61612,"date":"2024-12-04T11:41:09","date_gmt":"2024-12-04T07:41:09","guid":{"rendered":"https:\/\/ictimai.az\/?p=61612"},"modified":"2024-12-04T11:35:04","modified_gmt":"2024-12-04T07:35:04","slug":"real-madridin-ulduzu-karyerasini-seudiyye-erebistaninda-davam-etdirmek-isteyir","status":"publish","type":"post","link":"https:\/\/ictimai.az\/?p=61612","title":{"rendered":"&#8220;Real Madrid&#8221;in ulduzu karyeras\u0131n\u0131 S\u0259udiyy\u0259 \u018fr\u0259bistan\u0131nda davam etdirm\u0259k ist\u0259yir"},"content":{"rendered":"<p>&#8220;Real Madrid&#8221;in futbol\u00e7usu Vinisius karyeras\u0131n\u0131 S\u0259udiyy\u0259 \u018fr\u0259bistan\u0131nda davam etdirm\u0259k ist\u0259yir.<\/p>\n<p>Bu bar\u0259d\u0259 jurnalist Romain Molina sosial \u015f\u0259b\u0259k\u0259l\u0259rd\u0259 m\u0259lumat verib.<\/p>\n<p>Forvard v\u0259 \u0259traf\u0131 son aylarda onlara t\u0259klif olunan m\u0259bl\u0259\u011fl\u0259rl\u0259 maraqlan\u0131r. Real Madrid futbol\u00e7unu satma\u011fa raz\u0131 olsa, futbol tarixind\u0259 \u0259n b\u00f6y\u00fck m\u0259bl\u0259\u011fi qazanacaq.<\/p>\n<p>Bu m\u00f6vs\u00fcm Vinisius 18 oyun ke\u00e7irib, 12 qol vurub v\u0259 8 m\u0259hsuldar \u00f6t\u00fcrm\u0259 edib. Onun &#8220;Real&#8221;la m\u00fcqavil\u0259si 2027-ci ilin yay\u0131na q\u0259d\u0259rdir.<\/p>\n<p>Noyabr\u0131n 1-d\u0259 futbol\u00e7unun &#8220;Real Madrid&#8221;d\u0259n ayr\u0131lma\u011f\u0131 d\u00fc\u015f\u00fcnd\u00fcy\u00fc bildirilirdi. Futbol\u00e7u \u0130spaniyada oynayark\u0259n \u00f6z\u00fcn\u00fc irq\u00e7iliy\u0259 m\u0259ruz qoyur. Vinisius b\u0259z\u0259n hakiml\u0259rin t\u0259hqir ed\u0259nl\u0259ri deyil, \u00f6z\u00fcn\u00fc c\u0259zaland\u0131rmas\u0131n\u0131 sevmir. H\u0259m\u00e7inin, onun bu istiqam\u0259td\u0259ki f\u0259aliyy\u0259tin\u0259 \u201cQ\u0131z\u0131l top\u201d m\u0259rasimind\u0259 m\u0259h\u0259l qoyulmay\u0131b.<\/p>\n","protected":false},"excerpt":{"rendered":"<p>&#8220;Real Madrid&#8221;in futbol\u00e7usu Vinisius karyeras\u0131n\u0131 S\u0259udiyy\u0259 \u018fr\u0259bistan\u0131nda davam etdirm\u0259k ist\u0259yir. Bu bar\u0259d\u0259 jurnalist Romain Molina sosial \u015f\u0259b\u0259k\u0259l\u0259rd\u0259 m\u0259lumat verib. Forvard v\u0259 \u0259traf\u0131 son aylarda onlara t\u0259klif olunan m\u0259bl\u0259\u011fl\u0259rl\u0259 maraqlan\u0131r. Real Madrid futbol\u00e7unu satma\u011fa raz\u0131 olsa, futbol tarixind\u0259 \u0259n b\u00f6y\u00fck m\u0259bl\u0259\u011fi qazanacaq. Bu m\u00f6vs\u00fcm Vinisius 18 oyun ke\u00e7irib, 12 qol vurub v\u0259 8 m\u0259hsuldar \u00f6t\u00fcrm\u0259 edib. [&hellip;]<\/p>\n","protected":false},"author":2,"featured_media":61613,"comment_status":"closed","ping_status":"closed","sticky":false,"template":"","format":"standard","meta":{"footnotes":""},"categories":[37,36],"tags":[],"class_list":["post-61612","post","type-post","status-publish","format-standard","has-post-thumbnail","hentry","category-sport","category-media"],"yoast_head":"<!-- This site is optimized with the Yoast SEO plugin v28.2 - https:\/\/yoast.com\/product\/yoast-seo-wordpress\/ -->\n<title>&quot;Real Madrid&quot;in ulduzu karyeras\u0131n\u0131 S\u0259udiyy\u0259 \u018fr\u0259bistan\u0131nda davam etdirm\u0259k ist\u0259yir - \u0130CT\u0130MA\u0130.AZ<\/title>\n<meta name=\"robots\" content=\"index, follow, max-snippet:-1, max-image-preview:large, max-video-preview:-1\" \/>\n<link rel=\"canonical\" href=\"https:\/\/ictimai.az\/?p=61612\" \/>\n<meta property=\"og:locale\" content=\"az_AZ\" \/>\n<meta property=\"og:type\" content=\"article\" \/>\n<meta property=\"og:title\" content=\"&quot;Real Madrid&quot;in ulduzu karyeras\u0131n\u0131 S\u0259udiyy\u0259 \u018fr\u0259bistan\u0131nda davam etdirm\u0259k ist\u0259yir - \u0130CT\u0130MA\u0130.AZ\" \/>\n<meta property=\"og:description\" content=\"&#8220;Real Madrid&#8221;in futbol\u00e7usu Vinisius karyeras\u0131n\u0131 S\u0259udiyy\u0259 \u018fr\u0259bistan\u0131nda davam etdirm\u0259k ist\u0259yir. Bu bar\u0259d\u0259 jurnalist Romain Molina sosial \u015f\u0259b\u0259k\u0259l\u0259rd\u0259 m\u0259lumat verib. Forvard v\u0259 \u0259traf\u0131 son aylarda onlara t\u0259klif olunan m\u0259bl\u0259\u011fl\u0259rl\u0259 maraqlan\u0131r. Real Madrid futbol\u00e7unu satma\u011fa raz\u0131 olsa, futbol tarixind\u0259 \u0259n b\u00f6y\u00fck m\u0259bl\u0259\u011fi qazanacaq. Bu m\u00f6vs\u00fcm Vinisius 18 oyun ke\u00e7irib, 12 qol vurub v\u0259 8 m\u0259hsuldar \u00f6t\u00fcrm\u0259 edib. [&hellip;]\" \/>\n<meta property=\"og:url\" content=\"https:\/\/ictimai.az\/?p=61612\" \/>\n<meta property=\"og:site_name\" content=\"\u0130CT\u0130MA\u0130.AZ\" \/>\n<meta property=\"article:published_time\" content=\"2024-12-04T07:41:09+00:00\" \/>\n<meta property=\"og:image\" content=\"https:\/\/ictimai.az\/core\/uploads\/2024\/12\/ictimai_8ff8d78b9f1dacaed901e64ddd61e39e_09jci73b4f2whpzxuvos.jpg\" \/>\n\t<meta property=\"og:image:width\" content=\"900\" \/>\n\t<meta property=\"og:image:height\" content=\"600\" \/>\n\t<meta property=\"og:image:type\" content=\"image\/jpeg\" \/>\n<meta name=\"author\" content=\"R\u0259\u015fad Bayramov\" \/>\n<meta name=\"twitter:card\" content=\"summary_large_image\" \/>\n<meta name=\"twitter:label1\" content=\"Written by\" \/>\n\t<meta name=\"twitter:data1\" content=\"R\u0259\u015fad Bayramov\" \/>\n\t<meta name=\"twitter:label2\" content=\"Est. reading time\" \/>\n\t<meta name=\"twitter:data2\" content=\"1 minute\" \/>\n<script type=\"application\/ld+json\" class=\"yoast-schema-graph\">{\"@context\":\"https:\\\/\\\/schema.org\",\"@graph\":[{\"@type\":\"Article\",\"@id\":\"https:\\\/\\\/ictimai.az\\\/?p=61612#article\",\"isPartOf\":{\"@id\":\"https:\\\/\\\/ictimai.az\\\/?p=61612\"},\"author\":{\"name\":\"R\u0259\u015fad Bayramov\",\"@id\":\"https:\\\/\\\/ictimai.az\\\/#\\\/schema\\\/person\\\/1da94bf2c7ab5d83ad349237bec1e6af\"},\"headline\":\"&#8220;Real Madrid&#8221;in ulduzu karyeras\u0131n\u0131 S\u0259udiyy\u0259 \u018fr\u0259bistan\u0131nda davam etdirm\u0259k ist\u0259yir\",\"datePublished\":\"2024-12-04T07:41:09+00:00\",\"mainEntityOfPage\":{\"@id\":\"https:\\\/\\\/ictimai.az\\\/?p=61612\"},\"wordCount\":178,\"publisher\":{\"@id\":\"https:\\\/\\\/ictimai.az\\\/#organization\"},\"image\":{\"@id\":\"https:\\\/\\\/ictimai.az\\\/?p=61612#primaryimage\"},\"thumbnailUrl\":\"https:\\\/\\\/ictimai.az\\\/core\\\/uploads\\\/2024\\\/12\\\/ictimai_8ff8d78b9f1dacaed901e64ddd61e39e_09jci73b4f2whpzxuvos.jpg\",\"articleSection\":[\"\u0130dman\",\"MED\u0130A\"],\"inLanguage\":\"az\"},{\"@type\":\"WebPage\",\"@id\":\"https:\\\/\\\/ictimai.az\\\/?p=61612\",\"url\":\"https:\\\/\\\/ictimai.az\\\/?p=61612\",\"name\":\"\\\"Real Madrid\\\"in ulduzu karyeras\u0131n\u0131 S\u0259udiyy\u0259 \u018fr\u0259bistan\u0131nda davam etdirm\u0259k ist\u0259yir - \u0130CT\u0130MA\u0130.AZ\",\"isPartOf\":{\"@id\":\"https:\\\/\\\/ictimai.az\\\/#website\"},\"primaryImageOfPage\":{\"@id\":\"https:\\\/\\\/ictimai.az\\\/?p=61612#primaryimage\"},\"image\":{\"@id\":\"https:\\\/\\\/ictimai.az\\\/?p=61612#primaryimage\"},\"thumbnailUrl\":\"https:\\\/\\\/ictimai.az\\\/core\\\/uploads\\\/2024\\\/12\\\/ictimai_8ff8d78b9f1dacaed901e64ddd61e39e_09jci73b4f2whpzxuvos.jpg\",\"datePublished\":\"2024-12-04T07:41:09+00:00\",\"breadcrumb\":{\"@id\":\"https:\\\/\\\/ictimai.az\\\/?p=61612#breadcrumb\"},\"inLanguage\":\"az\",\"potentialAction\":[{\"@type\":\"ReadAction\",\"target\":[\"https:\\\/\\\/ictimai.az\\\/?p=61612\"]}]},{\"@type\":\"ImageObject\",\"inLanguage\":\"az\",\"@id\":\"https:\\\/\\\/ictimai.az\\\/?p=61612#primaryimage\",\"url\":\"https:\\\/\\\/ictimai.az\\\/core\\\/uploads\\\/2024\\\/12\\\/ictimai_8ff8d78b9f1dacaed901e64ddd61e39e_09jci73b4f2whpzxuvos.jpg\",\"contentUrl\":\"https:\\\/\\\/ictimai.az\\\/core\\\/uploads\\\/2024\\\/12\\\/ictimai_8ff8d78b9f1dacaed901e64ddd61e39e_09jci73b4f2whpzxuvos.jpg\",\"width\":900,\"height\":600},{\"@type\":\"BreadcrumbList\",\"@id\":\"https:\\\/\\\/ictimai.az\\\/?p=61612#breadcrumb\",\"itemListElement\":[{\"@type\":\"ListItem\",\"position\":1,\"name\":\"Home\",\"item\":\"https:\\\/\\\/ictimai.az\\\/\"},{\"@type\":\"ListItem\",\"position\":2,\"name\":\"&#8220;Real Madrid&#8221;in ulduzu karyeras\u0131n\u0131 S\u0259udiyy\u0259 \u018fr\u0259bistan\u0131nda davam etdirm\u0259k ist\u0259yir\"}]},{\"@type\":\"WebSite\",\"@id\":\"https:\\\/\\\/ictimai.az\\\/#website\",\"url\":\"https:\\\/\\\/ictimai.az\\\/\",\"name\":\"\u0130CT\u0130MA\u0130.AZ\",\"description\":\"\",\"publisher\":{\"@id\":\"https:\\\/\\\/ictimai.az\\\/#organization\"},\"potentialAction\":[{\"@type\":\"SearchAction\",\"target\":{\"@type\":\"EntryPoint\",\"urlTemplate\":\"https:\\\/\\\/ictimai.az\\\/?s={search_term_string}\"},\"query-input\":{\"@type\":\"PropertyValueSpecification\",\"valueRequired\":true,\"valueName\":\"search_term_string\"}}],\"inLanguage\":\"az\"},{\"@type\":\"Organization\",\"@id\":\"https:\\\/\\\/ictimai.az\\\/#organization\",\"name\":\"\u0130CT\u0130MA\u0130.AZ\",\"url\":\"https:\\\/\\\/ictimai.az\\\/\",\"logo\":{\"@type\":\"ImageObject\",\"inLanguage\":\"az\",\"@id\":\"https:\\\/\\\/ictimai.az\\\/#\\\/schema\\\/logo\\\/image\\\/\",\"url\":\"https:\\\/\\\/ictimai.az\\\/core\\\/uploads\\\/2026\\\/06\\\/cropped-ictimai_0380d81099c6fe3baae753faceb5481f_p41rg2mzq0uyvextfh3k-768x768-1-3.png\",\"contentUrl\":\"https:\\\/\\\/ictimai.az\\\/core\\\/uploads\\\/2026\\\/06\\\/cropped-ictimai_0380d81099c6fe3baae753faceb5481f_p41rg2mzq0uyvextfh3k-768x768-1-3.png\",\"width\":768,\"height\":768,\"caption\":\"\u0130CT\u0130MA\u0130.AZ\"},\"image\":{\"@id\":\"https:\\\/\\\/ictimai.az\\\/#\\\/schema\\\/logo\\\/image\\\/\"}},{\"@type\":\"Person\",\"@id\":\"https:\\\/\\\/ictimai.az\\\/#\\\/schema\\\/person\\\/1da94bf2c7ab5d83ad349237bec1e6af\",\"name\":\"R\u0259\u015fad Bayramov\",\"image\":{\"@type\":\"ImageObject\",\"inLanguage\":\"az\",\"@id\":\"https:\\\/\\\/secure.gravatar.com\\\/avatar\\\/83c075605ba0a4d35d59726aaad89cfa8008d1f01603342c56f1dd79784491bc?s=96&d=mm&r=g\",\"url\":\"https:\\\/\\\/secure.gravatar.com\\\/avatar\\\/83c075605ba0a4d35d59726aaad89cfa8008d1f01603342c56f1dd79784491bc?s=96&d=mm&r=g\",\"contentUrl\":\"https:\\\/\\\/secure.gravatar.com\\\/avatar\\\/83c075605ba0a4d35d59726aaad89cfa8008d1f01603342c56f1dd79784491bc?s=96&d=mm&r=g\",\"caption\":\"R\u0259\u015fad Bayramov\"},\"sameAs\":[\"https:\\\/\\\/ictimai.az\\\/\"],\"url\":\"https:\\\/\\\/ictimai.az\\\/?author=2\"}]}<\/script>\n<!-- \/ Yoast SEO plugin. -->","yoast_head_json":{"title":"\"Real Madrid\"in ulduzu karyeras\u0131n\u0131 S\u0259udiyy\u0259 \u018fr\u0259bistan\u0131nda davam etdirm\u0259k ist\u0259yir - \u0130CT\u0130MA\u0130.AZ","robots":{"index":"index","follow":"follow","max-snippet":"max-snippet:-1","max-image-preview":"max-image-preview:large","max-video-preview":"max-video-preview:-1"},"canonical":"https:\/\/ictimai.az\/?p=61612","og_locale":"az_AZ","og_type":"article","og_title":"\"Real Madrid\"in ulduzu karyeras\u0131n\u0131 S\u0259udiyy\u0259 \u018fr\u0259bistan\u0131nda davam etdirm\u0259k ist\u0259yir - \u0130CT\u0130MA\u0130.AZ","og_description":"&#8220;Real Madrid&#8221;in futbol\u00e7usu Vinisius karyeras\u0131n\u0131 S\u0259udiyy\u0259 \u018fr\u0259bistan\u0131nda davam etdirm\u0259k ist\u0259yir. Bu bar\u0259d\u0259 jurnalist Romain Molina sosial \u015f\u0259b\u0259k\u0259l\u0259rd\u0259 m\u0259lumat verib. Forvard v\u0259 \u0259traf\u0131 son aylarda onlara t\u0259klif olunan m\u0259bl\u0259\u011fl\u0259rl\u0259 maraqlan\u0131r. Real Madrid futbol\u00e7unu satma\u011fa raz\u0131 olsa, futbol tarixind\u0259 \u0259n b\u00f6y\u00fck m\u0259bl\u0259\u011fi qazanacaq. Bu m\u00f6vs\u00fcm Vinisius 18 oyun ke\u00e7irib, 12 qol vurub v\u0259 8 m\u0259hsuldar \u00f6t\u00fcrm\u0259 edib. [&hellip;]","og_url":"https:\/\/ictimai.az\/?p=61612","og_site_name":"\u0130CT\u0130MA\u0130.AZ","article_published_time":"2024-12-04T07:41:09+00:00","og_image":[{"width":900,"height":600,"url":"https:\/\/ictimai.az\/core\/uploads\/2024\/12\/ictimai_8ff8d78b9f1dacaed901e64ddd61e39e_09jci73b4f2whpzxuvos.jpg","type":"image\/jpeg"}],"author":"R\u0259\u015fad Bayramov","twitter_card":"summary_large_image","twitter_misc":{"Written by":"R\u0259\u015fad Bayramov","Est. reading time":"1 minute"},"schema":{"@context":"https:\/\/schema.org","@graph":[{"@type":"Article","@id":"https:\/\/ictimai.az\/?p=61612#article","isPartOf":{"@id":"https:\/\/ictimai.az\/?p=61612"},"author":{"name":"R\u0259\u015fad Bayramov","@id":"https:\/\/ictimai.az\/#\/schema\/person\/1da94bf2c7ab5d83ad349237bec1e6af"},"headline":"&#8220;Real Madrid&#8221;in ulduzu karyeras\u0131n\u0131 S\u0259udiyy\u0259 \u018fr\u0259bistan\u0131nda davam etdirm\u0259k ist\u0259yir","datePublished":"2024-12-04T07:41:09+00:00","mainEntityOfPage":{"@id":"https:\/\/ictimai.az\/?p=61612"},"wordCount":178,"publisher":{"@id":"https:\/\/ictimai.az\/#organization"},"image":{"@id":"https:\/\/ictimai.az\/?p=61612#primaryimage"},"thumbnailUrl":"https:\/\/ictimai.az\/core\/uploads\/2024\/12\/ictimai_8ff8d78b9f1dacaed901e64ddd61e39e_09jci73b4f2whpzxuvos.jpg","articleSection":["\u0130dman","MED\u0130A"],"inLanguage":"az"},{"@type":"WebPage","@id":"https:\/\/ictimai.az\/?p=61612","url":"https:\/\/ictimai.az\/?p=61612","name":"\"Real Madrid\"in ulduzu karyeras\u0131n\u0131 S\u0259udiyy\u0259 \u018fr\u0259bistan\u0131nda davam etdirm\u0259k ist\u0259yir - \u0130CT\u0130MA\u0130.AZ","isPartOf":{"@id":"https:\/\/ictimai.az\/#website"},"primaryImageOfPage":{"@id":"https:\/\/ictimai.az\/?p=61612#primaryimage"},"image":{"@id":"https:\/\/ictimai.az\/?p=61612#primaryimage"},"thumbnailUrl":"https:\/\/ictimai.az\/core\/uploads\/2024\/12\/ictimai_8ff8d78b9f1dacaed901e64ddd61e39e_09jci73b4f2whpzxuvos.jpg","datePublished":"2024-12-04T07:41:09+00:00","breadcrumb":{"@id":"https:\/\/ictimai.az\/?p=61612#breadcrumb"},"inLanguage":"az","potentialAction":[{"@type":"ReadAction","target":["https:\/\/ictimai.az\/?p=61612"]}]},{"@type":"ImageObject","inLanguage":"az","@id":"https:\/\/ictimai.az\/?p=61612#primaryimage","url":"https:\/\/ictimai.az\/core\/uploads\/2024\/12\/ictimai_8ff8d78b9f1dacaed901e64ddd61e39e_09jci73b4f2whpzxuvos.jpg","contentUrl":"https:\/\/ictimai.az\/core\/uploads\/2024\/12\/ictimai_8ff8d78b9f1dacaed901e64ddd61e39e_09jci73b4f2whpzxuvos.jpg","width":900,"height":600},{"@type":"BreadcrumbList","@id":"https:\/\/ictimai.az\/?p=61612#breadcrumb","itemListElement":[{"@type":"ListItem","position":1,"name":"Home","item":"https:\/\/ictimai.az\/"},{"@type":"ListItem","position":2,"name":"&#8220;Real Madrid&#8221;in ulduzu karyeras\u0131n\u0131 S\u0259udiyy\u0259 \u018fr\u0259bistan\u0131nda davam etdirm\u0259k ist\u0259yir"}]},{"@type":"WebSite","@id":"https:\/\/ictimai.az\/#website","url":"https:\/\/ictimai.az\/","name":"\u0130CT\u0130MA\u0130.AZ","description":"","publisher":{"@id":"https:\/\/ictimai.az\/#organization"},"potentialAction":[{"@type":"SearchAction","target":{"@type":"EntryPoint","urlTemplate":"https:\/\/ictimai.az\/?s={search_term_string}"},"query-input":{"@type":"PropertyValueSpecification","valueRequired":true,"valueName":"search_term_string"}}],"inLanguage":"az"},{"@type":"Organization","@id":"https:\/\/ictimai.az\/#organization","name":"\u0130CT\u0130MA\u0130.AZ","url":"https:\/\/ictimai.az\/","logo":{"@type":"ImageObject","inLanguage":"az","@id":"https:\/\/ictimai.az\/#\/schema\/logo\/image\/","url":"https:\/\/ictimai.az\/core\/uploads\/2026\/06\/cropped-ictimai_0380d81099c6fe3baae753faceb5481f_p41rg2mzq0uyvextfh3k-768x768-1-3.png","contentUrl":"https:\/\/ictimai.az\/core\/uploads\/2026\/06\/cropped-ictimai_0380d81099c6fe3baae753faceb5481f_p41rg2mzq0uyvextfh3k-768x768-1-3.png","width":768,"height":768,"caption":"\u0130CT\u0130MA\u0130.AZ"},"image":{"@id":"https:\/\/ictimai.az\/#\/schema\/logo\/image\/"}},{"@type":"Person","@id":"https:\/\/ictimai.az\/#\/schema\/person\/1da94bf2c7ab5d83ad349237bec1e6af","name":"R\u0259\u015fad Bayramov","image":{"@type":"ImageObject","inLanguage":"az","@id":"https:\/\/secure.gravatar.com\/avatar\/83c075605ba0a4d35d59726aaad89cfa8008d1f01603342c56f1dd79784491bc?s=96&d=mm&r=g","url":"https:\/\/secure.gravatar.com\/avatar\/83c075605ba0a4d35d59726aaad89cfa8008d1f01603342c56f1dd79784491bc?s=96&d=mm&r=g","contentUrl":"https:\/\/secure.gravatar.com\/avatar\/83c075605ba0a4d35d59726aaad89cfa8008d1f01603342c56f1dd79784491bc?s=96&d=mm&r=g","caption":"R\u0259\u015fad Bayramov"},"sameAs":["https:\/\/ictimai.az\/"],"url":"https:\/\/ictimai.az\/?author=2"}]}},"_links":{"self":[{"href":"https:\/\/ictimai.az\/index.php?rest_route=\/wp\/v2\/posts\/61612","targetHints":{"allow":["GET"]}}],"collection":[{"href":"https:\/\/ictimai.az\/index.php?rest_route=\/wp\/v2\/posts"}],"about":[{"href":"https:\/\/ictimai.az\/index.php?rest_route=\/wp\/v2\/types\/post"}],"author":[{"embeddable":true,"href":"https:\/\/ictimai.az\/index.php?rest_route=\/wp\/v2\/users\/2"}],"replies":[{"embeddable":true,"href":"https:\/\/ictimai.az\/index.php?rest_route=%2Fwp%2Fv2%2Fcomments&post=61612"}],"version-history":[{"count":0,"href":"https:\/\/ictimai.az\/index.php?rest_route=\/wp\/v2\/posts\/61612\/revisions"}],"wp:featuredmedia":[{"embeddable":true,"href":"https:\/\/ictimai.az\/index.php?rest_route=\/wp\/v2\/media\/61613"}],"wp:attachment":[{"href":"https:\/\/ictimai.az\/index.php?rest_route=%2Fwp%2Fv2%2Fmedia&parent=61612"}],"wp:term":[{"taxonomy":"category","embeddable":true,"href":"https:\/\/ictimai.az\/index.php?rest_route=%2Fwp%2Fv2%2Fcategories&post=61612"},{"taxonomy":"post_tag","embeddable":true,"href":"https:\/\/ictimai.az\/index.php?rest_route=%2Fwp%2Fv2%2Ftags&post=61612"}],"curies":[{"name":"wp","href":"https:\/\/api.w.org\/{rel}","templated":true}]}}