{"id":61723,"date":"2024-12-05T18:07:36","date_gmt":"2024-12-05T14:07:36","guid":{"rendered":"https:\/\/ictimai.az\/?p=61723"},"modified":"2024-12-05T16:37:14","modified_gmt":"2024-12-05T12:37:14","slug":"azerbaycani-avropa-cempionatinda-temsil-edecek-sahmatcilar-belli-olub","status":"publish","type":"post","link":"https:\/\/ictimai.az\/?p=61723","title":{"rendered":"Az\u0259rbaycan\u0131 Avropa \u00e7empionat\u0131nda t\u0259msil ed\u0259c\u0259k \u015fahmat\u00e7\u0131lar b\u0259lli olub"},"content":{"rendered":"<p>\u015eimali Makedoniyan\u0131n Skopye \u015f\u0259h\u0259rind\u0259 ke\u00e7iril\u0259c\u0259k rapid v\u0259 blits \u00fczr\u0259 Avropa \u00e7empionat\u0131nda Az\u0259rbaycan\u0131 t\u0259msil ed\u0259c\u0259k \u015fahmat\u00e7\u0131lar b\u0259lli olub.<\/p>\n<p><strong>\u0130ctimai.az<\/strong>\u00a0x\u0259b\u0259r verir ki, yar\u0131\u015fda y\u0131\u011fman\u0131n d\u00f6rd \u00fczv\u00fc m\u00fcbariz\u0259 aparacaq. Bunlar Eltac S\u0259f\u0259rli, Rauf M\u0259mm\u0259dov, Namiq Quliyev v\u0259 M\u0259h\u0259mm\u0259d Muradl\u0131d\u0131r.<\/p>\n<p>Qeyd ed\u0259k ki, Avropa \u00e7empionat\u0131 dekabr\u0131n 6-dan 11-d\u0259k t\u0259\u015fkil olunacaq.<\/p>\n","protected":false},"excerpt":{"rendered":"<p>\u015eimali Makedoniyan\u0131n Skopye \u015f\u0259h\u0259rind\u0259 ke\u00e7iril\u0259c\u0259k rapid v\u0259 blits \u00fczr\u0259 Avropa \u00e7empionat\u0131nda Az\u0259rbaycan\u0131 t\u0259msil ed\u0259c\u0259k \u015fahmat\u00e7\u0131lar b\u0259lli olub. \u0130ctimai.az\u00a0x\u0259b\u0259r verir ki, yar\u0131\u015fda y\u0131\u011fman\u0131n d\u00f6rd \u00fczv\u00fc m\u00fcbariz\u0259 aparacaq. Bunlar Eltac S\u0259f\u0259rli, Rauf M\u0259mm\u0259dov, Namiq Quliyev v\u0259 M\u0259h\u0259mm\u0259d Muradl\u0131d\u0131r. Qeyd ed\u0259k ki, Avropa \u00e7empionat\u0131 dekabr\u0131n 6-dan 11-d\u0259k t\u0259\u015fkil olunacaq.<\/p>\n","protected":false},"author":2,"featured_media":61724,"comment_status":"closed","ping_status":"closed","sticky":false,"template":"","format":"standard","meta":{"footnotes":""},"categories":[37],"tags":[],"class_list":["post-61723","post","type-post","status-publish","format-standard","has-post-thumbnail","hentry","category-sport"],"yoast_head":"<!-- This site is optimized with the Yoast SEO plugin v28.2 - https:\/\/yoast.com\/product\/yoast-seo-wordpress\/ -->\n<title>Az\u0259rbaycan\u0131 Avropa \u00e7empionat\u0131nda t\u0259msil ed\u0259c\u0259k \u015fahmat\u00e7\u0131lar b\u0259lli olub - \u0130CT\u0130MA\u0130.AZ<\/title>\n<meta name=\"robots\" content=\"index, follow, max-snippet:-1, max-image-preview:large, max-video-preview:-1\" \/>\n<link rel=\"canonical\" href=\"https:\/\/ictimai.az\/?p=61723\" \/>\n<meta property=\"og:locale\" content=\"az_AZ\" \/>\n<meta property=\"og:type\" content=\"article\" \/>\n<meta property=\"og:title\" content=\"Az\u0259rbaycan\u0131 Avropa \u00e7empionat\u0131nda t\u0259msil ed\u0259c\u0259k \u015fahmat\u00e7\u0131lar b\u0259lli olub - \u0130CT\u0130MA\u0130.AZ\" \/>\n<meta property=\"og:description\" content=\"\u015eimali Makedoniyan\u0131n Skopye \u015f\u0259h\u0259rind\u0259 ke\u00e7iril\u0259c\u0259k rapid v\u0259 blits \u00fczr\u0259 Avropa \u00e7empionat\u0131nda Az\u0259rbaycan\u0131 t\u0259msil ed\u0259c\u0259k \u015fahmat\u00e7\u0131lar b\u0259lli olub. \u0130ctimai.az\u00a0x\u0259b\u0259r verir ki, yar\u0131\u015fda y\u0131\u011fman\u0131n d\u00f6rd \u00fczv\u00fc m\u00fcbariz\u0259 aparacaq. Bunlar Eltac S\u0259f\u0259rli, Rauf M\u0259mm\u0259dov, Namiq Quliyev v\u0259 M\u0259h\u0259mm\u0259d Muradl\u0131d\u0131r. Qeyd ed\u0259k ki, Avropa \u00e7empionat\u0131 dekabr\u0131n 6-dan 11-d\u0259k t\u0259\u015fkil olunacaq.\" \/>\n<meta property=\"og:url\" content=\"https:\/\/ictimai.az\/?p=61723\" \/>\n<meta property=\"og:site_name\" content=\"\u0130CT\u0130MA\u0130.AZ\" \/>\n<meta property=\"article:published_time\" content=\"2024-12-05T14:07:36+00:00\" \/>\n<meta property=\"og:image\" content=\"https:\/\/ictimai.az\/core\/uploads\/2024\/12\/ictimai_e7b8f50a0d6817b0493171309f5fb883_3guis8541hw7blazojrm.jpg\" \/>\n\t<meta property=\"og:image:width\" content=\"1200\" \/>\n\t<meta property=\"og:image:height\" content=\"800\" \/>\n\t<meta property=\"og:image:type\" content=\"image\/jpeg\" \/>\n<meta name=\"author\" content=\"R\u0259\u015fad Bayramov\" \/>\n<meta name=\"twitter:card\" content=\"summary_large_image\" \/>\n<meta name=\"twitter:label1\" content=\"Written by\" \/>\n\t<meta name=\"twitter:data1\" content=\"R\u0259\u015fad Bayramov\" \/>\n<script type=\"application\/ld+json\" class=\"yoast-schema-graph\">{\"@context\":\"https:\\\/\\\/schema.org\",\"@graph\":[{\"@type\":\"Article\",\"@id\":\"https:\\\/\\\/ictimai.az\\\/?p=61723#article\",\"isPartOf\":{\"@id\":\"https:\\\/\\\/ictimai.az\\\/?p=61723\"},\"author\":{\"name\":\"R\u0259\u015fad Bayramov\",\"@id\":\"https:\\\/\\\/ictimai.az\\\/#\\\/schema\\\/person\\\/1da94bf2c7ab5d83ad349237bec1e6af\"},\"headline\":\"Az\u0259rbaycan\u0131 Avropa \u00e7empionat\u0131nda t\u0259msil ed\u0259c\u0259k \u015fahmat\u00e7\u0131lar b\u0259lli olub\",\"datePublished\":\"2024-12-05T14:07:36+00:00\",\"mainEntityOfPage\":{\"@id\":\"https:\\\/\\\/ictimai.az\\\/?p=61723\"},\"wordCount\":95,\"publisher\":{\"@id\":\"https:\\\/\\\/ictimai.az\\\/#organization\"},\"image\":{\"@id\":\"https:\\\/\\\/ictimai.az\\\/?p=61723#primaryimage\"},\"thumbnailUrl\":\"https:\\\/\\\/ictimai.az\\\/core\\\/uploads\\\/2024\\\/12\\\/ictimai_e7b8f50a0d6817b0493171309f5fb883_3guis8541hw7blazojrm.jpg\",\"articleSection\":[\"\u0130dman\"],\"inLanguage\":\"az\"},{\"@type\":\"WebPage\",\"@id\":\"https:\\\/\\\/ictimai.az\\\/?p=61723\",\"url\":\"https:\\\/\\\/ictimai.az\\\/?p=61723\",\"name\":\"Az\u0259rbaycan\u0131 Avropa \u00e7empionat\u0131nda t\u0259msil ed\u0259c\u0259k \u015fahmat\u00e7\u0131lar b\u0259lli olub - \u0130CT\u0130MA\u0130.AZ\",\"isPartOf\":{\"@id\":\"https:\\\/\\\/ictimai.az\\\/#website\"},\"primaryImageOfPage\":{\"@id\":\"https:\\\/\\\/ictimai.az\\\/?p=61723#primaryimage\"},\"image\":{\"@id\":\"https:\\\/\\\/ictimai.az\\\/?p=61723#primaryimage\"},\"thumbnailUrl\":\"https:\\\/\\\/ictimai.az\\\/core\\\/uploads\\\/2024\\\/12\\\/ictimai_e7b8f50a0d6817b0493171309f5fb883_3guis8541hw7blazojrm.jpg\",\"datePublished\":\"2024-12-05T14:07:36+00:00\",\"breadcrumb\":{\"@id\":\"https:\\\/\\\/ictimai.az\\\/?p=61723#breadcrumb\"},\"inLanguage\":\"az\",\"potentialAction\":[{\"@type\":\"ReadAction\",\"target\":[\"https:\\\/\\\/ictimai.az\\\/?p=61723\"]}]},{\"@type\":\"ImageObject\",\"inLanguage\":\"az\",\"@id\":\"https:\\\/\\\/ictimai.az\\\/?p=61723#primaryimage\",\"url\":\"https:\\\/\\\/ictimai.az\\\/core\\\/uploads\\\/2024\\\/12\\\/ictimai_e7b8f50a0d6817b0493171309f5fb883_3guis8541hw7blazojrm.jpg\",\"contentUrl\":\"https:\\\/\\\/ictimai.az\\\/core\\\/uploads\\\/2024\\\/12\\\/ictimai_e7b8f50a0d6817b0493171309f5fb883_3guis8541hw7blazojrm.jpg\",\"width\":1200,\"height\":800},{\"@type\":\"BreadcrumbList\",\"@id\":\"https:\\\/\\\/ictimai.az\\\/?p=61723#breadcrumb\",\"itemListElement\":[{\"@type\":\"ListItem\",\"position\":1,\"name\":\"Home\",\"item\":\"https:\\\/\\\/ictimai.az\\\/\"},{\"@type\":\"ListItem\",\"position\":2,\"name\":\"Az\u0259rbaycan\u0131 Avropa \u00e7empionat\u0131nda t\u0259msil ed\u0259c\u0259k \u015fahmat\u00e7\u0131lar b\u0259lli olub\"}]},{\"@type\":\"WebSite\",\"@id\":\"https:\\\/\\\/ictimai.az\\\/#website\",\"url\":\"https:\\\/\\\/ictimai.az\\\/\",\"name\":\"\u0130CT\u0130MA\u0130.AZ\",\"description\":\"\",\"publisher\":{\"@id\":\"https:\\\/\\\/ictimai.az\\\/#organization\"},\"potentialAction\":[{\"@type\":\"SearchAction\",\"target\":{\"@type\":\"EntryPoint\",\"urlTemplate\":\"https:\\\/\\\/ictimai.az\\\/?s={search_term_string}\"},\"query-input\":{\"@type\":\"PropertyValueSpecification\",\"valueRequired\":true,\"valueName\":\"search_term_string\"}}],\"inLanguage\":\"az\"},{\"@type\":\"Organization\",\"@id\":\"https:\\\/\\\/ictimai.az\\\/#organization\",\"name\":\"\u0130CT\u0130MA\u0130.AZ\",\"url\":\"https:\\\/\\\/ictimai.az\\\/\",\"logo\":{\"@type\":\"ImageObject\",\"inLanguage\":\"az\",\"@id\":\"https:\\\/\\\/ictimai.az\\\/#\\\/schema\\\/logo\\\/image\\\/\",\"url\":\"https:\\\/\\\/ictimai.az\\\/core\\\/uploads\\\/2026\\\/06\\\/cropped-ictimai_0380d81099c6fe3baae753faceb5481f_p41rg2mzq0uyvextfh3k-768x768-1-3.png\",\"contentUrl\":\"https:\\\/\\\/ictimai.az\\\/core\\\/uploads\\\/2026\\\/06\\\/cropped-ictimai_0380d81099c6fe3baae753faceb5481f_p41rg2mzq0uyvextfh3k-768x768-1-3.png\",\"width\":768,\"height\":768,\"caption\":\"\u0130CT\u0130MA\u0130.AZ\"},\"image\":{\"@id\":\"https:\\\/\\\/ictimai.az\\\/#\\\/schema\\\/logo\\\/image\\\/\"}},{\"@type\":\"Person\",\"@id\":\"https:\\\/\\\/ictimai.az\\\/#\\\/schema\\\/person\\\/1da94bf2c7ab5d83ad349237bec1e6af\",\"name\":\"R\u0259\u015fad Bayramov\",\"image\":{\"@type\":\"ImageObject\",\"inLanguage\":\"az\",\"@id\":\"https:\\\/\\\/secure.gravatar.com\\\/avatar\\\/83c075605ba0a4d35d59726aaad89cfa8008d1f01603342c56f1dd79784491bc?s=96&d=mm&r=g\",\"url\":\"https:\\\/\\\/secure.gravatar.com\\\/avatar\\\/83c075605ba0a4d35d59726aaad89cfa8008d1f01603342c56f1dd79784491bc?s=96&d=mm&r=g\",\"contentUrl\":\"https:\\\/\\\/secure.gravatar.com\\\/avatar\\\/83c075605ba0a4d35d59726aaad89cfa8008d1f01603342c56f1dd79784491bc?s=96&d=mm&r=g\",\"caption\":\"R\u0259\u015fad Bayramov\"},\"sameAs\":[\"https:\\\/\\\/ictimai.az\\\/\"],\"url\":\"https:\\\/\\\/ictimai.az\\\/?author=2\"}]}<\/script>\n<!-- \/ Yoast SEO plugin. -->","yoast_head_json":{"title":"Az\u0259rbaycan\u0131 Avropa \u00e7empionat\u0131nda t\u0259msil ed\u0259c\u0259k \u015fahmat\u00e7\u0131lar b\u0259lli olub - \u0130CT\u0130MA\u0130.AZ","robots":{"index":"index","follow":"follow","max-snippet":"max-snippet:-1","max-image-preview":"max-image-preview:large","max-video-preview":"max-video-preview:-1"},"canonical":"https:\/\/ictimai.az\/?p=61723","og_locale":"az_AZ","og_type":"article","og_title":"Az\u0259rbaycan\u0131 Avropa \u00e7empionat\u0131nda t\u0259msil ed\u0259c\u0259k \u015fahmat\u00e7\u0131lar b\u0259lli olub - \u0130CT\u0130MA\u0130.AZ","og_description":"\u015eimali Makedoniyan\u0131n Skopye \u015f\u0259h\u0259rind\u0259 ke\u00e7iril\u0259c\u0259k rapid v\u0259 blits \u00fczr\u0259 Avropa \u00e7empionat\u0131nda Az\u0259rbaycan\u0131 t\u0259msil ed\u0259c\u0259k \u015fahmat\u00e7\u0131lar b\u0259lli olub. \u0130ctimai.az\u00a0x\u0259b\u0259r verir ki, yar\u0131\u015fda y\u0131\u011fman\u0131n d\u00f6rd \u00fczv\u00fc m\u00fcbariz\u0259 aparacaq. Bunlar Eltac S\u0259f\u0259rli, Rauf M\u0259mm\u0259dov, Namiq Quliyev v\u0259 M\u0259h\u0259mm\u0259d Muradl\u0131d\u0131r. Qeyd ed\u0259k ki, Avropa \u00e7empionat\u0131 dekabr\u0131n 6-dan 11-d\u0259k t\u0259\u015fkil olunacaq.","og_url":"https:\/\/ictimai.az\/?p=61723","og_site_name":"\u0130CT\u0130MA\u0130.AZ","article_published_time":"2024-12-05T14:07:36+00:00","og_image":[{"width":1200,"height":800,"url":"https:\/\/ictimai.az\/core\/uploads\/2024\/12\/ictimai_e7b8f50a0d6817b0493171309f5fb883_3guis8541hw7blazojrm.jpg","type":"image\/jpeg"}],"author":"R\u0259\u015fad Bayramov","twitter_card":"summary_large_image","twitter_misc":{"Written by":"R\u0259\u015fad Bayramov"},"schema":{"@context":"https:\/\/schema.org","@graph":[{"@type":"Article","@id":"https:\/\/ictimai.az\/?p=61723#article","isPartOf":{"@id":"https:\/\/ictimai.az\/?p=61723"},"author":{"name":"R\u0259\u015fad Bayramov","@id":"https:\/\/ictimai.az\/#\/schema\/person\/1da94bf2c7ab5d83ad349237bec1e6af"},"headline":"Az\u0259rbaycan\u0131 Avropa \u00e7empionat\u0131nda t\u0259msil ed\u0259c\u0259k \u015fahmat\u00e7\u0131lar b\u0259lli olub","datePublished":"2024-12-05T14:07:36+00:00","mainEntityOfPage":{"@id":"https:\/\/ictimai.az\/?p=61723"},"wordCount":95,"publisher":{"@id":"https:\/\/ictimai.az\/#organization"},"image":{"@id":"https:\/\/ictimai.az\/?p=61723#primaryimage"},"thumbnailUrl":"https:\/\/ictimai.az\/core\/uploads\/2024\/12\/ictimai_e7b8f50a0d6817b0493171309f5fb883_3guis8541hw7blazojrm.jpg","articleSection":["\u0130dman"],"inLanguage":"az"},{"@type":"WebPage","@id":"https:\/\/ictimai.az\/?p=61723","url":"https:\/\/ictimai.az\/?p=61723","name":"Az\u0259rbaycan\u0131 Avropa \u00e7empionat\u0131nda t\u0259msil ed\u0259c\u0259k \u015fahmat\u00e7\u0131lar b\u0259lli olub - \u0130CT\u0130MA\u0130.AZ","isPartOf":{"@id":"https:\/\/ictimai.az\/#website"},"primaryImageOfPage":{"@id":"https:\/\/ictimai.az\/?p=61723#primaryimage"},"image":{"@id":"https:\/\/ictimai.az\/?p=61723#primaryimage"},"thumbnailUrl":"https:\/\/ictimai.az\/core\/uploads\/2024\/12\/ictimai_e7b8f50a0d6817b0493171309f5fb883_3guis8541hw7blazojrm.jpg","datePublished":"2024-12-05T14:07:36+00:00","breadcrumb":{"@id":"https:\/\/ictimai.az\/?p=61723#breadcrumb"},"inLanguage":"az","potentialAction":[{"@type":"ReadAction","target":["https:\/\/ictimai.az\/?p=61723"]}]},{"@type":"ImageObject","inLanguage":"az","@id":"https:\/\/ictimai.az\/?p=61723#primaryimage","url":"https:\/\/ictimai.az\/core\/uploads\/2024\/12\/ictimai_e7b8f50a0d6817b0493171309f5fb883_3guis8541hw7blazojrm.jpg","contentUrl":"https:\/\/ictimai.az\/core\/uploads\/2024\/12\/ictimai_e7b8f50a0d6817b0493171309f5fb883_3guis8541hw7blazojrm.jpg","width":1200,"height":800},{"@type":"BreadcrumbList","@id":"https:\/\/ictimai.az\/?p=61723#breadcrumb","itemListElement":[{"@type":"ListItem","position":1,"name":"Home","item":"https:\/\/ictimai.az\/"},{"@type":"ListItem","position":2,"name":"Az\u0259rbaycan\u0131 Avropa \u00e7empionat\u0131nda t\u0259msil ed\u0259c\u0259k \u015fahmat\u00e7\u0131lar b\u0259lli olub"}]},{"@type":"WebSite","@id":"https:\/\/ictimai.az\/#website","url":"https:\/\/ictimai.az\/","name":"\u0130CT\u0130MA\u0130.AZ","description":"","publisher":{"@id":"https:\/\/ictimai.az\/#organization"},"potentialAction":[{"@type":"SearchAction","target":{"@type":"EntryPoint","urlTemplate":"https:\/\/ictimai.az\/?s={search_term_string}"},"query-input":{"@type":"PropertyValueSpecification","valueRequired":true,"valueName":"search_term_string"}}],"inLanguage":"az"},{"@type":"Organization","@id":"https:\/\/ictimai.az\/#organization","name":"\u0130CT\u0130MA\u0130.AZ","url":"https:\/\/ictimai.az\/","logo":{"@type":"ImageObject","inLanguage":"az","@id":"https:\/\/ictimai.az\/#\/schema\/logo\/image\/","url":"https:\/\/ictimai.az\/core\/uploads\/2026\/06\/cropped-ictimai_0380d81099c6fe3baae753faceb5481f_p41rg2mzq0uyvextfh3k-768x768-1-3.png","contentUrl":"https:\/\/ictimai.az\/core\/uploads\/2026\/06\/cropped-ictimai_0380d81099c6fe3baae753faceb5481f_p41rg2mzq0uyvextfh3k-768x768-1-3.png","width":768,"height":768,"caption":"\u0130CT\u0130MA\u0130.AZ"},"image":{"@id":"https:\/\/ictimai.az\/#\/schema\/logo\/image\/"}},{"@type":"Person","@id":"https:\/\/ictimai.az\/#\/schema\/person\/1da94bf2c7ab5d83ad349237bec1e6af","name":"R\u0259\u015fad Bayramov","image":{"@type":"ImageObject","inLanguage":"az","@id":"https:\/\/secure.gravatar.com\/avatar\/83c075605ba0a4d35d59726aaad89cfa8008d1f01603342c56f1dd79784491bc?s=96&d=mm&r=g","url":"https:\/\/secure.gravatar.com\/avatar\/83c075605ba0a4d35d59726aaad89cfa8008d1f01603342c56f1dd79784491bc?s=96&d=mm&r=g","contentUrl":"https:\/\/secure.gravatar.com\/avatar\/83c075605ba0a4d35d59726aaad89cfa8008d1f01603342c56f1dd79784491bc?s=96&d=mm&r=g","caption":"R\u0259\u015fad Bayramov"},"sameAs":["https:\/\/ictimai.az\/"],"url":"https:\/\/ictimai.az\/?author=2"}]}},"_links":{"self":[{"href":"https:\/\/ictimai.az\/index.php?rest_route=\/wp\/v2\/posts\/61723","targetHints":{"allow":["GET"]}}],"collection":[{"href":"https:\/\/ictimai.az\/index.php?rest_route=\/wp\/v2\/posts"}],"about":[{"href":"https:\/\/ictimai.az\/index.php?rest_route=\/wp\/v2\/types\/post"}],"author":[{"embeddable":true,"href":"https:\/\/ictimai.az\/index.php?rest_route=\/wp\/v2\/users\/2"}],"replies":[{"embeddable":true,"href":"https:\/\/ictimai.az\/index.php?rest_route=%2Fwp%2Fv2%2Fcomments&post=61723"}],"version-history":[{"count":0,"href":"https:\/\/ictimai.az\/index.php?rest_route=\/wp\/v2\/posts\/61723\/revisions"}],"wp:featuredmedia":[{"embeddable":true,"href":"https:\/\/ictimai.az\/index.php?rest_route=\/wp\/v2\/media\/61724"}],"wp:attachment":[{"href":"https:\/\/ictimai.az\/index.php?rest_route=%2Fwp%2Fv2%2Fmedia&parent=61723"}],"wp:term":[{"taxonomy":"category","embeddable":true,"href":"https:\/\/ictimai.az\/index.php?rest_route=%2Fwp%2Fv2%2Fcategories&post=61723"},{"taxonomy":"post_tag","embeddable":true,"href":"https:\/\/ictimai.az\/index.php?rest_route=%2Fwp%2Fv2%2Ftags&post=61723"}],"curies":[{"name":"wp","href":"https:\/\/api.w.org\/{rel}","templated":true}]}}