{"id":62069,"date":"2024-12-11T19:30:32","date_gmt":"2024-12-11T15:30:32","guid":{"rendered":"https:\/\/ictimai.az\/?p=62069"},"modified":"2024-12-11T14:00:30","modified_gmt":"2024-12-11T10:00:30","slug":"lada-niva-2025-ci-ilde-yeni-8-klapanli-muherrik-alacaq","status":"publish","type":"post","link":"https:\/\/ictimai.az\/?p=62069","title":{"rendered":"Lada Niva 2025-ci ild\u0259 yeni 8 klapanl\u0131 m\u00fch\u0259rrik alacaq"},"content":{"rendered":"<p>AvtoVAZ 2025-ci ild\u0259 90 at g\u00fcc\u00fcn\u0259 malik m\u00fch\u0259rrikli Lada Niva avtomobill\u0259rinin istehsal\u0131na ba\u015flama\u011f\u0131 planla\u015fd\u0131r\u0131r.<\/p>\n<p>Bu bar\u0259d\u0259 \u201cRossiyska qazeta\u201d m\u0259lumat yay\u0131b.<\/p>\n<p>Ayd\u0131n olur ki, \u0259vv\u0259lc\u0259 Niva Travel m\u00fch\u0259rriki, sonra is\u0259 Niva Legend-i alacaq.<\/p>\n<p>\u018fvv\u0259ll\u0259r bildirilirdi ki, 2024-c\u00fc ilin sonuna q\u0259d\u0259r AvtoVAZ 7 yerlik Lada Largus v\u0259 Largus Cross minivenl\u0259rinin istehsal\u0131na ba\u015flama\u011f\u0131 planla\u015fd\u0131r\u0131r. \u0130stehsal \u0130jevskd\u0259ki zavodda t\u0259\u015fkil edilir, burada 2024-c\u00fc ilin yaz\u0131nda 5 n\u0259f\u0259rlik stansiya vaqonlar\u0131 v\u0259 bu modelin furqonlar\u0131 istehsal etm\u0259y\u0259 ba\u015flad\u0131lar.<\/p>\n<p>Avtomobill\u0259r 5 pill\u0259li mexaniki transmissiya il\u0259 birl\u0259\u015fdirilmi\u015f 90 at q\u00fcvv\u0259li v\u0259 106 at q\u00fcvv\u0259li 1,6 litrlik m\u00fch\u0259rrikl\u0259rl\u0259 t\u0259chiz edilib. Bel\u0259 bir vaqonun qiym\u0259ti 1,5 milyon rubldan ba\u015flay\u0131r, furqon is\u0259 1,6 milyon rubla al\u0131na bil\u0259r.<\/p>\n","protected":false},"excerpt":{"rendered":"<p>AvtoVAZ 2025-ci ild\u0259 90 at g\u00fcc\u00fcn\u0259 malik m\u00fch\u0259rrikli Lada Niva avtomobill\u0259rinin istehsal\u0131na ba\u015flama\u011f\u0131 planla\u015fd\u0131r\u0131r. Bu bar\u0259d\u0259 \u201cRossiyska qazeta\u201d m\u0259lumat yay\u0131b. Ayd\u0131n olur ki, \u0259vv\u0259lc\u0259 Niva Travel m\u00fch\u0259rriki, sonra is\u0259 Niva Legend-i alacaq. \u018fvv\u0259ll\u0259r bildirilirdi ki, 2024-c\u00fc ilin sonuna q\u0259d\u0259r AvtoVAZ 7 yerlik Lada Largus v\u0259 Largus Cross minivenl\u0259rinin istehsal\u0131na ba\u015flama\u011f\u0131 planla\u015fd\u0131r\u0131r. \u0130stehsal \u0130jevskd\u0259ki zavodda t\u0259\u015fkil [&hellip;]<\/p>\n","protected":false},"author":2,"featured_media":62072,"comment_status":"closed","ping_status":"closed","sticky":false,"template":"","format":"standard","meta":{"footnotes":""},"categories":[79,36],"tags":[],"class_list":["post-62069","post","type-post","status-publish","format-standard","has-post-thumbnail","hentry","category-auto","category-media"],"yoast_head":"<!-- This site is optimized with the Yoast SEO plugin v28.2 - https:\/\/yoast.com\/product\/yoast-seo-wordpress\/ -->\n<title>Lada Niva 2025-ci ild\u0259 yeni 8 klapanl\u0131 m\u00fch\u0259rrik alacaq - \u0130CT\u0130MA\u0130.AZ<\/title>\n<meta name=\"robots\" content=\"index, follow, max-snippet:-1, max-image-preview:large, max-video-preview:-1\" \/>\n<link rel=\"canonical\" href=\"https:\/\/ictimai.az\/?p=62069\" \/>\n<meta property=\"og:locale\" content=\"az_AZ\" \/>\n<meta property=\"og:type\" content=\"article\" \/>\n<meta property=\"og:title\" content=\"Lada Niva 2025-ci ild\u0259 yeni 8 klapanl\u0131 m\u00fch\u0259rrik alacaq - \u0130CT\u0130MA\u0130.AZ\" \/>\n<meta property=\"og:description\" content=\"AvtoVAZ 2025-ci ild\u0259 90 at g\u00fcc\u00fcn\u0259 malik m\u00fch\u0259rrikli Lada Niva avtomobill\u0259rinin istehsal\u0131na ba\u015flama\u011f\u0131 planla\u015fd\u0131r\u0131r. Bu bar\u0259d\u0259 \u201cRossiyska qazeta\u201d m\u0259lumat yay\u0131b. Ayd\u0131n olur ki, \u0259vv\u0259lc\u0259 Niva Travel m\u00fch\u0259rriki, sonra is\u0259 Niva Legend-i alacaq. \u018fvv\u0259ll\u0259r bildirilirdi ki, 2024-c\u00fc ilin sonuna q\u0259d\u0259r AvtoVAZ 7 yerlik Lada Largus v\u0259 Largus Cross minivenl\u0259rinin istehsal\u0131na ba\u015flama\u011f\u0131 planla\u015fd\u0131r\u0131r. \u0130stehsal \u0130jevskd\u0259ki zavodda t\u0259\u015fkil [&hellip;]\" \/>\n<meta property=\"og:url\" content=\"https:\/\/ictimai.az\/?p=62069\" \/>\n<meta property=\"og:site_name\" content=\"\u0130CT\u0130MA\u0130.AZ\" \/>\n<meta property=\"article:published_time\" content=\"2024-12-11T15:30:32+00:00\" \/>\n<meta property=\"og:image\" content=\"https:\/\/ictimai.az\/core\/uploads\/2024\/12\/ictimai_5ccfffbe88550a9602983d58cc0c5314_q3r2zfumlhv9e4bp7kj0.jpg\" \/>\n\t<meta property=\"og:image:width\" content=\"900\" \/>\n\t<meta property=\"og:image:height\" content=\"600\" \/>\n\t<meta property=\"og:image:type\" content=\"image\/jpeg\" \/>\n<meta name=\"author\" content=\"R\u0259\u015fad Bayramov\" \/>\n<meta name=\"twitter:card\" content=\"summary_large_image\" \/>\n<meta name=\"twitter:label1\" content=\"Written by\" \/>\n\t<meta name=\"twitter:data1\" content=\"R\u0259\u015fad Bayramov\" \/>\n\t<meta name=\"twitter:label2\" content=\"Est. reading time\" \/>\n\t<meta name=\"twitter:data2\" content=\"1 minute\" \/>\n<script type=\"application\/ld+json\" class=\"yoast-schema-graph\">{\"@context\":\"https:\\\/\\\/schema.org\",\"@graph\":[{\"@type\":\"Article\",\"@id\":\"https:\\\/\\\/ictimai.az\\\/?p=62069#article\",\"isPartOf\":{\"@id\":\"https:\\\/\\\/ictimai.az\\\/?p=62069\"},\"author\":{\"name\":\"R\u0259\u015fad Bayramov\",\"@id\":\"https:\\\/\\\/ictimai.az\\\/#\\\/schema\\\/person\\\/1da94bf2c7ab5d83ad349237bec1e6af\"},\"headline\":\"Lada Niva 2025-ci ild\u0259 yeni 8 klapanl\u0131 m\u00fch\u0259rrik alacaq\",\"datePublished\":\"2024-12-11T15:30:32+00:00\",\"mainEntityOfPage\":{\"@id\":\"https:\\\/\\\/ictimai.az\\\/?p=62069\"},\"wordCount\":157,\"publisher\":{\"@id\":\"https:\\\/\\\/ictimai.az\\\/#organization\"},\"image\":{\"@id\":\"https:\\\/\\\/ictimai.az\\\/?p=62069#primaryimage\"},\"thumbnailUrl\":\"https:\\\/\\\/ictimai.az\\\/core\\\/uploads\\\/2024\\\/12\\\/ictimai_5ccfffbe88550a9602983d58cc0c5314_q3r2zfumlhv9e4bp7kj0.jpg\",\"articleSection\":[\"Avto\",\"MED\u0130A\"],\"inLanguage\":\"az\"},{\"@type\":\"WebPage\",\"@id\":\"https:\\\/\\\/ictimai.az\\\/?p=62069\",\"url\":\"https:\\\/\\\/ictimai.az\\\/?p=62069\",\"name\":\"Lada Niva 2025-ci ild\u0259 yeni 8 klapanl\u0131 m\u00fch\u0259rrik alacaq - \u0130CT\u0130MA\u0130.AZ\",\"isPartOf\":{\"@id\":\"https:\\\/\\\/ictimai.az\\\/#website\"},\"primaryImageOfPage\":{\"@id\":\"https:\\\/\\\/ictimai.az\\\/?p=62069#primaryimage\"},\"image\":{\"@id\":\"https:\\\/\\\/ictimai.az\\\/?p=62069#primaryimage\"},\"thumbnailUrl\":\"https:\\\/\\\/ictimai.az\\\/core\\\/uploads\\\/2024\\\/12\\\/ictimai_5ccfffbe88550a9602983d58cc0c5314_q3r2zfumlhv9e4bp7kj0.jpg\",\"datePublished\":\"2024-12-11T15:30:32+00:00\",\"breadcrumb\":{\"@id\":\"https:\\\/\\\/ictimai.az\\\/?p=62069#breadcrumb\"},\"inLanguage\":\"az\",\"potentialAction\":[{\"@type\":\"ReadAction\",\"target\":[\"https:\\\/\\\/ictimai.az\\\/?p=62069\"]}]},{\"@type\":\"ImageObject\",\"inLanguage\":\"az\",\"@id\":\"https:\\\/\\\/ictimai.az\\\/?p=62069#primaryimage\",\"url\":\"https:\\\/\\\/ictimai.az\\\/core\\\/uploads\\\/2024\\\/12\\\/ictimai_5ccfffbe88550a9602983d58cc0c5314_q3r2zfumlhv9e4bp7kj0.jpg\",\"contentUrl\":\"https:\\\/\\\/ictimai.az\\\/core\\\/uploads\\\/2024\\\/12\\\/ictimai_5ccfffbe88550a9602983d58cc0c5314_q3r2zfumlhv9e4bp7kj0.jpg\",\"width\":900,\"height\":600},{\"@type\":\"BreadcrumbList\",\"@id\":\"https:\\\/\\\/ictimai.az\\\/?p=62069#breadcrumb\",\"itemListElement\":[{\"@type\":\"ListItem\",\"position\":1,\"name\":\"Home\",\"item\":\"https:\\\/\\\/ictimai.az\\\/\"},{\"@type\":\"ListItem\",\"position\":2,\"name\":\"Lada Niva 2025-ci ild\u0259 yeni 8 klapanl\u0131 m\u00fch\u0259rrik alacaq\"}]},{\"@type\":\"WebSite\",\"@id\":\"https:\\\/\\\/ictimai.az\\\/#website\",\"url\":\"https:\\\/\\\/ictimai.az\\\/\",\"name\":\"\u0130CT\u0130MA\u0130.AZ\",\"description\":\"\",\"publisher\":{\"@id\":\"https:\\\/\\\/ictimai.az\\\/#organization\"},\"potentialAction\":[{\"@type\":\"SearchAction\",\"target\":{\"@type\":\"EntryPoint\",\"urlTemplate\":\"https:\\\/\\\/ictimai.az\\\/?s={search_term_string}\"},\"query-input\":{\"@type\":\"PropertyValueSpecification\",\"valueRequired\":true,\"valueName\":\"search_term_string\"}}],\"inLanguage\":\"az\"},{\"@type\":\"Organization\",\"@id\":\"https:\\\/\\\/ictimai.az\\\/#organization\",\"name\":\"\u0130CT\u0130MA\u0130.AZ\",\"url\":\"https:\\\/\\\/ictimai.az\\\/\",\"logo\":{\"@type\":\"ImageObject\",\"inLanguage\":\"az\",\"@id\":\"https:\\\/\\\/ictimai.az\\\/#\\\/schema\\\/logo\\\/image\\\/\",\"url\":\"https:\\\/\\\/ictimai.az\\\/core\\\/uploads\\\/2026\\\/06\\\/cropped-ictimai_0380d81099c6fe3baae753faceb5481f_p41rg2mzq0uyvextfh3k-768x768-1-3.png\",\"contentUrl\":\"https:\\\/\\\/ictimai.az\\\/core\\\/uploads\\\/2026\\\/06\\\/cropped-ictimai_0380d81099c6fe3baae753faceb5481f_p41rg2mzq0uyvextfh3k-768x768-1-3.png\",\"width\":768,\"height\":768,\"caption\":\"\u0130CT\u0130MA\u0130.AZ\"},\"image\":{\"@id\":\"https:\\\/\\\/ictimai.az\\\/#\\\/schema\\\/logo\\\/image\\\/\"}},{\"@type\":\"Person\",\"@id\":\"https:\\\/\\\/ictimai.az\\\/#\\\/schema\\\/person\\\/1da94bf2c7ab5d83ad349237bec1e6af\",\"name\":\"R\u0259\u015fad Bayramov\",\"image\":{\"@type\":\"ImageObject\",\"inLanguage\":\"az\",\"@id\":\"https:\\\/\\\/secure.gravatar.com\\\/avatar\\\/83c075605ba0a4d35d59726aaad89cfa8008d1f01603342c56f1dd79784491bc?s=96&d=mm&r=g\",\"url\":\"https:\\\/\\\/secure.gravatar.com\\\/avatar\\\/83c075605ba0a4d35d59726aaad89cfa8008d1f01603342c56f1dd79784491bc?s=96&d=mm&r=g\",\"contentUrl\":\"https:\\\/\\\/secure.gravatar.com\\\/avatar\\\/83c075605ba0a4d35d59726aaad89cfa8008d1f01603342c56f1dd79784491bc?s=96&d=mm&r=g\",\"caption\":\"R\u0259\u015fad Bayramov\"},\"sameAs\":[\"https:\\\/\\\/ictimai.az\\\/\"],\"url\":\"https:\\\/\\\/ictimai.az\\\/?author=2\"}]}<\/script>\n<!-- \/ Yoast SEO plugin. -->","yoast_head_json":{"title":"Lada Niva 2025-ci ild\u0259 yeni 8 klapanl\u0131 m\u00fch\u0259rrik alacaq - \u0130CT\u0130MA\u0130.AZ","robots":{"index":"index","follow":"follow","max-snippet":"max-snippet:-1","max-image-preview":"max-image-preview:large","max-video-preview":"max-video-preview:-1"},"canonical":"https:\/\/ictimai.az\/?p=62069","og_locale":"az_AZ","og_type":"article","og_title":"Lada Niva 2025-ci ild\u0259 yeni 8 klapanl\u0131 m\u00fch\u0259rrik alacaq - \u0130CT\u0130MA\u0130.AZ","og_description":"AvtoVAZ 2025-ci ild\u0259 90 at g\u00fcc\u00fcn\u0259 malik m\u00fch\u0259rrikli Lada Niva avtomobill\u0259rinin istehsal\u0131na ba\u015flama\u011f\u0131 planla\u015fd\u0131r\u0131r. Bu bar\u0259d\u0259 \u201cRossiyska qazeta\u201d m\u0259lumat yay\u0131b. Ayd\u0131n olur ki, \u0259vv\u0259lc\u0259 Niva Travel m\u00fch\u0259rriki, sonra is\u0259 Niva Legend-i alacaq. \u018fvv\u0259ll\u0259r bildirilirdi ki, 2024-c\u00fc ilin sonuna q\u0259d\u0259r AvtoVAZ 7 yerlik Lada Largus v\u0259 Largus Cross minivenl\u0259rinin istehsal\u0131na ba\u015flama\u011f\u0131 planla\u015fd\u0131r\u0131r. \u0130stehsal \u0130jevskd\u0259ki zavodda t\u0259\u015fkil [&hellip;]","og_url":"https:\/\/ictimai.az\/?p=62069","og_site_name":"\u0130CT\u0130MA\u0130.AZ","article_published_time":"2024-12-11T15:30:32+00:00","og_image":[{"width":900,"height":600,"url":"https:\/\/ictimai.az\/core\/uploads\/2024\/12\/ictimai_5ccfffbe88550a9602983d58cc0c5314_q3r2zfumlhv9e4bp7kj0.jpg","type":"image\/jpeg"}],"author":"R\u0259\u015fad Bayramov","twitter_card":"summary_large_image","twitter_misc":{"Written by":"R\u0259\u015fad Bayramov","Est. reading time":"1 minute"},"schema":{"@context":"https:\/\/schema.org","@graph":[{"@type":"Article","@id":"https:\/\/ictimai.az\/?p=62069#article","isPartOf":{"@id":"https:\/\/ictimai.az\/?p=62069"},"author":{"name":"R\u0259\u015fad Bayramov","@id":"https:\/\/ictimai.az\/#\/schema\/person\/1da94bf2c7ab5d83ad349237bec1e6af"},"headline":"Lada Niva 2025-ci ild\u0259 yeni 8 klapanl\u0131 m\u00fch\u0259rrik alacaq","datePublished":"2024-12-11T15:30:32+00:00","mainEntityOfPage":{"@id":"https:\/\/ictimai.az\/?p=62069"},"wordCount":157,"publisher":{"@id":"https:\/\/ictimai.az\/#organization"},"image":{"@id":"https:\/\/ictimai.az\/?p=62069#primaryimage"},"thumbnailUrl":"https:\/\/ictimai.az\/core\/uploads\/2024\/12\/ictimai_5ccfffbe88550a9602983d58cc0c5314_q3r2zfumlhv9e4bp7kj0.jpg","articleSection":["Avto","MED\u0130A"],"inLanguage":"az"},{"@type":"WebPage","@id":"https:\/\/ictimai.az\/?p=62069","url":"https:\/\/ictimai.az\/?p=62069","name":"Lada Niva 2025-ci ild\u0259 yeni 8 klapanl\u0131 m\u00fch\u0259rrik alacaq - \u0130CT\u0130MA\u0130.AZ","isPartOf":{"@id":"https:\/\/ictimai.az\/#website"},"primaryImageOfPage":{"@id":"https:\/\/ictimai.az\/?p=62069#primaryimage"},"image":{"@id":"https:\/\/ictimai.az\/?p=62069#primaryimage"},"thumbnailUrl":"https:\/\/ictimai.az\/core\/uploads\/2024\/12\/ictimai_5ccfffbe88550a9602983d58cc0c5314_q3r2zfumlhv9e4bp7kj0.jpg","datePublished":"2024-12-11T15:30:32+00:00","breadcrumb":{"@id":"https:\/\/ictimai.az\/?p=62069#breadcrumb"},"inLanguage":"az","potentialAction":[{"@type":"ReadAction","target":["https:\/\/ictimai.az\/?p=62069"]}]},{"@type":"ImageObject","inLanguage":"az","@id":"https:\/\/ictimai.az\/?p=62069#primaryimage","url":"https:\/\/ictimai.az\/core\/uploads\/2024\/12\/ictimai_5ccfffbe88550a9602983d58cc0c5314_q3r2zfumlhv9e4bp7kj0.jpg","contentUrl":"https:\/\/ictimai.az\/core\/uploads\/2024\/12\/ictimai_5ccfffbe88550a9602983d58cc0c5314_q3r2zfumlhv9e4bp7kj0.jpg","width":900,"height":600},{"@type":"BreadcrumbList","@id":"https:\/\/ictimai.az\/?p=62069#breadcrumb","itemListElement":[{"@type":"ListItem","position":1,"name":"Home","item":"https:\/\/ictimai.az\/"},{"@type":"ListItem","position":2,"name":"Lada Niva 2025-ci ild\u0259 yeni 8 klapanl\u0131 m\u00fch\u0259rrik alacaq"}]},{"@type":"WebSite","@id":"https:\/\/ictimai.az\/#website","url":"https:\/\/ictimai.az\/","name":"\u0130CT\u0130MA\u0130.AZ","description":"","publisher":{"@id":"https:\/\/ictimai.az\/#organization"},"potentialAction":[{"@type":"SearchAction","target":{"@type":"EntryPoint","urlTemplate":"https:\/\/ictimai.az\/?s={search_term_string}"},"query-input":{"@type":"PropertyValueSpecification","valueRequired":true,"valueName":"search_term_string"}}],"inLanguage":"az"},{"@type":"Organization","@id":"https:\/\/ictimai.az\/#organization","name":"\u0130CT\u0130MA\u0130.AZ","url":"https:\/\/ictimai.az\/","logo":{"@type":"ImageObject","inLanguage":"az","@id":"https:\/\/ictimai.az\/#\/schema\/logo\/image\/","url":"https:\/\/ictimai.az\/core\/uploads\/2026\/06\/cropped-ictimai_0380d81099c6fe3baae753faceb5481f_p41rg2mzq0uyvextfh3k-768x768-1-3.png","contentUrl":"https:\/\/ictimai.az\/core\/uploads\/2026\/06\/cropped-ictimai_0380d81099c6fe3baae753faceb5481f_p41rg2mzq0uyvextfh3k-768x768-1-3.png","width":768,"height":768,"caption":"\u0130CT\u0130MA\u0130.AZ"},"image":{"@id":"https:\/\/ictimai.az\/#\/schema\/logo\/image\/"}},{"@type":"Person","@id":"https:\/\/ictimai.az\/#\/schema\/person\/1da94bf2c7ab5d83ad349237bec1e6af","name":"R\u0259\u015fad Bayramov","image":{"@type":"ImageObject","inLanguage":"az","@id":"https:\/\/secure.gravatar.com\/avatar\/83c075605ba0a4d35d59726aaad89cfa8008d1f01603342c56f1dd79784491bc?s=96&d=mm&r=g","url":"https:\/\/secure.gravatar.com\/avatar\/83c075605ba0a4d35d59726aaad89cfa8008d1f01603342c56f1dd79784491bc?s=96&d=mm&r=g","contentUrl":"https:\/\/secure.gravatar.com\/avatar\/83c075605ba0a4d35d59726aaad89cfa8008d1f01603342c56f1dd79784491bc?s=96&d=mm&r=g","caption":"R\u0259\u015fad Bayramov"},"sameAs":["https:\/\/ictimai.az\/"],"url":"https:\/\/ictimai.az\/?author=2"}]}},"_links":{"self":[{"href":"https:\/\/ictimai.az\/index.php?rest_route=\/wp\/v2\/posts\/62069","targetHints":{"allow":["GET"]}}],"collection":[{"href":"https:\/\/ictimai.az\/index.php?rest_route=\/wp\/v2\/posts"}],"about":[{"href":"https:\/\/ictimai.az\/index.php?rest_route=\/wp\/v2\/types\/post"}],"author":[{"embeddable":true,"href":"https:\/\/ictimai.az\/index.php?rest_route=\/wp\/v2\/users\/2"}],"replies":[{"embeddable":true,"href":"https:\/\/ictimai.az\/index.php?rest_route=%2Fwp%2Fv2%2Fcomments&post=62069"}],"version-history":[{"count":0,"href":"https:\/\/ictimai.az\/index.php?rest_route=\/wp\/v2\/posts\/62069\/revisions"}],"wp:featuredmedia":[{"embeddable":true,"href":"https:\/\/ictimai.az\/index.php?rest_route=\/wp\/v2\/media\/62072"}],"wp:attachment":[{"href":"https:\/\/ictimai.az\/index.php?rest_route=%2Fwp%2Fv2%2Fmedia&parent=62069"}],"wp:term":[{"taxonomy":"category","embeddable":true,"href":"https:\/\/ictimai.az\/index.php?rest_route=%2Fwp%2Fv2%2Fcategories&post=62069"},{"taxonomy":"post_tag","embeddable":true,"href":"https:\/\/ictimai.az\/index.php?rest_route=%2Fwp%2Fv2%2Ftags&post=62069"}],"curies":[{"name":"wp","href":"https:\/\/api.w.org\/{rel}","templated":true}]}}