{"id":6247,"date":"2020-10-13T12:07:29","date_gmt":"2020-10-13T08:07:29","guid":{"rendered":"https:\/\/ictimai.az\/?p=6247"},"modified":"2020-10-13T12:50:05","modified_gmt":"2020-10-13T08:50:05","slug":"eli-nagiyev-bqxk-nin-azerbaycandaki-numayendeliyinin-rehberi-ile-gorusdu","status":"publish","type":"post","link":"https:\/\/ictimai.az\/?p=6247","title":{"rendered":"\u018fli Na\u011f\u0131yev BQXK-nin Az\u0259rbaycandak\u0131 n\u00fcmay\u0259nd\u0259liyinin r\u0259hb\u0259ri il\u0259 g\u00f6r\u00fc\u015fd\u00fc"},"content":{"rendered":"<p>D\u00fcn\u0259n D\u00f6vl\u0259t T\u0259hl\u00fck\u0259sizliyi Xidm\u0259tinin r\u0259isi, Az\u0259rbaycan Respublikas\u0131n\u0131n \u018fsir v\u0259 itkin d\u00fc\u015fm\u00fc\u015f, girov g\u00f6t\u00fcr\u00fclm\u00fc\u015f v\u0259t\u0259nda\u015flarla \u0259laq\u0259dar D\u00f6vl\u0259t Komissiyas\u0131n\u0131n s\u0259dri \u018fli Na\u011f\u0131yev Beyn\u0259lxalq Q\u0131z\u0131l Xa\u00e7 Komit\u0259sinin (BQXK) Az\u0259rbaycandak\u0131 n\u00fcmay\u0259nd\u0259liyinin r\u0259hb\u0259ri Arian Bauerl\u0259 g\u00f6r\u00fc\u015f\u00fcb.<\/p>\n<p>Bu bar\u0259d\u0259 D\u00f6vl\u0259t T\u0259hl\u00fck\u0259sizlik Xidm\u0259ti m\u0259lumat yay\u0131b.<\/p>\n<p>Bildirilib ki, D\u00f6vl\u0259t Komissiyas\u0131n\u0131n s\u0259dri \u018fli Na\u011f\u0131yev Az\u0259rbaycana qar\u015f\u0131 Erm\u0259nistan Respublikas\u0131n\u0131n h\u0259rbi t\u0259cav\u00fcz\u00fc n\u0259tic\u0259sind\u0259 beyn\u0259lxalq humanitar h\u00fcquq normalar\u0131n\u0131n ciddi pozuldu\u011funu, erm\u0259ni t\u0259r\u0259fd\u0259n m\u00fclki v\u0259t\u0259nda\u015flar\u0131n milli, irqi, dini \u0259dav\u0259t v\u0259 ya d\u00fc\u015fm\u0259n\u00e7ilik niyy\u0259ti il\u0259 q\u0259sd\u0259n \u00f6ld\u00fcr\u00fcld\u00fcy\u00fcn\u00fc, habel\u0259 \u0259halinin \u0259mlak\u0131n\u0131n bil\u0259r\u0259kd\u0259n m\u0259hv edilm\u0259si cinay\u0259tl\u0259rinin t\u00f6r\u0259dildiyini diqq\u0259t\u0259 \u00e7atd\u0131r\u0131b.<\/p>\n<p>\u018fli Na\u011f\u0131yev qeyd edib ki, Az\u0259rbaycan v\u0259 Erm\u0259nistan Xarici \u0130\u015fl\u0259r nazirl\u0259rinin Moskva g\u00f6r\u00fc\u015f\u00fc n\u0259tic\u0259sind\u0259 2020-ci il oktyabr\u0131n 10-u, saat 12.00-dan etibar\u0259n humanitar at\u0259\u015fk\u0259s\u0259 riay\u0259t olunmas\u0131 raz\u0131l\u0131\u011f\u0131n\u0131n \u0259ld\u0259 edilm\u0259sin\u0259 baxmayaraq, Erm\u0259nistan silahl\u0131 q\u00fcvv\u0259l\u0259ri bu raz\u0131l\u0131\u011f\u0131 kobud \u015f\u0259kild\u0259 pozma\u011fa davam edir.<\/p>\n<p>H\u0259tta at\u0259\u015fk\u0259sin m\u00fc\u0259yy\u0259n olundu\u011fu vaxtdan bir ne\u00e7\u0259 saat sonra i\u015f\u011faldan azad edilmi\u015f Suqovu\u015fan \u0259razisind\u0259 sanitar ma\u015f\u0131n\u0131n\u0131n Erm\u0259nistan silahl\u0131 q\u00fcvv\u0259l\u0259ri t\u0259r\u0259find\u0259n at\u0259\u015f\u0259 tutulmas\u0131 n\u0259tic\u0259sind\u0259 bir tibb xidm\u0259ti qulluq\u00e7usu a\u011f\u0131r yaralan\u0131b.<\/p>\n<p>Oktyabr\u0131n 11-d\u0259 gec\u0259 saatlar\u0131nda Erm\u0259nistan silahl\u0131 q\u00fcvv\u0259l\u0259ri t\u0259r\u0259find\u0259n c\u0259bh\u0259 b\u00f6lg\u0259sind\u0259n xeyli k\u0259narda yerl\u0259\u015f\u0259n Az\u0259rbaycan\u0131n ikinci b\u00f6y\u00fck \u015f\u0259h\u0259ri olan G\u0259nc\u0259 raket at\u0259\u015fin\u0259 m\u0259ruz qal\u0131b, n\u0259tic\u0259d\u0259, be\u015fi qad\u0131n olmaqla, 10\u00a0dinc sakin h\u0259lak olub, 10 qad\u0131n v\u0259 be\u015f\u00a0azya\u015fl\u0131 u\u015faq, \u00fcmumilikd\u0259 34 n\u0259f\u0259r yaralan\u0131b.<\/p>\n<p>Vur\u011fulan\u0131b ki, cari il sentyabr\u0131n 27-d\u0259n etibar\u0259n Erm\u0259nistan silahl\u0131 q\u00fcvv\u0259l\u0259rinin Az\u0259rbaycan\u0131n m\u00fcnaqi\u015f\u0259 v\u0259 m\u00fcharib\u0259 zonas\u0131ndan k\u0259narda yerl\u0259\u015f\u0259n ya\u015fay\u0131\u015f m\u0259nt\u0259q\u0259l\u0259rin\u0259 a\u011f\u0131r artilleriya v\u0259 raket z\u0259rb\u0259l\u0259ri n\u0259tic\u0259sind\u0259 41 m\u00fclki \u015f\u0259xs h\u0259lak olub, 211 n\u0259f\u0259r yaralan\u0131b, 1200-d\u0259n art\u0131q \u015f\u0259xsi ev v\u0259 m\u00fclki obyekt da\u011f\u0131d\u0131l\u0131b.<\/p>\n<p>H\u0259m\u00e7inin, D\u00f6vl\u0259t Komissiyas\u0131n\u0131n s\u0259dri \u018fli Na\u011f\u0131yev bildirib ki, Erm\u0259nistan h\u0259rb\u00e7il\u0259rinin q\u0259tl\u0259 yetirilmi\u015f Az\u0259rbaycan h\u0259rbi\u00e7il\u0259rinin meyitl\u0259ri \u00fcz\u0259rind\u0259 t\u0259hqiramiz h\u0259r\u0259k\u0259tl\u0259r etm\u0259kl\u0259 t\u00f6r\u0259tdikl\u0259ri cinay\u0259t \u0259m\u0259ll\u0259rin\u0259 dair sosial \u015f\u0259b\u0259k\u0259l\u0259rd\u0259 payla\u015f\u0131lan videolar 1-ci Cenevr\u0259 Konvensiyas\u0131n\u0131n 16-c\u0131 v\u0259 17-ci madd\u0259l\u0259rinin ciddi pozuldu\u011funun s\u00fcbutudur.<\/p>\n<p>Erm\u0259nistan\u0131n beyn\u0259lxalq humanitar h\u00fcquq normalar\u0131n\u0131n, insan h\u00fcquqlar\u0131n\u0131n, h\u0259m\u00e7inin \u00f6z\u00fcn\u00fcn d\u0259 qo\u015fuldu\u011fu 1949-cu il tarixli Cenevr\u0259 Konvensiyalar\u0131n\u0131n \u00f6hd\u0259likl\u0259rin\u0259 m\u0259h\u0259l qoymamas\u0131na baxmayaraq, meyitl\u0259rin d\u0259yi\u015fdirilm\u0259si, \u0259sir v\u0259 girovlar\u0131n azad edilm\u0259si daim Az\u0259rbaycan Respublikas\u0131n\u0131n Prezidenti c\u0259nab \u0130lham \u018fliyevin diqq\u0259t m\u0259rk\u0259zind\u0259dir v\u0259 d\u00f6vl\u0259t ba\u015f\u00e7\u0131s\u0131 t\u0259r\u0259find\u0259n z\u0259ruri g\u00f6st\u0259ri\u015f v\u0259 tap\u015f\u0131r\u0131qlar verilib.<\/p>\n<p>Sonda Komissiya s\u0259dri Erm\u0259nistan t\u0259r\u0259find\u0259n beyn\u0259lxalq humanitar h\u00fcquq normalar\u0131n\u0131n pozulmas\u0131na dair faktlar\u0131 xan\u0131m Arian Bauer\u0259 t\u0259qdim edib, BQXK-n\u0131 Erm\u0259nistan t\u0259r\u0259find\u0259n humanitar h\u00fcquq normalar\u0131n\u0131n pozulmas\u0131 faktlar\u0131na obyektiv qiym\u0259t verm\u0259y\u0259 \u00e7a\u011f\u0131r\u0131b.<\/p>\n<p>Xan\u0131m Arian Bauer BQXK v\u0259 D\u00f6vl\u0259t Komissiyas\u0131n\u0131n qar\u015f\u0131l\u0131ql\u0131 f\u0259aliyy\u0259tinin \u00fcmum\u0259n konstruktiv oldu\u011funu v\u0259 konkret n\u0259tic\u0259l\u0259r verdiyini vur\u011fulayaraq, s\u0259m\u0259r\u0259li \u0259m\u0259kda\u015fl\u0131q \u0259laq\u0259l\u0259rinin bundan sonra da inki\u015faf ed\u0259c\u0259yin\u0259 \u00fcmidvar oldu\u011funu bildirib.<\/p>\n<p>Qar\u015f\u0131l\u0131ql\u0131 anla\u015fma \u015f\u0259raitind\u0259 ke\u00e7\u0259n g\u00f6r\u00fc\u015fd\u0259 maraq do\u011furan dig\u0259r m\u0259s\u0259l\u0259l\u0259r \u0259traf\u0131nda da fikir m\u00fcbadil\u0259si apar\u0131l\u0131b.<\/p>\n<p><strong>\u0130ctimai.az\u00a0<\/strong><\/p>\n","protected":false},"excerpt":{"rendered":"<p>D\u00fcn\u0259n D\u00f6vl\u0259t T\u0259hl\u00fck\u0259sizliyi Xidm\u0259tinin r\u0259isi, Az\u0259rbaycan Respublikas\u0131n\u0131n \u018fsir v\u0259 itkin d\u00fc\u015fm\u00fc\u015f, girov g\u00f6t\u00fcr\u00fclm\u00fc\u015f v\u0259t\u0259nda\u015flarla \u0259laq\u0259dar D\u00f6vl\u0259t Komissiyas\u0131n\u0131n s\u0259dri \u018fli Na\u011f\u0131yev Beyn\u0259lxalq Q\u0131z\u0131l Xa\u00e7 Komit\u0259sinin (BQXK) Az\u0259rbaycandak\u0131 n\u00fcmay\u0259nd\u0259liyinin r\u0259hb\u0259ri Arian Bauerl\u0259 g\u00f6r\u00fc\u015f\u00fcb. Bu bar\u0259d\u0259 D\u00f6vl\u0259t T\u0259hl\u00fck\u0259sizlik Xidm\u0259ti m\u0259lumat yay\u0131b. Bildirilib ki, D\u00f6vl\u0259t Komissiyas\u0131n\u0131n s\u0259dri \u018fli Na\u011f\u0131yev Az\u0259rbaycana qar\u015f\u0131 Erm\u0259nistan Respublikas\u0131n\u0131n h\u0259rbi t\u0259cav\u00fcz\u00fc n\u0259tic\u0259sind\u0259 beyn\u0259lxalq humanitar h\u00fcquq [&hellip;]<\/p>\n","protected":false},"author":2,"featured_media":6248,"comment_status":"closed","ping_status":"closed","sticky":false,"template":"","format":"standard","meta":{"footnotes":""},"categories":[2],"tags":[],"class_list":["post-6247","post","type-post","status-publish","format-standard","has-post-thumbnail","hentry","category-trend"],"yoast_head":"<!-- This site is optimized with the Yoast SEO plugin v28.2 - https:\/\/yoast.com\/product\/yoast-seo-wordpress\/ -->\n<title>\u018fli Na\u011f\u0131yev BQXK-nin Az\u0259rbaycandak\u0131 n\u00fcmay\u0259nd\u0259liyinin r\u0259hb\u0259ri il\u0259 g\u00f6r\u00fc\u015fd\u00fc - \u0130CT\u0130MA\u0130.AZ<\/title>\n<meta name=\"robots\" content=\"index, follow, max-snippet:-1, max-image-preview:large, max-video-preview:-1\" \/>\n<link rel=\"canonical\" href=\"https:\/\/ictimai.az\/?p=6247\" \/>\n<meta property=\"og:locale\" content=\"az_AZ\" \/>\n<meta property=\"og:type\" content=\"article\" \/>\n<meta property=\"og:title\" content=\"\u018fli Na\u011f\u0131yev BQXK-nin Az\u0259rbaycandak\u0131 n\u00fcmay\u0259nd\u0259liyinin r\u0259hb\u0259ri il\u0259 g\u00f6r\u00fc\u015fd\u00fc - \u0130CT\u0130MA\u0130.AZ\" \/>\n<meta property=\"og:description\" content=\"D\u00fcn\u0259n D\u00f6vl\u0259t T\u0259hl\u00fck\u0259sizliyi Xidm\u0259tinin r\u0259isi, Az\u0259rbaycan Respublikas\u0131n\u0131n \u018fsir v\u0259 itkin d\u00fc\u015fm\u00fc\u015f, girov g\u00f6t\u00fcr\u00fclm\u00fc\u015f v\u0259t\u0259nda\u015flarla \u0259laq\u0259dar D\u00f6vl\u0259t Komissiyas\u0131n\u0131n s\u0259dri \u018fli Na\u011f\u0131yev Beyn\u0259lxalq Q\u0131z\u0131l Xa\u00e7 Komit\u0259sinin (BQXK) Az\u0259rbaycandak\u0131 n\u00fcmay\u0259nd\u0259liyinin r\u0259hb\u0259ri Arian Bauerl\u0259 g\u00f6r\u00fc\u015f\u00fcb. Bu bar\u0259d\u0259 D\u00f6vl\u0259t T\u0259hl\u00fck\u0259sizlik Xidm\u0259ti m\u0259lumat yay\u0131b. Bildirilib ki, D\u00f6vl\u0259t Komissiyas\u0131n\u0131n s\u0259dri \u018fli Na\u011f\u0131yev Az\u0259rbaycana qar\u015f\u0131 Erm\u0259nistan Respublikas\u0131n\u0131n h\u0259rbi t\u0259cav\u00fcz\u00fc n\u0259tic\u0259sind\u0259 beyn\u0259lxalq humanitar h\u00fcquq [&hellip;]\" \/>\n<meta property=\"og:url\" content=\"https:\/\/ictimai.az\/?p=6247\" \/>\n<meta property=\"og:site_name\" content=\"\u0130CT\u0130MA\u0130.AZ\" \/>\n<meta property=\"article:published_time\" content=\"2020-10-13T08:07:29+00:00\" \/>\n<meta property=\"article:modified_time\" content=\"2020-10-13T08:50:05+00:00\" \/>\n<meta property=\"og:image\" content=\"https:\/\/ictimai.az\/core\/uploads\/2020\/10\/ictimai_b89e8eb36b2aa725c31a7c1eaa378355_n37gh2csv5m0yq8k6i1r.jpg\" \/>\n\t<meta property=\"og:image:width\" content=\"577\" \/>\n\t<meta property=\"og:image:height\" content=\"433\" \/>\n\t<meta property=\"og:image:type\" content=\"image\/jpeg\" \/>\n<meta name=\"author\" content=\"R\u0259\u015fad Bayramov\" \/>\n<meta name=\"twitter:card\" content=\"summary_large_image\" \/>\n<meta name=\"twitter:label1\" content=\"Written by\" \/>\n\t<meta name=\"twitter:data1\" content=\"R\u0259\u015fad Bayramov\" \/>\n\t<meta name=\"twitter:label2\" content=\"Est. reading time\" \/>\n\t<meta name=\"twitter:data2\" content=\"4 minutes\" \/>\n<script type=\"application\/ld+json\" class=\"yoast-schema-graph\">{\"@context\":\"https:\\\/\\\/schema.org\",\"@graph\":[{\"@type\":\"Article\",\"@id\":\"https:\\\/\\\/ictimai.az\\\/?p=6247#article\",\"isPartOf\":{\"@id\":\"https:\\\/\\\/ictimai.az\\\/?p=6247\"},\"author\":{\"name\":\"R\u0259\u015fad Bayramov\",\"@id\":\"https:\\\/\\\/ictimai.az\\\/#\\\/schema\\\/person\\\/1da94bf2c7ab5d83ad349237bec1e6af\"},\"headline\":\"\u018fli Na\u011f\u0131yev BQXK-nin Az\u0259rbaycandak\u0131 n\u00fcmay\u0259nd\u0259liyinin r\u0259hb\u0259ri il\u0259 g\u00f6r\u00fc\u015fd\u00fc\",\"datePublished\":\"2020-10-13T08:07:29+00:00\",\"dateModified\":\"2020-10-13T08:50:05+00:00\",\"mainEntityOfPage\":{\"@id\":\"https:\\\/\\\/ictimai.az\\\/?p=6247\"},\"wordCount\":778,\"publisher\":{\"@id\":\"https:\\\/\\\/ictimai.az\\\/#organization\"},\"image\":{\"@id\":\"https:\\\/\\\/ictimai.az\\\/?p=6247#primaryimage\"},\"thumbnailUrl\":\"https:\\\/\\\/ictimai.az\\\/core\\\/uploads\\\/2020\\\/10\\\/ictimai_b89e8eb36b2aa725c31a7c1eaa378355_n37gh2csv5m0yq8k6i1r.jpg\",\"articleSection\":[\"G\u00fcnd\u0259m\"],\"inLanguage\":\"az\"},{\"@type\":\"WebPage\",\"@id\":\"https:\\\/\\\/ictimai.az\\\/?p=6247\",\"url\":\"https:\\\/\\\/ictimai.az\\\/?p=6247\",\"name\":\"\u018fli Na\u011f\u0131yev BQXK-nin Az\u0259rbaycandak\u0131 n\u00fcmay\u0259nd\u0259liyinin r\u0259hb\u0259ri il\u0259 g\u00f6r\u00fc\u015fd\u00fc - \u0130CT\u0130MA\u0130.AZ\",\"isPartOf\":{\"@id\":\"https:\\\/\\\/ictimai.az\\\/#website\"},\"primaryImageOfPage\":{\"@id\":\"https:\\\/\\\/ictimai.az\\\/?p=6247#primaryimage\"},\"image\":{\"@id\":\"https:\\\/\\\/ictimai.az\\\/?p=6247#primaryimage\"},\"thumbnailUrl\":\"https:\\\/\\\/ictimai.az\\\/core\\\/uploads\\\/2020\\\/10\\\/ictimai_b89e8eb36b2aa725c31a7c1eaa378355_n37gh2csv5m0yq8k6i1r.jpg\",\"datePublished\":\"2020-10-13T08:07:29+00:00\",\"dateModified\":\"2020-10-13T08:50:05+00:00\",\"breadcrumb\":{\"@id\":\"https:\\\/\\\/ictimai.az\\\/?p=6247#breadcrumb\"},\"inLanguage\":\"az\",\"potentialAction\":[{\"@type\":\"ReadAction\",\"target\":[\"https:\\\/\\\/ictimai.az\\\/?p=6247\"]}]},{\"@type\":\"ImageObject\",\"inLanguage\":\"az\",\"@id\":\"https:\\\/\\\/ictimai.az\\\/?p=6247#primaryimage\",\"url\":\"https:\\\/\\\/ictimai.az\\\/core\\\/uploads\\\/2020\\\/10\\\/ictimai_b89e8eb36b2aa725c31a7c1eaa378355_n37gh2csv5m0yq8k6i1r.jpg\",\"contentUrl\":\"https:\\\/\\\/ictimai.az\\\/core\\\/uploads\\\/2020\\\/10\\\/ictimai_b89e8eb36b2aa725c31a7c1eaa378355_n37gh2csv5m0yq8k6i1r.jpg\",\"width\":577,\"height\":433},{\"@type\":\"BreadcrumbList\",\"@id\":\"https:\\\/\\\/ictimai.az\\\/?p=6247#breadcrumb\",\"itemListElement\":[{\"@type\":\"ListItem\",\"position\":1,\"name\":\"Home\",\"item\":\"https:\\\/\\\/ictimai.az\\\/\"},{\"@type\":\"ListItem\",\"position\":2,\"name\":\"\u018fli Na\u011f\u0131yev BQXK-nin Az\u0259rbaycandak\u0131 n\u00fcmay\u0259nd\u0259liyinin r\u0259hb\u0259ri il\u0259 g\u00f6r\u00fc\u015fd\u00fc\"}]},{\"@type\":\"WebSite\",\"@id\":\"https:\\\/\\\/ictimai.az\\\/#website\",\"url\":\"https:\\\/\\\/ictimai.az\\\/\",\"name\":\"\u0130CT\u0130MA\u0130.AZ\",\"description\":\"\",\"publisher\":{\"@id\":\"https:\\\/\\\/ictimai.az\\\/#organization\"},\"potentialAction\":[{\"@type\":\"SearchAction\",\"target\":{\"@type\":\"EntryPoint\",\"urlTemplate\":\"https:\\\/\\\/ictimai.az\\\/?s={search_term_string}\"},\"query-input\":{\"@type\":\"PropertyValueSpecification\",\"valueRequired\":true,\"valueName\":\"search_term_string\"}}],\"inLanguage\":\"az\"},{\"@type\":\"Organization\",\"@id\":\"https:\\\/\\\/ictimai.az\\\/#organization\",\"name\":\"\u0130CT\u0130MA\u0130.AZ\",\"url\":\"https:\\\/\\\/ictimai.az\\\/\",\"logo\":{\"@type\":\"ImageObject\",\"inLanguage\":\"az\",\"@id\":\"https:\\\/\\\/ictimai.az\\\/#\\\/schema\\\/logo\\\/image\\\/\",\"url\":\"https:\\\/\\\/ictimai.az\\\/core\\\/uploads\\\/2026\\\/06\\\/cropped-ictimai_0380d81099c6fe3baae753faceb5481f_p41rg2mzq0uyvextfh3k-768x768-1-3.png\",\"contentUrl\":\"https:\\\/\\\/ictimai.az\\\/core\\\/uploads\\\/2026\\\/06\\\/cropped-ictimai_0380d81099c6fe3baae753faceb5481f_p41rg2mzq0uyvextfh3k-768x768-1-3.png\",\"width\":768,\"height\":768,\"caption\":\"\u0130CT\u0130MA\u0130.AZ\"},\"image\":{\"@id\":\"https:\\\/\\\/ictimai.az\\\/#\\\/schema\\\/logo\\\/image\\\/\"}},{\"@type\":\"Person\",\"@id\":\"https:\\\/\\\/ictimai.az\\\/#\\\/schema\\\/person\\\/1da94bf2c7ab5d83ad349237bec1e6af\",\"name\":\"R\u0259\u015fad Bayramov\",\"image\":{\"@type\":\"ImageObject\",\"inLanguage\":\"az\",\"@id\":\"https:\\\/\\\/secure.gravatar.com\\\/avatar\\\/83c075605ba0a4d35d59726aaad89cfa8008d1f01603342c56f1dd79784491bc?s=96&d=mm&r=g\",\"url\":\"https:\\\/\\\/secure.gravatar.com\\\/avatar\\\/83c075605ba0a4d35d59726aaad89cfa8008d1f01603342c56f1dd79784491bc?s=96&d=mm&r=g\",\"contentUrl\":\"https:\\\/\\\/secure.gravatar.com\\\/avatar\\\/83c075605ba0a4d35d59726aaad89cfa8008d1f01603342c56f1dd79784491bc?s=96&d=mm&r=g\",\"caption\":\"R\u0259\u015fad Bayramov\"},\"sameAs\":[\"https:\\\/\\\/ictimai.az\\\/\"],\"url\":\"https:\\\/\\\/ictimai.az\\\/?author=2\"}]}<\/script>\n<!-- \/ Yoast SEO plugin. -->","yoast_head_json":{"title":"\u018fli Na\u011f\u0131yev BQXK-nin Az\u0259rbaycandak\u0131 n\u00fcmay\u0259nd\u0259liyinin r\u0259hb\u0259ri il\u0259 g\u00f6r\u00fc\u015fd\u00fc - \u0130CT\u0130MA\u0130.AZ","robots":{"index":"index","follow":"follow","max-snippet":"max-snippet:-1","max-image-preview":"max-image-preview:large","max-video-preview":"max-video-preview:-1"},"canonical":"https:\/\/ictimai.az\/?p=6247","og_locale":"az_AZ","og_type":"article","og_title":"\u018fli Na\u011f\u0131yev BQXK-nin Az\u0259rbaycandak\u0131 n\u00fcmay\u0259nd\u0259liyinin r\u0259hb\u0259ri il\u0259 g\u00f6r\u00fc\u015fd\u00fc - \u0130CT\u0130MA\u0130.AZ","og_description":"D\u00fcn\u0259n D\u00f6vl\u0259t T\u0259hl\u00fck\u0259sizliyi Xidm\u0259tinin r\u0259isi, Az\u0259rbaycan Respublikas\u0131n\u0131n \u018fsir v\u0259 itkin d\u00fc\u015fm\u00fc\u015f, girov g\u00f6t\u00fcr\u00fclm\u00fc\u015f v\u0259t\u0259nda\u015flarla \u0259laq\u0259dar D\u00f6vl\u0259t Komissiyas\u0131n\u0131n s\u0259dri \u018fli Na\u011f\u0131yev Beyn\u0259lxalq Q\u0131z\u0131l Xa\u00e7 Komit\u0259sinin (BQXK) Az\u0259rbaycandak\u0131 n\u00fcmay\u0259nd\u0259liyinin r\u0259hb\u0259ri Arian Bauerl\u0259 g\u00f6r\u00fc\u015f\u00fcb. Bu bar\u0259d\u0259 D\u00f6vl\u0259t T\u0259hl\u00fck\u0259sizlik Xidm\u0259ti m\u0259lumat yay\u0131b. Bildirilib ki, D\u00f6vl\u0259t Komissiyas\u0131n\u0131n s\u0259dri \u018fli Na\u011f\u0131yev Az\u0259rbaycana qar\u015f\u0131 Erm\u0259nistan Respublikas\u0131n\u0131n h\u0259rbi t\u0259cav\u00fcz\u00fc n\u0259tic\u0259sind\u0259 beyn\u0259lxalq humanitar h\u00fcquq [&hellip;]","og_url":"https:\/\/ictimai.az\/?p=6247","og_site_name":"\u0130CT\u0130MA\u0130.AZ","article_published_time":"2020-10-13T08:07:29+00:00","article_modified_time":"2020-10-13T08:50:05+00:00","og_image":[{"width":577,"height":433,"url":"https:\/\/ictimai.az\/core\/uploads\/2020\/10\/ictimai_b89e8eb36b2aa725c31a7c1eaa378355_n37gh2csv5m0yq8k6i1r.jpg","type":"image\/jpeg"}],"author":"R\u0259\u015fad Bayramov","twitter_card":"summary_large_image","twitter_misc":{"Written by":"R\u0259\u015fad Bayramov","Est. reading time":"4 minutes"},"schema":{"@context":"https:\/\/schema.org","@graph":[{"@type":"Article","@id":"https:\/\/ictimai.az\/?p=6247#article","isPartOf":{"@id":"https:\/\/ictimai.az\/?p=6247"},"author":{"name":"R\u0259\u015fad Bayramov","@id":"https:\/\/ictimai.az\/#\/schema\/person\/1da94bf2c7ab5d83ad349237bec1e6af"},"headline":"\u018fli Na\u011f\u0131yev BQXK-nin Az\u0259rbaycandak\u0131 n\u00fcmay\u0259nd\u0259liyinin r\u0259hb\u0259ri il\u0259 g\u00f6r\u00fc\u015fd\u00fc","datePublished":"2020-10-13T08:07:29+00:00","dateModified":"2020-10-13T08:50:05+00:00","mainEntityOfPage":{"@id":"https:\/\/ictimai.az\/?p=6247"},"wordCount":778,"publisher":{"@id":"https:\/\/ictimai.az\/#organization"},"image":{"@id":"https:\/\/ictimai.az\/?p=6247#primaryimage"},"thumbnailUrl":"https:\/\/ictimai.az\/core\/uploads\/2020\/10\/ictimai_b89e8eb36b2aa725c31a7c1eaa378355_n37gh2csv5m0yq8k6i1r.jpg","articleSection":["G\u00fcnd\u0259m"],"inLanguage":"az"},{"@type":"WebPage","@id":"https:\/\/ictimai.az\/?p=6247","url":"https:\/\/ictimai.az\/?p=6247","name":"\u018fli Na\u011f\u0131yev BQXK-nin Az\u0259rbaycandak\u0131 n\u00fcmay\u0259nd\u0259liyinin r\u0259hb\u0259ri il\u0259 g\u00f6r\u00fc\u015fd\u00fc - \u0130CT\u0130MA\u0130.AZ","isPartOf":{"@id":"https:\/\/ictimai.az\/#website"},"primaryImageOfPage":{"@id":"https:\/\/ictimai.az\/?p=6247#primaryimage"},"image":{"@id":"https:\/\/ictimai.az\/?p=6247#primaryimage"},"thumbnailUrl":"https:\/\/ictimai.az\/core\/uploads\/2020\/10\/ictimai_b89e8eb36b2aa725c31a7c1eaa378355_n37gh2csv5m0yq8k6i1r.jpg","datePublished":"2020-10-13T08:07:29+00:00","dateModified":"2020-10-13T08:50:05+00:00","breadcrumb":{"@id":"https:\/\/ictimai.az\/?p=6247#breadcrumb"},"inLanguage":"az","potentialAction":[{"@type":"ReadAction","target":["https:\/\/ictimai.az\/?p=6247"]}]},{"@type":"ImageObject","inLanguage":"az","@id":"https:\/\/ictimai.az\/?p=6247#primaryimage","url":"https:\/\/ictimai.az\/core\/uploads\/2020\/10\/ictimai_b89e8eb36b2aa725c31a7c1eaa378355_n37gh2csv5m0yq8k6i1r.jpg","contentUrl":"https:\/\/ictimai.az\/core\/uploads\/2020\/10\/ictimai_b89e8eb36b2aa725c31a7c1eaa378355_n37gh2csv5m0yq8k6i1r.jpg","width":577,"height":433},{"@type":"BreadcrumbList","@id":"https:\/\/ictimai.az\/?p=6247#breadcrumb","itemListElement":[{"@type":"ListItem","position":1,"name":"Home","item":"https:\/\/ictimai.az\/"},{"@type":"ListItem","position":2,"name":"\u018fli Na\u011f\u0131yev BQXK-nin Az\u0259rbaycandak\u0131 n\u00fcmay\u0259nd\u0259liyinin r\u0259hb\u0259ri il\u0259 g\u00f6r\u00fc\u015fd\u00fc"}]},{"@type":"WebSite","@id":"https:\/\/ictimai.az\/#website","url":"https:\/\/ictimai.az\/","name":"\u0130CT\u0130MA\u0130.AZ","description":"","publisher":{"@id":"https:\/\/ictimai.az\/#organization"},"potentialAction":[{"@type":"SearchAction","target":{"@type":"EntryPoint","urlTemplate":"https:\/\/ictimai.az\/?s={search_term_string}"},"query-input":{"@type":"PropertyValueSpecification","valueRequired":true,"valueName":"search_term_string"}}],"inLanguage":"az"},{"@type":"Organization","@id":"https:\/\/ictimai.az\/#organization","name":"\u0130CT\u0130MA\u0130.AZ","url":"https:\/\/ictimai.az\/","logo":{"@type":"ImageObject","inLanguage":"az","@id":"https:\/\/ictimai.az\/#\/schema\/logo\/image\/","url":"https:\/\/ictimai.az\/core\/uploads\/2026\/06\/cropped-ictimai_0380d81099c6fe3baae753faceb5481f_p41rg2mzq0uyvextfh3k-768x768-1-3.png","contentUrl":"https:\/\/ictimai.az\/core\/uploads\/2026\/06\/cropped-ictimai_0380d81099c6fe3baae753faceb5481f_p41rg2mzq0uyvextfh3k-768x768-1-3.png","width":768,"height":768,"caption":"\u0130CT\u0130MA\u0130.AZ"},"image":{"@id":"https:\/\/ictimai.az\/#\/schema\/logo\/image\/"}},{"@type":"Person","@id":"https:\/\/ictimai.az\/#\/schema\/person\/1da94bf2c7ab5d83ad349237bec1e6af","name":"R\u0259\u015fad Bayramov","image":{"@type":"ImageObject","inLanguage":"az","@id":"https:\/\/secure.gravatar.com\/avatar\/83c075605ba0a4d35d59726aaad89cfa8008d1f01603342c56f1dd79784491bc?s=96&d=mm&r=g","url":"https:\/\/secure.gravatar.com\/avatar\/83c075605ba0a4d35d59726aaad89cfa8008d1f01603342c56f1dd79784491bc?s=96&d=mm&r=g","contentUrl":"https:\/\/secure.gravatar.com\/avatar\/83c075605ba0a4d35d59726aaad89cfa8008d1f01603342c56f1dd79784491bc?s=96&d=mm&r=g","caption":"R\u0259\u015fad Bayramov"},"sameAs":["https:\/\/ictimai.az\/"],"url":"https:\/\/ictimai.az\/?author=2"}]}},"_links":{"self":[{"href":"https:\/\/ictimai.az\/index.php?rest_route=\/wp\/v2\/posts\/6247","targetHints":{"allow":["GET"]}}],"collection":[{"href":"https:\/\/ictimai.az\/index.php?rest_route=\/wp\/v2\/posts"}],"about":[{"href":"https:\/\/ictimai.az\/index.php?rest_route=\/wp\/v2\/types\/post"}],"author":[{"embeddable":true,"href":"https:\/\/ictimai.az\/index.php?rest_route=\/wp\/v2\/users\/2"}],"replies":[{"embeddable":true,"href":"https:\/\/ictimai.az\/index.php?rest_route=%2Fwp%2Fv2%2Fcomments&post=6247"}],"version-history":[{"count":0,"href":"https:\/\/ictimai.az\/index.php?rest_route=\/wp\/v2\/posts\/6247\/revisions"}],"wp:featuredmedia":[{"embeddable":true,"href":"https:\/\/ictimai.az\/index.php?rest_route=\/wp\/v2\/media\/6248"}],"wp:attachment":[{"href":"https:\/\/ictimai.az\/index.php?rest_route=%2Fwp%2Fv2%2Fmedia&parent=6247"}],"wp:term":[{"taxonomy":"category","embeddable":true,"href":"https:\/\/ictimai.az\/index.php?rest_route=%2Fwp%2Fv2%2Fcategories&post=6247"},{"taxonomy":"post_tag","embeddable":true,"href":"https:\/\/ictimai.az\/index.php?rest_route=%2Fwp%2Fv2%2Ftags&post=6247"}],"curies":[{"name":"wp","href":"https:\/\/api.w.org\/{rel}","templated":true}]}}