{"id":69185,"date":"2025-05-01T16:31:34","date_gmt":"2025-05-01T12:31:34","guid":{"rendered":"https:\/\/ictimai.az\/?p=69185"},"modified":"2025-05-01T16:09:41","modified_gmt":"2025-05-01T12:09:41","slug":"naxcivan-reqemsal-inkisaf-ve-neqliyyat-nazirinin-muavini-teyin-edilib","status":"publish","type":"post","link":"https:\/\/ictimai.az\/?p=69185","title":{"rendered":"Nax\u00e7\u0131van r\u0259q\u0259msal inki\u015faf v\u0259 n\u0259qliyyat nazirinin m\u00fcavini t\u0259yin edilib"},"content":{"rendered":"<p>Nax\u00e7\u0131van Muxtar Respublikas\u0131 Ali M\u0259clisi s\u0259drinin s\u0259r\u0259ncam\u0131na \u0259sas\u0259n, Az\u0259r M\u0259mm\u0259dr\u0259himov MR r\u0259q\u0259msal inki\u015faf v\u0259 n\u0259qliyyat nazirinin m\u00fcavini v\u0259zif\u0259sin\u0259 t\u0259yin edilib.<\/p>\n<p>Oxu.Az x\u0259b\u0259r verir ki, A.M\u0259mm\u0259dr\u0259himova nazir v\u0259zif\u0259sinin m\u00fcv\u0259qq\u0259ti icras\u0131 h\u0259val\u0259 edilib.<\/p>\n<p>Az\u0259r \u015eahverdi o\u011flu M\u0259mm\u0259dr\u0259himov Az\u0259rbaycan Respublikas\u0131 R\u0259q\u0259msal \u0130nki\u015faf v\u0259 N\u0259qliyyat Nazirliyinin Aparat\u0131nda m\u0259sl\u0259h\u0259t\u00e7i, apar\u0131c\u0131 m\u0259sl\u0259h\u0259t\u00e7i, b\u00f6y\u00fck m\u0259sl\u0259h\u0259t\u00e7i v\u0259 ba\u015f m\u0259sl\u0259h\u0259t\u00e7i v\u0259zif\u0259l\u0259rind\u0259 \u00e7al\u0131\u015f\u0131b. H\u0259m\u00e7inin 2016-2021-ci ill\u0259r \u0259rzind\u0259 \u00dcmumd\u00fcnya Po\u00e7t \u0130ttifaq\u0131n\u0131n Po\u00e7t Maliyy\u0259 Xidm\u0259tl\u0259ri Komissiyas\u0131n\u0131n h\u0259ms\u0259dri, 2021-ci ild\u0259n &#8220;Az\u0259rpo\u00e7t&#8221; MMC-nin M\u00fc\u015fahid\u0259 \u015euras\u0131n\u0131n katibi kimi f\u0259aliyy\u0259t g\u00f6st\u0259rib. 24 iyun 2024-c\u00fc ild\u0259 Az\u0259rbaycan Respublikas\u0131 Prezidentinin m\u00fcvafiq S\u0259r\u0259ncam\u0131 il\u0259 &#8220;D\u00f6vl\u0259t qullu\u011funda f\u0259rql\u0259nm\u0259y\u0259 g\u00f6r\u0259&#8221; medal\u0131 il\u0259 t\u0259ltif olunub.<\/p>\n<p>2024-c\u00fc ilin avqust ay\u0131ndan cari tarix\u0259 q\u0259d\u0259r is\u0259 &#8220;Nax\u00e7\u0131vanpo\u00e7t&#8221; publik h\u00fcquqi \u015f\u0259xsin direktoru v\u0259zif\u0259sind\u0259 i\u015fl\u0259yib.<\/p>\n<p>Qeyd ed\u0259k ki, bu t\u0259yinatad\u0259k Nax\u00e7\u0131van Muxtar Respublikas\u0131n\u0131n r\u0259q\u0259msal inki\u015faf v\u0259 n\u0259qliyyat naziri v\u0259zif\u0259l\u0259rini Rahid \u018fl\u0259kb\u0259rli icra edib.<\/p>\n<p><img loading=\"lazy\" decoding=\"async\" class=\"inner-photo\" src=\"https:\/\/images.oxu.az\/2025\/05\/01\/c4uBKD0U90W2Ix4GIV662cL9Tzu4MOwv6qt9ceMN:640.jpg\" alt=\"\" width=\"640\" height=\"428\" \/><\/p>\n","protected":false},"excerpt":{"rendered":"<p>Nax\u00e7\u0131van Muxtar Respublikas\u0131 Ali M\u0259clisi s\u0259drinin s\u0259r\u0259ncam\u0131na \u0259sas\u0259n, Az\u0259r M\u0259mm\u0259dr\u0259himov MR r\u0259q\u0259msal inki\u015faf v\u0259 n\u0259qliyyat nazirinin m\u00fcavini v\u0259zif\u0259sin\u0259 t\u0259yin edilib. Oxu.Az x\u0259b\u0259r verir ki, A.M\u0259mm\u0259dr\u0259himova nazir v\u0259zif\u0259sinin m\u00fcv\u0259qq\u0259ti icras\u0131 h\u0259val\u0259 edilib. Az\u0259r \u015eahverdi o\u011flu M\u0259mm\u0259dr\u0259himov Az\u0259rbaycan Respublikas\u0131 R\u0259q\u0259msal \u0130nki\u015faf v\u0259 N\u0259qliyyat Nazirliyinin Aparat\u0131nda m\u0259sl\u0259h\u0259t\u00e7i, apar\u0131c\u0131 m\u0259sl\u0259h\u0259t\u00e7i, b\u00f6y\u00fck m\u0259sl\u0259h\u0259t\u00e7i v\u0259 ba\u015f m\u0259sl\u0259h\u0259t\u00e7i v\u0259zif\u0259l\u0259rind\u0259 \u00e7al\u0131\u015f\u0131b. H\u0259m\u00e7inin 2016-2021-ci [&hellip;]<\/p>\n","protected":false},"author":2,"featured_media":68045,"comment_status":"closed","ping_status":"closed","sticky":false,"template":"","format":"standard","meta":{"footnotes":""},"categories":[2],"tags":[],"class_list":["post-69185","post","type-post","status-publish","format-standard","has-post-thumbnail","hentry","category-trend"],"yoast_head":"<!-- This site is optimized with the Yoast SEO plugin v28.2 - https:\/\/yoast.com\/product\/yoast-seo-wordpress\/ -->\n<title>Nax\u00e7\u0131van r\u0259q\u0259msal inki\u015faf v\u0259 n\u0259qliyyat nazirinin m\u00fcavini t\u0259yin edilib - \u0130CT\u0130MA\u0130.AZ<\/title>\n<meta name=\"robots\" content=\"index, follow, max-snippet:-1, max-image-preview:large, max-video-preview:-1\" \/>\n<link rel=\"canonical\" href=\"https:\/\/ictimai.az\/?p=69185\" \/>\n<meta property=\"og:locale\" content=\"az_AZ\" \/>\n<meta property=\"og:type\" content=\"article\" \/>\n<meta property=\"og:title\" content=\"Nax\u00e7\u0131van r\u0259q\u0259msal inki\u015faf v\u0259 n\u0259qliyyat nazirinin m\u00fcavini t\u0259yin edilib - \u0130CT\u0130MA\u0130.AZ\" \/>\n<meta property=\"og:description\" content=\"Nax\u00e7\u0131van Muxtar Respublikas\u0131 Ali M\u0259clisi s\u0259drinin s\u0259r\u0259ncam\u0131na \u0259sas\u0259n, Az\u0259r M\u0259mm\u0259dr\u0259himov MR r\u0259q\u0259msal inki\u015faf v\u0259 n\u0259qliyyat nazirinin m\u00fcavini v\u0259zif\u0259sin\u0259 t\u0259yin edilib. Oxu.Az x\u0259b\u0259r verir ki, A.M\u0259mm\u0259dr\u0259himova nazir v\u0259zif\u0259sinin m\u00fcv\u0259qq\u0259ti icras\u0131 h\u0259val\u0259 edilib. Az\u0259r \u015eahverdi o\u011flu M\u0259mm\u0259dr\u0259himov Az\u0259rbaycan Respublikas\u0131 R\u0259q\u0259msal \u0130nki\u015faf v\u0259 N\u0259qliyyat Nazirliyinin Aparat\u0131nda m\u0259sl\u0259h\u0259t\u00e7i, apar\u0131c\u0131 m\u0259sl\u0259h\u0259t\u00e7i, b\u00f6y\u00fck m\u0259sl\u0259h\u0259t\u00e7i v\u0259 ba\u015f m\u0259sl\u0259h\u0259t\u00e7i v\u0259zif\u0259l\u0259rind\u0259 \u00e7al\u0131\u015f\u0131b. H\u0259m\u00e7inin 2016-2021-ci [&hellip;]\" \/>\n<meta property=\"og:url\" content=\"https:\/\/ictimai.az\/?p=69185\" \/>\n<meta property=\"og:site_name\" content=\"\u0130CT\u0130MA\u0130.AZ\" \/>\n<meta property=\"article:published_time\" content=\"2025-05-01T12:31:34+00:00\" \/>\n<meta property=\"og:image\" content=\"https:\/\/ictimai.az\/core\/uploads\/2025\/04\/ictimai_f349fd0259b3c5d14ded668bb375b180_ko602g5qpjcnf13lmez7.webp\" \/>\n\t<meta property=\"og:image:width\" content=\"1200\" \/>\n\t<meta property=\"og:image:height\" content=\"649\" \/>\n\t<meta property=\"og:image:type\" content=\"image\/webp\" \/>\n<meta name=\"author\" content=\"R\u0259\u015fad Bayramov\" \/>\n<meta name=\"twitter:card\" content=\"summary_large_image\" \/>\n<meta name=\"twitter:label1\" content=\"Written by\" \/>\n\t<meta name=\"twitter:data1\" content=\"R\u0259\u015fad Bayramov\" \/>\n\t<meta name=\"twitter:label2\" content=\"Est. reading time\" \/>\n\t<meta name=\"twitter:data2\" content=\"1 minute\" \/>\n<script type=\"application\/ld+json\" class=\"yoast-schema-graph\">{\"@context\":\"https:\\\/\\\/schema.org\",\"@graph\":[{\"@type\":\"Article\",\"@id\":\"https:\\\/\\\/ictimai.az\\\/?p=69185#article\",\"isPartOf\":{\"@id\":\"https:\\\/\\\/ictimai.az\\\/?p=69185\"},\"author\":{\"name\":\"R\u0259\u015fad Bayramov\",\"@id\":\"https:\\\/\\\/ictimai.az\\\/#\\\/schema\\\/person\\\/1da94bf2c7ab5d83ad349237bec1e6af\"},\"headline\":\"Nax\u00e7\u0131van r\u0259q\u0259msal inki\u015faf v\u0259 n\u0259qliyyat nazirinin m\u00fcavini t\u0259yin edilib\",\"datePublished\":\"2025-05-01T12:31:34+00:00\",\"mainEntityOfPage\":{\"@id\":\"https:\\\/\\\/ictimai.az\\\/?p=69185\"},\"wordCount\":269,\"publisher\":{\"@id\":\"https:\\\/\\\/ictimai.az\\\/#organization\"},\"image\":{\"@id\":\"https:\\\/\\\/ictimai.az\\\/?p=69185#primaryimage\"},\"thumbnailUrl\":\"https:\\\/\\\/ictimai.az\\\/core\\\/uploads\\\/2025\\\/04\\\/ictimai_f349fd0259b3c5d14ded668bb375b180_ko602g5qpjcnf13lmez7.webp\",\"articleSection\":[\"G\u00fcnd\u0259m\"],\"inLanguage\":\"az\"},{\"@type\":\"WebPage\",\"@id\":\"https:\\\/\\\/ictimai.az\\\/?p=69185\",\"url\":\"https:\\\/\\\/ictimai.az\\\/?p=69185\",\"name\":\"Nax\u00e7\u0131van r\u0259q\u0259msal inki\u015faf v\u0259 n\u0259qliyyat nazirinin m\u00fcavini t\u0259yin edilib - \u0130CT\u0130MA\u0130.AZ\",\"isPartOf\":{\"@id\":\"https:\\\/\\\/ictimai.az\\\/#website\"},\"primaryImageOfPage\":{\"@id\":\"https:\\\/\\\/ictimai.az\\\/?p=69185#primaryimage\"},\"image\":{\"@id\":\"https:\\\/\\\/ictimai.az\\\/?p=69185#primaryimage\"},\"thumbnailUrl\":\"https:\\\/\\\/ictimai.az\\\/core\\\/uploads\\\/2025\\\/04\\\/ictimai_f349fd0259b3c5d14ded668bb375b180_ko602g5qpjcnf13lmez7.webp\",\"datePublished\":\"2025-05-01T12:31:34+00:00\",\"breadcrumb\":{\"@id\":\"https:\\\/\\\/ictimai.az\\\/?p=69185#breadcrumb\"},\"inLanguage\":\"az\",\"potentialAction\":[{\"@type\":\"ReadAction\",\"target\":[\"https:\\\/\\\/ictimai.az\\\/?p=69185\"]}]},{\"@type\":\"ImageObject\",\"inLanguage\":\"az\",\"@id\":\"https:\\\/\\\/ictimai.az\\\/?p=69185#primaryimage\",\"url\":\"https:\\\/\\\/ictimai.az\\\/core\\\/uploads\\\/2025\\\/04\\\/ictimai_f349fd0259b3c5d14ded668bb375b180_ko602g5qpjcnf13lmez7.webp\",\"contentUrl\":\"https:\\\/\\\/ictimai.az\\\/core\\\/uploads\\\/2025\\\/04\\\/ictimai_f349fd0259b3c5d14ded668bb375b180_ko602g5qpjcnf13lmez7.webp\",\"width\":1200,\"height\":649},{\"@type\":\"BreadcrumbList\",\"@id\":\"https:\\\/\\\/ictimai.az\\\/?p=69185#breadcrumb\",\"itemListElement\":[{\"@type\":\"ListItem\",\"position\":1,\"name\":\"Home\",\"item\":\"https:\\\/\\\/ictimai.az\\\/\"},{\"@type\":\"ListItem\",\"position\":2,\"name\":\"Nax\u00e7\u0131van r\u0259q\u0259msal inki\u015faf v\u0259 n\u0259qliyyat nazirinin m\u00fcavini t\u0259yin edilib\"}]},{\"@type\":\"WebSite\",\"@id\":\"https:\\\/\\\/ictimai.az\\\/#website\",\"url\":\"https:\\\/\\\/ictimai.az\\\/\",\"name\":\"\u0130CT\u0130MA\u0130.AZ\",\"description\":\"\",\"publisher\":{\"@id\":\"https:\\\/\\\/ictimai.az\\\/#organization\"},\"potentialAction\":[{\"@type\":\"SearchAction\",\"target\":{\"@type\":\"EntryPoint\",\"urlTemplate\":\"https:\\\/\\\/ictimai.az\\\/?s={search_term_string}\"},\"query-input\":{\"@type\":\"PropertyValueSpecification\",\"valueRequired\":true,\"valueName\":\"search_term_string\"}}],\"inLanguage\":\"az\"},{\"@type\":\"Organization\",\"@id\":\"https:\\\/\\\/ictimai.az\\\/#organization\",\"name\":\"\u0130CT\u0130MA\u0130.AZ\",\"url\":\"https:\\\/\\\/ictimai.az\\\/\",\"logo\":{\"@type\":\"ImageObject\",\"inLanguage\":\"az\",\"@id\":\"https:\\\/\\\/ictimai.az\\\/#\\\/schema\\\/logo\\\/image\\\/\",\"url\":\"https:\\\/\\\/ictimai.az\\\/core\\\/uploads\\\/2026\\\/06\\\/cropped-ictimai_0380d81099c6fe3baae753faceb5481f_p41rg2mzq0uyvextfh3k-768x768-1-3.png\",\"contentUrl\":\"https:\\\/\\\/ictimai.az\\\/core\\\/uploads\\\/2026\\\/06\\\/cropped-ictimai_0380d81099c6fe3baae753faceb5481f_p41rg2mzq0uyvextfh3k-768x768-1-3.png\",\"width\":768,\"height\":768,\"caption\":\"\u0130CT\u0130MA\u0130.AZ\"},\"image\":{\"@id\":\"https:\\\/\\\/ictimai.az\\\/#\\\/schema\\\/logo\\\/image\\\/\"}},{\"@type\":\"Person\",\"@id\":\"https:\\\/\\\/ictimai.az\\\/#\\\/schema\\\/person\\\/1da94bf2c7ab5d83ad349237bec1e6af\",\"name\":\"R\u0259\u015fad Bayramov\",\"image\":{\"@type\":\"ImageObject\",\"inLanguage\":\"az\",\"@id\":\"https:\\\/\\\/secure.gravatar.com\\\/avatar\\\/83c075605ba0a4d35d59726aaad89cfa8008d1f01603342c56f1dd79784491bc?s=96&d=mm&r=g\",\"url\":\"https:\\\/\\\/secure.gravatar.com\\\/avatar\\\/83c075605ba0a4d35d59726aaad89cfa8008d1f01603342c56f1dd79784491bc?s=96&d=mm&r=g\",\"contentUrl\":\"https:\\\/\\\/secure.gravatar.com\\\/avatar\\\/83c075605ba0a4d35d59726aaad89cfa8008d1f01603342c56f1dd79784491bc?s=96&d=mm&r=g\",\"caption\":\"R\u0259\u015fad Bayramov\"},\"sameAs\":[\"https:\\\/\\\/ictimai.az\\\/\"],\"url\":\"https:\\\/\\\/ictimai.az\\\/?author=2\"}]}<\/script>\n<!-- \/ Yoast SEO plugin. -->","yoast_head_json":{"title":"Nax\u00e7\u0131van r\u0259q\u0259msal inki\u015faf v\u0259 n\u0259qliyyat nazirinin m\u00fcavini t\u0259yin edilib - \u0130CT\u0130MA\u0130.AZ","robots":{"index":"index","follow":"follow","max-snippet":"max-snippet:-1","max-image-preview":"max-image-preview:large","max-video-preview":"max-video-preview:-1"},"canonical":"https:\/\/ictimai.az\/?p=69185","og_locale":"az_AZ","og_type":"article","og_title":"Nax\u00e7\u0131van r\u0259q\u0259msal inki\u015faf v\u0259 n\u0259qliyyat nazirinin m\u00fcavini t\u0259yin edilib - \u0130CT\u0130MA\u0130.AZ","og_description":"Nax\u00e7\u0131van Muxtar Respublikas\u0131 Ali M\u0259clisi s\u0259drinin s\u0259r\u0259ncam\u0131na \u0259sas\u0259n, Az\u0259r M\u0259mm\u0259dr\u0259himov MR r\u0259q\u0259msal inki\u015faf v\u0259 n\u0259qliyyat nazirinin m\u00fcavini v\u0259zif\u0259sin\u0259 t\u0259yin edilib. Oxu.Az x\u0259b\u0259r verir ki, A.M\u0259mm\u0259dr\u0259himova nazir v\u0259zif\u0259sinin m\u00fcv\u0259qq\u0259ti icras\u0131 h\u0259val\u0259 edilib. Az\u0259r \u015eahverdi o\u011flu M\u0259mm\u0259dr\u0259himov Az\u0259rbaycan Respublikas\u0131 R\u0259q\u0259msal \u0130nki\u015faf v\u0259 N\u0259qliyyat Nazirliyinin Aparat\u0131nda m\u0259sl\u0259h\u0259t\u00e7i, apar\u0131c\u0131 m\u0259sl\u0259h\u0259t\u00e7i, b\u00f6y\u00fck m\u0259sl\u0259h\u0259t\u00e7i v\u0259 ba\u015f m\u0259sl\u0259h\u0259t\u00e7i v\u0259zif\u0259l\u0259rind\u0259 \u00e7al\u0131\u015f\u0131b. H\u0259m\u00e7inin 2016-2021-ci [&hellip;]","og_url":"https:\/\/ictimai.az\/?p=69185","og_site_name":"\u0130CT\u0130MA\u0130.AZ","article_published_time":"2025-05-01T12:31:34+00:00","og_image":[{"width":1200,"height":649,"url":"https:\/\/ictimai.az\/core\/uploads\/2025\/04\/ictimai_f349fd0259b3c5d14ded668bb375b180_ko602g5qpjcnf13lmez7.webp","type":"image\/webp"}],"author":"R\u0259\u015fad Bayramov","twitter_card":"summary_large_image","twitter_misc":{"Written by":"R\u0259\u015fad Bayramov","Est. reading time":"1 minute"},"schema":{"@context":"https:\/\/schema.org","@graph":[{"@type":"Article","@id":"https:\/\/ictimai.az\/?p=69185#article","isPartOf":{"@id":"https:\/\/ictimai.az\/?p=69185"},"author":{"name":"R\u0259\u015fad Bayramov","@id":"https:\/\/ictimai.az\/#\/schema\/person\/1da94bf2c7ab5d83ad349237bec1e6af"},"headline":"Nax\u00e7\u0131van r\u0259q\u0259msal inki\u015faf v\u0259 n\u0259qliyyat nazirinin m\u00fcavini t\u0259yin edilib","datePublished":"2025-05-01T12:31:34+00:00","mainEntityOfPage":{"@id":"https:\/\/ictimai.az\/?p=69185"},"wordCount":269,"publisher":{"@id":"https:\/\/ictimai.az\/#organization"},"image":{"@id":"https:\/\/ictimai.az\/?p=69185#primaryimage"},"thumbnailUrl":"https:\/\/ictimai.az\/core\/uploads\/2025\/04\/ictimai_f349fd0259b3c5d14ded668bb375b180_ko602g5qpjcnf13lmez7.webp","articleSection":["G\u00fcnd\u0259m"],"inLanguage":"az"},{"@type":"WebPage","@id":"https:\/\/ictimai.az\/?p=69185","url":"https:\/\/ictimai.az\/?p=69185","name":"Nax\u00e7\u0131van r\u0259q\u0259msal inki\u015faf v\u0259 n\u0259qliyyat nazirinin m\u00fcavini t\u0259yin edilib - \u0130CT\u0130MA\u0130.AZ","isPartOf":{"@id":"https:\/\/ictimai.az\/#website"},"primaryImageOfPage":{"@id":"https:\/\/ictimai.az\/?p=69185#primaryimage"},"image":{"@id":"https:\/\/ictimai.az\/?p=69185#primaryimage"},"thumbnailUrl":"https:\/\/ictimai.az\/core\/uploads\/2025\/04\/ictimai_f349fd0259b3c5d14ded668bb375b180_ko602g5qpjcnf13lmez7.webp","datePublished":"2025-05-01T12:31:34+00:00","breadcrumb":{"@id":"https:\/\/ictimai.az\/?p=69185#breadcrumb"},"inLanguage":"az","potentialAction":[{"@type":"ReadAction","target":["https:\/\/ictimai.az\/?p=69185"]}]},{"@type":"ImageObject","inLanguage":"az","@id":"https:\/\/ictimai.az\/?p=69185#primaryimage","url":"https:\/\/ictimai.az\/core\/uploads\/2025\/04\/ictimai_f349fd0259b3c5d14ded668bb375b180_ko602g5qpjcnf13lmez7.webp","contentUrl":"https:\/\/ictimai.az\/core\/uploads\/2025\/04\/ictimai_f349fd0259b3c5d14ded668bb375b180_ko602g5qpjcnf13lmez7.webp","width":1200,"height":649},{"@type":"BreadcrumbList","@id":"https:\/\/ictimai.az\/?p=69185#breadcrumb","itemListElement":[{"@type":"ListItem","position":1,"name":"Home","item":"https:\/\/ictimai.az\/"},{"@type":"ListItem","position":2,"name":"Nax\u00e7\u0131van r\u0259q\u0259msal inki\u015faf v\u0259 n\u0259qliyyat nazirinin m\u00fcavini t\u0259yin edilib"}]},{"@type":"WebSite","@id":"https:\/\/ictimai.az\/#website","url":"https:\/\/ictimai.az\/","name":"\u0130CT\u0130MA\u0130.AZ","description":"","publisher":{"@id":"https:\/\/ictimai.az\/#organization"},"potentialAction":[{"@type":"SearchAction","target":{"@type":"EntryPoint","urlTemplate":"https:\/\/ictimai.az\/?s={search_term_string}"},"query-input":{"@type":"PropertyValueSpecification","valueRequired":true,"valueName":"search_term_string"}}],"inLanguage":"az"},{"@type":"Organization","@id":"https:\/\/ictimai.az\/#organization","name":"\u0130CT\u0130MA\u0130.AZ","url":"https:\/\/ictimai.az\/","logo":{"@type":"ImageObject","inLanguage":"az","@id":"https:\/\/ictimai.az\/#\/schema\/logo\/image\/","url":"https:\/\/ictimai.az\/core\/uploads\/2026\/06\/cropped-ictimai_0380d81099c6fe3baae753faceb5481f_p41rg2mzq0uyvextfh3k-768x768-1-3.png","contentUrl":"https:\/\/ictimai.az\/core\/uploads\/2026\/06\/cropped-ictimai_0380d81099c6fe3baae753faceb5481f_p41rg2mzq0uyvextfh3k-768x768-1-3.png","width":768,"height":768,"caption":"\u0130CT\u0130MA\u0130.AZ"},"image":{"@id":"https:\/\/ictimai.az\/#\/schema\/logo\/image\/"}},{"@type":"Person","@id":"https:\/\/ictimai.az\/#\/schema\/person\/1da94bf2c7ab5d83ad349237bec1e6af","name":"R\u0259\u015fad Bayramov","image":{"@type":"ImageObject","inLanguage":"az","@id":"https:\/\/secure.gravatar.com\/avatar\/83c075605ba0a4d35d59726aaad89cfa8008d1f01603342c56f1dd79784491bc?s=96&d=mm&r=g","url":"https:\/\/secure.gravatar.com\/avatar\/83c075605ba0a4d35d59726aaad89cfa8008d1f01603342c56f1dd79784491bc?s=96&d=mm&r=g","contentUrl":"https:\/\/secure.gravatar.com\/avatar\/83c075605ba0a4d35d59726aaad89cfa8008d1f01603342c56f1dd79784491bc?s=96&d=mm&r=g","caption":"R\u0259\u015fad Bayramov"},"sameAs":["https:\/\/ictimai.az\/"],"url":"https:\/\/ictimai.az\/?author=2"}]}},"_links":{"self":[{"href":"https:\/\/ictimai.az\/index.php?rest_route=\/wp\/v2\/posts\/69185","targetHints":{"allow":["GET"]}}],"collection":[{"href":"https:\/\/ictimai.az\/index.php?rest_route=\/wp\/v2\/posts"}],"about":[{"href":"https:\/\/ictimai.az\/index.php?rest_route=\/wp\/v2\/types\/post"}],"author":[{"embeddable":true,"href":"https:\/\/ictimai.az\/index.php?rest_route=\/wp\/v2\/users\/2"}],"replies":[{"embeddable":true,"href":"https:\/\/ictimai.az\/index.php?rest_route=%2Fwp%2Fv2%2Fcomments&post=69185"}],"version-history":[{"count":0,"href":"https:\/\/ictimai.az\/index.php?rest_route=\/wp\/v2\/posts\/69185\/revisions"}],"wp:featuredmedia":[{"embeddable":true,"href":"https:\/\/ictimai.az\/index.php?rest_route=\/wp\/v2\/media\/68045"}],"wp:attachment":[{"href":"https:\/\/ictimai.az\/index.php?rest_route=%2Fwp%2Fv2%2Fmedia&parent=69185"}],"wp:term":[{"taxonomy":"category","embeddable":true,"href":"https:\/\/ictimai.az\/index.php?rest_route=%2Fwp%2Fv2%2Fcategories&post=69185"},{"taxonomy":"post_tag","embeddable":true,"href":"https:\/\/ictimai.az\/index.php?rest_route=%2Fwp%2Fv2%2Ftags&post=69185"}],"curies":[{"name":"wp","href":"https:\/\/api.w.org\/{rel}","templated":true}]}}