{"id":74804,"date":"2025-09-05T14:09:46","date_gmt":"2025-09-05T10:09:46","guid":{"rendered":"https:\/\/ictimai.az\/?p=74804"},"modified":"2025-09-05T13:20:23","modified_gmt":"2025-09-05T09:20:23","slug":"sentyabrin-6-da-gozlenilen-hava-seraiti-haqqinda-proqnoz-aciqlanib","status":"publish","type":"post","link":"https:\/\/ictimai.az\/?p=74804","title":{"rendered":"Sentyabr\u0131n 6-da g\u00f6zl\u0259nil\u0259n hava \u015f\u0259raiti haqq\u0131nda proqnoz a\u00e7\u0131qlan\u0131b"},"content":{"rendered":"<p>Az\u0259rbaycan \u0259razisind\u0259 sentyabr\u0131n 6-da g\u00f6zl\u0259nil\u0259n hava \u015f\u0259raiti haqq\u0131nda proqnoz a\u00e7\u0131qlan\u0131b.<\/p>\n<p><strong>\u0130ctimai.az <\/strong>x\u0259b\u0259r verir ki, bu bar\u0259d\u0259 Milli Hidrometeorologiya Xidm\u0259ti m\u0259lumat yay\u0131b.<\/p>\n<p>Bildirilib ki, Bak\u0131da v\u0259 Ab\u015feron yar\u0131madas\u0131nda hava \u015f\u0259raitinin d\u0259yi\u015fk\u0259n buludlu olaca\u011f\u0131, arabir tutulaca\u011f\u0131 g\u00f6zl\u0259nilir. G\u00fcn\u00fcn birinci yar\u0131s\u0131nda b\u0259zi yerl\u0259rd\u0259 arabir ya\u011f\u0131\u015f ya\u011faca\u011f\u0131, \u015fim\u015f\u0259k \u00e7axaca\u011f\u0131 ehtimal olunur. \u015eimal-\u015f\u0259rq k\u00fcl\u0259yi g\u00fcnd\u00fcz c\u0259nub-\u015f\u0259rq k\u00fcl\u0259yi il\u0259 \u0259v\u0259z olunacaq.<\/p>\n<p>Havan\u0131n temperaturu gec\u0259 20-25, g\u00fcnd\u00fcz 28-31 d\u0259r\u0259c\u0259 isti olacaq. Atmosfer t\u0259zyiqi 760 mm civ\u0259 s\u00fctunu, nisbi r\u00fctub\u0259t is\u0259 gec\u0259 70-75%, g\u00fcnd\u00fcz 50-55% t\u0259\u015fkil ed\u0259c\u0259k.<\/p>\n<p>Az\u0259rbaycan\u0131n \u0259ks\u0259r rayonlar\u0131nda havan\u0131n, \u0259sas\u0259n ya\u011fmursuz ke\u00e7\u0259c\u0259yi, lakin b\u0259zi da\u011fl\u0131q v\u0259 da\u011f\u0259t\u0259yi rayonlarda arabir ya\u011f\u0131\u015f ya\u011faca\u011f\u0131, \u015fim\u015f\u0259k \u00e7axaca\u011f\u0131 g\u00f6zl\u0259nilir. Ayr\u0131-ayr\u0131 yerl\u0259rd\u0259 ya\u011f\u0131\u015f\u0131n q\u0131sam\u00fcdd\u0259tli leysan xarakterli olaca\u011f\u0131, dolu d\u00fc\u015f\u0259c\u0259yi, gec\u0259 v\u0259 s\u0259h\u0259r b\u0259zi yerl\u0259rd\u0259 duman olaca\u011f\u0131 ehtimal olunur. M\u00fclayim \u015f\u0259rq k\u00fcl\u0259yi b\u0259zi yerl\u0259rd\u0259 arabir g\u00fccl\u0259n\u0259c\u0259k.<\/p>\n<p>Havan\u0131n temperaturu gec\u0259 20-25, g\u00fcnd\u00fcz 32-37, da\u011flarda gec\u0259 13-18, g\u00fcnd\u00fcz 23-28 d\u0259r\u0259c\u0259 isti olacaq.<\/p>\n","protected":false},"excerpt":{"rendered":"<p>Az\u0259rbaycan \u0259razisind\u0259 sentyabr\u0131n 6-da g\u00f6zl\u0259nil\u0259n hava \u015f\u0259raiti haqq\u0131nda proqnoz a\u00e7\u0131qlan\u0131b. \u0130ctimai.az x\u0259b\u0259r verir ki, bu bar\u0259d\u0259 Milli Hidrometeorologiya Xidm\u0259ti m\u0259lumat yay\u0131b. Bildirilib ki, Bak\u0131da v\u0259 Ab\u015feron yar\u0131madas\u0131nda hava \u015f\u0259raitinin d\u0259yi\u015fk\u0259n buludlu olaca\u011f\u0131, arabir tutulaca\u011f\u0131 g\u00f6zl\u0259nilir. G\u00fcn\u00fcn birinci yar\u0131s\u0131nda b\u0259zi yerl\u0259rd\u0259 arabir ya\u011f\u0131\u015f ya\u011faca\u011f\u0131, \u015fim\u015f\u0259k \u00e7axaca\u011f\u0131 ehtimal olunur. \u015eimal-\u015f\u0259rq k\u00fcl\u0259yi g\u00fcnd\u00fcz c\u0259nub-\u015f\u0259rq k\u00fcl\u0259yi il\u0259 \u0259v\u0259z olunacaq. [&hellip;]<\/p>\n","protected":false},"author":3,"featured_media":62328,"comment_status":"closed","ping_status":"closed","sticky":false,"template":"","format":"standard","meta":{"footnotes":""},"categories":[2],"tags":[],"class_list":["post-74804","post","type-post","status-publish","format-standard","has-post-thumbnail","hentry","category-trend"],"yoast_head":"<!-- This site is optimized with the Yoast SEO plugin v28.2 - https:\/\/yoast.com\/product\/yoast-seo-wordpress\/ -->\n<title>Sentyabr\u0131n 6-da g\u00f6zl\u0259nil\u0259n hava \u015f\u0259raiti haqq\u0131nda proqnoz a\u00e7\u0131qlan\u0131b - \u0130CT\u0130MA\u0130.AZ<\/title>\n<meta name=\"robots\" content=\"index, follow, max-snippet:-1, max-image-preview:large, max-video-preview:-1\" \/>\n<link rel=\"canonical\" href=\"https:\/\/ictimai.az\/?p=74804\" \/>\n<meta property=\"og:locale\" content=\"az_AZ\" \/>\n<meta property=\"og:type\" content=\"article\" \/>\n<meta property=\"og:title\" content=\"Sentyabr\u0131n 6-da g\u00f6zl\u0259nil\u0259n hava \u015f\u0259raiti haqq\u0131nda proqnoz a\u00e7\u0131qlan\u0131b - \u0130CT\u0130MA\u0130.AZ\" \/>\n<meta property=\"og:description\" content=\"Az\u0259rbaycan \u0259razisind\u0259 sentyabr\u0131n 6-da g\u00f6zl\u0259nil\u0259n hava \u015f\u0259raiti haqq\u0131nda proqnoz a\u00e7\u0131qlan\u0131b. \u0130ctimai.az x\u0259b\u0259r verir ki, bu bar\u0259d\u0259 Milli Hidrometeorologiya Xidm\u0259ti m\u0259lumat yay\u0131b. Bildirilib ki, Bak\u0131da v\u0259 Ab\u015feron yar\u0131madas\u0131nda hava \u015f\u0259raitinin d\u0259yi\u015fk\u0259n buludlu olaca\u011f\u0131, arabir tutulaca\u011f\u0131 g\u00f6zl\u0259nilir. G\u00fcn\u00fcn birinci yar\u0131s\u0131nda b\u0259zi yerl\u0259rd\u0259 arabir ya\u011f\u0131\u015f ya\u011faca\u011f\u0131, \u015fim\u015f\u0259k \u00e7axaca\u011f\u0131 ehtimal olunur. \u015eimal-\u015f\u0259rq k\u00fcl\u0259yi g\u00fcnd\u00fcz c\u0259nub-\u015f\u0259rq k\u00fcl\u0259yi il\u0259 \u0259v\u0259z olunacaq. [&hellip;]\" \/>\n<meta property=\"og:url\" content=\"https:\/\/ictimai.az\/?p=74804\" \/>\n<meta property=\"og:site_name\" content=\"\u0130CT\u0130MA\u0130.AZ\" \/>\n<meta property=\"article:published_time\" content=\"2025-09-05T10:09:46+00:00\" \/>\n<meta property=\"og:image\" content=\"https:\/\/ictimai.az\/core\/uploads\/2024\/12\/ictimai_c36ab2a442dd88a25802a967cce52aa0_1if94o0t3q5g2ms8pbnz.jpg\" \/>\n\t<meta property=\"og:image:width\" content=\"800\" \/>\n\t<meta property=\"og:image:height\" content=\"600\" \/>\n\t<meta property=\"og:image:type\" content=\"image\/jpeg\" \/>\n<meta name=\"author\" content=\"Rashad Bayramov\" \/>\n<meta name=\"twitter:card\" content=\"summary_large_image\" \/>\n<meta name=\"twitter:label1\" content=\"Written by\" \/>\n\t<meta name=\"twitter:data1\" content=\"Rashad Bayramov\" \/>\n\t<meta name=\"twitter:label2\" content=\"Est. reading time\" \/>\n\t<meta name=\"twitter:data2\" content=\"1 minute\" \/>\n<script type=\"application\/ld+json\" class=\"yoast-schema-graph\">{\"@context\":\"https:\\\/\\\/schema.org\",\"@graph\":[{\"@type\":\"Article\",\"@id\":\"https:\\\/\\\/ictimai.az\\\/?p=74804#article\",\"isPartOf\":{\"@id\":\"https:\\\/\\\/ictimai.az\\\/?p=74804\"},\"author\":{\"name\":\"Rashad Bayramov\",\"@id\":\"https:\\\/\\\/ictimai.az\\\/#\\\/schema\\\/person\\\/9ac6f26569a9ae9806130a33903085b7\"},\"headline\":\"Sentyabr\u0131n 6-da g\u00f6zl\u0259nil\u0259n hava \u015f\u0259raiti haqq\u0131nda proqnoz a\u00e7\u0131qlan\u0131b\",\"datePublished\":\"2025-09-05T10:09:46+00:00\",\"mainEntityOfPage\":{\"@id\":\"https:\\\/\\\/ictimai.az\\\/?p=74804\"},\"wordCount\":254,\"publisher\":{\"@id\":\"https:\\\/\\\/ictimai.az\\\/#organization\"},\"image\":{\"@id\":\"https:\\\/\\\/ictimai.az\\\/?p=74804#primaryimage\"},\"thumbnailUrl\":\"https:\\\/\\\/ictimai.az\\\/core\\\/uploads\\\/2024\\\/12\\\/ictimai_c36ab2a442dd88a25802a967cce52aa0_1if94o0t3q5g2ms8pbnz.jpg\",\"articleSection\":[\"G\u00fcnd\u0259m\"],\"inLanguage\":\"az\"},{\"@type\":\"WebPage\",\"@id\":\"https:\\\/\\\/ictimai.az\\\/?p=74804\",\"url\":\"https:\\\/\\\/ictimai.az\\\/?p=74804\",\"name\":\"Sentyabr\u0131n 6-da g\u00f6zl\u0259nil\u0259n hava \u015f\u0259raiti haqq\u0131nda proqnoz a\u00e7\u0131qlan\u0131b - \u0130CT\u0130MA\u0130.AZ\",\"isPartOf\":{\"@id\":\"https:\\\/\\\/ictimai.az\\\/#website\"},\"primaryImageOfPage\":{\"@id\":\"https:\\\/\\\/ictimai.az\\\/?p=74804#primaryimage\"},\"image\":{\"@id\":\"https:\\\/\\\/ictimai.az\\\/?p=74804#primaryimage\"},\"thumbnailUrl\":\"https:\\\/\\\/ictimai.az\\\/core\\\/uploads\\\/2024\\\/12\\\/ictimai_c36ab2a442dd88a25802a967cce52aa0_1if94o0t3q5g2ms8pbnz.jpg\",\"datePublished\":\"2025-09-05T10:09:46+00:00\",\"breadcrumb\":{\"@id\":\"https:\\\/\\\/ictimai.az\\\/?p=74804#breadcrumb\"},\"inLanguage\":\"az\",\"potentialAction\":[{\"@type\":\"ReadAction\",\"target\":[\"https:\\\/\\\/ictimai.az\\\/?p=74804\"]}]},{\"@type\":\"ImageObject\",\"inLanguage\":\"az\",\"@id\":\"https:\\\/\\\/ictimai.az\\\/?p=74804#primaryimage\",\"url\":\"https:\\\/\\\/ictimai.az\\\/core\\\/uploads\\\/2024\\\/12\\\/ictimai_c36ab2a442dd88a25802a967cce52aa0_1if94o0t3q5g2ms8pbnz.jpg\",\"contentUrl\":\"https:\\\/\\\/ictimai.az\\\/core\\\/uploads\\\/2024\\\/12\\\/ictimai_c36ab2a442dd88a25802a967cce52aa0_1if94o0t3q5g2ms8pbnz.jpg\",\"width\":800,\"height\":600},{\"@type\":\"BreadcrumbList\",\"@id\":\"https:\\\/\\\/ictimai.az\\\/?p=74804#breadcrumb\",\"itemListElement\":[{\"@type\":\"ListItem\",\"position\":1,\"name\":\"Home\",\"item\":\"https:\\\/\\\/ictimai.az\\\/\"},{\"@type\":\"ListItem\",\"position\":2,\"name\":\"Sentyabr\u0131n 6-da g\u00f6zl\u0259nil\u0259n hava \u015f\u0259raiti haqq\u0131nda proqnoz a\u00e7\u0131qlan\u0131b\"}]},{\"@type\":\"WebSite\",\"@id\":\"https:\\\/\\\/ictimai.az\\\/#website\",\"url\":\"https:\\\/\\\/ictimai.az\\\/\",\"name\":\"\u0130CT\u0130MA\u0130.AZ\",\"description\":\"\",\"publisher\":{\"@id\":\"https:\\\/\\\/ictimai.az\\\/#organization\"},\"potentialAction\":[{\"@type\":\"SearchAction\",\"target\":{\"@type\":\"EntryPoint\",\"urlTemplate\":\"https:\\\/\\\/ictimai.az\\\/?s={search_term_string}\"},\"query-input\":{\"@type\":\"PropertyValueSpecification\",\"valueRequired\":true,\"valueName\":\"search_term_string\"}}],\"inLanguage\":\"az\"},{\"@type\":\"Organization\",\"@id\":\"https:\\\/\\\/ictimai.az\\\/#organization\",\"name\":\"\u0130CT\u0130MA\u0130.AZ\",\"url\":\"https:\\\/\\\/ictimai.az\\\/\",\"logo\":{\"@type\":\"ImageObject\",\"inLanguage\":\"az\",\"@id\":\"https:\\\/\\\/ictimai.az\\\/#\\\/schema\\\/logo\\\/image\\\/\",\"url\":\"https:\\\/\\\/ictimai.az\\\/core\\\/uploads\\\/2026\\\/06\\\/cropped-ictimai_0380d81099c6fe3baae753faceb5481f_p41rg2mzq0uyvextfh3k-768x768-1-3.png\",\"contentUrl\":\"https:\\\/\\\/ictimai.az\\\/core\\\/uploads\\\/2026\\\/06\\\/cropped-ictimai_0380d81099c6fe3baae753faceb5481f_p41rg2mzq0uyvextfh3k-768x768-1-3.png\",\"width\":768,\"height\":768,\"caption\":\"\u0130CT\u0130MA\u0130.AZ\"},\"image\":{\"@id\":\"https:\\\/\\\/ictimai.az\\\/#\\\/schema\\\/logo\\\/image\\\/\"}},{\"@type\":\"Person\",\"@id\":\"https:\\\/\\\/ictimai.az\\\/#\\\/schema\\\/person\\\/9ac6f26569a9ae9806130a33903085b7\",\"name\":\"Rashad Bayramov\",\"image\":{\"@type\":\"ImageObject\",\"inLanguage\":\"az\",\"@id\":\"https:\\\/\\\/secure.gravatar.com\\\/avatar\\\/2c457cabf3c9d5b2c92c284169c1d34874f3316e1802b973e88e91d4a9df5ee8?s=96&d=mm&r=g\",\"url\":\"https:\\\/\\\/secure.gravatar.com\\\/avatar\\\/2c457cabf3c9d5b2c92c284169c1d34874f3316e1802b973e88e91d4a9df5ee8?s=96&d=mm&r=g\",\"contentUrl\":\"https:\\\/\\\/secure.gravatar.com\\\/avatar\\\/2c457cabf3c9d5b2c92c284169c1d34874f3316e1802b973e88e91d4a9df5ee8?s=96&d=mm&r=g\",\"caption\":\"Rashad Bayramov\"},\"sameAs\":[\"https:\\\/\\\/ictimai.az\\\/\"],\"url\":\"https:\\\/\\\/ictimai.az\\\/?author=3\"}]}<\/script>\n<!-- \/ Yoast SEO plugin. -->","yoast_head_json":{"title":"Sentyabr\u0131n 6-da g\u00f6zl\u0259nil\u0259n hava \u015f\u0259raiti haqq\u0131nda proqnoz a\u00e7\u0131qlan\u0131b - \u0130CT\u0130MA\u0130.AZ","robots":{"index":"index","follow":"follow","max-snippet":"max-snippet:-1","max-image-preview":"max-image-preview:large","max-video-preview":"max-video-preview:-1"},"canonical":"https:\/\/ictimai.az\/?p=74804","og_locale":"az_AZ","og_type":"article","og_title":"Sentyabr\u0131n 6-da g\u00f6zl\u0259nil\u0259n hava \u015f\u0259raiti haqq\u0131nda proqnoz a\u00e7\u0131qlan\u0131b - \u0130CT\u0130MA\u0130.AZ","og_description":"Az\u0259rbaycan \u0259razisind\u0259 sentyabr\u0131n 6-da g\u00f6zl\u0259nil\u0259n hava \u015f\u0259raiti haqq\u0131nda proqnoz a\u00e7\u0131qlan\u0131b. \u0130ctimai.az x\u0259b\u0259r verir ki, bu bar\u0259d\u0259 Milli Hidrometeorologiya Xidm\u0259ti m\u0259lumat yay\u0131b. Bildirilib ki, Bak\u0131da v\u0259 Ab\u015feron yar\u0131madas\u0131nda hava \u015f\u0259raitinin d\u0259yi\u015fk\u0259n buludlu olaca\u011f\u0131, arabir tutulaca\u011f\u0131 g\u00f6zl\u0259nilir. G\u00fcn\u00fcn birinci yar\u0131s\u0131nda b\u0259zi yerl\u0259rd\u0259 arabir ya\u011f\u0131\u015f ya\u011faca\u011f\u0131, \u015fim\u015f\u0259k \u00e7axaca\u011f\u0131 ehtimal olunur. \u015eimal-\u015f\u0259rq k\u00fcl\u0259yi g\u00fcnd\u00fcz c\u0259nub-\u015f\u0259rq k\u00fcl\u0259yi il\u0259 \u0259v\u0259z olunacaq. [&hellip;]","og_url":"https:\/\/ictimai.az\/?p=74804","og_site_name":"\u0130CT\u0130MA\u0130.AZ","article_published_time":"2025-09-05T10:09:46+00:00","og_image":[{"width":800,"height":600,"url":"https:\/\/ictimai.az\/core\/uploads\/2024\/12\/ictimai_c36ab2a442dd88a25802a967cce52aa0_1if94o0t3q5g2ms8pbnz.jpg","type":"image\/jpeg"}],"author":"Rashad Bayramov","twitter_card":"summary_large_image","twitter_misc":{"Written by":"Rashad Bayramov","Est. reading time":"1 minute"},"schema":{"@context":"https:\/\/schema.org","@graph":[{"@type":"Article","@id":"https:\/\/ictimai.az\/?p=74804#article","isPartOf":{"@id":"https:\/\/ictimai.az\/?p=74804"},"author":{"name":"Rashad Bayramov","@id":"https:\/\/ictimai.az\/#\/schema\/person\/9ac6f26569a9ae9806130a33903085b7"},"headline":"Sentyabr\u0131n 6-da g\u00f6zl\u0259nil\u0259n hava \u015f\u0259raiti haqq\u0131nda proqnoz a\u00e7\u0131qlan\u0131b","datePublished":"2025-09-05T10:09:46+00:00","mainEntityOfPage":{"@id":"https:\/\/ictimai.az\/?p=74804"},"wordCount":254,"publisher":{"@id":"https:\/\/ictimai.az\/#organization"},"image":{"@id":"https:\/\/ictimai.az\/?p=74804#primaryimage"},"thumbnailUrl":"https:\/\/ictimai.az\/core\/uploads\/2024\/12\/ictimai_c36ab2a442dd88a25802a967cce52aa0_1if94o0t3q5g2ms8pbnz.jpg","articleSection":["G\u00fcnd\u0259m"],"inLanguage":"az"},{"@type":"WebPage","@id":"https:\/\/ictimai.az\/?p=74804","url":"https:\/\/ictimai.az\/?p=74804","name":"Sentyabr\u0131n 6-da g\u00f6zl\u0259nil\u0259n hava \u015f\u0259raiti haqq\u0131nda proqnoz a\u00e7\u0131qlan\u0131b - \u0130CT\u0130MA\u0130.AZ","isPartOf":{"@id":"https:\/\/ictimai.az\/#website"},"primaryImageOfPage":{"@id":"https:\/\/ictimai.az\/?p=74804#primaryimage"},"image":{"@id":"https:\/\/ictimai.az\/?p=74804#primaryimage"},"thumbnailUrl":"https:\/\/ictimai.az\/core\/uploads\/2024\/12\/ictimai_c36ab2a442dd88a25802a967cce52aa0_1if94o0t3q5g2ms8pbnz.jpg","datePublished":"2025-09-05T10:09:46+00:00","breadcrumb":{"@id":"https:\/\/ictimai.az\/?p=74804#breadcrumb"},"inLanguage":"az","potentialAction":[{"@type":"ReadAction","target":["https:\/\/ictimai.az\/?p=74804"]}]},{"@type":"ImageObject","inLanguage":"az","@id":"https:\/\/ictimai.az\/?p=74804#primaryimage","url":"https:\/\/ictimai.az\/core\/uploads\/2024\/12\/ictimai_c36ab2a442dd88a25802a967cce52aa0_1if94o0t3q5g2ms8pbnz.jpg","contentUrl":"https:\/\/ictimai.az\/core\/uploads\/2024\/12\/ictimai_c36ab2a442dd88a25802a967cce52aa0_1if94o0t3q5g2ms8pbnz.jpg","width":800,"height":600},{"@type":"BreadcrumbList","@id":"https:\/\/ictimai.az\/?p=74804#breadcrumb","itemListElement":[{"@type":"ListItem","position":1,"name":"Home","item":"https:\/\/ictimai.az\/"},{"@type":"ListItem","position":2,"name":"Sentyabr\u0131n 6-da g\u00f6zl\u0259nil\u0259n hava \u015f\u0259raiti haqq\u0131nda proqnoz a\u00e7\u0131qlan\u0131b"}]},{"@type":"WebSite","@id":"https:\/\/ictimai.az\/#website","url":"https:\/\/ictimai.az\/","name":"\u0130CT\u0130MA\u0130.AZ","description":"","publisher":{"@id":"https:\/\/ictimai.az\/#organization"},"potentialAction":[{"@type":"SearchAction","target":{"@type":"EntryPoint","urlTemplate":"https:\/\/ictimai.az\/?s={search_term_string}"},"query-input":{"@type":"PropertyValueSpecification","valueRequired":true,"valueName":"search_term_string"}}],"inLanguage":"az"},{"@type":"Organization","@id":"https:\/\/ictimai.az\/#organization","name":"\u0130CT\u0130MA\u0130.AZ","url":"https:\/\/ictimai.az\/","logo":{"@type":"ImageObject","inLanguage":"az","@id":"https:\/\/ictimai.az\/#\/schema\/logo\/image\/","url":"https:\/\/ictimai.az\/core\/uploads\/2026\/06\/cropped-ictimai_0380d81099c6fe3baae753faceb5481f_p41rg2mzq0uyvextfh3k-768x768-1-3.png","contentUrl":"https:\/\/ictimai.az\/core\/uploads\/2026\/06\/cropped-ictimai_0380d81099c6fe3baae753faceb5481f_p41rg2mzq0uyvextfh3k-768x768-1-3.png","width":768,"height":768,"caption":"\u0130CT\u0130MA\u0130.AZ"},"image":{"@id":"https:\/\/ictimai.az\/#\/schema\/logo\/image\/"}},{"@type":"Person","@id":"https:\/\/ictimai.az\/#\/schema\/person\/9ac6f26569a9ae9806130a33903085b7","name":"Rashad Bayramov","image":{"@type":"ImageObject","inLanguage":"az","@id":"https:\/\/secure.gravatar.com\/avatar\/2c457cabf3c9d5b2c92c284169c1d34874f3316e1802b973e88e91d4a9df5ee8?s=96&d=mm&r=g","url":"https:\/\/secure.gravatar.com\/avatar\/2c457cabf3c9d5b2c92c284169c1d34874f3316e1802b973e88e91d4a9df5ee8?s=96&d=mm&r=g","contentUrl":"https:\/\/secure.gravatar.com\/avatar\/2c457cabf3c9d5b2c92c284169c1d34874f3316e1802b973e88e91d4a9df5ee8?s=96&d=mm&r=g","caption":"Rashad Bayramov"},"sameAs":["https:\/\/ictimai.az\/"],"url":"https:\/\/ictimai.az\/?author=3"}]}},"_links":{"self":[{"href":"https:\/\/ictimai.az\/index.php?rest_route=\/wp\/v2\/posts\/74804","targetHints":{"allow":["GET"]}}],"collection":[{"href":"https:\/\/ictimai.az\/index.php?rest_route=\/wp\/v2\/posts"}],"about":[{"href":"https:\/\/ictimai.az\/index.php?rest_route=\/wp\/v2\/types\/post"}],"author":[{"embeddable":true,"href":"https:\/\/ictimai.az\/index.php?rest_route=\/wp\/v2\/users\/3"}],"replies":[{"embeddable":true,"href":"https:\/\/ictimai.az\/index.php?rest_route=%2Fwp%2Fv2%2Fcomments&post=74804"}],"version-history":[{"count":0,"href":"https:\/\/ictimai.az\/index.php?rest_route=\/wp\/v2\/posts\/74804\/revisions"}],"wp:featuredmedia":[{"embeddable":true,"href":"https:\/\/ictimai.az\/index.php?rest_route=\/wp\/v2\/media\/62328"}],"wp:attachment":[{"href":"https:\/\/ictimai.az\/index.php?rest_route=%2Fwp%2Fv2%2Fmedia&parent=74804"}],"wp:term":[{"taxonomy":"category","embeddable":true,"href":"https:\/\/ictimai.az\/index.php?rest_route=%2Fwp%2Fv2%2Fcategories&post=74804"},{"taxonomy":"post_tag","embeddable":true,"href":"https:\/\/ictimai.az\/index.php?rest_route=%2Fwp%2Fv2%2Ftags&post=74804"}],"curies":[{"name":"wp","href":"https:\/\/api.w.org\/{rel}","templated":true}]}}